{"id":1550,"date":"2025-10-02T10:57:51","date_gmt":"2025-10-02T13:57:51","guid":{"rendered":"https:\/\/impactocastex.com.ar\/?p=1550"},"modified":"2025-10-02T10:57:52","modified_gmt":"2025-10-02T13:57:52","slug":"los-casos-de-cancer-de-colon-aumentan-en-adultos-jovenes-cual-es-el-impacto-de-la-dieta-y-los-alimentos-ultraprocesados","status":"publish","type":"post","link":"https:\/\/impactocastex.com.ar\/?p=1550","title":{"rendered":"Los casos de c\u00e1ncer de colon aumentan en adultos j\u00f3venes: cu\u00e1l es el impacto de la dieta y los alimentos ultraprocesados"},"content":{"rendered":"\n<p>Los diagn\u00f3sticos en menores de 50 a\u00f1os crecen en el mundo. Los especialistas advirtieron a Infobae que los h\u00e1bitos de estilo de vida actuales incrementan los factores de riesgo<\/p>\n\n\n\n<p>El\u00a0<strong>c\u00e1ncer de colon<\/strong>, tradicionalmente vinculado al envejecimiento en personas mayores, muestra un preocupante aumento entre\u00a0<strong>adultos j\u00f3venes<\/strong>\u00a0a nivel global.<\/p>\n\n\n\n<p>Investigaciones recientes, se\u00f1alan que la&nbsp;<strong>dieta occidental<\/strong>, caracterizada por un alto consumo de&nbsp;<strong>alimentos ultraprocesados<\/strong>, es uno de los&nbsp;<strong>principales factores&nbsp;<\/strong>detr\u00e1s del incremento en los diagn\u00f3sticos. Los expertos en oncolog\u00eda consulados por Infobae advirtieron que la magnitud del problema exige una revisi\u00f3n de los h\u00e1bitos alimentarios y de las pol\u00edticas de prevenci\u00f3n.<\/p>\n\n\n\n<p>La\u00a0evidencia cient\u00edfica\u00a0reciente muestra que el c\u00e1ncer colorrectal presenta una baja en mayores de 60 a\u00f1os, pero crece de forma sostenida entre menores de 50 en pa\u00edses desarrollados, en casos considerados de<strong>\u00a0inicio temprano<\/strong>.<\/p>\n\n\n\n<p>Un extenso estudio publicado en\u00a0<em>The Lancet Oncology<\/em>\u00a0que analiz\u00f3 datos de 1943 a 2017, mostr\u00f3 que los diagn\u00f3sticos de c\u00e1ncer colorrectal est\u00e1n creciendo\u00a0<strong>en adultos de 25 a 49 a\u00f1os<\/strong>\u00a0en diversas regiones del mundo, con\u00a0<strong>tasas de incidencia que alcanzan hasta 17 casos por cada 100.000 habitantes<\/strong>\u00a0en pa\u00edses como\u00a0<strong>Nueva Zelanda, Chile, Puerto Rico y Australia<\/strong>\u00a0entre 2013 y 2017.<\/p>\n\n\n\n<p>Infobae\u00a0detall\u00f3 que la tendencia impacta especialmente en\u00a0<strong>pa\u00edses desarrollados<\/strong>, donde las cifras crecen de forma m\u00e1s acelerada, pero tambi\u00e9n alcanza a<strong>\u00a0naciones en desarrollo<\/strong>, lo que revela que<strong>\u00a0las causas son multifactoriales y complejas.<\/strong><\/p>\n\n\n\n<h3 class=\"wp-block-heading\">Las razones detr\u00e1s del aumento del c\u00e1ncer de colon en adultos j\u00f3venes<\/h3>\n\n\n\n<p><img loading=\"lazy\" decoding=\"async\" alt=\"Datos globales muestran que la\" height=\"816\" src=\"https:\/\/www.infobae.com\/resizer\/v2\/RLWINANXYZA57KZWDKWDRSI56A.jpg?auth=2b0c6418a85ee56b907c0e2fcd5f00a5b1ebc9fae24c64cecd95507be5d6e3eb&amp;smart=true&amp;width=350&amp;height=196&amp;quality=85\" width=\"1456\">Datos globales muestran que la mayor\u00eda de los diagn\u00f3sticos en menores de 50 a\u00f1os ocurre en personas sin antecedentes familiares, lo que resalta la importancia de los factores ambientales y de estilo de vida (Imagen Ilustrativa Infobae)<\/p>\n\n\n\n<p>Ante la consulta de&nbsp;<strong>Infobae<\/strong>,&nbsp;<strong>Diego Kaen<\/strong>, ex presidente de la Asociaci\u00f3n Argentina de Oncolog\u00eda Cl\u00ednica (<strong>AAOC<\/strong>) y director de Investigaci\u00f3n del Centro Oncol\u00f3gico Riojano Integral (CORI), subray\u00f3:\u201cCada vez m\u00e1s adultos menores de 50 a\u00f1os son diagnosticados con c\u00e1ncer de colon.&nbsp;<strong>No hay una \u00fanica causa<\/strong>, pero s\u00ed hay&nbsp;<strong>varios factores que probablemente se combinan\u201d.<\/strong><\/p>\n\n\n\n<p>Entre ellos, el especialista nombr\u00f3 los cambios en los<strong>&nbsp;h\u00e1bitos alimentarios<\/strong>, \u201ccon dietas ricas en&nbsp;<strong>alimentos ultraprocesados, carnes rojas, pobres en fibra, pero tambi\u00e9n el sedentarismo, la obesidad, el consumo de alcohol<\/strong>. Tambi\u00e9n influye la&nbsp;<strong>microbiota&nbsp;<\/strong>intestinal alterada y la<strong>&nbsp;mayor prevalencia de enfermedades de inflamaciones cr\u00f3nicas del intestino\u00bb<\/strong>.<\/p>\n\n\n\n<p>Otro aspecto a tener en cuenta, seg\u00fan Kaen, es la falta de atenci\u00f3n a las se\u00f1ales tempranas de la enfermedad: \u201cEn muchos casos los s\u00edntomas en j\u00f3venes se&nbsp;<strong>minimizan&nbsp;<\/strong>y se atribuyen a otras causas, lo que&nbsp;<strong>retrasa el diagn\u00f3stico.<\/strong>&nbsp;Todo esto contribuye a que veamos<strong>&nbsp;m\u00e1s casos en edades tempranas<\/strong>. Es fundamental entender que hoy s\u00ed podemos encontrar c\u00e1nceres de colon en menores de 50 a\u00f1os\u201d, destac\u00f3.<\/p>\n\n\n\n<h3 class=\"wp-block-heading\">La dieta occidental y los ultraprocesados: entre los factores de riesgo principales<\/h3>\n\n\n\n<p><img loading=\"lazy\" decoding=\"async\" alt=\"El c\u00e1ncer colorrectal es la\" height=\"816\" src=\"https:\/\/www.infobae.com\/resizer\/v2\/FHAAVQW3DRCALMDING6QHONVOE.jpg?auth=f409993ea70f8c30c9fc28a98e0afbd70d650c53345fac6e28919816c3267abf&amp;smart=true&amp;width=350&amp;height=196&amp;quality=85\" width=\"1456\">El c\u00e1ncer colorrectal es la tercera neoplasia maligna m\u00e1s com\u00fanmente diagnosticada entre hombres y mujeres en los Estados Unidos y la segunda causa principal de muerte por c\u00e1ncer en todo el mundo (Imagen Ilustrativa Infobae)<\/p>\n\n\n\n<p>Los especialistas coinciden en que una de las&nbsp;<strong>principales razones detr\u00e1s del aumento del c\u00e1ncer de colon en adultos j\u00f3venes<\/strong>&nbsp;reside en el cambio global de los patrones alimentarios.<\/p>\n\n\n\n<p>La&nbsp;<strong>dieta occidental<\/strong>&nbsp;hoy se caracteriza por el&nbsp;<strong>predominio de alimentos ultraprocesados&nbsp;<\/strong>como snacks industriales, comidas congeladas, cereales azucarados, bebidas gaseosas o refrescos dulces, carnes procesadas y comida r\u00e1pida\u2014, se ha consolidado como elemento central en este fen\u00f3meno. Los ultraprocesados concentran aditivos, az\u00facares refinados, grasas saturadas y una ausencia notoria de fibra y fitoqu\u00edmicos, debilitando la fisiolog\u00eda protectora intestinal.<\/p>\n\n\n\n<p>Un extenso seguimiento, publicado en 2022 en el\u00a0<em>British Medical Journal<\/em>, demostr\u00f3 que quienes consumen m\u00e1s ultraprocesados presentan un\u00a0<strong>29% m\u00e1s de riesgo<\/strong>\u00a0de desarrollar c\u00e1ncer colorrectal, incluso despu\u00e9s de ajustar factores como peso y calidad nutricional.<\/p>\n\n\n\n<p>Seg\u00fan la profesora Devi Sridhar, experta en salud p\u00fablica de la<strong>&nbsp;Universidad de Edimburgo<\/strong>, el impacto de estos productos podr\u00eda ser comparable al que tuvo el tabaco en el siglo pasado. \u201c<strong>Estos alimentos, que alcanzan m\u00e1s de la mitad del consumo diario en algunos pa\u00edses<\/strong>, est\u00e1n actuando como un enemigo silencioso\u201d, alert\u00f3 Sridhar en una columna de opini\u00f3n publicada hoy en el diario&nbsp;<em>The Guardian<\/em>.<\/p>\n\n\n\n<p>En di\u00e1logo con\u00a0Infobae, el\u00a0<strong>gastroenter\u00f3logo Luis Caro<\/strong>, presidente de la Fundaci\u00f3n Gedyt, precis\u00f3 que esta combinaci\u00f3n de factores provenientes de la dieta y del entorno condiciona el escenario para que prosperen las c\u00e9lulas tumorales.<\/p>\n\n\n\n<p><strong>Caro<\/strong>, presidente para Latinoam\u00e9rica de cribado de c\u00e1ncer de colon en la&nbsp;<strong>Asociaci\u00f3n Mundial de Endoscop\u00eda (WEO)<\/strong>, detall\u00f3 que \u201cel&nbsp;<strong>aumento de la obesidad, producto de h\u00e1bitos de alimentaci\u00f3n poco saludables en ni\u00f1os y adolescentes, podr\u00eda ser un factor clave&nbsp;<\/strong>detr\u00e1s del incremento\u201d, explic\u00f3, aunque aclar\u00f3 que la ciencia sigue investigando las causas.<\/p>\n\n\n\n<h3 class=\"wp-block-heading\">Inflamaci\u00f3n, microbiota intestinal y exposici\u00f3n a antibi\u00f3ticos<\/h3>\n\n\n\n<p><img loading=\"lazy\" decoding=\"async\" alt=\" El c\u00e1ncer colorrectal es\" height=\"768\" src=\"https:\/\/www.infobae.com\/resizer\/v2\/RZGJ5BBHU5BGVL5C5MKGRB4A3E.png?auth=312ef9fa0ca0642e58260f0c1c5255e3387c96bec6d848ceac8cf10ed34d81e7&amp;smart=true&amp;width=350&amp;height=191&amp;quality=85\" width=\"1408\">El c\u00e1ncer colorrectal es el que se origina en el colon o el recto, que conforman el intestino grueso del organismo humano (Imagen Ilustrativa Infobae)<\/p>\n\n\n\n<p>El consumo habitual de ultraprocesados se vincula con&nbsp;<strong>inflamaci\u00f3n cr\u00f3nica<\/strong>&nbsp;e&nbsp;<strong>inmunidad alterada<\/strong>.&nbsp;<a rel=\"noreferrer noopener\" href=\"https:\/\/www.infobae.com\/salud\/2024\/12\/11\/los-alimentos-ultraprocesados-podrian-aumentar-el-riesgo-de-cancer-de-colon\/\" target=\"_blank\">Estudios&nbsp;<\/a>de la Universidad del Sur de Florida y el Instituto Oncol\u00f3gico de Tampa, en Estados Unidos, se\u00f1alaron que las personas con dietas pobres en productos frescos presentan niveles altos de compuestos proinflamatorios y baja presencia de sustancias antiinflamatorias.<\/p>\n\n\n\n<p>\u201cEl c\u00e1ncer es como una herida cr\u00f3nica que no se cura. Cuando la dieta deteriora la capacidad de cicatrizaci\u00f3n y favorece una inflamaci\u00f3n persistente, el sistema inmunol\u00f3gico se debilita frente al tumor\u201d, explic\u00f3 el doctor Timothy Yeatman, uno de los autores del estudio.<\/p>\n\n\n\n<p>Otro mecanismo bajo la lupa es el efecto que los emulsionantes, aditivos y edulcorantes \u2014presentes en la mayor\u00eda de los ultraprocesados\u2014 ejercen sobre la&nbsp;<strong>microbiota intestinal<\/strong>. Las evidencias en animales muestran que estos compuestos fomentan la inflamaci\u00f3n y el crecimiento tumoral.<img loading=\"lazy\" decoding=\"async\" alt=\"Nuevos datos muestran que la\" height=\"632\" src=\"https:\/\/www.infobae.com\/resizer\/v2\/F7NANUH2NRGJZMKQ4C2DGK6VKY.png?auth=cd3eaa5fbd9fbdb2f9efe549742f4fa8e41c3e6fba2e0e6fcb4c9f08eec5eee2&amp;smart=true&amp;width=350&amp;height=220&amp;quality=85\" width=\"1004\">Nuevos datos muestran que la incidencia de esta enfermedad crece en pa\u00edses desarrollados y en desarrollo, con factores como sedentarismo, obesidad y alimentaci\u00f3n deficiente como principales responsables (PUCP)<\/p>\n\n\n\n<p>Respecto a posibles or\u00edgenes, el especialista apunt\u00f3 tres hip\u00f3tesis: \u201cFalta un largo camino por recorrer en cuanto a investigaci\u00f3n, pero s\u00ed se pueden establecer una primera aproximaci\u00f3n. Primero, se est\u00e1 estudiando el<strong>&nbsp;uso prolongado de antibi\u00f3ticos en ni\u00f1os a edades tempranas, ya que altera la microbiota y la flora intestinal<\/strong>. Por otro lado, la obesidad en la preadolescencia y adolescencia, vinculada a hormonas como la insulina, podr\u00eda \u2018darle un permiso\u2019 al crecimiento de c\u00e9lulas tumorales. Y en la etapa adulta, el tercer factor es&nbsp;<strong>la comida ultraprocesada, con mucha az\u00facar, harinas refinadas y chacinados<\/strong>\u201d.<\/p>\n\n\n\n<p>El gastroenter\u00f3logo indic\u00f3 que un \u201ccombo peligroso\u201d de dieta rica en grasas, carnes rojas, tabaco y alcohol, sumado a la falta de actividad f\u00edsica, producen&nbsp;<strong>inflamaci\u00f3n cr\u00f3nica<\/strong>. Seg\u00fan Caro, \u201cla mala alimentaci\u00f3n, el exceso de ultraprocesados y az\u00facar, el sedentarismo, el tabaco, alcohol y la obesidad, que desde ya, son los factores predisponentes\u201d.<\/p>\n\n\n\n<h3 class=\"wp-block-heading\">C\u00f3mo prevenir el riesgo de c\u00e1ncer de colon<\/h3>\n\n\n\n<p>La&nbsp;<strong>prevenci\u00f3n<\/strong>&nbsp;y la&nbsp;<strong>detecci\u00f3n temprana<\/strong>&nbsp;son fundamentales para cambiar el pron\u00f3stico. Las herramientas disponibles \u2014<strong>colonoscop\u00eda, colograf\u00eda por tomograf\u00eda y tests de sangre oculta en heces<\/strong>\u2014 pueden identificar la enfermedad en sus primeras fases, pero menos del 30% de la poblaci\u00f3n objetivo realiza los estudios preventivos.<img loading=\"lazy\" decoding=\"async\" alt=\"Especialistas recomiendan reducir ultraprocesados, priorizar\" height=\"540\" src=\"https:\/\/www.infobae.com\/resizer\/v2\/MHO5QIUPMCSAIHEXNCZP6XPVN4.jpg?auth=34fa3f2fe231a16feaa08a669eca665cf766cba40311e06d95ac9f059f57f7b1&amp;smart=true&amp;width=350&amp;height=236&amp;quality=85\" width=\"800\">Especialistas recomiendan reducir ultraprocesados, priorizar alimentos frescos y consultar ante s\u00edntomas digestivos persistentes para prevenir el c\u00e1ncer de colon (REUTERS\/Jean-Paul Pelissier)<\/p>\n\n\n\n<p>El doctor<strong>&nbsp;Kaen&nbsp;<\/strong>puntualiz\u00f3 a&nbsp;<strong>Infobae&nbsp;<\/strong>una serie de recomendaciones pr\u00e1cticas para disminuir los riesgos: \u201cEn primer lugar, mantener un&nbsp;<strong>estilo de vida saludable, hacer ejercicio regularmente<\/strong>, mantener un&nbsp;<strong>peso adecuado, evitar el consumo de alcohol y tabaco<\/strong>. Priorizar las&nbsp;<strong>dietas ricas en frutas, verduras, legumbres, fibras\u201d.<\/strong><\/p>\n\n\n\n<p>\u201cEn segundo lugar,<strong>&nbsp;prestar atenci\u00f3n a los s\u00edntomas digestivos persistentes<\/strong>, como sangrado de materia fecal, cambio en el ritmo evacuatorio, dolor abdominal, y consultar al m\u00e9dico. Si existe un&nbsp;<strong>antecedente familiar de c\u00e1ncer de colon rectal o de p\u00f3lipos, comenzar los estudios preventivos antes de los 50 a\u00f1os<\/strong>, incluso de los 40 dependiendo del caso. La clave es que la prevenci\u00f3n y la detecci\u00f3n temprana salva vidas\u201d, subray\u00f3 Kaen.<\/p>\n\n\n\n<p>En tanto,<strong>&nbsp;Horacio Rubio<\/strong>, gastroenter\u00f3logo y expresidente de la Sociedad Interamericana de Endoscop\u00eda, indic\u00f3 a&nbsp;<strong>Infobae&nbsp;<\/strong>que \u201cactualmente existe un mayor consenso en que la edad de 50 a\u00f1os, utilizada hist\u00f3ricamente para iniciar la pesquisa del c\u00e1ncer de colon, resulta algo arbitraria. La tendencia m\u00e1s razonable es comenzar los controles a los 45 a\u00f1os, especialmente por el aumento de casos en adultos j\u00f3venes.&nbsp;<strong>Cuando logremos que m\u00e1s personas accedan a estudios preventivos y se detecten precozmente p\u00f3lipos o lesiones, la incidencia futura de c\u00e1ncer disminuye significativamente<\/strong>\u201d.<\/p>\n\n\n\n<p><img loading=\"lazy\" decoding=\"async\" alt=\"Fundaci\u00f3n Gedyt\" height=\"1920\" src=\"https:\/\/www.infobae.com\/resizer\/v2\/RVV3UIQZURFXHG63NMLAE54N5M.jpg?auth=efbea02425e82b43cba321d09d4376224adb21c48f58172ae5640f58205435e5&amp;smart=true&amp;width=350&amp;height=350&amp;quality=85\" width=\"1920\">Fundaci\u00f3n Gedyt<\/p>\n\n\n\n<p>El especialista destac\u00f3 la importancia de identificar factores de riesgo espec\u00edficos\u2014como antecedentes familiares, p\u00f3lipos previos o enfermedades inflamatorias intestinales\u2014 y adaptar los planes de prevenci\u00f3n a personas menores de 50 a\u00f1os, que pueden requerir esquemas de pesquisa diferenciados respecto del resto de la poblaci\u00f3n.<\/p>\n\n\n\n<p>Rubio tambi\u00e9n subray\u00f3 el valor de los h\u00e1bitos saludables: \u201cAunque no existe un \u00fanico factor aislado, una vida sana, con mayor consumo de productos naturales y vegetales, y menor ingesta de ultraprocesados, az\u00facares y carnes procesadas, reduce el riesgo de desarrollar neoplasias\u201d. El especialista record\u00f3 que el c\u00e1ncer de colon, como segunda neoplasia m\u00e1s frecuente en numerosos pa\u00edses, puede prevenirse eficazmente y que implementar estrategias de control tiene un impacto significativo en el riesgo total de enfermedad oncol\u00f3gica.<\/p>\n\n\n\n<h3 class=\"wp-block-heading\">El estudio global publicado en The Lancet Oncology<\/h3>\n\n\n\n<p>Una de las investigaciones m\u00e1s extensas sobre c\u00e1ncer colorrectal publicadas en<em>&nbsp;The Lancet Oncology&nbsp;<\/em>analiz\u00f3<strong>&nbsp;datos de 50 pa\u00edses entre 1943 y 2017,<\/strong>&nbsp;y mostr\u00f3 que la incidencia de la enfermedad oncol\u00f3gica en j\u00f3venes est\u00e1n en aumento en 27 de las 50 naciones analizadas.<\/p>\n\n\n\n<p>Los incrementos m\u00e1s notables se observaron en Australia (16,5 cada 100.000 personas), Puerto Rico (15,2), Nueva Zelanda (14,8),&nbsp;<strong>Estados Unidos<\/strong>&nbsp;(14,8) y Corea del Sur (14,3) para el per\u00edodo 2013-2017.&nbsp;<strong>Argentina report\u00f3 una tasa media pero en crecimiento (11,6 cada 100.000 personas).<\/strong><\/p>\n\n\n\n<p>El c\u00e1ncer colorrectal es el tercer c\u00e1ncer m\u00e1s diagnosticado globalmente, con&nbsp;<strong>m\u00e1s de 1,9 millones de casos nuevos reportados en 2022<\/strong>. A diferencia de los adultos mayores \u2014donde la incidencia se ha estabilizado o incluso disminuido en algunos pa\u00edses\u2014, los adultos j\u00f3venes muestran crecimientos anuales de hasta un 4% en la tasa de diagn\u00f3sticos.<\/p>\n\n\n\n<p>Los datos indican que el crecimiento de casos no se explica fundamentalmente por la gen\u00e9tica.&nbsp;<strong>El 75% de los diagn\u00f3sticos en j\u00f3venes no tiene antecedentes familiares ni predisposici\u00f3n hereditaria<\/strong>.<\/p>\n\n\n\n<p>Un dato de relevancia: el riesgo por ultraprocesados&nbsp;<strong>se detecta incluso en personas de peso normal y con vida activa<\/strong>, lo que muestra la necesidad de revisar la composici\u00f3n y calidad de los alimentos industrializados independientemente del peso corporal.<\/p>\n","protected":false},"excerpt":{"rendered":"<p>Los diagn\u00f3sticos en menores de 50 a\u00f1os crecen en el mundo. Los especialistas advirtieron a&#8230;<\/p>\n","protected":false},"author":2,"featured_media":1551,"comment_status":"closed","ping_status":"closed","sticky":false,"template":"","format":"standard","meta":{"_jetpack_memberships_contains_paid_content":false,"footnotes":"","jetpack_publicize_message":"","jetpack_publicize_feature_enabled":true,"jetpack_social_post_already_shared":true,"jetpack_social_options":{"image_generator_settings":{"template":"highway","default_image_id":0,"font":"","enabled":false},"version":2}},"categories":[120],"tags":[],"class_list":["post-1550","post","type-post","status-publish","format-standard","has-post-thumbnail","hentry","category-salud"],"yoast_head":"<!-- This site is optimized with the Yoast SEO plugin v27.4 - https:\/\/yoast.com\/product\/yoast-seo-wordpress\/ -->\n<title>Los casos de c\u00e1ncer de colon aumentan en adultos j\u00f3venes: cu\u00e1l es el impacto de la dieta y los alimentos ultraprocesados -<\/title>\n<meta name=\"robots\" content=\"index, follow, max-snippet:-1, max-image-preview:large, max-video-preview:-1\" \/>\n<link rel=\"canonical\" href=\"https:\/\/impactocastex.com.ar\/?p=1550\" \/>\n<meta property=\"og:locale\" content=\"es_ES\" \/>\n<meta property=\"og:type\" content=\"article\" \/>\n<meta property=\"og:title\" content=\"Los casos de c\u00e1ncer de colon aumentan en adultos j\u00f3venes: cu\u00e1l es el impacto de la dieta y los alimentos ultraprocesados -\" \/>\n<meta property=\"og:description\" content=\"Los diagn\u00f3sticos en menores de 50 a\u00f1os crecen en el mundo. Los especialistas advirtieron a...\" \/>\n<meta property=\"og:url\" content=\"https:\/\/impactocastex.com.ar\/?p=1550\" \/>\n<meta property=\"article:publisher\" content=\"https:\/\/www.facebook.com\/impactocastexdiario\" \/>\n<meta property=\"article:published_time\" content=\"2025-10-02T13:57:51+00:00\" \/>\n<meta property=\"article:modified_time\" content=\"2025-10-02T13:57:52+00:00\" \/>\n<meta property=\"og:image\" content=\"https:\/\/impactocastex.com.ar\/wp-content\/uploads\/2025\/10\/Captura-de-pantalla-2025-10-02-105729.png\" \/>\n\t<meta property=\"og:image:width\" content=\"719\" \/>\n\t<meta property=\"og:image:height\" content=\"413\" \/>\n\t<meta property=\"og:image:type\" content=\"image\/png\" \/>\n<meta name=\"author\" content=\"impactocastex\" \/>\n<meta name=\"twitter:card\" content=\"summary_large_image\" \/>\n<meta name=\"twitter:label1\" content=\"Escrito por\" \/>\n\t<meta name=\"twitter:data1\" content=\"impactocastex\" \/>\n\t<meta name=\"twitter:label2\" content=\"Tiempo de lectura\" \/>\n\t<meta name=\"twitter:data2\" content=\"10 minutos\" \/>\n<script type=\"application\/ld+json\" class=\"yoast-schema-graph\">{\"@context\":\"https:\\\/\\\/schema.org\",\"@graph\":[{\"@type\":\"Article\",\"@id\":\"https:\\\/\\\/impactocastex.com.ar\\\/?p=1550#article\",\"isPartOf\":{\"@id\":\"https:\\\/\\\/impactocastex.com.ar\\\/?p=1550\"},\"author\":{\"name\":\"impactocastex\",\"@id\":\"https:\\\/\\\/impactocastex.com.ar\\\/#\\\/schema\\\/person\\\/c115028fb60f9bf49ce7550894b84ea7\"},\"headline\":\"Los casos de c\u00e1ncer de colon aumentan en adultos j\u00f3venes: cu\u00e1l es el impacto de la dieta y los alimentos ultraprocesados\",\"datePublished\":\"2025-10-02T13:57:51+00:00\",\"dateModified\":\"2025-10-02T13:57:52+00:00\",\"mainEntityOfPage\":{\"@id\":\"https:\\\/\\\/impactocastex.com.ar\\\/?p=1550\"},\"wordCount\":1981,\"publisher\":{\"@id\":\"https:\\\/\\\/impactocastex.com.ar\\\/#organization\"},\"image\":{\"@id\":\"https:\\\/\\\/impactocastex.com.ar\\\/?p=1550#primaryimage\"},\"thumbnailUrl\":\"https:\\\/\\\/impactocastex.com.ar\\\/wp-content\\\/uploads\\\/2025\\\/10\\\/Captura-de-pantalla-2025-10-02-105729.png\",\"articleSection\":[\"SALUD\"],\"inLanguage\":\"es\"},{\"@type\":\"WebPage\",\"@id\":\"https:\\\/\\\/impactocastex.com.ar\\\/?p=1550\",\"url\":\"https:\\\/\\\/impactocastex.com.ar\\\/?p=1550\",\"name\":\"Los casos de c\u00e1ncer de colon aumentan en adultos j\u00f3venes: cu\u00e1l es el impacto de la dieta y los alimentos ultraprocesados -\",\"isPartOf\":{\"@id\":\"https:\\\/\\\/impactocastex.com.ar\\\/#website\"},\"primaryImageOfPage\":{\"@id\":\"https:\\\/\\\/impactocastex.com.ar\\\/?p=1550#primaryimage\"},\"image\":{\"@id\":\"https:\\\/\\\/impactocastex.com.ar\\\/?p=1550#primaryimage\"},\"thumbnailUrl\":\"https:\\\/\\\/impactocastex.com.ar\\\/wp-content\\\/uploads\\\/2025\\\/10\\\/Captura-de-pantalla-2025-10-02-105729.png\",\"datePublished\":\"2025-10-02T13:57:51+00:00\",\"dateModified\":\"2025-10-02T13:57:52+00:00\",\"breadcrumb\":{\"@id\":\"https:\\\/\\\/impactocastex.com.ar\\\/?p=1550#breadcrumb\"},\"inLanguage\":\"es\",\"potentialAction\":[{\"@type\":\"ReadAction\",\"target\":[\"https:\\\/\\\/impactocastex.com.ar\\\/?p=1550\"]}]},{\"@type\":\"ImageObject\",\"inLanguage\":\"es\",\"@id\":\"https:\\\/\\\/impactocastex.com.ar\\\/?p=1550#primaryimage\",\"url\":\"https:\\\/\\\/impactocastex.com.ar\\\/wp-content\\\/uploads\\\/2025\\\/10\\\/Captura-de-pantalla-2025-10-02-105729.png\",\"contentUrl\":\"https:\\\/\\\/impactocastex.com.ar\\\/wp-content\\\/uploads\\\/2025\\\/10\\\/Captura-de-pantalla-2025-10-02-105729.png\",\"width\":719,\"height\":413},{\"@type\":\"BreadcrumbList\",\"@id\":\"https:\\\/\\\/impactocastex.com.ar\\\/?p=1550#breadcrumb\",\"itemListElement\":[{\"@type\":\"ListItem\",\"position\":1,\"name\":\"Portada\",\"item\":\"https:\\\/\\\/impactocastex.com.ar\\\/\"},{\"@type\":\"ListItem\",\"position\":2,\"name\":\"Los casos de c\u00e1ncer de colon aumentan en adultos j\u00f3venes: cu\u00e1l es el impacto de la dieta y los alimentos ultraprocesados\"}]},{\"@type\":\"WebSite\",\"@id\":\"https:\\\/\\\/impactocastex.com.ar\\\/#website\",\"url\":\"https:\\\/\\\/impactocastex.com.ar\\\/\",\"name\":\"Impacto Castex\",\"description\":\"\",\"publisher\":{\"@id\":\"https:\\\/\\\/impactocastex.com.ar\\\/#organization\"},\"potentialAction\":[{\"@type\":\"SearchAction\",\"target\":{\"@type\":\"EntryPoint\",\"urlTemplate\":\"https:\\\/\\\/impactocastex.com.ar\\\/?s={search_term_string}\"},\"query-input\":{\"@type\":\"PropertyValueSpecification\",\"valueRequired\":true,\"valueName\":\"search_term_string\"}}],\"inLanguage\":\"es\"},{\"@type\":\"Organization\",\"@id\":\"https:\\\/\\\/impactocastex.com.ar\\\/#organization\",\"name\":\"Impacto Castex\",\"url\":\"https:\\\/\\\/impactocastex.com.ar\\\/\",\"logo\":{\"@type\":\"ImageObject\",\"inLanguage\":\"es\",\"@id\":\"https:\\\/\\\/impactocastex.com.ar\\\/#\\\/schema\\\/logo\\\/image\\\/\",\"url\":\"https:\\\/\\\/impactocastex.com.ar\\\/wp-content\\\/uploads\\\/2025\\\/09\\\/cropped-icoweb.png\",\"contentUrl\":\"https:\\\/\\\/impactocastex.com.ar\\\/wp-content\\\/uploads\\\/2025\\\/09\\\/cropped-icoweb.png\",\"width\":512,\"height\":512,\"caption\":\"Impacto Castex\"},\"image\":{\"@id\":\"https:\\\/\\\/impactocastex.com.ar\\\/#\\\/schema\\\/logo\\\/image\\\/\"},\"sameAs\":[\"https:\\\/\\\/www.facebook.com\\\/impactocastexdiario\",\"https:\\\/\\\/www.instagram.com\\\/impactocastex.com.ar\\\/\"]},{\"@type\":\"Person\",\"@id\":\"https:\\\/\\\/impactocastex.com.ar\\\/#\\\/schema\\\/person\\\/c115028fb60f9bf49ce7550894b84ea7\",\"name\":\"impactocastex\",\"image\":{\"@type\":\"ImageObject\",\"inLanguage\":\"es\",\"@id\":\"https:\\\/\\\/secure.gravatar.com\\\/avatar\\\/fee87e7af008f02e9becdc0b5a9fd4a2e79b3918a571edeacb62211704637833?s=96&d=mm&r=g\",\"url\":\"https:\\\/\\\/secure.gravatar.com\\\/avatar\\\/fee87e7af008f02e9becdc0b5a9fd4a2e79b3918a571edeacb62211704637833?s=96&d=mm&r=g\",\"contentUrl\":\"https:\\\/\\\/secure.gravatar.com\\\/avatar\\\/fee87e7af008f02e9becdc0b5a9fd4a2e79b3918a571edeacb62211704637833?s=96&d=mm&r=g\",\"caption\":\"impactocastex\"},\"sameAs\":[\"https:\\\/\\\/impactocastex.com.ar\\\/\"],\"url\":\"https:\\\/\\\/impactocastex.com.ar\\\/?author=2\"}]}<\/script>\n<!-- \/ Yoast SEO plugin. -->","yoast_head_json":{"title":"Los casos de c\u00e1ncer de colon aumentan en adultos j\u00f3venes: cu\u00e1l es el impacto de la dieta y los alimentos ultraprocesados -","robots":{"index":"index","follow":"follow","max-snippet":"max-snippet:-1","max-image-preview":"max-image-preview:large","max-video-preview":"max-video-preview:-1"},"canonical":"https:\/\/impactocastex.com.ar\/?p=1550","og_locale":"es_ES","og_type":"article","og_title":"Los casos de c\u00e1ncer de colon aumentan en adultos j\u00f3venes: cu\u00e1l es el impacto de la dieta y los alimentos ultraprocesados -","og_description":"Los diagn\u00f3sticos en menores de 50 a\u00f1os crecen en el mundo. Los especialistas advirtieron a...","og_url":"https:\/\/impactocastex.com.ar\/?p=1550","article_publisher":"https:\/\/www.facebook.com\/impactocastexdiario","article_published_time":"2025-10-02T13:57:51+00:00","article_modified_time":"2025-10-02T13:57:52+00:00","og_image":[{"width":719,"height":413,"url":"https:\/\/impactocastex.com.ar\/wp-content\/uploads\/2025\/10\/Captura-de-pantalla-2025-10-02-105729.png","type":"image\/png"}],"author":"impactocastex","twitter_card":"summary_large_image","twitter_misc":{"Escrito por":"impactocastex","Tiempo de lectura":"10 minutos"},"schema":{"@context":"https:\/\/schema.org","@graph":[{"@type":"Article","@id":"https:\/\/impactocastex.com.ar\/?p=1550#article","isPartOf":{"@id":"https:\/\/impactocastex.com.ar\/?p=1550"},"author":{"name":"impactocastex","@id":"https:\/\/impactocastex.com.ar\/#\/schema\/person\/c115028fb60f9bf49ce7550894b84ea7"},"headline":"Los casos de c\u00e1ncer de colon aumentan en adultos j\u00f3venes: cu\u00e1l es el impacto de la dieta y los alimentos ultraprocesados","datePublished":"2025-10-02T13:57:51+00:00","dateModified":"2025-10-02T13:57:52+00:00","mainEntityOfPage":{"@id":"https:\/\/impactocastex.com.ar\/?p=1550"},"wordCount":1981,"publisher":{"@id":"https:\/\/impactocastex.com.ar\/#organization"},"image":{"@id":"https:\/\/impactocastex.com.ar\/?p=1550#primaryimage"},"thumbnailUrl":"https:\/\/impactocastex.com.ar\/wp-content\/uploads\/2025\/10\/Captura-de-pantalla-2025-10-02-105729.png","articleSection":["SALUD"],"inLanguage":"es"},{"@type":"WebPage","@id":"https:\/\/impactocastex.com.ar\/?p=1550","url":"https:\/\/impactocastex.com.ar\/?p=1550","name":"Los casos de c\u00e1ncer de colon aumentan en adultos j\u00f3venes: cu\u00e1l es el impacto de la dieta y los alimentos ultraprocesados -","isPartOf":{"@id":"https:\/\/impactocastex.com.ar\/#website"},"primaryImageOfPage":{"@id":"https:\/\/impactocastex.com.ar\/?p=1550#primaryimage"},"image":{"@id":"https:\/\/impactocastex.com.ar\/?p=1550#primaryimage"},"thumbnailUrl":"https:\/\/impactocastex.com.ar\/wp-content\/uploads\/2025\/10\/Captura-de-pantalla-2025-10-02-105729.png","datePublished":"2025-10-02T13:57:51+00:00","dateModified":"2025-10-02T13:57:52+00:00","breadcrumb":{"@id":"https:\/\/impactocastex.com.ar\/?p=1550#breadcrumb"},"inLanguage":"es","potentialAction":[{"@type":"ReadAction","target":["https:\/\/impactocastex.com.ar\/?p=1550"]}]},{"@type":"ImageObject","inLanguage":"es","@id":"https:\/\/impactocastex.com.ar\/?p=1550#primaryimage","url":"https:\/\/impactocastex.com.ar\/wp-content\/uploads\/2025\/10\/Captura-de-pantalla-2025-10-02-105729.png","contentUrl":"https:\/\/impactocastex.com.ar\/wp-content\/uploads\/2025\/10\/Captura-de-pantalla-2025-10-02-105729.png","width":719,"height":413},{"@type":"BreadcrumbList","@id":"https:\/\/impactocastex.com.ar\/?p=1550#breadcrumb","itemListElement":[{"@type":"ListItem","position":1,"name":"Portada","item":"https:\/\/impactocastex.com.ar\/"},{"@type":"ListItem","position":2,"name":"Los casos de c\u00e1ncer de colon aumentan en adultos j\u00f3venes: cu\u00e1l es el impacto de la dieta y los alimentos ultraprocesados"}]},{"@type":"WebSite","@id":"https:\/\/impactocastex.com.ar\/#website","url":"https:\/\/impactocastex.com.ar\/","name":"Impacto Castex","description":"","publisher":{"@id":"https:\/\/impactocastex.com.ar\/#organization"},"potentialAction":[{"@type":"SearchAction","target":{"@type":"EntryPoint","urlTemplate":"https:\/\/impactocastex.com.ar\/?s={search_term_string}"},"query-input":{"@type":"PropertyValueSpecification","valueRequired":true,"valueName":"search_term_string"}}],"inLanguage":"es"},{"@type":"Organization","@id":"https:\/\/impactocastex.com.ar\/#organization","name":"Impacto Castex","url":"https:\/\/impactocastex.com.ar\/","logo":{"@type":"ImageObject","inLanguage":"es","@id":"https:\/\/impactocastex.com.ar\/#\/schema\/logo\/image\/","url":"https:\/\/impactocastex.com.ar\/wp-content\/uploads\/2025\/09\/cropped-icoweb.png","contentUrl":"https:\/\/impactocastex.com.ar\/wp-content\/uploads\/2025\/09\/cropped-icoweb.png","width":512,"height":512,"caption":"Impacto Castex"},"image":{"@id":"https:\/\/impactocastex.com.ar\/#\/schema\/logo\/image\/"},"sameAs":["https:\/\/www.facebook.com\/impactocastexdiario","https:\/\/www.instagram.com\/impactocastex.com.ar\/"]},{"@type":"Person","@id":"https:\/\/impactocastex.com.ar\/#\/schema\/person\/c115028fb60f9bf49ce7550894b84ea7","name":"impactocastex","image":{"@type":"ImageObject","inLanguage":"es","@id":"https:\/\/secure.gravatar.com\/avatar\/fee87e7af008f02e9becdc0b5a9fd4a2e79b3918a571edeacb62211704637833?s=96&d=mm&r=g","url":"https:\/\/secure.gravatar.com\/avatar\/fee87e7af008f02e9becdc0b5a9fd4a2e79b3918a571edeacb62211704637833?s=96&d=mm&r=g","contentUrl":"https:\/\/secure.gravatar.com\/avatar\/fee87e7af008f02e9becdc0b5a9fd4a2e79b3918a571edeacb62211704637833?s=96&d=mm&r=g","caption":"impactocastex"},"sameAs":["https:\/\/impactocastex.com.ar\/"],"url":"https:\/\/impactocastex.com.ar\/?author=2"}]}},"jetpack_publicize_connections":[],"featured_image_urls":{"full":["https:\/\/impactocastex.com.ar\/wp-content\/uploads\/2025\/10\/Captura-de-pantalla-2025-10-02-105729.png",719,413,false],"thumbnail":["https:\/\/impactocastex.com.ar\/wp-content\/uploads\/2025\/10\/Captura-de-pantalla-2025-10-02-105729-150x150.png",150,150,true],"medium":["https:\/\/impactocastex.com.ar\/wp-content\/uploads\/2025\/10\/Captura-de-pantalla-2025-10-02-105729-300x172.png",300,172,true],"medium_large":["https:\/\/impactocastex.com.ar\/wp-content\/uploads\/2025\/10\/Captura-de-pantalla-2025-10-02-105729.png",640,368,false],"large":["https:\/\/impactocastex.com.ar\/wp-content\/uploads\/2025\/10\/Captura-de-pantalla-2025-10-02-105729.png",640,368,false],"1536x1536":["https:\/\/impactocastex.com.ar\/wp-content\/uploads\/2025\/10\/Captura-de-pantalla-2025-10-02-105729.png",719,413,false],"2048x2048":["https:\/\/impactocastex.com.ar\/wp-content\/uploads\/2025\/10\/Captura-de-pantalla-2025-10-02-105729.png",719,413,false],"newsever-slider-full":["https:\/\/impactocastex.com.ar\/wp-content\/uploads\/2025\/10\/Captura-de-pantalla-2025-10-02-105729.png",719,413,false],"newsever-featured":["https:\/\/impactocastex.com.ar\/wp-content\/uploads\/2025\/10\/Captura-de-pantalla-2025-10-02-105729.png",719,413,false],"newsever-medium":["https:\/\/impactocastex.com.ar\/wp-content\/uploads\/2025\/10\/Captura-de-pantalla-2025-10-02-105729.png",719,413,false]},"author_info":{"info":["impactocastex"]},"category_info":"<a href=\"https:\/\/impactocastex.com.ar\/?cat=120\" rel=\"category\">SALUD<\/a>","tag_info":"SALUD","comment_count":0,"jetpack_featured_media_url":"https:\/\/impactocastex.com.ar\/wp-content\/uploads\/2025\/10\/Captura-de-pantalla-2025-10-02-105729.png","jetpack_sharing_enabled":true,"jetpack_likes_enabled":true,"jetpack_shortlink":"https:\/\/wp.me\/p7sopA-p0","_links":{"self":[{"href":"https:\/\/impactocastex.com.ar\/index.php?rest_route=\/wp\/v2\/posts\/1550","targetHints":{"allow":["GET"]}}],"collection":[{"href":"https:\/\/impactocastex.com.ar\/index.php?rest_route=\/wp\/v2\/posts"}],"about":[{"href":"https:\/\/impactocastex.com.ar\/index.php?rest_route=\/wp\/v2\/types\/post"}],"author":[{"embeddable":true,"href":"https:\/\/impactocastex.com.ar\/index.php?rest_route=\/wp\/v2\/users\/2"}],"replies":[{"embeddable":true,"href":"https:\/\/impactocastex.com.ar\/index.php?rest_route=%2Fwp%2Fv2%2Fcomments&post=1550"}],"version-history":[{"count":1,"href":"https:\/\/impactocastex.com.ar\/index.php?rest_route=\/wp\/v2\/posts\/1550\/revisions"}],"predecessor-version":[{"id":1552,"href":"https:\/\/impactocastex.com.ar\/index.php?rest_route=\/wp\/v2\/posts\/1550\/revisions\/1552"}],"wp:featuredmedia":[{"embeddable":true,"href":"https:\/\/impactocastex.com.ar\/index.php?rest_route=\/wp\/v2\/media\/1551"}],"wp:attachment":[{"href":"https:\/\/impactocastex.com.ar\/index.php?rest_route=%2Fwp%2Fv2%2Fmedia&parent=1550"}],"wp:term":[{"taxonomy":"category","embeddable":true,"href":"https:\/\/impactocastex.com.ar\/index.php?rest_route=%2Fwp%2Fv2%2Fcategories&post=1550"},{"taxonomy":"post_tag","embeddable":true,"href":"https:\/\/impactocastex.com.ar\/index.php?rest_route=%2Fwp%2Fv2%2Ftags&post=1550"}],"curies":[{"name":"wp","href":"https:\/\/api.w.org\/{rel}","templated":true}]}}