{"id":1541,"date":"2025-10-02T10:15:22","date_gmt":"2025-10-02T13:15:22","guid":{"rendered":"https:\/\/impactocastex.com.ar\/?p=1541"},"modified":"2025-10-02T10:15:24","modified_gmt":"2025-10-02T13:15:24","slug":"un-abuelo-admitio-que-abuso-de-su-nieta-y-su-esposa-lo-corrio-con-un-cuchillo-8-anos-de-carcel","status":"publish","type":"post","link":"https:\/\/impactocastex.com.ar\/?p=1541","title":{"rendered":"Un abuelo admiti\u00f3 que abus\u00f3 de su nieta y su esposa lo corri\u00f3 con un cuchillo: 8 a\u00f1os de c\u00e1rcel"},"content":{"rendered":"\n<p>Un hombre de 72 a\u00f1os admiti\u00f3 que abus\u00f3 sexualmente de una nieta y fue condenado hoy a ocho a\u00f1os de prisi\u00f3n. El juez de audiencia, Daniel S\u00e1ez Zamora, al homologar el acuerdo de juicio abreviado, dispuso que el imputado contin\u00fae bajo arresto domiciliario con vigilancia electr\u00f3nica, y orden\u00f3 su detenci\u00f3n inmediata una vez que el fallo quede firme.<\/p>\n\n\n\n<p>Los hechos probados ocurrieron en la casa del victimario, cuando la ni\u00f1a de ocho a\u00f1os se encontraba en el living. All\u00ed el imputado agredi\u00f3 sexualmente a ella y, cuando su esposa lo advirti\u00f3, \u201ccomenz\u00f3 a insultarlo y tom\u00f3 un cuchillo, corri\u00e9ndolo hasta que se encerr\u00f3 en la pieza\u201d, seg\u00fan la descripci\u00f3n que consta en la sentencia. Despu\u00e9s lleg\u00f3 la polic\u00eda, ya que la nieta hab\u00eda salido corriendo a avisarle a su mam\u00e1 sobre lo que hab\u00eda pasado.<\/p>\n\n\n\n<p>El acuerdo abreviado fue convenido entre la fiscala Ver\u00f3nica Ferrero, la defensora oficial Mar\u00eda Silvina Blanco G\u00f3mez y el propio abuelo, quien acept\u00f3 su culpabilidad. La condena a ocho a\u00f1os de prisi\u00f3n fue como autor del delito de abuso sexual de una menor de 13 a\u00f1os con acceso carnal v\u00eda vaginal, agravado por haber sido cometido por ascendiente (abuelo). Ello se valor\u00f3 en el marco de las leyes 26.485 y 26.061 de Protecci\u00f3n Integral contra las Mujeres y a de Protecci\u00f3n Integral de los Derechos de Ni\u00f1as, Ni\u00f1os y Adolescentes, respectivamente.<\/p>\n\n\n\n<p>Como el acusado ten\u00eda dictada una prisi\u00f3n preventiva, bajo el r\u00e9gimen de arresto domiciliario, S\u00e1ez Zamora prorrog\u00f3 esa medida hasta que la sentencia quede firme, momento en que ser\u00e1 detenido. Adem\u00e1s tiene dispuesta una restricci\u00f3n de acercamiento a su hija \u2013denunciante\u2013, dos nietas y su propia esposa. El arresto lo est\u00e1 cumpliendo en un domicilio diferente.<\/p>\n\n\n\n<p>S\u00e1ez Zamora, en los considerandos del fallo, calific\u00f3 como \u201cde alta calidad probatoria\u201d los dichos de la nieta de ocho a\u00f1os en C\u00e1mara Gesell, \u201cpor la forma en que fueron relatados y los detalles que dio de tiempo, modo y lugar\u201d.<\/p>\n\n\n\n<p>https:\/\/googleads.g.doubleclick.net\/pagead\/ads?client=ca-pub-8462277473027869&#038;output=html&#038;h=280&#038;slotname=2416895182&#038;adk=1033443034&#038;adf=4030897428&#038;pi=t.ma~as.2416895182&#038;w=780&#038;fwrn=4&#038;fwrnh=100&#038;lmt=1759410824&#038;rafmt=1&#038;format=780&#215;280&#038;url=https%3A%2F%2Fdiariotextual.com%2Finicio%2Findex.php%2F2025%2F10%2F01%2Fun-abuelo-admitio-que-abuso-de-su-nieta-y-su-esposa-lo-corrio-con-un-cuchillo-8-anos-de-carcel%2F&#038;fwr=0&#038;rpe=1&#038;resp_fmts=3&#038;wgl=1&#038;aieuf=1&#038;uach=WyJXaW5kb3dzIiwiMTAuMC4wIiwieDg2IiwiIiwiMTQwLjAuNzMzOS4yMDgiLG51bGwsMCxudWxsLCI2NCIsW1siQ2hyb21pdW0iLCIxNDAuMC43MzM5LjIwOCJdLFsiTm90PUE_QnJhbmQiLCIyNC4wLjAuMCJdLFsiR29vZ2xlIENocm9tZSIsIjE0MC4wLjczMzkuMjA4Il1dLDFd&#038;abgtt=11&#038;dt=1759410824423&#038;bpp=8&#038;bdt=255&#038;idt=81&#038;shv=r20251001&#038;mjsv=m202509240101&#038;ptt=9&#038;saldr=aa&#038;abxe=1&#038;cookie=ID%3D288f1dadbd21a5bf%3AT%3D1757958635%3ART%3D1759410602%3AS%3DALNI_MaBzPVV67I1vy3dqT9hAw5QPIS9NA&#038;gpic=UID%3D0000128c6ef536c4%3AT%3D1757958635%3ART%3D1759410602%3AS%3DALNI_MaIbL1NHOJct0oILRlUx62S-I4cTg&#038;eo_id_str=ID%3Dbff132625c395650%3AT%3D1757958635%3ART%3D1759410602%3AS%3DAA-AfjYTIF3q77-8wKvMbwz8jh9q&#038;correlator=688070776631&#038;frm=20&#038;pv=2&#038;u_tz=-180&#038;u_his=4&#038;u_h=768&#038;u_w=1366&#038;u_ah=738&#038;u_aw=1366&#038;u_cd=24&#038;u_sd=1&#038;dmc=2&#038;adx=91&#038;ady=2223&#038;biw=1351&#038;bih=617&#038;scr_x=0&#038;scr_y=0&#038;eid=31094918%2C95367554%2C95370627%2C95372358%2C31094909%2C42533293&#038;oid=2&#038;pvsid=653105843523786&#038;tmod=358021033&#038;uas=0&#038;nvt=1&#038;ref=https%3A%2F%2Fdiariotextual.com%2Finicio%2F&#038;fc=640&#038;brdim=0%2C0%2C0%2C0%2C1366%2C0%2C1366%2C738%2C1366%2C617&#038;vis=1&#038;rsz=%7C%7CoEebr%7C&#038;abl=CS&#038;pfx=0&#038;fu=128&#038;bc=31&#038;bz=1&#038;td=1&#038;tdf=2&#038;psd=W251bGwsbnVsbCwibGFiZWxfb25seV8yIiwxXQ..&#038;nt=1&#038;pgls=CAEaBTYuNy40~CAEQBBoHMS4xNjIuMQ..~CAEQBRoGMy4zMi4z&#038;ifi=1&#038;uci=a!1&#038;btvi=1&#038;fsb=1&#038;dtd=128<\/p>\n\n\n\n<p>Tambi\u00e9n valor\u00f3 como de \u201cgran importancia probatoria\u201d la declaraci\u00f3n de una hermana suya tambi\u00e9n en C\u00e1mara Gesell, pues \u201cbrind\u00f3 un relato consistente y detallado, narrando (lo que la v\u00edctima) le dijo en esa oportunidad en cuando a las circunstancias del autor, tiempo, modo y lugar de los hechos abusivos\u201d.<\/p>\n\n\n\n<p>M\u00e1s adelante, el juez se\u00f1al\u00f3 que estos hechos \u201cse producen en un contexto de intimidad o intramuros, en donde la furtividad o clandestinidad dificultan la comprobaci\u00f3n de ellos; por lo que la valoraci\u00f3n de todo el conjunto probatorio resulta fundamental para su reconstrucci\u00f3n hist\u00f3rica. En este caso existi\u00f3 gran cantidad de evidencia que permiti\u00f3 determinar qui\u00e9n fue el autor\u201d.<\/p>\n\n\n\n<p>\u201cEn ese sentido, los dichos de la v\u00edctima en C\u00e1mara Gesell fueron determinantes para la comprobaci\u00f3n del hecho, ya que a trav\u00e9s de su relato pudo transmitir y recrear la violencia y el estado de vulnerabilidad, asimetr\u00eda y sometimiento f\u00edsico y psicol\u00f3gico que sufri\u00f3 en manos del acusado. Asimismo, pudo narrar la modalidad en que el acusado abus\u00f3 sexualmente de ella\u201d.<\/p>\n\n\n\n<p>S\u00e1ez Zamora remarc\u00f3 que el acusado \u201cposey\u00f3 pleno conocimiento (el saber) y voluntad (el querer) para desplegar\u201d sus acciones y cometer el delito, por lo que \u201cqued\u00f3 constituido el dolo directo, espec\u00edfico y necesario para llegar al resultado final que result\u00f3 jur\u00eddicamente y penalmente relevante\u201d.<\/p>\n\n\n\n<p>El magistrado valor\u00f3 como agravantes la extensi\u00f3n del da\u00f1o causado a su nieta (se anexaron informes psicol\u00f3gicos), ya que con su conducta gener\u00f3 un da\u00f1o en todo el n\u00facleo familiar, que \u201cse encuentra completamente quebrado\u201d.<\/p>\n\n\n\n<p>\u201cEl solo hecho de haber vivido las circunstancias probadas y la desilusi\u00f3n de que el agresor haya sido la misma persona que supuestamente le deber\u00eda brindar protecci\u00f3n, es de por s\u00ed una situaci\u00f3n objetivamente perjudicial para la psiquis de cualquier persona en crecimiento\u201d, concluy\u00f3.<\/p>\n","protected":false},"excerpt":{"rendered":"<p>Un hombre de 72 a\u00f1os admiti\u00f3 que abus\u00f3 sexualmente de una nieta y fue condenado&#8230;<\/p>\n","protected":false},"author":2,"featured_media":1542,"comment_status":"closed","ping_status":"closed","sticky":false,"template":"","format":"standard","meta":{"_jetpack_memberships_contains_paid_content":false,"footnotes":"","jetpack_publicize_message":"","jetpack_publicize_feature_enabled":true,"jetpack_social_post_already_shared":true,"jetpack_social_options":{"image_generator_settings":{"template":"highway","default_image_id":0,"font":"","enabled":false},"version":2}},"categories":[85],"tags":[],"class_list":["post-1541","post","type-post","status-publish","format-standard","has-post-thumbnail","hentry","category-policiales"],"yoast_head":"<!-- This site is optimized with the Yoast SEO plugin v27.4 - https:\/\/yoast.com\/product\/yoast-seo-wordpress\/ -->\n<title>Un abuelo admiti\u00f3 que abus\u00f3 de su nieta y su esposa lo corri\u00f3 con un cuchillo: 8 a\u00f1os de c\u00e1rcel -<\/title>\n<meta name=\"robots\" content=\"index, follow, max-snippet:-1, max-image-preview:large, max-video-preview:-1\" \/>\n<link rel=\"canonical\" href=\"https:\/\/impactocastex.com.ar\/?p=1541\" \/>\n<meta property=\"og:locale\" content=\"es_ES\" \/>\n<meta property=\"og:type\" content=\"article\" \/>\n<meta property=\"og:title\" content=\"Un abuelo admiti\u00f3 que abus\u00f3 de su nieta y su esposa lo corri\u00f3 con un cuchillo: 8 a\u00f1os de c\u00e1rcel -\" \/>\n<meta property=\"og:description\" content=\"Un hombre de 72 a\u00f1os admiti\u00f3 que abus\u00f3 sexualmente de una nieta y fue condenado...\" \/>\n<meta property=\"og:url\" content=\"https:\/\/impactocastex.com.ar\/?p=1541\" \/>\n<meta property=\"article:publisher\" content=\"https:\/\/www.facebook.com\/impactocastexdiario\" \/>\n<meta property=\"article:published_time\" content=\"2025-10-02T13:15:22+00:00\" \/>\n<meta property=\"article:modified_time\" content=\"2025-10-02T13:15:24+00:00\" \/>\n<meta property=\"og:image\" content=\"https:\/\/impactocastex.com.ar\/wp-content\/uploads\/2025\/10\/abusosexualinfantil2025.jpg\" \/>\n\t<meta property=\"og:image:width\" content=\"900\" \/>\n\t<meta property=\"og:image:height\" content=\"594\" \/>\n\t<meta property=\"og:image:type\" content=\"image\/jpeg\" \/>\n<meta name=\"author\" content=\"impactocastex\" \/>\n<meta name=\"twitter:card\" content=\"summary_large_image\" \/>\n<meta name=\"twitter:label1\" content=\"Escrito por\" \/>\n\t<meta name=\"twitter:data1\" content=\"impactocastex\" \/>\n\t<meta name=\"twitter:label2\" content=\"Tiempo de lectura\" \/>\n\t<meta name=\"twitter:data2\" content=\"4 minutos\" \/>\n<script type=\"application\/ld+json\" class=\"yoast-schema-graph\">{\"@context\":\"https:\\\/\\\/schema.org\",\"@graph\":[{\"@type\":\"Article\",\"@id\":\"https:\\\/\\\/impactocastex.com.ar\\\/?p=1541#article\",\"isPartOf\":{\"@id\":\"https:\\\/\\\/impactocastex.com.ar\\\/?p=1541\"},\"author\":{\"name\":\"impactocastex\",\"@id\":\"https:\\\/\\\/impactocastex.com.ar\\\/#\\\/schema\\\/person\\\/c115028fb60f9bf49ce7550894b84ea7\"},\"headline\":\"Un abuelo admiti\u00f3 que abus\u00f3 de su nieta y su esposa lo corri\u00f3 con un cuchillo: 8 a\u00f1os de c\u00e1rcel\",\"datePublished\":\"2025-10-02T13:15:22+00:00\",\"dateModified\":\"2025-10-02T13:15:24+00:00\",\"mainEntityOfPage\":{\"@id\":\"https:\\\/\\\/impactocastex.com.ar\\\/?p=1541\"},\"wordCount\":1006,\"publisher\":{\"@id\":\"https:\\\/\\\/impactocastex.com.ar\\\/#organization\"},\"image\":{\"@id\":\"https:\\\/\\\/impactocastex.com.ar\\\/?p=1541#primaryimage\"},\"thumbnailUrl\":\"https:\\\/\\\/impactocastex.com.ar\\\/wp-content\\\/uploads\\\/2025\\\/10\\\/abusosexualinfantil2025.jpg\",\"articleSection\":[\"POLICIALES\"],\"inLanguage\":\"es\"},{\"@type\":\"WebPage\",\"@id\":\"https:\\\/\\\/impactocastex.com.ar\\\/?p=1541\",\"url\":\"https:\\\/\\\/impactocastex.com.ar\\\/?p=1541\",\"name\":\"Un abuelo admiti\u00f3 que abus\u00f3 de su nieta y su esposa lo corri\u00f3 con un cuchillo: 8 a\u00f1os de c\u00e1rcel -\",\"isPartOf\":{\"@id\":\"https:\\\/\\\/impactocastex.com.ar\\\/#website\"},\"primaryImageOfPage\":{\"@id\":\"https:\\\/\\\/impactocastex.com.ar\\\/?p=1541#primaryimage\"},\"image\":{\"@id\":\"https:\\\/\\\/impactocastex.com.ar\\\/?p=1541#primaryimage\"},\"thumbnailUrl\":\"https:\\\/\\\/impactocastex.com.ar\\\/wp-content\\\/uploads\\\/2025\\\/10\\\/abusosexualinfantil2025.jpg\",\"datePublished\":\"2025-10-02T13:15:22+00:00\",\"dateModified\":\"2025-10-02T13:15:24+00:00\",\"breadcrumb\":{\"@id\":\"https:\\\/\\\/impactocastex.com.ar\\\/?p=1541#breadcrumb\"},\"inLanguage\":\"es\",\"potentialAction\":[{\"@type\":\"ReadAction\",\"target\":[\"https:\\\/\\\/impactocastex.com.ar\\\/?p=1541\"]}]},{\"@type\":\"ImageObject\",\"inLanguage\":\"es\",\"@id\":\"https:\\\/\\\/impactocastex.com.ar\\\/?p=1541#primaryimage\",\"url\":\"https:\\\/\\\/impactocastex.com.ar\\\/wp-content\\\/uploads\\\/2025\\\/10\\\/abusosexualinfantil2025.jpg\",\"contentUrl\":\"https:\\\/\\\/impactocastex.com.ar\\\/wp-content\\\/uploads\\\/2025\\\/10\\\/abusosexualinfantil2025.jpg\",\"width\":900,\"height\":594},{\"@type\":\"BreadcrumbList\",\"@id\":\"https:\\\/\\\/impactocastex.com.ar\\\/?p=1541#breadcrumb\",\"itemListElement\":[{\"@type\":\"ListItem\",\"position\":1,\"name\":\"Portada\",\"item\":\"https:\\\/\\\/impactocastex.com.ar\\\/\"},{\"@type\":\"ListItem\",\"position\":2,\"name\":\"Un abuelo admiti\u00f3 que abus\u00f3 de su nieta y su esposa lo corri\u00f3 con un cuchillo: 8 a\u00f1os de c\u00e1rcel\"}]},{\"@type\":\"WebSite\",\"@id\":\"https:\\\/\\\/impactocastex.com.ar\\\/#website\",\"url\":\"https:\\\/\\\/impactocastex.com.ar\\\/\",\"name\":\"Impacto Castex\",\"description\":\"\",\"publisher\":{\"@id\":\"https:\\\/\\\/impactocastex.com.ar\\\/#organization\"},\"potentialAction\":[{\"@type\":\"SearchAction\",\"target\":{\"@type\":\"EntryPoint\",\"urlTemplate\":\"https:\\\/\\\/impactocastex.com.ar\\\/?s={search_term_string}\"},\"query-input\":{\"@type\":\"PropertyValueSpecification\",\"valueRequired\":true,\"valueName\":\"search_term_string\"}}],\"inLanguage\":\"es\"},{\"@type\":\"Organization\",\"@id\":\"https:\\\/\\\/impactocastex.com.ar\\\/#organization\",\"name\":\"Impacto Castex\",\"url\":\"https:\\\/\\\/impactocastex.com.ar\\\/\",\"logo\":{\"@type\":\"ImageObject\",\"inLanguage\":\"es\",\"@id\":\"https:\\\/\\\/impactocastex.com.ar\\\/#\\\/schema\\\/logo\\\/image\\\/\",\"url\":\"https:\\\/\\\/impactocastex.com.ar\\\/wp-content\\\/uploads\\\/2025\\\/09\\\/cropped-icoweb.png\",\"contentUrl\":\"https:\\\/\\\/impactocastex.com.ar\\\/wp-content\\\/uploads\\\/2025\\\/09\\\/cropped-icoweb.png\",\"width\":512,\"height\":512,\"caption\":\"Impacto Castex\"},\"image\":{\"@id\":\"https:\\\/\\\/impactocastex.com.ar\\\/#\\\/schema\\\/logo\\\/image\\\/\"},\"sameAs\":[\"https:\\\/\\\/www.facebook.com\\\/impactocastexdiario\",\"https:\\\/\\\/www.instagram.com\\\/impactocastex.com.ar\\\/\"]},{\"@type\":\"Person\",\"@id\":\"https:\\\/\\\/impactocastex.com.ar\\\/#\\\/schema\\\/person\\\/c115028fb60f9bf49ce7550894b84ea7\",\"name\":\"impactocastex\",\"image\":{\"@type\":\"ImageObject\",\"inLanguage\":\"es\",\"@id\":\"https:\\\/\\\/secure.gravatar.com\\\/avatar\\\/fee87e7af008f02e9becdc0b5a9fd4a2e79b3918a571edeacb62211704637833?s=96&d=mm&r=g\",\"url\":\"https:\\\/\\\/secure.gravatar.com\\\/avatar\\\/fee87e7af008f02e9becdc0b5a9fd4a2e79b3918a571edeacb62211704637833?s=96&d=mm&r=g\",\"contentUrl\":\"https:\\\/\\\/secure.gravatar.com\\\/avatar\\\/fee87e7af008f02e9becdc0b5a9fd4a2e79b3918a571edeacb62211704637833?s=96&d=mm&r=g\",\"caption\":\"impactocastex\"},\"sameAs\":[\"https:\\\/\\\/impactocastex.com.ar\\\/\"],\"url\":\"https:\\\/\\\/impactocastex.com.ar\\\/?author=2\"}]}<\/script>\n<!-- \/ Yoast SEO plugin. -->","yoast_head_json":{"title":"Un abuelo admiti\u00f3 que abus\u00f3 de su nieta y su esposa lo corri\u00f3 con un cuchillo: 8 a\u00f1os de c\u00e1rcel -","robots":{"index":"index","follow":"follow","max-snippet":"max-snippet:-1","max-image-preview":"max-image-preview:large","max-video-preview":"max-video-preview:-1"},"canonical":"https:\/\/impactocastex.com.ar\/?p=1541","og_locale":"es_ES","og_type":"article","og_title":"Un abuelo admiti\u00f3 que abus\u00f3 de su nieta y su esposa lo corri\u00f3 con un cuchillo: 8 a\u00f1os de c\u00e1rcel -","og_description":"Un hombre de 72 a\u00f1os admiti\u00f3 que abus\u00f3 sexualmente de una nieta y fue condenado...","og_url":"https:\/\/impactocastex.com.ar\/?p=1541","article_publisher":"https:\/\/www.facebook.com\/impactocastexdiario","article_published_time":"2025-10-02T13:15:22+00:00","article_modified_time":"2025-10-02T13:15:24+00:00","og_image":[{"width":900,"height":594,"url":"https:\/\/impactocastex.com.ar\/wp-content\/uploads\/2025\/10\/abusosexualinfantil2025.jpg","type":"image\/jpeg"}],"author":"impactocastex","twitter_card":"summary_large_image","twitter_misc":{"Escrito por":"impactocastex","Tiempo de lectura":"4 minutos"},"schema":{"@context":"https:\/\/schema.org","@graph":[{"@type":"Article","@id":"https:\/\/impactocastex.com.ar\/?p=1541#article","isPartOf":{"@id":"https:\/\/impactocastex.com.ar\/?p=1541"},"author":{"name":"impactocastex","@id":"https:\/\/impactocastex.com.ar\/#\/schema\/person\/c115028fb60f9bf49ce7550894b84ea7"},"headline":"Un abuelo admiti\u00f3 que abus\u00f3 de su nieta y su esposa lo corri\u00f3 con un cuchillo: 8 a\u00f1os de c\u00e1rcel","datePublished":"2025-10-02T13:15:22+00:00","dateModified":"2025-10-02T13:15:24+00:00","mainEntityOfPage":{"@id":"https:\/\/impactocastex.com.ar\/?p=1541"},"wordCount":1006,"publisher":{"@id":"https:\/\/impactocastex.com.ar\/#organization"},"image":{"@id":"https:\/\/impactocastex.com.ar\/?p=1541#primaryimage"},"thumbnailUrl":"https:\/\/impactocastex.com.ar\/wp-content\/uploads\/2025\/10\/abusosexualinfantil2025.jpg","articleSection":["POLICIALES"],"inLanguage":"es"},{"@type":"WebPage","@id":"https:\/\/impactocastex.com.ar\/?p=1541","url":"https:\/\/impactocastex.com.ar\/?p=1541","name":"Un abuelo admiti\u00f3 que abus\u00f3 de su nieta y su esposa lo corri\u00f3 con un cuchillo: 8 a\u00f1os de c\u00e1rcel -","isPartOf":{"@id":"https:\/\/impactocastex.com.ar\/#website"},"primaryImageOfPage":{"@id":"https:\/\/impactocastex.com.ar\/?p=1541#primaryimage"},"image":{"@id":"https:\/\/impactocastex.com.ar\/?p=1541#primaryimage"},"thumbnailUrl":"https:\/\/impactocastex.com.ar\/wp-content\/uploads\/2025\/10\/abusosexualinfantil2025.jpg","datePublished":"2025-10-02T13:15:22+00:00","dateModified":"2025-10-02T13:15:24+00:00","breadcrumb":{"@id":"https:\/\/impactocastex.com.ar\/?p=1541#breadcrumb"},"inLanguage":"es","potentialAction":[{"@type":"ReadAction","target":["https:\/\/impactocastex.com.ar\/?p=1541"]}]},{"@type":"ImageObject","inLanguage":"es","@id":"https:\/\/impactocastex.com.ar\/?p=1541#primaryimage","url":"https:\/\/impactocastex.com.ar\/wp-content\/uploads\/2025\/10\/abusosexualinfantil2025.jpg","contentUrl":"https:\/\/impactocastex.com.ar\/wp-content\/uploads\/2025\/10\/abusosexualinfantil2025.jpg","width":900,"height":594},{"@type":"BreadcrumbList","@id":"https:\/\/impactocastex.com.ar\/?p=1541#breadcrumb","itemListElement":[{"@type":"ListItem","position":1,"name":"Portada","item":"https:\/\/impactocastex.com.ar\/"},{"@type":"ListItem","position":2,"name":"Un abuelo admiti\u00f3 que abus\u00f3 de su nieta y su esposa lo corri\u00f3 con un cuchillo: 8 a\u00f1os de c\u00e1rcel"}]},{"@type":"WebSite","@id":"https:\/\/impactocastex.com.ar\/#website","url":"https:\/\/impactocastex.com.ar\/","name":"Impacto Castex","description":"","publisher":{"@id":"https:\/\/impactocastex.com.ar\/#organization"},"potentialAction":[{"@type":"SearchAction","target":{"@type":"EntryPoint","urlTemplate":"https:\/\/impactocastex.com.ar\/?s={search_term_string}"},"query-input":{"@type":"PropertyValueSpecification","valueRequired":true,"valueName":"search_term_string"}}],"inLanguage":"es"},{"@type":"Organization","@id":"https:\/\/impactocastex.com.ar\/#organization","name":"Impacto Castex","url":"https:\/\/impactocastex.com.ar\/","logo":{"@type":"ImageObject","inLanguage":"es","@id":"https:\/\/impactocastex.com.ar\/#\/schema\/logo\/image\/","url":"https:\/\/impactocastex.com.ar\/wp-content\/uploads\/2025\/09\/cropped-icoweb.png","contentUrl":"https:\/\/impactocastex.com.ar\/wp-content\/uploads\/2025\/09\/cropped-icoweb.png","width":512,"height":512,"caption":"Impacto Castex"},"image":{"@id":"https:\/\/impactocastex.com.ar\/#\/schema\/logo\/image\/"},"sameAs":["https:\/\/www.facebook.com\/impactocastexdiario","https:\/\/www.instagram.com\/impactocastex.com.ar\/"]},{"@type":"Person","@id":"https:\/\/impactocastex.com.ar\/#\/schema\/person\/c115028fb60f9bf49ce7550894b84ea7","name":"impactocastex","image":{"@type":"ImageObject","inLanguage":"es","@id":"https:\/\/secure.gravatar.com\/avatar\/fee87e7af008f02e9becdc0b5a9fd4a2e79b3918a571edeacb62211704637833?s=96&d=mm&r=g","url":"https:\/\/secure.gravatar.com\/avatar\/fee87e7af008f02e9becdc0b5a9fd4a2e79b3918a571edeacb62211704637833?s=96&d=mm&r=g","contentUrl":"https:\/\/secure.gravatar.com\/avatar\/fee87e7af008f02e9becdc0b5a9fd4a2e79b3918a571edeacb62211704637833?s=96&d=mm&r=g","caption":"impactocastex"},"sameAs":["https:\/\/impactocastex.com.ar\/"],"url":"https:\/\/impactocastex.com.ar\/?author=2"}]}},"jetpack_publicize_connections":[],"featured_image_urls":{"full":["https:\/\/impactocastex.com.ar\/wp-content\/uploads\/2025\/10\/abusosexualinfantil2025.jpg",900,594,false],"thumbnail":["https:\/\/impactocastex.com.ar\/wp-content\/uploads\/2025\/10\/abusosexualinfantil2025-150x150.jpg",150,150,true],"medium":["https:\/\/impactocastex.com.ar\/wp-content\/uploads\/2025\/10\/abusosexualinfantil2025-300x198.jpg",300,198,true],"medium_large":["https:\/\/impactocastex.com.ar\/wp-content\/uploads\/2025\/10\/abusosexualinfantil2025-768x507.jpg",640,423,true],"large":["https:\/\/impactocastex.com.ar\/wp-content\/uploads\/2025\/10\/abusosexualinfantil2025.jpg",640,422,false],"1536x1536":["https:\/\/impactocastex.com.ar\/wp-content\/uploads\/2025\/10\/abusosexualinfantil2025.jpg",900,594,false],"2048x2048":["https:\/\/impactocastex.com.ar\/wp-content\/uploads\/2025\/10\/abusosexualinfantil2025.jpg",900,594,false],"newsever-slider-full":["https:\/\/impactocastex.com.ar\/wp-content\/uploads\/2025\/10\/abusosexualinfantil2025.jpg",900,594,false],"newsever-featured":["https:\/\/impactocastex.com.ar\/wp-content\/uploads\/2025\/10\/abusosexualinfantil2025.jpg",900,594,false],"newsever-medium":["https:\/\/impactocastex.com.ar\/wp-content\/uploads\/2025\/10\/abusosexualinfantil2025-720x475.jpg",720,475,true]},"author_info":{"info":["impactocastex"]},"category_info":"<a href=\"https:\/\/impactocastex.com.ar\/?cat=85\" rel=\"category\">POLICIALES<\/a>","tag_info":"POLICIALES","comment_count":0,"jetpack_featured_media_url":"https:\/\/impactocastex.com.ar\/wp-content\/uploads\/2025\/10\/abusosexualinfantil2025.jpg","jetpack_sharing_enabled":true,"jetpack_likes_enabled":true,"jetpack_shortlink":"https:\/\/wp.me\/p7sopA-oR","_links":{"self":[{"href":"https:\/\/impactocastex.com.ar\/index.php?rest_route=\/wp\/v2\/posts\/1541","targetHints":{"allow":["GET"]}}],"collection":[{"href":"https:\/\/impactocastex.com.ar\/index.php?rest_route=\/wp\/v2\/posts"}],"about":[{"href":"https:\/\/impactocastex.com.ar\/index.php?rest_route=\/wp\/v2\/types\/post"}],"author":[{"embeddable":true,"href":"https:\/\/impactocastex.com.ar\/index.php?rest_route=\/wp\/v2\/users\/2"}],"replies":[{"embeddable":true,"href":"https:\/\/impactocastex.com.ar\/index.php?rest_route=%2Fwp%2Fv2%2Fcomments&post=1541"}],"version-history":[{"count":1,"href":"https:\/\/impactocastex.com.ar\/index.php?rest_route=\/wp\/v2\/posts\/1541\/revisions"}],"predecessor-version":[{"id":1543,"href":"https:\/\/impactocastex.com.ar\/index.php?rest_route=\/wp\/v2\/posts\/1541\/revisions\/1543"}],"wp:featuredmedia":[{"embeddable":true,"href":"https:\/\/impactocastex.com.ar\/index.php?rest_route=\/wp\/v2\/media\/1542"}],"wp:attachment":[{"href":"https:\/\/impactocastex.com.ar\/index.php?rest_route=%2Fwp%2Fv2%2Fmedia&parent=1541"}],"wp:term":[{"taxonomy":"category","embeddable":true,"href":"https:\/\/impactocastex.com.ar\/index.php?rest_route=%2Fwp%2Fv2%2Fcategories&post=1541"},{"taxonomy":"post_tag","embeddable":true,"href":"https:\/\/impactocastex.com.ar\/index.php?rest_route=%2Fwp%2Fv2%2Ftags&post=1541"}],"curies":[{"name":"wp","href":"https:\/\/api.w.org\/{rel}","templated":true}]}}