{"id":1532,"date":"2025-10-02T09:53:20","date_gmt":"2025-10-02T12:53:20","guid":{"rendered":"https:\/\/impactocastex.com.ar\/?p=1532"},"modified":"2025-10-02T09:53:21","modified_gmt":"2025-10-02T12:53:21","slug":"cristina-kirchner-y-axel-kicillof-se-reunieron-en-san-jose-1111","status":"publish","type":"post","link":"https:\/\/impactocastex.com.ar\/?p=1532","title":{"rendered":"Cristina Kirchner y Axel Kicillof se reunieron en San Jos\u00e9 1111"},"content":{"rendered":"\n<p>El gobernador bonaerense finalmente visit\u00f3 a la expresidenta en el domicilio en el que cumple la prisi\u00f3n domiciliaria. No hubo foto. De qu\u00e9 hablaron<\/p>\n\n\n\n<p>Finalmente, luego de m\u00e1s de 100 d\u00edas de detenci\u00f3n y tras los reclamos del kirchnerismo duro, Axel Kicillof visit\u00f3 a Cristina Kirchner en su departamento de San Jos\u00e9 1111, donde la expresidenta cumple con la prisi\u00f3n domiciliaria.<\/p>\n\n\n\n<p>El encuentro ocurri\u00f3 este mi\u00e9rcoles durante una hora y media. Por el momento no difundieron una foto y a\u00fan no decidieron si lo har\u00e1n. La falta de una imagen desnuda, de m\u00ednima, que hay una tensi\u00f3n latente que no se sald\u00f3 en una sola reuni\u00f3n.<\/p>\n\n\n\n<p><\/p>\n\n\n\n<p>El contenido de la conversaci\u00f3n fue principalmente electoral, pero tambi\u00e9n hablaron sobre la situaci\u00f3n nacional en general y la internacional. De un panorama complejo para la Argentina pese al apoyo rotundo que le dio el gobierno de Donald Trump.<\/p>\n\n\n\n<p><\/p>\n\n\n\n<p>\u00abHay que sumar fuerzas para la elecci\u00f3n de octubre\u00bb, coincidieron desde ambos entornos. Ese fue el eje central de la conversaci\u00f3n. Ah\u00ed est\u00e1 la clave de este momento del peronismo bonaerense. M\u00e1s all\u00e1 de las diferencias, la importancia es juntar voluntades bajo el mismo techo.<\/p>\n\n\n\n<p>La \u00faltima vez que se vieron fue el 10 de junio, en el PJ, antes de que CFK fuera detenida. En aquella oportunidad, el Gobernador estuvo menos de una hora dentro de la sede hist\u00f3rica del partido, que estaba plagada de dirigentes del kirchnerismo que esperaban, junto a expresidenta, la confirmaci\u00f3n de su condena en la causa Vialidad por parte de la Corte Suprema de Justicia.<\/p>\n\n\n\n<p><\/p>\n\n\n\n<p>Esa tarde Kicillof entr\u00f3 a hist\u00f3rico edificio en el auto de la gobernaci\u00f3n y fue cuestionado por la militancia cristinista con c\u00e1nticos que le recordaba que el liderazgo del peronismo estaba en manos de una mujer y que esa mujer era Cristina Kirchner.<\/p>\n\n\n\n<p>Y el \u00faltimo mano a mano entre ellos ocurri\u00f3 el 6 de ese mismo mes. En ese momento ambos decidieron armar una mesa para discutir las condiciones de la unidad. La convergencia de todos los sectores en una lista \u00fanica. Fue uno de los pasos que destrab\u00f3 la negociaci\u00f3n en el medio de una interna descarnada.<\/p>\n\n\n\n<p>Los principales dirigentes del cristinismo le ven\u00edan reclamando a Kicillof, p\u00fablicamente, que visite a la expresidenta en su lugar de detenci\u00f3n. Aunque no lo digan a viva voz, para evitar que reflote la interna, piensan que el tiempo que dej\u00f3 pasar para ir a verla expone su intenci\u00f3n de alejarse. Adem\u00e1s, lo consideran un desagradecido. Es la misma l\u00ednea de acusaciones que se mantiene en el tiempo, pero que est\u00e1 ocultada por la campa\u00f1a y la necesidad de mostrarse compactos.<\/p>\n\n\n\n<p>En el kicillofismo hab\u00eda algunos dirigentes que pensaban que lo mejor era que la reuni\u00f3n se haga despu\u00e9s de las elecciones del 26 de octubre, para evitar cualquier cortocircuito previo a la disputa electoral. El peronismo, en su conjunto, se est\u00e1 dedicando a confrontar a Milei en temas muy puntuales. Est\u00e1 aplicando una cl\u00e1sica estrategia. Que se desgaste el rival pol\u00edtico envuelto en sus propios problemas.<\/p>\n\n\n\n<p>Kicillof tiene la intenci\u00f3n de buscar un acuerdo de convivencia con CFK. Pretende que ordene a su tropa m\u00e1s dura para que no jueguen en su contra dentro de la gesti\u00f3n bonaerense. Es decir, busca frenar el fuego amigo y lograr que su liderazgo en la provincia se mantenga firme y transite una senda de crecimiento. Ni la guerra ni la sumisi\u00f3n. As\u00ed lo define ante sus \u00edntimos.<\/p>\n\n\n\n<p>El mandatario provincial hab\u00eda recibido la habiltaci\u00f3n de la Justicia para ir a visitarla y se esperaba que por estas horas ese encuentro se concretara. Sucedi\u00f3 a poco m\u00e1s de veinte d\u00edas de las elecciones generales y, por ahora, no hubo se\u00f1ales de que ese encuentro no haya sido fruct\u00edfero. Un reencuentro para achicar las grietas internas y jugar en conjunto hacia adelante. No es la soluci\u00f3n final, pero s\u00ed un primer paso hacia adelante.<\/p>\n\n\n\n<p><strong>CFK activa y en primera plana<\/strong><\/p>\n\n\n\n<p>La expresidenta est\u00e1 h\u00edperactiva y con el foco puesto en la reorganizaci\u00f3n del peronismo. Todas las semanas recibe a candidatos y dirigentes del peronismo. Est\u00e1 encima de los temas y las estrategias electorales. Mantiene su centralidad con audios enviados a los plenarios, salidas al balc\u00f3n, mensajes en X y reuniones pol\u00edticas diversas.<\/p>\n\n\n\n<p>En los \u00faltimos d\u00edas, estuvo con Mariano Recalde e Itai Hagman, candidatos de Fuerza Patria en la Ciudad de Buenos Aires. Tambi\u00e9n con Jorge Taiana, el primer candidato a diputado nacional por la provincia de Buenos Aires. Un poco m\u00e1s atr\u00e1s en el tiempo recibi\u00f3 a Juan Manuel Urtubey, que volvi\u00f3 al esquema central del peronismo.<\/p>\n","protected":false},"excerpt":{"rendered":"<p>El gobernador bonaerense finalmente visit\u00f3 a la expresidenta en el domicilio en el que cumple&#8230;<\/p>\n","protected":false},"author":2,"featured_media":1533,"comment_status":"closed","ping_status":"closed","sticky":false,"template":"","format":"standard","meta":{"_jetpack_memberships_contains_paid_content":false,"footnotes":"","jetpack_publicize_message":"","jetpack_publicize_feature_enabled":true,"jetpack_social_post_already_shared":true,"jetpack_social_options":{"image_generator_settings":{"template":"highway","default_image_id":0,"font":"","enabled":false},"version":2}},"categories":[122],"tags":[],"class_list":["post-1532","post","type-post","status-publish","format-standard","has-post-thumbnail","hentry","category-politica"],"yoast_head":"<!-- This site is optimized with the Yoast SEO plugin v27.4 - https:\/\/yoast.com\/product\/yoast-seo-wordpress\/ -->\n<title>Cristina Kirchner y Axel Kicillof se reunieron en San Jos\u00e9 1111 -<\/title>\n<meta name=\"robots\" content=\"index, follow, max-snippet:-1, max-image-preview:large, max-video-preview:-1\" \/>\n<link rel=\"canonical\" href=\"https:\/\/impactocastex.com.ar\/?p=1532\" \/>\n<meta property=\"og:locale\" content=\"es_ES\" \/>\n<meta property=\"og:type\" content=\"article\" \/>\n<meta property=\"og:title\" content=\"Cristina Kirchner y Axel Kicillof se reunieron en San Jos\u00e9 1111 -\" \/>\n<meta property=\"og:description\" content=\"El gobernador bonaerense finalmente visit\u00f3 a la expresidenta en el domicilio en el que cumple...\" \/>\n<meta property=\"og:url\" content=\"https:\/\/impactocastex.com.ar\/?p=1532\" \/>\n<meta property=\"article:publisher\" content=\"https:\/\/www.facebook.com\/impactocastexdiario\" \/>\n<meta property=\"article:published_time\" content=\"2025-10-02T12:53:20+00:00\" \/>\n<meta property=\"article:modified_time\" content=\"2025-10-02T12:53:21+00:00\" \/>\n<meta property=\"og:image\" content=\"https:\/\/impactocastex.com.ar\/wp-content\/uploads\/2025\/10\/2123852.jpg\" \/>\n\t<meta property=\"og:image:width\" content=\"1200\" \/>\n\t<meta property=\"og:image:height\" content=\"631\" \/>\n\t<meta property=\"og:image:type\" content=\"image\/jpeg\" \/>\n<meta name=\"author\" content=\"impactocastex\" \/>\n<meta name=\"twitter:card\" content=\"summary_large_image\" \/>\n<meta name=\"twitter:label1\" content=\"Escrito por\" \/>\n\t<meta name=\"twitter:data1\" content=\"impactocastex\" \/>\n\t<meta name=\"twitter:label2\" content=\"Tiempo de lectura\" \/>\n\t<meta name=\"twitter:data2\" content=\"4 minutos\" \/>\n<script type=\"application\/ld+json\" class=\"yoast-schema-graph\">{\"@context\":\"https:\\\/\\\/schema.org\",\"@graph\":[{\"@type\":\"Article\",\"@id\":\"https:\\\/\\\/impactocastex.com.ar\\\/?p=1532#article\",\"isPartOf\":{\"@id\":\"https:\\\/\\\/impactocastex.com.ar\\\/?p=1532\"},\"author\":{\"name\":\"impactocastex\",\"@id\":\"https:\\\/\\\/impactocastex.com.ar\\\/#\\\/schema\\\/person\\\/c115028fb60f9bf49ce7550894b84ea7\"},\"headline\":\"Cristina Kirchner y Axel Kicillof se reunieron en San Jos\u00e9 1111\",\"datePublished\":\"2025-10-02T12:53:20+00:00\",\"dateModified\":\"2025-10-02T12:53:21+00:00\",\"mainEntityOfPage\":{\"@id\":\"https:\\\/\\\/impactocastex.com.ar\\\/?p=1532\"},\"wordCount\":817,\"publisher\":{\"@id\":\"https:\\\/\\\/impactocastex.com.ar\\\/#organization\"},\"image\":{\"@id\":\"https:\\\/\\\/impactocastex.com.ar\\\/?p=1532#primaryimage\"},\"thumbnailUrl\":\"https:\\\/\\\/impactocastex.com.ar\\\/wp-content\\\/uploads\\\/2025\\\/10\\\/2123852.jpg\",\"articleSection\":[\"POLITICA\"],\"inLanguage\":\"es\"},{\"@type\":\"WebPage\",\"@id\":\"https:\\\/\\\/impactocastex.com.ar\\\/?p=1532\",\"url\":\"https:\\\/\\\/impactocastex.com.ar\\\/?p=1532\",\"name\":\"Cristina Kirchner y Axel Kicillof se reunieron en San Jos\u00e9 1111 -\",\"isPartOf\":{\"@id\":\"https:\\\/\\\/impactocastex.com.ar\\\/#website\"},\"primaryImageOfPage\":{\"@id\":\"https:\\\/\\\/impactocastex.com.ar\\\/?p=1532#primaryimage\"},\"image\":{\"@id\":\"https:\\\/\\\/impactocastex.com.ar\\\/?p=1532#primaryimage\"},\"thumbnailUrl\":\"https:\\\/\\\/impactocastex.com.ar\\\/wp-content\\\/uploads\\\/2025\\\/10\\\/2123852.jpg\",\"datePublished\":\"2025-10-02T12:53:20+00:00\",\"dateModified\":\"2025-10-02T12:53:21+00:00\",\"breadcrumb\":{\"@id\":\"https:\\\/\\\/impactocastex.com.ar\\\/?p=1532#breadcrumb\"},\"inLanguage\":\"es\",\"potentialAction\":[{\"@type\":\"ReadAction\",\"target\":[\"https:\\\/\\\/impactocastex.com.ar\\\/?p=1532\"]}]},{\"@type\":\"ImageObject\",\"inLanguage\":\"es\",\"@id\":\"https:\\\/\\\/impactocastex.com.ar\\\/?p=1532#primaryimage\",\"url\":\"https:\\\/\\\/impactocastex.com.ar\\\/wp-content\\\/uploads\\\/2025\\\/10\\\/2123852.jpg\",\"contentUrl\":\"https:\\\/\\\/impactocastex.com.ar\\\/wp-content\\\/uploads\\\/2025\\\/10\\\/2123852.jpg\",\"width\":1200,\"height\":631},{\"@type\":\"BreadcrumbList\",\"@id\":\"https:\\\/\\\/impactocastex.com.ar\\\/?p=1532#breadcrumb\",\"itemListElement\":[{\"@type\":\"ListItem\",\"position\":1,\"name\":\"Portada\",\"item\":\"https:\\\/\\\/impactocastex.com.ar\\\/\"},{\"@type\":\"ListItem\",\"position\":2,\"name\":\"Cristina Kirchner y Axel Kicillof se reunieron en San Jos\u00e9 1111\"}]},{\"@type\":\"WebSite\",\"@id\":\"https:\\\/\\\/impactocastex.com.ar\\\/#website\",\"url\":\"https:\\\/\\\/impactocastex.com.ar\\\/\",\"name\":\"Impacto Castex\",\"description\":\"\",\"publisher\":{\"@id\":\"https:\\\/\\\/impactocastex.com.ar\\\/#organization\"},\"potentialAction\":[{\"@type\":\"SearchAction\",\"target\":{\"@type\":\"EntryPoint\",\"urlTemplate\":\"https:\\\/\\\/impactocastex.com.ar\\\/?s={search_term_string}\"},\"query-input\":{\"@type\":\"PropertyValueSpecification\",\"valueRequired\":true,\"valueName\":\"search_term_string\"}}],\"inLanguage\":\"es\"},{\"@type\":\"Organization\",\"@id\":\"https:\\\/\\\/impactocastex.com.ar\\\/#organization\",\"name\":\"Impacto Castex\",\"url\":\"https:\\\/\\\/impactocastex.com.ar\\\/\",\"logo\":{\"@type\":\"ImageObject\",\"inLanguage\":\"es\",\"@id\":\"https:\\\/\\\/impactocastex.com.ar\\\/#\\\/schema\\\/logo\\\/image\\\/\",\"url\":\"https:\\\/\\\/impactocastex.com.ar\\\/wp-content\\\/uploads\\\/2025\\\/09\\\/cropped-icoweb.png\",\"contentUrl\":\"https:\\\/\\\/impactocastex.com.ar\\\/wp-content\\\/uploads\\\/2025\\\/09\\\/cropped-icoweb.png\",\"width\":512,\"height\":512,\"caption\":\"Impacto Castex\"},\"image\":{\"@id\":\"https:\\\/\\\/impactocastex.com.ar\\\/#\\\/schema\\\/logo\\\/image\\\/\"},\"sameAs\":[\"https:\\\/\\\/www.facebook.com\\\/impactocastexdiario\",\"https:\\\/\\\/www.instagram.com\\\/impactocastex.com.ar\\\/\"]},{\"@type\":\"Person\",\"@id\":\"https:\\\/\\\/impactocastex.com.ar\\\/#\\\/schema\\\/person\\\/c115028fb60f9bf49ce7550894b84ea7\",\"name\":\"impactocastex\",\"image\":{\"@type\":\"ImageObject\",\"inLanguage\":\"es\",\"@id\":\"https:\\\/\\\/secure.gravatar.com\\\/avatar\\\/fee87e7af008f02e9becdc0b5a9fd4a2e79b3918a571edeacb62211704637833?s=96&d=mm&r=g\",\"url\":\"https:\\\/\\\/secure.gravatar.com\\\/avatar\\\/fee87e7af008f02e9becdc0b5a9fd4a2e79b3918a571edeacb62211704637833?s=96&d=mm&r=g\",\"contentUrl\":\"https:\\\/\\\/secure.gravatar.com\\\/avatar\\\/fee87e7af008f02e9becdc0b5a9fd4a2e79b3918a571edeacb62211704637833?s=96&d=mm&r=g\",\"caption\":\"impactocastex\"},\"sameAs\":[\"https:\\\/\\\/impactocastex.com.ar\\\/\"],\"url\":\"https:\\\/\\\/impactocastex.com.ar\\\/?author=2\"}]}<\/script>\n<!-- \/ Yoast SEO plugin. -->","yoast_head_json":{"title":"Cristina Kirchner y Axel Kicillof se reunieron en San Jos\u00e9 1111 -","robots":{"index":"index","follow":"follow","max-snippet":"max-snippet:-1","max-image-preview":"max-image-preview:large","max-video-preview":"max-video-preview:-1"},"canonical":"https:\/\/impactocastex.com.ar\/?p=1532","og_locale":"es_ES","og_type":"article","og_title":"Cristina Kirchner y Axel Kicillof se reunieron en San Jos\u00e9 1111 -","og_description":"El gobernador bonaerense finalmente visit\u00f3 a la expresidenta en el domicilio en el que cumple...","og_url":"https:\/\/impactocastex.com.ar\/?p=1532","article_publisher":"https:\/\/www.facebook.com\/impactocastexdiario","article_published_time":"2025-10-02T12:53:20+00:00","article_modified_time":"2025-10-02T12:53:21+00:00","og_image":[{"width":1200,"height":631,"url":"https:\/\/impactocastex.com.ar\/wp-content\/uploads\/2025\/10\/2123852.jpg","type":"image\/jpeg"}],"author":"impactocastex","twitter_card":"summary_large_image","twitter_misc":{"Escrito por":"impactocastex","Tiempo de lectura":"4 minutos"},"schema":{"@context":"https:\/\/schema.org","@graph":[{"@type":"Article","@id":"https:\/\/impactocastex.com.ar\/?p=1532#article","isPartOf":{"@id":"https:\/\/impactocastex.com.ar\/?p=1532"},"author":{"name":"impactocastex","@id":"https:\/\/impactocastex.com.ar\/#\/schema\/person\/c115028fb60f9bf49ce7550894b84ea7"},"headline":"Cristina Kirchner y Axel Kicillof se reunieron en San Jos\u00e9 1111","datePublished":"2025-10-02T12:53:20+00:00","dateModified":"2025-10-02T12:53:21+00:00","mainEntityOfPage":{"@id":"https:\/\/impactocastex.com.ar\/?p=1532"},"wordCount":817,"publisher":{"@id":"https:\/\/impactocastex.com.ar\/#organization"},"image":{"@id":"https:\/\/impactocastex.com.ar\/?p=1532#primaryimage"},"thumbnailUrl":"https:\/\/impactocastex.com.ar\/wp-content\/uploads\/2025\/10\/2123852.jpg","articleSection":["POLITICA"],"inLanguage":"es"},{"@type":"WebPage","@id":"https:\/\/impactocastex.com.ar\/?p=1532","url":"https:\/\/impactocastex.com.ar\/?p=1532","name":"Cristina Kirchner y Axel Kicillof se reunieron en San Jos\u00e9 1111 -","isPartOf":{"@id":"https:\/\/impactocastex.com.ar\/#website"},"primaryImageOfPage":{"@id":"https:\/\/impactocastex.com.ar\/?p=1532#primaryimage"},"image":{"@id":"https:\/\/impactocastex.com.ar\/?p=1532#primaryimage"},"thumbnailUrl":"https:\/\/impactocastex.com.ar\/wp-content\/uploads\/2025\/10\/2123852.jpg","datePublished":"2025-10-02T12:53:20+00:00","dateModified":"2025-10-02T12:53:21+00:00","breadcrumb":{"@id":"https:\/\/impactocastex.com.ar\/?p=1532#breadcrumb"},"inLanguage":"es","potentialAction":[{"@type":"ReadAction","target":["https:\/\/impactocastex.com.ar\/?p=1532"]}]},{"@type":"ImageObject","inLanguage":"es","@id":"https:\/\/impactocastex.com.ar\/?p=1532#primaryimage","url":"https:\/\/impactocastex.com.ar\/wp-content\/uploads\/2025\/10\/2123852.jpg","contentUrl":"https:\/\/impactocastex.com.ar\/wp-content\/uploads\/2025\/10\/2123852.jpg","width":1200,"height":631},{"@type":"BreadcrumbList","@id":"https:\/\/impactocastex.com.ar\/?p=1532#breadcrumb","itemListElement":[{"@type":"ListItem","position":1,"name":"Portada","item":"https:\/\/impactocastex.com.ar\/"},{"@type":"ListItem","position":2,"name":"Cristina Kirchner y Axel Kicillof se reunieron en San Jos\u00e9 1111"}]},{"@type":"WebSite","@id":"https:\/\/impactocastex.com.ar\/#website","url":"https:\/\/impactocastex.com.ar\/","name":"Impacto Castex","description":"","publisher":{"@id":"https:\/\/impactocastex.com.ar\/#organization"},"potentialAction":[{"@type":"SearchAction","target":{"@type":"EntryPoint","urlTemplate":"https:\/\/impactocastex.com.ar\/?s={search_term_string}"},"query-input":{"@type":"PropertyValueSpecification","valueRequired":true,"valueName":"search_term_string"}}],"inLanguage":"es"},{"@type":"Organization","@id":"https:\/\/impactocastex.com.ar\/#organization","name":"Impacto Castex","url":"https:\/\/impactocastex.com.ar\/","logo":{"@type":"ImageObject","inLanguage":"es","@id":"https:\/\/impactocastex.com.ar\/#\/schema\/logo\/image\/","url":"https:\/\/impactocastex.com.ar\/wp-content\/uploads\/2025\/09\/cropped-icoweb.png","contentUrl":"https:\/\/impactocastex.com.ar\/wp-content\/uploads\/2025\/09\/cropped-icoweb.png","width":512,"height":512,"caption":"Impacto Castex"},"image":{"@id":"https:\/\/impactocastex.com.ar\/#\/schema\/logo\/image\/"},"sameAs":["https:\/\/www.facebook.com\/impactocastexdiario","https:\/\/www.instagram.com\/impactocastex.com.ar\/"]},{"@type":"Person","@id":"https:\/\/impactocastex.com.ar\/#\/schema\/person\/c115028fb60f9bf49ce7550894b84ea7","name":"impactocastex","image":{"@type":"ImageObject","inLanguage":"es","@id":"https:\/\/secure.gravatar.com\/avatar\/fee87e7af008f02e9becdc0b5a9fd4a2e79b3918a571edeacb62211704637833?s=96&d=mm&r=g","url":"https:\/\/secure.gravatar.com\/avatar\/fee87e7af008f02e9becdc0b5a9fd4a2e79b3918a571edeacb62211704637833?s=96&d=mm&r=g","contentUrl":"https:\/\/secure.gravatar.com\/avatar\/fee87e7af008f02e9becdc0b5a9fd4a2e79b3918a571edeacb62211704637833?s=96&d=mm&r=g","caption":"impactocastex"},"sameAs":["https:\/\/impactocastex.com.ar\/"],"url":"https:\/\/impactocastex.com.ar\/?author=2"}]}},"jetpack_publicize_connections":[],"featured_image_urls":{"full":["https:\/\/impactocastex.com.ar\/wp-content\/uploads\/2025\/10\/2123852.jpg",1200,631,false],"thumbnail":["https:\/\/impactocastex.com.ar\/wp-content\/uploads\/2025\/10\/2123852-150x150.jpg",150,150,true],"medium":["https:\/\/impactocastex.com.ar\/wp-content\/uploads\/2025\/10\/2123852-300x158.jpg",300,158,true],"medium_large":["https:\/\/impactocastex.com.ar\/wp-content\/uploads\/2025\/10\/2123852-768x404.jpg",640,337,true],"large":["https:\/\/impactocastex.com.ar\/wp-content\/uploads\/2025\/10\/2123852-1024x538.jpg",640,336,true],"1536x1536":["https:\/\/impactocastex.com.ar\/wp-content\/uploads\/2025\/10\/2123852.jpg",1200,631,false],"2048x2048":["https:\/\/impactocastex.com.ar\/wp-content\/uploads\/2025\/10\/2123852.jpg",1200,631,false],"newsever-slider-full":["https:\/\/impactocastex.com.ar\/wp-content\/uploads\/2025\/10\/2123852.jpg",1200,631,false],"newsever-featured":["https:\/\/impactocastex.com.ar\/wp-content\/uploads\/2025\/10\/2123852-1024x538.jpg",1024,538,true],"newsever-medium":["https:\/\/impactocastex.com.ar\/wp-content\/uploads\/2025\/10\/2123852-720x475.jpg",720,475,true]},"author_info":{"info":["impactocastex"]},"category_info":"<a href=\"https:\/\/impactocastex.com.ar\/?cat=122\" rel=\"category\">POLITICA<\/a>","tag_info":"POLITICA","comment_count":0,"jetpack_featured_media_url":"https:\/\/impactocastex.com.ar\/wp-content\/uploads\/2025\/10\/2123852.jpg","jetpack_sharing_enabled":true,"jetpack_likes_enabled":true,"jetpack_shortlink":"https:\/\/wp.me\/p7sopA-oI","_links":{"self":[{"href":"https:\/\/impactocastex.com.ar\/index.php?rest_route=\/wp\/v2\/posts\/1532","targetHints":{"allow":["GET"]}}],"collection":[{"href":"https:\/\/impactocastex.com.ar\/index.php?rest_route=\/wp\/v2\/posts"}],"about":[{"href":"https:\/\/impactocastex.com.ar\/index.php?rest_route=\/wp\/v2\/types\/post"}],"author":[{"embeddable":true,"href":"https:\/\/impactocastex.com.ar\/index.php?rest_route=\/wp\/v2\/users\/2"}],"replies":[{"embeddable":true,"href":"https:\/\/impactocastex.com.ar\/index.php?rest_route=%2Fwp%2Fv2%2Fcomments&post=1532"}],"version-history":[{"count":1,"href":"https:\/\/impactocastex.com.ar\/index.php?rest_route=\/wp\/v2\/posts\/1532\/revisions"}],"predecessor-version":[{"id":1534,"href":"https:\/\/impactocastex.com.ar\/index.php?rest_route=\/wp\/v2\/posts\/1532\/revisions\/1534"}],"wp:featuredmedia":[{"embeddable":true,"href":"https:\/\/impactocastex.com.ar\/index.php?rest_route=\/wp\/v2\/media\/1533"}],"wp:attachment":[{"href":"https:\/\/impactocastex.com.ar\/index.php?rest_route=%2Fwp%2Fv2%2Fmedia&parent=1532"}],"wp:term":[{"taxonomy":"category","embeddable":true,"href":"https:\/\/impactocastex.com.ar\/index.php?rest_route=%2Fwp%2Fv2%2Fcategories&post=1532"},{"taxonomy":"post_tag","embeddable":true,"href":"https:\/\/impactocastex.com.ar\/index.php?rest_route=%2Fwp%2Fv2%2Ftags&post=1532"}],"curies":[{"name":"wp","href":"https:\/\/api.w.org\/{rel}","templated":true}]}}