{"id":1500,"date":"2025-10-01T10:32:01","date_gmt":"2025-10-01T13:32:01","guid":{"rendered":"https:\/\/impactocastex.com.ar\/?p=1500"},"modified":"2025-10-01T10:32:03","modified_gmt":"2025-10-01T13:32:03","slug":"detuvieron-en-peru-a-pequeno-j-presunto-autor-intelectual-del-triple-femicidio-narco","status":"publish","type":"post","link":"https:\/\/impactocastex.com.ar\/?p=1500","title":{"rendered":"Detuvieron en Per\u00fa a \u00abPeque\u00f1o J\u00bb, presunto autor intelectual del triple femicidio narco"},"content":{"rendered":"\n<p>Lo atrap\u00f3 la Polic\u00eda Bonaerense tras una serie de entrecruzamientos telef\u00f3nicos. Ya son nueve los detenidos por los cr\u00edmenes de Brenda, Morena y Lara<\/p>\n\n\n\n<p>La Polic\u00eda Bonaerense confirm\u00f3 este martes que detuvo en Per\u00fa a \u00abPeque\u00f1o J\u00bb, presunto autor intelectual del triple femicidio narco en Florencio Varela y que ten\u00eda pedido de captura internacional.<\/p>\n\n\n\n<p>El arresto se conoce apenas un poco m\u00e1s de una hora despu\u00e9s de que en Lima cayera su mano derecha, Mat\u00edas Agust\u00edn Ozorio; y as\u00ed ya son nueve los detenidos por los femicidios de Brenda del Castillo, Lara Guti\u00e9rrez y Morena Verdi.<\/p>\n\n\n\n<p><\/p>\n\n\n\n<p>Por el triple femicidio, los primeros en caer fueron Magal\u00ed Celeste Gonz\u00e1lez Guerrero (28), Andr\u00e9s Maximiliano Parra (18), Iara Daniela Ibarra (19) y Miguel \u00c1ngel Villanueva Silva (27), quienes ya fueron trasladados hacia el penal de Melchor Romero.<\/p>\n\n\n\n<p><\/p>\n\n\n\n<p>Este fin de semana fueron capturados V\u00edctor Sotacuro L\u00e1zaro, en la ciudad fronteriza de Villaz\u00f3n, en Bolivia; y Ariel Gim\u00e9nez, quien est\u00e1 acusado de cavar la fosa y enterrar a las v\u00edctimas.<\/p>\n\n\n\n<p>Florencia Ib\u00e1\u00f1ez, sobrina de Sotacuro L\u00e1zaro, en tanto fue aprehendida este lunes por haber estado en el mismo auto con su t\u00edo la noche del crimen de las chicas. Ambos fueron indagados en las \u00faltimas horas por el fiscal de Homicidios Carlos Adri\u00e1n Arribas y declararon.<\/p>\n\n\n\n<p>La investigaci\u00f3n por el triple femicidio en Florencio Varela siempre tuvo como principal sospecho a \u00abPeque\u00f1o J\u00bb, identificado como Tony Janzen Valverde Victoriano. La hip\u00f3tesis principal da cuenta que habr\u00eda planeado no solo la ejecuci\u00f3n de las v\u00edctimas, sino tambi\u00e9n la difusi\u00f3n en tiempo real del hecho a trav\u00e9s de las redes sociales.<\/p>\n\n\n\n<p>Seg\u00fan trascendi\u00f3, la decisi\u00f3n de transmitir el asesinato en vivo busc\u00f3 amplificar el impacto y dejar un mensaje expl\u00edcito. El ministro de Seguridad bonaerense, Javier Alonso, hab\u00eda comentado este fin de semana que pretend\u00eda expandirse al Bajo Flores con la venta de tusi y quer\u00eda desembarcar tambi\u00e9n en Florencio Varela.<\/p>\n","protected":false},"excerpt":{"rendered":"<p>Lo atrap\u00f3 la Polic\u00eda Bonaerense tras una serie de entrecruzamientos telef\u00f3nicos. Ya son nueve los&#8230;<\/p>\n","protected":false},"author":2,"featured_media":1501,"comment_status":"closed","ping_status":"closed","sticky":false,"template":"","format":"standard","meta":{"_jetpack_memberships_contains_paid_content":false,"footnotes":"","jetpack_publicize_message":"","jetpack_publicize_feature_enabled":true,"jetpack_social_post_already_shared":true,"jetpack_social_options":{"image_generator_settings":{"template":"highway","default_image_id":0,"font":"","enabled":false},"version":2}},"categories":[85],"tags":[],"class_list":["post-1500","post","type-post","status-publish","format-standard","has-post-thumbnail","hentry","category-policiales"],"yoast_head":"<!-- This site is optimized with the Yoast SEO plugin v27.4 - https:\/\/yoast.com\/product\/yoast-seo-wordpress\/ -->\n<title>Detuvieron en Per\u00fa a &quot;Peque\u00f1o J&quot;, presunto autor intelectual del triple femicidio narco -<\/title>\n<meta name=\"robots\" content=\"index, follow, max-snippet:-1, max-image-preview:large, max-video-preview:-1\" \/>\n<link rel=\"canonical\" href=\"https:\/\/impactocastex.com.ar\/?p=1500\" \/>\n<meta property=\"og:locale\" content=\"es_ES\" \/>\n<meta property=\"og:type\" content=\"article\" \/>\n<meta property=\"og:title\" content=\"Detuvieron en Per\u00fa a &quot;Peque\u00f1o J&quot;, presunto autor intelectual del triple femicidio narco -\" \/>\n<meta property=\"og:description\" content=\"Lo atrap\u00f3 la Polic\u00eda Bonaerense tras una serie de entrecruzamientos telef\u00f3nicos. Ya son nueve los...\" \/>\n<meta property=\"og:url\" content=\"https:\/\/impactocastex.com.ar\/?p=1500\" \/>\n<meta property=\"article:publisher\" content=\"https:\/\/www.facebook.com\/impactocastexdiario\" \/>\n<meta property=\"article:published_time\" content=\"2025-10-01T13:32:01+00:00\" \/>\n<meta property=\"article:modified_time\" content=\"2025-10-01T13:32:03+00:00\" \/>\n<meta property=\"og:image\" content=\"https:\/\/impactocastex.com.ar\/wp-content\/uploads\/2025\/10\/Captura-de-pantalla-2025-10-01-102950.png\" \/>\n\t<meta property=\"og:image:width\" content=\"708\" \/>\n\t<meta property=\"og:image:height\" content=\"405\" \/>\n\t<meta property=\"og:image:type\" content=\"image\/png\" \/>\n<meta name=\"author\" content=\"impactocastex\" \/>\n<meta name=\"twitter:card\" content=\"summary_large_image\" \/>\n<meta name=\"twitter:label1\" content=\"Escrito por\" \/>\n\t<meta name=\"twitter:data1\" content=\"impactocastex\" \/>\n\t<meta name=\"twitter:label2\" content=\"Tiempo de lectura\" \/>\n\t<meta name=\"twitter:data2\" content=\"2 minutos\" \/>\n<script type=\"application\/ld+json\" class=\"yoast-schema-graph\">{\"@context\":\"https:\\\/\\\/schema.org\",\"@graph\":[{\"@type\":\"Article\",\"@id\":\"https:\\\/\\\/impactocastex.com.ar\\\/?p=1500#article\",\"isPartOf\":{\"@id\":\"https:\\\/\\\/impactocastex.com.ar\\\/?p=1500\"},\"author\":{\"name\":\"impactocastex\",\"@id\":\"https:\\\/\\\/impactocastex.com.ar\\\/#\\\/schema\\\/person\\\/c115028fb60f9bf49ce7550894b84ea7\"},\"headline\":\"Detuvieron en Per\u00fa a \u00abPeque\u00f1o J\u00bb, presunto autor intelectual del triple femicidio narco\",\"datePublished\":\"2025-10-01T13:32:01+00:00\",\"dateModified\":\"2025-10-01T13:32:03+00:00\",\"mainEntityOfPage\":{\"@id\":\"https:\\\/\\\/impactocastex.com.ar\\\/?p=1500\"},\"wordCount\":363,\"publisher\":{\"@id\":\"https:\\\/\\\/impactocastex.com.ar\\\/#organization\"},\"image\":{\"@id\":\"https:\\\/\\\/impactocastex.com.ar\\\/?p=1500#primaryimage\"},\"thumbnailUrl\":\"https:\\\/\\\/impactocastex.com.ar\\\/wp-content\\\/uploads\\\/2025\\\/10\\\/Captura-de-pantalla-2025-10-01-102950.png\",\"articleSection\":[\"POLICIALES\"],\"inLanguage\":\"es\"},{\"@type\":\"WebPage\",\"@id\":\"https:\\\/\\\/impactocastex.com.ar\\\/?p=1500\",\"url\":\"https:\\\/\\\/impactocastex.com.ar\\\/?p=1500\",\"name\":\"Detuvieron en Per\u00fa a \\\"Peque\u00f1o J\\\", presunto autor intelectual del triple femicidio narco -\",\"isPartOf\":{\"@id\":\"https:\\\/\\\/impactocastex.com.ar\\\/#website\"},\"primaryImageOfPage\":{\"@id\":\"https:\\\/\\\/impactocastex.com.ar\\\/?p=1500#primaryimage\"},\"image\":{\"@id\":\"https:\\\/\\\/impactocastex.com.ar\\\/?p=1500#primaryimage\"},\"thumbnailUrl\":\"https:\\\/\\\/impactocastex.com.ar\\\/wp-content\\\/uploads\\\/2025\\\/10\\\/Captura-de-pantalla-2025-10-01-102950.png\",\"datePublished\":\"2025-10-01T13:32:01+00:00\",\"dateModified\":\"2025-10-01T13:32:03+00:00\",\"breadcrumb\":{\"@id\":\"https:\\\/\\\/impactocastex.com.ar\\\/?p=1500#breadcrumb\"},\"inLanguage\":\"es\",\"potentialAction\":[{\"@type\":\"ReadAction\",\"target\":[\"https:\\\/\\\/impactocastex.com.ar\\\/?p=1500\"]}]},{\"@type\":\"ImageObject\",\"inLanguage\":\"es\",\"@id\":\"https:\\\/\\\/impactocastex.com.ar\\\/?p=1500#primaryimage\",\"url\":\"https:\\\/\\\/impactocastex.com.ar\\\/wp-content\\\/uploads\\\/2025\\\/10\\\/Captura-de-pantalla-2025-10-01-102950.png\",\"contentUrl\":\"https:\\\/\\\/impactocastex.com.ar\\\/wp-content\\\/uploads\\\/2025\\\/10\\\/Captura-de-pantalla-2025-10-01-102950.png\",\"width\":708,\"height\":405},{\"@type\":\"BreadcrumbList\",\"@id\":\"https:\\\/\\\/impactocastex.com.ar\\\/?p=1500#breadcrumb\",\"itemListElement\":[{\"@type\":\"ListItem\",\"position\":1,\"name\":\"Portada\",\"item\":\"https:\\\/\\\/impactocastex.com.ar\\\/\"},{\"@type\":\"ListItem\",\"position\":2,\"name\":\"Detuvieron en Per\u00fa a &#8220;Peque\u00f1o J&#8221;, presunto autor intelectual del triple femicidio narco\"}]},{\"@type\":\"WebSite\",\"@id\":\"https:\\\/\\\/impactocastex.com.ar\\\/#website\",\"url\":\"https:\\\/\\\/impactocastex.com.ar\\\/\",\"name\":\"Impacto Castex\",\"description\":\"\",\"publisher\":{\"@id\":\"https:\\\/\\\/impactocastex.com.ar\\\/#organization\"},\"potentialAction\":[{\"@type\":\"SearchAction\",\"target\":{\"@type\":\"EntryPoint\",\"urlTemplate\":\"https:\\\/\\\/impactocastex.com.ar\\\/?s={search_term_string}\"},\"query-input\":{\"@type\":\"PropertyValueSpecification\",\"valueRequired\":true,\"valueName\":\"search_term_string\"}}],\"inLanguage\":\"es\"},{\"@type\":\"Organization\",\"@id\":\"https:\\\/\\\/impactocastex.com.ar\\\/#organization\",\"name\":\"Impacto Castex\",\"url\":\"https:\\\/\\\/impactocastex.com.ar\\\/\",\"logo\":{\"@type\":\"ImageObject\",\"inLanguage\":\"es\",\"@id\":\"https:\\\/\\\/impactocastex.com.ar\\\/#\\\/schema\\\/logo\\\/image\\\/\",\"url\":\"https:\\\/\\\/impactocastex.com.ar\\\/wp-content\\\/uploads\\\/2025\\\/09\\\/cropped-icoweb.png\",\"contentUrl\":\"https:\\\/\\\/impactocastex.com.ar\\\/wp-content\\\/uploads\\\/2025\\\/09\\\/cropped-icoweb.png\",\"width\":512,\"height\":512,\"caption\":\"Impacto Castex\"},\"image\":{\"@id\":\"https:\\\/\\\/impactocastex.com.ar\\\/#\\\/schema\\\/logo\\\/image\\\/\"},\"sameAs\":[\"https:\\\/\\\/www.facebook.com\\\/impactocastexdiario\",\"https:\\\/\\\/www.instagram.com\\\/impactocastex.com.ar\\\/\"]},{\"@type\":\"Person\",\"@id\":\"https:\\\/\\\/impactocastex.com.ar\\\/#\\\/schema\\\/person\\\/c115028fb60f9bf49ce7550894b84ea7\",\"name\":\"impactocastex\",\"image\":{\"@type\":\"ImageObject\",\"inLanguage\":\"es\",\"@id\":\"https:\\\/\\\/secure.gravatar.com\\\/avatar\\\/fee87e7af008f02e9becdc0b5a9fd4a2e79b3918a571edeacb62211704637833?s=96&d=mm&r=g\",\"url\":\"https:\\\/\\\/secure.gravatar.com\\\/avatar\\\/fee87e7af008f02e9becdc0b5a9fd4a2e79b3918a571edeacb62211704637833?s=96&d=mm&r=g\",\"contentUrl\":\"https:\\\/\\\/secure.gravatar.com\\\/avatar\\\/fee87e7af008f02e9becdc0b5a9fd4a2e79b3918a571edeacb62211704637833?s=96&d=mm&r=g\",\"caption\":\"impactocastex\"},\"sameAs\":[\"https:\\\/\\\/impactocastex.com.ar\\\/\"],\"url\":\"https:\\\/\\\/impactocastex.com.ar\\\/?author=2\"}]}<\/script>\n<!-- \/ Yoast SEO plugin. -->","yoast_head_json":{"title":"Detuvieron en Per\u00fa a \"Peque\u00f1o J\", presunto autor intelectual del triple femicidio narco -","robots":{"index":"index","follow":"follow","max-snippet":"max-snippet:-1","max-image-preview":"max-image-preview:large","max-video-preview":"max-video-preview:-1"},"canonical":"https:\/\/impactocastex.com.ar\/?p=1500","og_locale":"es_ES","og_type":"article","og_title":"Detuvieron en Per\u00fa a \"Peque\u00f1o J\", presunto autor intelectual del triple femicidio narco -","og_description":"Lo atrap\u00f3 la Polic\u00eda Bonaerense tras una serie de entrecruzamientos telef\u00f3nicos. Ya son nueve los...","og_url":"https:\/\/impactocastex.com.ar\/?p=1500","article_publisher":"https:\/\/www.facebook.com\/impactocastexdiario","article_published_time":"2025-10-01T13:32:01+00:00","article_modified_time":"2025-10-01T13:32:03+00:00","og_image":[{"width":708,"height":405,"url":"https:\/\/impactocastex.com.ar\/wp-content\/uploads\/2025\/10\/Captura-de-pantalla-2025-10-01-102950.png","type":"image\/png"}],"author":"impactocastex","twitter_card":"summary_large_image","twitter_misc":{"Escrito por":"impactocastex","Tiempo de lectura":"2 minutos"},"schema":{"@context":"https:\/\/schema.org","@graph":[{"@type":"Article","@id":"https:\/\/impactocastex.com.ar\/?p=1500#article","isPartOf":{"@id":"https:\/\/impactocastex.com.ar\/?p=1500"},"author":{"name":"impactocastex","@id":"https:\/\/impactocastex.com.ar\/#\/schema\/person\/c115028fb60f9bf49ce7550894b84ea7"},"headline":"Detuvieron en Per\u00fa a \u00abPeque\u00f1o J\u00bb, presunto autor intelectual del triple femicidio narco","datePublished":"2025-10-01T13:32:01+00:00","dateModified":"2025-10-01T13:32:03+00:00","mainEntityOfPage":{"@id":"https:\/\/impactocastex.com.ar\/?p=1500"},"wordCount":363,"publisher":{"@id":"https:\/\/impactocastex.com.ar\/#organization"},"image":{"@id":"https:\/\/impactocastex.com.ar\/?p=1500#primaryimage"},"thumbnailUrl":"https:\/\/impactocastex.com.ar\/wp-content\/uploads\/2025\/10\/Captura-de-pantalla-2025-10-01-102950.png","articleSection":["POLICIALES"],"inLanguage":"es"},{"@type":"WebPage","@id":"https:\/\/impactocastex.com.ar\/?p=1500","url":"https:\/\/impactocastex.com.ar\/?p=1500","name":"Detuvieron en Per\u00fa a \"Peque\u00f1o J\", presunto autor intelectual del triple femicidio narco -","isPartOf":{"@id":"https:\/\/impactocastex.com.ar\/#website"},"primaryImageOfPage":{"@id":"https:\/\/impactocastex.com.ar\/?p=1500#primaryimage"},"image":{"@id":"https:\/\/impactocastex.com.ar\/?p=1500#primaryimage"},"thumbnailUrl":"https:\/\/impactocastex.com.ar\/wp-content\/uploads\/2025\/10\/Captura-de-pantalla-2025-10-01-102950.png","datePublished":"2025-10-01T13:32:01+00:00","dateModified":"2025-10-01T13:32:03+00:00","breadcrumb":{"@id":"https:\/\/impactocastex.com.ar\/?p=1500#breadcrumb"},"inLanguage":"es","potentialAction":[{"@type":"ReadAction","target":["https:\/\/impactocastex.com.ar\/?p=1500"]}]},{"@type":"ImageObject","inLanguage":"es","@id":"https:\/\/impactocastex.com.ar\/?p=1500#primaryimage","url":"https:\/\/impactocastex.com.ar\/wp-content\/uploads\/2025\/10\/Captura-de-pantalla-2025-10-01-102950.png","contentUrl":"https:\/\/impactocastex.com.ar\/wp-content\/uploads\/2025\/10\/Captura-de-pantalla-2025-10-01-102950.png","width":708,"height":405},{"@type":"BreadcrumbList","@id":"https:\/\/impactocastex.com.ar\/?p=1500#breadcrumb","itemListElement":[{"@type":"ListItem","position":1,"name":"Portada","item":"https:\/\/impactocastex.com.ar\/"},{"@type":"ListItem","position":2,"name":"Detuvieron en Per\u00fa a &#8220;Peque\u00f1o J&#8221;, presunto autor intelectual del triple femicidio narco"}]},{"@type":"WebSite","@id":"https:\/\/impactocastex.com.ar\/#website","url":"https:\/\/impactocastex.com.ar\/","name":"Impacto Castex","description":"","publisher":{"@id":"https:\/\/impactocastex.com.ar\/#organization"},"potentialAction":[{"@type":"SearchAction","target":{"@type":"EntryPoint","urlTemplate":"https:\/\/impactocastex.com.ar\/?s={search_term_string}"},"query-input":{"@type":"PropertyValueSpecification","valueRequired":true,"valueName":"search_term_string"}}],"inLanguage":"es"},{"@type":"Organization","@id":"https:\/\/impactocastex.com.ar\/#organization","name":"Impacto Castex","url":"https:\/\/impactocastex.com.ar\/","logo":{"@type":"ImageObject","inLanguage":"es","@id":"https:\/\/impactocastex.com.ar\/#\/schema\/logo\/image\/","url":"https:\/\/impactocastex.com.ar\/wp-content\/uploads\/2025\/09\/cropped-icoweb.png","contentUrl":"https:\/\/impactocastex.com.ar\/wp-content\/uploads\/2025\/09\/cropped-icoweb.png","width":512,"height":512,"caption":"Impacto Castex"},"image":{"@id":"https:\/\/impactocastex.com.ar\/#\/schema\/logo\/image\/"},"sameAs":["https:\/\/www.facebook.com\/impactocastexdiario","https:\/\/www.instagram.com\/impactocastex.com.ar\/"]},{"@type":"Person","@id":"https:\/\/impactocastex.com.ar\/#\/schema\/person\/c115028fb60f9bf49ce7550894b84ea7","name":"impactocastex","image":{"@type":"ImageObject","inLanguage":"es","@id":"https:\/\/secure.gravatar.com\/avatar\/fee87e7af008f02e9becdc0b5a9fd4a2e79b3918a571edeacb62211704637833?s=96&d=mm&r=g","url":"https:\/\/secure.gravatar.com\/avatar\/fee87e7af008f02e9becdc0b5a9fd4a2e79b3918a571edeacb62211704637833?s=96&d=mm&r=g","contentUrl":"https:\/\/secure.gravatar.com\/avatar\/fee87e7af008f02e9becdc0b5a9fd4a2e79b3918a571edeacb62211704637833?s=96&d=mm&r=g","caption":"impactocastex"},"sameAs":["https:\/\/impactocastex.com.ar\/"],"url":"https:\/\/impactocastex.com.ar\/?author=2"}]}},"jetpack_publicize_connections":[],"featured_image_urls":{"full":["https:\/\/impactocastex.com.ar\/wp-content\/uploads\/2025\/10\/Captura-de-pantalla-2025-10-01-102950.png",708,405,false],"thumbnail":["https:\/\/impactocastex.com.ar\/wp-content\/uploads\/2025\/10\/Captura-de-pantalla-2025-10-01-102950-150x150.png",150,150,true],"medium":["https:\/\/impactocastex.com.ar\/wp-content\/uploads\/2025\/10\/Captura-de-pantalla-2025-10-01-102950-300x172.png",300,172,true],"medium_large":["https:\/\/impactocastex.com.ar\/wp-content\/uploads\/2025\/10\/Captura-de-pantalla-2025-10-01-102950.png",640,366,false],"large":["https:\/\/impactocastex.com.ar\/wp-content\/uploads\/2025\/10\/Captura-de-pantalla-2025-10-01-102950.png",640,366,false],"1536x1536":["https:\/\/impactocastex.com.ar\/wp-content\/uploads\/2025\/10\/Captura-de-pantalla-2025-10-01-102950.png",708,405,false],"2048x2048":["https:\/\/impactocastex.com.ar\/wp-content\/uploads\/2025\/10\/Captura-de-pantalla-2025-10-01-102950.png",708,405,false],"newsever-slider-full":["https:\/\/impactocastex.com.ar\/wp-content\/uploads\/2025\/10\/Captura-de-pantalla-2025-10-01-102950.png",708,405,false],"newsever-featured":["https:\/\/impactocastex.com.ar\/wp-content\/uploads\/2025\/10\/Captura-de-pantalla-2025-10-01-102950.png",708,405,false],"newsever-medium":["https:\/\/impactocastex.com.ar\/wp-content\/uploads\/2025\/10\/Captura-de-pantalla-2025-10-01-102950.png",708,405,false]},"author_info":{"info":["impactocastex"]},"category_info":"<a href=\"https:\/\/impactocastex.com.ar\/?cat=85\" rel=\"category\">POLICIALES<\/a>","tag_info":"POLICIALES","comment_count":0,"jetpack_featured_media_url":"https:\/\/impactocastex.com.ar\/wp-content\/uploads\/2025\/10\/Captura-de-pantalla-2025-10-01-102950.png","jetpack_sharing_enabled":true,"jetpack_likes_enabled":true,"jetpack_shortlink":"https:\/\/wp.me\/p7sopA-oc","_links":{"self":[{"href":"https:\/\/impactocastex.com.ar\/index.php?rest_route=\/wp\/v2\/posts\/1500","targetHints":{"allow":["GET"]}}],"collection":[{"href":"https:\/\/impactocastex.com.ar\/index.php?rest_route=\/wp\/v2\/posts"}],"about":[{"href":"https:\/\/impactocastex.com.ar\/index.php?rest_route=\/wp\/v2\/types\/post"}],"author":[{"embeddable":true,"href":"https:\/\/impactocastex.com.ar\/index.php?rest_route=\/wp\/v2\/users\/2"}],"replies":[{"embeddable":true,"href":"https:\/\/impactocastex.com.ar\/index.php?rest_route=%2Fwp%2Fv2%2Fcomments&post=1500"}],"version-history":[{"count":1,"href":"https:\/\/impactocastex.com.ar\/index.php?rest_route=\/wp\/v2\/posts\/1500\/revisions"}],"predecessor-version":[{"id":1503,"href":"https:\/\/impactocastex.com.ar\/index.php?rest_route=\/wp\/v2\/posts\/1500\/revisions\/1503"}],"wp:featuredmedia":[{"embeddable":true,"href":"https:\/\/impactocastex.com.ar\/index.php?rest_route=\/wp\/v2\/media\/1501"}],"wp:attachment":[{"href":"https:\/\/impactocastex.com.ar\/index.php?rest_route=%2Fwp%2Fv2%2Fmedia&parent=1500"}],"wp:term":[{"taxonomy":"category","embeddable":true,"href":"https:\/\/impactocastex.com.ar\/index.php?rest_route=%2Fwp%2Fv2%2Fcategories&post=1500"},{"taxonomy":"post_tag","embeddable":true,"href":"https:\/\/impactocastex.com.ar\/index.php?rest_route=%2Fwp%2Fv2%2Ftags&post=1500"}],"curies":[{"name":"wp","href":"https:\/\/api.w.org\/{rel}","templated":true}]}}