{"id":1486,"date":"2025-10-01T10:13:44","date_gmt":"2025-10-01T13:13:44","guid":{"rendered":"https:\/\/impactocastex.com.ar\/?p=1486"},"modified":"2025-10-01T10:13:46","modified_gmt":"2025-10-01T13:13:46","slug":"tenia-pedido-de-detencion-por-violencia-de-genero-y-fue-capturado-en-la-calle","status":"publish","type":"post","link":"https:\/\/impactocastex.com.ar\/?p=1486","title":{"rendered":"Ten\u00eda pedido de detenci\u00f3n por violencia de g\u00e9nero y fue capturado en la calle"},"content":{"rendered":"\n<p>Personal de la Seccional S\u00e9ptima identific\u00f3 al sospechoso y lo detuvo. Qued\u00f3 a disposici\u00f3n del Ministerio P\u00fablico Fiscal.<\/p>\n\n\n\n<p>Un hombre con antecedentes fue detenido en la tarde de este martes en la zona Este de Santa Rosa, en la calle Gaich casi Blanco Encalada, por una causa relacionada con violencia de g\u00e9nero.<\/p>\n\n\n\n<p>La detenci\u00f3n se produjo durante un operativo de control policial. Al identificar al sujeto y consultar sus antecedentes en el Departamento Judicial, la Polic\u00eda de la Seccional S\u00e9ptima constat\u00f3 que pesaba sobre \u00e9l un pedido de detenci\u00f3n por \u00abinfracci\u00f3n a la Ley 26.485\u00bb, que ampara la protecci\u00f3n integral de las mujeres.<\/p>\n\n\n\n<p>El hombre, de quien no se revel\u00f3 su identidad, fue notificado de su detenci\u00f3n y qued\u00f3 alojado en la dependencia policial a disposici\u00f3n del Ministerio P\u00fablico Fiscal.<\/p>\n\n\n\n<p><\/p>\n","protected":false},"excerpt":{"rendered":"<p>Personal de la Seccional S\u00e9ptima identific\u00f3 al sospechoso y lo detuvo. Qued\u00f3 a disposici\u00f3n del&#8230;<\/p>\n","protected":false},"author":2,"featured_media":1487,"comment_status":"closed","ping_status":"closed","sticky":false,"template":"","format":"standard","meta":{"_jetpack_memberships_contains_paid_content":false,"footnotes":"","jetpack_publicize_message":"","jetpack_publicize_feature_enabled":true,"jetpack_social_post_already_shared":true,"jetpack_social_options":{"image_generator_settings":{"template":"highway","default_image_id":0,"font":"","enabled":false},"version":2}},"categories":[83],"tags":[],"class_list":["post-1486","post","type-post","status-publish","format-standard","has-post-thumbnail","hentry","category-la-pampa"],"yoast_head":"<!-- This site is optimized with the Yoast SEO plugin v27.4 - https:\/\/yoast.com\/product\/yoast-seo-wordpress\/ -->\n<title>Ten\u00eda pedido de detenci\u00f3n por violencia de g\u00e9nero y fue capturado en la calle -<\/title>\n<meta name=\"robots\" content=\"index, follow, max-snippet:-1, max-image-preview:large, max-video-preview:-1\" \/>\n<link rel=\"canonical\" href=\"https:\/\/impactocastex.com.ar\/?p=1486\" \/>\n<meta property=\"og:locale\" content=\"es_ES\" \/>\n<meta property=\"og:type\" content=\"article\" \/>\n<meta property=\"og:title\" content=\"Ten\u00eda pedido de detenci\u00f3n por violencia de g\u00e9nero y fue capturado en la calle -\" \/>\n<meta property=\"og:description\" content=\"Personal de la Seccional S\u00e9ptima identific\u00f3 al sospechoso y lo detuvo. Qued\u00f3 a disposici\u00f3n del...\" \/>\n<meta property=\"og:url\" content=\"https:\/\/impactocastex.com.ar\/?p=1486\" \/>\n<meta property=\"article:publisher\" content=\"https:\/\/www.facebook.com\/impactocastexdiario\" \/>\n<meta property=\"article:published_time\" content=\"2025-10-01T13:13:44+00:00\" \/>\n<meta property=\"article:modified_time\" content=\"2025-10-01T13:13:46+00:00\" \/>\n<meta property=\"og:image\" content=\"https:\/\/impactocastex.com.ar\/wp-content\/uploads\/2025\/10\/2123784.jpg\" \/>\n\t<meta property=\"og:image:width\" content=\"1200\" \/>\n\t<meta property=\"og:image:height\" content=\"631\" \/>\n\t<meta property=\"og:image:type\" content=\"image\/jpeg\" \/>\n<meta name=\"author\" content=\"impactocastex\" \/>\n<meta name=\"twitter:card\" content=\"summary_large_image\" \/>\n<meta name=\"twitter:label1\" content=\"Escrito por\" \/>\n\t<meta name=\"twitter:data1\" content=\"impactocastex\" \/>\n\t<meta name=\"twitter:label2\" content=\"Tiempo de lectura\" \/>\n\t<meta name=\"twitter:data2\" content=\"1 minuto\" \/>\n<script type=\"application\/ld+json\" class=\"yoast-schema-graph\">{\"@context\":\"https:\\\/\\\/schema.org\",\"@graph\":[{\"@type\":\"Article\",\"@id\":\"https:\\\/\\\/impactocastex.com.ar\\\/?p=1486#article\",\"isPartOf\":{\"@id\":\"https:\\\/\\\/impactocastex.com.ar\\\/?p=1486\"},\"author\":{\"name\":\"impactocastex\",\"@id\":\"https:\\\/\\\/impactocastex.com.ar\\\/#\\\/schema\\\/person\\\/c115028fb60f9bf49ce7550894b84ea7\"},\"headline\":\"Ten\u00eda pedido de detenci\u00f3n por violencia de g\u00e9nero y fue capturado en la calle\",\"datePublished\":\"2025-10-01T13:13:44+00:00\",\"dateModified\":\"2025-10-01T13:13:46+00:00\",\"mainEntityOfPage\":{\"@id\":\"https:\\\/\\\/impactocastex.com.ar\\\/?p=1486\"},\"wordCount\":159,\"publisher\":{\"@id\":\"https:\\\/\\\/impactocastex.com.ar\\\/#organization\"},\"image\":{\"@id\":\"https:\\\/\\\/impactocastex.com.ar\\\/?p=1486#primaryimage\"},\"thumbnailUrl\":\"https:\\\/\\\/impactocastex.com.ar\\\/wp-content\\\/uploads\\\/2025\\\/10\\\/2123784.jpg\",\"articleSection\":[\"LA PAMPA\"],\"inLanguage\":\"es\"},{\"@type\":\"WebPage\",\"@id\":\"https:\\\/\\\/impactocastex.com.ar\\\/?p=1486\",\"url\":\"https:\\\/\\\/impactocastex.com.ar\\\/?p=1486\",\"name\":\"Ten\u00eda pedido de detenci\u00f3n por violencia de g\u00e9nero y fue capturado en la calle -\",\"isPartOf\":{\"@id\":\"https:\\\/\\\/impactocastex.com.ar\\\/#website\"},\"primaryImageOfPage\":{\"@id\":\"https:\\\/\\\/impactocastex.com.ar\\\/?p=1486#primaryimage\"},\"image\":{\"@id\":\"https:\\\/\\\/impactocastex.com.ar\\\/?p=1486#primaryimage\"},\"thumbnailUrl\":\"https:\\\/\\\/impactocastex.com.ar\\\/wp-content\\\/uploads\\\/2025\\\/10\\\/2123784.jpg\",\"datePublished\":\"2025-10-01T13:13:44+00:00\",\"dateModified\":\"2025-10-01T13:13:46+00:00\",\"breadcrumb\":{\"@id\":\"https:\\\/\\\/impactocastex.com.ar\\\/?p=1486#breadcrumb\"},\"inLanguage\":\"es\",\"potentialAction\":[{\"@type\":\"ReadAction\",\"target\":[\"https:\\\/\\\/impactocastex.com.ar\\\/?p=1486\"]}]},{\"@type\":\"ImageObject\",\"inLanguage\":\"es\",\"@id\":\"https:\\\/\\\/impactocastex.com.ar\\\/?p=1486#primaryimage\",\"url\":\"https:\\\/\\\/impactocastex.com.ar\\\/wp-content\\\/uploads\\\/2025\\\/10\\\/2123784.jpg\",\"contentUrl\":\"https:\\\/\\\/impactocastex.com.ar\\\/wp-content\\\/uploads\\\/2025\\\/10\\\/2123784.jpg\",\"width\":1200,\"height\":631},{\"@type\":\"BreadcrumbList\",\"@id\":\"https:\\\/\\\/impactocastex.com.ar\\\/?p=1486#breadcrumb\",\"itemListElement\":[{\"@type\":\"ListItem\",\"position\":1,\"name\":\"Portada\",\"item\":\"https:\\\/\\\/impactocastex.com.ar\\\/\"},{\"@type\":\"ListItem\",\"position\":2,\"name\":\"Ten\u00eda pedido de detenci\u00f3n por violencia de g\u00e9nero y fue capturado en la calle\"}]},{\"@type\":\"WebSite\",\"@id\":\"https:\\\/\\\/impactocastex.com.ar\\\/#website\",\"url\":\"https:\\\/\\\/impactocastex.com.ar\\\/\",\"name\":\"Impacto Castex\",\"description\":\"\",\"publisher\":{\"@id\":\"https:\\\/\\\/impactocastex.com.ar\\\/#organization\"},\"potentialAction\":[{\"@type\":\"SearchAction\",\"target\":{\"@type\":\"EntryPoint\",\"urlTemplate\":\"https:\\\/\\\/impactocastex.com.ar\\\/?s={search_term_string}\"},\"query-input\":{\"@type\":\"PropertyValueSpecification\",\"valueRequired\":true,\"valueName\":\"search_term_string\"}}],\"inLanguage\":\"es\"},{\"@type\":\"Organization\",\"@id\":\"https:\\\/\\\/impactocastex.com.ar\\\/#organization\",\"name\":\"Impacto Castex\",\"url\":\"https:\\\/\\\/impactocastex.com.ar\\\/\",\"logo\":{\"@type\":\"ImageObject\",\"inLanguage\":\"es\",\"@id\":\"https:\\\/\\\/impactocastex.com.ar\\\/#\\\/schema\\\/logo\\\/image\\\/\",\"url\":\"https:\\\/\\\/impactocastex.com.ar\\\/wp-content\\\/uploads\\\/2025\\\/09\\\/cropped-icoweb.png\",\"contentUrl\":\"https:\\\/\\\/impactocastex.com.ar\\\/wp-content\\\/uploads\\\/2025\\\/09\\\/cropped-icoweb.png\",\"width\":512,\"height\":512,\"caption\":\"Impacto Castex\"},\"image\":{\"@id\":\"https:\\\/\\\/impactocastex.com.ar\\\/#\\\/schema\\\/logo\\\/image\\\/\"},\"sameAs\":[\"https:\\\/\\\/www.facebook.com\\\/impactocastexdiario\",\"https:\\\/\\\/www.instagram.com\\\/impactocastex.com.ar\\\/\"]},{\"@type\":\"Person\",\"@id\":\"https:\\\/\\\/impactocastex.com.ar\\\/#\\\/schema\\\/person\\\/c115028fb60f9bf49ce7550894b84ea7\",\"name\":\"impactocastex\",\"image\":{\"@type\":\"ImageObject\",\"inLanguage\":\"es\",\"@id\":\"https:\\\/\\\/secure.gravatar.com\\\/avatar\\\/fee87e7af008f02e9becdc0b5a9fd4a2e79b3918a571edeacb62211704637833?s=96&d=mm&r=g\",\"url\":\"https:\\\/\\\/secure.gravatar.com\\\/avatar\\\/fee87e7af008f02e9becdc0b5a9fd4a2e79b3918a571edeacb62211704637833?s=96&d=mm&r=g\",\"contentUrl\":\"https:\\\/\\\/secure.gravatar.com\\\/avatar\\\/fee87e7af008f02e9becdc0b5a9fd4a2e79b3918a571edeacb62211704637833?s=96&d=mm&r=g\",\"caption\":\"impactocastex\"},\"sameAs\":[\"https:\\\/\\\/impactocastex.com.ar\\\/\"],\"url\":\"https:\\\/\\\/impactocastex.com.ar\\\/?author=2\"}]}<\/script>\n<!-- \/ Yoast SEO plugin. -->","yoast_head_json":{"title":"Ten\u00eda pedido de detenci\u00f3n por violencia de g\u00e9nero y fue capturado en la calle -","robots":{"index":"index","follow":"follow","max-snippet":"max-snippet:-1","max-image-preview":"max-image-preview:large","max-video-preview":"max-video-preview:-1"},"canonical":"https:\/\/impactocastex.com.ar\/?p=1486","og_locale":"es_ES","og_type":"article","og_title":"Ten\u00eda pedido de detenci\u00f3n por violencia de g\u00e9nero y fue capturado en la calle -","og_description":"Personal de la Seccional S\u00e9ptima identific\u00f3 al sospechoso y lo detuvo. Qued\u00f3 a disposici\u00f3n del...","og_url":"https:\/\/impactocastex.com.ar\/?p=1486","article_publisher":"https:\/\/www.facebook.com\/impactocastexdiario","article_published_time":"2025-10-01T13:13:44+00:00","article_modified_time":"2025-10-01T13:13:46+00:00","og_image":[{"width":1200,"height":631,"url":"https:\/\/impactocastex.com.ar\/wp-content\/uploads\/2025\/10\/2123784.jpg","type":"image\/jpeg"}],"author":"impactocastex","twitter_card":"summary_large_image","twitter_misc":{"Escrito por":"impactocastex","Tiempo de lectura":"1 minuto"},"schema":{"@context":"https:\/\/schema.org","@graph":[{"@type":"Article","@id":"https:\/\/impactocastex.com.ar\/?p=1486#article","isPartOf":{"@id":"https:\/\/impactocastex.com.ar\/?p=1486"},"author":{"name":"impactocastex","@id":"https:\/\/impactocastex.com.ar\/#\/schema\/person\/c115028fb60f9bf49ce7550894b84ea7"},"headline":"Ten\u00eda pedido de detenci\u00f3n por violencia de g\u00e9nero y fue capturado en la calle","datePublished":"2025-10-01T13:13:44+00:00","dateModified":"2025-10-01T13:13:46+00:00","mainEntityOfPage":{"@id":"https:\/\/impactocastex.com.ar\/?p=1486"},"wordCount":159,"publisher":{"@id":"https:\/\/impactocastex.com.ar\/#organization"},"image":{"@id":"https:\/\/impactocastex.com.ar\/?p=1486#primaryimage"},"thumbnailUrl":"https:\/\/impactocastex.com.ar\/wp-content\/uploads\/2025\/10\/2123784.jpg","articleSection":["LA PAMPA"],"inLanguage":"es"},{"@type":"WebPage","@id":"https:\/\/impactocastex.com.ar\/?p=1486","url":"https:\/\/impactocastex.com.ar\/?p=1486","name":"Ten\u00eda pedido de detenci\u00f3n por violencia de g\u00e9nero y fue capturado en la calle -","isPartOf":{"@id":"https:\/\/impactocastex.com.ar\/#website"},"primaryImageOfPage":{"@id":"https:\/\/impactocastex.com.ar\/?p=1486#primaryimage"},"image":{"@id":"https:\/\/impactocastex.com.ar\/?p=1486#primaryimage"},"thumbnailUrl":"https:\/\/impactocastex.com.ar\/wp-content\/uploads\/2025\/10\/2123784.jpg","datePublished":"2025-10-01T13:13:44+00:00","dateModified":"2025-10-01T13:13:46+00:00","breadcrumb":{"@id":"https:\/\/impactocastex.com.ar\/?p=1486#breadcrumb"},"inLanguage":"es","potentialAction":[{"@type":"ReadAction","target":["https:\/\/impactocastex.com.ar\/?p=1486"]}]},{"@type":"ImageObject","inLanguage":"es","@id":"https:\/\/impactocastex.com.ar\/?p=1486#primaryimage","url":"https:\/\/impactocastex.com.ar\/wp-content\/uploads\/2025\/10\/2123784.jpg","contentUrl":"https:\/\/impactocastex.com.ar\/wp-content\/uploads\/2025\/10\/2123784.jpg","width":1200,"height":631},{"@type":"BreadcrumbList","@id":"https:\/\/impactocastex.com.ar\/?p=1486#breadcrumb","itemListElement":[{"@type":"ListItem","position":1,"name":"Portada","item":"https:\/\/impactocastex.com.ar\/"},{"@type":"ListItem","position":2,"name":"Ten\u00eda pedido de detenci\u00f3n por violencia de g\u00e9nero y fue capturado en la calle"}]},{"@type":"WebSite","@id":"https:\/\/impactocastex.com.ar\/#website","url":"https:\/\/impactocastex.com.ar\/","name":"Impacto Castex","description":"","publisher":{"@id":"https:\/\/impactocastex.com.ar\/#organization"},"potentialAction":[{"@type":"SearchAction","target":{"@type":"EntryPoint","urlTemplate":"https:\/\/impactocastex.com.ar\/?s={search_term_string}"},"query-input":{"@type":"PropertyValueSpecification","valueRequired":true,"valueName":"search_term_string"}}],"inLanguage":"es"},{"@type":"Organization","@id":"https:\/\/impactocastex.com.ar\/#organization","name":"Impacto Castex","url":"https:\/\/impactocastex.com.ar\/","logo":{"@type":"ImageObject","inLanguage":"es","@id":"https:\/\/impactocastex.com.ar\/#\/schema\/logo\/image\/","url":"https:\/\/impactocastex.com.ar\/wp-content\/uploads\/2025\/09\/cropped-icoweb.png","contentUrl":"https:\/\/impactocastex.com.ar\/wp-content\/uploads\/2025\/09\/cropped-icoweb.png","width":512,"height":512,"caption":"Impacto Castex"},"image":{"@id":"https:\/\/impactocastex.com.ar\/#\/schema\/logo\/image\/"},"sameAs":["https:\/\/www.facebook.com\/impactocastexdiario","https:\/\/www.instagram.com\/impactocastex.com.ar\/"]},{"@type":"Person","@id":"https:\/\/impactocastex.com.ar\/#\/schema\/person\/c115028fb60f9bf49ce7550894b84ea7","name":"impactocastex","image":{"@type":"ImageObject","inLanguage":"es","@id":"https:\/\/secure.gravatar.com\/avatar\/fee87e7af008f02e9becdc0b5a9fd4a2e79b3918a571edeacb62211704637833?s=96&d=mm&r=g","url":"https:\/\/secure.gravatar.com\/avatar\/fee87e7af008f02e9becdc0b5a9fd4a2e79b3918a571edeacb62211704637833?s=96&d=mm&r=g","contentUrl":"https:\/\/secure.gravatar.com\/avatar\/fee87e7af008f02e9becdc0b5a9fd4a2e79b3918a571edeacb62211704637833?s=96&d=mm&r=g","caption":"impactocastex"},"sameAs":["https:\/\/impactocastex.com.ar\/"],"url":"https:\/\/impactocastex.com.ar\/?author=2"}]}},"jetpack_publicize_connections":[],"featured_image_urls":{"full":["https:\/\/impactocastex.com.ar\/wp-content\/uploads\/2025\/10\/2123784.jpg",1200,631,false],"thumbnail":["https:\/\/impactocastex.com.ar\/wp-content\/uploads\/2025\/10\/2123784-150x150.jpg",150,150,true],"medium":["https:\/\/impactocastex.com.ar\/wp-content\/uploads\/2025\/10\/2123784-300x158.jpg",300,158,true],"medium_large":["https:\/\/impactocastex.com.ar\/wp-content\/uploads\/2025\/10\/2123784-768x404.jpg",640,337,true],"large":["https:\/\/impactocastex.com.ar\/wp-content\/uploads\/2025\/10\/2123784-1024x538.jpg",640,336,true],"1536x1536":["https:\/\/impactocastex.com.ar\/wp-content\/uploads\/2025\/10\/2123784.jpg",1200,631,false],"2048x2048":["https:\/\/impactocastex.com.ar\/wp-content\/uploads\/2025\/10\/2123784.jpg",1200,631,false],"newsever-slider-full":["https:\/\/impactocastex.com.ar\/wp-content\/uploads\/2025\/10\/2123784.jpg",1200,631,false],"newsever-featured":["https:\/\/impactocastex.com.ar\/wp-content\/uploads\/2025\/10\/2123784-1024x538.jpg",1024,538,true],"newsever-medium":["https:\/\/impactocastex.com.ar\/wp-content\/uploads\/2025\/10\/2123784-720x475.jpg",720,475,true]},"author_info":{"info":["impactocastex"]},"category_info":"<a href=\"https:\/\/impactocastex.com.ar\/?cat=83\" rel=\"category\">LA PAMPA<\/a>","tag_info":"LA PAMPA","comment_count":0,"jetpack_featured_media_url":"https:\/\/impactocastex.com.ar\/wp-content\/uploads\/2025\/10\/2123784.jpg","jetpack_sharing_enabled":true,"jetpack_likes_enabled":true,"jetpack_shortlink":"https:\/\/wp.me\/p7sopA-nY","_links":{"self":[{"href":"https:\/\/impactocastex.com.ar\/index.php?rest_route=\/wp\/v2\/posts\/1486","targetHints":{"allow":["GET"]}}],"collection":[{"href":"https:\/\/impactocastex.com.ar\/index.php?rest_route=\/wp\/v2\/posts"}],"about":[{"href":"https:\/\/impactocastex.com.ar\/index.php?rest_route=\/wp\/v2\/types\/post"}],"author":[{"embeddable":true,"href":"https:\/\/impactocastex.com.ar\/index.php?rest_route=\/wp\/v2\/users\/2"}],"replies":[{"embeddable":true,"href":"https:\/\/impactocastex.com.ar\/index.php?rest_route=%2Fwp%2Fv2%2Fcomments&post=1486"}],"version-history":[{"count":1,"href":"https:\/\/impactocastex.com.ar\/index.php?rest_route=\/wp\/v2\/posts\/1486\/revisions"}],"predecessor-version":[{"id":1488,"href":"https:\/\/impactocastex.com.ar\/index.php?rest_route=\/wp\/v2\/posts\/1486\/revisions\/1488"}],"wp:featuredmedia":[{"embeddable":true,"href":"https:\/\/impactocastex.com.ar\/index.php?rest_route=\/wp\/v2\/media\/1487"}],"wp:attachment":[{"href":"https:\/\/impactocastex.com.ar\/index.php?rest_route=%2Fwp%2Fv2%2Fmedia&parent=1486"}],"wp:term":[{"taxonomy":"category","embeddable":true,"href":"https:\/\/impactocastex.com.ar\/index.php?rest_route=%2Fwp%2Fv2%2Fcategories&post=1486"},{"taxonomy":"post_tag","embeddable":true,"href":"https:\/\/impactocastex.com.ar\/index.php?rest_route=%2Fwp%2Fv2%2Ftags&post=1486"}],"curies":[{"name":"wp","href":"https:\/\/api.w.org\/{rel}","templated":true}]}}