{"id":1453,"date":"2025-09-29T10:54:55","date_gmt":"2025-09-29T13:54:55","guid":{"rendered":"https:\/\/impactocastex.com.ar\/?p=1453"},"modified":"2025-09-29T10:54:56","modified_gmt":"2025-09-29T13:54:56","slug":"milei-recorrera-mas-de-diez-provincias-e-iniciara-por-tierra-del-fuego","status":"publish","type":"post","link":"https:\/\/impactocastex.com.ar\/?p=1453","title":{"rendered":"Milei recorrer\u00e1 m\u00e1s de diez provincias e iniciar\u00e1 por Tierra del Fuego"},"content":{"rendered":"\n<p><strong>Tras el acto formal de inicio del per\u00edodo proselitista en C\u00f3rdoba, el Presidente toma protagonismo en la disputa por las elecciones del 26 de octubre.<\/strong><\/p>\n\n\n\n<p>El presidente&nbsp;Javier Milei&nbsp;visitar\u00e1 este lunes la ciudad de&nbsp;Ushuaia, ubicada en la provincia de&nbsp;Tierra del Fuego, en un nuevo acto de campa\u00f1a que protagonizar\u00e1 con intenci\u00f3n de respaldar a sus candidatos locales y en&nbsp;La Libertad Avanza&nbsp;trabajan para concretar el desembarco del mandatario en otras diez provincias m\u00e1s.<\/p>\n\n\n\n<p>A poco menos de un mes las elecciones legislativas nacionales del 26 de octubre, el jefe de Estado como actor protag\u00f3nico, anticip\u00f3 la visita a la ciudad fueguina en una nueva actividad de campa\u00f1a. \u201cNos vemos en&nbsp;Tierra del Fuego\u201d, anunci\u00f3 a trav\u00e9s de su cuenta de&nbsp;X.<\/p>\n\n\n\n<p>\u201cA no aflojar. A no tirar el esfuerzo a la basura.&nbsp;La Libertad Avanza&nbsp;o la&nbsp;Argentina&nbsp;retrocede. \u00a1Viva la libertad carajo!\u201d, concluy\u00f3.<\/p>\n\n\n\n<p>Durante el acto en la&nbsp;Patagonia, se mostrar\u00e1 junto a sus candidatos&nbsp;Agust\u00edn Coto, que competir\u00e1 por una banca en la&nbsp;C\u00e1mara de Senadores, y&nbsp;Miguel Rodr\u00edguez, quien disputar\u00e1 su lugar en&nbsp;Diputados.<\/p>\n\n\n\n<p>Al respecto,&nbsp;Agust\u00edn Coto&nbsp;anticip\u00f3 que entre las actividades previstas se espera una caminata por las calles de la ciudad y algunas visitas a zonas estrat\u00e9gicas. \u00abA las 18 vamos a hacer esa presentaci\u00f3n o esa caminata por la calle con la gente, la agenda va a incluir al algunas visitas m\u00e1s durante el d\u00eda antes de ese horario. Estamos ahora coordinando eso, terminando de de cerrarlas\u00bb, expres\u00f3 en declaraciones radiales.<\/p>\n\n\n\n<p>En el tramo final camino a las urnas, el mandatario visitar\u00e1 entre diez y trece provincias, con una periodicidad semanal intensa de un viaje cada tres d\u00edas, aunque depender\u00e1 de las actividades de gesti\u00f3n que deba protagonizar.<\/p>\n\n\n\n<p>La primera fue&nbsp;C\u00f3rdoba, donde la semana pasada, encabez\u00f3 en compa\u00f1\u00eda de varios de sus funcionarios la formalizaci\u00f3n del inicio de la campa\u00f1a electoral y est\u00e1 previsto que el cierre sea en el mismo lugar.<\/p>\n\n\n\n<p>Su pr\u00f3xima parada ser\u00e1&nbsp;Tierra del Fuego&nbsp;y en carpeta figuran&nbsp;Corrientes,&nbsp;Santa Fe,&nbsp;Mendoza,&nbsp;Entre R\u00edos&nbsp;y&nbsp;R\u00edo Negro.<\/p>\n\n\n\n<p>Asimismo, el libertario se mostrar\u00e1 estrat\u00e9gicamente en ciudades de peso de la provincia de&nbsp;Buenos Aires&nbsp;como en&nbsp;Mar del Plata, con la idea de reafirmar en primera persona el rumbo econ\u00f3mico y pol\u00edtico de la administraci\u00f3n.<\/p>\n\n\n\n<p>El equipo a cargo del trazado de la ingenier\u00eda espera poder disputar el voto por la composici\u00f3n del&nbsp;Congreso Nacional&nbsp;en la contienda que libra&nbsp;La Libertad Avanza&nbsp;contra&nbsp;Fuerza Patria&nbsp;en el tramo final de la elecci\u00f3n.<\/p>\n\n\n\n<p>El objetivo del desembarco en el interior es recuperar \u201cla \u00e9pica\u201d y reconstruir el perfil que lo llev\u00f3 a la presidencia en&nbsp;2023&nbsp;luego de la abultada derrota que ubic\u00f3 al&nbsp;peronismo, con m\u00e1s de 13 puntos de ventaja, como la fuerza ganadora de la elecci\u00f3n bonaerense.&nbsp;<\/p>\n\n\n\n<p><\/p>\n","protected":false},"excerpt":{"rendered":"<p>Tras el acto formal de inicio del per\u00edodo proselitista en C\u00f3rdoba, el Presidente toma protagonismo&#8230;<\/p>\n","protected":false},"author":2,"featured_media":1454,"comment_status":"closed","ping_status":"closed","sticky":false,"template":"","format":"standard","meta":{"_jetpack_memberships_contains_paid_content":false,"footnotes":"","jetpack_publicize_message":"","jetpack_publicize_feature_enabled":true,"jetpack_social_post_already_shared":true,"jetpack_social_options":{"image_generator_settings":{"template":"highway","default_image_id":0,"font":"","enabled":false},"version":2}},"categories":[122],"tags":[],"class_list":["post-1453","post","type-post","status-publish","format-standard","has-post-thumbnail","hentry","category-politica"],"yoast_head":"<!-- This site is optimized with the Yoast SEO plugin v27.4 - https:\/\/yoast.com\/product\/yoast-seo-wordpress\/ -->\n<title>Milei recorrer\u00e1 m\u00e1s de diez provincias e iniciar\u00e1 por Tierra del Fuego -<\/title>\n<meta name=\"robots\" content=\"index, follow, max-snippet:-1, max-image-preview:large, max-video-preview:-1\" \/>\n<link rel=\"canonical\" href=\"https:\/\/impactocastex.com.ar\/?p=1453\" \/>\n<meta property=\"og:locale\" content=\"es_ES\" \/>\n<meta property=\"og:type\" content=\"article\" \/>\n<meta property=\"og:title\" content=\"Milei recorrer\u00e1 m\u00e1s de diez provincias e iniciar\u00e1 por Tierra del Fuego -\" \/>\n<meta property=\"og:description\" content=\"Tras el acto formal de inicio del per\u00edodo proselitista en C\u00f3rdoba, el Presidente toma protagonismo...\" \/>\n<meta property=\"og:url\" content=\"https:\/\/impactocastex.com.ar\/?p=1453\" \/>\n<meta property=\"article:publisher\" content=\"https:\/\/www.facebook.com\/impactocastexdiario\" \/>\n<meta property=\"article:published_time\" content=\"2025-09-29T13:54:55+00:00\" \/>\n<meta property=\"article:modified_time\" content=\"2025-09-29T13:54:56+00:00\" \/>\n<meta property=\"og:image\" content=\"https:\/\/impactocastex.com.ar\/wp-content\/uploads\/2025\/09\/f1280x720-245820_377495_5050.jpg\" \/>\n\t<meta property=\"og:image:width\" content=\"1280\" \/>\n\t<meta property=\"og:image:height\" content=\"720\" \/>\n\t<meta property=\"og:image:type\" content=\"image\/jpeg\" \/>\n<meta name=\"author\" content=\"impactocastex\" \/>\n<meta name=\"twitter:card\" content=\"summary_large_image\" \/>\n<meta name=\"twitter:label1\" content=\"Escrito por\" \/>\n\t<meta name=\"twitter:data1\" content=\"impactocastex\" \/>\n\t<meta name=\"twitter:label2\" content=\"Tiempo de lectura\" \/>\n\t<meta name=\"twitter:data2\" content=\"3 minutos\" \/>\n<script type=\"application\/ld+json\" class=\"yoast-schema-graph\">{\"@context\":\"https:\\\/\\\/schema.org\",\"@graph\":[{\"@type\":\"Article\",\"@id\":\"https:\\\/\\\/impactocastex.com.ar\\\/?p=1453#article\",\"isPartOf\":{\"@id\":\"https:\\\/\\\/impactocastex.com.ar\\\/?p=1453\"},\"author\":{\"name\":\"impactocastex\",\"@id\":\"https:\\\/\\\/impactocastex.com.ar\\\/#\\\/schema\\\/person\\\/c115028fb60f9bf49ce7550894b84ea7\"},\"headline\":\"Milei recorrer\u00e1 m\u00e1s de diez provincias e iniciar\u00e1 por Tierra del Fuego\",\"datePublished\":\"2025-09-29T13:54:55+00:00\",\"dateModified\":\"2025-09-29T13:54:56+00:00\",\"mainEntityOfPage\":{\"@id\":\"https:\\\/\\\/impactocastex.com.ar\\\/?p=1453\"},\"wordCount\":549,\"publisher\":{\"@id\":\"https:\\\/\\\/impactocastex.com.ar\\\/#organization\"},\"image\":{\"@id\":\"https:\\\/\\\/impactocastex.com.ar\\\/?p=1453#primaryimage\"},\"thumbnailUrl\":\"https:\\\/\\\/impactocastex.com.ar\\\/wp-content\\\/uploads\\\/2025\\\/09\\\/f1280x720-245820_377495_5050.jpg\",\"articleSection\":[\"POLITICA\"],\"inLanguage\":\"es\"},{\"@type\":\"WebPage\",\"@id\":\"https:\\\/\\\/impactocastex.com.ar\\\/?p=1453\",\"url\":\"https:\\\/\\\/impactocastex.com.ar\\\/?p=1453\",\"name\":\"Milei recorrer\u00e1 m\u00e1s de diez provincias e iniciar\u00e1 por Tierra del Fuego -\",\"isPartOf\":{\"@id\":\"https:\\\/\\\/impactocastex.com.ar\\\/#website\"},\"primaryImageOfPage\":{\"@id\":\"https:\\\/\\\/impactocastex.com.ar\\\/?p=1453#primaryimage\"},\"image\":{\"@id\":\"https:\\\/\\\/impactocastex.com.ar\\\/?p=1453#primaryimage\"},\"thumbnailUrl\":\"https:\\\/\\\/impactocastex.com.ar\\\/wp-content\\\/uploads\\\/2025\\\/09\\\/f1280x720-245820_377495_5050.jpg\",\"datePublished\":\"2025-09-29T13:54:55+00:00\",\"dateModified\":\"2025-09-29T13:54:56+00:00\",\"breadcrumb\":{\"@id\":\"https:\\\/\\\/impactocastex.com.ar\\\/?p=1453#breadcrumb\"},\"inLanguage\":\"es\",\"potentialAction\":[{\"@type\":\"ReadAction\",\"target\":[\"https:\\\/\\\/impactocastex.com.ar\\\/?p=1453\"]}]},{\"@type\":\"ImageObject\",\"inLanguage\":\"es\",\"@id\":\"https:\\\/\\\/impactocastex.com.ar\\\/?p=1453#primaryimage\",\"url\":\"https:\\\/\\\/impactocastex.com.ar\\\/wp-content\\\/uploads\\\/2025\\\/09\\\/f1280x720-245820_377495_5050.jpg\",\"contentUrl\":\"https:\\\/\\\/impactocastex.com.ar\\\/wp-content\\\/uploads\\\/2025\\\/09\\\/f1280x720-245820_377495_5050.jpg\",\"width\":1280,\"height\":720},{\"@type\":\"BreadcrumbList\",\"@id\":\"https:\\\/\\\/impactocastex.com.ar\\\/?p=1453#breadcrumb\",\"itemListElement\":[{\"@type\":\"ListItem\",\"position\":1,\"name\":\"Portada\",\"item\":\"https:\\\/\\\/impactocastex.com.ar\\\/\"},{\"@type\":\"ListItem\",\"position\":2,\"name\":\"Milei recorrer\u00e1 m\u00e1s de diez provincias e iniciar\u00e1 por Tierra del Fuego\"}]},{\"@type\":\"WebSite\",\"@id\":\"https:\\\/\\\/impactocastex.com.ar\\\/#website\",\"url\":\"https:\\\/\\\/impactocastex.com.ar\\\/\",\"name\":\"Impacto Castex\",\"description\":\"\",\"publisher\":{\"@id\":\"https:\\\/\\\/impactocastex.com.ar\\\/#organization\"},\"potentialAction\":[{\"@type\":\"SearchAction\",\"target\":{\"@type\":\"EntryPoint\",\"urlTemplate\":\"https:\\\/\\\/impactocastex.com.ar\\\/?s={search_term_string}\"},\"query-input\":{\"@type\":\"PropertyValueSpecification\",\"valueRequired\":true,\"valueName\":\"search_term_string\"}}],\"inLanguage\":\"es\"},{\"@type\":\"Organization\",\"@id\":\"https:\\\/\\\/impactocastex.com.ar\\\/#organization\",\"name\":\"Impacto Castex\",\"url\":\"https:\\\/\\\/impactocastex.com.ar\\\/\",\"logo\":{\"@type\":\"ImageObject\",\"inLanguage\":\"es\",\"@id\":\"https:\\\/\\\/impactocastex.com.ar\\\/#\\\/schema\\\/logo\\\/image\\\/\",\"url\":\"https:\\\/\\\/impactocastex.com.ar\\\/wp-content\\\/uploads\\\/2025\\\/09\\\/cropped-icoweb.png\",\"contentUrl\":\"https:\\\/\\\/impactocastex.com.ar\\\/wp-content\\\/uploads\\\/2025\\\/09\\\/cropped-icoweb.png\",\"width\":512,\"height\":512,\"caption\":\"Impacto Castex\"},\"image\":{\"@id\":\"https:\\\/\\\/impactocastex.com.ar\\\/#\\\/schema\\\/logo\\\/image\\\/\"},\"sameAs\":[\"https:\\\/\\\/www.facebook.com\\\/impactocastexdiario\",\"https:\\\/\\\/www.instagram.com\\\/impactocastex.com.ar\\\/\"]},{\"@type\":\"Person\",\"@id\":\"https:\\\/\\\/impactocastex.com.ar\\\/#\\\/schema\\\/person\\\/c115028fb60f9bf49ce7550894b84ea7\",\"name\":\"impactocastex\",\"image\":{\"@type\":\"ImageObject\",\"inLanguage\":\"es\",\"@id\":\"https:\\\/\\\/secure.gravatar.com\\\/avatar\\\/fee87e7af008f02e9becdc0b5a9fd4a2e79b3918a571edeacb62211704637833?s=96&d=mm&r=g\",\"url\":\"https:\\\/\\\/secure.gravatar.com\\\/avatar\\\/fee87e7af008f02e9becdc0b5a9fd4a2e79b3918a571edeacb62211704637833?s=96&d=mm&r=g\",\"contentUrl\":\"https:\\\/\\\/secure.gravatar.com\\\/avatar\\\/fee87e7af008f02e9becdc0b5a9fd4a2e79b3918a571edeacb62211704637833?s=96&d=mm&r=g\",\"caption\":\"impactocastex\"},\"sameAs\":[\"https:\\\/\\\/impactocastex.com.ar\\\/\"],\"url\":\"https:\\\/\\\/impactocastex.com.ar\\\/?author=2\"}]}<\/script>\n<!-- \/ Yoast SEO plugin. -->","yoast_head_json":{"title":"Milei recorrer\u00e1 m\u00e1s de diez provincias e iniciar\u00e1 por Tierra del Fuego -","robots":{"index":"index","follow":"follow","max-snippet":"max-snippet:-1","max-image-preview":"max-image-preview:large","max-video-preview":"max-video-preview:-1"},"canonical":"https:\/\/impactocastex.com.ar\/?p=1453","og_locale":"es_ES","og_type":"article","og_title":"Milei recorrer\u00e1 m\u00e1s de diez provincias e iniciar\u00e1 por Tierra del Fuego -","og_description":"Tras el acto formal de inicio del per\u00edodo proselitista en C\u00f3rdoba, el Presidente toma protagonismo...","og_url":"https:\/\/impactocastex.com.ar\/?p=1453","article_publisher":"https:\/\/www.facebook.com\/impactocastexdiario","article_published_time":"2025-09-29T13:54:55+00:00","article_modified_time":"2025-09-29T13:54:56+00:00","og_image":[{"width":1280,"height":720,"url":"https:\/\/impactocastex.com.ar\/wp-content\/uploads\/2025\/09\/f1280x720-245820_377495_5050.jpg","type":"image\/jpeg"}],"author":"impactocastex","twitter_card":"summary_large_image","twitter_misc":{"Escrito por":"impactocastex","Tiempo de lectura":"3 minutos"},"schema":{"@context":"https:\/\/schema.org","@graph":[{"@type":"Article","@id":"https:\/\/impactocastex.com.ar\/?p=1453#article","isPartOf":{"@id":"https:\/\/impactocastex.com.ar\/?p=1453"},"author":{"name":"impactocastex","@id":"https:\/\/impactocastex.com.ar\/#\/schema\/person\/c115028fb60f9bf49ce7550894b84ea7"},"headline":"Milei recorrer\u00e1 m\u00e1s de diez provincias e iniciar\u00e1 por Tierra del Fuego","datePublished":"2025-09-29T13:54:55+00:00","dateModified":"2025-09-29T13:54:56+00:00","mainEntityOfPage":{"@id":"https:\/\/impactocastex.com.ar\/?p=1453"},"wordCount":549,"publisher":{"@id":"https:\/\/impactocastex.com.ar\/#organization"},"image":{"@id":"https:\/\/impactocastex.com.ar\/?p=1453#primaryimage"},"thumbnailUrl":"https:\/\/impactocastex.com.ar\/wp-content\/uploads\/2025\/09\/f1280x720-245820_377495_5050.jpg","articleSection":["POLITICA"],"inLanguage":"es"},{"@type":"WebPage","@id":"https:\/\/impactocastex.com.ar\/?p=1453","url":"https:\/\/impactocastex.com.ar\/?p=1453","name":"Milei recorrer\u00e1 m\u00e1s de diez provincias e iniciar\u00e1 por Tierra del Fuego -","isPartOf":{"@id":"https:\/\/impactocastex.com.ar\/#website"},"primaryImageOfPage":{"@id":"https:\/\/impactocastex.com.ar\/?p=1453#primaryimage"},"image":{"@id":"https:\/\/impactocastex.com.ar\/?p=1453#primaryimage"},"thumbnailUrl":"https:\/\/impactocastex.com.ar\/wp-content\/uploads\/2025\/09\/f1280x720-245820_377495_5050.jpg","datePublished":"2025-09-29T13:54:55+00:00","dateModified":"2025-09-29T13:54:56+00:00","breadcrumb":{"@id":"https:\/\/impactocastex.com.ar\/?p=1453#breadcrumb"},"inLanguage":"es","potentialAction":[{"@type":"ReadAction","target":["https:\/\/impactocastex.com.ar\/?p=1453"]}]},{"@type":"ImageObject","inLanguage":"es","@id":"https:\/\/impactocastex.com.ar\/?p=1453#primaryimage","url":"https:\/\/impactocastex.com.ar\/wp-content\/uploads\/2025\/09\/f1280x720-245820_377495_5050.jpg","contentUrl":"https:\/\/impactocastex.com.ar\/wp-content\/uploads\/2025\/09\/f1280x720-245820_377495_5050.jpg","width":1280,"height":720},{"@type":"BreadcrumbList","@id":"https:\/\/impactocastex.com.ar\/?p=1453#breadcrumb","itemListElement":[{"@type":"ListItem","position":1,"name":"Portada","item":"https:\/\/impactocastex.com.ar\/"},{"@type":"ListItem","position":2,"name":"Milei recorrer\u00e1 m\u00e1s de diez provincias e iniciar\u00e1 por Tierra del Fuego"}]},{"@type":"WebSite","@id":"https:\/\/impactocastex.com.ar\/#website","url":"https:\/\/impactocastex.com.ar\/","name":"Impacto Castex","description":"","publisher":{"@id":"https:\/\/impactocastex.com.ar\/#organization"},"potentialAction":[{"@type":"SearchAction","target":{"@type":"EntryPoint","urlTemplate":"https:\/\/impactocastex.com.ar\/?s={search_term_string}"},"query-input":{"@type":"PropertyValueSpecification","valueRequired":true,"valueName":"search_term_string"}}],"inLanguage":"es"},{"@type":"Organization","@id":"https:\/\/impactocastex.com.ar\/#organization","name":"Impacto Castex","url":"https:\/\/impactocastex.com.ar\/","logo":{"@type":"ImageObject","inLanguage":"es","@id":"https:\/\/impactocastex.com.ar\/#\/schema\/logo\/image\/","url":"https:\/\/impactocastex.com.ar\/wp-content\/uploads\/2025\/09\/cropped-icoweb.png","contentUrl":"https:\/\/impactocastex.com.ar\/wp-content\/uploads\/2025\/09\/cropped-icoweb.png","width":512,"height":512,"caption":"Impacto Castex"},"image":{"@id":"https:\/\/impactocastex.com.ar\/#\/schema\/logo\/image\/"},"sameAs":["https:\/\/www.facebook.com\/impactocastexdiario","https:\/\/www.instagram.com\/impactocastex.com.ar\/"]},{"@type":"Person","@id":"https:\/\/impactocastex.com.ar\/#\/schema\/person\/c115028fb60f9bf49ce7550894b84ea7","name":"impactocastex","image":{"@type":"ImageObject","inLanguage":"es","@id":"https:\/\/secure.gravatar.com\/avatar\/fee87e7af008f02e9becdc0b5a9fd4a2e79b3918a571edeacb62211704637833?s=96&d=mm&r=g","url":"https:\/\/secure.gravatar.com\/avatar\/fee87e7af008f02e9becdc0b5a9fd4a2e79b3918a571edeacb62211704637833?s=96&d=mm&r=g","contentUrl":"https:\/\/secure.gravatar.com\/avatar\/fee87e7af008f02e9becdc0b5a9fd4a2e79b3918a571edeacb62211704637833?s=96&d=mm&r=g","caption":"impactocastex"},"sameAs":["https:\/\/impactocastex.com.ar\/"],"url":"https:\/\/impactocastex.com.ar\/?author=2"}]}},"jetpack_publicize_connections":[],"featured_image_urls":{"full":["https:\/\/impactocastex.com.ar\/wp-content\/uploads\/2025\/09\/f1280x720-245820_377495_5050.jpg",1280,720,false],"thumbnail":["https:\/\/impactocastex.com.ar\/wp-content\/uploads\/2025\/09\/f1280x720-245820_377495_5050-150x150.jpg",150,150,true],"medium":["https:\/\/impactocastex.com.ar\/wp-content\/uploads\/2025\/09\/f1280x720-245820_377495_5050-300x169.jpg",300,169,true],"medium_large":["https:\/\/impactocastex.com.ar\/wp-content\/uploads\/2025\/09\/f1280x720-245820_377495_5050-768x432.jpg",640,360,true],"large":["https:\/\/impactocastex.com.ar\/wp-content\/uploads\/2025\/09\/f1280x720-245820_377495_5050-1024x576.jpg",640,360,true],"1536x1536":["https:\/\/impactocastex.com.ar\/wp-content\/uploads\/2025\/09\/f1280x720-245820_377495_5050.jpg",1280,720,false],"2048x2048":["https:\/\/impactocastex.com.ar\/wp-content\/uploads\/2025\/09\/f1280x720-245820_377495_5050.jpg",1280,720,false],"newsever-slider-full":["https:\/\/impactocastex.com.ar\/wp-content\/uploads\/2025\/09\/f1280x720-245820_377495_5050.jpg",1280,720,false],"newsever-featured":["https:\/\/impactocastex.com.ar\/wp-content\/uploads\/2025\/09\/f1280x720-245820_377495_5050-1024x576.jpg",1024,576,true],"newsever-medium":["https:\/\/impactocastex.com.ar\/wp-content\/uploads\/2025\/09\/f1280x720-245820_377495_5050-720x475.jpg",720,475,true]},"author_info":{"info":["impactocastex"]},"category_info":"<a href=\"https:\/\/impactocastex.com.ar\/?cat=122\" rel=\"category\">POLITICA<\/a>","tag_info":"POLITICA","comment_count":0,"jetpack_featured_media_url":"https:\/\/impactocastex.com.ar\/wp-content\/uploads\/2025\/09\/f1280x720-245820_377495_5050.jpg","jetpack_sharing_enabled":true,"jetpack_likes_enabled":true,"jetpack_shortlink":"https:\/\/wp.me\/p7sopA-nr","_links":{"self":[{"href":"https:\/\/impactocastex.com.ar\/index.php?rest_route=\/wp\/v2\/posts\/1453","targetHints":{"allow":["GET"]}}],"collection":[{"href":"https:\/\/impactocastex.com.ar\/index.php?rest_route=\/wp\/v2\/posts"}],"about":[{"href":"https:\/\/impactocastex.com.ar\/index.php?rest_route=\/wp\/v2\/types\/post"}],"author":[{"embeddable":true,"href":"https:\/\/impactocastex.com.ar\/index.php?rest_route=\/wp\/v2\/users\/2"}],"replies":[{"embeddable":true,"href":"https:\/\/impactocastex.com.ar\/index.php?rest_route=%2Fwp%2Fv2%2Fcomments&post=1453"}],"version-history":[{"count":1,"href":"https:\/\/impactocastex.com.ar\/index.php?rest_route=\/wp\/v2\/posts\/1453\/revisions"}],"predecessor-version":[{"id":1455,"href":"https:\/\/impactocastex.com.ar\/index.php?rest_route=\/wp\/v2\/posts\/1453\/revisions\/1455"}],"wp:featuredmedia":[{"embeddable":true,"href":"https:\/\/impactocastex.com.ar\/index.php?rest_route=\/wp\/v2\/media\/1454"}],"wp:attachment":[{"href":"https:\/\/impactocastex.com.ar\/index.php?rest_route=%2Fwp%2Fv2%2Fmedia&parent=1453"}],"wp:term":[{"taxonomy":"category","embeddable":true,"href":"https:\/\/impactocastex.com.ar\/index.php?rest_route=%2Fwp%2Fv2%2Fcategories&post=1453"},{"taxonomy":"post_tag","embeddable":true,"href":"https:\/\/impactocastex.com.ar\/index.php?rest_route=%2Fwp%2Fv2%2Ftags&post=1453"}],"curies":[{"name":"wp","href":"https:\/\/api.w.org\/{rel}","templated":true}]}}