{"id":1428,"date":"2025-09-29T10:34:44","date_gmt":"2025-09-29T13:34:44","guid":{"rendered":"https:\/\/impactocastex.com.ar\/?p=1428"},"modified":"2025-09-29T10:34:46","modified_gmt":"2025-09-29T13:34:46","slug":"escandalo-y-denuncia-por-los-cantos-antisemitas-de-estudiantes-en-un-viaje-de-egresados","status":"publish","type":"post","link":"https:\/\/impactocastex.com.ar\/?p=1428","title":{"rendered":"Esc\u00e1ndalo y denuncia por los cantos antisemitas de estudiantes en un viaje de egresados"},"content":{"rendered":"\n<p>Los alumnos, de la Escuela Humanos, y el coordinador de la empresa organizadora, Baxtter, cantaron sobre \u00abquemar jud\u00edos\u00bb. Sucedi\u00f3 en Bariloche el pasado 10 de septiembre.<\/p>\n\n\n\n<p>Un grupo de estudiantes de quinto a\u00f1o de la Escuela Humano, de la localidad de Canning, realiz\u00f3 cantos antisemitas durante su viaje de egresados. El momento qued\u00f3 registrado por los celulares de los adolescentes y las im\u00e1genes, que fueron viralizadas y ampliamente repudiadas en redes sociales, motorizaron una denuncia penal.<\/p>\n\n\n\n<p>\u00abHoy quemamos jud\u00edos\u00bb, se escucha cantar a los j\u00f3venes mientras un coordinador de la empresa Baxtter se suma a la escena a alentar a que los j\u00f3venes contin\u00faen cantando.<\/p>\n\n\n\n<p>https:\/\/googleads.g.doubleclick.net\/pagead\/ads?client=ca-pub-6403813037603277&#038;output=html&#038;h=280&#038;adk=1909521250&#038;adf=2495168725&#038;pi=t.aa~a.2470000188~i.2~rp.4&#038;w=839&#038;fwrn=4&#038;fwrnh=100&#038;lmt=1759152745&#038;num_ads=1&#038;rafmt=1&#038;armr=3&#038;sem=mc&#038;pwprc=4381023474&#038;ad_type=text_image&#038;format=839&#215;280&#038;url=https%3A%2F%2Fwww.eldiariodelapampa.com.ar%2Fpais%2F62621%2Fescandalo-y-denuncia-por-los-cantos-antisemitas-de-estudiantes-en-un-viaje-de-egresados&#038;fwr=0&#038;pra=3&#038;rh=200&#038;rw=839&#038;rpe=1&#038;resp_fmts=3&#038;wgl=1&#038;fa=27&#038;uach=WyJXaW5kb3dzIiwiMTAuMC4wIiwieDg2IiwiIiwiMTQwLjAuNzMzOS4yMDgiLG51bGwsMCxudWxsLCI2NCIsW1siQ2hyb21pdW0iLCIxNDAuMC43MzM5LjIwOCJdLFsiTm90PUE_QnJhbmQiLCIyNC4wLjAuMCJdLFsiR29vZ2xlIENocm9tZSIsIjE0MC4wLjczMzkuMjA4Il1dLDFd&#038;abgtt=6&#038;dt=1759152745405&#038;bpp=2&#038;bdt=1508&#038;idt=-M&#038;shv=r20250924&#038;mjsv=m202509240101&#038;ptt=9&#038;saldr=aa&#038;abxe=1&#038;cookie=ID%3Db659817de5797c63%3AT%3D1757941855%3ART%3D1759152490%3AS%3DALNI_MZoIeHIZnXkzz-fgvz1uUeBBsrAfQ&#038;gpic=UID%3D0000114361262f80%3AT%3D1757941855%3ART%3D1759152490%3AS%3DALNI_MbOK2fCJxAdR0Mrqkt8tncwEk-EuQ&#038;eo_id_str=ID%3Dea57bff391a1fdd3%3AT%3D1757941855%3ART%3D1759152490%3AS%3DAA-AfjZWpgiV2v7R3EtXIXL6oEB6&#038;prev_fmts=0x0%2C160x600&#038;nras=2&#038;correlator=4970368545469&#038;frm=20&#038;pv=1&#038;u_tz=-180&#038;u_his=10&#038;u_h=768&#038;u_w=1366&#038;u_ah=738&#038;u_aw=1366&#038;u_cd=24&#038;u_sd=1&#038;dmc=2&#038;adx=39&#038;ady=1252&#038;biw=1351&#038;bih=617&#038;scr_x=0&#038;scr_y=0&#038;eid=31094694%2C42531706%2C95366795%2C31094877%2C95368093&#038;oid=2&#038;pvsid=2272781185249161&#038;tmod=830102397&#038;uas=0&#038;nvt=1&#038;ref=https%3A%2F%2Fwww.eldiariodelapampa.com.ar%2F&#038;fc=1408&#038;brdim=0%2C0%2C0%2C0%2C1366%2C0%2C1366%2C738%2C1366%2C617&#038;vis=1&#038;rsz=%7C%7Cs%7C&#038;abl=NS&#038;fu=128&#038;bc=31&#038;bz=1&#038;td=1&#038;tdf=2&#038;psd=W251bGwsbnVsbCwibGFiZWxfb25seV8yIiwxXQ..&#038;nt=1&#038;ifi=4&#038;uci=a!4&#038;btvi=1&#038;fsb=1&#038;dtd=69<\/p>\n\n\n\n<p>&nbsp;Luego de la viralizaci\u00f3n de las im\u00e1genes, este domingo la instituci\u00f3n educativa emiti\u00f3 un comunicado donde repudi\u00f3 el hecho y luego otro en el que inform\u00f3 que se puso en contacto con la DAIA.<\/p>\n\n\n\n<p>En un primer comunicado, el colegio expres\u00f3: \u00abDados los hechos de p\u00fablico conocimiento y la viralizaci\u00f3n de un video en redes sociales, la Escuela Humanos repudia en\u00e9rgicamente el accionar de un grupo de alumnos durante su viaje de egresados. De igual manera, repudiamos la actitud de la empresa organizadora y del coordinador a cargo, aclarando que nuestra instituci\u00f3n no tiene v\u00ednculo alguno con sus pr\u00e1cticas ni mensajes\u00bb.<\/p>\n\n\n\n<p>Y a\u00f1adi\u00f3: \u00abLos c\u00e1nticos difundidos no representan en absoluto los valores de nuestra escuela, basada en el respeto, la inclusi\u00f3n y la convivencia democr\u00e1tica. Se adoptar\u00e1n las medidas correspondientes y reafirmamos nuestro compromiso para seguir construyendo una comunidad m\u00e1s humana e inclusiva\u00bb.<\/p>\n\n\n\n<p>&nbsp;En segunda instancia, la entidad inform\u00f3 que tom\u00f3 contacto con la DAIA, entidad con la que emprender\u00e1, dijo, \u00abtrabajos de capacitaci\u00f3n y revisi\u00f3n de lo sucedido\u00bb.<\/p>\n\n\n\n<p>Qu\u00e9 dijo la empresa Baxtter tras la viralizaci\u00f3n de las im\u00e1genes<\/p>\n\n\n\n<p>Minutos despu\u00e9s de que el colegio se expidiera sobre el caso, la empresa Baxtter emiti\u00f3 tambi\u00e9n un comunicado sobre el esc\u00e1ndalo.<\/p>\n\n\n\n<p>https:\/\/googleads.g.doubleclick.net\/pagead\/ads?client=ca-pub-6403813037603277&#038;output=html&#038;h=280&#038;adk=1909521250&#038;adf=1128626539&#038;pi=t.aa~a.2470000188~i.9~rp.4&#038;w=839&#038;fwrn=4&#038;fwrnh=100&#038;lmt=1759152748&#038;num_ads=1&#038;rafmt=1&#038;armr=3&#038;sem=mc&#038;pwprc=4381023474&#038;ad_type=text_image&#038;format=839&#215;280&#038;url=https%3A%2F%2Fwww.eldiariodelapampa.com.ar%2Fpais%2F62621%2Fescandalo-y-denuncia-por-los-cantos-antisemitas-de-estudiantes-en-un-viaje-de-egresados&#038;fwr=0&#038;pra=3&#038;rh=200&#038;rw=839&#038;rpe=1&#038;resp_fmts=3&#038;wgl=1&#038;fa=27&#038;uach=WyJXaW5kb3dzIiwiMTAuMC4wIiwieDg2IiwiIiwiMTQwLjAuNzMzOS4yMDgiLG51bGwsMCxudWxsLCI2NCIsW1siQ2hyb21pdW0iLCIxNDAuMC43MzM5LjIwOCJdLFsiTm90PUE_QnJhbmQiLCIyNC4wLjAuMCJdLFsiR29vZ2xlIENocm9tZSIsIjE0MC4wLjczMzkuMjA4Il1dLDFd&#038;abgtt=6&#038;dt=1759152745415&#038;bpp=2&#038;bdt=1518&#038;idt=2&#038;shv=r20250924&#038;mjsv=m202509240101&#038;ptt=9&#038;saldr=aa&#038;abxe=1&#038;cookie=ID%3Db659817de5797c63%3AT%3D1757941855%3ART%3D1759152490%3AS%3DALNI_MZoIeHIZnXkzz-fgvz1uUeBBsrAfQ&#038;gpic=UID%3D0000114361262f80%3AT%3D1757941855%3ART%3D1759152490%3AS%3DALNI_MbOK2fCJxAdR0Mrqkt8tncwEk-EuQ&#038;eo_id_str=ID%3Dea57bff391a1fdd3%3AT%3D1757941855%3ART%3D1759152490%3AS%3DAA-AfjZWpgiV2v7R3EtXIXL6oEB6&#038;prev_fmts=0x0%2C160x600%2C839x280%2C839x280&#038;nras=4&#038;correlator=4970368545469&#038;frm=20&#038;pv=1&#038;u_tz=-180&#038;u_his=10&#038;u_h=768&#038;u_w=1366&#038;u_ah=738&#038;u_aw=1366&#038;u_cd=24&#038;u_sd=1&#038;dmc=2&#038;adx=39&#038;ady=2323&#038;biw=1351&#038;bih=617&#038;scr_x=0&#038;scr_y=0&#038;eid=31094694%2C42531706%2C95366795%2C31094877%2C95368093&#038;oid=2&#038;pvsid=2272781185249161&#038;tmod=830102397&#038;uas=0&#038;nvt=1&#038;ref=https%3A%2F%2Fwww.eldiariodelapampa.com.ar%2F&#038;fc=1408&#038;brdim=0%2C0%2C0%2C0%2C1366%2C0%2C1366%2C738%2C1366%2C617&#038;vis=1&#038;rsz=%7C%7Cs%7C&#038;abl=NS&#038;fu=128&#038;bc=31&#038;bz=1&#038;td=1&#038;tdf=2&#038;psd=W251bGwsbnVsbCwibGFiZWxfb25seV8yIiwxXQ..&#038;nt=1&#038;ifi=6&#038;uci=a!6&#038;btvi=3&#038;fsb=1&#038;dtd=3381<\/p>\n\n\n\n<p>\u00abAnte los hechos que han sido de p\u00fablico conocimiento por la viralizaci\u00f3n en redes sociales de un video donde un grupo de estudiantes de viaje de egresados realizan c\u00e1nticos y expresiones totalmente repudiables, la empresa Baxtter desea expresar su categ\u00f3rico rechazo, manifestando que no compartimos bajo ning\u00fan concepto los dichos aberrantes expresados por el grupo, ya que esos mensajes no representan, ni reflejan los valores de nuestra empresa, fundada en el respeto, la igualdad y la convivencia pac\u00edfica\u00bb, indicaron.<\/p>\n\n\n\n<p>Comunicado de BaxxterComunicado de Baxxter<\/p>\n\n\n\n<p>Y contin\u00faa: \u00abLamentamos profundamente lo ocurrido y reiteramos que el verdadero esp\u00edritu de nuestra labor es acompa\u00f1ar a los estudiantes en una etapa tan significativa de sus vidas, promoviendo siempre valores de uni\u00f3n, respeto y solidaridad. Redoblaremos nuestros esfuerzos y se tomar\u00e1n medidas necesarias para que hechos de esta naturaleza no vuelvan a repetirse nunca m\u00e1s\u00bb.<\/p>\n\n\n\n<p>No obstante, la empresa no inform\u00f3 sobre el coordinador al que se lo vio arengar los cantos antisemitas de los estudiantes ni ninguna medida puntual ante su rol en el esc\u00e1ndalo.<\/p>\n\n\n\n<p>https:\/\/googleads.g.doubleclick.net\/pagead\/ads?client=ca-pub-6403813037603277&#038;output=html&#038;h=280&#038;adk=1909521250&#038;adf=3841915199&#038;pi=t.aa~a.2470000188~i.13~rp.4&#038;w=839&#038;fwrn=4&#038;fwrnh=100&#038;lmt=1759152760&#038;num_ads=1&#038;rafmt=1&#038;armr=3&#038;sem=mc&#038;pwprc=4381023474&#038;ad_type=text_image&#038;format=839&#215;280&#038;url=https%3A%2F%2Fwww.eldiariodelapampa.com.ar%2Fpais%2F62621%2Fescandalo-y-denuncia-por-los-cantos-antisemitas-de-estudiantes-en-un-viaje-de-egresados&#038;fwr=0&#038;pra=3&#038;rh=200&#038;rw=839&#038;rpe=1&#038;resp_fmts=3&#038;wgl=1&#038;fa=27&#038;uach=WyJXaW5kb3dzIiwiMTAuMC4wIiwieDg2IiwiIiwiMTQwLjAuNzMzOS4yMDgiLG51bGwsMCxudWxsLCI2NCIsW1siQ2hyb21pdW0iLCIxNDAuMC43MzM5LjIwOCJdLFsiTm90PUE_QnJhbmQiLCIyNC4wLjAuMCJdLFsiR29vZ2xlIENocm9tZSIsIjE0MC4wLjczMzkuMjA4Il1dLDFd&#038;abgtt=6&#038;dt=1759152745427&#038;bpp=2&#038;bdt=1530&#038;idt=2&#038;shv=r20250924&#038;mjsv=m202509240101&#038;ptt=9&#038;saldr=aa&#038;abxe=1&#038;cookie=ID%3Db659817de5797c63%3AT%3D1757941855%3ART%3D1759152490%3AS%3DALNI_MZoIeHIZnXkzz-fgvz1uUeBBsrAfQ&#038;gpic=UID%3D0000114361262f80%3AT%3D1757941855%3ART%3D1759152490%3AS%3DALNI_MbOK2fCJxAdR0Mrqkt8tncwEk-EuQ&#038;eo_id_str=ID%3Dea57bff391a1fdd3%3AT%3D1757941855%3ART%3D1759152490%3AS%3DAA-AfjZWpgiV2v7R3EtXIXL6oEB6&#038;prev_fmts=0x0%2C160x600%2C839x280%2C839x280%2C839x280&#038;nras=5&#038;correlator=4970368545469&#038;frm=20&#038;pv=1&#038;u_tz=-180&#038;u_his=10&#038;u_h=768&#038;u_w=1366&#038;u_ah=738&#038;u_aw=1366&#038;u_cd=24&#038;u_sd=1&#038;dmc=2&#038;adx=39&#038;ady=2720&#038;biw=1351&#038;bih=617&#038;scr_x=0&#038;scr_y=280&#038;eid=31094694%2C42531706%2C95366795%2C31094877%2C95368093&#038;oid=2&#038;pvsid=2272781185249161&#038;tmod=830102397&#038;uas=1&#038;nvt=1&#038;ref=https%3A%2F%2Fwww.eldiariodelapampa.com.ar%2F&#038;fc=1408&#038;brdim=0%2C0%2C0%2C0%2C1366%2C0%2C1366%2C738%2C1366%2C617&#038;vis=1&#038;rsz=%7C%7Cs%7C&#038;abl=NS&#038;fu=128&#038;bc=31&#038;bz=1&#038;td=1&#038;tdf=2&#038;psd=W251bGwsbnVsbCwibGFiZWxfb25seV8yIiwxXQ..&#038;nt=1&#038;ifi=7&#038;uci=a!7&#038;btvi=4&#038;fsb=1&#038;dtd=14928<\/p>\n\n\n\n<p>M\u00e1s tarde, tambi\u00e9n en su cuenta de Instagram, Baxtter public\u00f3 im\u00e1genes sobre una reuni\u00f3n con dirigentes de la DAIA, de la que no se da cuenta cu\u00e1ndo fue, donde aseguran que trataron el tema de la discriminaci\u00f3n y antisemitismo, adem\u00e1s del relato de una mujer que sale en defensa de la firma.<\/p>\n\n\n\n<p>All\u00ed, quien se presenta como Jennifer y dice haber sido la adulta responsable en un viaje de egresados con alumnos de la escuela ORT, cuenta que los j\u00f3venes tuvieron conflictos con sus pares de Escuela Humanos y Baxtter, dijo, \u00abactu\u00f3 a la altura de las circunstancias\u00bb.<\/p>\n\n\n\n<p>En su relato, defendi\u00f3 a la firma y sostuvo que all\u00ed \u00abno estaban al tanto de la existencia del video\u00bb y que ni ella ni la empresa \u00abpueden hacerse cargo de un comentario de chico de 17 a\u00f1os\u00bb. Adem\u00e1s, sostuvo que \u00abNacho\u00bb, el supuesto coordinador, no comparte los mensajes expresados por los alumnos en sus c\u00e1nticos.<\/p>\n\n\n\n<p>https:\/\/googleads.g.doubleclick.net\/pagead\/ads?client=ca-pub-6403813037603277&#038;output=html&#038;h=280&#038;adk=1909521250&#038;adf=3843780985&#038;pi=t.aa~a.2470000188~i.16~rp.4&#038;w=839&#038;fwrn=4&#038;fwrnh=100&#038;lmt=1759152760&#038;num_ads=1&#038;rafmt=1&#038;armr=3&#038;sem=mc&#038;pwprc=4381023474&#038;ad_type=text_image&#038;format=839&#215;280&#038;url=https%3A%2F%2Fwww.eldiariodelapampa.com.ar%2Fpais%2F62621%2Fescandalo-y-denuncia-por-los-cantos-antisemitas-de-estudiantes-en-un-viaje-de-egresados&#038;fwr=0&#038;pra=3&#038;rh=200&#038;rw=839&#038;rpe=1&#038;resp_fmts=3&#038;wgl=1&#038;fa=27&#038;uach=WyJXaW5kb3dzIiwiMTAuMC4wIiwieDg2IiwiIiwiMTQwLjAuNzMzOS4yMDgiLG51bGwsMCxudWxsLCI2NCIsW1siQ2hyb21pdW0iLCIxNDAuMC43MzM5LjIwOCJdLFsiTm90PUE_QnJhbmQiLCIyNC4wLjAuMCJdLFsiR29vZ2xlIENocm9tZSIsIjE0MC4wLjczMzkuMjA4Il1dLDFd&#038;abgtt=6&#038;dt=1759152745444&#038;bpp=2&#038;bdt=1547&#038;idt=2&#038;shv=r20250924&#038;mjsv=m202509240101&#038;ptt=9&#038;saldr=aa&#038;abxe=1&#038;cookie=ID%3Db659817de5797c63%3AT%3D1757941855%3ART%3D1759152490%3AS%3DALNI_MZoIeHIZnXkzz-fgvz1uUeBBsrAfQ&#038;gpic=UID%3D0000114361262f80%3AT%3D1757941855%3ART%3D1759152490%3AS%3DALNI_MbOK2fCJxAdR0Mrqkt8tncwEk-EuQ&#038;eo_id_str=ID%3Dea57bff391a1fdd3%3AT%3D1757941855%3ART%3D1759152490%3AS%3DAA-AfjZWpgiV2v7R3EtXIXL6oEB6&#038;prev_fmts=0x0%2C160x600%2C839x280%2C839x280%2C839x280%2C839x280&#038;nras=6&#038;correlator=4970368545469&#038;frm=20&#038;pv=1&#038;u_tz=-180&#038;u_his=10&#038;u_h=768&#038;u_w=1366&#038;u_ah=738&#038;u_aw=1366&#038;u_cd=24&#038;u_sd=1&#038;dmc=2&#038;adx=39&#038;ady=3021&#038;biw=1351&#038;bih=617&#038;scr_x=0&#038;scr_y=557&#038;eid=31094694%2C42531706%2C95366795%2C31094877%2C95368093&#038;oid=2&#038;pvsid=2272781185249161&#038;tmod=830102397&#038;uas=1&#038;nvt=1&#038;ref=https%3A%2F%2Fwww.eldiariodelapampa.com.ar%2F&#038;fc=1408&#038;brdim=0%2C0%2C0%2C0%2C1366%2C0%2C1366%2C738%2C1366%2C617&#038;vis=1&#038;rsz=%7C%7Cs%7C&#038;abl=NS&#038;fu=128&#038;bc=31&#038;bz=1&#038;td=1&#038;tdf=2&#038;psd=W251bGwsbnVsbCwibGFiZWxfb25seV8yIiwxXQ..&#038;nt=1&#038;ifi=8&#038;uci=a!8&#038;btvi=5&#038;fsb=1&#038;dtd=15520<\/p>\n\n\n\n<p>La denuncia que busca concientizar sobre el mensaje divulgado por los adolescentes<\/p>\n\n\n\n<p>Tras darse a conocer el video de los alumnos cantando sobre \u00abquemar jud\u00edos\u00bb, el abogado Jorge Monastersky elev\u00f3 una denuncia penal \u00abpor la comisi\u00f3n de delito previsto en la Ley 23.592 (penalizaci\u00f3n de actos discriminatorios), en perjuicio de la comunidad jud\u00eda\u00bb.<\/p>\n\n\n\n<p>En ella, explic\u00f3 en di\u00e1logo con Clar\u00edn, pidi\u00f3 que se identifique tanto a los j\u00f3venes, como a los adultos que aparecen en el video, \u00abque ser\u00edan un adulto responsable y un coordinador\u00bb.<\/p>\n\n\n\n<p>Denuncia radicada contra alumnos de una escuela por realizar c\u00e1nticos antisemitas durante su viaje de egreados.Denuncia radicada contra alumnos de una escuela por realizar c\u00e1nticos antisemitas durante su viaje de egreados.<\/p>\n\n\n\n<p>\u00abUno no busca una sanci\u00f3n de que vayan presos, sino concientizaci\u00f3n de lo que est\u00e1n divulgando\u00bb, dijo el letrado, quien a su vez detall\u00f3 que se trata de un delito con pena de hasta 3 a\u00f1os por actos discriminatorios. \u00abComo no los conozco, pido que se los identifique para imputarlos\u00bb, a\u00f1adi\u00f3.<\/p>\n\n\n\n<p>El abogado sostuvo que le llam\u00f3 la atenci\u00f3n la inacci\u00f3n de la persona a cargo. \u00abNo son nenes de segundo grado, la conciencia sobre lo que pas\u00f3 la tienen, no hizo nada\u00bb, dijo.<\/p>\n\n\n\n<p>El repudio pol\u00edtico del esc\u00e1ndalo<\/p>\n\n\n\n<p>El presidente, Javier Milei, us\u00f3 las redes sociales para criticar lo sucedido con los alumnos en su viaje de egresados y dej\u00f3 un breve, pero contundente mensaje. \u00abRepudiable. Fin\u00bb.<\/p>\n\n\n\n<p>Minutos despu\u00e9s de haber realizado la primera publicaci\u00f3n, edit\u00f3 la misma y puso en copia a la ministra de Capital Humano, Sandra Pettovello, que tiene bajo su ala a la cartera de Educaci\u00f3n. Lo mismo ocurri\u00f3 con Mariano C\u00faneo Libarona, ministro de Justicia, que es responsable adem\u00e1s por la secretar\u00eda de Derechos Humanos.<\/p>\n\n\n\n<p>Manuel Adorni, Luis Caputo y Luis Petri, fueron los integrantes del gabinete que repostearon la publicaci\u00f3n del Presidente.<\/p>\n\n\n\n<p>Sabrina Ajmechet, diputada nacional por la Ciudad, reaccion\u00f3 en redes sociales y pidi\u00f3 que la empresa \u00abtome acciones\u00bb contra el coordinador. \u00abEn Argentina no vamos a naturalizar lo que est\u00e1 pasando en muchas partes del mundo. Vamos a combatir el antisemitismo y esperamos que los responsables reacciones de forma inmediata\u00bb, escribi\u00f3.<\/p>\n\n\n\n<p>\u00abHOY QUEMAMOS JUD\u00cdOS\u00bb<\/p>\n\n\n\n<p>Eso es lo que un coordinador de viaje de egresados de la empresa Baxter cant\u00f3 a corito con estudiantes de la escuela Humanos.<\/p>\n\n\n\n<p>El ex secretario de Derechos Humanos, Claudio Avruj, repudi\u00f3 el hecho en redes sociales al manifestar: \u00abIgnorantes y antisemitas. Merecen se les suspenda el viaje, que regresan y el despido del gu\u00eda. Y el trabajo profundo con la escuela que es donde esta la ra\u00edz de este drama\u00bb.<\/p>\n\n\n\n<p>Ignorantes y antisemitas. Merecen se les supenda el viaje, que regresan y el despido del gu\u00eda. Y el trabajo profundo con la escuela que es donde esta la ra\u00edz de este drama. Ser\u00e1 bueno que vengan a capacitarse alumnos y profesores al&nbsp;@museoshoa.&nbsp;Tambi\u00e9n la empresa<\/p>\n\n\n\n<p><\/p>\n\n\n\n<p><\/p>\n","protected":false},"excerpt":{"rendered":"<p>Los alumnos, de la Escuela Humanos, y el coordinador de la empresa organizadora, Baxtter, cantaron&#8230;<\/p>\n","protected":false},"author":2,"featured_media":1429,"comment_status":"closed","ping_status":"closed","sticky":false,"template":"","format":"standard","meta":{"_jetpack_memberships_contains_paid_content":false,"footnotes":"","jetpack_publicize_message":"","jetpack_publicize_feature_enabled":true,"jetpack_social_post_already_shared":true,"jetpack_social_options":{"image_generator_settings":{"template":"highway","default_image_id":0,"font":"","enabled":false},"version":2}},"categories":[122],"tags":[],"class_list":["post-1428","post","type-post","status-publish","format-standard","has-post-thumbnail","hentry","category-politica"],"yoast_head":"<!-- This site is optimized with the Yoast SEO plugin v27.4 - https:\/\/yoast.com\/product\/yoast-seo-wordpress\/ -->\n<title>Esc\u00e1ndalo y denuncia por los cantos antisemitas de estudiantes en un viaje de egresados -<\/title>\n<meta name=\"robots\" content=\"index, follow, max-snippet:-1, max-image-preview:large, max-video-preview:-1\" \/>\n<link rel=\"canonical\" href=\"https:\/\/impactocastex.com.ar\/?p=1428\" \/>\n<meta property=\"og:locale\" content=\"es_ES\" \/>\n<meta property=\"og:type\" content=\"article\" \/>\n<meta property=\"og:title\" content=\"Esc\u00e1ndalo y denuncia por los cantos antisemitas de estudiantes en un viaje de egresados -\" \/>\n<meta property=\"og:description\" content=\"Los alumnos, de la Escuela Humanos, y el coordinador de la empresa organizadora, Baxtter, cantaron...\" \/>\n<meta property=\"og:url\" content=\"https:\/\/impactocastex.com.ar\/?p=1428\" \/>\n<meta property=\"article:publisher\" content=\"https:\/\/www.facebook.com\/impactocastexdiario\" \/>\n<meta property=\"article:published_time\" content=\"2025-09-29T13:34:44+00:00\" \/>\n<meta property=\"article:modified_time\" content=\"2025-09-29T13:34:46+00:00\" \/>\n<meta property=\"og:image\" content=\"https:\/\/impactocastex.com.ar\/wp-content\/uploads\/2025\/09\/2123556.jpg\" \/>\n\t<meta property=\"og:image:width\" content=\"1200\" \/>\n\t<meta property=\"og:image:height\" content=\"631\" \/>\n\t<meta property=\"og:image:type\" content=\"image\/jpeg\" \/>\n<meta name=\"author\" content=\"impactocastex\" \/>\n<meta name=\"twitter:card\" content=\"summary_large_image\" \/>\n<meta name=\"twitter:label1\" content=\"Escrito por\" \/>\n\t<meta name=\"twitter:data1\" content=\"impactocastex\" \/>\n\t<meta name=\"twitter:label2\" content=\"Tiempo de lectura\" \/>\n\t<meta name=\"twitter:data2\" content=\"6 minutos\" \/>\n<script type=\"application\/ld+json\" class=\"yoast-schema-graph\">{\"@context\":\"https:\\\/\\\/schema.org\",\"@graph\":[{\"@type\":\"Article\",\"@id\":\"https:\\\/\\\/impactocastex.com.ar\\\/?p=1428#article\",\"isPartOf\":{\"@id\":\"https:\\\/\\\/impactocastex.com.ar\\\/?p=1428\"},\"author\":{\"name\":\"impactocastex\",\"@id\":\"https:\\\/\\\/impactocastex.com.ar\\\/#\\\/schema\\\/person\\\/c115028fb60f9bf49ce7550894b84ea7\"},\"headline\":\"Esc\u00e1ndalo y denuncia por los cantos antisemitas de estudiantes en un viaje de egresados\",\"datePublished\":\"2025-09-29T13:34:44+00:00\",\"dateModified\":\"2025-09-29T13:34:46+00:00\",\"mainEntityOfPage\":{\"@id\":\"https:\\\/\\\/impactocastex.com.ar\\\/?p=1428\"},\"wordCount\":2475,\"publisher\":{\"@id\":\"https:\\\/\\\/impactocastex.com.ar\\\/#organization\"},\"image\":{\"@id\":\"https:\\\/\\\/impactocastex.com.ar\\\/?p=1428#primaryimage\"},\"thumbnailUrl\":\"https:\\\/\\\/impactocastex.com.ar\\\/wp-content\\\/uploads\\\/2025\\\/09\\\/2123556.jpg\",\"articleSection\":[\"POLITICA\"],\"inLanguage\":\"es\"},{\"@type\":\"WebPage\",\"@id\":\"https:\\\/\\\/impactocastex.com.ar\\\/?p=1428\",\"url\":\"https:\\\/\\\/impactocastex.com.ar\\\/?p=1428\",\"name\":\"Esc\u00e1ndalo y denuncia por los cantos antisemitas de estudiantes en un viaje de egresados -\",\"isPartOf\":{\"@id\":\"https:\\\/\\\/impactocastex.com.ar\\\/#website\"},\"primaryImageOfPage\":{\"@id\":\"https:\\\/\\\/impactocastex.com.ar\\\/?p=1428#primaryimage\"},\"image\":{\"@id\":\"https:\\\/\\\/impactocastex.com.ar\\\/?p=1428#primaryimage\"},\"thumbnailUrl\":\"https:\\\/\\\/impactocastex.com.ar\\\/wp-content\\\/uploads\\\/2025\\\/09\\\/2123556.jpg\",\"datePublished\":\"2025-09-29T13:34:44+00:00\",\"dateModified\":\"2025-09-29T13:34:46+00:00\",\"breadcrumb\":{\"@id\":\"https:\\\/\\\/impactocastex.com.ar\\\/?p=1428#breadcrumb\"},\"inLanguage\":\"es\",\"potentialAction\":[{\"@type\":\"ReadAction\",\"target\":[\"https:\\\/\\\/impactocastex.com.ar\\\/?p=1428\"]}]},{\"@type\":\"ImageObject\",\"inLanguage\":\"es\",\"@id\":\"https:\\\/\\\/impactocastex.com.ar\\\/?p=1428#primaryimage\",\"url\":\"https:\\\/\\\/impactocastex.com.ar\\\/wp-content\\\/uploads\\\/2025\\\/09\\\/2123556.jpg\",\"contentUrl\":\"https:\\\/\\\/impactocastex.com.ar\\\/wp-content\\\/uploads\\\/2025\\\/09\\\/2123556.jpg\",\"width\":1200,\"height\":631},{\"@type\":\"BreadcrumbList\",\"@id\":\"https:\\\/\\\/impactocastex.com.ar\\\/?p=1428#breadcrumb\",\"itemListElement\":[{\"@type\":\"ListItem\",\"position\":1,\"name\":\"Portada\",\"item\":\"https:\\\/\\\/impactocastex.com.ar\\\/\"},{\"@type\":\"ListItem\",\"position\":2,\"name\":\"Esc\u00e1ndalo y denuncia por los cantos antisemitas de estudiantes en un viaje de egresados\"}]},{\"@type\":\"WebSite\",\"@id\":\"https:\\\/\\\/impactocastex.com.ar\\\/#website\",\"url\":\"https:\\\/\\\/impactocastex.com.ar\\\/\",\"name\":\"Impacto Castex\",\"description\":\"\",\"publisher\":{\"@id\":\"https:\\\/\\\/impactocastex.com.ar\\\/#organization\"},\"potentialAction\":[{\"@type\":\"SearchAction\",\"target\":{\"@type\":\"EntryPoint\",\"urlTemplate\":\"https:\\\/\\\/impactocastex.com.ar\\\/?s={search_term_string}\"},\"query-input\":{\"@type\":\"PropertyValueSpecification\",\"valueRequired\":true,\"valueName\":\"search_term_string\"}}],\"inLanguage\":\"es\"},{\"@type\":\"Organization\",\"@id\":\"https:\\\/\\\/impactocastex.com.ar\\\/#organization\",\"name\":\"Impacto Castex\",\"url\":\"https:\\\/\\\/impactocastex.com.ar\\\/\",\"logo\":{\"@type\":\"ImageObject\",\"inLanguage\":\"es\",\"@id\":\"https:\\\/\\\/impactocastex.com.ar\\\/#\\\/schema\\\/logo\\\/image\\\/\",\"url\":\"https:\\\/\\\/impactocastex.com.ar\\\/wp-content\\\/uploads\\\/2025\\\/09\\\/cropped-icoweb.png\",\"contentUrl\":\"https:\\\/\\\/impactocastex.com.ar\\\/wp-content\\\/uploads\\\/2025\\\/09\\\/cropped-icoweb.png\",\"width\":512,\"height\":512,\"caption\":\"Impacto Castex\"},\"image\":{\"@id\":\"https:\\\/\\\/impactocastex.com.ar\\\/#\\\/schema\\\/logo\\\/image\\\/\"},\"sameAs\":[\"https:\\\/\\\/www.facebook.com\\\/impactocastexdiario\",\"https:\\\/\\\/www.instagram.com\\\/impactocastex.com.ar\\\/\"]},{\"@type\":\"Person\",\"@id\":\"https:\\\/\\\/impactocastex.com.ar\\\/#\\\/schema\\\/person\\\/c115028fb60f9bf49ce7550894b84ea7\",\"name\":\"impactocastex\",\"image\":{\"@type\":\"ImageObject\",\"inLanguage\":\"es\",\"@id\":\"https:\\\/\\\/secure.gravatar.com\\\/avatar\\\/fee87e7af008f02e9becdc0b5a9fd4a2e79b3918a571edeacb62211704637833?s=96&d=mm&r=g\",\"url\":\"https:\\\/\\\/secure.gravatar.com\\\/avatar\\\/fee87e7af008f02e9becdc0b5a9fd4a2e79b3918a571edeacb62211704637833?s=96&d=mm&r=g\",\"contentUrl\":\"https:\\\/\\\/secure.gravatar.com\\\/avatar\\\/fee87e7af008f02e9becdc0b5a9fd4a2e79b3918a571edeacb62211704637833?s=96&d=mm&r=g\",\"caption\":\"impactocastex\"},\"sameAs\":[\"https:\\\/\\\/impactocastex.com.ar\\\/\"],\"url\":\"https:\\\/\\\/impactocastex.com.ar\\\/?author=2\"}]}<\/script>\n<!-- \/ Yoast SEO plugin. -->","yoast_head_json":{"title":"Esc\u00e1ndalo y denuncia por los cantos antisemitas de estudiantes en un viaje de egresados -","robots":{"index":"index","follow":"follow","max-snippet":"max-snippet:-1","max-image-preview":"max-image-preview:large","max-video-preview":"max-video-preview:-1"},"canonical":"https:\/\/impactocastex.com.ar\/?p=1428","og_locale":"es_ES","og_type":"article","og_title":"Esc\u00e1ndalo y denuncia por los cantos antisemitas de estudiantes en un viaje de egresados -","og_description":"Los alumnos, de la Escuela Humanos, y el coordinador de la empresa organizadora, Baxtter, cantaron...","og_url":"https:\/\/impactocastex.com.ar\/?p=1428","article_publisher":"https:\/\/www.facebook.com\/impactocastexdiario","article_published_time":"2025-09-29T13:34:44+00:00","article_modified_time":"2025-09-29T13:34:46+00:00","og_image":[{"width":1200,"height":631,"url":"https:\/\/impactocastex.com.ar\/wp-content\/uploads\/2025\/09\/2123556.jpg","type":"image\/jpeg"}],"author":"impactocastex","twitter_card":"summary_large_image","twitter_misc":{"Escrito por":"impactocastex","Tiempo de lectura":"6 minutos"},"schema":{"@context":"https:\/\/schema.org","@graph":[{"@type":"Article","@id":"https:\/\/impactocastex.com.ar\/?p=1428#article","isPartOf":{"@id":"https:\/\/impactocastex.com.ar\/?p=1428"},"author":{"name":"impactocastex","@id":"https:\/\/impactocastex.com.ar\/#\/schema\/person\/c115028fb60f9bf49ce7550894b84ea7"},"headline":"Esc\u00e1ndalo y denuncia por los cantos antisemitas de estudiantes en un viaje de egresados","datePublished":"2025-09-29T13:34:44+00:00","dateModified":"2025-09-29T13:34:46+00:00","mainEntityOfPage":{"@id":"https:\/\/impactocastex.com.ar\/?p=1428"},"wordCount":2475,"publisher":{"@id":"https:\/\/impactocastex.com.ar\/#organization"},"image":{"@id":"https:\/\/impactocastex.com.ar\/?p=1428#primaryimage"},"thumbnailUrl":"https:\/\/impactocastex.com.ar\/wp-content\/uploads\/2025\/09\/2123556.jpg","articleSection":["POLITICA"],"inLanguage":"es"},{"@type":"WebPage","@id":"https:\/\/impactocastex.com.ar\/?p=1428","url":"https:\/\/impactocastex.com.ar\/?p=1428","name":"Esc\u00e1ndalo y denuncia por los cantos antisemitas de estudiantes en un viaje de egresados -","isPartOf":{"@id":"https:\/\/impactocastex.com.ar\/#website"},"primaryImageOfPage":{"@id":"https:\/\/impactocastex.com.ar\/?p=1428#primaryimage"},"image":{"@id":"https:\/\/impactocastex.com.ar\/?p=1428#primaryimage"},"thumbnailUrl":"https:\/\/impactocastex.com.ar\/wp-content\/uploads\/2025\/09\/2123556.jpg","datePublished":"2025-09-29T13:34:44+00:00","dateModified":"2025-09-29T13:34:46+00:00","breadcrumb":{"@id":"https:\/\/impactocastex.com.ar\/?p=1428#breadcrumb"},"inLanguage":"es","potentialAction":[{"@type":"ReadAction","target":["https:\/\/impactocastex.com.ar\/?p=1428"]}]},{"@type":"ImageObject","inLanguage":"es","@id":"https:\/\/impactocastex.com.ar\/?p=1428#primaryimage","url":"https:\/\/impactocastex.com.ar\/wp-content\/uploads\/2025\/09\/2123556.jpg","contentUrl":"https:\/\/impactocastex.com.ar\/wp-content\/uploads\/2025\/09\/2123556.jpg","width":1200,"height":631},{"@type":"BreadcrumbList","@id":"https:\/\/impactocastex.com.ar\/?p=1428#breadcrumb","itemListElement":[{"@type":"ListItem","position":1,"name":"Portada","item":"https:\/\/impactocastex.com.ar\/"},{"@type":"ListItem","position":2,"name":"Esc\u00e1ndalo y denuncia por los cantos antisemitas de estudiantes en un viaje de egresados"}]},{"@type":"WebSite","@id":"https:\/\/impactocastex.com.ar\/#website","url":"https:\/\/impactocastex.com.ar\/","name":"Impacto Castex","description":"","publisher":{"@id":"https:\/\/impactocastex.com.ar\/#organization"},"potentialAction":[{"@type":"SearchAction","target":{"@type":"EntryPoint","urlTemplate":"https:\/\/impactocastex.com.ar\/?s={search_term_string}"},"query-input":{"@type":"PropertyValueSpecification","valueRequired":true,"valueName":"search_term_string"}}],"inLanguage":"es"},{"@type":"Organization","@id":"https:\/\/impactocastex.com.ar\/#organization","name":"Impacto Castex","url":"https:\/\/impactocastex.com.ar\/","logo":{"@type":"ImageObject","inLanguage":"es","@id":"https:\/\/impactocastex.com.ar\/#\/schema\/logo\/image\/","url":"https:\/\/impactocastex.com.ar\/wp-content\/uploads\/2025\/09\/cropped-icoweb.png","contentUrl":"https:\/\/impactocastex.com.ar\/wp-content\/uploads\/2025\/09\/cropped-icoweb.png","width":512,"height":512,"caption":"Impacto Castex"},"image":{"@id":"https:\/\/impactocastex.com.ar\/#\/schema\/logo\/image\/"},"sameAs":["https:\/\/www.facebook.com\/impactocastexdiario","https:\/\/www.instagram.com\/impactocastex.com.ar\/"]},{"@type":"Person","@id":"https:\/\/impactocastex.com.ar\/#\/schema\/person\/c115028fb60f9bf49ce7550894b84ea7","name":"impactocastex","image":{"@type":"ImageObject","inLanguage":"es","@id":"https:\/\/secure.gravatar.com\/avatar\/fee87e7af008f02e9becdc0b5a9fd4a2e79b3918a571edeacb62211704637833?s=96&d=mm&r=g","url":"https:\/\/secure.gravatar.com\/avatar\/fee87e7af008f02e9becdc0b5a9fd4a2e79b3918a571edeacb62211704637833?s=96&d=mm&r=g","contentUrl":"https:\/\/secure.gravatar.com\/avatar\/fee87e7af008f02e9becdc0b5a9fd4a2e79b3918a571edeacb62211704637833?s=96&d=mm&r=g","caption":"impactocastex"},"sameAs":["https:\/\/impactocastex.com.ar\/"],"url":"https:\/\/impactocastex.com.ar\/?author=2"}]}},"jetpack_publicize_connections":[],"featured_image_urls":{"full":["https:\/\/impactocastex.com.ar\/wp-content\/uploads\/2025\/09\/2123556.jpg",1200,631,false],"thumbnail":["https:\/\/impactocastex.com.ar\/wp-content\/uploads\/2025\/09\/2123556-150x150.jpg",150,150,true],"medium":["https:\/\/impactocastex.com.ar\/wp-content\/uploads\/2025\/09\/2123556-300x158.jpg",300,158,true],"medium_large":["https:\/\/impactocastex.com.ar\/wp-content\/uploads\/2025\/09\/2123556-768x404.jpg",640,337,true],"large":["https:\/\/impactocastex.com.ar\/wp-content\/uploads\/2025\/09\/2123556-1024x538.jpg",640,336,true],"1536x1536":["https:\/\/impactocastex.com.ar\/wp-content\/uploads\/2025\/09\/2123556.jpg",1200,631,false],"2048x2048":["https:\/\/impactocastex.com.ar\/wp-content\/uploads\/2025\/09\/2123556.jpg",1200,631,false],"newsever-slider-full":["https:\/\/impactocastex.com.ar\/wp-content\/uploads\/2025\/09\/2123556.jpg",1200,631,false],"newsever-featured":["https:\/\/impactocastex.com.ar\/wp-content\/uploads\/2025\/09\/2123556-1024x538.jpg",1024,538,true],"newsever-medium":["https:\/\/impactocastex.com.ar\/wp-content\/uploads\/2025\/09\/2123556-720x475.jpg",720,475,true]},"author_info":{"info":["impactocastex"]},"category_info":"<a href=\"https:\/\/impactocastex.com.ar\/?cat=122\" rel=\"category\">POLITICA<\/a>","tag_info":"POLITICA","comment_count":0,"jetpack_featured_media_url":"https:\/\/impactocastex.com.ar\/wp-content\/uploads\/2025\/09\/2123556.jpg","jetpack_sharing_enabled":true,"jetpack_likes_enabled":true,"jetpack_shortlink":"https:\/\/wp.me\/p7sopA-n2","_links":{"self":[{"href":"https:\/\/impactocastex.com.ar\/index.php?rest_route=\/wp\/v2\/posts\/1428","targetHints":{"allow":["GET"]}}],"collection":[{"href":"https:\/\/impactocastex.com.ar\/index.php?rest_route=\/wp\/v2\/posts"}],"about":[{"href":"https:\/\/impactocastex.com.ar\/index.php?rest_route=\/wp\/v2\/types\/post"}],"author":[{"embeddable":true,"href":"https:\/\/impactocastex.com.ar\/index.php?rest_route=\/wp\/v2\/users\/2"}],"replies":[{"embeddable":true,"href":"https:\/\/impactocastex.com.ar\/index.php?rest_route=%2Fwp%2Fv2%2Fcomments&post=1428"}],"version-history":[{"count":1,"href":"https:\/\/impactocastex.com.ar\/index.php?rest_route=\/wp\/v2\/posts\/1428\/revisions"}],"predecessor-version":[{"id":1430,"href":"https:\/\/impactocastex.com.ar\/index.php?rest_route=\/wp\/v2\/posts\/1428\/revisions\/1430"}],"wp:featuredmedia":[{"embeddable":true,"href":"https:\/\/impactocastex.com.ar\/index.php?rest_route=\/wp\/v2\/media\/1429"}],"wp:attachment":[{"href":"https:\/\/impactocastex.com.ar\/index.php?rest_route=%2Fwp%2Fv2%2Fmedia&parent=1428"}],"wp:term":[{"taxonomy":"category","embeddable":true,"href":"https:\/\/impactocastex.com.ar\/index.php?rest_route=%2Fwp%2Fv2%2Fcategories&post=1428"},{"taxonomy":"post_tag","embeddable":true,"href":"https:\/\/impactocastex.com.ar\/index.php?rest_route=%2Fwp%2Fv2%2Ftags&post=1428"}],"curies":[{"name":"wp","href":"https:\/\/api.w.org\/{rel}","templated":true}]}}