{"id":1413,"date":"2025-09-26T11:46:28","date_gmt":"2025-09-26T14:46:28","guid":{"rendered":"https:\/\/impactocastex.com.ar\/?p=1413"},"modified":"2025-09-26T11:46:29","modified_gmt":"2025-09-26T14:46:29","slug":"terror-a-plena-luz-del-dia-un-hombre-abrio-fuego-contra-una-casa-con-ninos-adentro","status":"publish","type":"post","link":"https:\/\/impactocastex.com.ar\/?p=1413","title":{"rendered":"\u00a1Terror a plena luz del d\u00eda! Un hombre abri\u00f3 fuego contra una casa con ni\u00f1os adentro"},"content":{"rendered":"\n<p><strong>Fue detenido por la polic\u00eda el arma encontrado y un fiscal lo notifico y los dejo en libertad.<\/strong><\/p>\n\n\n\n<p>Una escena de puro p\u00e1nico se vivi\u00f3 este mi\u00e9rcoles cerca del mediod\u00eda en el barrio Congreso de Santa Rosa, cuando un hombre armado desat\u00f3 el caos al disparar contra una vivienda habitada por una mujer y sus hijos peque\u00f1os.<\/p>\n\n\n\n<p>El hecho ocurri\u00f3 alrededor de las 13:30, en una casa ubicada en Congreso al 800. Seg\u00fan relat\u00f3 la due\u00f1a del lugar, no era la primera vez que el atacante la amenazaba: ya hab\u00eda protagonizado incidentes previos. Esta vez, fue m\u00e1s lejos. Dispar\u00f3 al menos cuatro veces contra la vivienda, mientras en el interior estaban la mujer y sus hijos menores de edad. Una verdadera pesadilla.<\/p>\n\n\n\n<p>La hermana de la v\u00edctima fue testigo directo del violento ataque y confirm\u00f3 que escuch\u00f3 m\u00faltiples detonaciones. El p\u00e1nico se apoder\u00f3 del vecindario.<\/p>\n\n\n\n<p>Persecuci\u00f3n policial, tensi\u00f3n vecinal y un rev\u00f3lver tirado en un bald\u00edo<\/p>\n\n\n\n<p>Tras el llamado de emergencia, efectivos de la Seccional Primera y la Brigada de Investigaciones se lanzaron a una intensa persecuci\u00f3n. En cuesti\u00f3n de minutos, lograron interceptar al sospechoso a pocas cuadras, en la intersecci\u00f3n de la avenida Circunvalaci\u00f3n Santiago Marzo y calle Congreso. Sin embargo, al momento de su detenci\u00f3n, el hombre no ten\u00eda el arma consigo.<\/p>\n\n\n\n<p>Lo que vino despu\u00e9s fue digno de una pel\u00edcula. Los uniformados rastrillaron la zona con la tensi\u00f3n al m\u00e1ximo, hasta que, en un bald\u00edo cercano, hallaron un rev\u00f3lver descargado. Pero mientras realizaban el operativo, vecinos enfurecidos comenzaron a lanzar piedras contra el personal policial, oblig\u00e1ndolos a evacuar la zona r\u00e1pidamente y trasladar el arma recuperada a la dependencia para resguardarla.<\/p>\n\n\n\n<p>Lo detuvieron\u2026 pero qued\u00f3 libre<\/p>\n\n\n\n<p>El sospechoso fue trasladado a la comisar\u00eda, donde se le practic\u00f3 un dermo-test para detectar p\u00f3lvora en sus manos. Fue notificado formalmente por el delito de \u201cAbuso de Arma\u201d.<\/p>\n\n\n\n<p>Sorprendentemente, y pese a la gravedad de lo ocurrido, el hombre fue notificado en libertad, aunque con una medida de restricci\u00f3n que le impide acercarse a las v\u00edctimas mientras se define su situaci\u00f3n judicial.<\/p>\n\n\n\n<p>Vecinos piden justicia y temen por nuevas represalias. \u00bfHasta cu\u00e1ndo habr\u00e1 que esperar para que los ataques cesen?<\/p>\n\n\n\n<p>Foto El Diario<\/p>\n","protected":false},"excerpt":{"rendered":"<p>Fue detenido por la polic\u00eda el arma encontrado y un fiscal lo notifico y los&#8230;<\/p>\n","protected":false},"author":2,"featured_media":1414,"comment_status":"closed","ping_status":"closed","sticky":false,"template":"","format":"standard","meta":{"_jetpack_memberships_contains_paid_content":false,"footnotes":"","jetpack_publicize_message":"","jetpack_publicize_feature_enabled":true,"jetpack_social_post_already_shared":true,"jetpack_social_options":{"image_generator_settings":{"template":"highway","default_image_id":0,"font":"","enabled":false},"version":2}},"categories":[85],"tags":[],"class_list":["post-1413","post","type-post","status-publish","format-standard","has-post-thumbnail","hentry","category-policiales"],"yoast_head":"<!-- This site is optimized with the Yoast SEO plugin v27.4 - https:\/\/yoast.com\/product\/yoast-seo-wordpress\/ -->\n<title>\u00a1Terror a plena luz del d\u00eda! Un hombre abri\u00f3 fuego contra una casa con ni\u00f1os adentro -<\/title>\n<meta name=\"robots\" content=\"index, follow, max-snippet:-1, max-image-preview:large, max-video-preview:-1\" \/>\n<link rel=\"canonical\" href=\"https:\/\/impactocastex.com.ar\/?p=1413\" \/>\n<meta property=\"og:locale\" content=\"es_ES\" \/>\n<meta property=\"og:type\" content=\"article\" \/>\n<meta property=\"og:title\" content=\"\u00a1Terror a plena luz del d\u00eda! Un hombre abri\u00f3 fuego contra una casa con ni\u00f1os adentro -\" \/>\n<meta property=\"og:description\" content=\"Fue detenido por la polic\u00eda el arma encontrado y un fiscal lo notifico y los...\" \/>\n<meta property=\"og:url\" content=\"https:\/\/impactocastex.com.ar\/?p=1413\" \/>\n<meta property=\"article:publisher\" content=\"https:\/\/www.facebook.com\/impactocastexdiario\" \/>\n<meta property=\"article:published_time\" content=\"2025-09-26T14:46:28+00:00\" \/>\n<meta property=\"article:modified_time\" content=\"2025-09-26T14:46:29+00:00\" \/>\n<meta property=\"og:image\" content=\"https:\/\/impactocastex.com.ar\/wp-content\/uploads\/2025\/09\/f1280x720-245489_377164_5050.jpg\" \/>\n\t<meta property=\"og:image:width\" content=\"1280\" \/>\n\t<meta property=\"og:image:height\" content=\"720\" \/>\n\t<meta property=\"og:image:type\" content=\"image\/jpeg\" \/>\n<meta name=\"author\" content=\"impactocastex\" \/>\n<meta name=\"twitter:card\" content=\"summary_large_image\" \/>\n<meta name=\"twitter:label1\" content=\"Escrito por\" \/>\n\t<meta name=\"twitter:data1\" content=\"impactocastex\" \/>\n\t<meta name=\"twitter:label2\" content=\"Tiempo de lectura\" \/>\n\t<meta name=\"twitter:data2\" content=\"2 minutos\" \/>\n<script type=\"application\/ld+json\" class=\"yoast-schema-graph\">{\"@context\":\"https:\\\/\\\/schema.org\",\"@graph\":[{\"@type\":\"Article\",\"@id\":\"https:\\\/\\\/impactocastex.com.ar\\\/?p=1413#article\",\"isPartOf\":{\"@id\":\"https:\\\/\\\/impactocastex.com.ar\\\/?p=1413\"},\"author\":{\"name\":\"impactocastex\",\"@id\":\"https:\\\/\\\/impactocastex.com.ar\\\/#\\\/schema\\\/person\\\/c115028fb60f9bf49ce7550894b84ea7\"},\"headline\":\"\u00a1Terror a plena luz del d\u00eda! Un hombre abri\u00f3 fuego contra una casa con ni\u00f1os adentro\",\"datePublished\":\"2025-09-26T14:46:28+00:00\",\"dateModified\":\"2025-09-26T14:46:29+00:00\",\"mainEntityOfPage\":{\"@id\":\"https:\\\/\\\/impactocastex.com.ar\\\/?p=1413\"},\"wordCount\":415,\"publisher\":{\"@id\":\"https:\\\/\\\/impactocastex.com.ar\\\/#organization\"},\"image\":{\"@id\":\"https:\\\/\\\/impactocastex.com.ar\\\/?p=1413#primaryimage\"},\"thumbnailUrl\":\"https:\\\/\\\/impactocastex.com.ar\\\/wp-content\\\/uploads\\\/2025\\\/09\\\/f1280x720-245489_377164_5050.jpg\",\"articleSection\":[\"POLICIALES\"],\"inLanguage\":\"es\"},{\"@type\":\"WebPage\",\"@id\":\"https:\\\/\\\/impactocastex.com.ar\\\/?p=1413\",\"url\":\"https:\\\/\\\/impactocastex.com.ar\\\/?p=1413\",\"name\":\"\u00a1Terror a plena luz del d\u00eda! Un hombre abri\u00f3 fuego contra una casa con ni\u00f1os adentro -\",\"isPartOf\":{\"@id\":\"https:\\\/\\\/impactocastex.com.ar\\\/#website\"},\"primaryImageOfPage\":{\"@id\":\"https:\\\/\\\/impactocastex.com.ar\\\/?p=1413#primaryimage\"},\"image\":{\"@id\":\"https:\\\/\\\/impactocastex.com.ar\\\/?p=1413#primaryimage\"},\"thumbnailUrl\":\"https:\\\/\\\/impactocastex.com.ar\\\/wp-content\\\/uploads\\\/2025\\\/09\\\/f1280x720-245489_377164_5050.jpg\",\"datePublished\":\"2025-09-26T14:46:28+00:00\",\"dateModified\":\"2025-09-26T14:46:29+00:00\",\"breadcrumb\":{\"@id\":\"https:\\\/\\\/impactocastex.com.ar\\\/?p=1413#breadcrumb\"},\"inLanguage\":\"es\",\"potentialAction\":[{\"@type\":\"ReadAction\",\"target\":[\"https:\\\/\\\/impactocastex.com.ar\\\/?p=1413\"]}]},{\"@type\":\"ImageObject\",\"inLanguage\":\"es\",\"@id\":\"https:\\\/\\\/impactocastex.com.ar\\\/?p=1413#primaryimage\",\"url\":\"https:\\\/\\\/impactocastex.com.ar\\\/wp-content\\\/uploads\\\/2025\\\/09\\\/f1280x720-245489_377164_5050.jpg\",\"contentUrl\":\"https:\\\/\\\/impactocastex.com.ar\\\/wp-content\\\/uploads\\\/2025\\\/09\\\/f1280x720-245489_377164_5050.jpg\",\"width\":1280,\"height\":720},{\"@type\":\"BreadcrumbList\",\"@id\":\"https:\\\/\\\/impactocastex.com.ar\\\/?p=1413#breadcrumb\",\"itemListElement\":[{\"@type\":\"ListItem\",\"position\":1,\"name\":\"Portada\",\"item\":\"https:\\\/\\\/impactocastex.com.ar\\\/\"},{\"@type\":\"ListItem\",\"position\":2,\"name\":\"\u00a1Terror a plena luz del d\u00eda! Un hombre abri\u00f3 fuego contra una casa con ni\u00f1os adentro\"}]},{\"@type\":\"WebSite\",\"@id\":\"https:\\\/\\\/impactocastex.com.ar\\\/#website\",\"url\":\"https:\\\/\\\/impactocastex.com.ar\\\/\",\"name\":\"Impacto Castex\",\"description\":\"\",\"publisher\":{\"@id\":\"https:\\\/\\\/impactocastex.com.ar\\\/#organization\"},\"potentialAction\":[{\"@type\":\"SearchAction\",\"target\":{\"@type\":\"EntryPoint\",\"urlTemplate\":\"https:\\\/\\\/impactocastex.com.ar\\\/?s={search_term_string}\"},\"query-input\":{\"@type\":\"PropertyValueSpecification\",\"valueRequired\":true,\"valueName\":\"search_term_string\"}}],\"inLanguage\":\"es\"},{\"@type\":\"Organization\",\"@id\":\"https:\\\/\\\/impactocastex.com.ar\\\/#organization\",\"name\":\"Impacto Castex\",\"url\":\"https:\\\/\\\/impactocastex.com.ar\\\/\",\"logo\":{\"@type\":\"ImageObject\",\"inLanguage\":\"es\",\"@id\":\"https:\\\/\\\/impactocastex.com.ar\\\/#\\\/schema\\\/logo\\\/image\\\/\",\"url\":\"https:\\\/\\\/impactocastex.com.ar\\\/wp-content\\\/uploads\\\/2025\\\/09\\\/cropped-icoweb.png\",\"contentUrl\":\"https:\\\/\\\/impactocastex.com.ar\\\/wp-content\\\/uploads\\\/2025\\\/09\\\/cropped-icoweb.png\",\"width\":512,\"height\":512,\"caption\":\"Impacto Castex\"},\"image\":{\"@id\":\"https:\\\/\\\/impactocastex.com.ar\\\/#\\\/schema\\\/logo\\\/image\\\/\"},\"sameAs\":[\"https:\\\/\\\/www.facebook.com\\\/impactocastexdiario\",\"https:\\\/\\\/www.instagram.com\\\/impactocastex.com.ar\\\/\"]},{\"@type\":\"Person\",\"@id\":\"https:\\\/\\\/impactocastex.com.ar\\\/#\\\/schema\\\/person\\\/c115028fb60f9bf49ce7550894b84ea7\",\"name\":\"impactocastex\",\"image\":{\"@type\":\"ImageObject\",\"inLanguage\":\"es\",\"@id\":\"https:\\\/\\\/secure.gravatar.com\\\/avatar\\\/fee87e7af008f02e9becdc0b5a9fd4a2e79b3918a571edeacb62211704637833?s=96&d=mm&r=g\",\"url\":\"https:\\\/\\\/secure.gravatar.com\\\/avatar\\\/fee87e7af008f02e9becdc0b5a9fd4a2e79b3918a571edeacb62211704637833?s=96&d=mm&r=g\",\"contentUrl\":\"https:\\\/\\\/secure.gravatar.com\\\/avatar\\\/fee87e7af008f02e9becdc0b5a9fd4a2e79b3918a571edeacb62211704637833?s=96&d=mm&r=g\",\"caption\":\"impactocastex\"},\"sameAs\":[\"https:\\\/\\\/impactocastex.com.ar\\\/\"],\"url\":\"https:\\\/\\\/impactocastex.com.ar\\\/?author=2\"}]}<\/script>\n<!-- \/ Yoast SEO plugin. -->","yoast_head_json":{"title":"\u00a1Terror a plena luz del d\u00eda! Un hombre abri\u00f3 fuego contra una casa con ni\u00f1os adentro -","robots":{"index":"index","follow":"follow","max-snippet":"max-snippet:-1","max-image-preview":"max-image-preview:large","max-video-preview":"max-video-preview:-1"},"canonical":"https:\/\/impactocastex.com.ar\/?p=1413","og_locale":"es_ES","og_type":"article","og_title":"\u00a1Terror a plena luz del d\u00eda! Un hombre abri\u00f3 fuego contra una casa con ni\u00f1os adentro -","og_description":"Fue detenido por la polic\u00eda el arma encontrado y un fiscal lo notifico y los...","og_url":"https:\/\/impactocastex.com.ar\/?p=1413","article_publisher":"https:\/\/www.facebook.com\/impactocastexdiario","article_published_time":"2025-09-26T14:46:28+00:00","article_modified_time":"2025-09-26T14:46:29+00:00","og_image":[{"width":1280,"height":720,"url":"https:\/\/impactocastex.com.ar\/wp-content\/uploads\/2025\/09\/f1280x720-245489_377164_5050.jpg","type":"image\/jpeg"}],"author":"impactocastex","twitter_card":"summary_large_image","twitter_misc":{"Escrito por":"impactocastex","Tiempo de lectura":"2 minutos"},"schema":{"@context":"https:\/\/schema.org","@graph":[{"@type":"Article","@id":"https:\/\/impactocastex.com.ar\/?p=1413#article","isPartOf":{"@id":"https:\/\/impactocastex.com.ar\/?p=1413"},"author":{"name":"impactocastex","@id":"https:\/\/impactocastex.com.ar\/#\/schema\/person\/c115028fb60f9bf49ce7550894b84ea7"},"headline":"\u00a1Terror a plena luz del d\u00eda! Un hombre abri\u00f3 fuego contra una casa con ni\u00f1os adentro","datePublished":"2025-09-26T14:46:28+00:00","dateModified":"2025-09-26T14:46:29+00:00","mainEntityOfPage":{"@id":"https:\/\/impactocastex.com.ar\/?p=1413"},"wordCount":415,"publisher":{"@id":"https:\/\/impactocastex.com.ar\/#organization"},"image":{"@id":"https:\/\/impactocastex.com.ar\/?p=1413#primaryimage"},"thumbnailUrl":"https:\/\/impactocastex.com.ar\/wp-content\/uploads\/2025\/09\/f1280x720-245489_377164_5050.jpg","articleSection":["POLICIALES"],"inLanguage":"es"},{"@type":"WebPage","@id":"https:\/\/impactocastex.com.ar\/?p=1413","url":"https:\/\/impactocastex.com.ar\/?p=1413","name":"\u00a1Terror a plena luz del d\u00eda! Un hombre abri\u00f3 fuego contra una casa con ni\u00f1os adentro -","isPartOf":{"@id":"https:\/\/impactocastex.com.ar\/#website"},"primaryImageOfPage":{"@id":"https:\/\/impactocastex.com.ar\/?p=1413#primaryimage"},"image":{"@id":"https:\/\/impactocastex.com.ar\/?p=1413#primaryimage"},"thumbnailUrl":"https:\/\/impactocastex.com.ar\/wp-content\/uploads\/2025\/09\/f1280x720-245489_377164_5050.jpg","datePublished":"2025-09-26T14:46:28+00:00","dateModified":"2025-09-26T14:46:29+00:00","breadcrumb":{"@id":"https:\/\/impactocastex.com.ar\/?p=1413#breadcrumb"},"inLanguage":"es","potentialAction":[{"@type":"ReadAction","target":["https:\/\/impactocastex.com.ar\/?p=1413"]}]},{"@type":"ImageObject","inLanguage":"es","@id":"https:\/\/impactocastex.com.ar\/?p=1413#primaryimage","url":"https:\/\/impactocastex.com.ar\/wp-content\/uploads\/2025\/09\/f1280x720-245489_377164_5050.jpg","contentUrl":"https:\/\/impactocastex.com.ar\/wp-content\/uploads\/2025\/09\/f1280x720-245489_377164_5050.jpg","width":1280,"height":720},{"@type":"BreadcrumbList","@id":"https:\/\/impactocastex.com.ar\/?p=1413#breadcrumb","itemListElement":[{"@type":"ListItem","position":1,"name":"Portada","item":"https:\/\/impactocastex.com.ar\/"},{"@type":"ListItem","position":2,"name":"\u00a1Terror a plena luz del d\u00eda! Un hombre abri\u00f3 fuego contra una casa con ni\u00f1os adentro"}]},{"@type":"WebSite","@id":"https:\/\/impactocastex.com.ar\/#website","url":"https:\/\/impactocastex.com.ar\/","name":"Impacto Castex","description":"","publisher":{"@id":"https:\/\/impactocastex.com.ar\/#organization"},"potentialAction":[{"@type":"SearchAction","target":{"@type":"EntryPoint","urlTemplate":"https:\/\/impactocastex.com.ar\/?s={search_term_string}"},"query-input":{"@type":"PropertyValueSpecification","valueRequired":true,"valueName":"search_term_string"}}],"inLanguage":"es"},{"@type":"Organization","@id":"https:\/\/impactocastex.com.ar\/#organization","name":"Impacto Castex","url":"https:\/\/impactocastex.com.ar\/","logo":{"@type":"ImageObject","inLanguage":"es","@id":"https:\/\/impactocastex.com.ar\/#\/schema\/logo\/image\/","url":"https:\/\/impactocastex.com.ar\/wp-content\/uploads\/2025\/09\/cropped-icoweb.png","contentUrl":"https:\/\/impactocastex.com.ar\/wp-content\/uploads\/2025\/09\/cropped-icoweb.png","width":512,"height":512,"caption":"Impacto Castex"},"image":{"@id":"https:\/\/impactocastex.com.ar\/#\/schema\/logo\/image\/"},"sameAs":["https:\/\/www.facebook.com\/impactocastexdiario","https:\/\/www.instagram.com\/impactocastex.com.ar\/"]},{"@type":"Person","@id":"https:\/\/impactocastex.com.ar\/#\/schema\/person\/c115028fb60f9bf49ce7550894b84ea7","name":"impactocastex","image":{"@type":"ImageObject","inLanguage":"es","@id":"https:\/\/secure.gravatar.com\/avatar\/fee87e7af008f02e9becdc0b5a9fd4a2e79b3918a571edeacb62211704637833?s=96&d=mm&r=g","url":"https:\/\/secure.gravatar.com\/avatar\/fee87e7af008f02e9becdc0b5a9fd4a2e79b3918a571edeacb62211704637833?s=96&d=mm&r=g","contentUrl":"https:\/\/secure.gravatar.com\/avatar\/fee87e7af008f02e9becdc0b5a9fd4a2e79b3918a571edeacb62211704637833?s=96&d=mm&r=g","caption":"impactocastex"},"sameAs":["https:\/\/impactocastex.com.ar\/"],"url":"https:\/\/impactocastex.com.ar\/?author=2"}]}},"jetpack_publicize_connections":[],"featured_image_urls":{"full":["https:\/\/impactocastex.com.ar\/wp-content\/uploads\/2025\/09\/f1280x720-245489_377164_5050.jpg",1280,720,false],"thumbnail":["https:\/\/impactocastex.com.ar\/wp-content\/uploads\/2025\/09\/f1280x720-245489_377164_5050-150x150.jpg",150,150,true],"medium":["https:\/\/impactocastex.com.ar\/wp-content\/uploads\/2025\/09\/f1280x720-245489_377164_5050-300x169.jpg",300,169,true],"medium_large":["https:\/\/impactocastex.com.ar\/wp-content\/uploads\/2025\/09\/f1280x720-245489_377164_5050-768x432.jpg",640,360,true],"large":["https:\/\/impactocastex.com.ar\/wp-content\/uploads\/2025\/09\/f1280x720-245489_377164_5050-1024x576.jpg",640,360,true],"1536x1536":["https:\/\/impactocastex.com.ar\/wp-content\/uploads\/2025\/09\/f1280x720-245489_377164_5050.jpg",1280,720,false],"2048x2048":["https:\/\/impactocastex.com.ar\/wp-content\/uploads\/2025\/09\/f1280x720-245489_377164_5050.jpg",1280,720,false],"newsever-slider-full":["https:\/\/impactocastex.com.ar\/wp-content\/uploads\/2025\/09\/f1280x720-245489_377164_5050.jpg",1280,720,false],"newsever-featured":["https:\/\/impactocastex.com.ar\/wp-content\/uploads\/2025\/09\/f1280x720-245489_377164_5050-1024x576.jpg",1024,576,true],"newsever-medium":["https:\/\/impactocastex.com.ar\/wp-content\/uploads\/2025\/09\/f1280x720-245489_377164_5050-720x475.jpg",720,475,true]},"author_info":{"info":["impactocastex"]},"category_info":"<a href=\"https:\/\/impactocastex.com.ar\/?cat=85\" rel=\"category\">POLICIALES<\/a>","tag_info":"POLICIALES","comment_count":0,"jetpack_featured_media_url":"https:\/\/impactocastex.com.ar\/wp-content\/uploads\/2025\/09\/f1280x720-245489_377164_5050.jpg","jetpack_sharing_enabled":true,"jetpack_likes_enabled":true,"jetpack_shortlink":"https:\/\/wp.me\/p7sopA-mN","_links":{"self":[{"href":"https:\/\/impactocastex.com.ar\/index.php?rest_route=\/wp\/v2\/posts\/1413","targetHints":{"allow":["GET"]}}],"collection":[{"href":"https:\/\/impactocastex.com.ar\/index.php?rest_route=\/wp\/v2\/posts"}],"about":[{"href":"https:\/\/impactocastex.com.ar\/index.php?rest_route=\/wp\/v2\/types\/post"}],"author":[{"embeddable":true,"href":"https:\/\/impactocastex.com.ar\/index.php?rest_route=\/wp\/v2\/users\/2"}],"replies":[{"embeddable":true,"href":"https:\/\/impactocastex.com.ar\/index.php?rest_route=%2Fwp%2Fv2%2Fcomments&post=1413"}],"version-history":[{"count":1,"href":"https:\/\/impactocastex.com.ar\/index.php?rest_route=\/wp\/v2\/posts\/1413\/revisions"}],"predecessor-version":[{"id":1415,"href":"https:\/\/impactocastex.com.ar\/index.php?rest_route=\/wp\/v2\/posts\/1413\/revisions\/1415"}],"wp:featuredmedia":[{"embeddable":true,"href":"https:\/\/impactocastex.com.ar\/index.php?rest_route=\/wp\/v2\/media\/1414"}],"wp:attachment":[{"href":"https:\/\/impactocastex.com.ar\/index.php?rest_route=%2Fwp%2Fv2%2Fmedia&parent=1413"}],"wp:term":[{"taxonomy":"category","embeddable":true,"href":"https:\/\/impactocastex.com.ar\/index.php?rest_route=%2Fwp%2Fv2%2Fcategories&post=1413"},{"taxonomy":"post_tag","embeddable":true,"href":"https:\/\/impactocastex.com.ar\/index.php?rest_route=%2Fwp%2Fv2%2Ftags&post=1413"}],"curies":[{"name":"wp","href":"https:\/\/api.w.org\/{rel}","templated":true}]}}