{"id":13747,"date":"2026-03-19T03:39:53","date_gmt":"2026-03-19T06:39:53","guid":{"rendered":"https:\/\/impactocastex.com.ar\/?p=13747"},"modified":"2026-03-19T03:39:53","modified_gmt":"2026-03-19T06:39:53","slug":"en-fotos-benjamin-vicuna-y-emilia-attias-protagonistas-de-una-velada-muy-especial","status":"publish","type":"post","link":"https:\/\/impactocastex.com.ar\/?p=13747","title":{"rendered":"En fotos: Benjam\u00edn Vicu\u00f1a y Emilia Attias, protagonistas de una velada muy especial"},"content":{"rendered":"<p><img loading=\"lazy\" decoding=\"async\" src=\"https:\/\/resizer.glanacion.com\/resizer\/v2\/W6GF4CVOVNEFJBUTW3KIXSR7OE.JPG?auth=68a104e3eb5c3e7974e4b90021972aef661bb365b97031d8cb72d9f205906070&amp;smart=true&amp;width=2000&amp;height=1330\" alt=\"Esta semana, algunas celebridades vern\u00e1culas celebraron el estreno de una pel\u00edcula argentina, en medio de la gran crisis que atraviesa la industria. La avant premiere se llev\u00f3 a cabo en la sala de un conocido shopping del barrio porte\u00f1o de Palermo\" height=\"1330\" width=\"2000\" \/><img loading=\"lazy\" decoding=\"async\" src=\"https:\/\/resizer.glanacion.com\/resizer\/v2\/WEPEKE4WNBBUZNPX2ZAZDQWNSE.JPG?auth=2ea5b3624d6697e74950140776551f79655c9e809c728119417a28903125f394&amp;smart=true&amp;width=1330&amp;height=2000\" alt=\"La pel\u00edcula en cuesti\u00f3n, Solo fan\u00e1ticos, est\u00e1 basada en hechos reales y cuenta la historia de una diva de OnlyFans en decadencia que est\u00e1 embarazada del hijo de un sobrino. Benjam\u00edn Vicu\u00f1a es uno de sus protagonistas\" height=\"2000\" width=\"1330\" \/><img loading=\"lazy\" decoding=\"async\" src=\"https:\/\/resizer.glanacion.com\/resizer\/v2\/QL7GEUPZY5HLBCJJADSKD54WRQ.JPG?auth=812e3c3d607c84716753882459d2c9ff766c1f79111f6a8df44ffaf800a3f41e&amp;smart=true&amp;width=1330&amp;height=2000\" alt=\"Otra de las figuras que forman parte del elenco es Emilia Attias, que opt\u00f3 por un minivestido de red negro y botas altas\" height=\"2000\" width=\"1330\" \/><img loading=\"lazy\" decoding=\"async\" src=\"https:\/\/resizer.glanacion.com\/resizer\/v2\/H6T5ZW2F6FHORNNZ2OQLKSSESE.JPG?auth=7234e3d62ccad149611fa754935b4040a34a66c05a8a592501eca4b42e6dab46&amp;smart=true&amp;width=1330&amp;height=2000\" alt=\"La exparticipante de MasterChef Celebrity concurri\u00f3 a la cita junto a su novio, Guillermo Freire\" height=\"2000\" width=\"1330\" \/><img loading=\"lazy\" decoding=\"async\" src=\"https:\/\/resizer.glanacion.com\/resizer\/v2\/HCGKWBZ3RVFP3EPM4CSBGD6C7U.JPG?auth=d3dbcd2e525ebae0854eacbcddd5d9d25b16e23b82b8465c63f8498a2bae0595&amp;smart=true&amp;width=2000&amp;height=1330\" alt=\"Antonella Kruger y Leo Damario, protagonista y director del film llegaron al lugar en una majestuosa limusina \" height=\"1330\" width=\"2000\" \/><img loading=\"lazy\" decoding=\"async\" src=\"https:\/\/resizer.glanacion.com\/resizer\/v2\/YEWNH2LKE5HFRMVRPNA63JSAUU.JPG?auth=a89266066d302e57833d93470c23aff8900e60ae61566352a25b197147c16c76&amp;smart=true&amp;width=1330&amp;height=2000\" alt=\"Como una diva, Kruger desfil\u00f3 por la alfombra roja montada especialmente para la ocasi\u00f3n con un vestido con sobrefalda con destellos dorado\" height=\"2000\" width=\"1330\" \/><img loading=\"lazy\" decoding=\"async\" src=\"https:\/\/resizer.glanacion.com\/resizer\/v2\/GCFEJYNFCFASTBHWNWLJGNPNIY.JPG?auth=66f421ab3f43319b30fedd31af6a0b2263b9e34fd52440f6c15391b881232ada&amp;smart=true&amp;width=1330&amp;height=2000\" alt=\"El actor Benjam\u00edn Alfonso fue una de las personalidades invitadas, quien se mostr\u00f3 muy canchero con un pantal\u00f3n negro, camisa celeste a rayas y zapatillas deportivas blancas\" height=\"2000\" width=\"1330\" \/><img loading=\"lazy\" decoding=\"async\" src=\"https:\/\/resizer.glanacion.com\/resizer\/v2\/EW5UF44JSBE7LB4ZJVMKJYRSP4.JPG?auth=027a1b697440f084a2d27320c8e1ff8d0a8645b41ec6328acda1eae9e3fa5ec8&amp;smart=true&amp;width=2000&amp;height=1330\" alt=\"Alex Cannigia y Melody Luz tambi\u00e9n disfrutaron de la exclusiva funci\u00f3n\" height=\"1330\" width=\"2000\" \/><img loading=\"lazy\" decoding=\"async\" src=\"https:\/\/resizer.glanacion.com\/resizer\/v2\/WYIXY67CG5EHBPP5R43B3ER2NI.JPG?auth=d3f6760680fa7fd40e617111cf8a1dd9e5d312d9bd82a9cbc8c800b4bc645080&amp;smart=true&amp;width=1330&amp;height=2000\" alt=\"La bailarina y exparticipante de El hotel de los famosos eligi\u00f3 un vestido largo con cuello halter y escote bote en tono ladrillo\" height=\"2000\" width=\"1330\" \/><img loading=\"lazy\" decoding=\"async\" src=\"https:\/\/resizer.glanacion.com\/resizer\/v2\/6HAQVUDX2NDJNE42CYWEPINBPA.JPG?auth=649642db738db9cf75a71fa70f03bea7a4b949b40c310379f44ff453e5defd09&amp;smart=true&amp;width=1330&amp;height=2000\" alt=\"Nai Awada en la avant premiere de Solo Fan\u00e1ticos en Paseo Alcorta\" height=\"2000\" width=\"1330\" \/><img loading=\"lazy\" decoding=\"async\" src=\"https:\/\/resizer.glanacion.com\/resizer\/v2\/45P2C5TL6BDRTGAUTMVGCPK3SA.JPG?auth=811b592e69ed94f1fc43fdf106abea8179d69c8f176f8e221e7e6430c167d74e&amp;smart=true&amp;width=1330&amp;height=2000\" alt=\"La actriz Natalia Robolini tambi\u00e9n pos\u00f3 para las c\u00e1maras antes de la exclusiva proyecci\u00f3n\" height=\"2000\" width=\"1330\" \/><img loading=\"lazy\" decoding=\"async\" src=\"https:\/\/resizer.glanacion.com\/resizer\/v2\/JAC7NH3DHVCU3KINCM6WHTXQNU.JPG?auth=97ced702f333006584707c1b0bd0d4d82c0ddd06b1c4bc8ba68979ea4324a02c&amp;smart=true&amp;width=1330&amp;height=2000\" alt=\"De negro, Tony Coggi tambi\u00e9n forma parte del elenco del film argentino que lleg\u00f3 este jueves a los cines\" height=\"2000\" width=\"1330\" \/><img loading=\"lazy\" decoding=\"async\" src=\"https:\/\/resizer.glanacion.com\/resizer\/v2\/VQXB6I3ZGZHOJCPV4CFZU2HA7Q.JPG?auth=63639dd36532b3da7d35efb7d1689053ffff972284624fd1f5588d52a7b2f2b2&amp;smart=true&amp;width=1330&amp;height=2000\" alt=\"La exparticipante de Gran Hermano Marian Farjat tambi\u00e9n asisti\u00f3 a la avant premiere, con minivestido lencero, botas y chaqueta de cuero negra\" height=\"2000\" width=\"1330\" \/>\u200bLos actores asistieron a la avant premiere de Solo fan\u00e1ticos, la pel\u00edcula de Leo Damario que llega este jueves a los cines\u00a0\u00a0<\/p>","protected":false},"excerpt":{"rendered":"<p>\u200bLos actores asistieron a la avant premiere de Solo fan\u00e1ticos, la pel\u00edcula de Leo Damario&#8230;<\/p>\n","protected":false},"author":1,"featured_media":13748,"comment_status":"closed","ping_status":"closed","sticky":false,"template":"","format":"standard","meta":{"_jetpack_memberships_contains_paid_content":false,"footnotes":"","jetpack_publicize_message":"","jetpack_publicize_feature_enabled":true,"jetpack_social_post_already_shared":false,"jetpack_social_options":{"image_generator_settings":{"template":"highway","default_image_id":0,"font":"","enabled":false},"version":2}},"categories":[89],"tags":[],"class_list":["post-13747","post","type-post","status-publish","format-standard","has-post-thumbnail","hentry","category-nacionales"],"yoast_head":"<!-- This site is optimized with the Yoast SEO plugin v27.4 - https:\/\/yoast.com\/product\/yoast-seo-wordpress\/ -->\n<title>En fotos: Benjam\u00edn Vicu\u00f1a y Emilia Attias, protagonistas de una velada muy especial -<\/title>\n<meta name=\"robots\" content=\"index, follow, max-snippet:-1, max-image-preview:large, max-video-preview:-1\" \/>\n<link rel=\"canonical\" href=\"https:\/\/impactocastex.com.ar\/?p=13747\" \/>\n<meta property=\"og:locale\" content=\"es_ES\" \/>\n<meta property=\"og:type\" content=\"article\" \/>\n<meta property=\"og:title\" content=\"En fotos: Benjam\u00edn Vicu\u00f1a y Emilia Attias, protagonistas de una velada muy especial -\" \/>\n<meta property=\"og:description\" content=\"\u200bLos actores asistieron a la avant premiere de Solo fan\u00e1ticos, la pel\u00edcula de Leo Damario...\" \/>\n<meta property=\"og:url\" content=\"https:\/\/impactocastex.com.ar\/?p=13747\" \/>\n<meta property=\"article:publisher\" content=\"https:\/\/www.facebook.com\/impactocastexdiario\" \/>\n<meta property=\"article:published_time\" content=\"2026-03-19T06:39:53+00:00\" \/>\n<meta property=\"og:image\" content=\"https:\/\/resizer.glanacion.com\/resizer\/v2\/W6GF4CVOVNEFJBUTW3KIXSR7OE.JPG?auth=68a104e3eb5c3e7974e4b90021972aef661bb365b97031d8cb72d9f205906070&amp;smart=true&amp;width=2000&amp;height=1330\" \/>\n<meta name=\"author\" content=\"impactocastex\" \/>\n<meta name=\"twitter:card\" content=\"summary_large_image\" \/>\n<meta name=\"twitter:label1\" content=\"Escrito por\" \/>\n\t<meta name=\"twitter:data1\" content=\"impactocastex\" \/>\n<script type=\"application\/ld+json\" class=\"yoast-schema-graph\">{\"@context\":\"https:\\\/\\\/schema.org\",\"@graph\":[{\"@type\":\"Article\",\"@id\":\"https:\\\/\\\/impactocastex.com.ar\\\/?p=13747#article\",\"isPartOf\":{\"@id\":\"https:\\\/\\\/impactocastex.com.ar\\\/?p=13747\"},\"author\":{\"name\":\"impactocastex\",\"@id\":\"https:\\\/\\\/impactocastex.com.ar\\\/#\\\/schema\\\/person\\\/86cb4f827fb5f87869a239b98a69c6e3\"},\"headline\":\"En fotos: Benjam\u00edn Vicu\u00f1a y Emilia Attias, protagonistas de una velada muy especial\",\"datePublished\":\"2026-03-19T06:39:53+00:00\",\"mainEntityOfPage\":{\"@id\":\"https:\\\/\\\/impactocastex.com.ar\\\/?p=13747\"},\"wordCount\":39,\"publisher\":{\"@id\":\"https:\\\/\\\/impactocastex.com.ar\\\/#organization\"},\"image\":{\"@id\":\"https:\\\/\\\/impactocastex.com.ar\\\/?p=13747#primaryimage\"},\"thumbnailUrl\":\"https:\\\/\\\/impactocastex.com.ar\\\/wp-content\\\/uploads\\\/2026\\\/03\\\/MWPXNZT4RVALNJUI4DAFP7BMDQ-3c3wb4.jpg\",\"articleSection\":[\"NACIONALES\"],\"inLanguage\":\"es\"},{\"@type\":\"WebPage\",\"@id\":\"https:\\\/\\\/impactocastex.com.ar\\\/?p=13747\",\"url\":\"https:\\\/\\\/impactocastex.com.ar\\\/?p=13747\",\"name\":\"En fotos: Benjam\u00edn Vicu\u00f1a y Emilia Attias, protagonistas de una velada muy especial -\",\"isPartOf\":{\"@id\":\"https:\\\/\\\/impactocastex.com.ar\\\/#website\"},\"primaryImageOfPage\":{\"@id\":\"https:\\\/\\\/impactocastex.com.ar\\\/?p=13747#primaryimage\"},\"image\":{\"@id\":\"https:\\\/\\\/impactocastex.com.ar\\\/?p=13747#primaryimage\"},\"thumbnailUrl\":\"https:\\\/\\\/impactocastex.com.ar\\\/wp-content\\\/uploads\\\/2026\\\/03\\\/MWPXNZT4RVALNJUI4DAFP7BMDQ-3c3wb4.jpg\",\"datePublished\":\"2026-03-19T06:39:53+00:00\",\"breadcrumb\":{\"@id\":\"https:\\\/\\\/impactocastex.com.ar\\\/?p=13747#breadcrumb\"},\"inLanguage\":\"es\",\"potentialAction\":[{\"@type\":\"ReadAction\",\"target\":[\"https:\\\/\\\/impactocastex.com.ar\\\/?p=13747\"]}]},{\"@type\":\"ImageObject\",\"inLanguage\":\"es\",\"@id\":\"https:\\\/\\\/impactocastex.com.ar\\\/?p=13747#primaryimage\",\"url\":\"https:\\\/\\\/impactocastex.com.ar\\\/wp-content\\\/uploads\\\/2026\\\/03\\\/MWPXNZT4RVALNJUI4DAFP7BMDQ-3c3wb4.jpg\",\"contentUrl\":\"https:\\\/\\\/impactocastex.com.ar\\\/wp-content\\\/uploads\\\/2026\\\/03\\\/MWPXNZT4RVALNJUI4DAFP7BMDQ-3c3wb4.jpg\",\"width\":2000,\"height\":1333},{\"@type\":\"BreadcrumbList\",\"@id\":\"https:\\\/\\\/impactocastex.com.ar\\\/?p=13747#breadcrumb\",\"itemListElement\":[{\"@type\":\"ListItem\",\"position\":1,\"name\":\"Portada\",\"item\":\"https:\\\/\\\/impactocastex.com.ar\\\/\"},{\"@type\":\"ListItem\",\"position\":2,\"name\":\"En fotos: Benjam\u00edn Vicu\u00f1a y Emilia Attias, protagonistas de una velada muy especial\"}]},{\"@type\":\"WebSite\",\"@id\":\"https:\\\/\\\/impactocastex.com.ar\\\/#website\",\"url\":\"https:\\\/\\\/impactocastex.com.ar\\\/\",\"name\":\"Impacto Castex\",\"description\":\"\",\"publisher\":{\"@id\":\"https:\\\/\\\/impactocastex.com.ar\\\/#organization\"},\"potentialAction\":[{\"@type\":\"SearchAction\",\"target\":{\"@type\":\"EntryPoint\",\"urlTemplate\":\"https:\\\/\\\/impactocastex.com.ar\\\/?s={search_term_string}\"},\"query-input\":{\"@type\":\"PropertyValueSpecification\",\"valueRequired\":true,\"valueName\":\"search_term_string\"}}],\"inLanguage\":\"es\"},{\"@type\":\"Organization\",\"@id\":\"https:\\\/\\\/impactocastex.com.ar\\\/#organization\",\"name\":\"Impacto Castex\",\"url\":\"https:\\\/\\\/impactocastex.com.ar\\\/\",\"logo\":{\"@type\":\"ImageObject\",\"inLanguage\":\"es\",\"@id\":\"https:\\\/\\\/impactocastex.com.ar\\\/#\\\/schema\\\/logo\\\/image\\\/\",\"url\":\"https:\\\/\\\/impactocastex.com.ar\\\/wp-content\\\/uploads\\\/2025\\\/09\\\/cropped-icoweb.png\",\"contentUrl\":\"https:\\\/\\\/impactocastex.com.ar\\\/wp-content\\\/uploads\\\/2025\\\/09\\\/cropped-icoweb.png\",\"width\":512,\"height\":512,\"caption\":\"Impacto Castex\"},\"image\":{\"@id\":\"https:\\\/\\\/impactocastex.com.ar\\\/#\\\/schema\\\/logo\\\/image\\\/\"},\"sameAs\":[\"https:\\\/\\\/www.facebook.com\\\/impactocastexdiario\",\"https:\\\/\\\/www.instagram.com\\\/impactocastex.com.ar\\\/\"]},{\"@type\":\"Person\",\"@id\":\"https:\\\/\\\/impactocastex.com.ar\\\/#\\\/schema\\\/person\\\/86cb4f827fb5f87869a239b98a69c6e3\",\"name\":\"impactocastex\",\"image\":{\"@type\":\"ImageObject\",\"inLanguage\":\"es\",\"@id\":\"https:\\\/\\\/secure.gravatar.com\\\/avatar\\\/9a87ee051ca8c77f5d4070843ce2c78cdf95b858b950fb039151de955122f5f5?s=96&d=mm&r=g\",\"url\":\"https:\\\/\\\/secure.gravatar.com\\\/avatar\\\/9a87ee051ca8c77f5d4070843ce2c78cdf95b858b950fb039151de955122f5f5?s=96&d=mm&r=g\",\"contentUrl\":\"https:\\\/\\\/secure.gravatar.com\\\/avatar\\\/9a87ee051ca8c77f5d4070843ce2c78cdf95b858b950fb039151de955122f5f5?s=96&d=mm&r=g\",\"caption\":\"impactocastex\"},\"sameAs\":[\"https:\\\/\\\/impactocastex.com.ar\"],\"url\":\"https:\\\/\\\/impactocastex.com.ar\\\/?author=1\"}]}<\/script>\n<!-- \/ Yoast SEO plugin. -->","yoast_head_json":{"title":"En fotos: Benjam\u00edn Vicu\u00f1a y Emilia Attias, protagonistas de una velada muy especial -","robots":{"index":"index","follow":"follow","max-snippet":"max-snippet:-1","max-image-preview":"max-image-preview:large","max-video-preview":"max-video-preview:-1"},"canonical":"https:\/\/impactocastex.com.ar\/?p=13747","og_locale":"es_ES","og_type":"article","og_title":"En fotos: Benjam\u00edn Vicu\u00f1a y Emilia Attias, protagonistas de una velada muy especial -","og_description":"\u200bLos actores asistieron a la avant premiere de Solo fan\u00e1ticos, la pel\u00edcula de Leo Damario...","og_url":"https:\/\/impactocastex.com.ar\/?p=13747","article_publisher":"https:\/\/www.facebook.com\/impactocastexdiario","article_published_time":"2026-03-19T06:39:53+00:00","og_image":[{"url":"https:\/\/resizer.glanacion.com\/resizer\/v2\/W6GF4CVOVNEFJBUTW3KIXSR7OE.JPG?auth=68a104e3eb5c3e7974e4b90021972aef661bb365b97031d8cb72d9f205906070&amp;smart=true&amp;width=2000&amp;height=1330","type":"","width":"","height":""}],"author":"impactocastex","twitter_card":"summary_large_image","twitter_misc":{"Escrito por":"impactocastex"},"schema":{"@context":"https:\/\/schema.org","@graph":[{"@type":"Article","@id":"https:\/\/impactocastex.com.ar\/?p=13747#article","isPartOf":{"@id":"https:\/\/impactocastex.com.ar\/?p=13747"},"author":{"name":"impactocastex","@id":"https:\/\/impactocastex.com.ar\/#\/schema\/person\/86cb4f827fb5f87869a239b98a69c6e3"},"headline":"En fotos: Benjam\u00edn Vicu\u00f1a y Emilia Attias, protagonistas de una velada muy especial","datePublished":"2026-03-19T06:39:53+00:00","mainEntityOfPage":{"@id":"https:\/\/impactocastex.com.ar\/?p=13747"},"wordCount":39,"publisher":{"@id":"https:\/\/impactocastex.com.ar\/#organization"},"image":{"@id":"https:\/\/impactocastex.com.ar\/?p=13747#primaryimage"},"thumbnailUrl":"https:\/\/impactocastex.com.ar\/wp-content\/uploads\/2026\/03\/MWPXNZT4RVALNJUI4DAFP7BMDQ-3c3wb4.jpg","articleSection":["NACIONALES"],"inLanguage":"es"},{"@type":"WebPage","@id":"https:\/\/impactocastex.com.ar\/?p=13747","url":"https:\/\/impactocastex.com.ar\/?p=13747","name":"En fotos: Benjam\u00edn Vicu\u00f1a y Emilia Attias, protagonistas de una velada muy especial -","isPartOf":{"@id":"https:\/\/impactocastex.com.ar\/#website"},"primaryImageOfPage":{"@id":"https:\/\/impactocastex.com.ar\/?p=13747#primaryimage"},"image":{"@id":"https:\/\/impactocastex.com.ar\/?p=13747#primaryimage"},"thumbnailUrl":"https:\/\/impactocastex.com.ar\/wp-content\/uploads\/2026\/03\/MWPXNZT4RVALNJUI4DAFP7BMDQ-3c3wb4.jpg","datePublished":"2026-03-19T06:39:53+00:00","breadcrumb":{"@id":"https:\/\/impactocastex.com.ar\/?p=13747#breadcrumb"},"inLanguage":"es","potentialAction":[{"@type":"ReadAction","target":["https:\/\/impactocastex.com.ar\/?p=13747"]}]},{"@type":"ImageObject","inLanguage":"es","@id":"https:\/\/impactocastex.com.ar\/?p=13747#primaryimage","url":"https:\/\/impactocastex.com.ar\/wp-content\/uploads\/2026\/03\/MWPXNZT4RVALNJUI4DAFP7BMDQ-3c3wb4.jpg","contentUrl":"https:\/\/impactocastex.com.ar\/wp-content\/uploads\/2026\/03\/MWPXNZT4RVALNJUI4DAFP7BMDQ-3c3wb4.jpg","width":2000,"height":1333},{"@type":"BreadcrumbList","@id":"https:\/\/impactocastex.com.ar\/?p=13747#breadcrumb","itemListElement":[{"@type":"ListItem","position":1,"name":"Portada","item":"https:\/\/impactocastex.com.ar\/"},{"@type":"ListItem","position":2,"name":"En fotos: Benjam\u00edn Vicu\u00f1a y Emilia Attias, protagonistas de una velada muy especial"}]},{"@type":"WebSite","@id":"https:\/\/impactocastex.com.ar\/#website","url":"https:\/\/impactocastex.com.ar\/","name":"Impacto Castex","description":"","publisher":{"@id":"https:\/\/impactocastex.com.ar\/#organization"},"potentialAction":[{"@type":"SearchAction","target":{"@type":"EntryPoint","urlTemplate":"https:\/\/impactocastex.com.ar\/?s={search_term_string}"},"query-input":{"@type":"PropertyValueSpecification","valueRequired":true,"valueName":"search_term_string"}}],"inLanguage":"es"},{"@type":"Organization","@id":"https:\/\/impactocastex.com.ar\/#organization","name":"Impacto Castex","url":"https:\/\/impactocastex.com.ar\/","logo":{"@type":"ImageObject","inLanguage":"es","@id":"https:\/\/impactocastex.com.ar\/#\/schema\/logo\/image\/","url":"https:\/\/impactocastex.com.ar\/wp-content\/uploads\/2025\/09\/cropped-icoweb.png","contentUrl":"https:\/\/impactocastex.com.ar\/wp-content\/uploads\/2025\/09\/cropped-icoweb.png","width":512,"height":512,"caption":"Impacto Castex"},"image":{"@id":"https:\/\/impactocastex.com.ar\/#\/schema\/logo\/image\/"},"sameAs":["https:\/\/www.facebook.com\/impactocastexdiario","https:\/\/www.instagram.com\/impactocastex.com.ar\/"]},{"@type":"Person","@id":"https:\/\/impactocastex.com.ar\/#\/schema\/person\/86cb4f827fb5f87869a239b98a69c6e3","name":"impactocastex","image":{"@type":"ImageObject","inLanguage":"es","@id":"https:\/\/secure.gravatar.com\/avatar\/9a87ee051ca8c77f5d4070843ce2c78cdf95b858b950fb039151de955122f5f5?s=96&d=mm&r=g","url":"https:\/\/secure.gravatar.com\/avatar\/9a87ee051ca8c77f5d4070843ce2c78cdf95b858b950fb039151de955122f5f5?s=96&d=mm&r=g","contentUrl":"https:\/\/secure.gravatar.com\/avatar\/9a87ee051ca8c77f5d4070843ce2c78cdf95b858b950fb039151de955122f5f5?s=96&d=mm&r=g","caption":"impactocastex"},"sameAs":["https:\/\/impactocastex.com.ar"],"url":"https:\/\/impactocastex.com.ar\/?author=1"}]}},"jetpack_publicize_connections":[],"featured_image_urls":{"full":["https:\/\/impactocastex.com.ar\/wp-content\/uploads\/2026\/03\/MWPXNZT4RVALNJUI4DAFP7BMDQ-3c3wb4.jpg",2000,1333,false],"thumbnail":["https:\/\/impactocastex.com.ar\/wp-content\/uploads\/2026\/03\/MWPXNZT4RVALNJUI4DAFP7BMDQ-3c3wb4-150x150.jpg",150,150,true],"medium":["https:\/\/impactocastex.com.ar\/wp-content\/uploads\/2026\/03\/MWPXNZT4RVALNJUI4DAFP7BMDQ-3c3wb4-300x200.jpg",300,200,true],"medium_large":["https:\/\/impactocastex.com.ar\/wp-content\/uploads\/2026\/03\/MWPXNZT4RVALNJUI4DAFP7BMDQ-3c3wb4-768x512.jpg",640,427,true],"large":["https:\/\/impactocastex.com.ar\/wp-content\/uploads\/2026\/03\/MWPXNZT4RVALNJUI4DAFP7BMDQ-3c3wb4-1024x682.jpg",640,426,true],"1536x1536":["https:\/\/impactocastex.com.ar\/wp-content\/uploads\/2026\/03\/MWPXNZT4RVALNJUI4DAFP7BMDQ-3c3wb4-1536x1024.jpg",1536,1024,true],"2048x2048":["https:\/\/impactocastex.com.ar\/wp-content\/uploads\/2026\/03\/MWPXNZT4RVALNJUI4DAFP7BMDQ-3c3wb4.jpg",2000,1333,false],"newsever-slider-full":["https:\/\/impactocastex.com.ar\/wp-content\/uploads\/2026\/03\/MWPXNZT4RVALNJUI4DAFP7BMDQ-3c3wb4-1280x845.jpg",1280,845,true],"newsever-featured":["https:\/\/impactocastex.com.ar\/wp-content\/uploads\/2026\/03\/MWPXNZT4RVALNJUI4DAFP7BMDQ-3c3wb4-1024x682.jpg",1024,682,true],"newsever-medium":["https:\/\/impactocastex.com.ar\/wp-content\/uploads\/2026\/03\/MWPXNZT4RVALNJUI4DAFP7BMDQ-3c3wb4-720x475.jpg",720,475,true]},"author_info":{"info":["impactocastex"]},"category_info":"<a href=\"https:\/\/impactocastex.com.ar\/?cat=89\" rel=\"category\">NACIONALES<\/a>","tag_info":"NACIONALES","comment_count":0,"jetpack_featured_media_url":"https:\/\/impactocastex.com.ar\/wp-content\/uploads\/2026\/03\/MWPXNZT4RVALNJUI4DAFP7BMDQ-3c3wb4.jpg","jetpack_sharing_enabled":true,"jetpack_likes_enabled":true,"jetpack_shortlink":"https:\/\/wp.me\/p7sopA-3zJ","_links":{"self":[{"href":"https:\/\/impactocastex.com.ar\/index.php?rest_route=\/wp\/v2\/posts\/13747","targetHints":{"allow":["GET"]}}],"collection":[{"href":"https:\/\/impactocastex.com.ar\/index.php?rest_route=\/wp\/v2\/posts"}],"about":[{"href":"https:\/\/impactocastex.com.ar\/index.php?rest_route=\/wp\/v2\/types\/post"}],"author":[{"embeddable":true,"href":"https:\/\/impactocastex.com.ar\/index.php?rest_route=\/wp\/v2\/users\/1"}],"replies":[{"embeddable":true,"href":"https:\/\/impactocastex.com.ar\/index.php?rest_route=%2Fwp%2Fv2%2Fcomments&post=13747"}],"version-history":[{"count":0,"href":"https:\/\/impactocastex.com.ar\/index.php?rest_route=\/wp\/v2\/posts\/13747\/revisions"}],"wp:featuredmedia":[{"embeddable":true,"href":"https:\/\/impactocastex.com.ar\/index.php?rest_route=\/wp\/v2\/media\/13748"}],"wp:attachment":[{"href":"https:\/\/impactocastex.com.ar\/index.php?rest_route=%2Fwp%2Fv2%2Fmedia&parent=13747"}],"wp:term":[{"taxonomy":"category","embeddable":true,"href":"https:\/\/impactocastex.com.ar\/index.php?rest_route=%2Fwp%2Fv2%2Fcategories&post=13747"},{"taxonomy":"post_tag","embeddable":true,"href":"https:\/\/impactocastex.com.ar\/index.php?rest_route=%2Fwp%2Fv2%2Ftags&post=13747"}],"curies":[{"name":"wp","href":"https:\/\/api.w.org\/{rel}","templated":true}]}}