{"id":13734,"date":"2026-03-18T15:42:22","date_gmt":"2026-03-18T18:42:22","guid":{"rendered":"https:\/\/impactocastex.com.ar\/?p=13734"},"modified":"2026-03-18T15:42:22","modified_gmt":"2026-03-18T18:42:22","slug":"licencia-de-conducir-suman-un-nuevo-requisito","status":"publish","type":"post","link":"https:\/\/impactocastex.com.ar\/?p=13734","title":{"rendered":"Licencia de conducir: suman un nuevo requisito"},"content":{"rendered":"<p>La <b>Licencia Nacional de Conducir incorpor\u00f3 una nueva modificaci\u00f3n en su respectiva tramitaci\u00f3n,<\/b> formalizada a trav\u00e9s de la Disposici\u00f3n 59\/2026 de la Agencia Nacional de Seguridad Vial (ANSV), publicada el viernes 20 de febrero en el Bolet\u00edn Oficial. <\/p>\n<p><a href=\"https:\/\/www.lanacion.com.ar\/autos\/cuanto-cuesta-el-volkswagen-tera-en-febrero-2026-nid19022026\/\">Cu\u00e1nto cuesta el Volkswagen Tera en febrero 2026<\/a><\/p>\n<p>Cabe recordar que <b>este documento viene atravesando distintos cambios en el \u00faltimo tiempo;<\/b> uno de los m\u00e1s relevantes fue<b> la posibilidad de contar con la licencia en formato digital a trav\u00e9s de la aplicaci\u00f3n Mi Argentina, <\/b>como tambi\u00e9n el nuevo dise\u00f1o que adopt\u00f3. Sin embargo, esta nueva modificaci\u00f3n gira en torno a la tramitaci\u00f3n.<\/p>\n<p>En concreto, <b>la disposici\u00f3n establece que el domicilio electr\u00f3nico pasa a ser obligatorio y deber\u00e1 declararse en car\u00e1cter de declaraci\u00f3n jurada.<\/b> Sin cumplir con este requisito, el tr\u00e1mite de la licencia no podr\u00e1 realizarse de manera exitosa.<\/p>\n<p><img loading=\"lazy\" decoding=\"async\" src=\"https:\/\/resizer.glanacion.com\/resizer\/v2\/4D7ONCIPJJEQTDLEOOUTLLGF3M.jpg?auth=b746e5ccb6c3ec349fdf4d142d869d045dd2866d0d51637273d531dedf7433ea&amp;smart=true&amp;width=1360&amp;height=905\" alt=\"La licencia de conducir en formato f\u00edsico contin\u00faa siendo v\u00e1lida (siempre y cuando est\u00e9 vigente)\" height=\"905\" width=\"1360\" \/><\/p>\n<p><b>El objetivo de incorporar el domicilio electr\u00f3nico es que all\u00ed tengan validez legal todas las notificaciones vinculadas al estado de la Licencia Nacional de Conducir,<\/b> como tambi\u00e9n los antecedentes que se generen con motivo y en ocasi\u00f3n del tr\u00e1nsito en la Argentina.<\/p>\n<p>Adem\u00e1s, en los fundamentos de la medida, <b>la ANSV se\u00f1al\u00f3 que la creciente incorporaci\u00f3n de herramientas digitales en los procesos administrativos obliga a reforzar la seguridad jur\u00eddica de las notificaciones, <\/b>asegurando el debido proceso y el derecho de defensa de las personas alcanzadas. <\/p>\n<p>En ese contexto, el organismo explic\u00f3 que <b>la implementaci\u00f3n del domicilio electr\u00f3nico apunta a agilizar los tr\u00e1mites y optimizar recursos, <\/b>sin vulnerar los derechos establecidos por la normativa vigente en la Argentina.<\/p>\n<h1>Cambios anteriores en la Licencia Nacional de Conducir (LNC)<\/h1>\n<p>Durante el transcurso del a\u00f1o pasado,<b> <\/b><a href=\"https:\/\/www.lanacion.com.ar\/autos\/cambian-las-licencias-de-conducir-en-la-argentina-esto-es-lo-que-hay-que-saber-nid15042025\/\" target=\"_blank\" rel=\"noreferrer\" title=\"https:\/\/www.lanacion.com.ar\/autos\/cambian-las-licencias-de-conducir-en-la-argentina-esto-es-lo-que-hay-que-saber-nid15042025\/\"><b>el Gobierno nacional introdujo una serie de cambios en la Ley Nacional de Tr\u00e1nsito (N\u00b0 24.449),<\/b><\/a> que impactaron directamente en el sistema de licencias de conducir.<\/p>\n<p>Uno de los m\u00e1s relevantes \u2014ya mencionado\u2014 fue <b>la reglamentaci\u00f3n de la validez de la licencia digital en todo el pa\u00eds, disponible a trav\u00e9s de la aplicaci\u00f3n Mi Argentina.<\/b> Adem\u00e1s, se estableci\u00f3 que <b>las licencias particulares (A, B y G) podr\u00edan renovarse de manera remota,<\/b> permitiendo que los ex\u00e1menes psicof\u00edsicos sean realizados por prestadores m\u00e9dicos registrados ante la ANSV.<\/p>\n<p><img loading=\"lazy\" decoding=\"async\" src=\"https:\/\/resizer.glanacion.com\/resizer\/v2\/554MYE4CNRE4FFMVV2HIK6CDAA.png?auth=8a69470adfbb77ac3b887a3e855b5f66c84a22753c1dd520a664f06bb032367a&amp;smart=true&amp;width=2000&amp;height=1333\" alt=\"El Gobierno nacional el a\u00f1o pasado elimin\u00f3 la Licencia Nacional de Transporte Interjurisdiccional (LiNTI)\" height=\"1333\" width=\"2000\" \/><\/p>\n<p>No obstante, <b>la implementaci\u00f3n de este esquema qued\u00f3 sujeta a la adhesi\u00f3n de cada jurisdicci\u00f3n. <\/b>Seg\u00fan pudo saber <b>LA NACION,<\/b> hasta el momento no se registraron avances en ese sentido, por lo que la renovaci\u00f3n contin\u00faa siendo, en la pr\u00e1ctica, un tr\u00e1mite semipresencial: se inicia de forma online, pero exige la presentaci\u00f3n posterior en un centro de emisi\u00f3n de licencias.<\/p>\n<p>La norma contemplaba que los conductores pudieran realizar el examen m\u00e9dico en centros adheridos a la red de la ANSV, evitando as\u00ed concurrir a una sede oficial. Sin embargo, al menos en el \u00c1rea Metropolitana de Buenos Aires (AMBA), esa modalidad no se vio reflejada en la pr\u00e1ctica.<\/p>\n<p>Por otro lado, <b>tambi\u00e9n se dispuso la eliminaci\u00f3n de la Licencia Nacional de Transporte Interjurisdiccional (LiNTI). <\/b>A partir de ese cambio, las licencias nacionales de las categor\u00edas C, D y E pasaron a ser v\u00e1lidas para el transporte interjurisdiccional de cargas y pasajeros, siempre que sean emitidas por jurisdicciones autorizadas por la ANSV. <\/p>\n<p>\u200bImplica la obligatoriedad de informar un domicilio electr\u00f3nico para poder avanzar con el tr\u00e1mite; todas las modificaciones que se hicieron sobre la documentaci\u00f3n para manejar\u00a0\u00a0<\/p>","protected":false},"excerpt":{"rendered":"<p>La Licencia Nacional de Conducir incorpor\u00f3 una nueva modificaci\u00f3n en su respectiva tramitaci\u00f3n, formalizada a&#8230;<\/p>\n","protected":false},"author":1,"featured_media":13735,"comment_status":"closed","ping_status":"closed","sticky":false,"template":"","format":"standard","meta":{"_jetpack_memberships_contains_paid_content":false,"footnotes":"","jetpack_publicize_message":"","jetpack_publicize_feature_enabled":true,"jetpack_social_post_already_shared":false,"jetpack_social_options":{"image_generator_settings":{"template":"highway","default_image_id":0,"font":"","enabled":false},"version":2}},"categories":[89],"tags":[],"class_list":["post-13734","post","type-post","status-publish","format-standard","has-post-thumbnail","hentry","category-nacionales"],"yoast_head":"<!-- This site is optimized with the Yoast SEO plugin v27.4 - https:\/\/yoast.com\/product\/yoast-seo-wordpress\/ -->\n<title>Licencia de conducir: suman un nuevo requisito -<\/title>\n<meta name=\"robots\" content=\"index, follow, max-snippet:-1, max-image-preview:large, max-video-preview:-1\" \/>\n<link rel=\"canonical\" href=\"https:\/\/impactocastex.com.ar\/?p=13734\" \/>\n<meta property=\"og:locale\" content=\"es_ES\" \/>\n<meta property=\"og:type\" content=\"article\" \/>\n<meta property=\"og:title\" content=\"Licencia de conducir: suman un nuevo requisito -\" \/>\n<meta property=\"og:description\" content=\"La Licencia Nacional de Conducir incorpor\u00f3 una nueva modificaci\u00f3n en su respectiva tramitaci\u00f3n, formalizada a...\" \/>\n<meta property=\"og:url\" content=\"https:\/\/impactocastex.com.ar\/?p=13734\" \/>\n<meta property=\"article:publisher\" content=\"https:\/\/www.facebook.com\/impactocastexdiario\" \/>\n<meta property=\"article:published_time\" content=\"2026-03-18T18:42:22+00:00\" \/>\n<meta property=\"og:image\" content=\"https:\/\/resizer.glanacion.com\/resizer\/v2\/4D7ONCIPJJEQTDLEOOUTLLGF3M.jpg?auth=b746e5ccb6c3ec349fdf4d142d869d045dd2866d0d51637273d531dedf7433ea&amp;smart=true&amp;width=1360&amp;height=905\" \/>\n<meta name=\"author\" content=\"impactocastex\" \/>\n<meta name=\"twitter:card\" content=\"summary_large_image\" \/>\n<meta name=\"twitter:label1\" content=\"Escrito por\" \/>\n\t<meta name=\"twitter:data1\" content=\"impactocastex\" \/>\n\t<meta name=\"twitter:label2\" content=\"Tiempo de lectura\" \/>\n\t<meta name=\"twitter:data2\" content=\"3 minutos\" \/>\n<script type=\"application\/ld+json\" class=\"yoast-schema-graph\">{\"@context\":\"https:\\\/\\\/schema.org\",\"@graph\":[{\"@type\":\"Article\",\"@id\":\"https:\\\/\\\/impactocastex.com.ar\\\/?p=13734#article\",\"isPartOf\":{\"@id\":\"https:\\\/\\\/impactocastex.com.ar\\\/?p=13734\"},\"author\":{\"name\":\"impactocastex\",\"@id\":\"https:\\\/\\\/impactocastex.com.ar\\\/#\\\/schema\\\/person\\\/86cb4f827fb5f87869a239b98a69c6e3\"},\"headline\":\"Licencia de conducir: suman un nuevo requisito\",\"datePublished\":\"2026-03-18T18:42:22+00:00\",\"mainEntityOfPage\":{\"@id\":\"https:\\\/\\\/impactocastex.com.ar\\\/?p=13734\"},\"wordCount\":603,\"publisher\":{\"@id\":\"https:\\\/\\\/impactocastex.com.ar\\\/#organization\"},\"image\":{\"@id\":\"https:\\\/\\\/impactocastex.com.ar\\\/?p=13734#primaryimage\"},\"thumbnailUrl\":\"https:\\\/\\\/impactocastex.com.ar\\\/wp-content\\\/uploads\\\/2026\\\/03\\\/S43WVY4TQJH5NLHH6Y7ICPTI7E-VfIgF2.jpg\",\"articleSection\":[\"NACIONALES\"],\"inLanguage\":\"es\"},{\"@type\":\"WebPage\",\"@id\":\"https:\\\/\\\/impactocastex.com.ar\\\/?p=13734\",\"url\":\"https:\\\/\\\/impactocastex.com.ar\\\/?p=13734\",\"name\":\"Licencia de conducir: suman un nuevo requisito -\",\"isPartOf\":{\"@id\":\"https:\\\/\\\/impactocastex.com.ar\\\/#website\"},\"primaryImageOfPage\":{\"@id\":\"https:\\\/\\\/impactocastex.com.ar\\\/?p=13734#primaryimage\"},\"image\":{\"@id\":\"https:\\\/\\\/impactocastex.com.ar\\\/?p=13734#primaryimage\"},\"thumbnailUrl\":\"https:\\\/\\\/impactocastex.com.ar\\\/wp-content\\\/uploads\\\/2026\\\/03\\\/S43WVY4TQJH5NLHH6Y7ICPTI7E-VfIgF2.jpg\",\"datePublished\":\"2026-03-18T18:42:22+00:00\",\"breadcrumb\":{\"@id\":\"https:\\\/\\\/impactocastex.com.ar\\\/?p=13734#breadcrumb\"},\"inLanguage\":\"es\",\"potentialAction\":[{\"@type\":\"ReadAction\",\"target\":[\"https:\\\/\\\/impactocastex.com.ar\\\/?p=13734\"]}]},{\"@type\":\"ImageObject\",\"inLanguage\":\"es\",\"@id\":\"https:\\\/\\\/impactocastex.com.ar\\\/?p=13734#primaryimage\",\"url\":\"https:\\\/\\\/impactocastex.com.ar\\\/wp-content\\\/uploads\\\/2026\\\/03\\\/S43WVY4TQJH5NLHH6Y7ICPTI7E-VfIgF2.jpg\",\"contentUrl\":\"https:\\\/\\\/impactocastex.com.ar\\\/wp-content\\\/uploads\\\/2026\\\/03\\\/S43WVY4TQJH5NLHH6Y7ICPTI7E-VfIgF2.jpg\",\"width\":724,\"height\":484},{\"@type\":\"BreadcrumbList\",\"@id\":\"https:\\\/\\\/impactocastex.com.ar\\\/?p=13734#breadcrumb\",\"itemListElement\":[{\"@type\":\"ListItem\",\"position\":1,\"name\":\"Portada\",\"item\":\"https:\\\/\\\/impactocastex.com.ar\\\/\"},{\"@type\":\"ListItem\",\"position\":2,\"name\":\"Licencia de conducir: suman un nuevo requisito\"}]},{\"@type\":\"WebSite\",\"@id\":\"https:\\\/\\\/impactocastex.com.ar\\\/#website\",\"url\":\"https:\\\/\\\/impactocastex.com.ar\\\/\",\"name\":\"Impacto Castex\",\"description\":\"\",\"publisher\":{\"@id\":\"https:\\\/\\\/impactocastex.com.ar\\\/#organization\"},\"potentialAction\":[{\"@type\":\"SearchAction\",\"target\":{\"@type\":\"EntryPoint\",\"urlTemplate\":\"https:\\\/\\\/impactocastex.com.ar\\\/?s={search_term_string}\"},\"query-input\":{\"@type\":\"PropertyValueSpecification\",\"valueRequired\":true,\"valueName\":\"search_term_string\"}}],\"inLanguage\":\"es\"},{\"@type\":\"Organization\",\"@id\":\"https:\\\/\\\/impactocastex.com.ar\\\/#organization\",\"name\":\"Impacto Castex\",\"url\":\"https:\\\/\\\/impactocastex.com.ar\\\/\",\"logo\":{\"@type\":\"ImageObject\",\"inLanguage\":\"es\",\"@id\":\"https:\\\/\\\/impactocastex.com.ar\\\/#\\\/schema\\\/logo\\\/image\\\/\",\"url\":\"https:\\\/\\\/impactocastex.com.ar\\\/wp-content\\\/uploads\\\/2025\\\/09\\\/cropped-icoweb.png\",\"contentUrl\":\"https:\\\/\\\/impactocastex.com.ar\\\/wp-content\\\/uploads\\\/2025\\\/09\\\/cropped-icoweb.png\",\"width\":512,\"height\":512,\"caption\":\"Impacto Castex\"},\"image\":{\"@id\":\"https:\\\/\\\/impactocastex.com.ar\\\/#\\\/schema\\\/logo\\\/image\\\/\"},\"sameAs\":[\"https:\\\/\\\/www.facebook.com\\\/impactocastexdiario\",\"https:\\\/\\\/www.instagram.com\\\/impactocastex.com.ar\\\/\"]},{\"@type\":\"Person\",\"@id\":\"https:\\\/\\\/impactocastex.com.ar\\\/#\\\/schema\\\/person\\\/86cb4f827fb5f87869a239b98a69c6e3\",\"name\":\"impactocastex\",\"image\":{\"@type\":\"ImageObject\",\"inLanguage\":\"es\",\"@id\":\"https:\\\/\\\/secure.gravatar.com\\\/avatar\\\/9a87ee051ca8c77f5d4070843ce2c78cdf95b858b950fb039151de955122f5f5?s=96&d=mm&r=g\",\"url\":\"https:\\\/\\\/secure.gravatar.com\\\/avatar\\\/9a87ee051ca8c77f5d4070843ce2c78cdf95b858b950fb039151de955122f5f5?s=96&d=mm&r=g\",\"contentUrl\":\"https:\\\/\\\/secure.gravatar.com\\\/avatar\\\/9a87ee051ca8c77f5d4070843ce2c78cdf95b858b950fb039151de955122f5f5?s=96&d=mm&r=g\",\"caption\":\"impactocastex\"},\"sameAs\":[\"https:\\\/\\\/impactocastex.com.ar\"],\"url\":\"https:\\\/\\\/impactocastex.com.ar\\\/?author=1\"}]}<\/script>\n<!-- \/ Yoast SEO plugin. -->","yoast_head_json":{"title":"Licencia de conducir: suman un nuevo requisito -","robots":{"index":"index","follow":"follow","max-snippet":"max-snippet:-1","max-image-preview":"max-image-preview:large","max-video-preview":"max-video-preview:-1"},"canonical":"https:\/\/impactocastex.com.ar\/?p=13734","og_locale":"es_ES","og_type":"article","og_title":"Licencia de conducir: suman un nuevo requisito -","og_description":"La Licencia Nacional de Conducir incorpor\u00f3 una nueva modificaci\u00f3n en su respectiva tramitaci\u00f3n, formalizada a...","og_url":"https:\/\/impactocastex.com.ar\/?p=13734","article_publisher":"https:\/\/www.facebook.com\/impactocastexdiario","article_published_time":"2026-03-18T18:42:22+00:00","og_image":[{"url":"https:\/\/resizer.glanacion.com\/resizer\/v2\/4D7ONCIPJJEQTDLEOOUTLLGF3M.jpg?auth=b746e5ccb6c3ec349fdf4d142d869d045dd2866d0d51637273d531dedf7433ea&amp;smart=true&amp;width=1360&amp;height=905","type":"","width":"","height":""}],"author":"impactocastex","twitter_card":"summary_large_image","twitter_misc":{"Escrito por":"impactocastex","Tiempo de lectura":"3 minutos"},"schema":{"@context":"https:\/\/schema.org","@graph":[{"@type":"Article","@id":"https:\/\/impactocastex.com.ar\/?p=13734#article","isPartOf":{"@id":"https:\/\/impactocastex.com.ar\/?p=13734"},"author":{"name":"impactocastex","@id":"https:\/\/impactocastex.com.ar\/#\/schema\/person\/86cb4f827fb5f87869a239b98a69c6e3"},"headline":"Licencia de conducir: suman un nuevo requisito","datePublished":"2026-03-18T18:42:22+00:00","mainEntityOfPage":{"@id":"https:\/\/impactocastex.com.ar\/?p=13734"},"wordCount":603,"publisher":{"@id":"https:\/\/impactocastex.com.ar\/#organization"},"image":{"@id":"https:\/\/impactocastex.com.ar\/?p=13734#primaryimage"},"thumbnailUrl":"https:\/\/impactocastex.com.ar\/wp-content\/uploads\/2026\/03\/S43WVY4TQJH5NLHH6Y7ICPTI7E-VfIgF2.jpg","articleSection":["NACIONALES"],"inLanguage":"es"},{"@type":"WebPage","@id":"https:\/\/impactocastex.com.ar\/?p=13734","url":"https:\/\/impactocastex.com.ar\/?p=13734","name":"Licencia de conducir: suman un nuevo requisito -","isPartOf":{"@id":"https:\/\/impactocastex.com.ar\/#website"},"primaryImageOfPage":{"@id":"https:\/\/impactocastex.com.ar\/?p=13734#primaryimage"},"image":{"@id":"https:\/\/impactocastex.com.ar\/?p=13734#primaryimage"},"thumbnailUrl":"https:\/\/impactocastex.com.ar\/wp-content\/uploads\/2026\/03\/S43WVY4TQJH5NLHH6Y7ICPTI7E-VfIgF2.jpg","datePublished":"2026-03-18T18:42:22+00:00","breadcrumb":{"@id":"https:\/\/impactocastex.com.ar\/?p=13734#breadcrumb"},"inLanguage":"es","potentialAction":[{"@type":"ReadAction","target":["https:\/\/impactocastex.com.ar\/?p=13734"]}]},{"@type":"ImageObject","inLanguage":"es","@id":"https:\/\/impactocastex.com.ar\/?p=13734#primaryimage","url":"https:\/\/impactocastex.com.ar\/wp-content\/uploads\/2026\/03\/S43WVY4TQJH5NLHH6Y7ICPTI7E-VfIgF2.jpg","contentUrl":"https:\/\/impactocastex.com.ar\/wp-content\/uploads\/2026\/03\/S43WVY4TQJH5NLHH6Y7ICPTI7E-VfIgF2.jpg","width":724,"height":484},{"@type":"BreadcrumbList","@id":"https:\/\/impactocastex.com.ar\/?p=13734#breadcrumb","itemListElement":[{"@type":"ListItem","position":1,"name":"Portada","item":"https:\/\/impactocastex.com.ar\/"},{"@type":"ListItem","position":2,"name":"Licencia de conducir: suman un nuevo requisito"}]},{"@type":"WebSite","@id":"https:\/\/impactocastex.com.ar\/#website","url":"https:\/\/impactocastex.com.ar\/","name":"Impacto Castex","description":"","publisher":{"@id":"https:\/\/impactocastex.com.ar\/#organization"},"potentialAction":[{"@type":"SearchAction","target":{"@type":"EntryPoint","urlTemplate":"https:\/\/impactocastex.com.ar\/?s={search_term_string}"},"query-input":{"@type":"PropertyValueSpecification","valueRequired":true,"valueName":"search_term_string"}}],"inLanguage":"es"},{"@type":"Organization","@id":"https:\/\/impactocastex.com.ar\/#organization","name":"Impacto Castex","url":"https:\/\/impactocastex.com.ar\/","logo":{"@type":"ImageObject","inLanguage":"es","@id":"https:\/\/impactocastex.com.ar\/#\/schema\/logo\/image\/","url":"https:\/\/impactocastex.com.ar\/wp-content\/uploads\/2025\/09\/cropped-icoweb.png","contentUrl":"https:\/\/impactocastex.com.ar\/wp-content\/uploads\/2025\/09\/cropped-icoweb.png","width":512,"height":512,"caption":"Impacto Castex"},"image":{"@id":"https:\/\/impactocastex.com.ar\/#\/schema\/logo\/image\/"},"sameAs":["https:\/\/www.facebook.com\/impactocastexdiario","https:\/\/www.instagram.com\/impactocastex.com.ar\/"]},{"@type":"Person","@id":"https:\/\/impactocastex.com.ar\/#\/schema\/person\/86cb4f827fb5f87869a239b98a69c6e3","name":"impactocastex","image":{"@type":"ImageObject","inLanguage":"es","@id":"https:\/\/secure.gravatar.com\/avatar\/9a87ee051ca8c77f5d4070843ce2c78cdf95b858b950fb039151de955122f5f5?s=96&d=mm&r=g","url":"https:\/\/secure.gravatar.com\/avatar\/9a87ee051ca8c77f5d4070843ce2c78cdf95b858b950fb039151de955122f5f5?s=96&d=mm&r=g","contentUrl":"https:\/\/secure.gravatar.com\/avatar\/9a87ee051ca8c77f5d4070843ce2c78cdf95b858b950fb039151de955122f5f5?s=96&d=mm&r=g","caption":"impactocastex"},"sameAs":["https:\/\/impactocastex.com.ar"],"url":"https:\/\/impactocastex.com.ar\/?author=1"}]}},"jetpack_publicize_connections":[],"featured_image_urls":{"full":["https:\/\/impactocastex.com.ar\/wp-content\/uploads\/2026\/03\/S43WVY4TQJH5NLHH6Y7ICPTI7E-VfIgF2.jpg",724,484,false],"thumbnail":["https:\/\/impactocastex.com.ar\/wp-content\/uploads\/2026\/03\/S43WVY4TQJH5NLHH6Y7ICPTI7E-VfIgF2-150x150.jpg",150,150,true],"medium":["https:\/\/impactocastex.com.ar\/wp-content\/uploads\/2026\/03\/S43WVY4TQJH5NLHH6Y7ICPTI7E-VfIgF2-300x201.jpg",300,201,true],"medium_large":["https:\/\/impactocastex.com.ar\/wp-content\/uploads\/2026\/03\/S43WVY4TQJH5NLHH6Y7ICPTI7E-VfIgF2.jpg",640,428,false],"large":["https:\/\/impactocastex.com.ar\/wp-content\/uploads\/2026\/03\/S43WVY4TQJH5NLHH6Y7ICPTI7E-VfIgF2.jpg",640,428,false],"1536x1536":["https:\/\/impactocastex.com.ar\/wp-content\/uploads\/2026\/03\/S43WVY4TQJH5NLHH6Y7ICPTI7E-VfIgF2.jpg",724,484,false],"2048x2048":["https:\/\/impactocastex.com.ar\/wp-content\/uploads\/2026\/03\/S43WVY4TQJH5NLHH6Y7ICPTI7E-VfIgF2.jpg",724,484,false],"newsever-slider-full":["https:\/\/impactocastex.com.ar\/wp-content\/uploads\/2026\/03\/S43WVY4TQJH5NLHH6Y7ICPTI7E-VfIgF2.jpg",724,484,false],"newsever-featured":["https:\/\/impactocastex.com.ar\/wp-content\/uploads\/2026\/03\/S43WVY4TQJH5NLHH6Y7ICPTI7E-VfIgF2.jpg",724,484,false],"newsever-medium":["https:\/\/impactocastex.com.ar\/wp-content\/uploads\/2026\/03\/S43WVY4TQJH5NLHH6Y7ICPTI7E-VfIgF2-720x475.jpg",720,475,true]},"author_info":{"info":["impactocastex"]},"category_info":"<a href=\"https:\/\/impactocastex.com.ar\/?cat=89\" rel=\"category\">NACIONALES<\/a>","tag_info":"NACIONALES","comment_count":0,"jetpack_featured_media_url":"https:\/\/impactocastex.com.ar\/wp-content\/uploads\/2026\/03\/S43WVY4TQJH5NLHH6Y7ICPTI7E-VfIgF2.jpg","jetpack_sharing_enabled":true,"jetpack_likes_enabled":true,"jetpack_shortlink":"https:\/\/wp.me\/p7sopA-3zw","_links":{"self":[{"href":"https:\/\/impactocastex.com.ar\/index.php?rest_route=\/wp\/v2\/posts\/13734","targetHints":{"allow":["GET"]}}],"collection":[{"href":"https:\/\/impactocastex.com.ar\/index.php?rest_route=\/wp\/v2\/posts"}],"about":[{"href":"https:\/\/impactocastex.com.ar\/index.php?rest_route=\/wp\/v2\/types\/post"}],"author":[{"embeddable":true,"href":"https:\/\/impactocastex.com.ar\/index.php?rest_route=\/wp\/v2\/users\/1"}],"replies":[{"embeddable":true,"href":"https:\/\/impactocastex.com.ar\/index.php?rest_route=%2Fwp%2Fv2%2Fcomments&post=13734"}],"version-history":[{"count":0,"href":"https:\/\/impactocastex.com.ar\/index.php?rest_route=\/wp\/v2\/posts\/13734\/revisions"}],"wp:featuredmedia":[{"embeddable":true,"href":"https:\/\/impactocastex.com.ar\/index.php?rest_route=\/wp\/v2\/media\/13735"}],"wp:attachment":[{"href":"https:\/\/impactocastex.com.ar\/index.php?rest_route=%2Fwp%2Fv2%2Fmedia&parent=13734"}],"wp:term":[{"taxonomy":"category","embeddable":true,"href":"https:\/\/impactocastex.com.ar\/index.php?rest_route=%2Fwp%2Fv2%2Fcategories&post=13734"},{"taxonomy":"post_tag","embeddable":true,"href":"https:\/\/impactocastex.com.ar\/index.php?rest_route=%2Fwp%2Fv2%2Ftags&post=13734"}],"curies":[{"name":"wp","href":"https:\/\/api.w.org\/{rel}","templated":true}]}}