{"id":13732,"date":"2026-03-18T15:42:40","date_gmt":"2026-03-18T18:42:40","guid":{"rendered":"https:\/\/impactocastex.com.ar\/?p=13732"},"modified":"2026-03-18T15:42:40","modified_gmt":"2026-03-18T18:42:40","slug":"cuanto-cuesta-el-fiat-cronos-en-marzo-2026","status":"publish","type":"post","link":"https:\/\/impactocastex.com.ar\/?p=13732","title":{"rendered":"Cu\u00e1nto cuesta el Fiat Cronos en marzo 2026"},"content":{"rendered":"<p>El mercado automotor registr\u00f3 en febrero un descenso en sus ventas, lo que impuls\u00f3 que muchos modelos congelen sus precios para marzo. <b>El Fiat Cronos sigui\u00f3 esta l\u00ednea, manteniendo sus valores para este mes<\/b>.<\/p>\n<p>En febrero se registraron 42.026 patentamientos, lo que representa una ca\u00edda del 5,7% frente al mismo mes del a\u00f1o anterior. En el acumulado del a\u00f1o, los patentamientos acumulan una baja del 4,9% interanual.<\/p>\n<p><a href=\"https:\/\/www.lanacion.com.ar\/autos\/bmw-lanzo-en-la-argentina-a-su-suv-mas-barato-con-nueva-motorizacion-nid16032026\/\">BMW lanz\u00f3 en la Argentina a su SUV m\u00e1s barato con nueva motorizaci\u00f3n<\/a><\/p>\n<p>A pesar de la baja, <b>el Cronos recuper\u00f3 su lugar en el mercado, trepando hasta el segundo puesto entre los m\u00e1s vendidos<\/b>. Esto se logr\u00f3 gracias a que patent\u00f3 2026 unidades, un 5,1% de todo el mercado. Sin embargo, estas cifras representaron una ca\u00edda del 37,8% respecto a enero y del 32,8% sobre febrero 2025. <\/p>\n<p><img loading=\"lazy\" decoding=\"async\" src=\"https:\/\/resizer.glanacion.com\/resizer\/v2\/VB6VG6YY55ET5LEUI7L6JI2RYI.jpg?auth=d7ff3269e4d6d5522a6d4c4a923257e7109d60be289d7edd3bdc024614f7ab7b&amp;smart=true&amp;width=895&amp;height=460\" alt=\"El Cronos recuper\u00f3 su lugar en el mercado, trepando hasta el segundo puesto entre los m\u00e1s vendidos\" height=\"460\" width=\"895\" \/><\/p>\n<p>Para recuperar su nivel de ventas a niveles del a\u00f1o pasado, la gama del Cronos congel\u00f3 sus valores, quedando de la siguiente manera sus valores oficiales de lista:<\/p>\n<ul>\n<li><b>Cronos Like 1.3 GSE:<\/b> $31.120.000<\/li>\n<li><b>Cronos Drive 1.3 GSE Pack Plus: <\/b>$37.210.000<\/li>\n<li><b>Cronos Drive 1.3 GSE Pack Plus CVT:<\/b> $37.430.000<\/li>\n<li><b>Cronos Precision 1.3 GSE CVT:<\/b> $38.790.000<\/li>\n<\/ul>\n<p><img loading=\"lazy\" decoding=\"async\" src=\"https:\/\/resizer.glanacion.com\/resizer\/v2\/B5YGPOAPANB3ZAQZOLHI4P7FOE.jpg?auth=020e0bc139936fe8c564b32ab08ef2f45fe000ab8bfb949d19953a6c33175b09&amp;smart=true&amp;width=1920&amp;height=1080\" alt=\"El modelo se consigue desde los $31.120.000\" height=\"1080\" width=\"1920\" \/><\/p>\n<p>El auto italiano, que logr\u00f3 ser el m\u00e1s vendido de la Argentina <b>por tres a\u00f1os consecutivos, <\/b>desde el 2021 hasta el 2023, modific\u00f3 su gama en abril del a\u00f1o pasado, con cambios est\u00e9ticos y algunos agregados.<\/p>\n<p>En ese entonces el primer cambio, que aplic\u00f3 para las cuatro variantes,<b> fue la actualizaci\u00f3n del dise\u00f1o de la parrilla delantera, con nuevos paragolpes delanteros y deflector trasero,<\/b> adem\u00e1s de un nuevo conjunto \u00f3ptico de luces LED con DRL incorporado <b>y un redise\u00f1o de llantas de aleaci\u00f3n en todas sus versiones.<\/b><\/p>\n<p><img loading=\"lazy\" decoding=\"async\" src=\"https:\/\/resizer.glanacion.com\/resizer\/v2\/ZIXJ5ESV7ZAOLINEO556JK44QM.jpg?auth=5a1da38e74285a683be0942c21e500d4a8bc035deba31024c5e0c2e939909b8d&amp;smart=true&amp;width=1920&amp;height=1080\" alt=\"El a\u00f1o pasado actualiz\u00f3 su dise\u00f1o de la parrilla delantera\" height=\"1080\" width=\"1920\" \/><\/p>\n<p>Por su parte, <b>la versi\u00f3n de entrada de gama (Like 1.3 MT) introdujo un nuevo interior completamente oscurecido (techo y parantes), <\/b>nuevo tapizado de tela entramada, espejos exteriores en negro piano con luz de giro incorporado y renovadas llantas de aleaci\u00f3n de 15\u201d.<\/p>\n<p><b>En las versiones intermedias (Drive 1.3 MT &amp; CVT Pack Plus), <\/b>adem\u00e1s de los detalles antes mencionados, se incorpor\u00f3 la <b>renovaci\u00f3n de su tapicer\u00eda interior, <\/b>nuevas llantas de aleaci\u00f3n de 16\u201d oscurecidas y <b>se actualiz\u00f3 la central multimedia de 7\u201d<\/b> ofreciendo un nuevo software y conectividad inal\u00e1mbrica Apple CarPlay o Android Auto. Adem\u00e1s,<b> la variante autom\u00e1tica CVT Pack Plus incorpor\u00f3 el nuevo conjunto \u00f3ptico Full LED<\/b> (altas y bajas) con mascara oscurecida y luces rompe nieblas LED.<\/p>\n<p><img loading=\"lazy\" decoding=\"async\" src=\"https:\/\/resizer.glanacion.com\/resizer\/v2\/M635JBM4BBDWPEAZ4ITSDSCCKQ.webp?auth=4e402723d47f3c21ed45fff3b2ca127c76c4ecc8fbb8a455f79dba6de60cd425&amp;smart=true&amp;width=1200&amp;height=800\" alt=\"El interior del Fiat Cronos tras sus retoques est\u00e9ticos\" height=\"800\" width=\"1200\" \/><\/p>\n<p><b>La variante tope de gama (Precision 1.3 CVT)<\/b>y agreg\u00f3 a los cambios un redise\u00f1o del tapizado interior, <b>llantas esmaltadas de 16\u2033, nueva central multimedia con conectividad inal\u00e1mbrica <\/b>y airbags laterales delanteros de doble cobertura (t\u00f3rax + cabeza) para brindar una mayor seguridad a sus ocupantes.<\/p>\n<p><b>Otro elemento que aplica para todas las versiones son los colores disponibles: <\/b>Blanco Banchisa, Blanco Alaska, Plata Bari, Negro Vulcano, Rojo Montecarlo y Gris Silverstone.<\/p>\n<p><img loading=\"lazy\" decoding=\"async\" src=\"https:\/\/resizer.glanacion.com\/resizer\/v2\/P5HAWJZLRFHX5HRSDGJRAFG6B4.webp?auth=a97a75c702f54a0a79cb1ce3ca523c90325f21c78aca3c37e129b707857dd8a1&amp;smart=true&amp;width=1200&amp;height=800\" alt=\"El Fiat Cronos Precision AT se convirti\u00f3 en la variante tope de gama\" height=\"800\" width=\"1200\" \/>\u200bEl modelo de Stellantis mantuvo los mismos valores de lista para este mes luego de la ca\u00edda en las ventas\u00a0\u00a0<\/p>","protected":false},"excerpt":{"rendered":"<p>El mercado automotor registr\u00f3 en febrero un descenso en sus ventas, lo que impuls\u00f3 que&#8230;<\/p>\n","protected":false},"author":1,"featured_media":13733,"comment_status":"closed","ping_status":"closed","sticky":false,"template":"","format":"standard","meta":{"_jetpack_memberships_contains_paid_content":false,"footnotes":"","jetpack_publicize_message":"","jetpack_publicize_feature_enabled":true,"jetpack_social_post_already_shared":false,"jetpack_social_options":{"image_generator_settings":{"template":"highway","default_image_id":0,"font":"","enabled":false},"version":2}},"categories":[89],"tags":[],"class_list":["post-13732","post","type-post","status-publish","format-standard","has-post-thumbnail","hentry","category-nacionales"],"yoast_head":"<!-- This site is optimized with the Yoast SEO plugin v27.4 - https:\/\/yoast.com\/product\/yoast-seo-wordpress\/ -->\n<title>Cu\u00e1nto cuesta el Fiat Cronos en marzo 2026 -<\/title>\n<meta name=\"robots\" content=\"index, follow, max-snippet:-1, max-image-preview:large, max-video-preview:-1\" \/>\n<link rel=\"canonical\" href=\"https:\/\/impactocastex.com.ar\/?p=13732\" \/>\n<meta property=\"og:locale\" content=\"es_ES\" \/>\n<meta property=\"og:type\" content=\"article\" \/>\n<meta property=\"og:title\" content=\"Cu\u00e1nto cuesta el Fiat Cronos en marzo 2026 -\" \/>\n<meta property=\"og:description\" content=\"El mercado automotor registr\u00f3 en febrero un descenso en sus ventas, lo que impuls\u00f3 que...\" \/>\n<meta property=\"og:url\" content=\"https:\/\/impactocastex.com.ar\/?p=13732\" \/>\n<meta property=\"article:publisher\" content=\"https:\/\/www.facebook.com\/impactocastexdiario\" \/>\n<meta property=\"article:published_time\" content=\"2026-03-18T18:42:40+00:00\" \/>\n<meta property=\"og:image\" content=\"https:\/\/resizer.glanacion.com\/resizer\/v2\/VB6VG6YY55ET5LEUI7L6JI2RYI.jpg?auth=d7ff3269e4d6d5522a6d4c4a923257e7109d60be289d7edd3bdc024614f7ab7b&amp;smart=true&amp;width=895&amp;height=460\" \/>\n<meta name=\"author\" content=\"impactocastex\" \/>\n<meta name=\"twitter:card\" content=\"summary_large_image\" \/>\n<meta name=\"twitter:label1\" content=\"Escrito por\" \/>\n\t<meta name=\"twitter:data1\" content=\"impactocastex\" \/>\n\t<meta name=\"twitter:label2\" content=\"Tiempo de lectura\" \/>\n\t<meta name=\"twitter:data2\" content=\"2 minutos\" \/>\n<script type=\"application\/ld+json\" class=\"yoast-schema-graph\">{\"@context\":\"https:\\\/\\\/schema.org\",\"@graph\":[{\"@type\":\"Article\",\"@id\":\"https:\\\/\\\/impactocastex.com.ar\\\/?p=13732#article\",\"isPartOf\":{\"@id\":\"https:\\\/\\\/impactocastex.com.ar\\\/?p=13732\"},\"author\":{\"name\":\"impactocastex\",\"@id\":\"https:\\\/\\\/impactocastex.com.ar\\\/#\\\/schema\\\/person\\\/86cb4f827fb5f87869a239b98a69c6e3\"},\"headline\":\"Cu\u00e1nto cuesta el Fiat Cronos en marzo 2026\",\"datePublished\":\"2026-03-18T18:42:40+00:00\",\"mainEntityOfPage\":{\"@id\":\"https:\\\/\\\/impactocastex.com.ar\\\/?p=13732\"},\"wordCount\":500,\"publisher\":{\"@id\":\"https:\\\/\\\/impactocastex.com.ar\\\/#organization\"},\"image\":{\"@id\":\"https:\\\/\\\/impactocastex.com.ar\\\/?p=13732#primaryimage\"},\"thumbnailUrl\":\"https:\\\/\\\/impactocastex.com.ar\\\/wp-content\\\/uploads\\\/2026\\\/03\\\/B6OI2W7SWNDSPIARYQ2FHGSTZA-fvEbCn.jpg\",\"articleSection\":[\"NACIONALES\"],\"inLanguage\":\"es\"},{\"@type\":\"WebPage\",\"@id\":\"https:\\\/\\\/impactocastex.com.ar\\\/?p=13732\",\"url\":\"https:\\\/\\\/impactocastex.com.ar\\\/?p=13732\",\"name\":\"Cu\u00e1nto cuesta el Fiat Cronos en marzo 2026 -\",\"isPartOf\":{\"@id\":\"https:\\\/\\\/impactocastex.com.ar\\\/#website\"},\"primaryImageOfPage\":{\"@id\":\"https:\\\/\\\/impactocastex.com.ar\\\/?p=13732#primaryimage\"},\"image\":{\"@id\":\"https:\\\/\\\/impactocastex.com.ar\\\/?p=13732#primaryimage\"},\"thumbnailUrl\":\"https:\\\/\\\/impactocastex.com.ar\\\/wp-content\\\/uploads\\\/2026\\\/03\\\/B6OI2W7SWNDSPIARYQ2FHGSTZA-fvEbCn.jpg\",\"datePublished\":\"2026-03-18T18:42:40+00:00\",\"breadcrumb\":{\"@id\":\"https:\\\/\\\/impactocastex.com.ar\\\/?p=13732#breadcrumb\"},\"inLanguage\":\"es\",\"potentialAction\":[{\"@type\":\"ReadAction\",\"target\":[\"https:\\\/\\\/impactocastex.com.ar\\\/?p=13732\"]}]},{\"@type\":\"ImageObject\",\"inLanguage\":\"es\",\"@id\":\"https:\\\/\\\/impactocastex.com.ar\\\/?p=13732#primaryimage\",\"url\":\"https:\\\/\\\/impactocastex.com.ar\\\/wp-content\\\/uploads\\\/2026\\\/03\\\/B6OI2W7SWNDSPIARYQ2FHGSTZA-fvEbCn.jpg\",\"contentUrl\":\"https:\\\/\\\/impactocastex.com.ar\\\/wp-content\\\/uploads\\\/2026\\\/03\\\/B6OI2W7SWNDSPIARYQ2FHGSTZA-fvEbCn.jpg\",\"width\":1200,\"height\":800},{\"@type\":\"BreadcrumbList\",\"@id\":\"https:\\\/\\\/impactocastex.com.ar\\\/?p=13732#breadcrumb\",\"itemListElement\":[{\"@type\":\"ListItem\",\"position\":1,\"name\":\"Portada\",\"item\":\"https:\\\/\\\/impactocastex.com.ar\\\/\"},{\"@type\":\"ListItem\",\"position\":2,\"name\":\"Cu\u00e1nto cuesta el Fiat Cronos en marzo 2026\"}]},{\"@type\":\"WebSite\",\"@id\":\"https:\\\/\\\/impactocastex.com.ar\\\/#website\",\"url\":\"https:\\\/\\\/impactocastex.com.ar\\\/\",\"name\":\"Impacto Castex\",\"description\":\"\",\"publisher\":{\"@id\":\"https:\\\/\\\/impactocastex.com.ar\\\/#organization\"},\"potentialAction\":[{\"@type\":\"SearchAction\",\"target\":{\"@type\":\"EntryPoint\",\"urlTemplate\":\"https:\\\/\\\/impactocastex.com.ar\\\/?s={search_term_string}\"},\"query-input\":{\"@type\":\"PropertyValueSpecification\",\"valueRequired\":true,\"valueName\":\"search_term_string\"}}],\"inLanguage\":\"es\"},{\"@type\":\"Organization\",\"@id\":\"https:\\\/\\\/impactocastex.com.ar\\\/#organization\",\"name\":\"Impacto Castex\",\"url\":\"https:\\\/\\\/impactocastex.com.ar\\\/\",\"logo\":{\"@type\":\"ImageObject\",\"inLanguage\":\"es\",\"@id\":\"https:\\\/\\\/impactocastex.com.ar\\\/#\\\/schema\\\/logo\\\/image\\\/\",\"url\":\"https:\\\/\\\/impactocastex.com.ar\\\/wp-content\\\/uploads\\\/2025\\\/09\\\/cropped-icoweb.png\",\"contentUrl\":\"https:\\\/\\\/impactocastex.com.ar\\\/wp-content\\\/uploads\\\/2025\\\/09\\\/cropped-icoweb.png\",\"width\":512,\"height\":512,\"caption\":\"Impacto Castex\"},\"image\":{\"@id\":\"https:\\\/\\\/impactocastex.com.ar\\\/#\\\/schema\\\/logo\\\/image\\\/\"},\"sameAs\":[\"https:\\\/\\\/www.facebook.com\\\/impactocastexdiario\",\"https:\\\/\\\/www.instagram.com\\\/impactocastex.com.ar\\\/\"]},{\"@type\":\"Person\",\"@id\":\"https:\\\/\\\/impactocastex.com.ar\\\/#\\\/schema\\\/person\\\/86cb4f827fb5f87869a239b98a69c6e3\",\"name\":\"impactocastex\",\"image\":{\"@type\":\"ImageObject\",\"inLanguage\":\"es\",\"@id\":\"https:\\\/\\\/secure.gravatar.com\\\/avatar\\\/9a87ee051ca8c77f5d4070843ce2c78cdf95b858b950fb039151de955122f5f5?s=96&d=mm&r=g\",\"url\":\"https:\\\/\\\/secure.gravatar.com\\\/avatar\\\/9a87ee051ca8c77f5d4070843ce2c78cdf95b858b950fb039151de955122f5f5?s=96&d=mm&r=g\",\"contentUrl\":\"https:\\\/\\\/secure.gravatar.com\\\/avatar\\\/9a87ee051ca8c77f5d4070843ce2c78cdf95b858b950fb039151de955122f5f5?s=96&d=mm&r=g\",\"caption\":\"impactocastex\"},\"sameAs\":[\"https:\\\/\\\/impactocastex.com.ar\"],\"url\":\"https:\\\/\\\/impactocastex.com.ar\\\/?author=1\"}]}<\/script>\n<!-- \/ Yoast SEO plugin. -->","yoast_head_json":{"title":"Cu\u00e1nto cuesta el Fiat Cronos en marzo 2026 -","robots":{"index":"index","follow":"follow","max-snippet":"max-snippet:-1","max-image-preview":"max-image-preview:large","max-video-preview":"max-video-preview:-1"},"canonical":"https:\/\/impactocastex.com.ar\/?p=13732","og_locale":"es_ES","og_type":"article","og_title":"Cu\u00e1nto cuesta el Fiat Cronos en marzo 2026 -","og_description":"El mercado automotor registr\u00f3 en febrero un descenso en sus ventas, lo que impuls\u00f3 que...","og_url":"https:\/\/impactocastex.com.ar\/?p=13732","article_publisher":"https:\/\/www.facebook.com\/impactocastexdiario","article_published_time":"2026-03-18T18:42:40+00:00","og_image":[{"url":"https:\/\/resizer.glanacion.com\/resizer\/v2\/VB6VG6YY55ET5LEUI7L6JI2RYI.jpg?auth=d7ff3269e4d6d5522a6d4c4a923257e7109d60be289d7edd3bdc024614f7ab7b&amp;smart=true&amp;width=895&amp;height=460","type":"","width":"","height":""}],"author":"impactocastex","twitter_card":"summary_large_image","twitter_misc":{"Escrito por":"impactocastex","Tiempo de lectura":"2 minutos"},"schema":{"@context":"https:\/\/schema.org","@graph":[{"@type":"Article","@id":"https:\/\/impactocastex.com.ar\/?p=13732#article","isPartOf":{"@id":"https:\/\/impactocastex.com.ar\/?p=13732"},"author":{"name":"impactocastex","@id":"https:\/\/impactocastex.com.ar\/#\/schema\/person\/86cb4f827fb5f87869a239b98a69c6e3"},"headline":"Cu\u00e1nto cuesta el Fiat Cronos en marzo 2026","datePublished":"2026-03-18T18:42:40+00:00","mainEntityOfPage":{"@id":"https:\/\/impactocastex.com.ar\/?p=13732"},"wordCount":500,"publisher":{"@id":"https:\/\/impactocastex.com.ar\/#organization"},"image":{"@id":"https:\/\/impactocastex.com.ar\/?p=13732#primaryimage"},"thumbnailUrl":"https:\/\/impactocastex.com.ar\/wp-content\/uploads\/2026\/03\/B6OI2W7SWNDSPIARYQ2FHGSTZA-fvEbCn.jpg","articleSection":["NACIONALES"],"inLanguage":"es"},{"@type":"WebPage","@id":"https:\/\/impactocastex.com.ar\/?p=13732","url":"https:\/\/impactocastex.com.ar\/?p=13732","name":"Cu\u00e1nto cuesta el Fiat Cronos en marzo 2026 -","isPartOf":{"@id":"https:\/\/impactocastex.com.ar\/#website"},"primaryImageOfPage":{"@id":"https:\/\/impactocastex.com.ar\/?p=13732#primaryimage"},"image":{"@id":"https:\/\/impactocastex.com.ar\/?p=13732#primaryimage"},"thumbnailUrl":"https:\/\/impactocastex.com.ar\/wp-content\/uploads\/2026\/03\/B6OI2W7SWNDSPIARYQ2FHGSTZA-fvEbCn.jpg","datePublished":"2026-03-18T18:42:40+00:00","breadcrumb":{"@id":"https:\/\/impactocastex.com.ar\/?p=13732#breadcrumb"},"inLanguage":"es","potentialAction":[{"@type":"ReadAction","target":["https:\/\/impactocastex.com.ar\/?p=13732"]}]},{"@type":"ImageObject","inLanguage":"es","@id":"https:\/\/impactocastex.com.ar\/?p=13732#primaryimage","url":"https:\/\/impactocastex.com.ar\/wp-content\/uploads\/2026\/03\/B6OI2W7SWNDSPIARYQ2FHGSTZA-fvEbCn.jpg","contentUrl":"https:\/\/impactocastex.com.ar\/wp-content\/uploads\/2026\/03\/B6OI2W7SWNDSPIARYQ2FHGSTZA-fvEbCn.jpg","width":1200,"height":800},{"@type":"BreadcrumbList","@id":"https:\/\/impactocastex.com.ar\/?p=13732#breadcrumb","itemListElement":[{"@type":"ListItem","position":1,"name":"Portada","item":"https:\/\/impactocastex.com.ar\/"},{"@type":"ListItem","position":2,"name":"Cu\u00e1nto cuesta el Fiat Cronos en marzo 2026"}]},{"@type":"WebSite","@id":"https:\/\/impactocastex.com.ar\/#website","url":"https:\/\/impactocastex.com.ar\/","name":"Impacto Castex","description":"","publisher":{"@id":"https:\/\/impactocastex.com.ar\/#organization"},"potentialAction":[{"@type":"SearchAction","target":{"@type":"EntryPoint","urlTemplate":"https:\/\/impactocastex.com.ar\/?s={search_term_string}"},"query-input":{"@type":"PropertyValueSpecification","valueRequired":true,"valueName":"search_term_string"}}],"inLanguage":"es"},{"@type":"Organization","@id":"https:\/\/impactocastex.com.ar\/#organization","name":"Impacto Castex","url":"https:\/\/impactocastex.com.ar\/","logo":{"@type":"ImageObject","inLanguage":"es","@id":"https:\/\/impactocastex.com.ar\/#\/schema\/logo\/image\/","url":"https:\/\/impactocastex.com.ar\/wp-content\/uploads\/2025\/09\/cropped-icoweb.png","contentUrl":"https:\/\/impactocastex.com.ar\/wp-content\/uploads\/2025\/09\/cropped-icoweb.png","width":512,"height":512,"caption":"Impacto Castex"},"image":{"@id":"https:\/\/impactocastex.com.ar\/#\/schema\/logo\/image\/"},"sameAs":["https:\/\/www.facebook.com\/impactocastexdiario","https:\/\/www.instagram.com\/impactocastex.com.ar\/"]},{"@type":"Person","@id":"https:\/\/impactocastex.com.ar\/#\/schema\/person\/86cb4f827fb5f87869a239b98a69c6e3","name":"impactocastex","image":{"@type":"ImageObject","inLanguage":"es","@id":"https:\/\/secure.gravatar.com\/avatar\/9a87ee051ca8c77f5d4070843ce2c78cdf95b858b950fb039151de955122f5f5?s=96&d=mm&r=g","url":"https:\/\/secure.gravatar.com\/avatar\/9a87ee051ca8c77f5d4070843ce2c78cdf95b858b950fb039151de955122f5f5?s=96&d=mm&r=g","contentUrl":"https:\/\/secure.gravatar.com\/avatar\/9a87ee051ca8c77f5d4070843ce2c78cdf95b858b950fb039151de955122f5f5?s=96&d=mm&r=g","caption":"impactocastex"},"sameAs":["https:\/\/impactocastex.com.ar"],"url":"https:\/\/impactocastex.com.ar\/?author=1"}]}},"jetpack_publicize_connections":[],"featured_image_urls":{"full":["https:\/\/impactocastex.com.ar\/wp-content\/uploads\/2026\/03\/B6OI2W7SWNDSPIARYQ2FHGSTZA-fvEbCn.jpg",1200,800,false],"thumbnail":["https:\/\/impactocastex.com.ar\/wp-content\/uploads\/2026\/03\/B6OI2W7SWNDSPIARYQ2FHGSTZA-fvEbCn-150x150.jpg",150,150,true],"medium":["https:\/\/impactocastex.com.ar\/wp-content\/uploads\/2026\/03\/B6OI2W7SWNDSPIARYQ2FHGSTZA-fvEbCn-300x200.jpg",300,200,true],"medium_large":["https:\/\/impactocastex.com.ar\/wp-content\/uploads\/2026\/03\/B6OI2W7SWNDSPIARYQ2FHGSTZA-fvEbCn-768x512.jpg",640,427,true],"large":["https:\/\/impactocastex.com.ar\/wp-content\/uploads\/2026\/03\/B6OI2W7SWNDSPIARYQ2FHGSTZA-fvEbCn-1024x683.jpg",640,427,true],"1536x1536":["https:\/\/impactocastex.com.ar\/wp-content\/uploads\/2026\/03\/B6OI2W7SWNDSPIARYQ2FHGSTZA-fvEbCn.jpg",1200,800,false],"2048x2048":["https:\/\/impactocastex.com.ar\/wp-content\/uploads\/2026\/03\/B6OI2W7SWNDSPIARYQ2FHGSTZA-fvEbCn.jpg",1200,800,false],"newsever-slider-full":["https:\/\/impactocastex.com.ar\/wp-content\/uploads\/2026\/03\/B6OI2W7SWNDSPIARYQ2FHGSTZA-fvEbCn.jpg",1200,800,false],"newsever-featured":["https:\/\/impactocastex.com.ar\/wp-content\/uploads\/2026\/03\/B6OI2W7SWNDSPIARYQ2FHGSTZA-fvEbCn-1024x683.jpg",1024,683,true],"newsever-medium":["https:\/\/impactocastex.com.ar\/wp-content\/uploads\/2026\/03\/B6OI2W7SWNDSPIARYQ2FHGSTZA-fvEbCn-720x475.jpg",720,475,true]},"author_info":{"info":["impactocastex"]},"category_info":"<a href=\"https:\/\/impactocastex.com.ar\/?cat=89\" rel=\"category\">NACIONALES<\/a>","tag_info":"NACIONALES","comment_count":0,"jetpack_featured_media_url":"https:\/\/impactocastex.com.ar\/wp-content\/uploads\/2026\/03\/B6OI2W7SWNDSPIARYQ2FHGSTZA-fvEbCn.jpg","jetpack_sharing_enabled":true,"jetpack_likes_enabled":true,"jetpack_shortlink":"https:\/\/wp.me\/p7sopA-3zu","_links":{"self":[{"href":"https:\/\/impactocastex.com.ar\/index.php?rest_route=\/wp\/v2\/posts\/13732","targetHints":{"allow":["GET"]}}],"collection":[{"href":"https:\/\/impactocastex.com.ar\/index.php?rest_route=\/wp\/v2\/posts"}],"about":[{"href":"https:\/\/impactocastex.com.ar\/index.php?rest_route=\/wp\/v2\/types\/post"}],"author":[{"embeddable":true,"href":"https:\/\/impactocastex.com.ar\/index.php?rest_route=\/wp\/v2\/users\/1"}],"replies":[{"embeddable":true,"href":"https:\/\/impactocastex.com.ar\/index.php?rest_route=%2Fwp%2Fv2%2Fcomments&post=13732"}],"version-history":[{"count":0,"href":"https:\/\/impactocastex.com.ar\/index.php?rest_route=\/wp\/v2\/posts\/13732\/revisions"}],"wp:featuredmedia":[{"embeddable":true,"href":"https:\/\/impactocastex.com.ar\/index.php?rest_route=\/wp\/v2\/media\/13733"}],"wp:attachment":[{"href":"https:\/\/impactocastex.com.ar\/index.php?rest_route=%2Fwp%2Fv2%2Fmedia&parent=13732"}],"wp:term":[{"taxonomy":"category","embeddable":true,"href":"https:\/\/impactocastex.com.ar\/index.php?rest_route=%2Fwp%2Fv2%2Fcategories&post=13732"},{"taxonomy":"post_tag","embeddable":true,"href":"https:\/\/impactocastex.com.ar\/index.php?rest_route=%2Fwp%2Fv2%2Ftags&post=13732"}],"curies":[{"name":"wp","href":"https:\/\/api.w.org\/{rel}","templated":true}]}}