{"id":1370,"date":"2025-09-25T10:20:18","date_gmt":"2025-09-25T13:20:18","guid":{"rendered":"https:\/\/impactocastex.com.ar\/?p=1370"},"modified":"2025-09-25T10:20:19","modified_gmt":"2025-09-25T13:20:19","slug":"condenaron-a-un-diacono-a-ocho-anos-de-prision-por-violar-a-una-menor-de-15-anos","status":"publish","type":"post","link":"https:\/\/impactocastex.com.ar\/?p=1370","title":{"rendered":"Condenaron a un Diacono\u00a0\u00a0a ocho a\u00f1os de prisi\u00f3n por\u00a0 violar a una\u00a0\u00a0menor de 15 a\u00f1os\u00a0"},"content":{"rendered":"\n<p>El juez de audiencia de juicio de General Pico, Marcelo Pagano, conden\u00f3 a **Antonio Catal\u00e1n (67 a\u00f1os)** a **ocho a\u00f1os de prisi\u00f3n efectiva** por abuso sexual con acceso carnal agravado, cometido contra una menor de 15 a\u00f1os. El delito fue calificado como **continuado y agravado por la condici\u00f3n de ministro de culto reconocido**, dado que el acusado se desempe\u00f1aba como di\u00e1cono en la iglesia a la que asist\u00eda la v\u00edctima.<\/p>\n\n\n\n<p>La sentencia fue dictada tras dos jornadas de debate desarrolladas en los Tribunales de General Pico, con la participaci\u00f3n de la fiscala **Andre\u00edna Montes** y la defensa particular del imputado, a cargo del abogado **Ariel Garc\u00eda**. Mientras el Ministerio P\u00fablico Fiscal solicit\u00f3 la pena finalmente impuesta, la defensa hab\u00eda pedido la **absoluci\u00f3n** del acusado.<\/p>\n\n\n\n<p>&#8212;<\/p>\n\n\n\n<p>Abuso, amenazas y poder<\/p>\n\n\n\n<p>Seg\u00fan logr\u00f3 acreditar el juez, los abusos ocurrieron entre **junio y octubre de 2018**, cuando el acusado accedi\u00f3 carnalmente a la adolescente **mediante amenazas y aprovech\u00e1ndose de la situaci\u00f3n de poder** que ejerc\u00eda por su rol dentro de la comunidad religiosa.<\/p>\n\n\n\n<p>En su fallo, Pagano subray\u00f3 la necesidad de analizar el caso \u201c**con perspectiva de g\u00e9nero y teniendo en cuenta el inter\u00e9s superior del ni\u00f1o**\u201d, en l\u00ednea con las disposiciones establecidas por la normativa nacional e internacional sobre protecci\u00f3n de menores.<\/p>\n\n\n\n<p>Agravamientos y fundamentos del fallo<\/p>\n\n\n\n<p>Al momento de definir la pena, el magistrado se\u00f1al\u00f3 que la **condici\u00f3n de di\u00e1cono fue clave** para que el acusado pudiera concretar los abusos, y cit\u00f3 jurisprudencia que respalda el agravamiento de la pena cuando el victimario es un **ministro de culto**, m\u00e1s all\u00e1 de la existencia o no de una relaci\u00f3n espiritual directa con la v\u00edctima.<\/p>\n\n\n\n<p>\u201cLa pena se agrava porque el autor viola los mayores deberes de moralidad y honestidad que le impone su investidura\u201d, expres\u00f3 el juez, haciendo hincapi\u00e9 en la **asimetr\u00eda de poder** que exist\u00eda entre el acusado y la joven.<\/p>\n\n\n\n<p>El fallo tambi\u00e9n tuvo en cuenta que los abusos se repitieron en varias oportunidades, siempre con la **misma v\u00edctima y el mismo agresor**.<\/p>\n\n\n\n<p>Agravantes y atenuantes**<\/p>\n\n\n\n<p>Entre las circunstancias que agravaron la pena, el juez destac\u00f3:<\/p>\n\n\n\n<p>* La corta edad de la v\u00edctima.<br>* La **notable diferencia de edad** entre ambos.<br>* El estado de **indefensi\u00f3n** en que se encontraba la adolescente.<br>* El **estr\u00e9s postraum\u00e1tico** que sufri\u00f3 como consecuencia de los hechos.<\/p>\n\n\n\n<p>Como \u00fanica circunstancia atenuante, Pagano consider\u00f3 que el acusado **no ten\u00eda antecedentes penales**, adem\u00e1s de contar con familia y empleo estable.<\/p>\n\n\n\n<p>enbocadetodoshd.<\/p>\n","protected":false},"excerpt":{"rendered":"<p>El juez de audiencia de juicio de General Pico, Marcelo Pagano, conden\u00f3 a **Antonio Catal\u00e1n&#8230;<\/p>\n","protected":false},"author":2,"featured_media":1371,"comment_status":"closed","ping_status":"closed","sticky":false,"template":"","format":"standard","meta":{"_jetpack_memberships_contains_paid_content":false,"footnotes":"","jetpack_publicize_message":"","jetpack_publicize_feature_enabled":true,"jetpack_social_post_already_shared":true,"jetpack_social_options":{"image_generator_settings":{"template":"highway","default_image_id":0,"font":"","enabled":false},"version":2}},"categories":[85],"tags":[],"class_list":["post-1370","post","type-post","status-publish","format-standard","has-post-thumbnail","hentry","category-policiales"],"yoast_head":"<!-- This site is optimized with the Yoast SEO plugin v27.4 - https:\/\/yoast.com\/product\/yoast-seo-wordpress\/ -->\n<title>Condenaron a un Diacono\u00a0\u00a0a ocho a\u00f1os de prisi\u00f3n por\u00a0 violar a una\u00a0\u00a0menor de 15 a\u00f1os\u00a0 -<\/title>\n<meta name=\"robots\" content=\"index, follow, max-snippet:-1, max-image-preview:large, max-video-preview:-1\" \/>\n<link rel=\"canonical\" href=\"https:\/\/impactocastex.com.ar\/?p=1370\" \/>\n<meta property=\"og:locale\" content=\"es_ES\" \/>\n<meta property=\"og:type\" content=\"article\" \/>\n<meta property=\"og:title\" content=\"Condenaron a un Diacono\u00a0\u00a0a ocho a\u00f1os de prisi\u00f3n por\u00a0 violar a una\u00a0\u00a0menor de 15 a\u00f1os\u00a0 -\" \/>\n<meta property=\"og:description\" content=\"El juez de audiencia de juicio de General Pico, Marcelo Pagano, conden\u00f3 a **Antonio Catal\u00e1n...\" \/>\n<meta property=\"og:url\" content=\"https:\/\/impactocastex.com.ar\/?p=1370\" \/>\n<meta property=\"article:publisher\" content=\"https:\/\/www.facebook.com\/impactocastexdiario\" \/>\n<meta property=\"article:published_time\" content=\"2025-09-25T13:20:18+00:00\" \/>\n<meta property=\"article:modified_time\" content=\"2025-09-25T13:20:19+00:00\" \/>\n<meta property=\"og:image\" content=\"https:\/\/impactocastex.com.ar\/wp-content\/uploads\/2025\/09\/f1280x720-245421_377096_5050.jpg\" \/>\n\t<meta property=\"og:image:width\" content=\"1280\" \/>\n\t<meta property=\"og:image:height\" content=\"720\" \/>\n\t<meta property=\"og:image:type\" content=\"image\/jpeg\" \/>\n<meta name=\"author\" content=\"impactocastex\" \/>\n<meta name=\"twitter:card\" content=\"summary_large_image\" \/>\n<meta name=\"twitter:label1\" content=\"Escrito por\" \/>\n\t<meta name=\"twitter:data1\" content=\"impactocastex\" \/>\n\t<meta name=\"twitter:label2\" content=\"Tiempo de lectura\" \/>\n\t<meta name=\"twitter:data2\" content=\"3 minutos\" \/>\n<script type=\"application\/ld+json\" class=\"yoast-schema-graph\">{\"@context\":\"https:\\\/\\\/schema.org\",\"@graph\":[{\"@type\":\"Article\",\"@id\":\"https:\\\/\\\/impactocastex.com.ar\\\/?p=1370#article\",\"isPartOf\":{\"@id\":\"https:\\\/\\\/impactocastex.com.ar\\\/?p=1370\"},\"author\":{\"name\":\"impactocastex\",\"@id\":\"https:\\\/\\\/impactocastex.com.ar\\\/#\\\/schema\\\/person\\\/c115028fb60f9bf49ce7550894b84ea7\"},\"headline\":\"Condenaron a un Diacono\u00a0\u00a0a ocho a\u00f1os de prisi\u00f3n por\u00a0 violar a una\u00a0\u00a0menor de 15 a\u00f1os\u00a0\",\"datePublished\":\"2025-09-25T13:20:18+00:00\",\"dateModified\":\"2025-09-25T13:20:19+00:00\",\"mainEntityOfPage\":{\"@id\":\"https:\\\/\\\/impactocastex.com.ar\\\/?p=1370\"},\"wordCount\":458,\"publisher\":{\"@id\":\"https:\\\/\\\/impactocastex.com.ar\\\/#organization\"},\"image\":{\"@id\":\"https:\\\/\\\/impactocastex.com.ar\\\/?p=1370#primaryimage\"},\"thumbnailUrl\":\"https:\\\/\\\/impactocastex.com.ar\\\/wp-content\\\/uploads\\\/2025\\\/09\\\/f1280x720-245421_377096_5050.jpg\",\"articleSection\":[\"POLICIALES\"],\"inLanguage\":\"es\"},{\"@type\":\"WebPage\",\"@id\":\"https:\\\/\\\/impactocastex.com.ar\\\/?p=1370\",\"url\":\"https:\\\/\\\/impactocastex.com.ar\\\/?p=1370\",\"name\":\"Condenaron a un Diacono\u00a0\u00a0a ocho a\u00f1os de prisi\u00f3n por\u00a0 violar a una\u00a0\u00a0menor de 15 a\u00f1os\u00a0 -\",\"isPartOf\":{\"@id\":\"https:\\\/\\\/impactocastex.com.ar\\\/#website\"},\"primaryImageOfPage\":{\"@id\":\"https:\\\/\\\/impactocastex.com.ar\\\/?p=1370#primaryimage\"},\"image\":{\"@id\":\"https:\\\/\\\/impactocastex.com.ar\\\/?p=1370#primaryimage\"},\"thumbnailUrl\":\"https:\\\/\\\/impactocastex.com.ar\\\/wp-content\\\/uploads\\\/2025\\\/09\\\/f1280x720-245421_377096_5050.jpg\",\"datePublished\":\"2025-09-25T13:20:18+00:00\",\"dateModified\":\"2025-09-25T13:20:19+00:00\",\"breadcrumb\":{\"@id\":\"https:\\\/\\\/impactocastex.com.ar\\\/?p=1370#breadcrumb\"},\"inLanguage\":\"es\",\"potentialAction\":[{\"@type\":\"ReadAction\",\"target\":[\"https:\\\/\\\/impactocastex.com.ar\\\/?p=1370\"]}]},{\"@type\":\"ImageObject\",\"inLanguage\":\"es\",\"@id\":\"https:\\\/\\\/impactocastex.com.ar\\\/?p=1370#primaryimage\",\"url\":\"https:\\\/\\\/impactocastex.com.ar\\\/wp-content\\\/uploads\\\/2025\\\/09\\\/f1280x720-245421_377096_5050.jpg\",\"contentUrl\":\"https:\\\/\\\/impactocastex.com.ar\\\/wp-content\\\/uploads\\\/2025\\\/09\\\/f1280x720-245421_377096_5050.jpg\",\"width\":1280,\"height\":720},{\"@type\":\"BreadcrumbList\",\"@id\":\"https:\\\/\\\/impactocastex.com.ar\\\/?p=1370#breadcrumb\",\"itemListElement\":[{\"@type\":\"ListItem\",\"position\":1,\"name\":\"Portada\",\"item\":\"https:\\\/\\\/impactocastex.com.ar\\\/\"},{\"@type\":\"ListItem\",\"position\":2,\"name\":\"Condenaron a un Diacono\u00a0\u00a0a ocho a\u00f1os de prisi\u00f3n por\u00a0 violar a una\u00a0\u00a0menor de 15 a\u00f1os\u00a0\"}]},{\"@type\":\"WebSite\",\"@id\":\"https:\\\/\\\/impactocastex.com.ar\\\/#website\",\"url\":\"https:\\\/\\\/impactocastex.com.ar\\\/\",\"name\":\"Impacto Castex\",\"description\":\"\",\"publisher\":{\"@id\":\"https:\\\/\\\/impactocastex.com.ar\\\/#organization\"},\"potentialAction\":[{\"@type\":\"SearchAction\",\"target\":{\"@type\":\"EntryPoint\",\"urlTemplate\":\"https:\\\/\\\/impactocastex.com.ar\\\/?s={search_term_string}\"},\"query-input\":{\"@type\":\"PropertyValueSpecification\",\"valueRequired\":true,\"valueName\":\"search_term_string\"}}],\"inLanguage\":\"es\"},{\"@type\":\"Organization\",\"@id\":\"https:\\\/\\\/impactocastex.com.ar\\\/#organization\",\"name\":\"Impacto Castex\",\"url\":\"https:\\\/\\\/impactocastex.com.ar\\\/\",\"logo\":{\"@type\":\"ImageObject\",\"inLanguage\":\"es\",\"@id\":\"https:\\\/\\\/impactocastex.com.ar\\\/#\\\/schema\\\/logo\\\/image\\\/\",\"url\":\"https:\\\/\\\/impactocastex.com.ar\\\/wp-content\\\/uploads\\\/2025\\\/09\\\/cropped-icoweb.png\",\"contentUrl\":\"https:\\\/\\\/impactocastex.com.ar\\\/wp-content\\\/uploads\\\/2025\\\/09\\\/cropped-icoweb.png\",\"width\":512,\"height\":512,\"caption\":\"Impacto Castex\"},\"image\":{\"@id\":\"https:\\\/\\\/impactocastex.com.ar\\\/#\\\/schema\\\/logo\\\/image\\\/\"},\"sameAs\":[\"https:\\\/\\\/www.facebook.com\\\/impactocastexdiario\",\"https:\\\/\\\/www.instagram.com\\\/impactocastex.com.ar\\\/\"]},{\"@type\":\"Person\",\"@id\":\"https:\\\/\\\/impactocastex.com.ar\\\/#\\\/schema\\\/person\\\/c115028fb60f9bf49ce7550894b84ea7\",\"name\":\"impactocastex\",\"image\":{\"@type\":\"ImageObject\",\"inLanguage\":\"es\",\"@id\":\"https:\\\/\\\/secure.gravatar.com\\\/avatar\\\/fee87e7af008f02e9becdc0b5a9fd4a2e79b3918a571edeacb62211704637833?s=96&d=mm&r=g\",\"url\":\"https:\\\/\\\/secure.gravatar.com\\\/avatar\\\/fee87e7af008f02e9becdc0b5a9fd4a2e79b3918a571edeacb62211704637833?s=96&d=mm&r=g\",\"contentUrl\":\"https:\\\/\\\/secure.gravatar.com\\\/avatar\\\/fee87e7af008f02e9becdc0b5a9fd4a2e79b3918a571edeacb62211704637833?s=96&d=mm&r=g\",\"caption\":\"impactocastex\"},\"sameAs\":[\"https:\\\/\\\/impactocastex.com.ar\\\/\"],\"url\":\"https:\\\/\\\/impactocastex.com.ar\\\/?author=2\"}]}<\/script>\n<!-- \/ Yoast SEO plugin. -->","yoast_head_json":{"title":"Condenaron a un Diacono\u00a0\u00a0a ocho a\u00f1os de prisi\u00f3n por\u00a0 violar a una\u00a0\u00a0menor de 15 a\u00f1os\u00a0 -","robots":{"index":"index","follow":"follow","max-snippet":"max-snippet:-1","max-image-preview":"max-image-preview:large","max-video-preview":"max-video-preview:-1"},"canonical":"https:\/\/impactocastex.com.ar\/?p=1370","og_locale":"es_ES","og_type":"article","og_title":"Condenaron a un Diacono\u00a0\u00a0a ocho a\u00f1os de prisi\u00f3n por\u00a0 violar a una\u00a0\u00a0menor de 15 a\u00f1os\u00a0 -","og_description":"El juez de audiencia de juicio de General Pico, Marcelo Pagano, conden\u00f3 a **Antonio Catal\u00e1n...","og_url":"https:\/\/impactocastex.com.ar\/?p=1370","article_publisher":"https:\/\/www.facebook.com\/impactocastexdiario","article_published_time":"2025-09-25T13:20:18+00:00","article_modified_time":"2025-09-25T13:20:19+00:00","og_image":[{"width":1280,"height":720,"url":"https:\/\/impactocastex.com.ar\/wp-content\/uploads\/2025\/09\/f1280x720-245421_377096_5050.jpg","type":"image\/jpeg"}],"author":"impactocastex","twitter_card":"summary_large_image","twitter_misc":{"Escrito por":"impactocastex","Tiempo de lectura":"3 minutos"},"schema":{"@context":"https:\/\/schema.org","@graph":[{"@type":"Article","@id":"https:\/\/impactocastex.com.ar\/?p=1370#article","isPartOf":{"@id":"https:\/\/impactocastex.com.ar\/?p=1370"},"author":{"name":"impactocastex","@id":"https:\/\/impactocastex.com.ar\/#\/schema\/person\/c115028fb60f9bf49ce7550894b84ea7"},"headline":"Condenaron a un Diacono\u00a0\u00a0a ocho a\u00f1os de prisi\u00f3n por\u00a0 violar a una\u00a0\u00a0menor de 15 a\u00f1os\u00a0","datePublished":"2025-09-25T13:20:18+00:00","dateModified":"2025-09-25T13:20:19+00:00","mainEntityOfPage":{"@id":"https:\/\/impactocastex.com.ar\/?p=1370"},"wordCount":458,"publisher":{"@id":"https:\/\/impactocastex.com.ar\/#organization"},"image":{"@id":"https:\/\/impactocastex.com.ar\/?p=1370#primaryimage"},"thumbnailUrl":"https:\/\/impactocastex.com.ar\/wp-content\/uploads\/2025\/09\/f1280x720-245421_377096_5050.jpg","articleSection":["POLICIALES"],"inLanguage":"es"},{"@type":"WebPage","@id":"https:\/\/impactocastex.com.ar\/?p=1370","url":"https:\/\/impactocastex.com.ar\/?p=1370","name":"Condenaron a un Diacono\u00a0\u00a0a ocho a\u00f1os de prisi\u00f3n por\u00a0 violar a una\u00a0\u00a0menor de 15 a\u00f1os\u00a0 -","isPartOf":{"@id":"https:\/\/impactocastex.com.ar\/#website"},"primaryImageOfPage":{"@id":"https:\/\/impactocastex.com.ar\/?p=1370#primaryimage"},"image":{"@id":"https:\/\/impactocastex.com.ar\/?p=1370#primaryimage"},"thumbnailUrl":"https:\/\/impactocastex.com.ar\/wp-content\/uploads\/2025\/09\/f1280x720-245421_377096_5050.jpg","datePublished":"2025-09-25T13:20:18+00:00","dateModified":"2025-09-25T13:20:19+00:00","breadcrumb":{"@id":"https:\/\/impactocastex.com.ar\/?p=1370#breadcrumb"},"inLanguage":"es","potentialAction":[{"@type":"ReadAction","target":["https:\/\/impactocastex.com.ar\/?p=1370"]}]},{"@type":"ImageObject","inLanguage":"es","@id":"https:\/\/impactocastex.com.ar\/?p=1370#primaryimage","url":"https:\/\/impactocastex.com.ar\/wp-content\/uploads\/2025\/09\/f1280x720-245421_377096_5050.jpg","contentUrl":"https:\/\/impactocastex.com.ar\/wp-content\/uploads\/2025\/09\/f1280x720-245421_377096_5050.jpg","width":1280,"height":720},{"@type":"BreadcrumbList","@id":"https:\/\/impactocastex.com.ar\/?p=1370#breadcrumb","itemListElement":[{"@type":"ListItem","position":1,"name":"Portada","item":"https:\/\/impactocastex.com.ar\/"},{"@type":"ListItem","position":2,"name":"Condenaron a un Diacono\u00a0\u00a0a ocho a\u00f1os de prisi\u00f3n por\u00a0 violar a una\u00a0\u00a0menor de 15 a\u00f1os\u00a0"}]},{"@type":"WebSite","@id":"https:\/\/impactocastex.com.ar\/#website","url":"https:\/\/impactocastex.com.ar\/","name":"Impacto Castex","description":"","publisher":{"@id":"https:\/\/impactocastex.com.ar\/#organization"},"potentialAction":[{"@type":"SearchAction","target":{"@type":"EntryPoint","urlTemplate":"https:\/\/impactocastex.com.ar\/?s={search_term_string}"},"query-input":{"@type":"PropertyValueSpecification","valueRequired":true,"valueName":"search_term_string"}}],"inLanguage":"es"},{"@type":"Organization","@id":"https:\/\/impactocastex.com.ar\/#organization","name":"Impacto Castex","url":"https:\/\/impactocastex.com.ar\/","logo":{"@type":"ImageObject","inLanguage":"es","@id":"https:\/\/impactocastex.com.ar\/#\/schema\/logo\/image\/","url":"https:\/\/impactocastex.com.ar\/wp-content\/uploads\/2025\/09\/cropped-icoweb.png","contentUrl":"https:\/\/impactocastex.com.ar\/wp-content\/uploads\/2025\/09\/cropped-icoweb.png","width":512,"height":512,"caption":"Impacto Castex"},"image":{"@id":"https:\/\/impactocastex.com.ar\/#\/schema\/logo\/image\/"},"sameAs":["https:\/\/www.facebook.com\/impactocastexdiario","https:\/\/www.instagram.com\/impactocastex.com.ar\/"]},{"@type":"Person","@id":"https:\/\/impactocastex.com.ar\/#\/schema\/person\/c115028fb60f9bf49ce7550894b84ea7","name":"impactocastex","image":{"@type":"ImageObject","inLanguage":"es","@id":"https:\/\/secure.gravatar.com\/avatar\/fee87e7af008f02e9becdc0b5a9fd4a2e79b3918a571edeacb62211704637833?s=96&d=mm&r=g","url":"https:\/\/secure.gravatar.com\/avatar\/fee87e7af008f02e9becdc0b5a9fd4a2e79b3918a571edeacb62211704637833?s=96&d=mm&r=g","contentUrl":"https:\/\/secure.gravatar.com\/avatar\/fee87e7af008f02e9becdc0b5a9fd4a2e79b3918a571edeacb62211704637833?s=96&d=mm&r=g","caption":"impactocastex"},"sameAs":["https:\/\/impactocastex.com.ar\/"],"url":"https:\/\/impactocastex.com.ar\/?author=2"}]}},"jetpack_publicize_connections":[],"featured_image_urls":{"full":["https:\/\/impactocastex.com.ar\/wp-content\/uploads\/2025\/09\/f1280x720-245421_377096_5050.jpg",1280,720,false],"thumbnail":["https:\/\/impactocastex.com.ar\/wp-content\/uploads\/2025\/09\/f1280x720-245421_377096_5050-150x150.jpg",150,150,true],"medium":["https:\/\/impactocastex.com.ar\/wp-content\/uploads\/2025\/09\/f1280x720-245421_377096_5050-300x169.jpg",300,169,true],"medium_large":["https:\/\/impactocastex.com.ar\/wp-content\/uploads\/2025\/09\/f1280x720-245421_377096_5050-768x432.jpg",640,360,true],"large":["https:\/\/impactocastex.com.ar\/wp-content\/uploads\/2025\/09\/f1280x720-245421_377096_5050-1024x576.jpg",640,360,true],"1536x1536":["https:\/\/impactocastex.com.ar\/wp-content\/uploads\/2025\/09\/f1280x720-245421_377096_5050.jpg",1280,720,false],"2048x2048":["https:\/\/impactocastex.com.ar\/wp-content\/uploads\/2025\/09\/f1280x720-245421_377096_5050.jpg",1280,720,false],"newsever-slider-full":["https:\/\/impactocastex.com.ar\/wp-content\/uploads\/2025\/09\/f1280x720-245421_377096_5050.jpg",1280,720,false],"newsever-featured":["https:\/\/impactocastex.com.ar\/wp-content\/uploads\/2025\/09\/f1280x720-245421_377096_5050-1024x576.jpg",1024,576,true],"newsever-medium":["https:\/\/impactocastex.com.ar\/wp-content\/uploads\/2025\/09\/f1280x720-245421_377096_5050-720x475.jpg",720,475,true]},"author_info":{"info":["impactocastex"]},"category_info":"<a href=\"https:\/\/impactocastex.com.ar\/?cat=85\" rel=\"category\">POLICIALES<\/a>","tag_info":"POLICIALES","comment_count":0,"jetpack_featured_media_url":"https:\/\/impactocastex.com.ar\/wp-content\/uploads\/2025\/09\/f1280x720-245421_377096_5050.jpg","jetpack_sharing_enabled":true,"jetpack_likes_enabled":true,"jetpack_shortlink":"https:\/\/wp.me\/p7sopA-m6","_links":{"self":[{"href":"https:\/\/impactocastex.com.ar\/index.php?rest_route=\/wp\/v2\/posts\/1370","targetHints":{"allow":["GET"]}}],"collection":[{"href":"https:\/\/impactocastex.com.ar\/index.php?rest_route=\/wp\/v2\/posts"}],"about":[{"href":"https:\/\/impactocastex.com.ar\/index.php?rest_route=\/wp\/v2\/types\/post"}],"author":[{"embeddable":true,"href":"https:\/\/impactocastex.com.ar\/index.php?rest_route=\/wp\/v2\/users\/2"}],"replies":[{"embeddable":true,"href":"https:\/\/impactocastex.com.ar\/index.php?rest_route=%2Fwp%2Fv2%2Fcomments&post=1370"}],"version-history":[{"count":1,"href":"https:\/\/impactocastex.com.ar\/index.php?rest_route=\/wp\/v2\/posts\/1370\/revisions"}],"predecessor-version":[{"id":1372,"href":"https:\/\/impactocastex.com.ar\/index.php?rest_route=\/wp\/v2\/posts\/1370\/revisions\/1372"}],"wp:featuredmedia":[{"embeddable":true,"href":"https:\/\/impactocastex.com.ar\/index.php?rest_route=\/wp\/v2\/media\/1371"}],"wp:attachment":[{"href":"https:\/\/impactocastex.com.ar\/index.php?rest_route=%2Fwp%2Fv2%2Fmedia&parent=1370"}],"wp:term":[{"taxonomy":"category","embeddable":true,"href":"https:\/\/impactocastex.com.ar\/index.php?rest_route=%2Fwp%2Fv2%2Fcategories&post=1370"},{"taxonomy":"post_tag","embeddable":true,"href":"https:\/\/impactocastex.com.ar\/index.php?rest_route=%2Fwp%2Fv2%2Ftags&post=1370"}],"curies":[{"name":"wp","href":"https:\/\/api.w.org\/{rel}","templated":true}]}}