{"id":1341,"date":"2025-09-25T09:48:38","date_gmt":"2025-09-25T12:48:38","guid":{"rendered":"https:\/\/impactocastex.com.ar\/?p=1341"},"modified":"2025-09-25T09:48:40","modified_gmt":"2025-09-25T12:48:40","slug":"triple-femicidio-en-florencio-varela-el-asesinato-fue-transmitido-en-vivo-por-redes-sociales","status":"publish","type":"post","link":"https:\/\/impactocastex.com.ar\/?p=1341","title":{"rendered":"Triple femicidio en Florencio Varela: el asesinato fue transmitido en vivo por redes sociales"},"content":{"rendered":"\n<p>El femicidio de&nbsp;<strong>Brenda del Castillo (20), Morena Verdi (20) y Lara Guti\u00e9rrez (15)<\/strong>, las tres j\u00f3venes que hab\u00edan desaparecido el viernes pasado en La Matanza y fueron halladas asesinadas y descuartizadas en una casa de Florencio Varela,&nbsp;<strong>fue transmitido a trav\u00e9s de las redes sociales para un grupo cerrado de personas.<\/strong><\/p>\n\n\n\n<p>Adem\u00e1s de relatar detalles del triple femicidio, el&nbsp;<strong>ministro de Seguridad bonaerense, Javier Alonso,<\/strong>&nbsp;confirm\u00f3 que el asesinato fue transmitido en vivo a trav\u00e9s de una red social. El video estuvo destinado a un grupo cerrado y por ende, cerca de 45 personas presenciaron en tiempo real el crimen, que fue presentado como un acto de advertencia.<\/p>\n\n\n\n<p>En di\u00e1logo con\u00a0<em>Todo Noticias<\/em>, Alonso afirm\u00f3 que el femicidio fue transmitido a trav\u00e9s de Instagram. \u201cS\u00ed,\u00a0<strong>para un grupo cerrado. Esto es la informaci\u00f3n que nosotros relevamos en la investigaci\u00f3n.\u00a0<\/strong>Esta es la informaci\u00f3n y que tendr\u00eda que ver con el m\u00f3vil del homicidio, esta persona que es el capo del grupo, en esa sesi\u00f3n dice:\u00a0<strong>\u2018Esto le pasa al que me roba droga\u2019<\/strong>\u201c.<\/p>\n\n\n\n<p>\u201cToda esa sesi\u00f3n de tortura fue transmitida por redes sociales y la habr\u00edan visto 45 personas\u201d, indic\u00f3 el ministro. \u201c<strong>Fue un hecho de disciplinamiento para las chicas, pero tambi\u00e9n para diferentes integrantes de esa organizaci\u00f3n\u201d<\/strong>.<\/p>\n\n\n\n<p>https:\/\/googleads.g.doubleclick.net\/pagead\/ads?gdpr=0&#038;client=ca-pub-8462277473027869&#038;output=html&#038;h=280&#038;adk=1164292463&#038;adf=3407412179&#038;pi=t.aa~a.4119669097~i.12~rp.4&#038;w=780&#038;fwrn=4&#038;fwrnh=100&#038;lmt=1758804351&#038;num_ads=1&#038;rafmt=1&#038;armr=3&#038;sem=mc&#038;pwprc=6389897902&#038;ad_type=text_image&#038;format=780&#215;280&#038;url=https%3A%2F%2Fdiariotextual.com%2Finicio%2Findex.php%2F2025%2F09%2F25%2Ftriple-femicidio-en-florencio-varela-el-asesinato-fue-transmitido-en-vivo-por-redes-sociales%2F&#038;fwr=0&#038;pra=3&#038;rh=195&#038;rw=779&#038;rpe=1&#038;resp_fmts=3&#038;wgl=1&#038;fa=27&#038;uach=WyJXaW5kb3dzIiwiMTAuMC4wIiwieDg2IiwiIiwiMTQwLjAuNzMzOS4xMjkiLG51bGwsMCxudWxsLCI2NCIsW1siQ2hyb21pdW0iLCIxNDAuMC43MzM5LjEyOSJdLFsiTm90PUE_QnJhbmQiLCIyNC4wLjAuMCJdLFsiR29vZ2xlIENocm9tZSIsIjE0MC4wLjczMzkuMTI5Il1dLDFd&#038;abgtt=11&#038;dt=1758804350990&#038;bpp=3&#038;bdt=1427&#038;idt=3&#038;shv=r20250922&#038;mjsv=m202509180101&#038;ptt=9&#038;saldr=aa&#038;abxe=1&#038;cookie=ID%3D288f1dadbd21a5bf%3AT%3D1757958635%3ART%3D1758804269%3AS%3DALNI_MaBzPVV67I1vy3dqT9hAw5QPIS9NA&#038;gpic=UID%3D0000128c6ef536c4%3AT%3D1757958635%3ART%3D1758804269%3AS%3DALNI_MaIbL1NHOJct0oILRlUx62S-I4cTg&#038;eo_id_str=ID%3Dbff132625c395650%3AT%3D1757958635%3ART%3D1758804269%3AS%3DAA-AfjYTIF3q77-8wKvMbwz8jh9q&#038;prev_fmts=780&#215;280%2C1200x280%2C0x0&#038;nras=3&#038;correlator=7754102311090&#038;frm=20&#038;pv=1&#038;u_tz=-180&#038;u_his=4&#038;u_h=768&#038;u_w=1366&#038;u_ah=738&#038;u_aw=1366&#038;u_cd=24&#038;u_sd=1&#038;dmc=2&#038;adx=91&#038;ady=2410&#038;biw=1351&#038;bih=617&#038;scr_x=0&#038;scr_y=200&#038;eid=31093039&#038;oid=2&#038;pvsid=1716518383236852&#038;tmod=27992478&#038;uas=0&#038;nvt=1&#038;ref=https%3A%2F%2Fdiariotextual.com%2Finicio%2F&#038;fc=384&#038;brdim=0%2C0%2C0%2C0%2C1366%2C0%2C1366%2C738%2C1366%2C617&#038;vis=1&#038;rsz=%7C%7Cs%7C&#038;abl=NS&#038;fu=128&#038;bc=31&#038;bz=1&#038;td=1&#038;tdf=2&#038;psd=W251bGwsbnVsbCwibGFiZWxfb25seV8yIiwxXQ..&#038;nt=1&#038;pgls=CAEaBTYuNy4z~CAEQBBoHMS4xNjIuMQ..~CAEQBRoGMy4zMi4y&#038;ifi=4&#038;uci=a!4&#038;btvi=2&#038;fsb=1&#038;dtd=214<\/p>\n\n\n\n<p>Al ser consultado sobre c\u00f3mo obtuvieron el dato de la transmisi\u00f3n de los femicidios, el ministro de Seguridad bonaerense revel\u00f3 que el dato habr\u00eda sido confesado por uno de los cuatro detenidos. Se tratan de&nbsp;<strong>Miguel \u00c1ngel Villanueva Silva<\/strong>, de 27 a\u00f1os, y nacionalidad peruana; y los argentinos&nbsp;<strong>Iara Daniela Ibarra<\/strong>, de 19,&nbsp;<strong>Andr\u00e9s Maximiliano Parra<\/strong>, de 18, y&nbsp;<strong>Magal\u00ed Celeste Gonz\u00e1lez Guerrero<\/strong>, de 28, que fueron acusados del delito de homicidio agravado.<\/p>\n\n\n\n<p>https:\/\/googleads.g.doubleclick.net\/pagead\/ads?client=ca-pub-8462277473027869&#038;output=html&#038;h=280&#038;slotname=2416895182&#038;adk=2422257586&#038;adf=958625613&#038;pi=t.ma~as.2416895182&#038;w=780&#038;fwrn=4&#038;fwrnh=100&#038;lmt=1758804350&#038;rafmt=1&#038;format=780&#215;280&#038;url=https%3A%2F%2Fdiariotextual.com%2Finicio%2Findex.php%2F2025%2F09%2F25%2Ftriple-femicidio-en-florencio-varela-el-asesinato-fue-transmitido-en-vivo-por-redes-sociales%2F&#038;fwr=0&#038;rpe=1&#038;resp_fmts=3&#038;wgl=1&#038;aieuf=1&#038;uach=WyJXaW5kb3dzIiwiMTAuMC4wIiwieDg2IiwiIiwiMTQwLjAuNzMzOS4xMjkiLG51bGwsMCxudWxsLCI2NCIsW1siQ2hyb21pdW0iLCIxNDAuMC43MzM5LjEyOSJdLFsiTm90PUE_QnJhbmQiLCIyNC4wLjAuMCJdLFsiR29vZ2xlIENocm9tZSIsIjE0MC4wLjczMzkuMTI5Il1dLDFd&#038;abgtt=11&#038;dt=1758804350065&#038;bpp=11&#038;bdt=503&#038;idt=235&#038;shv=r20250922&#038;mjsv=m202509180101&#038;ptt=9&#038;saldr=aa&#038;abxe=1&#038;cookie=ID%3D288f1dadbd21a5bf%3AT%3D1757958635%3ART%3D1758804269%3AS%3DALNI_MaBzPVV67I1vy3dqT9hAw5QPIS9NA&#038;gpic=UID%3D0000128c6ef536c4%3AT%3D1757958635%3ART%3D1758804269%3AS%3DALNI_MaIbL1NHOJct0oILRlUx62S-I4cTg&#038;eo_id_str=ID%3Dbff132625c395650%3AT%3D1757958635%3ART%3D1758804269%3AS%3DAA-AfjYTIF3q77-8wKvMbwz8jh9q&#038;correlator=7754102311090&#038;frm=20&#038;pv=2&#038;u_tz=-180&#038;u_his=4&#038;u_h=768&#038;u_w=1366&#038;u_ah=738&#038;u_aw=1366&#038;u_cd=24&#038;u_sd=1&#038;dmc=2&#038;adx=91&#038;ady=2213&#038;biw=1351&#038;bih=617&#038;scr_x=0&#038;scr_y=0&#038;eid=31093039&#038;oid=2&#038;pvsid=1716518383236852&#038;tmod=27992478&#038;uas=0&#038;nvt=1&#038;ref=https%3A%2F%2Fdiariotextual.com%2Finicio%2F&#038;fc=640&#038;brdim=0%2C0%2C0%2C0%2C1366%2C0%2C1366%2C738%2C1366%2C617&#038;vis=1&#038;rsz=%7C%7CoEebr%7C&#038;abl=CS&#038;pfx=0&#038;fu=128&#038;bc=31&#038;bz=1&#038;td=1&#038;tdf=2&#038;psd=W251bGwsbnVsbCwibGFiZWxfb25seV8yIiwxXQ..&#038;nt=1&#038;pgls=CAEaBTYuNy4z~CAEQBBoHMS4xNjIuMQ..~CAEQBRoGMy4zMi4y&#038;ifi=1&#038;uci=a!1&#038;btvi=1&#038;fsb=1&#038;dtd=269<\/p>\n\n\n\n<p>Sin embargo, Alonso remarc\u00f3 que todav\u00eda estar\u00edan en la b\u00fasqueda de los involucrados. \u201cVamos a escalar para llegar al autor intelectual y otros autores materiales\u201d, apunt\u00f3 al indicar que tambi\u00e9n buscar\u00edan a la persona que se habr\u00eda ganado la confianza de las v\u00edctimas y las habr\u00eda llevado hasta la casa de Florencio Varela.<\/p>\n\n\n\n<p>\u201cLlegan enga\u00f1adas porque cre\u00edan que iban a participar de un evento\u201d, se\u00f1al\u00f3 el ministro, para luego ratificar que se hab\u00eda tratado de un hecho planificado. Pues, seg\u00fan revel\u00f3,&nbsp;<strong>ese viernes a la tarde un grupo de hombres pertenecientes a la banda narcocriminal hab\u00edan llegado a la vivienda y se habr\u00edan encargado de cavar los pozos<\/strong>, donde ser\u00edan depositados los restos de las j\u00f3venes.<\/p>\n\n\n\n<p>En este sentido, sostuvo que&nbsp;<strong>\u201cestas chicas fueron v\u00edctimas\u201d<\/strong>, y que todav\u00eda quedar\u00eda pendiente reconstruir c\u00f3mo establecieron la conexi\u00f3n con los integrantes de la banda. Hasta el momento, presuponen que \u201chabr\u00edan entablado alg\u00fan tipo de relaci\u00f3n en la zona de Flores\u201d, debido a que sol\u00edan frecuentar el barrio porte\u00f1o.<\/p>\n\n\n\n<p>Por otro lado, subray\u00f3 que uno de los objetivos principales ser\u00eda dar con el l\u00edder de la organizaci\u00f3n narco, de quien sospechar\u00edan que habr\u00eda sido el autor intelectual. &nbsp;<strong>\u201cEs peruano, de unos 23 a\u00f1os aproximadamente, que est\u00e1 estableci\u00e9ndose como l\u00edder de esta organizaci\u00f3n\u201d<\/strong>, dijo.<\/p>\n\n\n\n<p><\/p>\n\n\n\n<p>Para dar con su paradero, el mi\u00e9rcoles por la noche se realizaron varios allanamientos en la Villa Zavaleta, en el barrio porte\u00f1o de Barracas, en donde la banda tendr\u00eda su b\u00fanker principal. Incluso, plante\u00f3 que en el lugar habr\u00eda habitado un estimado de 60 personas por la cantidad de viandas de comida que encontraron<\/p>\n\n\n\n<p>Despu\u00e9s de que apuntara que el aguantadero habr\u00eda sido desalojado \u201ca las apuradas\u201d durante la ma\u00f1ana, tambi\u00e9n confirm\u00f3 que hab\u00edan secuestrado dinero. \u201cEncontramos rollos de billetes envueltos como \u2018tubitos\u2019 con billetes de baja denominaci\u00f3n de 100 y 500 pesos\u201d, precis\u00f3.<\/p>\n","protected":false},"excerpt":{"rendered":"<p>El femicidio de&nbsp;Brenda del Castillo (20), Morena Verdi (20) y Lara Guti\u00e9rrez (15), las tres&#8230;<\/p>\n","protected":false},"author":2,"featured_media":1342,"comment_status":"closed","ping_status":"closed","sticky":false,"template":"","format":"standard","meta":{"_jetpack_memberships_contains_paid_content":false,"footnotes":"","jetpack_publicize_message":"","jetpack_publicize_feature_enabled":true,"jetpack_social_post_already_shared":true,"jetpack_social_options":{"image_generator_settings":{"template":"highway","default_image_id":0,"font":"","enabled":false},"version":2}},"categories":[85],"tags":[],"class_list":["post-1341","post","type-post","status-publish","format-standard","has-post-thumbnail","hentry","category-policiales"],"yoast_head":"<!-- This site is optimized with the Yoast SEO plugin v27.4 - https:\/\/yoast.com\/product\/yoast-seo-wordpress\/ -->\n<title>Triple femicidio en Florencio Varela: el asesinato fue transmitido en vivo por redes sociales -<\/title>\n<meta name=\"robots\" content=\"index, follow, max-snippet:-1, max-image-preview:large, max-video-preview:-1\" \/>\n<link rel=\"canonical\" href=\"https:\/\/impactocastex.com.ar\/?p=1341\" \/>\n<meta property=\"og:locale\" content=\"es_ES\" \/>\n<meta property=\"og:type\" content=\"article\" \/>\n<meta property=\"og:title\" content=\"Triple femicidio en Florencio Varela: el asesinato fue transmitido en vivo por redes sociales -\" \/>\n<meta property=\"og:description\" content=\"El femicidio de&nbsp;Brenda del Castillo (20), Morena Verdi (20) y Lara Guti\u00e9rrez (15), las tres...\" \/>\n<meta property=\"og:url\" content=\"https:\/\/impactocastex.com.ar\/?p=1341\" \/>\n<meta property=\"article:publisher\" content=\"https:\/\/www.facebook.com\/impactocastexdiario\" \/>\n<meta property=\"article:published_time\" content=\"2025-09-25T12:48:38+00:00\" \/>\n<meta property=\"article:modified_time\" content=\"2025-09-25T12:48:40+00:00\" \/>\n<meta property=\"og:image\" content=\"https:\/\/impactocastex.com.ar\/wp-content\/uploads\/2025\/09\/brendamorenalara2025-1.webp\" \/>\n\t<meta property=\"og:image:width\" content=\"1081\" \/>\n\t<meta property=\"og:image:height\" content=\"720\" \/>\n\t<meta property=\"og:image:type\" content=\"image\/webp\" \/>\n<meta name=\"author\" content=\"impactocastex\" \/>\n<meta name=\"twitter:card\" content=\"summary_large_image\" \/>\n<meta name=\"twitter:label1\" content=\"Escrito por\" \/>\n\t<meta name=\"twitter:data1\" content=\"impactocastex\" \/>\n\t<meta name=\"twitter:label2\" content=\"Tiempo de lectura\" \/>\n\t<meta name=\"twitter:data2\" content=\"3 minutos\" \/>\n<script type=\"application\/ld+json\" class=\"yoast-schema-graph\">{\"@context\":\"https:\\\/\\\/schema.org\",\"@graph\":[{\"@type\":\"Article\",\"@id\":\"https:\\\/\\\/impactocastex.com.ar\\\/?p=1341#article\",\"isPartOf\":{\"@id\":\"https:\\\/\\\/impactocastex.com.ar\\\/?p=1341\"},\"author\":{\"name\":\"impactocastex\",\"@id\":\"https:\\\/\\\/impactocastex.com.ar\\\/#\\\/schema\\\/person\\\/c115028fb60f9bf49ce7550894b84ea7\"},\"headline\":\"Triple femicidio en Florencio Varela: el asesinato fue transmitido en vivo por redes sociales\",\"datePublished\":\"2025-09-25T12:48:38+00:00\",\"dateModified\":\"2025-09-25T12:48:40+00:00\",\"mainEntityOfPage\":{\"@id\":\"https:\\\/\\\/impactocastex.com.ar\\\/?p=1341\"},\"wordCount\":1301,\"publisher\":{\"@id\":\"https:\\\/\\\/impactocastex.com.ar\\\/#organization\"},\"image\":{\"@id\":\"https:\\\/\\\/impactocastex.com.ar\\\/?p=1341#primaryimage\"},\"thumbnailUrl\":\"https:\\\/\\\/impactocastex.com.ar\\\/wp-content\\\/uploads\\\/2025\\\/09\\\/brendamorenalara2025-1.webp\",\"articleSection\":[\"POLICIALES\"],\"inLanguage\":\"es\"},{\"@type\":\"WebPage\",\"@id\":\"https:\\\/\\\/impactocastex.com.ar\\\/?p=1341\",\"url\":\"https:\\\/\\\/impactocastex.com.ar\\\/?p=1341\",\"name\":\"Triple femicidio en Florencio Varela: el asesinato fue transmitido en vivo por redes sociales -\",\"isPartOf\":{\"@id\":\"https:\\\/\\\/impactocastex.com.ar\\\/#website\"},\"primaryImageOfPage\":{\"@id\":\"https:\\\/\\\/impactocastex.com.ar\\\/?p=1341#primaryimage\"},\"image\":{\"@id\":\"https:\\\/\\\/impactocastex.com.ar\\\/?p=1341#primaryimage\"},\"thumbnailUrl\":\"https:\\\/\\\/impactocastex.com.ar\\\/wp-content\\\/uploads\\\/2025\\\/09\\\/brendamorenalara2025-1.webp\",\"datePublished\":\"2025-09-25T12:48:38+00:00\",\"dateModified\":\"2025-09-25T12:48:40+00:00\",\"breadcrumb\":{\"@id\":\"https:\\\/\\\/impactocastex.com.ar\\\/?p=1341#breadcrumb\"},\"inLanguage\":\"es\",\"potentialAction\":[{\"@type\":\"ReadAction\",\"target\":[\"https:\\\/\\\/impactocastex.com.ar\\\/?p=1341\"]}]},{\"@type\":\"ImageObject\",\"inLanguage\":\"es\",\"@id\":\"https:\\\/\\\/impactocastex.com.ar\\\/?p=1341#primaryimage\",\"url\":\"https:\\\/\\\/impactocastex.com.ar\\\/wp-content\\\/uploads\\\/2025\\\/09\\\/brendamorenalara2025-1.webp\",\"contentUrl\":\"https:\\\/\\\/impactocastex.com.ar\\\/wp-content\\\/uploads\\\/2025\\\/09\\\/brendamorenalara2025-1.webp\",\"width\":1081,\"height\":720},{\"@type\":\"BreadcrumbList\",\"@id\":\"https:\\\/\\\/impactocastex.com.ar\\\/?p=1341#breadcrumb\",\"itemListElement\":[{\"@type\":\"ListItem\",\"position\":1,\"name\":\"Portada\",\"item\":\"https:\\\/\\\/impactocastex.com.ar\\\/\"},{\"@type\":\"ListItem\",\"position\":2,\"name\":\"Triple femicidio en Florencio Varela: el asesinato fue transmitido en vivo por redes sociales\"}]},{\"@type\":\"WebSite\",\"@id\":\"https:\\\/\\\/impactocastex.com.ar\\\/#website\",\"url\":\"https:\\\/\\\/impactocastex.com.ar\\\/\",\"name\":\"Impacto Castex\",\"description\":\"\",\"publisher\":{\"@id\":\"https:\\\/\\\/impactocastex.com.ar\\\/#organization\"},\"potentialAction\":[{\"@type\":\"SearchAction\",\"target\":{\"@type\":\"EntryPoint\",\"urlTemplate\":\"https:\\\/\\\/impactocastex.com.ar\\\/?s={search_term_string}\"},\"query-input\":{\"@type\":\"PropertyValueSpecification\",\"valueRequired\":true,\"valueName\":\"search_term_string\"}}],\"inLanguage\":\"es\"},{\"@type\":\"Organization\",\"@id\":\"https:\\\/\\\/impactocastex.com.ar\\\/#organization\",\"name\":\"Impacto Castex\",\"url\":\"https:\\\/\\\/impactocastex.com.ar\\\/\",\"logo\":{\"@type\":\"ImageObject\",\"inLanguage\":\"es\",\"@id\":\"https:\\\/\\\/impactocastex.com.ar\\\/#\\\/schema\\\/logo\\\/image\\\/\",\"url\":\"https:\\\/\\\/impactocastex.com.ar\\\/wp-content\\\/uploads\\\/2025\\\/09\\\/cropped-icoweb.png\",\"contentUrl\":\"https:\\\/\\\/impactocastex.com.ar\\\/wp-content\\\/uploads\\\/2025\\\/09\\\/cropped-icoweb.png\",\"width\":512,\"height\":512,\"caption\":\"Impacto Castex\"},\"image\":{\"@id\":\"https:\\\/\\\/impactocastex.com.ar\\\/#\\\/schema\\\/logo\\\/image\\\/\"},\"sameAs\":[\"https:\\\/\\\/www.facebook.com\\\/impactocastexdiario\",\"https:\\\/\\\/www.instagram.com\\\/impactocastex.com.ar\\\/\"]},{\"@type\":\"Person\",\"@id\":\"https:\\\/\\\/impactocastex.com.ar\\\/#\\\/schema\\\/person\\\/c115028fb60f9bf49ce7550894b84ea7\",\"name\":\"impactocastex\",\"image\":{\"@type\":\"ImageObject\",\"inLanguage\":\"es\",\"@id\":\"https:\\\/\\\/secure.gravatar.com\\\/avatar\\\/fee87e7af008f02e9becdc0b5a9fd4a2e79b3918a571edeacb62211704637833?s=96&d=mm&r=g\",\"url\":\"https:\\\/\\\/secure.gravatar.com\\\/avatar\\\/fee87e7af008f02e9becdc0b5a9fd4a2e79b3918a571edeacb62211704637833?s=96&d=mm&r=g\",\"contentUrl\":\"https:\\\/\\\/secure.gravatar.com\\\/avatar\\\/fee87e7af008f02e9becdc0b5a9fd4a2e79b3918a571edeacb62211704637833?s=96&d=mm&r=g\",\"caption\":\"impactocastex\"},\"sameAs\":[\"https:\\\/\\\/impactocastex.com.ar\\\/\"],\"url\":\"https:\\\/\\\/impactocastex.com.ar\\\/?author=2\"}]}<\/script>\n<!-- \/ Yoast SEO plugin. -->","yoast_head_json":{"title":"Triple femicidio en Florencio Varela: el asesinato fue transmitido en vivo por redes sociales -","robots":{"index":"index","follow":"follow","max-snippet":"max-snippet:-1","max-image-preview":"max-image-preview:large","max-video-preview":"max-video-preview:-1"},"canonical":"https:\/\/impactocastex.com.ar\/?p=1341","og_locale":"es_ES","og_type":"article","og_title":"Triple femicidio en Florencio Varela: el asesinato fue transmitido en vivo por redes sociales -","og_description":"El femicidio de&nbsp;Brenda del Castillo (20), Morena Verdi (20) y Lara Guti\u00e9rrez (15), las tres...","og_url":"https:\/\/impactocastex.com.ar\/?p=1341","article_publisher":"https:\/\/www.facebook.com\/impactocastexdiario","article_published_time":"2025-09-25T12:48:38+00:00","article_modified_time":"2025-09-25T12:48:40+00:00","og_image":[{"width":1081,"height":720,"url":"https:\/\/impactocastex.com.ar\/wp-content\/uploads\/2025\/09\/brendamorenalara2025-1.webp","type":"image\/webp"}],"author":"impactocastex","twitter_card":"summary_large_image","twitter_misc":{"Escrito por":"impactocastex","Tiempo de lectura":"3 minutos"},"schema":{"@context":"https:\/\/schema.org","@graph":[{"@type":"Article","@id":"https:\/\/impactocastex.com.ar\/?p=1341#article","isPartOf":{"@id":"https:\/\/impactocastex.com.ar\/?p=1341"},"author":{"name":"impactocastex","@id":"https:\/\/impactocastex.com.ar\/#\/schema\/person\/c115028fb60f9bf49ce7550894b84ea7"},"headline":"Triple femicidio en Florencio Varela: el asesinato fue transmitido en vivo por redes sociales","datePublished":"2025-09-25T12:48:38+00:00","dateModified":"2025-09-25T12:48:40+00:00","mainEntityOfPage":{"@id":"https:\/\/impactocastex.com.ar\/?p=1341"},"wordCount":1301,"publisher":{"@id":"https:\/\/impactocastex.com.ar\/#organization"},"image":{"@id":"https:\/\/impactocastex.com.ar\/?p=1341#primaryimage"},"thumbnailUrl":"https:\/\/impactocastex.com.ar\/wp-content\/uploads\/2025\/09\/brendamorenalara2025-1.webp","articleSection":["POLICIALES"],"inLanguage":"es"},{"@type":"WebPage","@id":"https:\/\/impactocastex.com.ar\/?p=1341","url":"https:\/\/impactocastex.com.ar\/?p=1341","name":"Triple femicidio en Florencio Varela: el asesinato fue transmitido en vivo por redes sociales -","isPartOf":{"@id":"https:\/\/impactocastex.com.ar\/#website"},"primaryImageOfPage":{"@id":"https:\/\/impactocastex.com.ar\/?p=1341#primaryimage"},"image":{"@id":"https:\/\/impactocastex.com.ar\/?p=1341#primaryimage"},"thumbnailUrl":"https:\/\/impactocastex.com.ar\/wp-content\/uploads\/2025\/09\/brendamorenalara2025-1.webp","datePublished":"2025-09-25T12:48:38+00:00","dateModified":"2025-09-25T12:48:40+00:00","breadcrumb":{"@id":"https:\/\/impactocastex.com.ar\/?p=1341#breadcrumb"},"inLanguage":"es","potentialAction":[{"@type":"ReadAction","target":["https:\/\/impactocastex.com.ar\/?p=1341"]}]},{"@type":"ImageObject","inLanguage":"es","@id":"https:\/\/impactocastex.com.ar\/?p=1341#primaryimage","url":"https:\/\/impactocastex.com.ar\/wp-content\/uploads\/2025\/09\/brendamorenalara2025-1.webp","contentUrl":"https:\/\/impactocastex.com.ar\/wp-content\/uploads\/2025\/09\/brendamorenalara2025-1.webp","width":1081,"height":720},{"@type":"BreadcrumbList","@id":"https:\/\/impactocastex.com.ar\/?p=1341#breadcrumb","itemListElement":[{"@type":"ListItem","position":1,"name":"Portada","item":"https:\/\/impactocastex.com.ar\/"},{"@type":"ListItem","position":2,"name":"Triple femicidio en Florencio Varela: el asesinato fue transmitido en vivo por redes sociales"}]},{"@type":"WebSite","@id":"https:\/\/impactocastex.com.ar\/#website","url":"https:\/\/impactocastex.com.ar\/","name":"Impacto Castex","description":"","publisher":{"@id":"https:\/\/impactocastex.com.ar\/#organization"},"potentialAction":[{"@type":"SearchAction","target":{"@type":"EntryPoint","urlTemplate":"https:\/\/impactocastex.com.ar\/?s={search_term_string}"},"query-input":{"@type":"PropertyValueSpecification","valueRequired":true,"valueName":"search_term_string"}}],"inLanguage":"es"},{"@type":"Organization","@id":"https:\/\/impactocastex.com.ar\/#organization","name":"Impacto Castex","url":"https:\/\/impactocastex.com.ar\/","logo":{"@type":"ImageObject","inLanguage":"es","@id":"https:\/\/impactocastex.com.ar\/#\/schema\/logo\/image\/","url":"https:\/\/impactocastex.com.ar\/wp-content\/uploads\/2025\/09\/cropped-icoweb.png","contentUrl":"https:\/\/impactocastex.com.ar\/wp-content\/uploads\/2025\/09\/cropped-icoweb.png","width":512,"height":512,"caption":"Impacto Castex"},"image":{"@id":"https:\/\/impactocastex.com.ar\/#\/schema\/logo\/image\/"},"sameAs":["https:\/\/www.facebook.com\/impactocastexdiario","https:\/\/www.instagram.com\/impactocastex.com.ar\/"]},{"@type":"Person","@id":"https:\/\/impactocastex.com.ar\/#\/schema\/person\/c115028fb60f9bf49ce7550894b84ea7","name":"impactocastex","image":{"@type":"ImageObject","inLanguage":"es","@id":"https:\/\/secure.gravatar.com\/avatar\/fee87e7af008f02e9becdc0b5a9fd4a2e79b3918a571edeacb62211704637833?s=96&d=mm&r=g","url":"https:\/\/secure.gravatar.com\/avatar\/fee87e7af008f02e9becdc0b5a9fd4a2e79b3918a571edeacb62211704637833?s=96&d=mm&r=g","contentUrl":"https:\/\/secure.gravatar.com\/avatar\/fee87e7af008f02e9becdc0b5a9fd4a2e79b3918a571edeacb62211704637833?s=96&d=mm&r=g","caption":"impactocastex"},"sameAs":["https:\/\/impactocastex.com.ar\/"],"url":"https:\/\/impactocastex.com.ar\/?author=2"}]}},"jetpack_publicize_connections":[],"featured_image_urls":{"full":["https:\/\/impactocastex.com.ar\/wp-content\/uploads\/2025\/09\/brendamorenalara2025-1.webp",1081,720,false],"thumbnail":["https:\/\/impactocastex.com.ar\/wp-content\/uploads\/2025\/09\/brendamorenalara2025-1-150x150.webp",150,150,true],"medium":["https:\/\/impactocastex.com.ar\/wp-content\/uploads\/2025\/09\/brendamorenalara2025-1-300x200.webp",300,200,true],"medium_large":["https:\/\/impactocastex.com.ar\/wp-content\/uploads\/2025\/09\/brendamorenalara2025-1-768x512.webp",640,427,true],"large":["https:\/\/impactocastex.com.ar\/wp-content\/uploads\/2025\/09\/brendamorenalara2025-1-1024x682.webp",640,426,true],"1536x1536":["https:\/\/impactocastex.com.ar\/wp-content\/uploads\/2025\/09\/brendamorenalara2025-1.webp",1081,720,false],"2048x2048":["https:\/\/impactocastex.com.ar\/wp-content\/uploads\/2025\/09\/brendamorenalara2025-1.webp",1081,720,false],"newsever-slider-full":["https:\/\/impactocastex.com.ar\/wp-content\/uploads\/2025\/09\/brendamorenalara2025-1.webp",1081,720,false],"newsever-featured":["https:\/\/impactocastex.com.ar\/wp-content\/uploads\/2025\/09\/brendamorenalara2025-1-1024x682.webp",1024,682,true],"newsever-medium":["https:\/\/impactocastex.com.ar\/wp-content\/uploads\/2025\/09\/brendamorenalara2025-1-720x475.webp",720,475,true]},"author_info":{"info":["impactocastex"]},"category_info":"<a href=\"https:\/\/impactocastex.com.ar\/?cat=85\" rel=\"category\">POLICIALES<\/a>","tag_info":"POLICIALES","comment_count":0,"jetpack_featured_media_url":"https:\/\/impactocastex.com.ar\/wp-content\/uploads\/2025\/09\/brendamorenalara2025-1.webp","jetpack_sharing_enabled":true,"jetpack_likes_enabled":true,"jetpack_shortlink":"https:\/\/wp.me\/p7sopA-lD","_links":{"self":[{"href":"https:\/\/impactocastex.com.ar\/index.php?rest_route=\/wp\/v2\/posts\/1341","targetHints":{"allow":["GET"]}}],"collection":[{"href":"https:\/\/impactocastex.com.ar\/index.php?rest_route=\/wp\/v2\/posts"}],"about":[{"href":"https:\/\/impactocastex.com.ar\/index.php?rest_route=\/wp\/v2\/types\/post"}],"author":[{"embeddable":true,"href":"https:\/\/impactocastex.com.ar\/index.php?rest_route=\/wp\/v2\/users\/2"}],"replies":[{"embeddable":true,"href":"https:\/\/impactocastex.com.ar\/index.php?rest_route=%2Fwp%2Fv2%2Fcomments&post=1341"}],"version-history":[{"count":1,"href":"https:\/\/impactocastex.com.ar\/index.php?rest_route=\/wp\/v2\/posts\/1341\/revisions"}],"predecessor-version":[{"id":1343,"href":"https:\/\/impactocastex.com.ar\/index.php?rest_route=\/wp\/v2\/posts\/1341\/revisions\/1343"}],"wp:featuredmedia":[{"embeddable":true,"href":"https:\/\/impactocastex.com.ar\/index.php?rest_route=\/wp\/v2\/media\/1342"}],"wp:attachment":[{"href":"https:\/\/impactocastex.com.ar\/index.php?rest_route=%2Fwp%2Fv2%2Fmedia&parent=1341"}],"wp:term":[{"taxonomy":"category","embeddable":true,"href":"https:\/\/impactocastex.com.ar\/index.php?rest_route=%2Fwp%2Fv2%2Fcategories&post=1341"},{"taxonomy":"post_tag","embeddable":true,"href":"https:\/\/impactocastex.com.ar\/index.php?rest_route=%2Fwp%2Fv2%2Ftags&post=1341"}],"curies":[{"name":"wp","href":"https:\/\/api.w.org\/{rel}","templated":true}]}}