{"id":13344,"date":"2026-03-18T03:43:57","date_gmt":"2026-03-18T06:43:57","guid":{"rendered":"https:\/\/impactocastex.com.ar\/?p=13344"},"modified":"2026-03-18T03:43:57","modified_gmt":"2026-03-18T06:43:57","slug":"cierran-una-barrera-clave-en-la-ciudad-desde-este-miercoles-para-construir-un-paso-bajo-nivel-cuanto-durara-la-obra","status":"publish","type":"post","link":"https:\/\/impactocastex.com.ar\/?p=13344","title":{"rendered":"Cierran una barrera clave en la ciudad desde este mi\u00e9rcoles para construir un paso bajo nivel: cu\u00e1nto durar\u00e1 la obra"},"content":{"rendered":"<p><b>En la noche de este mi\u00e9rcoles 18 de marzo, a partir de las 23, se cerrar\u00e1 el cruce de la avenida \u00c1lvarez Thomas sobre las v\u00edas del ferrocarril Mitre, ramal J. L. Su\u00e1rez, en el barrio de Villa Urquiza.<\/b> La medida responde al avance de la obra del nuevo paso bajo nivel que se construye sobre esta avenida clave, entre Monroe y Pedro Rivera. El t\u00fanel beneficiar\u00e1 a m\u00e1s de <b>29.000 personas, <\/b>mejorar\u00e1 la circulaci\u00f3n de unos <b>18.000 veh\u00edculos diarios<\/b> y estar\u00e1 habilitado al tr\u00e1nsito hacia mediados de 2027.<\/p>\n<p>Como alternativa, desde la ma\u00f1ana del jueves 19 se habilitar\u00e1 un paso a nivel provisorio sobre la calle <b>Miller<\/b>, ubicado a unos 200 metros del cruce actual<b>. <\/b>Tendr\u00e1 dos carriles de circulaci\u00f3n, ser\u00e1 mano \u00fanica en sentido hacia la avenida General Paz y permanecer\u00e1 operativo mientras se desarrollen los trabajos en \u00c1lvarez Thomas, con el objetivo de garantizar la conectividad entre ambos lados de la v\u00eda.<\/p>\n<p><img loading=\"lazy\" decoding=\"async\" src=\"https:\/\/resizer.glanacion.com\/resizer\/v2\/3HWJS4NXN5FGRMXZYOMNBOVNSM.jpeg?auth=55c3fac1ada47a304f13da219a74daac214a2d505a9b6ce5b8d18e622b3d4e31&amp;smart=true&amp;width=844&amp;height=603\" alt=\"El desv\u00edo alternativo se har\u00e1 en la calle Miller\" height=\"603\" width=\"844\" \/><\/p>\n<p>La obra forma parte del plan que impulsa el Ministerio de Movilidad e Infraestructura porte\u00f1o para mejorar la seguridad vial y ordenar el tr\u00e1nsito en distintos puntos de la ciudad. En ese marco, Autopistas Urbanas (AUSA) lleva adelante la construcci\u00f3n de este nuevo paso bajo nivel.<\/p>\n<p>Con el cierre del cruce, el tr\u00e1nsito que hoy circula por \u00c1lvarez Thomas \u2013tanto liviano como pesado\u2013 deber\u00e1 desviarse por las avenidas Olaz\u00e1bal y las calles Miller, Pedro Rivera y Galv\u00e1n. En tanto, los veh\u00edculos livianos tambi\u00e9n podr\u00e1n optar por utilizar la avenida Monroe y cruzar las v\u00edas a trav\u00e9s del paso bajo nivel Pacheco, inaugurado en 2013 y con una altura libre de 2,80 metros.<\/p>\n<p>Adem\u00e1s, para facilitar la circulaci\u00f3n, la calle Pedro Rivera pasar\u00e1 a tener sentido \u00fanico hacia Galv\u00e1n en el tramo comprendido entre Miller y esa arteria. Tambi\u00e9n se prohibir\u00e1 el estacionamiento en distintos sectores: Pedro Rivera, entre Miller y Galv\u00e1n; Cullen, entre Pacheco y \u00c1lvarez Thomas; y \u00c1lvarez Thomas, entre Pedro Rivera y Cullen, en la mano derecha en sentido hacia el sur.<\/p>\n<h1>C\u00f3mo ser\u00e1 el t\u00fanel de \u00c1lvarez Thomas<\/h1>\n<p>El viaducto de la avenida \u00c1lvarez Thomas, entre Monroe y Pedro Rivera, tendr\u00e1 una extensi\u00f3n total de 255 metros. La traza permitir\u00e1 cruzar por debajo de las v\u00edas del ferrocarril Mitre, ramal J. L. Su\u00e1rez, con dos carriles de circulaci\u00f3n en sentido \u00fanico hacia el norte, en direcci\u00f3n a la avenida General Paz. Por otra parte, la intervenci\u00f3n abarcar\u00e1 una superficie aproximada de <b>10.600 metros cuadrados<\/b> y se estima que beneficiar\u00e1 a m\u00e1s de <b>29.000 personas<\/b>, adem\u00e1s de mejorar la circulaci\u00f3n de unos <b>18.000 veh\u00edculos diarios. Seg\u00fan AUSA, el nuevo paso bajo nivel estar\u00e1 habilitado al tr\u00e1nsito para mediados de 2027.<\/b><\/p>\n<p>El objetivo principal es eliminar el cruce a nivel existente para agilizar el tr\u00e1nsito, al suprimir las demoras generadas por las barreras bajas. Esto no solo optimiza la fluidez vehicular, sino que tambi\u00e9n reduce el impacto ambiental. Asimismo, la obra permitir\u00e1 eliminar el riesgo de accidentes con el tren, mejorando la seguridad vial tanto para conductores como para peatones, y contribuir\u00e1 a aumentar la frecuencia del servicio ferroviario.<\/p>\n<p>En la salida del t\u00fanel, una vez superada la calle Cullen, la calzada se ampliar\u00e1 hasta alcanzar cuatro carriles. <b>De ese total, dos se desviar\u00e1n hacia la derecha por Galv\u00e1n, mientras que los otros dos continuar\u00e1n por la avenida \u00c1lvarez Thomas, lo que permitir\u00e1 ordenar y canalizar mejor el flujo vehicular.<\/b><\/p>\n<p><img loading=\"lazy\" decoding=\"async\" src=\"https:\/\/resizer.glanacion.com\/resizer\/v2\/LDRPK24UDNBJ3IKCLC4WSES6HE.jpeg?auth=1b61ce8e92e768fdc726a8f6bf39e0a51f5f38fe8813a57c306f62594b1367b4&amp;smart=true&amp;width=1600&amp;height=900\" alt=\"La salida ser\u00e1 con acarriles hacia Galv\u00e1n y hacia \u00c1lvarez Thomas \" height=\"900\" width=\"1600\" \/><\/p>\n<p>Adem\u00e1s, para facilitar la circulaci\u00f3n peatonal, se construir\u00e1n pasarelas bajo nivel a ambos lados de la calzada, equipadas con escaleras y rampas para garantizar el acceso de personas con movilidad reducida. Adem\u00e1s, en los laterales del t\u00fanel se desarrollar\u00e1n calles de convivencia destinadas al acceso de frentistas a viviendas y comercios.<b> La obra se completar\u00e1 con una puesta en valor integral del entorno, que incluir\u00e1 nuevas veredas, mobiliario urbano renovado y trabajos de forestaci\u00f3n.<\/b><\/p>\n<p>A la vez, en materia de seguridad, se instalar\u00e1n c\u00e1maras de monitoreo y se reforzar\u00e1 la iluminaci\u00f3n con tecnolog\u00eda LED, lo que permitir\u00e1 mejorar la visibilidad y reducir el consumo energ\u00e9tico. Por otro lado, el sistema hidr\u00e1ulico ser\u00e1 completamente readecuado e incorporar\u00e1 una estaci\u00f3n de bombeo con grupo electr\u00f3geno, que garantizar\u00e1 su funcionamiento incluso ante eventuales cortes de energ\u00eda el\u00e9ctrica.<\/p>\n<p>\u200bEl proyecto incluye un t\u00fanel de 255 metros y cambios en la circulaci\u00f3n para ordenar el flujo vehicular y peatonal, junto con la seguridad\u00a0\u00a0<\/p>","protected":false},"excerpt":{"rendered":"<p>En la noche de este mi\u00e9rcoles 18 de marzo, a partir de las 23, se&#8230;<\/p>\n","protected":false},"author":1,"featured_media":13345,"comment_status":"closed","ping_status":"closed","sticky":false,"template":"","format":"standard","meta":{"_jetpack_memberships_contains_paid_content":false,"footnotes":"","jetpack_publicize_message":"","jetpack_publicize_feature_enabled":true,"jetpack_social_post_already_shared":false,"jetpack_social_options":{"image_generator_settings":{"template":"highway","default_image_id":0,"font":"","enabled":false},"version":2}},"categories":[89],"tags":[],"class_list":["post-13344","post","type-post","status-publish","format-standard","has-post-thumbnail","hentry","category-nacionales"],"yoast_head":"<!-- This site is optimized with the Yoast SEO plugin v27.4 - https:\/\/yoast.com\/product\/yoast-seo-wordpress\/ -->\n<title>Cierran una barrera clave en la ciudad desde este mi\u00e9rcoles para construir un paso bajo nivel: cu\u00e1nto durar\u00e1 la obra -<\/title>\n<meta name=\"robots\" content=\"index, follow, max-snippet:-1, max-image-preview:large, max-video-preview:-1\" \/>\n<link rel=\"canonical\" href=\"https:\/\/impactocastex.com.ar\/?p=13344\" \/>\n<meta property=\"og:locale\" content=\"es_ES\" \/>\n<meta property=\"og:type\" content=\"article\" \/>\n<meta property=\"og:title\" content=\"Cierran una barrera clave en la ciudad desde este mi\u00e9rcoles para construir un paso bajo nivel: cu\u00e1nto durar\u00e1 la obra -\" \/>\n<meta property=\"og:description\" content=\"En la noche de este mi\u00e9rcoles 18 de marzo, a partir de las 23, se...\" \/>\n<meta property=\"og:url\" content=\"https:\/\/impactocastex.com.ar\/?p=13344\" \/>\n<meta property=\"article:publisher\" content=\"https:\/\/www.facebook.com\/impactocastexdiario\" \/>\n<meta property=\"article:published_time\" content=\"2026-03-18T06:43:57+00:00\" \/>\n<meta property=\"og:image\" content=\"https:\/\/resizer.glanacion.com\/resizer\/v2\/3HWJS4NXN5FGRMXZYOMNBOVNSM.jpeg?auth=55c3fac1ada47a304f13da219a74daac214a2d505a9b6ce5b8d18e622b3d4e31&amp;smart=true&amp;width=844&amp;height=603\" \/>\n<meta name=\"author\" content=\"impactocastex\" \/>\n<meta name=\"twitter:card\" content=\"summary_large_image\" \/>\n<meta name=\"twitter:label1\" content=\"Escrito por\" \/>\n\t<meta name=\"twitter:data1\" content=\"impactocastex\" \/>\n\t<meta name=\"twitter:label2\" content=\"Tiempo de lectura\" \/>\n\t<meta name=\"twitter:data2\" content=\"4 minutos\" \/>\n<script type=\"application\/ld+json\" class=\"yoast-schema-graph\">{\"@context\":\"https:\\\/\\\/schema.org\",\"@graph\":[{\"@type\":\"Article\",\"@id\":\"https:\\\/\\\/impactocastex.com.ar\\\/?p=13344#article\",\"isPartOf\":{\"@id\":\"https:\\\/\\\/impactocastex.com.ar\\\/?p=13344\"},\"author\":{\"name\":\"impactocastex\",\"@id\":\"https:\\\/\\\/impactocastex.com.ar\\\/#\\\/schema\\\/person\\\/86cb4f827fb5f87869a239b98a69c6e3\"},\"headline\":\"Cierran una barrera clave en la ciudad desde este mi\u00e9rcoles para construir un paso bajo nivel: cu\u00e1nto durar\u00e1 la obra\",\"datePublished\":\"2026-03-18T06:43:57+00:00\",\"mainEntityOfPage\":{\"@id\":\"https:\\\/\\\/impactocastex.com.ar\\\/?p=13344\"},\"wordCount\":787,\"publisher\":{\"@id\":\"https:\\\/\\\/impactocastex.com.ar\\\/#organization\"},\"image\":{\"@id\":\"https:\\\/\\\/impactocastex.com.ar\\\/?p=13344#primaryimage\"},\"thumbnailUrl\":\"https:\\\/\\\/impactocastex.com.ar\\\/wp-content\\\/uploads\\\/2026\\\/03\\\/ZYDBS4TX3BBYNIOTVX3EQMZQDM-eDA6wv.jpg\",\"articleSection\":[\"NACIONALES\"],\"inLanguage\":\"es\"},{\"@type\":\"WebPage\",\"@id\":\"https:\\\/\\\/impactocastex.com.ar\\\/?p=13344\",\"url\":\"https:\\\/\\\/impactocastex.com.ar\\\/?p=13344\",\"name\":\"Cierran una barrera clave en la ciudad desde este mi\u00e9rcoles para construir un paso bajo nivel: cu\u00e1nto durar\u00e1 la obra -\",\"isPartOf\":{\"@id\":\"https:\\\/\\\/impactocastex.com.ar\\\/#website\"},\"primaryImageOfPage\":{\"@id\":\"https:\\\/\\\/impactocastex.com.ar\\\/?p=13344#primaryimage\"},\"image\":{\"@id\":\"https:\\\/\\\/impactocastex.com.ar\\\/?p=13344#primaryimage\"},\"thumbnailUrl\":\"https:\\\/\\\/impactocastex.com.ar\\\/wp-content\\\/uploads\\\/2026\\\/03\\\/ZYDBS4TX3BBYNIOTVX3EQMZQDM-eDA6wv.jpg\",\"datePublished\":\"2026-03-18T06:43:57+00:00\",\"breadcrumb\":{\"@id\":\"https:\\\/\\\/impactocastex.com.ar\\\/?p=13344#breadcrumb\"},\"inLanguage\":\"es\",\"potentialAction\":[{\"@type\":\"ReadAction\",\"target\":[\"https:\\\/\\\/impactocastex.com.ar\\\/?p=13344\"]}]},{\"@type\":\"ImageObject\",\"inLanguage\":\"es\",\"@id\":\"https:\\\/\\\/impactocastex.com.ar\\\/?p=13344#primaryimage\",\"url\":\"https:\\\/\\\/impactocastex.com.ar\\\/wp-content\\\/uploads\\\/2026\\\/03\\\/ZYDBS4TX3BBYNIOTVX3EQMZQDM-eDA6wv.jpg\",\"contentUrl\":\"https:\\\/\\\/impactocastex.com.ar\\\/wp-content\\\/uploads\\\/2026\\\/03\\\/ZYDBS4TX3BBYNIOTVX3EQMZQDM-eDA6wv.jpg\",\"width\":1600,\"height\":1200},{\"@type\":\"BreadcrumbList\",\"@id\":\"https:\\\/\\\/impactocastex.com.ar\\\/?p=13344#breadcrumb\",\"itemListElement\":[{\"@type\":\"ListItem\",\"position\":1,\"name\":\"Portada\",\"item\":\"https:\\\/\\\/impactocastex.com.ar\\\/\"},{\"@type\":\"ListItem\",\"position\":2,\"name\":\"Cierran una barrera clave en la ciudad desde este mi\u00e9rcoles para construir un paso bajo nivel: cu\u00e1nto durar\u00e1 la obra\"}]},{\"@type\":\"WebSite\",\"@id\":\"https:\\\/\\\/impactocastex.com.ar\\\/#website\",\"url\":\"https:\\\/\\\/impactocastex.com.ar\\\/\",\"name\":\"Impacto Castex\",\"description\":\"\",\"publisher\":{\"@id\":\"https:\\\/\\\/impactocastex.com.ar\\\/#organization\"},\"potentialAction\":[{\"@type\":\"SearchAction\",\"target\":{\"@type\":\"EntryPoint\",\"urlTemplate\":\"https:\\\/\\\/impactocastex.com.ar\\\/?s={search_term_string}\"},\"query-input\":{\"@type\":\"PropertyValueSpecification\",\"valueRequired\":true,\"valueName\":\"search_term_string\"}}],\"inLanguage\":\"es\"},{\"@type\":\"Organization\",\"@id\":\"https:\\\/\\\/impactocastex.com.ar\\\/#organization\",\"name\":\"Impacto Castex\",\"url\":\"https:\\\/\\\/impactocastex.com.ar\\\/\",\"logo\":{\"@type\":\"ImageObject\",\"inLanguage\":\"es\",\"@id\":\"https:\\\/\\\/impactocastex.com.ar\\\/#\\\/schema\\\/logo\\\/image\\\/\",\"url\":\"https:\\\/\\\/impactocastex.com.ar\\\/wp-content\\\/uploads\\\/2025\\\/09\\\/cropped-icoweb.png\",\"contentUrl\":\"https:\\\/\\\/impactocastex.com.ar\\\/wp-content\\\/uploads\\\/2025\\\/09\\\/cropped-icoweb.png\",\"width\":512,\"height\":512,\"caption\":\"Impacto Castex\"},\"image\":{\"@id\":\"https:\\\/\\\/impactocastex.com.ar\\\/#\\\/schema\\\/logo\\\/image\\\/\"},\"sameAs\":[\"https:\\\/\\\/www.facebook.com\\\/impactocastexdiario\",\"https:\\\/\\\/www.instagram.com\\\/impactocastex.com.ar\\\/\"]},{\"@type\":\"Person\",\"@id\":\"https:\\\/\\\/impactocastex.com.ar\\\/#\\\/schema\\\/person\\\/86cb4f827fb5f87869a239b98a69c6e3\",\"name\":\"impactocastex\",\"image\":{\"@type\":\"ImageObject\",\"inLanguage\":\"es\",\"@id\":\"https:\\\/\\\/secure.gravatar.com\\\/avatar\\\/9a87ee051ca8c77f5d4070843ce2c78cdf95b858b950fb039151de955122f5f5?s=96&d=mm&r=g\",\"url\":\"https:\\\/\\\/secure.gravatar.com\\\/avatar\\\/9a87ee051ca8c77f5d4070843ce2c78cdf95b858b950fb039151de955122f5f5?s=96&d=mm&r=g\",\"contentUrl\":\"https:\\\/\\\/secure.gravatar.com\\\/avatar\\\/9a87ee051ca8c77f5d4070843ce2c78cdf95b858b950fb039151de955122f5f5?s=96&d=mm&r=g\",\"caption\":\"impactocastex\"},\"sameAs\":[\"https:\\\/\\\/impactocastex.com.ar\"],\"url\":\"https:\\\/\\\/impactocastex.com.ar\\\/?author=1\"}]}<\/script>\n<!-- \/ Yoast SEO plugin. -->","yoast_head_json":{"title":"Cierran una barrera clave en la ciudad desde este mi\u00e9rcoles para construir un paso bajo nivel: cu\u00e1nto durar\u00e1 la obra -","robots":{"index":"index","follow":"follow","max-snippet":"max-snippet:-1","max-image-preview":"max-image-preview:large","max-video-preview":"max-video-preview:-1"},"canonical":"https:\/\/impactocastex.com.ar\/?p=13344","og_locale":"es_ES","og_type":"article","og_title":"Cierran una barrera clave en la ciudad desde este mi\u00e9rcoles para construir un paso bajo nivel: cu\u00e1nto durar\u00e1 la obra -","og_description":"En la noche de este mi\u00e9rcoles 18 de marzo, a partir de las 23, se...","og_url":"https:\/\/impactocastex.com.ar\/?p=13344","article_publisher":"https:\/\/www.facebook.com\/impactocastexdiario","article_published_time":"2026-03-18T06:43:57+00:00","og_image":[{"url":"https:\/\/resizer.glanacion.com\/resizer\/v2\/3HWJS4NXN5FGRMXZYOMNBOVNSM.jpeg?auth=55c3fac1ada47a304f13da219a74daac214a2d505a9b6ce5b8d18e622b3d4e31&amp;smart=true&amp;width=844&amp;height=603","type":"","width":"","height":""}],"author":"impactocastex","twitter_card":"summary_large_image","twitter_misc":{"Escrito por":"impactocastex","Tiempo de lectura":"4 minutos"},"schema":{"@context":"https:\/\/schema.org","@graph":[{"@type":"Article","@id":"https:\/\/impactocastex.com.ar\/?p=13344#article","isPartOf":{"@id":"https:\/\/impactocastex.com.ar\/?p=13344"},"author":{"name":"impactocastex","@id":"https:\/\/impactocastex.com.ar\/#\/schema\/person\/86cb4f827fb5f87869a239b98a69c6e3"},"headline":"Cierran una barrera clave en la ciudad desde este mi\u00e9rcoles para construir un paso bajo nivel: cu\u00e1nto durar\u00e1 la obra","datePublished":"2026-03-18T06:43:57+00:00","mainEntityOfPage":{"@id":"https:\/\/impactocastex.com.ar\/?p=13344"},"wordCount":787,"publisher":{"@id":"https:\/\/impactocastex.com.ar\/#organization"},"image":{"@id":"https:\/\/impactocastex.com.ar\/?p=13344#primaryimage"},"thumbnailUrl":"https:\/\/impactocastex.com.ar\/wp-content\/uploads\/2026\/03\/ZYDBS4TX3BBYNIOTVX3EQMZQDM-eDA6wv.jpg","articleSection":["NACIONALES"],"inLanguage":"es"},{"@type":"WebPage","@id":"https:\/\/impactocastex.com.ar\/?p=13344","url":"https:\/\/impactocastex.com.ar\/?p=13344","name":"Cierran una barrera clave en la ciudad desde este mi\u00e9rcoles para construir un paso bajo nivel: cu\u00e1nto durar\u00e1 la obra -","isPartOf":{"@id":"https:\/\/impactocastex.com.ar\/#website"},"primaryImageOfPage":{"@id":"https:\/\/impactocastex.com.ar\/?p=13344#primaryimage"},"image":{"@id":"https:\/\/impactocastex.com.ar\/?p=13344#primaryimage"},"thumbnailUrl":"https:\/\/impactocastex.com.ar\/wp-content\/uploads\/2026\/03\/ZYDBS4TX3BBYNIOTVX3EQMZQDM-eDA6wv.jpg","datePublished":"2026-03-18T06:43:57+00:00","breadcrumb":{"@id":"https:\/\/impactocastex.com.ar\/?p=13344#breadcrumb"},"inLanguage":"es","potentialAction":[{"@type":"ReadAction","target":["https:\/\/impactocastex.com.ar\/?p=13344"]}]},{"@type":"ImageObject","inLanguage":"es","@id":"https:\/\/impactocastex.com.ar\/?p=13344#primaryimage","url":"https:\/\/impactocastex.com.ar\/wp-content\/uploads\/2026\/03\/ZYDBS4TX3BBYNIOTVX3EQMZQDM-eDA6wv.jpg","contentUrl":"https:\/\/impactocastex.com.ar\/wp-content\/uploads\/2026\/03\/ZYDBS4TX3BBYNIOTVX3EQMZQDM-eDA6wv.jpg","width":1600,"height":1200},{"@type":"BreadcrumbList","@id":"https:\/\/impactocastex.com.ar\/?p=13344#breadcrumb","itemListElement":[{"@type":"ListItem","position":1,"name":"Portada","item":"https:\/\/impactocastex.com.ar\/"},{"@type":"ListItem","position":2,"name":"Cierran una barrera clave en la ciudad desde este mi\u00e9rcoles para construir un paso bajo nivel: cu\u00e1nto durar\u00e1 la obra"}]},{"@type":"WebSite","@id":"https:\/\/impactocastex.com.ar\/#website","url":"https:\/\/impactocastex.com.ar\/","name":"Impacto Castex","description":"","publisher":{"@id":"https:\/\/impactocastex.com.ar\/#organization"},"potentialAction":[{"@type":"SearchAction","target":{"@type":"EntryPoint","urlTemplate":"https:\/\/impactocastex.com.ar\/?s={search_term_string}"},"query-input":{"@type":"PropertyValueSpecification","valueRequired":true,"valueName":"search_term_string"}}],"inLanguage":"es"},{"@type":"Organization","@id":"https:\/\/impactocastex.com.ar\/#organization","name":"Impacto Castex","url":"https:\/\/impactocastex.com.ar\/","logo":{"@type":"ImageObject","inLanguage":"es","@id":"https:\/\/impactocastex.com.ar\/#\/schema\/logo\/image\/","url":"https:\/\/impactocastex.com.ar\/wp-content\/uploads\/2025\/09\/cropped-icoweb.png","contentUrl":"https:\/\/impactocastex.com.ar\/wp-content\/uploads\/2025\/09\/cropped-icoweb.png","width":512,"height":512,"caption":"Impacto Castex"},"image":{"@id":"https:\/\/impactocastex.com.ar\/#\/schema\/logo\/image\/"},"sameAs":["https:\/\/www.facebook.com\/impactocastexdiario","https:\/\/www.instagram.com\/impactocastex.com.ar\/"]},{"@type":"Person","@id":"https:\/\/impactocastex.com.ar\/#\/schema\/person\/86cb4f827fb5f87869a239b98a69c6e3","name":"impactocastex","image":{"@type":"ImageObject","inLanguage":"es","@id":"https:\/\/secure.gravatar.com\/avatar\/9a87ee051ca8c77f5d4070843ce2c78cdf95b858b950fb039151de955122f5f5?s=96&d=mm&r=g","url":"https:\/\/secure.gravatar.com\/avatar\/9a87ee051ca8c77f5d4070843ce2c78cdf95b858b950fb039151de955122f5f5?s=96&d=mm&r=g","contentUrl":"https:\/\/secure.gravatar.com\/avatar\/9a87ee051ca8c77f5d4070843ce2c78cdf95b858b950fb039151de955122f5f5?s=96&d=mm&r=g","caption":"impactocastex"},"sameAs":["https:\/\/impactocastex.com.ar"],"url":"https:\/\/impactocastex.com.ar\/?author=1"}]}},"jetpack_publicize_connections":[],"featured_image_urls":{"full":["https:\/\/impactocastex.com.ar\/wp-content\/uploads\/2026\/03\/ZYDBS4TX3BBYNIOTVX3EQMZQDM-eDA6wv.jpg",1600,1200,false],"thumbnail":["https:\/\/impactocastex.com.ar\/wp-content\/uploads\/2026\/03\/ZYDBS4TX3BBYNIOTVX3EQMZQDM-eDA6wv-150x150.jpg",150,150,true],"medium":["https:\/\/impactocastex.com.ar\/wp-content\/uploads\/2026\/03\/ZYDBS4TX3BBYNIOTVX3EQMZQDM-eDA6wv-300x225.jpg",300,225,true],"medium_large":["https:\/\/impactocastex.com.ar\/wp-content\/uploads\/2026\/03\/ZYDBS4TX3BBYNIOTVX3EQMZQDM-eDA6wv-768x576.jpg",640,480,true],"large":["https:\/\/impactocastex.com.ar\/wp-content\/uploads\/2026\/03\/ZYDBS4TX3BBYNIOTVX3EQMZQDM-eDA6wv-1024x768.jpg",640,480,true],"1536x1536":["https:\/\/impactocastex.com.ar\/wp-content\/uploads\/2026\/03\/ZYDBS4TX3BBYNIOTVX3EQMZQDM-eDA6wv-1536x1152.jpg",1536,1152,true],"2048x2048":["https:\/\/impactocastex.com.ar\/wp-content\/uploads\/2026\/03\/ZYDBS4TX3BBYNIOTVX3EQMZQDM-eDA6wv.jpg",1600,1200,false],"newsever-slider-full":["https:\/\/impactocastex.com.ar\/wp-content\/uploads\/2026\/03\/ZYDBS4TX3BBYNIOTVX3EQMZQDM-eDA6wv-1280x845.jpg",1280,845,true],"newsever-featured":["https:\/\/impactocastex.com.ar\/wp-content\/uploads\/2026\/03\/ZYDBS4TX3BBYNIOTVX3EQMZQDM-eDA6wv-1024x768.jpg",1024,768,true],"newsever-medium":["https:\/\/impactocastex.com.ar\/wp-content\/uploads\/2026\/03\/ZYDBS4TX3BBYNIOTVX3EQMZQDM-eDA6wv-720x475.jpg",720,475,true]},"author_info":{"info":["impactocastex"]},"category_info":"<a href=\"https:\/\/impactocastex.com.ar\/?cat=89\" rel=\"category\">NACIONALES<\/a>","tag_info":"NACIONALES","comment_count":0,"jetpack_featured_media_url":"https:\/\/impactocastex.com.ar\/wp-content\/uploads\/2026\/03\/ZYDBS4TX3BBYNIOTVX3EQMZQDM-eDA6wv.jpg","jetpack_sharing_enabled":true,"jetpack_likes_enabled":true,"jetpack_shortlink":"https:\/\/wp.me\/p7sopA-3te","_links":{"self":[{"href":"https:\/\/impactocastex.com.ar\/index.php?rest_route=\/wp\/v2\/posts\/13344","targetHints":{"allow":["GET"]}}],"collection":[{"href":"https:\/\/impactocastex.com.ar\/index.php?rest_route=\/wp\/v2\/posts"}],"about":[{"href":"https:\/\/impactocastex.com.ar\/index.php?rest_route=\/wp\/v2\/types\/post"}],"author":[{"embeddable":true,"href":"https:\/\/impactocastex.com.ar\/index.php?rest_route=\/wp\/v2\/users\/1"}],"replies":[{"embeddable":true,"href":"https:\/\/impactocastex.com.ar\/index.php?rest_route=%2Fwp%2Fv2%2Fcomments&post=13344"}],"version-history":[{"count":0,"href":"https:\/\/impactocastex.com.ar\/index.php?rest_route=\/wp\/v2\/posts\/13344\/revisions"}],"wp:featuredmedia":[{"embeddable":true,"href":"https:\/\/impactocastex.com.ar\/index.php?rest_route=\/wp\/v2\/media\/13345"}],"wp:attachment":[{"href":"https:\/\/impactocastex.com.ar\/index.php?rest_route=%2Fwp%2Fv2%2Fmedia&parent=13344"}],"wp:term":[{"taxonomy":"category","embeddable":true,"href":"https:\/\/impactocastex.com.ar\/index.php?rest_route=%2Fwp%2Fv2%2Fcategories&post=13344"},{"taxonomy":"post_tag","embeddable":true,"href":"https:\/\/impactocastex.com.ar\/index.php?rest_route=%2Fwp%2Fv2%2Ftags&post=13344"}],"curies":[{"name":"wp","href":"https:\/\/api.w.org\/{rel}","templated":true}]}}