{"id":13336,"date":"2026-03-17T15:44:36","date_gmt":"2026-03-17T18:44:36","guid":{"rendered":"https:\/\/impactocastex.com.ar\/?p=13336"},"modified":"2026-03-17T15:44:36","modified_gmt":"2026-03-17T18:44:36","slug":"cuando-es-el-ultimo-dia-de-pago-del-programa-volver-al-trabajo","status":"publish","type":"post","link":"https:\/\/impactocastex.com.ar\/?p=13336","title":{"rendered":"Cu\u00e1ndo es el \u00faltimo d\u00eda de pago del Programa Volver al Trabajo"},"content":{"rendered":"<p>El gobierno nacional, a trav\u00e9s del <b>Ministerio de Capital Humano<\/b> <a href=\"https:\/\/www.lanacion.com.ar\/economia\/de-cuanto-es-el-monto-del-expotenciar-trabajo-en-marzo-de-2026-nid20022026\/\" target=\"_self\" rel=\"\" title=\"https:\/\/www.lanacion.com.ar\/economia\/de-cuanto-es-el-monto-del-expotenciar-trabajo-en-marzo-de-2026-nid20022026\/\">dio de baja el programa Volver al Trabajo<\/a>, que es la l\u00ednea en la que desemboc\u00f3 el exPotenciar Trabajo, y que estaba destinada a los trabajadores informales.<\/p>\n<p><img loading=\"lazy\" decoding=\"async\" src=\"https:\/\/resizer.glanacion.com\/resizer\/v2\/EM4V44VQJVBZLGC5OVRQTIW2JQ.jpg?auth=d5a8718fc192315957ab468b9b40c99fb092ebe267e6e0ddc31f1db25a9d3ec7&amp;smart=true&amp;width=2000&amp;height=1334\" alt=\"El Gobierno dio de baja el Programa Volver al Trabajo\" height=\"1334\" width=\"2000\" \/><\/p>\n<p>Este martes 17 de marzo, la cartera que comanda <b>Sandra Pettovello<\/b> anunci\u00f3 que el Programa Volver al Trabajo (VAT) <b>finaliza el 9 de abril<\/b>.<\/p>\n<p>El programa que tuvo como finalidad apuntalar la situaci\u00f3n de uno de los grupos m\u00e1s vulnerables con un <b>monto de dinero fijo <\/b>que se entregaba de manera mensual, culmina en el cuarto mes del a\u00f1o, seg\u00fan la informaci\u00f3n oficial.<\/p>\n<p>\u201c<b>Los beneficiarios recibir\u00e1n el pago de la \u00faltima asignaci\u00f3n mensual no remunerativa en el mes de abril<\/b>\u201d, remarca el comunicado de Capital Humano y agrega que las personas inscriptas en el programa han sido notificadas por correo electr\u00f3nico y por Mi Argentina. <\/p>\n<p>A su vez, \u201cquienes manifiesten el inter\u00e9s de capacitarse, podr\u00e1n acceder a vouchers para capacitaci\u00f3n laboral\u201d, se\u00f1ala el escrito.<\/p>\n<p>El sitio oficial del <a href=\"https:\/\/portalempleo.gob.ar\/\" target=\"_self\" rel=\"\" title=\"https:\/\/portalempleo.gob.ar\/\">Portal Empleo<\/a> invita a <b>completar un formulario hasta el 20 de marzo<\/b> y se aclara que la participaci\u00f3n en capacitaciones no implicar\u00e1 el pago de sumas de dinero.<\/p>\n<h1>Cu\u00e1ndo es el \u00faltimo d\u00eda de pago del Programa Volver al Trabajo<\/h1>\n<p>Tal como ocurri\u00f3 de manera mensual, el Programa Volver al Trabajo <b>entregaba a sus titulares $78.000<\/b>, suma que se mantuvo sin modificaciones desde el \u00faltimo reajuste, realizado en 2023.<\/p>\n<p>En abril, y tal como suced\u00eda cada mes, <b>el monto se acreditar\u00e1 el quinto d\u00eda h\u00e1bil que, en esa ocasi\u00f3n, coincide con el d\u00eda jueves 9 de abril<\/b>, considerando los d\u00edas feriados de la primera semana, en los que no se efect\u00faan acreditaciones.<\/p>\n\n<blockquote class=\"twitter-tweet\">\n<p lang=\"pt\" dir=\"ltr\">Comunicado oficial.<a href=\"https:\/\/twitter.com\/JMilei?ref_src=twsrc%5Etfw\">@JMilei<\/a> <a href=\"https:\/\/t.co\/KZpkwoXaG2\">pic.twitter.com\/KZpkwoXaG2<\/a><\/p>\n<p>\u2014 Ministerio de Capital Humano (@MinCapHum_Ar) <a href=\"https:\/\/twitter.com\/MinCapHum_Ar\/status\/2033932339923877971?ref_src=twsrc%5Etfw\">March 17, 2026<\/a><\/p><\/blockquote>\n<h1>Monto y fecha de Volver Trabajo en abril de 2026<\/h1>\n<ul>\n<li><u>Programa Volver al Trabajo:<\/u>\u00a0$78.000<\/li>\n<li><u>Fecha de pago<\/u>:\u00a0jueves 9 de abril<\/li>\n<\/ul>\n<p><img loading=\"lazy\" decoding=\"async\" src=\"https:\/\/resizer.glanacion.com\/resizer\/v2\/IED5NEXRA5FFFPGWWL6NLKVNPQ.jpg?auth=72c538ae2e8abe4182c2aae20dca03025d8a6ef2d599aceb78fbae69c53985e4&amp;smart=true&amp;width=2000&amp;height=1333\" alt=\"La \u00faltima fecha de pago de Volver al Trabajo\" height=\"1333\" width=\"2000\" \/><\/p>\n<h1>C\u00f3mo funcionan los vouchers de capacitaci\u00f3n laboral del Ministerio de Capital Humano<\/h1>\n<p>Los <b>vouchers de capacitaci\u00f3n laboral<\/b>, que reemplazan al programa Volver al Trabajo, permiten a los beneficiarios elegir <b>cursos de formaci\u00f3n en oficios te\u00f3rico-pr\u00e1cticos<\/b> para mejorar su empleabilidad.<\/p>\n<p>Los cupones podr\u00e1n utilizarse en centros acreditados que incluyen universidades, ONG, y empresas privadas y <b>la inscripci\u00f3n est\u00e1 abierta hasta el viernes 20 de marzo<\/b>.<\/p>\n\n<blockquote class=\"twitter-tweet\">\n<p lang=\"es\" dir=\"ltr\">Comenz\u00f3 el curso de \u201cInstalador de aire acondicionado\u201d con formaci\u00f3n en montaje, puesta en marcha y mantenimiento preventivo de equipos de splits de baja y media capacidad. En su primera edici\u00f3n se inscribieron 50 alumnos que van a adquirir conocimientos t\u00e9cnicos y herramientas\u2026 <a href=\"https:\/\/t.co\/Ehl2lL1ovl\">pic.twitter.com\/Ehl2lL1ovl<\/a><\/p>\n<p>\u2014 Ministerio de Capital Humano (@MinCapHum_Ar) <a href=\"https:\/\/twitter.com\/MinCapHum_Ar\/status\/2033915752491676021?ref_src=twsrc%5Etfw\">March 17, 2026<\/a><\/p><\/blockquote>\n<h1>C\u00f3mo inscribirse a los cursos laborales de Capital Humano<\/h1>\n<ul>\n<li>Ingresar al <a href=\"https:\/\/portalempleo.gob.ar\/\" target=\"_self\" rel=\"\" title=\"https:\/\/portalempleo.gob.ar\/\">sitio oficial<\/a> para ver los cursos.<\/li>\n<li>Ir a la opci\u00f3n \u201cInscribite en Cursos certificados por la Secretar\u00eda de Trabajo, Empleo y Seguridad Social\u201d. <\/li>\n<li>All\u00ed se ver\u00e1 la oferta de cursos de todo el pa\u00eds tanto presenciales como semipresenciales y virtuales.<\/li>\n<li>Hacer click en Ver Curso para obtener m\u00e1s informaci\u00f3n.<\/li>\n<li>Luego seleccionar la opci\u00f3n \u201cPreinscribite\u201d.<\/li>\n<\/ul>\n<p>\u200bLa asistencia para trabajadores informales deja de existir en abril; c\u00f3mo acceder a los vouchers de capacitaci\u00f3n laboral y cu\u00e1l es la fecha limite para inscribirse\u00a0\u00a0<\/p>","protected":false},"excerpt":{"rendered":"<p>El gobierno nacional, a trav\u00e9s del Ministerio de Capital Humano dio de baja el programa&#8230;<\/p>\n","protected":false},"author":1,"featured_media":13337,"comment_status":"closed","ping_status":"closed","sticky":false,"template":"","format":"standard","meta":{"_jetpack_memberships_contains_paid_content":false,"footnotes":"","jetpack_publicize_message":"","jetpack_publicize_feature_enabled":true,"jetpack_social_post_already_shared":false,"jetpack_social_options":{"image_generator_settings":{"template":"highway","default_image_id":0,"font":"","enabled":false},"version":2}},"categories":[89],"tags":[],"class_list":["post-13336","post","type-post","status-publish","format-standard","has-post-thumbnail","hentry","category-nacionales"],"yoast_head":"<!-- This site is optimized with the Yoast SEO plugin v27.4 - https:\/\/yoast.com\/product\/yoast-seo-wordpress\/ -->\n<title>Cu\u00e1ndo es el \u00faltimo d\u00eda de pago del Programa Volver al Trabajo -<\/title>\n<meta name=\"robots\" content=\"index, follow, max-snippet:-1, max-image-preview:large, max-video-preview:-1\" \/>\n<link rel=\"canonical\" href=\"https:\/\/impactocastex.com.ar\/?p=13336\" \/>\n<meta property=\"og:locale\" content=\"es_ES\" \/>\n<meta property=\"og:type\" content=\"article\" \/>\n<meta property=\"og:title\" content=\"Cu\u00e1ndo es el \u00faltimo d\u00eda de pago del Programa Volver al Trabajo -\" \/>\n<meta property=\"og:description\" content=\"El gobierno nacional, a trav\u00e9s del Ministerio de Capital Humano dio de baja el programa...\" \/>\n<meta property=\"og:url\" content=\"https:\/\/impactocastex.com.ar\/?p=13336\" \/>\n<meta property=\"article:publisher\" content=\"https:\/\/www.facebook.com\/impactocastexdiario\" \/>\n<meta property=\"article:published_time\" content=\"2026-03-17T18:44:36+00:00\" \/>\n<meta property=\"og:image\" content=\"https:\/\/resizer.glanacion.com\/resizer\/v2\/EM4V44VQJVBZLGC5OVRQTIW2JQ.jpg?auth=d5a8718fc192315957ab468b9b40c99fb092ebe267e6e0ddc31f1db25a9d3ec7&amp;smart=true&amp;width=2000&amp;height=1334\" \/>\n<meta name=\"author\" content=\"impactocastex\" \/>\n<meta name=\"twitter:card\" content=\"summary_large_image\" \/>\n<meta name=\"twitter:label1\" content=\"Escrito por\" \/>\n\t<meta name=\"twitter:data1\" content=\"impactocastex\" \/>\n\t<meta name=\"twitter:label2\" content=\"Tiempo de lectura\" \/>\n\t<meta name=\"twitter:data2\" content=\"3 minutos\" \/>\n<script type=\"application\/ld+json\" class=\"yoast-schema-graph\">{\"@context\":\"https:\\\/\\\/schema.org\",\"@graph\":[{\"@type\":\"Article\",\"@id\":\"https:\\\/\\\/impactocastex.com.ar\\\/?p=13336#article\",\"isPartOf\":{\"@id\":\"https:\\\/\\\/impactocastex.com.ar\\\/?p=13336\"},\"author\":{\"name\":\"impactocastex\",\"@id\":\"https:\\\/\\\/impactocastex.com.ar\\\/#\\\/schema\\\/person\\\/86cb4f827fb5f87869a239b98a69c6e3\"},\"headline\":\"Cu\u00e1ndo es el \u00faltimo d\u00eda de pago del Programa Volver al Trabajo\",\"datePublished\":\"2026-03-17T18:44:36+00:00\",\"mainEntityOfPage\":{\"@id\":\"https:\\\/\\\/impactocastex.com.ar\\\/?p=13336\"},\"wordCount\":572,\"publisher\":{\"@id\":\"https:\\\/\\\/impactocastex.com.ar\\\/#organization\"},\"image\":{\"@id\":\"https:\\\/\\\/impactocastex.com.ar\\\/?p=13336#primaryimage\"},\"thumbnailUrl\":\"https:\\\/\\\/impactocastex.com.ar\\\/wp-content\\\/uploads\\\/2026\\\/03\\\/R5YDUQCLTNAHVGHAS7N4XILTTI-t1EQKL.jpg\",\"articleSection\":[\"NACIONALES\"],\"inLanguage\":\"es\"},{\"@type\":\"WebPage\",\"@id\":\"https:\\\/\\\/impactocastex.com.ar\\\/?p=13336\",\"url\":\"https:\\\/\\\/impactocastex.com.ar\\\/?p=13336\",\"name\":\"Cu\u00e1ndo es el \u00faltimo d\u00eda de pago del Programa Volver al Trabajo -\",\"isPartOf\":{\"@id\":\"https:\\\/\\\/impactocastex.com.ar\\\/#website\"},\"primaryImageOfPage\":{\"@id\":\"https:\\\/\\\/impactocastex.com.ar\\\/?p=13336#primaryimage\"},\"image\":{\"@id\":\"https:\\\/\\\/impactocastex.com.ar\\\/?p=13336#primaryimage\"},\"thumbnailUrl\":\"https:\\\/\\\/impactocastex.com.ar\\\/wp-content\\\/uploads\\\/2026\\\/03\\\/R5YDUQCLTNAHVGHAS7N4XILTTI-t1EQKL.jpg\",\"datePublished\":\"2026-03-17T18:44:36+00:00\",\"breadcrumb\":{\"@id\":\"https:\\\/\\\/impactocastex.com.ar\\\/?p=13336#breadcrumb\"},\"inLanguage\":\"es\",\"potentialAction\":[{\"@type\":\"ReadAction\",\"target\":[\"https:\\\/\\\/impactocastex.com.ar\\\/?p=13336\"]}]},{\"@type\":\"ImageObject\",\"inLanguage\":\"es\",\"@id\":\"https:\\\/\\\/impactocastex.com.ar\\\/?p=13336#primaryimage\",\"url\":\"https:\\\/\\\/impactocastex.com.ar\\\/wp-content\\\/uploads\\\/2026\\\/03\\\/R5YDUQCLTNAHVGHAS7N4XILTTI-t1EQKL.jpg\",\"contentUrl\":\"https:\\\/\\\/impactocastex.com.ar\\\/wp-content\\\/uploads\\\/2026\\\/03\\\/R5YDUQCLTNAHVGHAS7N4XILTTI-t1EQKL.jpg\",\"width\":2000,\"height\":1333},{\"@type\":\"BreadcrumbList\",\"@id\":\"https:\\\/\\\/impactocastex.com.ar\\\/?p=13336#breadcrumb\",\"itemListElement\":[{\"@type\":\"ListItem\",\"position\":1,\"name\":\"Portada\",\"item\":\"https:\\\/\\\/impactocastex.com.ar\\\/\"},{\"@type\":\"ListItem\",\"position\":2,\"name\":\"Cu\u00e1ndo es el \u00faltimo d\u00eda de pago del Programa Volver al Trabajo\"}]},{\"@type\":\"WebSite\",\"@id\":\"https:\\\/\\\/impactocastex.com.ar\\\/#website\",\"url\":\"https:\\\/\\\/impactocastex.com.ar\\\/\",\"name\":\"Impacto Castex\",\"description\":\"\",\"publisher\":{\"@id\":\"https:\\\/\\\/impactocastex.com.ar\\\/#organization\"},\"potentialAction\":[{\"@type\":\"SearchAction\",\"target\":{\"@type\":\"EntryPoint\",\"urlTemplate\":\"https:\\\/\\\/impactocastex.com.ar\\\/?s={search_term_string}\"},\"query-input\":{\"@type\":\"PropertyValueSpecification\",\"valueRequired\":true,\"valueName\":\"search_term_string\"}}],\"inLanguage\":\"es\"},{\"@type\":\"Organization\",\"@id\":\"https:\\\/\\\/impactocastex.com.ar\\\/#organization\",\"name\":\"Impacto Castex\",\"url\":\"https:\\\/\\\/impactocastex.com.ar\\\/\",\"logo\":{\"@type\":\"ImageObject\",\"inLanguage\":\"es\",\"@id\":\"https:\\\/\\\/impactocastex.com.ar\\\/#\\\/schema\\\/logo\\\/image\\\/\",\"url\":\"https:\\\/\\\/impactocastex.com.ar\\\/wp-content\\\/uploads\\\/2025\\\/09\\\/cropped-icoweb.png\",\"contentUrl\":\"https:\\\/\\\/impactocastex.com.ar\\\/wp-content\\\/uploads\\\/2025\\\/09\\\/cropped-icoweb.png\",\"width\":512,\"height\":512,\"caption\":\"Impacto Castex\"},\"image\":{\"@id\":\"https:\\\/\\\/impactocastex.com.ar\\\/#\\\/schema\\\/logo\\\/image\\\/\"},\"sameAs\":[\"https:\\\/\\\/www.facebook.com\\\/impactocastexdiario\",\"https:\\\/\\\/www.instagram.com\\\/impactocastex.com.ar\\\/\"]},{\"@type\":\"Person\",\"@id\":\"https:\\\/\\\/impactocastex.com.ar\\\/#\\\/schema\\\/person\\\/86cb4f827fb5f87869a239b98a69c6e3\",\"name\":\"impactocastex\",\"image\":{\"@type\":\"ImageObject\",\"inLanguage\":\"es\",\"@id\":\"https:\\\/\\\/secure.gravatar.com\\\/avatar\\\/9a87ee051ca8c77f5d4070843ce2c78cdf95b858b950fb039151de955122f5f5?s=96&d=mm&r=g\",\"url\":\"https:\\\/\\\/secure.gravatar.com\\\/avatar\\\/9a87ee051ca8c77f5d4070843ce2c78cdf95b858b950fb039151de955122f5f5?s=96&d=mm&r=g\",\"contentUrl\":\"https:\\\/\\\/secure.gravatar.com\\\/avatar\\\/9a87ee051ca8c77f5d4070843ce2c78cdf95b858b950fb039151de955122f5f5?s=96&d=mm&r=g\",\"caption\":\"impactocastex\"},\"sameAs\":[\"https:\\\/\\\/impactocastex.com.ar\"],\"url\":\"https:\\\/\\\/impactocastex.com.ar\\\/?author=1\"}]}<\/script>\n<!-- \/ Yoast SEO plugin. -->","yoast_head_json":{"title":"Cu\u00e1ndo es el \u00faltimo d\u00eda de pago del Programa Volver al Trabajo -","robots":{"index":"index","follow":"follow","max-snippet":"max-snippet:-1","max-image-preview":"max-image-preview:large","max-video-preview":"max-video-preview:-1"},"canonical":"https:\/\/impactocastex.com.ar\/?p=13336","og_locale":"es_ES","og_type":"article","og_title":"Cu\u00e1ndo es el \u00faltimo d\u00eda de pago del Programa Volver al Trabajo -","og_description":"El gobierno nacional, a trav\u00e9s del Ministerio de Capital Humano dio de baja el programa...","og_url":"https:\/\/impactocastex.com.ar\/?p=13336","article_publisher":"https:\/\/www.facebook.com\/impactocastexdiario","article_published_time":"2026-03-17T18:44:36+00:00","og_image":[{"url":"https:\/\/resizer.glanacion.com\/resizer\/v2\/EM4V44VQJVBZLGC5OVRQTIW2JQ.jpg?auth=d5a8718fc192315957ab468b9b40c99fb092ebe267e6e0ddc31f1db25a9d3ec7&amp;smart=true&amp;width=2000&amp;height=1334","type":"","width":"","height":""}],"author":"impactocastex","twitter_card":"summary_large_image","twitter_misc":{"Escrito por":"impactocastex","Tiempo de lectura":"3 minutos"},"schema":{"@context":"https:\/\/schema.org","@graph":[{"@type":"Article","@id":"https:\/\/impactocastex.com.ar\/?p=13336#article","isPartOf":{"@id":"https:\/\/impactocastex.com.ar\/?p=13336"},"author":{"name":"impactocastex","@id":"https:\/\/impactocastex.com.ar\/#\/schema\/person\/86cb4f827fb5f87869a239b98a69c6e3"},"headline":"Cu\u00e1ndo es el \u00faltimo d\u00eda de pago del Programa Volver al Trabajo","datePublished":"2026-03-17T18:44:36+00:00","mainEntityOfPage":{"@id":"https:\/\/impactocastex.com.ar\/?p=13336"},"wordCount":572,"publisher":{"@id":"https:\/\/impactocastex.com.ar\/#organization"},"image":{"@id":"https:\/\/impactocastex.com.ar\/?p=13336#primaryimage"},"thumbnailUrl":"https:\/\/impactocastex.com.ar\/wp-content\/uploads\/2026\/03\/R5YDUQCLTNAHVGHAS7N4XILTTI-t1EQKL.jpg","articleSection":["NACIONALES"],"inLanguage":"es"},{"@type":"WebPage","@id":"https:\/\/impactocastex.com.ar\/?p=13336","url":"https:\/\/impactocastex.com.ar\/?p=13336","name":"Cu\u00e1ndo es el \u00faltimo d\u00eda de pago del Programa Volver al Trabajo -","isPartOf":{"@id":"https:\/\/impactocastex.com.ar\/#website"},"primaryImageOfPage":{"@id":"https:\/\/impactocastex.com.ar\/?p=13336#primaryimage"},"image":{"@id":"https:\/\/impactocastex.com.ar\/?p=13336#primaryimage"},"thumbnailUrl":"https:\/\/impactocastex.com.ar\/wp-content\/uploads\/2026\/03\/R5YDUQCLTNAHVGHAS7N4XILTTI-t1EQKL.jpg","datePublished":"2026-03-17T18:44:36+00:00","breadcrumb":{"@id":"https:\/\/impactocastex.com.ar\/?p=13336#breadcrumb"},"inLanguage":"es","potentialAction":[{"@type":"ReadAction","target":["https:\/\/impactocastex.com.ar\/?p=13336"]}]},{"@type":"ImageObject","inLanguage":"es","@id":"https:\/\/impactocastex.com.ar\/?p=13336#primaryimage","url":"https:\/\/impactocastex.com.ar\/wp-content\/uploads\/2026\/03\/R5YDUQCLTNAHVGHAS7N4XILTTI-t1EQKL.jpg","contentUrl":"https:\/\/impactocastex.com.ar\/wp-content\/uploads\/2026\/03\/R5YDUQCLTNAHVGHAS7N4XILTTI-t1EQKL.jpg","width":2000,"height":1333},{"@type":"BreadcrumbList","@id":"https:\/\/impactocastex.com.ar\/?p=13336#breadcrumb","itemListElement":[{"@type":"ListItem","position":1,"name":"Portada","item":"https:\/\/impactocastex.com.ar\/"},{"@type":"ListItem","position":2,"name":"Cu\u00e1ndo es el \u00faltimo d\u00eda de pago del Programa Volver al Trabajo"}]},{"@type":"WebSite","@id":"https:\/\/impactocastex.com.ar\/#website","url":"https:\/\/impactocastex.com.ar\/","name":"Impacto Castex","description":"","publisher":{"@id":"https:\/\/impactocastex.com.ar\/#organization"},"potentialAction":[{"@type":"SearchAction","target":{"@type":"EntryPoint","urlTemplate":"https:\/\/impactocastex.com.ar\/?s={search_term_string}"},"query-input":{"@type":"PropertyValueSpecification","valueRequired":true,"valueName":"search_term_string"}}],"inLanguage":"es"},{"@type":"Organization","@id":"https:\/\/impactocastex.com.ar\/#organization","name":"Impacto Castex","url":"https:\/\/impactocastex.com.ar\/","logo":{"@type":"ImageObject","inLanguage":"es","@id":"https:\/\/impactocastex.com.ar\/#\/schema\/logo\/image\/","url":"https:\/\/impactocastex.com.ar\/wp-content\/uploads\/2025\/09\/cropped-icoweb.png","contentUrl":"https:\/\/impactocastex.com.ar\/wp-content\/uploads\/2025\/09\/cropped-icoweb.png","width":512,"height":512,"caption":"Impacto Castex"},"image":{"@id":"https:\/\/impactocastex.com.ar\/#\/schema\/logo\/image\/"},"sameAs":["https:\/\/www.facebook.com\/impactocastexdiario","https:\/\/www.instagram.com\/impactocastex.com.ar\/"]},{"@type":"Person","@id":"https:\/\/impactocastex.com.ar\/#\/schema\/person\/86cb4f827fb5f87869a239b98a69c6e3","name":"impactocastex","image":{"@type":"ImageObject","inLanguage":"es","@id":"https:\/\/secure.gravatar.com\/avatar\/9a87ee051ca8c77f5d4070843ce2c78cdf95b858b950fb039151de955122f5f5?s=96&d=mm&r=g","url":"https:\/\/secure.gravatar.com\/avatar\/9a87ee051ca8c77f5d4070843ce2c78cdf95b858b950fb039151de955122f5f5?s=96&d=mm&r=g","contentUrl":"https:\/\/secure.gravatar.com\/avatar\/9a87ee051ca8c77f5d4070843ce2c78cdf95b858b950fb039151de955122f5f5?s=96&d=mm&r=g","caption":"impactocastex"},"sameAs":["https:\/\/impactocastex.com.ar"],"url":"https:\/\/impactocastex.com.ar\/?author=1"}]}},"jetpack_publicize_connections":[],"featured_image_urls":{"full":["https:\/\/impactocastex.com.ar\/wp-content\/uploads\/2026\/03\/R5YDUQCLTNAHVGHAS7N4XILTTI-t1EQKL.jpg",2000,1333,false],"thumbnail":["https:\/\/impactocastex.com.ar\/wp-content\/uploads\/2026\/03\/R5YDUQCLTNAHVGHAS7N4XILTTI-t1EQKL-150x150.jpg",150,150,true],"medium":["https:\/\/impactocastex.com.ar\/wp-content\/uploads\/2026\/03\/R5YDUQCLTNAHVGHAS7N4XILTTI-t1EQKL-300x200.jpg",300,200,true],"medium_large":["https:\/\/impactocastex.com.ar\/wp-content\/uploads\/2026\/03\/R5YDUQCLTNAHVGHAS7N4XILTTI-t1EQKL-768x512.jpg",640,427,true],"large":["https:\/\/impactocastex.com.ar\/wp-content\/uploads\/2026\/03\/R5YDUQCLTNAHVGHAS7N4XILTTI-t1EQKL-1024x682.jpg",640,426,true],"1536x1536":["https:\/\/impactocastex.com.ar\/wp-content\/uploads\/2026\/03\/R5YDUQCLTNAHVGHAS7N4XILTTI-t1EQKL-1536x1024.jpg",1536,1024,true],"2048x2048":["https:\/\/impactocastex.com.ar\/wp-content\/uploads\/2026\/03\/R5YDUQCLTNAHVGHAS7N4XILTTI-t1EQKL.jpg",2000,1333,false],"newsever-slider-full":["https:\/\/impactocastex.com.ar\/wp-content\/uploads\/2026\/03\/R5YDUQCLTNAHVGHAS7N4XILTTI-t1EQKL-1280x845.jpg",1280,845,true],"newsever-featured":["https:\/\/impactocastex.com.ar\/wp-content\/uploads\/2026\/03\/R5YDUQCLTNAHVGHAS7N4XILTTI-t1EQKL-1024x682.jpg",1024,682,true],"newsever-medium":["https:\/\/impactocastex.com.ar\/wp-content\/uploads\/2026\/03\/R5YDUQCLTNAHVGHAS7N4XILTTI-t1EQKL-720x475.jpg",720,475,true]},"author_info":{"info":["impactocastex"]},"category_info":"<a href=\"https:\/\/impactocastex.com.ar\/?cat=89\" rel=\"category\">NACIONALES<\/a>","tag_info":"NACIONALES","comment_count":0,"jetpack_featured_media_url":"https:\/\/impactocastex.com.ar\/wp-content\/uploads\/2026\/03\/R5YDUQCLTNAHVGHAS7N4XILTTI-t1EQKL.jpg","jetpack_sharing_enabled":true,"jetpack_likes_enabled":true,"jetpack_shortlink":"https:\/\/wp.me\/p7sopA-3t6","_links":{"self":[{"href":"https:\/\/impactocastex.com.ar\/index.php?rest_route=\/wp\/v2\/posts\/13336","targetHints":{"allow":["GET"]}}],"collection":[{"href":"https:\/\/impactocastex.com.ar\/index.php?rest_route=\/wp\/v2\/posts"}],"about":[{"href":"https:\/\/impactocastex.com.ar\/index.php?rest_route=\/wp\/v2\/types\/post"}],"author":[{"embeddable":true,"href":"https:\/\/impactocastex.com.ar\/index.php?rest_route=\/wp\/v2\/users\/1"}],"replies":[{"embeddable":true,"href":"https:\/\/impactocastex.com.ar\/index.php?rest_route=%2Fwp%2Fv2%2Fcomments&post=13336"}],"version-history":[{"count":0,"href":"https:\/\/impactocastex.com.ar\/index.php?rest_route=\/wp\/v2\/posts\/13336\/revisions"}],"wp:featuredmedia":[{"embeddable":true,"href":"https:\/\/impactocastex.com.ar\/index.php?rest_route=\/wp\/v2\/media\/13337"}],"wp:attachment":[{"href":"https:\/\/impactocastex.com.ar\/index.php?rest_route=%2Fwp%2Fv2%2Fmedia&parent=13336"}],"wp:term":[{"taxonomy":"category","embeddable":true,"href":"https:\/\/impactocastex.com.ar\/index.php?rest_route=%2Fwp%2Fv2%2Fcategories&post=13336"},{"taxonomy":"post_tag","embeddable":true,"href":"https:\/\/impactocastex.com.ar\/index.php?rest_route=%2Fwp%2Fv2%2Ftags&post=13336"}],"curies":[{"name":"wp","href":"https:\/\/api.w.org\/{rel}","templated":true}]}}