{"id":13263,"date":"2026-03-17T03:38:31","date_gmt":"2026-03-17T06:38:31","guid":{"rendered":"https:\/\/impactocastex.com.ar\/?p=13263"},"modified":"2026-03-17T03:38:31","modified_gmt":"2026-03-17T06:38:31","slug":"javier-milei-en-vivo-las-ultimas-medidas-del-gobierno-48","status":"publish","type":"post","link":"https:\/\/impactocastex.com.ar\/?p=13263","title":{"rendered":"Javier Milei, en vivo: las \u00faltimas medidas del Gobierno"},"content":{"rendered":"<p><b>La guerra en Medio Oriente est\u00e1 dominando todo<\/b>. No s\u00f3lo la agenda period\u00edstica, sino que est\u00e1 envolviendo a toda la pol\u00edtica internacional de manera m\u00e1s o menos directa. Nos preguntamos hace un par de semanas c\u00f3mo es que esto hab\u00eda empezado, por qu\u00e9 hab\u00eda empezado, y hoy son preguntas que interesan menos, porque la urgencia hoy de todo el mundo, pero sobre todo de los mercados, de los actores econ\u00f3micos, de los agentes financieros, es <b>c\u00f3mo y cu\u00e1ndo termina esto<\/b>. <b>Esta guerra que se est\u00e1 transformando, para la econom\u00eda internacional, en una pesadilla.<\/b><\/p>\n<p>Hab\u00eda que preverlo. Hay un gran analista internacional, experto en estrategia, que es un asesor muy influyente del Departamento de Estado, <b>George Friedman<\/b>, que en uno de sus libros advierte: <b>cuidado con meterse con Ir\u00e1n<\/b>. Porque es un pa\u00eds importante de Medio Oriente, con mucha tradici\u00f3n pol\u00edtica. Se podr\u00eda agregar: los iran\u00edes, es decir, los persas, inventaron el ajedrez. Pero adem\u00e1s, aunque no tuvieran esa capacidad estrat\u00e9gica, les est\u00e1 ocurriendo algo que no los toma por sorpresa, algo que les vienen avisando desde hace 20 a\u00f1os. Hab\u00eda que prever que iban a tener una reacci\u00f3n muy da\u00f1ina.<\/p>\n<p><img loading=\"lazy\" decoding=\"async\" src=\"https:\/\/resizer.glanacion.com\/resizer\/v2\/Y4UECW52HJGTNMCAEAWBO3DUBU.JPG?auth=08b3105205191d0b761944260e5cc528f06361fdbc98f09d4f847ead76c0292c&amp;smart=true&amp;width=3000&amp;height=1997\" alt=\"Javier Milei y su hermana, Karina Milei, quedaron envueltos en el caso de la criptomoneda $LIBRA y se investiga su participaci\u00f3n\" height=\"1997\" width=\"3000\" \/><\/p>\n<p><a href=\"https:\/\/www.lanacion.com.ar\/lnmas\/escandalos-barriales-en-la-tormenta-del-mundo-nid17032026\/\">Le\u00e9 la nota completa ac\u00e1<\/a><\/p>\n<p>El exjefe de Gobierno porte\u00f1o <b>Horacio Rodr\u00edguez Larreta <\/b>anunci\u00f3 este lunes por la noche que en 2027 pretende competir por una nueva gesti\u00f3n al frente de la<b> <\/b>ciudad de Buenos Aires. \u00ab<b>Tengo voluntad y voy a trabajar para eso<\/b>\u201c, asegur\u00f3 el actual legislador citadino y carg\u00f3 contra la administraci\u00f3n de Pro: \u201c<b>Quieren congraciarse con La Libertad Avanza<\/b>\u201c.<\/p>\n<p>Entrevistado por Carlos Pagni en <i>Odisea Argentina<\/i> (LN+), Larreta volvi\u00f3 a cuestionar la actual gesti\u00f3n de Jorge Macri: \u00ab<b>Hay una malaria en la ciudad, en t\u00e9rminos econ\u00f3micos, fenomenal. <\/b>En el sur, en el medio y en el norte. Sigue cayendo el trabajo y los que tienen trabajo no llegan a fin de mes, que es la realidad de todo el pa\u00eds\u00bb.<\/p>\n<p><a href=\"https:\/\/www.lanacion.com.ar\/politica\/horacio-rodriguez-larreta-anuncio-que-competira-en-2027-para-volver-a-ser-jefe-de-gobierno-de-caba-nid17032026\/\">Le\u00e9 la nota completa ac\u00e1<\/a><\/p>\n<p>Horas antes de tener que presentarse a declarar por el juicio de los <b>Cuadernos<\/b>, la expresidenta <b>Cristina Kirchner<\/b> abandon\u00f3 un largo silencio p\u00fablico para marcar sus sospechas sobre el <b>Gobierno<\/b> y los <b>jueces<\/b> ante su obligada salida del departamento de <b>San Jos\u00e9 1111<\/b>. \u201cCuando el Poder Ejecutivo no le da pan y trabajo al Pueblo (\u2026), el Partido Judicial y los medios hegem\u00f3nicos le dan circo (\u2026) No falla\u00bb, escribi\u00f3 en la red X. Pero desde su entorno anticiparon que, igualmente, <b>\u201cva a declarar\u201d <\/b>ante el tribunal.<\/p>\n<p>\u201cEl <b>Tribunal Oral 7<\/b> en la farsa procesal titulada Cuadernos, que <b>se viene tramitando v\u00eda zoom<\/b>, acat\u00f3 la exigencia medi\u00e1tica de \u00b4presencialidad\u00b4. Es que la foto que se puede capturar desde la pantalla del canal de YouTube con caras \u00b4en cuadraditos\u00b4 no da para tapa de diario ni vide\u00edtos en la tele\u2026 y como ya se sabe\u2026 <b>el \u00b4show debe continuar\u00b4<\/b>\u201c, sostuvo la titular del PJ nacional.<\/p>\n<p><img loading=\"lazy\" decoding=\"async\" src=\"https:\/\/resizer.glanacion.com\/resizer\/v2\/LBYARUL5TFF6HJLBWSLKT32OLE.jpg?auth=b1de496f35b16011f8814277834cf860e269f7d1cc91b3b679055076936dd4a0&amp;smart=true&amp;width=1280&amp;height=852\" alt=\"Cristina Kirchner la \u00faltima vez que sali\u00f3 al balc\u00f3n de San Jos\u00e9 1111, el 9 de marzo\" height=\"852\" width=\"1280\" \/><\/p>\n<p><a href=\"https:\/\/www.lanacion.com.ar\/politica\/cristina-kirchner-apunta-contra-la-justicia-y-el-gobierno-antes-de-ir-a-comodoro-py-por-el-juicio-de-nid16032026\/\">Le\u00e9 la nota completa ac\u00e1<\/a><\/p>\n<p>El ministro de Justicia, <b>Juan Bautista Mahiques<\/b>, se refiri\u00f3 el lunes por la noche a la<b> causa $LIBRA<\/b>, a la luz de las \u00faltimas revelaciones que dan cuenta de la vinculaci\u00f3n activa del presidente<b> Javier Milei <\/b>y de su hermana, <b>Karina Milei<\/b>,<b> <\/b>con la difusi\u00f3n del criptoactivo mediante una <a href=\"https:\/\/www.lanacion.com.ar\/politica\/libra-aparecen-mas-contratos-entre-novelli-davis-y-otros-emprendedores-que-buscaban-aprovechar-el-nid16032026\/\" rel=\"\" title=\"https:\/\/www.lanacion.com.ar\/politica\/libra-aparecen-mas-contratos-entre-novelli-davis-y-otros-emprendedores-que-buscaban-aprovechar-el-nid16032026\/\">serie de mensajes y llamadas<\/a> con <b>Mauricio Novelli <\/b>minutos antes y despu\u00e9s de que se publicara la moneda virtual.<\/p>\n<p>La <a href=\"https:\/\/www.lanacion.com.ar\/politica\/libra-los-diputados-de-la-comision-investigadora-acusaron-a-milei-de-ser-participe-necesario-de-la-nid16032026\/\" rel=\"\" title=\"https:\/\/www.lanacion.com.ar\/politica\/libra-los-diputados-de-la-comision-investigadora-acusaron-a-milei-de-ser-participe-necesario-de-la-nid16032026\/\">comisi\u00f3n investigadora<\/a> de la criptomoneda $LIBRA elev\u00f3 este lunes un pedido formal para que el mandatario y la secretaria general de la Presidencia den explicaciones por su presunta vinculaci\u00f3n con la criptomoneda y acusaron a Milei de ser part\u00edcipe necesario de la estafa. <b>\u201cMe parece una imprudencia<\/b>\u201c, plante\u00f3 el funcionario en di\u00e1logo con <b>Luis Majul<\/b> por <i>LN+<\/i> sobre el se\u00f1alamiento de los diputados.<\/p>\n<p><img loading=\"lazy\" decoding=\"async\" src=\"https:\/\/resizer.glanacion.com\/resizer\/v2\/VSW2EPV3X5BSPLSHJG5MJC2PTU.png?auth=82632d46a7c2c3dec21dff174056bc18b7807dfcf49b6d160c89dcef41466f88&amp;smart=true&amp;width=747&amp;height=512\" alt=\"Juan Bautista Mahiques, ministro de Justicia, en LN+\" height=\"512\" width=\"747\" \/><\/p>\n<p><a href=\"https:\/\/www.lanacion.com.ar\/politica\/juan-bautista-mahiques-se-refirio-a-la-causa-libra-y-dijo-que-es-grave-que-se-haya-filtrado-nid16032026\/\">Le\u00e9 la nota completa ac\u00e1<\/a><\/p>\n<p>El Gobierno dispuso finalmente una <b>\u201cintervenci\u00f3n en grado de veedur\u00eda\u201d<\/b> en la <b>Asociaci\u00f3n del F\u00fatbol Argentino<\/b> (AFA) por 180 d\u00edas, con el objetivo de investigar las cuentas de la entidad deportiva, sus transferencias y el rol de la frustrada universidad que no lleg\u00f3 a ver la luz.<\/p>\n<p>La decisi\u00f3n fue firmada esta noche por el ministro de Justicia, <b>Juan Bautista Mahiques<\/b>, y mantiene el plan de trabajo y los veedores que hab\u00edan sido propuestos por <b>Daniel V\u00edtolo<\/b>, el extitular de la Inspecci\u00f3n General de Justicia. El nuevo titular de la IGJ es <b>Alejandro Ram\u00edrez<\/b>.<\/p>\n<p><img loading=\"lazy\" decoding=\"async\" src=\"https:\/\/resizer.glanacion.com\/resizer\/v2\/WEL4YT4IIRGHXINC7QB653DZ4E.jpg?auth=b566c799379adf3148d36d67239a1bcd65fdebc8ae9da9f6411411c9b3e2b659&amp;smart=true&amp;width=2000&amp;height=1334\" alt=\"Claudio \" height=\"1334\" width=\"2000\" \/><\/p>\n<p><a href=\"https:\/\/www.lanacion.com.ar\/politica\/el-gobierno-designo-veedores-en-la-afa-por-180-dias-nid16032026\/\">Le\u00e9 la nota completa ac\u00e1<\/a><\/p>\n<p>A la luz de las \u00faltimas <a href=\"https:\/\/www.lanacion.com.ar\/politica\/libra-aparecen-mas-contratos-entre-novelli-davis-y-otros-emprendedores-que-buscaban-aprovechar-el-nid16032026\/\" rel=\"\" title=\"https:\/\/www.lanacion.com.ar\/politica\/libra-aparecen-mas-contratos-entre-novelli-davis-y-otros-emprendedores-que-buscaban-aprovechar-el-nid16032026\/\">revelaciones del caso $LIBRA<\/a>, que dan cuenta de la <b>vinculaci\u00f3n activa<\/b> del presidente <b>Javier Milei<\/b> y de la secretaria general de la Presidencia, <b>Karina Milei<\/b>, con los responsables de la presunta estafa, los diputados opositores que integraron la <b>comisi\u00f3n investigadora <\/b>acusaron al jefe del Estado de formar parte de una operaci\u00f3n \u201cplanificada, coordinada y ejecutada con premeditaci\u00f3n\u201d.<\/p>\n<p>Asimismo, los legisladores anunciaron que denunciar\u00e1n al fiscal <b>Eduardo Taiano <\/b>ante el Tribunal de Disciplina del Ministerio P\u00fablico Fiscal para que sea relevado del caso. Le achacan los delitos de <b>entorpecimiento de la investigaci\u00f3n <\/b>y posible<b> encubrimiento de los hechos denunciados<\/b>.<\/p>\n<p><img loading=\"lazy\" decoding=\"async\" src=\"https:\/\/resizer.glanacion.com\/resizer\/v2\/QTFZZQZ5BVFVRBCU3QVDBRXTW4.jpg?auth=4653a55c5be50ce4dc96e721612ed347de104544b63311c1ce9c13435caf8a29&amp;smart=true&amp;width=5892&amp;height=3728\" alt=\"Conferencia de la comisi\u00f3n investigadora del Caso $LIBRA\" height=\"3728\" width=\"5892\" \/><\/p>\n<p><a href=\"https:\/\/www.lanacion.com.ar\/politica\/libra-los-diputados-de-la-comision-investigadora-acusaron-a-milei-de-ser-participe-necesario-de-la-nid16032026\/\">Le\u00e9 la nota completa ac\u00e1<\/a><\/p>\n<p>El jefe de gabinete, <b>Manuel Adorni<\/b>, suma problemas judiciales. La diputada libertaria disidente <b>Marcela Pagano<\/b> denunci\u00f3 que la consultora de la esposa del funcionario tuvo contratos con una naviera proveedora de YPF, la petrolera estatal de la cual Adorni es director.<\/p>\n<p>El escrito abarca presuntas irregularidades en distintas \u00e1reas del Gobierno, pero el centro de la acusaci\u00f3n habla de conflicto de intereses que implican a una naviera, <b>National Shipping SA<\/b>, proveedora de YPF que contrat\u00f3 los servicios de la esposa del funcionario, <a href=\"https:\/\/www.lanacion.com.ar\/politica\/quien-es-la-mujer-de-adorni-licenciada-en-administracion-de-empresas-y-especialista-en-coach-nid11032026\/\" rel=\"\" title=\"https:\/\/www.lanacion.com.ar\/politica\/quien-es-la-mujer-de-adorni-licenciada-en-administracion-de-empresas-y-especialista-en-coach-nid11032026\/\"><b>Bettina Julieta Angeletti<\/b><\/a>.<\/p>\n<p><img loading=\"lazy\" decoding=\"async\" src=\"https:\/\/resizer.glanacion.com\/resizer\/v2\/OMCGZAZP3BFUJJIFVOYPEQ3ZZQ.png?auth=57e589a8374415c6e986a3ddb29c38a80edd9e2cd2dffe206a54c7ad89b76137&amp;smart=true&amp;width=2000&amp;height=1333\" alt=\"Manuel Adorni y su esposa Bettina Angeletti, que se dedica al coaching ontol\u00f3gico\" height=\"1333\" width=\"2000\" \/><\/p>\n<p><a href=\"https:\/\/www.lanacion.com.ar\/politica\/denuncian-a-adorni-por-un-contrato-de-la-consultora-de-su-esposa-con-una-naviera-y-por-dos-nid16032026\/\">Le\u00e9 la nota completa ac\u00e1<\/a><\/p>\n<p>Atravesado por sus internas, el Gobierno eligi\u00f3 este lunes el <b>silencio <\/b>ante las consultas por el caso <b>$LIBRA <\/b>luego de que en los \u00faltimos d\u00edas se dieran a conocer borradores de contratos y m\u00faltiples mensajes peritados por la Justicia entre el empresario estadounidense <b>Hayden Davis<\/b>, que impuls\u00f3 la criptomoneda, sus socios locales, los lobistas <b>Mauricio Novelli, Manuel Terrones Godoy y Sergio Morales<\/b>, y el presidente <b>Javier Milei, su hermana Karina<\/b> y el asesor presidencial<b> Santiago Caputo<\/b>.<\/p>\n<p>Esas revelaciones, surgidas de peritajes que realiza la Justicia, contrastan con las explicaciones que dio el presidente <b>Javier Milei<\/b> luego de la promoci\u00f3n y el colapso de $LIBRA. El mandatario se present\u00f3 este mediod\u00eda en <a href=\"https:\/\/www.lanacion.com.ar\/politica\/javier-milei-llega-a-cordoba-y-se-muestra-con-manuel-adorni-en-senal-de-apoyo-nid16032026\/\" rel=\"\" title=\"https:\/\/www.lanacion.com.ar\/politica\/javier-milei-llega-a-cordoba-y-se-muestra-con-manuel-adorni-en-senal-de-apoyo-nid16032026\/\">C\u00f3rdoba,<\/a> donde tampoco hizo alusiones al respecto.<\/p>\n<p><img loading=\"lazy\" decoding=\"async\" src=\"https:\/\/resizer.glanacion.com\/resizer\/v2\/4RUR2JPV3ZEL7FKVPWFJ57CZX4.jpg?auth=78fe9821319109578363c0d4cae70df4d8f03177500f99e1aa2c116c8cae9b2e&amp;smart=true&amp;width=2000&amp;height=1333\" alt=\"Gabriel Bornoroni, Karina Milei y Manuel Adorni, durante el discurso de Javier Milei en la ciudad de C\u00f3rdoba\" height=\"1333\" width=\"2000\" \/><\/p>\n<p><a href=\"https:\/\/www.lanacion.com.ar\/politica\/atravesado-por-sus-internas-el-gobierno-eligio-el-silencio-ante-las-nuevas-revelaciones-del-caso-nid16032026\/\">Le\u00e9 la nota completa ac\u00e1<\/a><\/p>\n<p>\u200bEl minuto a minuto de las decisiones del Presidente, las reacciones de la oposici\u00f3n y las declaraciones de los funcionarios\u00a0\u00a0<\/p>","protected":false},"excerpt":{"rendered":"<p>La guerra en Medio Oriente est\u00e1 dominando todo. No s\u00f3lo la agenda period\u00edstica, sino que&#8230;<\/p>\n","protected":false},"author":1,"featured_media":3372,"comment_status":"closed","ping_status":"closed","sticky":false,"template":"","format":"standard","meta":{"_jetpack_memberships_contains_paid_content":false,"footnotes":"","jetpack_publicize_message":"","jetpack_publicize_feature_enabled":true,"jetpack_social_post_already_shared":false,"jetpack_social_options":{"image_generator_settings":{"template":"highway","default_image_id":0,"font":"","enabled":false},"version":2}},"categories":[89],"tags":[],"class_list":["post-13263","post","type-post","status-publish","format-standard","has-post-thumbnail","hentry","category-nacionales"],"yoast_head":"<!-- This site is optimized with the Yoast SEO plugin v27.4 - https:\/\/yoast.com\/product\/yoast-seo-wordpress\/ -->\n<title>Javier Milei, en vivo: las \u00faltimas medidas del Gobierno -<\/title>\n<meta name=\"robots\" content=\"index, follow, max-snippet:-1, max-image-preview:large, max-video-preview:-1\" \/>\n<link rel=\"canonical\" href=\"https:\/\/impactocastex.com.ar\/?p=13263\" \/>\n<meta property=\"og:locale\" content=\"es_ES\" \/>\n<meta property=\"og:type\" content=\"article\" \/>\n<meta property=\"og:title\" content=\"Javier Milei, en vivo: las \u00faltimas medidas del Gobierno -\" \/>\n<meta property=\"og:description\" content=\"La guerra en Medio Oriente est\u00e1 dominando todo. No s\u00f3lo la agenda period\u00edstica, sino que...\" \/>\n<meta property=\"og:url\" content=\"https:\/\/impactocastex.com.ar\/?p=13263\" \/>\n<meta property=\"article:publisher\" content=\"https:\/\/www.facebook.com\/impactocastexdiario\" \/>\n<meta property=\"article:published_time\" content=\"2026-03-17T06:38:31+00:00\" \/>\n<meta property=\"og:image\" content=\"https:\/\/resizer.glanacion.com\/resizer\/v2\/Y4UECW52HJGTNMCAEAWBO3DUBU.JPG?auth=08b3105205191d0b761944260e5cc528f06361fdbc98f09d4f847ead76c0292c&amp;smart=true&amp;width=3000&amp;height=1997\" \/>\n<meta name=\"author\" content=\"impactocastex\" \/>\n<meta name=\"twitter:card\" content=\"summary_large_image\" \/>\n<meta name=\"twitter:label1\" content=\"Escrito por\" \/>\n\t<meta name=\"twitter:data1\" content=\"impactocastex\" \/>\n\t<meta name=\"twitter:label2\" content=\"Tiempo de lectura\" \/>\n\t<meta name=\"twitter:data2\" content=\"6 minutos\" \/>\n<script type=\"application\/ld+json\" class=\"yoast-schema-graph\">{\"@context\":\"https:\\\/\\\/schema.org\",\"@graph\":[{\"@type\":\"Article\",\"@id\":\"https:\\\/\\\/impactocastex.com.ar\\\/?p=13263#article\",\"isPartOf\":{\"@id\":\"https:\\\/\\\/impactocastex.com.ar\\\/?p=13263\"},\"author\":{\"name\":\"impactocastex\",\"@id\":\"https:\\\/\\\/impactocastex.com.ar\\\/#\\\/schema\\\/person\\\/86cb4f827fb5f87869a239b98a69c6e3\"},\"headline\":\"Javier Milei, en vivo: las \u00faltimas medidas del Gobierno\",\"datePublished\":\"2026-03-17T06:38:31+00:00\",\"mainEntityOfPage\":{\"@id\":\"https:\\\/\\\/impactocastex.com.ar\\\/?p=13263\"},\"wordCount\":1126,\"publisher\":{\"@id\":\"https:\\\/\\\/impactocastex.com.ar\\\/#organization\"},\"image\":{\"@id\":\"https:\\\/\\\/impactocastex.com.ar\\\/?p=13263#primaryimage\"},\"thumbnailUrl\":\"https:\\\/\\\/impactocastex.com.ar\\\/wp-content\\\/uploads\\\/2025\\\/11\\\/Q5CDR33JIFGJFGHZVGW7DRTMRI-jwpEav.jpg\",\"articleSection\":[\"NACIONALES\"],\"inLanguage\":\"es\"},{\"@type\":\"WebPage\",\"@id\":\"https:\\\/\\\/impactocastex.com.ar\\\/?p=13263\",\"url\":\"https:\\\/\\\/impactocastex.com.ar\\\/?p=13263\",\"name\":\"Javier Milei, en vivo: las \u00faltimas medidas del Gobierno -\",\"isPartOf\":{\"@id\":\"https:\\\/\\\/impactocastex.com.ar\\\/#website\"},\"primaryImageOfPage\":{\"@id\":\"https:\\\/\\\/impactocastex.com.ar\\\/?p=13263#primaryimage\"},\"image\":{\"@id\":\"https:\\\/\\\/impactocastex.com.ar\\\/?p=13263#primaryimage\"},\"thumbnailUrl\":\"https:\\\/\\\/impactocastex.com.ar\\\/wp-content\\\/uploads\\\/2025\\\/11\\\/Q5CDR33JIFGJFGHZVGW7DRTMRI-jwpEav.jpg\",\"datePublished\":\"2026-03-17T06:38:31+00:00\",\"breadcrumb\":{\"@id\":\"https:\\\/\\\/impactocastex.com.ar\\\/?p=13263#breadcrumb\"},\"inLanguage\":\"es\",\"potentialAction\":[{\"@type\":\"ReadAction\",\"target\":[\"https:\\\/\\\/impactocastex.com.ar\\\/?p=13263\"]}]},{\"@type\":\"ImageObject\",\"inLanguage\":\"es\",\"@id\":\"https:\\\/\\\/impactocastex.com.ar\\\/?p=13263#primaryimage\",\"url\":\"https:\\\/\\\/impactocastex.com.ar\\\/wp-content\\\/uploads\\\/2025\\\/11\\\/Q5CDR33JIFGJFGHZVGW7DRTMRI-jwpEav.jpg\",\"contentUrl\":\"https:\\\/\\\/impactocastex.com.ar\\\/wp-content\\\/uploads\\\/2025\\\/11\\\/Q5CDR33JIFGJFGHZVGW7DRTMRI-jwpEav.jpg\",\"width\":2000,\"height\":1333},{\"@type\":\"BreadcrumbList\",\"@id\":\"https:\\\/\\\/impactocastex.com.ar\\\/?p=13263#breadcrumb\",\"itemListElement\":[{\"@type\":\"ListItem\",\"position\":1,\"name\":\"Portada\",\"item\":\"https:\\\/\\\/impactocastex.com.ar\\\/\"},{\"@type\":\"ListItem\",\"position\":2,\"name\":\"Javier Milei, en vivo: las \u00faltimas medidas del Gobierno\"}]},{\"@type\":\"WebSite\",\"@id\":\"https:\\\/\\\/impactocastex.com.ar\\\/#website\",\"url\":\"https:\\\/\\\/impactocastex.com.ar\\\/\",\"name\":\"Impacto Castex\",\"description\":\"\",\"publisher\":{\"@id\":\"https:\\\/\\\/impactocastex.com.ar\\\/#organization\"},\"potentialAction\":[{\"@type\":\"SearchAction\",\"target\":{\"@type\":\"EntryPoint\",\"urlTemplate\":\"https:\\\/\\\/impactocastex.com.ar\\\/?s={search_term_string}\"},\"query-input\":{\"@type\":\"PropertyValueSpecification\",\"valueRequired\":true,\"valueName\":\"search_term_string\"}}],\"inLanguage\":\"es\"},{\"@type\":\"Organization\",\"@id\":\"https:\\\/\\\/impactocastex.com.ar\\\/#organization\",\"name\":\"Impacto Castex\",\"url\":\"https:\\\/\\\/impactocastex.com.ar\\\/\",\"logo\":{\"@type\":\"ImageObject\",\"inLanguage\":\"es\",\"@id\":\"https:\\\/\\\/impactocastex.com.ar\\\/#\\\/schema\\\/logo\\\/image\\\/\",\"url\":\"https:\\\/\\\/impactocastex.com.ar\\\/wp-content\\\/uploads\\\/2025\\\/09\\\/cropped-icoweb.png\",\"contentUrl\":\"https:\\\/\\\/impactocastex.com.ar\\\/wp-content\\\/uploads\\\/2025\\\/09\\\/cropped-icoweb.png\",\"width\":512,\"height\":512,\"caption\":\"Impacto Castex\"},\"image\":{\"@id\":\"https:\\\/\\\/impactocastex.com.ar\\\/#\\\/schema\\\/logo\\\/image\\\/\"},\"sameAs\":[\"https:\\\/\\\/www.facebook.com\\\/impactocastexdiario\",\"https:\\\/\\\/www.instagram.com\\\/impactocastex.com.ar\\\/\"]},{\"@type\":\"Person\",\"@id\":\"https:\\\/\\\/impactocastex.com.ar\\\/#\\\/schema\\\/person\\\/86cb4f827fb5f87869a239b98a69c6e3\",\"name\":\"impactocastex\",\"image\":{\"@type\":\"ImageObject\",\"inLanguage\":\"es\",\"@id\":\"https:\\\/\\\/secure.gravatar.com\\\/avatar\\\/9a87ee051ca8c77f5d4070843ce2c78cdf95b858b950fb039151de955122f5f5?s=96&d=mm&r=g\",\"url\":\"https:\\\/\\\/secure.gravatar.com\\\/avatar\\\/9a87ee051ca8c77f5d4070843ce2c78cdf95b858b950fb039151de955122f5f5?s=96&d=mm&r=g\",\"contentUrl\":\"https:\\\/\\\/secure.gravatar.com\\\/avatar\\\/9a87ee051ca8c77f5d4070843ce2c78cdf95b858b950fb039151de955122f5f5?s=96&d=mm&r=g\",\"caption\":\"impactocastex\"},\"sameAs\":[\"https:\\\/\\\/impactocastex.com.ar\"],\"url\":\"https:\\\/\\\/impactocastex.com.ar\\\/?author=1\"}]}<\/script>\n<!-- \/ Yoast SEO plugin. -->","yoast_head_json":{"title":"Javier Milei, en vivo: las \u00faltimas medidas del Gobierno -","robots":{"index":"index","follow":"follow","max-snippet":"max-snippet:-1","max-image-preview":"max-image-preview:large","max-video-preview":"max-video-preview:-1"},"canonical":"https:\/\/impactocastex.com.ar\/?p=13263","og_locale":"es_ES","og_type":"article","og_title":"Javier Milei, en vivo: las \u00faltimas medidas del Gobierno -","og_description":"La guerra en Medio Oriente est\u00e1 dominando todo. No s\u00f3lo la agenda period\u00edstica, sino que...","og_url":"https:\/\/impactocastex.com.ar\/?p=13263","article_publisher":"https:\/\/www.facebook.com\/impactocastexdiario","article_published_time":"2026-03-17T06:38:31+00:00","og_image":[{"url":"https:\/\/resizer.glanacion.com\/resizer\/v2\/Y4UECW52HJGTNMCAEAWBO3DUBU.JPG?auth=08b3105205191d0b761944260e5cc528f06361fdbc98f09d4f847ead76c0292c&amp;smart=true&amp;width=3000&amp;height=1997","type":"","width":"","height":""}],"author":"impactocastex","twitter_card":"summary_large_image","twitter_misc":{"Escrito por":"impactocastex","Tiempo de lectura":"6 minutos"},"schema":{"@context":"https:\/\/schema.org","@graph":[{"@type":"Article","@id":"https:\/\/impactocastex.com.ar\/?p=13263#article","isPartOf":{"@id":"https:\/\/impactocastex.com.ar\/?p=13263"},"author":{"name":"impactocastex","@id":"https:\/\/impactocastex.com.ar\/#\/schema\/person\/86cb4f827fb5f87869a239b98a69c6e3"},"headline":"Javier Milei, en vivo: las \u00faltimas medidas del Gobierno","datePublished":"2026-03-17T06:38:31+00:00","mainEntityOfPage":{"@id":"https:\/\/impactocastex.com.ar\/?p=13263"},"wordCount":1126,"publisher":{"@id":"https:\/\/impactocastex.com.ar\/#organization"},"image":{"@id":"https:\/\/impactocastex.com.ar\/?p=13263#primaryimage"},"thumbnailUrl":"https:\/\/impactocastex.com.ar\/wp-content\/uploads\/2025\/11\/Q5CDR33JIFGJFGHZVGW7DRTMRI-jwpEav.jpg","articleSection":["NACIONALES"],"inLanguage":"es"},{"@type":"WebPage","@id":"https:\/\/impactocastex.com.ar\/?p=13263","url":"https:\/\/impactocastex.com.ar\/?p=13263","name":"Javier Milei, en vivo: las \u00faltimas medidas del Gobierno -","isPartOf":{"@id":"https:\/\/impactocastex.com.ar\/#website"},"primaryImageOfPage":{"@id":"https:\/\/impactocastex.com.ar\/?p=13263#primaryimage"},"image":{"@id":"https:\/\/impactocastex.com.ar\/?p=13263#primaryimage"},"thumbnailUrl":"https:\/\/impactocastex.com.ar\/wp-content\/uploads\/2025\/11\/Q5CDR33JIFGJFGHZVGW7DRTMRI-jwpEav.jpg","datePublished":"2026-03-17T06:38:31+00:00","breadcrumb":{"@id":"https:\/\/impactocastex.com.ar\/?p=13263#breadcrumb"},"inLanguage":"es","potentialAction":[{"@type":"ReadAction","target":["https:\/\/impactocastex.com.ar\/?p=13263"]}]},{"@type":"ImageObject","inLanguage":"es","@id":"https:\/\/impactocastex.com.ar\/?p=13263#primaryimage","url":"https:\/\/impactocastex.com.ar\/wp-content\/uploads\/2025\/11\/Q5CDR33JIFGJFGHZVGW7DRTMRI-jwpEav.jpg","contentUrl":"https:\/\/impactocastex.com.ar\/wp-content\/uploads\/2025\/11\/Q5CDR33JIFGJFGHZVGW7DRTMRI-jwpEav.jpg","width":2000,"height":1333},{"@type":"BreadcrumbList","@id":"https:\/\/impactocastex.com.ar\/?p=13263#breadcrumb","itemListElement":[{"@type":"ListItem","position":1,"name":"Portada","item":"https:\/\/impactocastex.com.ar\/"},{"@type":"ListItem","position":2,"name":"Javier Milei, en vivo: las \u00faltimas medidas del Gobierno"}]},{"@type":"WebSite","@id":"https:\/\/impactocastex.com.ar\/#website","url":"https:\/\/impactocastex.com.ar\/","name":"Impacto Castex","description":"","publisher":{"@id":"https:\/\/impactocastex.com.ar\/#organization"},"potentialAction":[{"@type":"SearchAction","target":{"@type":"EntryPoint","urlTemplate":"https:\/\/impactocastex.com.ar\/?s={search_term_string}"},"query-input":{"@type":"PropertyValueSpecification","valueRequired":true,"valueName":"search_term_string"}}],"inLanguage":"es"},{"@type":"Organization","@id":"https:\/\/impactocastex.com.ar\/#organization","name":"Impacto Castex","url":"https:\/\/impactocastex.com.ar\/","logo":{"@type":"ImageObject","inLanguage":"es","@id":"https:\/\/impactocastex.com.ar\/#\/schema\/logo\/image\/","url":"https:\/\/impactocastex.com.ar\/wp-content\/uploads\/2025\/09\/cropped-icoweb.png","contentUrl":"https:\/\/impactocastex.com.ar\/wp-content\/uploads\/2025\/09\/cropped-icoweb.png","width":512,"height":512,"caption":"Impacto Castex"},"image":{"@id":"https:\/\/impactocastex.com.ar\/#\/schema\/logo\/image\/"},"sameAs":["https:\/\/www.facebook.com\/impactocastexdiario","https:\/\/www.instagram.com\/impactocastex.com.ar\/"]},{"@type":"Person","@id":"https:\/\/impactocastex.com.ar\/#\/schema\/person\/86cb4f827fb5f87869a239b98a69c6e3","name":"impactocastex","image":{"@type":"ImageObject","inLanguage":"es","@id":"https:\/\/secure.gravatar.com\/avatar\/9a87ee051ca8c77f5d4070843ce2c78cdf95b858b950fb039151de955122f5f5?s=96&d=mm&r=g","url":"https:\/\/secure.gravatar.com\/avatar\/9a87ee051ca8c77f5d4070843ce2c78cdf95b858b950fb039151de955122f5f5?s=96&d=mm&r=g","contentUrl":"https:\/\/secure.gravatar.com\/avatar\/9a87ee051ca8c77f5d4070843ce2c78cdf95b858b950fb039151de955122f5f5?s=96&d=mm&r=g","caption":"impactocastex"},"sameAs":["https:\/\/impactocastex.com.ar"],"url":"https:\/\/impactocastex.com.ar\/?author=1"}]}},"jetpack_publicize_connections":[],"featured_image_urls":{"full":["https:\/\/impactocastex.com.ar\/wp-content\/uploads\/2025\/11\/Q5CDR33JIFGJFGHZVGW7DRTMRI-jwpEav.jpg",2000,1333,false],"thumbnail":["https:\/\/impactocastex.com.ar\/wp-content\/uploads\/2025\/11\/Q5CDR33JIFGJFGHZVGW7DRTMRI-jwpEav-150x150.jpg",150,150,true],"medium":["https:\/\/impactocastex.com.ar\/wp-content\/uploads\/2025\/11\/Q5CDR33JIFGJFGHZVGW7DRTMRI-jwpEav-300x200.jpg",300,200,true],"medium_large":["https:\/\/impactocastex.com.ar\/wp-content\/uploads\/2025\/11\/Q5CDR33JIFGJFGHZVGW7DRTMRI-jwpEav-768x512.jpg",640,427,true],"large":["https:\/\/impactocastex.com.ar\/wp-content\/uploads\/2025\/11\/Q5CDR33JIFGJFGHZVGW7DRTMRI-jwpEav-1024x682.jpg",640,426,true],"1536x1536":["https:\/\/impactocastex.com.ar\/wp-content\/uploads\/2025\/11\/Q5CDR33JIFGJFGHZVGW7DRTMRI-jwpEav-1536x1024.jpg",1536,1024,true],"2048x2048":["https:\/\/impactocastex.com.ar\/wp-content\/uploads\/2025\/11\/Q5CDR33JIFGJFGHZVGW7DRTMRI-jwpEav.jpg",2000,1333,false],"newsever-slider-full":["https:\/\/impactocastex.com.ar\/wp-content\/uploads\/2025\/11\/Q5CDR33JIFGJFGHZVGW7DRTMRI-jwpEav-1280x845.jpg",1280,845,true],"newsever-featured":["https:\/\/impactocastex.com.ar\/wp-content\/uploads\/2025\/11\/Q5CDR33JIFGJFGHZVGW7DRTMRI-jwpEav-1024x682.jpg",1024,682,true],"newsever-medium":["https:\/\/impactocastex.com.ar\/wp-content\/uploads\/2025\/11\/Q5CDR33JIFGJFGHZVGW7DRTMRI-jwpEav-720x475.jpg",720,475,true]},"author_info":{"info":["impactocastex"]},"category_info":"<a href=\"https:\/\/impactocastex.com.ar\/?cat=89\" rel=\"category\">NACIONALES<\/a>","tag_info":"NACIONALES","comment_count":0,"jetpack_featured_media_url":"https:\/\/impactocastex.com.ar\/wp-content\/uploads\/2025\/11\/Q5CDR33JIFGJFGHZVGW7DRTMRI-jwpEav.jpg","jetpack_sharing_enabled":true,"jetpack_likes_enabled":true,"jetpack_shortlink":"https:\/\/wp.me\/p7sopA-3rV","_links":{"self":[{"href":"https:\/\/impactocastex.com.ar\/index.php?rest_route=\/wp\/v2\/posts\/13263","targetHints":{"allow":["GET"]}}],"collection":[{"href":"https:\/\/impactocastex.com.ar\/index.php?rest_route=\/wp\/v2\/posts"}],"about":[{"href":"https:\/\/impactocastex.com.ar\/index.php?rest_route=\/wp\/v2\/types\/post"}],"author":[{"embeddable":true,"href":"https:\/\/impactocastex.com.ar\/index.php?rest_route=\/wp\/v2\/users\/1"}],"replies":[{"embeddable":true,"href":"https:\/\/impactocastex.com.ar\/index.php?rest_route=%2Fwp%2Fv2%2Fcomments&post=13263"}],"version-history":[{"count":0,"href":"https:\/\/impactocastex.com.ar\/index.php?rest_route=\/wp\/v2\/posts\/13263\/revisions"}],"wp:featuredmedia":[{"embeddable":true,"href":"https:\/\/impactocastex.com.ar\/index.php?rest_route=\/wp\/v2\/media\/3372"}],"wp:attachment":[{"href":"https:\/\/impactocastex.com.ar\/index.php?rest_route=%2Fwp%2Fv2%2Fmedia&parent=13263"}],"wp:term":[{"taxonomy":"category","embeddable":true,"href":"https:\/\/impactocastex.com.ar\/index.php?rest_route=%2Fwp%2Fv2%2Fcategories&post=13263"},{"taxonomy":"post_tag","embeddable":true,"href":"https:\/\/impactocastex.com.ar\/index.php?rest_route=%2Fwp%2Fv2%2Ftags&post=13263"}],"curies":[{"name":"wp","href":"https:\/\/api.w.org\/{rel}","templated":true}]}}