{"id":13259,"date":"2026-03-17T03:41:04","date_gmt":"2026-03-17T06:41:04","guid":{"rendered":"https:\/\/impactocastex.com.ar\/?p=13259"},"modified":"2026-03-17T03:41:04","modified_gmt":"2026-03-17T06:41:04","slug":"guerra-de-estados-unidos-e-israel-contra-iran-en-vivo-tension-en-medio-oriente-hoy-martes-17-de-marzo","status":"publish","type":"post","link":"https:\/\/impactocastex.com.ar\/?p=13259","title":{"rendered":"Guerra de Estados Unidos e Israel contra Ir\u00e1n, en vivo: tensi\u00f3n en Medio Oriente hoy, martes 17 de marzo"},"content":{"rendered":"<p>Tras la incursi\u00f3n terrestre del lunes, Israel moviliz\u00f3 m\u00e1s tropas por tierra en territorio liban\u00e9s con la intenci\u00f3n a debilitar puntos estrat\u00e9gicos de Hezbollah. <\/p>\n<p>\u00abSe han desplegado tropas adicionales de las FDI en el L\u00edbano, continuando los esfuerzos para establecer una posici\u00f3n de defensa avanzada con el fin de eliminar las amenazas y crear una capa adicional de seguridad para los residentes del norte de Israel frente a la amenaza de Hezbollah\u00bb, comunicaron las Fuerzas de Defesa de Israel (FDI). <\/p>\n<blockquote class=\"twitter-tweet\">\n<p lang=\"en\" dir=\"ltr\">\u2b55\ufe0f Operational Update: Lebanon<\/p>\n<p>Additional IDF troops have been deployed in Lebanon, continuing efforts to establish a forward defense posture in order to remove threats and create an additional layer of security for residents of northern Israel against Hezbollah\u2019s threat. <a href=\"https:\/\/t.co\/Q7dOLsT4Bd\">pic.twitter.com\/Q7dOLsT4Bd<\/a><\/p>\n<p>\u2014 Israel Defense Forces (@IDF) <a href=\"https:\/\/twitter.com\/IDF\/status\/2033789298038706228?ref_src=twsrc%5Etfw\">March 17, 2026<\/a><\/p><\/blockquote>\n<p>Un ciudadano de <b>Pakist\u00e1n <\/b>habr\u00eda muerto como consecuencia de los escombros que cayeron de un misil bal\u00edstico interceptado en la zona de Baniyas, en <b>Abu Dhabi<\/b>, seg\u00fan inform\u00f3 el jueves la oficina de prensa de la ciudad, y consign\u00f3 <a href=\"https:\/\/edition.cnn.com\/world\/live-news\/iran-war-us-israel-trump-03-17-26\" target=\"_blank\" rel=\"noreferrer\" title=\"https:\/\/edition.cnn.com\/world\/live-news\/iran-war-us-israel-trump-03-17-26\">CNN<\/a>. <\/p>\n<p>Las defensas a\u00e9reas de los Emiratos \u00c1rabes Unidos respondieron a misiles y drones provenientes de Ir\u00e1n. La Autoridad de Aviaci\u00f3n del pa\u00eds cerr\u00f3 temporalmente parte del espacio a\u00e9reo emirat\u00ed en respuesta a la r\u00e1pida evoluci\u00f3n de la situaci\u00f3n de seguridad regional.<\/p>\n<blockquote class=\"twitter-tweet\">\n<p lang=\"ar\" dir=\"rtl\">\u062a\u062a\u0639\u0627\u0645\u0644 \u062d\u0627\u0644\u064a\u0627\u064b \u0627\u0644\u062f\u0641\u0627\u0639\u0627\u062a \u0627\u0644\u062c\u0648\u064a\u0629 \u0627\u0644\u0625\u0645\u0627\u0631\u0627\u062a\u064a\u0629 \u0645\u0639 \u0627\u0639\u062a\u062f\u0627\u0621\u0627\u062a \u0635\u0627\u0631\u0648\u062e\u064a\u0629 \u0648\u0637\u0627\u0626\u0631\u0627\u062a \u0645\u0633\u064a\u0631\u0629 \u0642\u0627\u062f\u0645\u0629 \u0645\u0646 \u0625\u064a\u0631\u0627\u0646 \u0648\u062a\u0624\u0643\u062f \u0648\u0632\u0627\u0631\u0629 \u0627\u0644\u062f\u0641\u0627\u0639 \u0623\u0646 \u0627\u0644\u0623\u0635\u0648\u0627\u062a \u0627\u0644\u0645\u0633\u0645\u0648\u0639\u0629 \u0641\u064a \u0645\u0646\u0627\u0637\u0642 \u0645\u062a\u0641\u0631\u0642\u0629 \u0645\u0646 \u0627\u0644\u062f\u0648\u0644\u0629 \u0647\u064a \u0646\u062a\u064a\u062c\u0629 \u0627\u0639\u062a\u0631\u0627\u0636 \u0643\u0644 \u0645\u0646 \u0645\u0646\u0638\u0648\u0645\u0627\u062a \u0627\u0644\u062f\u0641\u0627\u0639 \u0627\u0644\u062c\u0648\u064a \u0644\u0644\u0635\u0648\u0627\u0631\u064a\u062e \u0627\u0644\u0628\u0627\u0644\u0633\u062a\u064a\u0629\u060c \u0648\u0627\u0644\u0645\u0642\u0627\u062a\u0644\u0627\u062a \u0644\u0644\u0637\u0627\u0626\u0631\u0627\u062a \u0627\u0644\u0645\u0633\u064a\u0631\u0629 \u0648\u0627\u0644\u062c\u0648\u0627\u0644\u0629.<\/p>\n<p>UAE air defences are\u2026 <a href=\"https:\/\/t.co\/ARFZrh9LjG\">pic.twitter.com\/ARFZrh9LjG<\/a><\/p>\n<p>\u2014 \u0648\u0632\u0627\u0631\u0629 \u0627\u0644\u062f\u0641\u0627\u0639 |MOD UAE (@modgovae) <a href=\"https:\/\/twitter.com\/modgovae\/status\/2033748947567841779?ref_src=twsrc%5Etfw\">March 17, 2026<\/a><\/p><\/blockquote>\n<p>El presidente de Estados Unidos, <b>Donald Trump<\/b>, sostuvo que su viaje a <b>China <\/b>previsto para este mes para reunirse con <b>Xi Jinping<\/b>, podr\u00eda retrasarse \u201caproximadamente un mes\u201d. Sin embargo, desde la Casa Blanca descartaron que el aplazamiento se deba al conflicto en el estrecho de <b>Ormuz<\/b>.<\/p>\n<p>\u201c<b>Estamos hablando con China. Me encantar\u00eda, pero debido a la guerra, quiero estar aqu\u00ed<\/b>\u201d, explic\u00f3 Trump. \u201cHemos solicitado que se posponga un mes aproximadamente, y tengo muchas ganas de reunirme con \u00e9l. Estamos en guerra. Creo que es importante que yo est\u00e9 aqu\u00ed. As\u00ed que es posible que se posponga un poco, pero no mucho\u201d, agreg\u00f3 el mandatario.<\/p>\n<p><img loading=\"lazy\" decoding=\"async\" src=\"https:\/\/resizer.glanacion.com\/resizer\/v2\/E7VKJLTAKVGFTG3XG2DKWAWKDM.JPG?auth=81b63f69c89af7c86c620bb1a968cfd1f575f2deb6a89cf81d206432ce22cea1&amp;smart=true&amp;width=3200&amp;height=2400\" alt=\"El presidente de China, Xi Jinping, y el presidente de Estados Unidos, Donald Trump\" height=\"2400\" width=\"3200\" \/><\/p>\n<p>En el inicio del decimoctavo d\u00eda de guerra, se reportaron varias explosiones en Dub\u00e1i, Emiratos \u00c1rabes Unidos (EAU), as\u00ed como en Doha, capital de Qatar.<\/p>\n<p>El Ministerio de Defensa de EAU indic\u00f3 que hab\u00eda interceptado un ataque con misiles, mientras en Dub\u00e1i, las explosiones se produjeron despu\u00e9s de una alerta que ped\u00eda a los habitantes \u201cbuscar refugio inmediato\u201d debido a \u201cposibles amenazas de misiles\u201d.<\/p>\n<p><img loading=\"lazy\" decoding=\"async\" src=\"https:\/\/resizer.glanacion.com\/resizer\/v2\/EZKM33MQS5DXRH2AOKNRYGVZ34.JPG?auth=12a787f41f696e774b82f09b6df8aedd604831774c96c887a8825ac7f2add6a9&amp;smart=true&amp;width=4271&amp;height=2847\" alt=\"Se observan estelas de cohetes en el cielo durante una nueva andanada de ataques con misiles iran\u00edes sobre la ciudad costera israel\u00ed\" height=\"2847\" width=\"4271\" \/><\/p>\n<p>Qatar, EAU y otros pa\u00edses del golfo P\u00e9rsico han sido atacados por drones y misiles los \u00faltimos d\u00edas, en que Teher\u00e1n lanza una campa\u00f1a de represalia por los ataques de Estados Unidos e Israel contra Ir\u00e1n.<\/p>\n<p>Los precios del petr\u00f3leo volvieron a subir en el mercado asi\u00e1tico un d\u00eda despu\u00e9s de bajar, ante la preocupaci\u00f3n de los inversores ante la situaci\u00f3n en el estrecho de Ormuz. El barril de crudo <b>West Texas Intermediate <\/b>(WTI) -referencia del mercado estadounidense- sub\u00eda 5,16% a US$98,32, tras caer 5,3% la v\u00edspera. El <b>Brent <\/b>del mar del Norte -referencia del mercado mundial- sub\u00eda 4,67% a US$104,88 el barril, despu\u00e9s de bajar 2,8% el lunes.<\/p>\n<p>Cabe recordar que la <b>Agencia Internacional de Energ\u00eda<\/b> (AIE) acord\u00f3 la semana pasada liberar hasta 400 millones de barriles de crudo de las reservas de sus pa\u00edses miembros, y <b>Jap\u00f3n <\/b>comenz\u00f3 el lunes a liberar su parte. Eso ayud\u00f3 a calmar a los inversionistas, al igual que el paso de un buque petrolero paquistan\u00ed por el estrecho de <b>Ormuz<\/b>, el primer cisterna no iran\u00ed en transitar por esa ruta bloqueada por Ir\u00e1n.<\/p>\n<p>Pero al mismo tiempo continuaron los ataques contra instalaciones petroleras en Oriente Medio, alcanzando el lunes campos de hidrocarburos en Emiratos \u00c1rabes Unidos e Irak.<\/p>\n<p>En el mercado accionario, el \u00edndice japon\u00e9s <b>Nikkei <\/b>sub\u00eda 0,5% y el surcoreano <b>Kospi <\/b>aumentaba 2,4% la ma\u00f1ana del martes. Tambi\u00e9n se registraron alzas en las bolsas de <b>Hong<\/b> <b>Kong<\/b>, <b>Shangh\u00e1i<\/b>, <b>Singapur<\/b>, <b>Taip\u00e9i <\/b>y <b>Manila<\/b>.<\/p>\n<p>El ej\u00e9rcito israel\u00ed afirm\u00f3 el martes que comenz\u00f3 una \u201cola de ataques a gran escala\u201d contra la Teher\u00e1n, as\u00ed como bombardeos contra posiciones del movimiento islamista Hezbollah en la capital de Beirut.<\/p>\n<p>\u201cLas FDI (Fuerzas de Defensa Israel\u00edes) comenzaron una ola de ataques a gran escala contra infraestructura de terror del r\u00e9gimen en Teher\u00e1n\u201d, la capital de Ir\u00e1n, public\u00f3 el ej\u00e9rcito en Telegram. \u201cAdicionalmente, las FDI comenzaron una ola adicional de ataques contra infraestructura de terror de Hezbollah en Beirut\u201d, agreg\u00f3.<\/p>\n<blockquote class=\"twitter-tweet\">\n<p lang=\"iw\" dir=\"rtl\">\u05d1\u05d8\u05d4\u05e8\u05df \u05d5\u05d1\u05d1\u05d9\u05d9\u05e8\u05d5\u05ea \u05d1\u05de\u05e7\u05d1\u05d9\u05dc:<br \/>\u05d7\u05d9\u05dc-\u05d4\u05d0\u05d5\u05d5\u05d9\u05e8 \u05d4\u05d7\u05dc \u05db\u05e2\u05ea \u05d1\u05d2\u05dc\u05d9 \u05ea\u05e7\u05d9\u05e4\u05d5\u05ea \u05e0\u05e8\u05d7\u05d1\u05d9\u05dd \u05dc\u05e2\u05d1\u05e8 \u05ea\u05e9\u05ea\u05d9\u05d5\u05ea \u05e9\u05dc \u05de\u05e9\u05d8\u05e8 \u05d4\u05d8\u05e8\u05d5\u05e8 \u05d4\u05d0\u05d9\u05e8\u05d0\u05e0\u05d9 \u05d1\u05e8\u05d7\u05d1\u05d9 \u05d8\u05d4\u05e8\u05df, \u05d5\u05dc\u05e2\u05d1\u05e8 \u05ea\u05e9\u05ea\u05d9\u05d5\u05ea \u05e9\u05dc \u05d0\u05e8\u05d2\u05d5\u05df \u05d4\u05d8\u05e8\u05d5\u05e8 \u05d7\u05d9\u05d6\u05d1\u05d0\u05dc\u05dc\u05d4 \u05d1\u05d1\u05d9\u05d9\u05e8\u05d5\u05ea.<\/p>\n<p>\u2014 Israeli Air Force (@IAFsite) <a href=\"https:\/\/twitter.com\/IAFsite\/status\/2033720768823951623?ref_src=twsrc%5Etfw\">March 17, 2026<\/a><\/p><\/blockquote>\n<p>La Autoridad de Aviaci\u00f3n Civil de Dubai inform\u00f3 la suspensi\u00f3n de su operatividad temporalmente despu\u00e9s de que un dep\u00f3sito de combustible cercano se incendiara durante un \u201cincidente relacionado con drones\u201d.<\/p>\n<p>El senador <b>Chuck Schumer<\/b>, l\u00edder de la minor\u00eda en el Senado estadounidense, apunt\u00f3 contra Trump por la escalada de la guerra en Medio Oriente. \u201cDonald Trump dice que espera que China nos ayude a despejar el estrecho de Ormuz. \u00bfMe est\u00e1s tomando el pelo?\u201c, dijo en X y agreg\u00f3: \u201d<b>Donald Trump cre\u00f3 un caos en Medio Oriente y, evidentemente, no tiene ning\u00fan plan para solucionarlo<\/b>\u201c.<\/p>\n<blockquote class=\"twitter-tweet\">\n<p lang=\"en\" dir=\"ltr\">Donald Trump says\u00a0he\u2019s hoping\u00a0China will help us clear the Strait of Hormuz. Are you kidding me?<\/p>\n<p>Donald Trump created a mess in the Middle East, and he clearly has no plan for how to end it.<\/p>\n<p>\u2014 Chuck Schumer (@SenSchumer) <a href=\"https:\/\/twitter.com\/SenSchumer\/status\/2033664589984866371?ref_src=twsrc%5Etfw\">March 16, 2026<\/a><\/p><\/blockquote>\n<p>A trav\u00e9s de un comunicado difundido en X, el Ministerio de Defensa emirat\u00ed confirm\u00f3 \u201cque los sonidos escuchados son el resultado de la interceptaci\u00f3n de misiles y drones por parte de los sistemas de defensa a\u00e9rea\u201d.<\/p>\n<blockquote class=\"twitter-tweet\">\n<p lang=\"ar\" dir=\"rtl\">\u062a\u062a\u0639\u0627\u0645\u0644 \u062d\u0627\u0644\u064a\u0627\u064b \u0627\u0644\u062f\u0641\u0627\u0639\u0627\u062a \u0627\u0644\u062c\u0648\u064a\u0629 \u0627\u0644\u0625\u0645\u0627\u0631\u0627\u062a\u064a\u0629 \u0645\u0639 \u0627\u0639\u062a\u062f\u0627\u0621\u0627\u062a \u0635\u0627\u0631\u0648\u062e\u064a\u0629 \u0648\u0637\u0627\u0626\u0631\u0627\u062a \u0645\u0633\u064a\u0631\u0629 \u0642\u0627\u062f\u0645\u0629 \u0645\u0646 \u0625\u064a\u0631\u0627\u0646 \u0648\u062a\u0624\u0643\u062f \u0648\u0632\u0627\u0631\u0629 \u0627\u0644\u062f\u0641\u0627\u0639 \u0623\u0646 \u0627\u0644\u0623\u0635\u0648\u0627\u062a \u0627\u0644\u0645\u0633\u0645\u0648\u0639\u0629 \u0641\u064a \u0645\u0646\u0627\u0637\u0642 \u0645\u062a\u0641\u0631\u0642\u0629 \u0645\u0646 \u0627\u0644\u062f\u0648\u0644\u0629 \u0647\u064a \u0646\u062a\u064a\u062c\u0629 \u0627\u0639\u062a\u0631\u0627\u0636 \u0643\u0644 \u0645\u0646 \u0645\u0646\u0638\u0648\u0645\u0627\u062a \u0627\u0644\u062f\u0641\u0627\u0639 \u0627\u0644\u062c\u0648\u064a \u0644\u0644\u0635\u0648\u0627\u0631\u064a\u062e \u0627\u0644\u0628\u0627\u0644\u0633\u062a\u064a\u0629\u060c \u0648\u0627\u0644\u0645\u0642\u0627\u062a\u0644\u0627\u062a \u0644\u0644\u0637\u0627\u0626\u0631\u0627\u062a \u0627\u0644\u0645\u0633\u064a\u0631\u0629 \u0648\u0627\u0644\u062c\u0648\u0627\u0644\u0629.<\/p>\n<p>UAE air defences are\u2026 <a href=\"https:\/\/t.co\/zf1OYIvrYd\">pic.twitter.com\/zf1OYIvrYd<\/a><\/p>\n<p>\u2014 \u0648\u0632\u0627\u0631\u0629 \u0627\u0644\u062f\u0641\u0627\u0639 |MOD UAE (@modgovae) <a href=\"https:\/\/twitter.com\/modgovae\/status\/2033682066458742971?ref_src=twsrc%5Etfw\">March 16, 2026<\/a><\/p><\/blockquote>\n<p>El gobierno iraqu\u00ed conden\u00f3 una serie de \u201c<b>ataques terroristas<\/b>\u201d contra un hotel de <b>Bagdad<\/b>, la embajada de Estados Unidos y un importante yacimiento petrol\u00edfero en el sur del pa\u00eds, calific\u00e1ndolos de amenaza para la \u201cseguridad y estabilidad\u201d de Irak.<\/p>\n<p>El primer ministro <b>Mohammed Shia al-Sudani <\/b>orden\u00f3 a las fuerzas de seguridad \u201clocalizar y arrestar a los autores de estos actos y llevarlos inmediatamente ante la justicia para que reciban el castigo que merecen\u201d, seg\u00fan un comunicado de su portavoz, Sabah al-Numan.<\/p>\n<p>\u201cEstos actos criminales tienen graves repercusiones para nuestro pa\u00eds y socavan los esfuerzos del gobierno por la reconstrucci\u00f3n y la prosperidad\u201d, reza el comunicado.<\/p>\n<p>Un dron cay\u00f3 este lunes por la noche sobre un hotel de lujo muy frecuentado en Bagdad, sin causar heridos, antes de que se produjera <b>un ataque contra la embajada estadounidense <\/b>en la Zona Verde de la ciudad, el \u00e1rea fortificada de la capital iraqu\u00ed.<\/p>\n<p>Cuatro cohetes lanzados contra la sede diplom\u00e1tica fueron derribados, seg\u00fan un responsable de seguridad. Un periodista de la AFP vio que la defensa antia\u00e9rea de la embajada <b>interceptaba los proyectiles cerca del recinto<\/b>.<\/p>\n<p>\u200bCobertura en tiempo real con las novedades m\u00e1s importantes de la tensi\u00f3n en Medio Oriente y de las acciones del mandatario estadounidense, Donald Trump\u00a0\u00a0<\/p>","protected":false},"excerpt":{"rendered":"<p>Tras la incursi\u00f3n terrestre del lunes, Israel moviliz\u00f3 m\u00e1s tropas por tierra en territorio liban\u00e9s&#8230;<\/p>\n","protected":false},"author":1,"featured_media":13260,"comment_status":"closed","ping_status":"closed","sticky":false,"template":"","format":"standard","meta":{"_jetpack_memberships_contains_paid_content":false,"footnotes":"","jetpack_publicize_message":"","jetpack_publicize_feature_enabled":true,"jetpack_social_post_already_shared":false,"jetpack_social_options":{"image_generator_settings":{"template":"highway","default_image_id":0,"font":"","enabled":false},"version":2}},"categories":[89],"tags":[],"class_list":["post-13259","post","type-post","status-publish","format-standard","has-post-thumbnail","hentry","category-nacionales"],"yoast_head":"<!-- This site is optimized with the Yoast SEO plugin v27.4 - https:\/\/yoast.com\/product\/yoast-seo-wordpress\/ -->\n<title>Guerra de Estados Unidos e Israel contra Ir\u00e1n, en vivo: tensi\u00f3n en Medio Oriente hoy, martes 17 de marzo -<\/title>\n<meta name=\"robots\" content=\"index, follow, max-snippet:-1, max-image-preview:large, max-video-preview:-1\" \/>\n<link rel=\"canonical\" href=\"https:\/\/impactocastex.com.ar\/?p=13259\" \/>\n<meta property=\"og:locale\" content=\"es_ES\" \/>\n<meta property=\"og:type\" content=\"article\" \/>\n<meta property=\"og:title\" content=\"Guerra de Estados Unidos e Israel contra Ir\u00e1n, en vivo: tensi\u00f3n en Medio Oriente hoy, martes 17 de marzo -\" \/>\n<meta property=\"og:description\" content=\"Tras la incursi\u00f3n terrestre del lunes, Israel moviliz\u00f3 m\u00e1s tropas por tierra en territorio liban\u00e9s...\" \/>\n<meta property=\"og:url\" content=\"https:\/\/impactocastex.com.ar\/?p=13259\" \/>\n<meta property=\"article:publisher\" content=\"https:\/\/www.facebook.com\/impactocastexdiario\" \/>\n<meta property=\"article:published_time\" content=\"2026-03-17T06:41:04+00:00\" \/>\n<meta property=\"og:image\" content=\"https:\/\/resizer.glanacion.com\/resizer\/v2\/E7VKJLTAKVGFTG3XG2DKWAWKDM.JPG?auth=81b63f69c89af7c86c620bb1a968cfd1f575f2deb6a89cf81d206432ce22cea1&amp;smart=true&amp;width=3200&amp;height=2400\" \/>\n<meta name=\"author\" content=\"impactocastex\" \/>\n<meta name=\"twitter:card\" content=\"summary_large_image\" \/>\n<meta name=\"twitter:label1\" content=\"Escrito por\" \/>\n\t<meta name=\"twitter:data1\" content=\"impactocastex\" \/>\n\t<meta name=\"twitter:label2\" content=\"Tiempo de lectura\" \/>\n\t<meta name=\"twitter:data2\" content=\"6 minutos\" \/>\n<script type=\"application\/ld+json\" class=\"yoast-schema-graph\">{\"@context\":\"https:\\\/\\\/schema.org\",\"@graph\":[{\"@type\":\"Article\",\"@id\":\"https:\\\/\\\/impactocastex.com.ar\\\/?p=13259#article\",\"isPartOf\":{\"@id\":\"https:\\\/\\\/impactocastex.com.ar\\\/?p=13259\"},\"author\":{\"name\":\"impactocastex\",\"@id\":\"https:\\\/\\\/impactocastex.com.ar\\\/#\\\/schema\\\/person\\\/86cb4f827fb5f87869a239b98a69c6e3\"},\"headline\":\"Guerra de Estados Unidos e Israel contra Ir\u00e1n, en vivo: tensi\u00f3n en Medio Oriente hoy, martes 17 de marzo\",\"datePublished\":\"2026-03-17T06:41:04+00:00\",\"mainEntityOfPage\":{\"@id\":\"https:\\\/\\\/impactocastex.com.ar\\\/?p=13259\"},\"wordCount\":1210,\"publisher\":{\"@id\":\"https:\\\/\\\/impactocastex.com.ar\\\/#organization\"},\"image\":{\"@id\":\"https:\\\/\\\/impactocastex.com.ar\\\/?p=13259#primaryimage\"},\"thumbnailUrl\":\"https:\\\/\\\/impactocastex.com.ar\\\/wp-content\\\/uploads\\\/2026\\\/03\\\/BNIS4LDLYBGKXNOH5CWJ6S7ZAA-OWkHGS.jpg\",\"articleSection\":[\"NACIONALES\"],\"inLanguage\":\"es\"},{\"@type\":\"WebPage\",\"@id\":\"https:\\\/\\\/impactocastex.com.ar\\\/?p=13259\",\"url\":\"https:\\\/\\\/impactocastex.com.ar\\\/?p=13259\",\"name\":\"Guerra de Estados Unidos e Israel contra Ir\u00e1n, en vivo: tensi\u00f3n en Medio Oriente hoy, martes 17 de marzo -\",\"isPartOf\":{\"@id\":\"https:\\\/\\\/impactocastex.com.ar\\\/#website\"},\"primaryImageOfPage\":{\"@id\":\"https:\\\/\\\/impactocastex.com.ar\\\/?p=13259#primaryimage\"},\"image\":{\"@id\":\"https:\\\/\\\/impactocastex.com.ar\\\/?p=13259#primaryimage\"},\"thumbnailUrl\":\"https:\\\/\\\/impactocastex.com.ar\\\/wp-content\\\/uploads\\\/2026\\\/03\\\/BNIS4LDLYBGKXNOH5CWJ6S7ZAA-OWkHGS.jpg\",\"datePublished\":\"2026-03-17T06:41:04+00:00\",\"breadcrumb\":{\"@id\":\"https:\\\/\\\/impactocastex.com.ar\\\/?p=13259#breadcrumb\"},\"inLanguage\":\"es\",\"potentialAction\":[{\"@type\":\"ReadAction\",\"target\":[\"https:\\\/\\\/impactocastex.com.ar\\\/?p=13259\"]}]},{\"@type\":\"ImageObject\",\"inLanguage\":\"es\",\"@id\":\"https:\\\/\\\/impactocastex.com.ar\\\/?p=13259#primaryimage\",\"url\":\"https:\\\/\\\/impactocastex.com.ar\\\/wp-content\\\/uploads\\\/2026\\\/03\\\/BNIS4LDLYBGKXNOH5CWJ6S7ZAA-OWkHGS.jpg\",\"contentUrl\":\"https:\\\/\\\/impactocastex.com.ar\\\/wp-content\\\/uploads\\\/2026\\\/03\\\/BNIS4LDLYBGKXNOH5CWJ6S7ZAA-OWkHGS.jpg\",\"width\":2382,\"height\":1588},{\"@type\":\"BreadcrumbList\",\"@id\":\"https:\\\/\\\/impactocastex.com.ar\\\/?p=13259#breadcrumb\",\"itemListElement\":[{\"@type\":\"ListItem\",\"position\":1,\"name\":\"Portada\",\"item\":\"https:\\\/\\\/impactocastex.com.ar\\\/\"},{\"@type\":\"ListItem\",\"position\":2,\"name\":\"Guerra de Estados Unidos e Israel contra Ir\u00e1n, en vivo: tensi\u00f3n en Medio Oriente hoy, martes 17 de marzo\"}]},{\"@type\":\"WebSite\",\"@id\":\"https:\\\/\\\/impactocastex.com.ar\\\/#website\",\"url\":\"https:\\\/\\\/impactocastex.com.ar\\\/\",\"name\":\"Impacto Castex\",\"description\":\"\",\"publisher\":{\"@id\":\"https:\\\/\\\/impactocastex.com.ar\\\/#organization\"},\"potentialAction\":[{\"@type\":\"SearchAction\",\"target\":{\"@type\":\"EntryPoint\",\"urlTemplate\":\"https:\\\/\\\/impactocastex.com.ar\\\/?s={search_term_string}\"},\"query-input\":{\"@type\":\"PropertyValueSpecification\",\"valueRequired\":true,\"valueName\":\"search_term_string\"}}],\"inLanguage\":\"es\"},{\"@type\":\"Organization\",\"@id\":\"https:\\\/\\\/impactocastex.com.ar\\\/#organization\",\"name\":\"Impacto Castex\",\"url\":\"https:\\\/\\\/impactocastex.com.ar\\\/\",\"logo\":{\"@type\":\"ImageObject\",\"inLanguage\":\"es\",\"@id\":\"https:\\\/\\\/impactocastex.com.ar\\\/#\\\/schema\\\/logo\\\/image\\\/\",\"url\":\"https:\\\/\\\/impactocastex.com.ar\\\/wp-content\\\/uploads\\\/2025\\\/09\\\/cropped-icoweb.png\",\"contentUrl\":\"https:\\\/\\\/impactocastex.com.ar\\\/wp-content\\\/uploads\\\/2025\\\/09\\\/cropped-icoweb.png\",\"width\":512,\"height\":512,\"caption\":\"Impacto Castex\"},\"image\":{\"@id\":\"https:\\\/\\\/impactocastex.com.ar\\\/#\\\/schema\\\/logo\\\/image\\\/\"},\"sameAs\":[\"https:\\\/\\\/www.facebook.com\\\/impactocastexdiario\",\"https:\\\/\\\/www.instagram.com\\\/impactocastex.com.ar\\\/\"]},{\"@type\":\"Person\",\"@id\":\"https:\\\/\\\/impactocastex.com.ar\\\/#\\\/schema\\\/person\\\/86cb4f827fb5f87869a239b98a69c6e3\",\"name\":\"impactocastex\",\"image\":{\"@type\":\"ImageObject\",\"inLanguage\":\"es\",\"@id\":\"https:\\\/\\\/secure.gravatar.com\\\/avatar\\\/9a87ee051ca8c77f5d4070843ce2c78cdf95b858b950fb039151de955122f5f5?s=96&d=mm&r=g\",\"url\":\"https:\\\/\\\/secure.gravatar.com\\\/avatar\\\/9a87ee051ca8c77f5d4070843ce2c78cdf95b858b950fb039151de955122f5f5?s=96&d=mm&r=g\",\"contentUrl\":\"https:\\\/\\\/secure.gravatar.com\\\/avatar\\\/9a87ee051ca8c77f5d4070843ce2c78cdf95b858b950fb039151de955122f5f5?s=96&d=mm&r=g\",\"caption\":\"impactocastex\"},\"sameAs\":[\"https:\\\/\\\/impactocastex.com.ar\"],\"url\":\"https:\\\/\\\/impactocastex.com.ar\\\/?author=1\"}]}<\/script>\n<!-- \/ Yoast SEO plugin. -->","yoast_head_json":{"title":"Guerra de Estados Unidos e Israel contra Ir\u00e1n, en vivo: tensi\u00f3n en Medio Oriente hoy, martes 17 de marzo -","robots":{"index":"index","follow":"follow","max-snippet":"max-snippet:-1","max-image-preview":"max-image-preview:large","max-video-preview":"max-video-preview:-1"},"canonical":"https:\/\/impactocastex.com.ar\/?p=13259","og_locale":"es_ES","og_type":"article","og_title":"Guerra de Estados Unidos e Israel contra Ir\u00e1n, en vivo: tensi\u00f3n en Medio Oriente hoy, martes 17 de marzo -","og_description":"Tras la incursi\u00f3n terrestre del lunes, Israel moviliz\u00f3 m\u00e1s tropas por tierra en territorio liban\u00e9s...","og_url":"https:\/\/impactocastex.com.ar\/?p=13259","article_publisher":"https:\/\/www.facebook.com\/impactocastexdiario","article_published_time":"2026-03-17T06:41:04+00:00","og_image":[{"url":"https:\/\/resizer.glanacion.com\/resizer\/v2\/E7VKJLTAKVGFTG3XG2DKWAWKDM.JPG?auth=81b63f69c89af7c86c620bb1a968cfd1f575f2deb6a89cf81d206432ce22cea1&amp;smart=true&amp;width=3200&amp;height=2400","type":"","width":"","height":""}],"author":"impactocastex","twitter_card":"summary_large_image","twitter_misc":{"Escrito por":"impactocastex","Tiempo de lectura":"6 minutos"},"schema":{"@context":"https:\/\/schema.org","@graph":[{"@type":"Article","@id":"https:\/\/impactocastex.com.ar\/?p=13259#article","isPartOf":{"@id":"https:\/\/impactocastex.com.ar\/?p=13259"},"author":{"name":"impactocastex","@id":"https:\/\/impactocastex.com.ar\/#\/schema\/person\/86cb4f827fb5f87869a239b98a69c6e3"},"headline":"Guerra de Estados Unidos e Israel contra Ir\u00e1n, en vivo: tensi\u00f3n en Medio Oriente hoy, martes 17 de marzo","datePublished":"2026-03-17T06:41:04+00:00","mainEntityOfPage":{"@id":"https:\/\/impactocastex.com.ar\/?p=13259"},"wordCount":1210,"publisher":{"@id":"https:\/\/impactocastex.com.ar\/#organization"},"image":{"@id":"https:\/\/impactocastex.com.ar\/?p=13259#primaryimage"},"thumbnailUrl":"https:\/\/impactocastex.com.ar\/wp-content\/uploads\/2026\/03\/BNIS4LDLYBGKXNOH5CWJ6S7ZAA-OWkHGS.jpg","articleSection":["NACIONALES"],"inLanguage":"es"},{"@type":"WebPage","@id":"https:\/\/impactocastex.com.ar\/?p=13259","url":"https:\/\/impactocastex.com.ar\/?p=13259","name":"Guerra de Estados Unidos e Israel contra Ir\u00e1n, en vivo: tensi\u00f3n en Medio Oriente hoy, martes 17 de marzo -","isPartOf":{"@id":"https:\/\/impactocastex.com.ar\/#website"},"primaryImageOfPage":{"@id":"https:\/\/impactocastex.com.ar\/?p=13259#primaryimage"},"image":{"@id":"https:\/\/impactocastex.com.ar\/?p=13259#primaryimage"},"thumbnailUrl":"https:\/\/impactocastex.com.ar\/wp-content\/uploads\/2026\/03\/BNIS4LDLYBGKXNOH5CWJ6S7ZAA-OWkHGS.jpg","datePublished":"2026-03-17T06:41:04+00:00","breadcrumb":{"@id":"https:\/\/impactocastex.com.ar\/?p=13259#breadcrumb"},"inLanguage":"es","potentialAction":[{"@type":"ReadAction","target":["https:\/\/impactocastex.com.ar\/?p=13259"]}]},{"@type":"ImageObject","inLanguage":"es","@id":"https:\/\/impactocastex.com.ar\/?p=13259#primaryimage","url":"https:\/\/impactocastex.com.ar\/wp-content\/uploads\/2026\/03\/BNIS4LDLYBGKXNOH5CWJ6S7ZAA-OWkHGS.jpg","contentUrl":"https:\/\/impactocastex.com.ar\/wp-content\/uploads\/2026\/03\/BNIS4LDLYBGKXNOH5CWJ6S7ZAA-OWkHGS.jpg","width":2382,"height":1588},{"@type":"BreadcrumbList","@id":"https:\/\/impactocastex.com.ar\/?p=13259#breadcrumb","itemListElement":[{"@type":"ListItem","position":1,"name":"Portada","item":"https:\/\/impactocastex.com.ar\/"},{"@type":"ListItem","position":2,"name":"Guerra de Estados Unidos e Israel contra Ir\u00e1n, en vivo: tensi\u00f3n en Medio Oriente hoy, martes 17 de marzo"}]},{"@type":"WebSite","@id":"https:\/\/impactocastex.com.ar\/#website","url":"https:\/\/impactocastex.com.ar\/","name":"Impacto Castex","description":"","publisher":{"@id":"https:\/\/impactocastex.com.ar\/#organization"},"potentialAction":[{"@type":"SearchAction","target":{"@type":"EntryPoint","urlTemplate":"https:\/\/impactocastex.com.ar\/?s={search_term_string}"},"query-input":{"@type":"PropertyValueSpecification","valueRequired":true,"valueName":"search_term_string"}}],"inLanguage":"es"},{"@type":"Organization","@id":"https:\/\/impactocastex.com.ar\/#organization","name":"Impacto Castex","url":"https:\/\/impactocastex.com.ar\/","logo":{"@type":"ImageObject","inLanguage":"es","@id":"https:\/\/impactocastex.com.ar\/#\/schema\/logo\/image\/","url":"https:\/\/impactocastex.com.ar\/wp-content\/uploads\/2025\/09\/cropped-icoweb.png","contentUrl":"https:\/\/impactocastex.com.ar\/wp-content\/uploads\/2025\/09\/cropped-icoweb.png","width":512,"height":512,"caption":"Impacto Castex"},"image":{"@id":"https:\/\/impactocastex.com.ar\/#\/schema\/logo\/image\/"},"sameAs":["https:\/\/www.facebook.com\/impactocastexdiario","https:\/\/www.instagram.com\/impactocastex.com.ar\/"]},{"@type":"Person","@id":"https:\/\/impactocastex.com.ar\/#\/schema\/person\/86cb4f827fb5f87869a239b98a69c6e3","name":"impactocastex","image":{"@type":"ImageObject","inLanguage":"es","@id":"https:\/\/secure.gravatar.com\/avatar\/9a87ee051ca8c77f5d4070843ce2c78cdf95b858b950fb039151de955122f5f5?s=96&d=mm&r=g","url":"https:\/\/secure.gravatar.com\/avatar\/9a87ee051ca8c77f5d4070843ce2c78cdf95b858b950fb039151de955122f5f5?s=96&d=mm&r=g","contentUrl":"https:\/\/secure.gravatar.com\/avatar\/9a87ee051ca8c77f5d4070843ce2c78cdf95b858b950fb039151de955122f5f5?s=96&d=mm&r=g","caption":"impactocastex"},"sameAs":["https:\/\/impactocastex.com.ar"],"url":"https:\/\/impactocastex.com.ar\/?author=1"}]}},"jetpack_publicize_connections":[],"featured_image_urls":{"full":["https:\/\/impactocastex.com.ar\/wp-content\/uploads\/2026\/03\/BNIS4LDLYBGKXNOH5CWJ6S7ZAA-OWkHGS.jpg",2382,1588,false],"thumbnail":["https:\/\/impactocastex.com.ar\/wp-content\/uploads\/2026\/03\/BNIS4LDLYBGKXNOH5CWJ6S7ZAA-OWkHGS-150x150.jpg",150,150,true],"medium":["https:\/\/impactocastex.com.ar\/wp-content\/uploads\/2026\/03\/BNIS4LDLYBGKXNOH5CWJ6S7ZAA-OWkHGS-300x200.jpg",300,200,true],"medium_large":["https:\/\/impactocastex.com.ar\/wp-content\/uploads\/2026\/03\/BNIS4LDLYBGKXNOH5CWJ6S7ZAA-OWkHGS-768x512.jpg",640,427,true],"large":["https:\/\/impactocastex.com.ar\/wp-content\/uploads\/2026\/03\/BNIS4LDLYBGKXNOH5CWJ6S7ZAA-OWkHGS-1024x683.jpg",640,427,true],"1536x1536":["https:\/\/impactocastex.com.ar\/wp-content\/uploads\/2026\/03\/BNIS4LDLYBGKXNOH5CWJ6S7ZAA-OWkHGS-1536x1024.jpg",1536,1024,true],"2048x2048":["https:\/\/impactocastex.com.ar\/wp-content\/uploads\/2026\/03\/BNIS4LDLYBGKXNOH5CWJ6S7ZAA-OWkHGS-2048x1365.jpg",2048,1365,true],"newsever-slider-full":["https:\/\/impactocastex.com.ar\/wp-content\/uploads\/2026\/03\/BNIS4LDLYBGKXNOH5CWJ6S7ZAA-OWkHGS-1280x845.jpg",1280,845,true],"newsever-featured":["https:\/\/impactocastex.com.ar\/wp-content\/uploads\/2026\/03\/BNIS4LDLYBGKXNOH5CWJ6S7ZAA-OWkHGS-1024x683.jpg",1024,683,true],"newsever-medium":["https:\/\/impactocastex.com.ar\/wp-content\/uploads\/2026\/03\/BNIS4LDLYBGKXNOH5CWJ6S7ZAA-OWkHGS-720x475.jpg",720,475,true]},"author_info":{"info":["impactocastex"]},"category_info":"<a href=\"https:\/\/impactocastex.com.ar\/?cat=89\" rel=\"category\">NACIONALES<\/a>","tag_info":"NACIONALES","comment_count":0,"jetpack_featured_media_url":"https:\/\/impactocastex.com.ar\/wp-content\/uploads\/2026\/03\/BNIS4LDLYBGKXNOH5CWJ6S7ZAA-OWkHGS.jpg","jetpack_sharing_enabled":true,"jetpack_likes_enabled":true,"jetpack_shortlink":"https:\/\/wp.me\/p7sopA-3rR","_links":{"self":[{"href":"https:\/\/impactocastex.com.ar\/index.php?rest_route=\/wp\/v2\/posts\/13259","targetHints":{"allow":["GET"]}}],"collection":[{"href":"https:\/\/impactocastex.com.ar\/index.php?rest_route=\/wp\/v2\/posts"}],"about":[{"href":"https:\/\/impactocastex.com.ar\/index.php?rest_route=\/wp\/v2\/types\/post"}],"author":[{"embeddable":true,"href":"https:\/\/impactocastex.com.ar\/index.php?rest_route=\/wp\/v2\/users\/1"}],"replies":[{"embeddable":true,"href":"https:\/\/impactocastex.com.ar\/index.php?rest_route=%2Fwp%2Fv2%2Fcomments&post=13259"}],"version-history":[{"count":0,"href":"https:\/\/impactocastex.com.ar\/index.php?rest_route=\/wp\/v2\/posts\/13259\/revisions"}],"wp:featuredmedia":[{"embeddable":true,"href":"https:\/\/impactocastex.com.ar\/index.php?rest_route=\/wp\/v2\/media\/13260"}],"wp:attachment":[{"href":"https:\/\/impactocastex.com.ar\/index.php?rest_route=%2Fwp%2Fv2%2Fmedia&parent=13259"}],"wp:term":[{"taxonomy":"category","embeddable":true,"href":"https:\/\/impactocastex.com.ar\/index.php?rest_route=%2Fwp%2Fv2%2Fcategories&post=13259"},{"taxonomy":"post_tag","embeddable":true,"href":"https:\/\/impactocastex.com.ar\/index.php?rest_route=%2Fwp%2Fv2%2Ftags&post=13259"}],"curies":[{"name":"wp","href":"https:\/\/api.w.org\/{rel}","templated":true}]}}