{"id":1320,"date":"2025-09-24T11:24:53","date_gmt":"2025-09-24T14:24:53","guid":{"rendered":"https:\/\/impactocastex.com.ar\/?p=1320"},"modified":"2025-09-24T11:24:54","modified_gmt":"2025-09-24T14:24:54","slug":"estrellas-amarillas-y-los-cambios-en-la-ley-una-reparacion-para-victimas-de-siniestros-viales","status":"publish","type":"post","link":"https:\/\/impactocastex.com.ar\/?p=1320","title":{"rendered":"Estrellas Amarillas y los cambios en la ley: \u00abuna reparaci\u00f3n para v\u00edctimas de siniestros viales\u00bb"},"content":{"rendered":"\n<p>Tras la media sanci\u00f3n en el Senado, la presidenta de la Fundaci\u00f3n Estrellas Amarillas, Silvia Gonz\u00e1lez, destac\u00f3 que la reforma del C\u00f3digo Penal \u00abigualar\u00e1 el da\u00f1o cometido\u00bb y dar\u00e1 \u00abtranquilidad a las familias de v\u00edctimas\u00bb.<\/p>\n\n\n\n<figure class=\"wp-block-image size-large\"><img loading=\"lazy\" decoding=\"async\" width=\"1024\" height=\"538\" src=\"https:\/\/impactocastex.com.ar\/wp-content\/uploads\/2025\/09\/2123069-1024x538.jpg\" alt=\"\" class=\"wp-image-1321\" srcset=\"https:\/\/impactocastex.com.ar\/wp-content\/uploads\/2025\/09\/2123069-1024x538.jpg 1024w, https:\/\/impactocastex.com.ar\/wp-content\/uploads\/2025\/09\/2123069-300x158.jpg 300w, https:\/\/impactocastex.com.ar\/wp-content\/uploads\/2025\/09\/2123069-768x404.jpg 768w, https:\/\/impactocastex.com.ar\/wp-content\/uploads\/2025\/09\/2123069.jpg 1200w\" sizes=\"auto, (max-width: 1024px) 100vw, 1024px\" \/><\/figure>\n\n\n\n<p>La presidenta de la Fundaci\u00f3n Estrellas Amarillas, Silvia Gonz\u00e1lez, calific\u00f3 como un \u00abpaso hist\u00f3rico\u00bb la media sanci\u00f3n que otorg\u00f3 el Senado de la Naci\u00f3n al proyecto que modifica el C\u00f3digo Penal y endurece las penas en casos de siniestros viales con agravantes. La iniciativa, que ahora deber\u00e1 ser tratada en Diputados, establece condenas de entre 5 y 12 a\u00f1os de prisi\u00f3n efectiva cuando concurran al menos tres circunstancias graves.<\/p>\n\n\n\n<p>\u00abPara nosotros es un paso hist\u00f3rico, hist\u00f3rico para lo que es la justicia, para todos los familiares de v\u00edctimas del pa\u00eds, y adem\u00e1s para equilibrar lo que hab\u00edamos logrado. Nosotros logramos alcohol cero en la provincia, pero eso no ten\u00eda correlato en el C\u00f3digo Penal. Ahora se agravan las penas de una manera totalmente clara\u00bb, afirm\u00f3 Gonz\u00e1lez.<\/p>\n\n\n\n<p>La dirigente explic\u00f3 que la nueva norma \u00abdeja atr\u00e1s la dependencia del dolo eventual\u00bb, una figura jur\u00eddica que muchas veces quedaba sin aplicaci\u00f3n en las instancias de casaci\u00f3n. \u00abAl estar bien claro y delimitado que, a partir de tres agravantes, la pena es de prisi\u00f3n efectiva, sabemos que quienes cometen estos hechos \u2014alcoholizados, a exceso de velocidad, pasando un sem\u00e1foro en rojo, sin licencia, abandonando a la v\u00edctima o usando el celular\u2014 tendr\u00e1n consecuencias reales. Eso da tranquilidad a las familias de que la muerte de sus hijos no ha sido en vano\u00bb, sostuvo.<\/p>\n\n\n\n<p>El proyecto tambi\u00e9n incorpora el agravante de multiplicidad de v\u00edctimas, para casos en los que mueren varias personas en un mismo hecho. \u00abSe juzgaba como si hubiera sido una sola v\u00edctima, cuando el da\u00f1o era tremendo. Esto es igualar el da\u00f1o que se ha cometido\u00bb, remarc\u00f3 Gonz\u00e1lez, quien insisti\u00f3 en que se trata de \u00abuna reparaci\u00f3n hist\u00f3rica\u00bb tras m\u00e1s de 20 a\u00f1os de lucha.<\/p>\n\n\n\n<p>Respecto a la votaci\u00f3n en el Senado, destac\u00f3 que solo hubo seis abstenciones, todas de legisladores de La Libertad Avanza. \u00abLo importante es que ninguno vot\u00f3 en contra. Eso nos da mucha fuerza para lo que viene en Diputados\u00bb, indic\u00f3 en declaraciones a Cpetv.<\/p>\n\n\n\n<p>Sin embargo, advirti\u00f3 sobre las dificultades del pr\u00f3ximo paso legislativo. \u00abLa Comisi\u00f3n Penal se reuni\u00f3 una sola vez en todo el a\u00f1o y la de Transporte apenas dos. Ese es nuestro gran miedo. Vamos a tratar de activarlo este mismo a\u00f1o, porque sabemos que despu\u00e9s vienen las elecciones. Quiz\u00e1s si nos unimos con la Ley Nicol\u00e1s podamos sumar esfuerzos\u00bb, se\u00f1al\u00f3.<\/p>\n\n\n\n<p>Gonz\u00e1lez cerr\u00f3 con un mensaje de persistencia: \u00abEs una ilusi\u00f3n, pero no la vamos a perder. Luchamos porque las muertes no queden impunes y porque si hay muertes haya consecuencias\u00bb.<\/p>\n\n\n\n<p>eldiariodelapampa<\/p>\n","protected":false},"excerpt":{"rendered":"<p>Tras la media sanci\u00f3n en el Senado, la presidenta de la Fundaci\u00f3n Estrellas Amarillas, Silvia&#8230;<\/p>\n","protected":false},"author":2,"featured_media":1322,"comment_status":"closed","ping_status":"closed","sticky":false,"template":"","format":"standard","meta":{"_jetpack_memberships_contains_paid_content":false,"footnotes":"","jetpack_publicize_message":"","jetpack_publicize_feature_enabled":true,"jetpack_social_post_already_shared":true,"jetpack_social_options":{"image_generator_settings":{"template":"highway","default_image_id":0,"font":"","enabled":false},"version":2}},"categories":[83],"tags":[],"class_list":["post-1320","post","type-post","status-publish","format-standard","has-post-thumbnail","hentry","category-la-pampa"],"yoast_head":"<!-- This site is optimized with the Yoast SEO plugin v27.4 - https:\/\/yoast.com\/product\/yoast-seo-wordpress\/ -->\n<title>Estrellas Amarillas y los cambios en la ley: &quot;una reparaci\u00f3n para v\u00edctimas de siniestros viales&quot; -<\/title>\n<meta name=\"robots\" content=\"index, follow, max-snippet:-1, max-image-preview:large, max-video-preview:-1\" \/>\n<link rel=\"canonical\" href=\"https:\/\/impactocastex.com.ar\/?p=1320\" \/>\n<meta property=\"og:locale\" content=\"es_ES\" \/>\n<meta property=\"og:type\" content=\"article\" \/>\n<meta property=\"og:title\" content=\"Estrellas Amarillas y los cambios en la ley: &quot;una reparaci\u00f3n para v\u00edctimas de siniestros viales&quot; -\" \/>\n<meta property=\"og:description\" content=\"Tras la media sanci\u00f3n en el Senado, la presidenta de la Fundaci\u00f3n Estrellas Amarillas, Silvia...\" \/>\n<meta property=\"og:url\" content=\"https:\/\/impactocastex.com.ar\/?p=1320\" \/>\n<meta property=\"article:publisher\" content=\"https:\/\/www.facebook.com\/impactocastexdiario\" \/>\n<meta property=\"article:published_time\" content=\"2025-09-24T14:24:53+00:00\" \/>\n<meta property=\"article:modified_time\" content=\"2025-09-24T14:24:54+00:00\" \/>\n<meta property=\"og:image\" content=\"https:\/\/impactocastex.com.ar\/wp-content\/uploads\/2025\/09\/2123069-1.jpg\" \/>\n\t<meta property=\"og:image:width\" content=\"1200\" \/>\n\t<meta property=\"og:image:height\" content=\"631\" \/>\n\t<meta property=\"og:image:type\" content=\"image\/jpeg\" \/>\n<meta name=\"author\" content=\"impactocastex\" \/>\n<meta name=\"twitter:card\" content=\"summary_large_image\" \/>\n<meta name=\"twitter:label1\" content=\"Escrito por\" \/>\n\t<meta name=\"twitter:data1\" content=\"impactocastex\" \/>\n\t<meta name=\"twitter:label2\" content=\"Tiempo de lectura\" \/>\n\t<meta name=\"twitter:data2\" content=\"3 minutos\" \/>\n<script type=\"application\/ld+json\" class=\"yoast-schema-graph\">{\"@context\":\"https:\\\/\\\/schema.org\",\"@graph\":[{\"@type\":\"Article\",\"@id\":\"https:\\\/\\\/impactocastex.com.ar\\\/?p=1320#article\",\"isPartOf\":{\"@id\":\"https:\\\/\\\/impactocastex.com.ar\\\/?p=1320\"},\"author\":{\"name\":\"impactocastex\",\"@id\":\"https:\\\/\\\/impactocastex.com.ar\\\/#\\\/schema\\\/person\\\/c115028fb60f9bf49ce7550894b84ea7\"},\"headline\":\"Estrellas Amarillas y los cambios en la ley: \u00abuna reparaci\u00f3n para v\u00edctimas de siniestros viales\u00bb\",\"datePublished\":\"2025-09-24T14:24:53+00:00\",\"dateModified\":\"2025-09-24T14:24:54+00:00\",\"mainEntityOfPage\":{\"@id\":\"https:\\\/\\\/impactocastex.com.ar\\\/?p=1320\"},\"wordCount\":520,\"publisher\":{\"@id\":\"https:\\\/\\\/impactocastex.com.ar\\\/#organization\"},\"image\":{\"@id\":\"https:\\\/\\\/impactocastex.com.ar\\\/?p=1320#primaryimage\"},\"thumbnailUrl\":\"https:\\\/\\\/impactocastex.com.ar\\\/wp-content\\\/uploads\\\/2025\\\/09\\\/2123069-1.jpg\",\"articleSection\":[\"LA PAMPA\"],\"inLanguage\":\"es\"},{\"@type\":\"WebPage\",\"@id\":\"https:\\\/\\\/impactocastex.com.ar\\\/?p=1320\",\"url\":\"https:\\\/\\\/impactocastex.com.ar\\\/?p=1320\",\"name\":\"Estrellas Amarillas y los cambios en la ley: \\\"una reparaci\u00f3n para v\u00edctimas de siniestros viales\\\" -\",\"isPartOf\":{\"@id\":\"https:\\\/\\\/impactocastex.com.ar\\\/#website\"},\"primaryImageOfPage\":{\"@id\":\"https:\\\/\\\/impactocastex.com.ar\\\/?p=1320#primaryimage\"},\"image\":{\"@id\":\"https:\\\/\\\/impactocastex.com.ar\\\/?p=1320#primaryimage\"},\"thumbnailUrl\":\"https:\\\/\\\/impactocastex.com.ar\\\/wp-content\\\/uploads\\\/2025\\\/09\\\/2123069-1.jpg\",\"datePublished\":\"2025-09-24T14:24:53+00:00\",\"dateModified\":\"2025-09-24T14:24:54+00:00\",\"breadcrumb\":{\"@id\":\"https:\\\/\\\/impactocastex.com.ar\\\/?p=1320#breadcrumb\"},\"inLanguage\":\"es\",\"potentialAction\":[{\"@type\":\"ReadAction\",\"target\":[\"https:\\\/\\\/impactocastex.com.ar\\\/?p=1320\"]}]},{\"@type\":\"ImageObject\",\"inLanguage\":\"es\",\"@id\":\"https:\\\/\\\/impactocastex.com.ar\\\/?p=1320#primaryimage\",\"url\":\"https:\\\/\\\/impactocastex.com.ar\\\/wp-content\\\/uploads\\\/2025\\\/09\\\/2123069-1.jpg\",\"contentUrl\":\"https:\\\/\\\/impactocastex.com.ar\\\/wp-content\\\/uploads\\\/2025\\\/09\\\/2123069-1.jpg\",\"width\":1200,\"height\":631},{\"@type\":\"BreadcrumbList\",\"@id\":\"https:\\\/\\\/impactocastex.com.ar\\\/?p=1320#breadcrumb\",\"itemListElement\":[{\"@type\":\"ListItem\",\"position\":1,\"name\":\"Portada\",\"item\":\"https:\\\/\\\/impactocastex.com.ar\\\/\"},{\"@type\":\"ListItem\",\"position\":2,\"name\":\"Estrellas Amarillas y los cambios en la ley: &#8220;una reparaci\u00f3n para v\u00edctimas de siniestros viales&#8221;\"}]},{\"@type\":\"WebSite\",\"@id\":\"https:\\\/\\\/impactocastex.com.ar\\\/#website\",\"url\":\"https:\\\/\\\/impactocastex.com.ar\\\/\",\"name\":\"Impacto Castex\",\"description\":\"\",\"publisher\":{\"@id\":\"https:\\\/\\\/impactocastex.com.ar\\\/#organization\"},\"potentialAction\":[{\"@type\":\"SearchAction\",\"target\":{\"@type\":\"EntryPoint\",\"urlTemplate\":\"https:\\\/\\\/impactocastex.com.ar\\\/?s={search_term_string}\"},\"query-input\":{\"@type\":\"PropertyValueSpecification\",\"valueRequired\":true,\"valueName\":\"search_term_string\"}}],\"inLanguage\":\"es\"},{\"@type\":\"Organization\",\"@id\":\"https:\\\/\\\/impactocastex.com.ar\\\/#organization\",\"name\":\"Impacto Castex\",\"url\":\"https:\\\/\\\/impactocastex.com.ar\\\/\",\"logo\":{\"@type\":\"ImageObject\",\"inLanguage\":\"es\",\"@id\":\"https:\\\/\\\/impactocastex.com.ar\\\/#\\\/schema\\\/logo\\\/image\\\/\",\"url\":\"https:\\\/\\\/impactocastex.com.ar\\\/wp-content\\\/uploads\\\/2025\\\/09\\\/cropped-icoweb.png\",\"contentUrl\":\"https:\\\/\\\/impactocastex.com.ar\\\/wp-content\\\/uploads\\\/2025\\\/09\\\/cropped-icoweb.png\",\"width\":512,\"height\":512,\"caption\":\"Impacto Castex\"},\"image\":{\"@id\":\"https:\\\/\\\/impactocastex.com.ar\\\/#\\\/schema\\\/logo\\\/image\\\/\"},\"sameAs\":[\"https:\\\/\\\/www.facebook.com\\\/impactocastexdiario\",\"https:\\\/\\\/www.instagram.com\\\/impactocastex.com.ar\\\/\"]},{\"@type\":\"Person\",\"@id\":\"https:\\\/\\\/impactocastex.com.ar\\\/#\\\/schema\\\/person\\\/c115028fb60f9bf49ce7550894b84ea7\",\"name\":\"impactocastex\",\"image\":{\"@type\":\"ImageObject\",\"inLanguage\":\"es\",\"@id\":\"https:\\\/\\\/secure.gravatar.com\\\/avatar\\\/fee87e7af008f02e9becdc0b5a9fd4a2e79b3918a571edeacb62211704637833?s=96&d=mm&r=g\",\"url\":\"https:\\\/\\\/secure.gravatar.com\\\/avatar\\\/fee87e7af008f02e9becdc0b5a9fd4a2e79b3918a571edeacb62211704637833?s=96&d=mm&r=g\",\"contentUrl\":\"https:\\\/\\\/secure.gravatar.com\\\/avatar\\\/fee87e7af008f02e9becdc0b5a9fd4a2e79b3918a571edeacb62211704637833?s=96&d=mm&r=g\",\"caption\":\"impactocastex\"},\"sameAs\":[\"https:\\\/\\\/impactocastex.com.ar\\\/\"],\"url\":\"https:\\\/\\\/impactocastex.com.ar\\\/?author=2\"}]}<\/script>\n<!-- \/ Yoast SEO plugin. -->","yoast_head_json":{"title":"Estrellas Amarillas y los cambios en la ley: \"una reparaci\u00f3n para v\u00edctimas de siniestros viales\" -","robots":{"index":"index","follow":"follow","max-snippet":"max-snippet:-1","max-image-preview":"max-image-preview:large","max-video-preview":"max-video-preview:-1"},"canonical":"https:\/\/impactocastex.com.ar\/?p=1320","og_locale":"es_ES","og_type":"article","og_title":"Estrellas Amarillas y los cambios en la ley: \"una reparaci\u00f3n para v\u00edctimas de siniestros viales\" -","og_description":"Tras la media sanci\u00f3n en el Senado, la presidenta de la Fundaci\u00f3n Estrellas Amarillas, Silvia...","og_url":"https:\/\/impactocastex.com.ar\/?p=1320","article_publisher":"https:\/\/www.facebook.com\/impactocastexdiario","article_published_time":"2025-09-24T14:24:53+00:00","article_modified_time":"2025-09-24T14:24:54+00:00","og_image":[{"width":1200,"height":631,"url":"https:\/\/impactocastex.com.ar\/wp-content\/uploads\/2025\/09\/2123069-1.jpg","type":"image\/jpeg"}],"author":"impactocastex","twitter_card":"summary_large_image","twitter_misc":{"Escrito por":"impactocastex","Tiempo de lectura":"3 minutos"},"schema":{"@context":"https:\/\/schema.org","@graph":[{"@type":"Article","@id":"https:\/\/impactocastex.com.ar\/?p=1320#article","isPartOf":{"@id":"https:\/\/impactocastex.com.ar\/?p=1320"},"author":{"name":"impactocastex","@id":"https:\/\/impactocastex.com.ar\/#\/schema\/person\/c115028fb60f9bf49ce7550894b84ea7"},"headline":"Estrellas Amarillas y los cambios en la ley: \u00abuna reparaci\u00f3n para v\u00edctimas de siniestros viales\u00bb","datePublished":"2025-09-24T14:24:53+00:00","dateModified":"2025-09-24T14:24:54+00:00","mainEntityOfPage":{"@id":"https:\/\/impactocastex.com.ar\/?p=1320"},"wordCount":520,"publisher":{"@id":"https:\/\/impactocastex.com.ar\/#organization"},"image":{"@id":"https:\/\/impactocastex.com.ar\/?p=1320#primaryimage"},"thumbnailUrl":"https:\/\/impactocastex.com.ar\/wp-content\/uploads\/2025\/09\/2123069-1.jpg","articleSection":["LA PAMPA"],"inLanguage":"es"},{"@type":"WebPage","@id":"https:\/\/impactocastex.com.ar\/?p=1320","url":"https:\/\/impactocastex.com.ar\/?p=1320","name":"Estrellas Amarillas y los cambios en la ley: \"una reparaci\u00f3n para v\u00edctimas de siniestros viales\" -","isPartOf":{"@id":"https:\/\/impactocastex.com.ar\/#website"},"primaryImageOfPage":{"@id":"https:\/\/impactocastex.com.ar\/?p=1320#primaryimage"},"image":{"@id":"https:\/\/impactocastex.com.ar\/?p=1320#primaryimage"},"thumbnailUrl":"https:\/\/impactocastex.com.ar\/wp-content\/uploads\/2025\/09\/2123069-1.jpg","datePublished":"2025-09-24T14:24:53+00:00","dateModified":"2025-09-24T14:24:54+00:00","breadcrumb":{"@id":"https:\/\/impactocastex.com.ar\/?p=1320#breadcrumb"},"inLanguage":"es","potentialAction":[{"@type":"ReadAction","target":["https:\/\/impactocastex.com.ar\/?p=1320"]}]},{"@type":"ImageObject","inLanguage":"es","@id":"https:\/\/impactocastex.com.ar\/?p=1320#primaryimage","url":"https:\/\/impactocastex.com.ar\/wp-content\/uploads\/2025\/09\/2123069-1.jpg","contentUrl":"https:\/\/impactocastex.com.ar\/wp-content\/uploads\/2025\/09\/2123069-1.jpg","width":1200,"height":631},{"@type":"BreadcrumbList","@id":"https:\/\/impactocastex.com.ar\/?p=1320#breadcrumb","itemListElement":[{"@type":"ListItem","position":1,"name":"Portada","item":"https:\/\/impactocastex.com.ar\/"},{"@type":"ListItem","position":2,"name":"Estrellas Amarillas y los cambios en la ley: &#8220;una reparaci\u00f3n para v\u00edctimas de siniestros viales&#8221;"}]},{"@type":"WebSite","@id":"https:\/\/impactocastex.com.ar\/#website","url":"https:\/\/impactocastex.com.ar\/","name":"Impacto Castex","description":"","publisher":{"@id":"https:\/\/impactocastex.com.ar\/#organization"},"potentialAction":[{"@type":"SearchAction","target":{"@type":"EntryPoint","urlTemplate":"https:\/\/impactocastex.com.ar\/?s={search_term_string}"},"query-input":{"@type":"PropertyValueSpecification","valueRequired":true,"valueName":"search_term_string"}}],"inLanguage":"es"},{"@type":"Organization","@id":"https:\/\/impactocastex.com.ar\/#organization","name":"Impacto Castex","url":"https:\/\/impactocastex.com.ar\/","logo":{"@type":"ImageObject","inLanguage":"es","@id":"https:\/\/impactocastex.com.ar\/#\/schema\/logo\/image\/","url":"https:\/\/impactocastex.com.ar\/wp-content\/uploads\/2025\/09\/cropped-icoweb.png","contentUrl":"https:\/\/impactocastex.com.ar\/wp-content\/uploads\/2025\/09\/cropped-icoweb.png","width":512,"height":512,"caption":"Impacto Castex"},"image":{"@id":"https:\/\/impactocastex.com.ar\/#\/schema\/logo\/image\/"},"sameAs":["https:\/\/www.facebook.com\/impactocastexdiario","https:\/\/www.instagram.com\/impactocastex.com.ar\/"]},{"@type":"Person","@id":"https:\/\/impactocastex.com.ar\/#\/schema\/person\/c115028fb60f9bf49ce7550894b84ea7","name":"impactocastex","image":{"@type":"ImageObject","inLanguage":"es","@id":"https:\/\/secure.gravatar.com\/avatar\/fee87e7af008f02e9becdc0b5a9fd4a2e79b3918a571edeacb62211704637833?s=96&d=mm&r=g","url":"https:\/\/secure.gravatar.com\/avatar\/fee87e7af008f02e9becdc0b5a9fd4a2e79b3918a571edeacb62211704637833?s=96&d=mm&r=g","contentUrl":"https:\/\/secure.gravatar.com\/avatar\/fee87e7af008f02e9becdc0b5a9fd4a2e79b3918a571edeacb62211704637833?s=96&d=mm&r=g","caption":"impactocastex"},"sameAs":["https:\/\/impactocastex.com.ar\/"],"url":"https:\/\/impactocastex.com.ar\/?author=2"}]}},"jetpack_publicize_connections":[],"featured_image_urls":{"full":["https:\/\/impactocastex.com.ar\/wp-content\/uploads\/2025\/09\/2123069-1.jpg",1200,631,false],"thumbnail":["https:\/\/impactocastex.com.ar\/wp-content\/uploads\/2025\/09\/2123069-1-150x150.jpg",150,150,true],"medium":["https:\/\/impactocastex.com.ar\/wp-content\/uploads\/2025\/09\/2123069-1-300x158.jpg",300,158,true],"medium_large":["https:\/\/impactocastex.com.ar\/wp-content\/uploads\/2025\/09\/2123069-1-768x404.jpg",640,337,true],"large":["https:\/\/impactocastex.com.ar\/wp-content\/uploads\/2025\/09\/2123069-1-1024x538.jpg",640,336,true],"1536x1536":["https:\/\/impactocastex.com.ar\/wp-content\/uploads\/2025\/09\/2123069-1.jpg",1200,631,false],"2048x2048":["https:\/\/impactocastex.com.ar\/wp-content\/uploads\/2025\/09\/2123069-1.jpg",1200,631,false],"newsever-slider-full":["https:\/\/impactocastex.com.ar\/wp-content\/uploads\/2025\/09\/2123069-1.jpg",1200,631,false],"newsever-featured":["https:\/\/impactocastex.com.ar\/wp-content\/uploads\/2025\/09\/2123069-1-1024x538.jpg",1024,538,true],"newsever-medium":["https:\/\/impactocastex.com.ar\/wp-content\/uploads\/2025\/09\/2123069-1-720x475.jpg",720,475,true]},"author_info":{"info":["impactocastex"]},"category_info":"<a href=\"https:\/\/impactocastex.com.ar\/?cat=83\" rel=\"category\">LA PAMPA<\/a>","tag_info":"LA PAMPA","comment_count":0,"jetpack_featured_media_url":"https:\/\/impactocastex.com.ar\/wp-content\/uploads\/2025\/09\/2123069-1.jpg","jetpack_sharing_enabled":true,"jetpack_likes_enabled":true,"jetpack_shortlink":"https:\/\/wp.me\/p7sopA-li","_links":{"self":[{"href":"https:\/\/impactocastex.com.ar\/index.php?rest_route=\/wp\/v2\/posts\/1320","targetHints":{"allow":["GET"]}}],"collection":[{"href":"https:\/\/impactocastex.com.ar\/index.php?rest_route=\/wp\/v2\/posts"}],"about":[{"href":"https:\/\/impactocastex.com.ar\/index.php?rest_route=\/wp\/v2\/types\/post"}],"author":[{"embeddable":true,"href":"https:\/\/impactocastex.com.ar\/index.php?rest_route=\/wp\/v2\/users\/2"}],"replies":[{"embeddable":true,"href":"https:\/\/impactocastex.com.ar\/index.php?rest_route=%2Fwp%2Fv2%2Fcomments&post=1320"}],"version-history":[{"count":1,"href":"https:\/\/impactocastex.com.ar\/index.php?rest_route=\/wp\/v2\/posts\/1320\/revisions"}],"predecessor-version":[{"id":1323,"href":"https:\/\/impactocastex.com.ar\/index.php?rest_route=\/wp\/v2\/posts\/1320\/revisions\/1323"}],"wp:featuredmedia":[{"embeddable":true,"href":"https:\/\/impactocastex.com.ar\/index.php?rest_route=\/wp\/v2\/media\/1322"}],"wp:attachment":[{"href":"https:\/\/impactocastex.com.ar\/index.php?rest_route=%2Fwp%2Fv2%2Fmedia&parent=1320"}],"wp:term":[{"taxonomy":"category","embeddable":true,"href":"https:\/\/impactocastex.com.ar\/index.php?rest_route=%2Fwp%2Fv2%2Fcategories&post=1320"},{"taxonomy":"post_tag","embeddable":true,"href":"https:\/\/impactocastex.com.ar\/index.php?rest_route=%2Fwp%2Fv2%2Ftags&post=1320"}],"curies":[{"name":"wp","href":"https:\/\/api.w.org\/{rel}","templated":true}]}}