{"id":1317,"date":"2025-09-24T11:22:31","date_gmt":"2025-09-24T14:22:31","guid":{"rendered":"https:\/\/impactocastex.com.ar\/?p=1317"},"modified":"2025-09-24T11:22:33","modified_gmt":"2025-09-24T14:22:33","slug":"macri-le-anuncio-a-adriana-garcia-que-si-asume-sera-opositora","status":"publish","type":"post","link":"https:\/\/impactocastex.com.ar\/?p=1317","title":{"rendered":"Macri le anunci\u00f3 a Adriana Garc\u00eda que si asume ser\u00e1 opositora"},"content":{"rendered":"\n<p>El l\u00edder del PRO junt\u00f3 a postulantes al Congreso, incluyendo a la pampeana, y baj\u00f3 l\u00ednea.<\/p>\n\n\n\n<p><strong>La Libertad Avanza&nbsp;<\/strong>tiene detr\u00e1s de&nbsp;<strong>Adri\u00e1n Ravier&nbsp;<\/strong>una candidata al Congreso Nacional que, si logra la banca, a partir de octubre ser\u00e1 opositora. Al menos eso se desprende de lo que&nbsp;<strong>Mauricio Macri&nbsp;<\/strong>les dijo a sus postulantes al Congreso Nacional en un encuentro que hubo este martes en Buenos Aires.<\/p>\n\n\n\n<p>All\u00ed estuvo, vestida de rojo, la&nbsp;<strong>candidata a diputada nacional Adriana Garc\u00eda<\/strong>, que forma parte de la lista violeta que se arm\u00f3 en La Pampa a los ponchazos. Garc\u00eda y todo el PRO es mirado muy de reojo por la dirigencia de La Libertad Avanza.<\/p>\n\n\n\n<p>https:\/\/googleads.g.doubleclick.net\/pagead\/ads?client=ca-pub-6403813037603277&#038;output=html&#038;h=280&#038;adk=1909521250&#038;adf=2495168725&#038;pi=t.aa~a.2470000188~i.2~rp.4&#038;w=839&#038;fwrn=4&#038;fwrnh=100&#038;lmt=1758723643&#038;num_ads=1&#038;rafmt=1&#038;armr=3&#038;sem=mc&#038;pwprc=4381023474&#038;ad_type=text_image&#038;format=839&#215;280&#038;url=https%3A%2F%2Fwww.eldiariodelapampa.com.ar%2Fla-pampa%2F62349%2Fmacri-le-anuncio-a-adriana-garcia-que-si-asume-sera-opositora&#038;fwr=0&#038;pra=3&#038;rh=200&#038;rw=839&#038;rpe=1&#038;resp_fmts=3&#038;wgl=1&#038;fa=27&#038;uach=WyJXaW5kb3dzIiwiMTAuMC4wIiwieDg2IiwiIiwiMTQwLjAuNzMzOS4xMjkiLG51bGwsMCxudWxsLCI2NCIsW1siQ2hyb21pdW0iLCIxNDAuMC43MzM5LjEyOSJdLFsiTm90PUE_QnJhbmQiLCIyNC4wLjAuMCJdLFsiR29vZ2xlIENocm9tZSIsIjE0MC4wLjczMzkuMTI5Il1dLDFd&#038;abgtt=6&#038;dt=1758723643174&#038;bpp=3&#038;bdt=1329&#038;idt=-M&#038;shv=r20250922&#038;mjsv=m202509230101&#038;ptt=9&#038;saldr=aa&#038;abxe=1&#038;cookie=ID%3Db659817de5797c63%3AT%3D1757941855%3ART%3D1758723221%3AS%3DALNI_MZoIeHIZnXkzz-fgvz1uUeBBsrAfQ&#038;gpic=UID%3D0000114361262f80%3AT%3D1757941855%3ART%3D1758723221%3AS%3DALNI_MbOK2fCJxAdR0Mrqkt8tncwEk-EuQ&#038;eo_id_str=ID%3Dea57bff391a1fdd3%3AT%3D1757941855%3ART%3D1758723221%3AS%3DAA-AfjZWpgiV2v7R3EtXIXL6oEB6&#038;prev_fmts=0x0%2C160x600&#038;nras=2&#038;correlator=7293959445849&#038;frm=20&#038;pv=1&#038;u_tz=-180&#038;u_his=11&#038;u_h=768&#038;u_w=1366&#038;u_ah=738&#038;u_aw=1366&#038;u_cd=24&#038;u_sd=1&#038;dmc=2&#038;adx=39&#038;ady=1226&#038;biw=1351&#038;bih=617&#038;scr_x=0&#038;scr_y=0&#038;eid=31094742%2C31094806%2C95366795%2C95367555%2C95371810%2C95371814%2C31094849%2C95368093&#038;oid=2&#038;pvsid=4415652709997307&#038;tmod=162369146&#038;uas=0&#038;nvt=1&#038;ref=https%3A%2F%2Fwww.eldiariodelapampa.com.ar%2F&#038;fc=1408&#038;brdim=0%2C0%2C0%2C0%2C1366%2C0%2C1366%2C738%2C1366%2C617&#038;vis=1&#038;rsz=%7C%7Cs%7C&#038;abl=NS&#038;fu=128&#038;bc=31&#038;bz=1&#038;td=1&#038;tdf=2&#038;psd=W251bGwsbnVsbCwibGFiZWxfb25seV8yIiwxXQ..&#038;nt=1&#038;ifi=4&#038;uci=a!4&#038;btvi=1&#038;fsb=1&#038;dtd=36<\/p>\n\n\n\n<p>El PRO est\u00e1 fracturado en su mirada de la alianza que se vio forzado a formalizar. Hay dirigencia de peso que es muy cr\u00edtica de LLA.&nbsp;<strong>La senadora Victoria Huala es un ejemplo de que tom\u00f3 otro camino: viene votando seguido contra el gobierno, y a contramano de los diputados ultravioletas Mart\u00edn Ardohain y Mart\u00edn Maquieyra.<\/strong><\/p>\n\n\n\n<p>\u00abDespu\u00e9s de octubre, vamos a ser la mejor oposici\u00f3n posible, pero oposici\u00f3n\u00bb. Eso les dijo Macri a los aspirantes del PRO en todo el pa\u00eds, que participaron de la reuni\u00f3n que el expresidente encabez\u00f3 en la sede nacional del partido. Fueron palabras tambi\u00e9n dirigidas a&nbsp;<strong>Diego Santilli y Cristian Ritondo<\/strong>, que asistieron a ese encuentro.<\/p>\n\n\n\n<figure class=\"wp-block-image\"><img decoding=\"async\" src=\"https:\/\/www.eldiariodelapampa.com.ar\/\/img\/publicaciones\/2025\/09\/24\/alta\/803386-t.jpg\" alt=\"\" \/><\/figure>\n\n\n\n<p>Macri estuvo flanqueado por el secretario general del partido y candidato a senador por Santiago del Estero,&nbsp;<strong>Facundo P\u00e9rez Carletti<\/strong>, y el correntino&nbsp;<strong>Carlos Hern\u00e1ndez<\/strong>.<\/p>\n\n\n\n<p>Macri convoc\u00f3 a los candidatos del PRO para empezar a pensar el escenario pol\u00edtico posterior a las elecciones del 26 de octubre y para mostrarle a la Casa Rosada que su partido sigue vivo, seg\u00fan rese\u00f1a una cr\u00f3nica del c\u00f3nclave que hizo el portal especializado Letra P.<\/p>\n\n\n\n<p>En la reuni\u00f3n estuvieron Garc\u00eda y otros dirigentes que cerraron acuerdos con La Libertad Avanza en sus provincias. Se produjo el faltazo de la santafesina&nbsp;<strong>Gisela Scaglia<\/strong>, que no particip\u00f3 ni siquiera v\u00eda Zoom. La vicegobernadora es candidata por el espacio Provincias Unidas.<\/p>\n\n\n\n<p>Macri escuch\u00f3 el panorama que traz\u00f3 cada figura sobre su distrito. Se habl\u00f3 de la situaci\u00f3n econ\u00f3mica, pol\u00edtica y social y de los n\u00fameros que muestran las encuestas.&nbsp;<\/p>\n\n\n\n<p>Aunque volvi\u00f3 a decir que est\u00e1 \u00abdispuesto a ayudar para que el pa\u00eds encuentre el rumbo de crecimiento\u00bb y que se reunir\u00eda con Milei si lo convocara, Macri remarc\u00f3 que su v\u00ednculo con el Presidente est\u00e1 congelado. \u00abHace m\u00e1s de un a\u00f1o que no hablamos\u00bb, revel\u00f3.<\/p>\n\n\n\n<p>W251bGwsbnVsbCwibGFiZWxfb25seV8yIiwxXQ..&amp;nt=1&amp;ifi=6&amp;uci=a!6&amp;btvi=3&amp;fsb=1&amp;dtd=10816<\/p>\n\n\n\n<p>Milei y el expresidente se reunieron por \u00faltima vez en la Quinta de Olivos a fines de agosto del a\u00f1o pasado. Desde entonces, el PRO fluctu\u00f3 en su relaci\u00f3n con LLA. El partido se dividi\u00f3 en su acompa\u00f1amiento en las votaciones en el Congreso, cerr\u00f3 acuerdos en algunos distritos y marc\u00f3 su independencia en otros. Karina Milei avanz\u00f3 en el armado nacional de LLA y posterg\u00f3 un acuerdo integral con Macri. Apost\u00f3 a quedarse con el electorado macrista sin necesidad de integrar al expresidente.<\/p>\n\n\n\n<p><strong>\u00abHablamos despu\u00e9s de las elecciones\u00bb, dijo ante la prensa&nbsp;<\/strong>cuando le consultaron c\u00f3mo segu\u00eda su relaci\u00f3n con el Gobierno. Puertas adentro, hab\u00eda pedido \u00abprudencia\u00bb.&nbsp;<strong>Los pron\u00f3sticos electorales que escuch\u00f3 no fueron buenos.<\/strong><\/p>\n","protected":false},"excerpt":{"rendered":"<p>El l\u00edder del PRO junt\u00f3 a postulantes al Congreso, incluyendo a la pampeana, y baj\u00f3&#8230;<\/p>\n","protected":false},"author":2,"featured_media":1318,"comment_status":"closed","ping_status":"closed","sticky":false,"template":"","format":"standard","meta":{"_jetpack_memberships_contains_paid_content":false,"footnotes":"","jetpack_publicize_message":"","jetpack_publicize_feature_enabled":true,"jetpack_social_post_already_shared":true,"jetpack_social_options":{"image_generator_settings":{"template":"highway","default_image_id":0,"font":"","enabled":false},"version":2}},"categories":[122],"tags":[],"class_list":["post-1317","post","type-post","status-publish","format-standard","has-post-thumbnail","hentry","category-politica"],"yoast_head":"<!-- This site is optimized with the Yoast SEO plugin v27.4 - https:\/\/yoast.com\/product\/yoast-seo-wordpress\/ -->\n<title>Macri le anunci\u00f3 a Adriana Garc\u00eda que si asume ser\u00e1 opositora -<\/title>\n<meta name=\"robots\" content=\"index, follow, max-snippet:-1, max-image-preview:large, max-video-preview:-1\" \/>\n<link rel=\"canonical\" href=\"https:\/\/impactocastex.com.ar\/?p=1317\" \/>\n<meta property=\"og:locale\" content=\"es_ES\" \/>\n<meta property=\"og:type\" content=\"article\" \/>\n<meta property=\"og:title\" content=\"Macri le anunci\u00f3 a Adriana Garc\u00eda que si asume ser\u00e1 opositora -\" \/>\n<meta property=\"og:description\" content=\"El l\u00edder del PRO junt\u00f3 a postulantes al Congreso, incluyendo a la pampeana, y baj\u00f3...\" \/>\n<meta property=\"og:url\" content=\"https:\/\/impactocastex.com.ar\/?p=1317\" \/>\n<meta property=\"article:publisher\" content=\"https:\/\/www.facebook.com\/impactocastexdiario\" \/>\n<meta property=\"article:published_time\" content=\"2025-09-24T14:22:31+00:00\" \/>\n<meta property=\"article:modified_time\" content=\"2025-09-24T14:22:33+00:00\" \/>\n<meta property=\"og:image\" content=\"https:\/\/impactocastex.com.ar\/wp-content\/uploads\/2025\/09\/3123078.jpg\" \/>\n\t<meta property=\"og:image:width\" content=\"1200\" \/>\n\t<meta property=\"og:image:height\" content=\"631\" \/>\n\t<meta property=\"og:image:type\" content=\"image\/jpeg\" \/>\n<meta name=\"author\" content=\"impactocastex\" \/>\n<meta name=\"twitter:card\" content=\"summary_large_image\" \/>\n<meta name=\"twitter:label1\" content=\"Escrito por\" \/>\n\t<meta name=\"twitter:data1\" content=\"impactocastex\" \/>\n\t<meta name=\"twitter:label2\" content=\"Tiempo de lectura\" \/>\n\t<meta name=\"twitter:data2\" content=\"3 minutos\" \/>\n<script type=\"application\/ld+json\" class=\"yoast-schema-graph\">{\"@context\":\"https:\\\/\\\/schema.org\",\"@graph\":[{\"@type\":\"Article\",\"@id\":\"https:\\\/\\\/impactocastex.com.ar\\\/?p=1317#article\",\"isPartOf\":{\"@id\":\"https:\\\/\\\/impactocastex.com.ar\\\/?p=1317\"},\"author\":{\"name\":\"impactocastex\",\"@id\":\"https:\\\/\\\/impactocastex.com.ar\\\/#\\\/schema\\\/person\\\/c115028fb60f9bf49ce7550894b84ea7\"},\"headline\":\"Macri le anunci\u00f3 a Adriana Garc\u00eda que si asume ser\u00e1 opositora\",\"datePublished\":\"2025-09-24T14:22:31+00:00\",\"dateModified\":\"2025-09-24T14:22:33+00:00\",\"mainEntityOfPage\":{\"@id\":\"https:\\\/\\\/impactocastex.com.ar\\\/?p=1317\"},\"wordCount\":930,\"publisher\":{\"@id\":\"https:\\\/\\\/impactocastex.com.ar\\\/#organization\"},\"image\":{\"@id\":\"https:\\\/\\\/impactocastex.com.ar\\\/?p=1317#primaryimage\"},\"thumbnailUrl\":\"https:\\\/\\\/impactocastex.com.ar\\\/wp-content\\\/uploads\\\/2025\\\/09\\\/3123078.jpg\",\"articleSection\":[\"POLITICA\"],\"inLanguage\":\"es\"},{\"@type\":\"WebPage\",\"@id\":\"https:\\\/\\\/impactocastex.com.ar\\\/?p=1317\",\"url\":\"https:\\\/\\\/impactocastex.com.ar\\\/?p=1317\",\"name\":\"Macri le anunci\u00f3 a Adriana Garc\u00eda que si asume ser\u00e1 opositora -\",\"isPartOf\":{\"@id\":\"https:\\\/\\\/impactocastex.com.ar\\\/#website\"},\"primaryImageOfPage\":{\"@id\":\"https:\\\/\\\/impactocastex.com.ar\\\/?p=1317#primaryimage\"},\"image\":{\"@id\":\"https:\\\/\\\/impactocastex.com.ar\\\/?p=1317#primaryimage\"},\"thumbnailUrl\":\"https:\\\/\\\/impactocastex.com.ar\\\/wp-content\\\/uploads\\\/2025\\\/09\\\/3123078.jpg\",\"datePublished\":\"2025-09-24T14:22:31+00:00\",\"dateModified\":\"2025-09-24T14:22:33+00:00\",\"breadcrumb\":{\"@id\":\"https:\\\/\\\/impactocastex.com.ar\\\/?p=1317#breadcrumb\"},\"inLanguage\":\"es\",\"potentialAction\":[{\"@type\":\"ReadAction\",\"target\":[\"https:\\\/\\\/impactocastex.com.ar\\\/?p=1317\"]}]},{\"@type\":\"ImageObject\",\"inLanguage\":\"es\",\"@id\":\"https:\\\/\\\/impactocastex.com.ar\\\/?p=1317#primaryimage\",\"url\":\"https:\\\/\\\/impactocastex.com.ar\\\/wp-content\\\/uploads\\\/2025\\\/09\\\/3123078.jpg\",\"contentUrl\":\"https:\\\/\\\/impactocastex.com.ar\\\/wp-content\\\/uploads\\\/2025\\\/09\\\/3123078.jpg\",\"width\":1200,\"height\":631},{\"@type\":\"BreadcrumbList\",\"@id\":\"https:\\\/\\\/impactocastex.com.ar\\\/?p=1317#breadcrumb\",\"itemListElement\":[{\"@type\":\"ListItem\",\"position\":1,\"name\":\"Portada\",\"item\":\"https:\\\/\\\/impactocastex.com.ar\\\/\"},{\"@type\":\"ListItem\",\"position\":2,\"name\":\"Macri le anunci\u00f3 a Adriana Garc\u00eda que si asume ser\u00e1 opositora\"}]},{\"@type\":\"WebSite\",\"@id\":\"https:\\\/\\\/impactocastex.com.ar\\\/#website\",\"url\":\"https:\\\/\\\/impactocastex.com.ar\\\/\",\"name\":\"Impacto Castex\",\"description\":\"\",\"publisher\":{\"@id\":\"https:\\\/\\\/impactocastex.com.ar\\\/#organization\"},\"potentialAction\":[{\"@type\":\"SearchAction\",\"target\":{\"@type\":\"EntryPoint\",\"urlTemplate\":\"https:\\\/\\\/impactocastex.com.ar\\\/?s={search_term_string}\"},\"query-input\":{\"@type\":\"PropertyValueSpecification\",\"valueRequired\":true,\"valueName\":\"search_term_string\"}}],\"inLanguage\":\"es\"},{\"@type\":\"Organization\",\"@id\":\"https:\\\/\\\/impactocastex.com.ar\\\/#organization\",\"name\":\"Impacto Castex\",\"url\":\"https:\\\/\\\/impactocastex.com.ar\\\/\",\"logo\":{\"@type\":\"ImageObject\",\"inLanguage\":\"es\",\"@id\":\"https:\\\/\\\/impactocastex.com.ar\\\/#\\\/schema\\\/logo\\\/image\\\/\",\"url\":\"https:\\\/\\\/impactocastex.com.ar\\\/wp-content\\\/uploads\\\/2025\\\/09\\\/cropped-icoweb.png\",\"contentUrl\":\"https:\\\/\\\/impactocastex.com.ar\\\/wp-content\\\/uploads\\\/2025\\\/09\\\/cropped-icoweb.png\",\"width\":512,\"height\":512,\"caption\":\"Impacto Castex\"},\"image\":{\"@id\":\"https:\\\/\\\/impactocastex.com.ar\\\/#\\\/schema\\\/logo\\\/image\\\/\"},\"sameAs\":[\"https:\\\/\\\/www.facebook.com\\\/impactocastexdiario\",\"https:\\\/\\\/www.instagram.com\\\/impactocastex.com.ar\\\/\"]},{\"@type\":\"Person\",\"@id\":\"https:\\\/\\\/impactocastex.com.ar\\\/#\\\/schema\\\/person\\\/c115028fb60f9bf49ce7550894b84ea7\",\"name\":\"impactocastex\",\"image\":{\"@type\":\"ImageObject\",\"inLanguage\":\"es\",\"@id\":\"https:\\\/\\\/secure.gravatar.com\\\/avatar\\\/fee87e7af008f02e9becdc0b5a9fd4a2e79b3918a571edeacb62211704637833?s=96&d=mm&r=g\",\"url\":\"https:\\\/\\\/secure.gravatar.com\\\/avatar\\\/fee87e7af008f02e9becdc0b5a9fd4a2e79b3918a571edeacb62211704637833?s=96&d=mm&r=g\",\"contentUrl\":\"https:\\\/\\\/secure.gravatar.com\\\/avatar\\\/fee87e7af008f02e9becdc0b5a9fd4a2e79b3918a571edeacb62211704637833?s=96&d=mm&r=g\",\"caption\":\"impactocastex\"},\"sameAs\":[\"https:\\\/\\\/impactocastex.com.ar\\\/\"],\"url\":\"https:\\\/\\\/impactocastex.com.ar\\\/?author=2\"}]}<\/script>\n<!-- \/ Yoast SEO plugin. -->","yoast_head_json":{"title":"Macri le anunci\u00f3 a Adriana Garc\u00eda que si asume ser\u00e1 opositora -","robots":{"index":"index","follow":"follow","max-snippet":"max-snippet:-1","max-image-preview":"max-image-preview:large","max-video-preview":"max-video-preview:-1"},"canonical":"https:\/\/impactocastex.com.ar\/?p=1317","og_locale":"es_ES","og_type":"article","og_title":"Macri le anunci\u00f3 a Adriana Garc\u00eda que si asume ser\u00e1 opositora -","og_description":"El l\u00edder del PRO junt\u00f3 a postulantes al Congreso, incluyendo a la pampeana, y baj\u00f3...","og_url":"https:\/\/impactocastex.com.ar\/?p=1317","article_publisher":"https:\/\/www.facebook.com\/impactocastexdiario","article_published_time":"2025-09-24T14:22:31+00:00","article_modified_time":"2025-09-24T14:22:33+00:00","og_image":[{"width":1200,"height":631,"url":"https:\/\/impactocastex.com.ar\/wp-content\/uploads\/2025\/09\/3123078.jpg","type":"image\/jpeg"}],"author":"impactocastex","twitter_card":"summary_large_image","twitter_misc":{"Escrito por":"impactocastex","Tiempo de lectura":"3 minutos"},"schema":{"@context":"https:\/\/schema.org","@graph":[{"@type":"Article","@id":"https:\/\/impactocastex.com.ar\/?p=1317#article","isPartOf":{"@id":"https:\/\/impactocastex.com.ar\/?p=1317"},"author":{"name":"impactocastex","@id":"https:\/\/impactocastex.com.ar\/#\/schema\/person\/c115028fb60f9bf49ce7550894b84ea7"},"headline":"Macri le anunci\u00f3 a Adriana Garc\u00eda que si asume ser\u00e1 opositora","datePublished":"2025-09-24T14:22:31+00:00","dateModified":"2025-09-24T14:22:33+00:00","mainEntityOfPage":{"@id":"https:\/\/impactocastex.com.ar\/?p=1317"},"wordCount":930,"publisher":{"@id":"https:\/\/impactocastex.com.ar\/#organization"},"image":{"@id":"https:\/\/impactocastex.com.ar\/?p=1317#primaryimage"},"thumbnailUrl":"https:\/\/impactocastex.com.ar\/wp-content\/uploads\/2025\/09\/3123078.jpg","articleSection":["POLITICA"],"inLanguage":"es"},{"@type":"WebPage","@id":"https:\/\/impactocastex.com.ar\/?p=1317","url":"https:\/\/impactocastex.com.ar\/?p=1317","name":"Macri le anunci\u00f3 a Adriana Garc\u00eda que si asume ser\u00e1 opositora -","isPartOf":{"@id":"https:\/\/impactocastex.com.ar\/#website"},"primaryImageOfPage":{"@id":"https:\/\/impactocastex.com.ar\/?p=1317#primaryimage"},"image":{"@id":"https:\/\/impactocastex.com.ar\/?p=1317#primaryimage"},"thumbnailUrl":"https:\/\/impactocastex.com.ar\/wp-content\/uploads\/2025\/09\/3123078.jpg","datePublished":"2025-09-24T14:22:31+00:00","dateModified":"2025-09-24T14:22:33+00:00","breadcrumb":{"@id":"https:\/\/impactocastex.com.ar\/?p=1317#breadcrumb"},"inLanguage":"es","potentialAction":[{"@type":"ReadAction","target":["https:\/\/impactocastex.com.ar\/?p=1317"]}]},{"@type":"ImageObject","inLanguage":"es","@id":"https:\/\/impactocastex.com.ar\/?p=1317#primaryimage","url":"https:\/\/impactocastex.com.ar\/wp-content\/uploads\/2025\/09\/3123078.jpg","contentUrl":"https:\/\/impactocastex.com.ar\/wp-content\/uploads\/2025\/09\/3123078.jpg","width":1200,"height":631},{"@type":"BreadcrumbList","@id":"https:\/\/impactocastex.com.ar\/?p=1317#breadcrumb","itemListElement":[{"@type":"ListItem","position":1,"name":"Portada","item":"https:\/\/impactocastex.com.ar\/"},{"@type":"ListItem","position":2,"name":"Macri le anunci\u00f3 a Adriana Garc\u00eda que si asume ser\u00e1 opositora"}]},{"@type":"WebSite","@id":"https:\/\/impactocastex.com.ar\/#website","url":"https:\/\/impactocastex.com.ar\/","name":"Impacto Castex","description":"","publisher":{"@id":"https:\/\/impactocastex.com.ar\/#organization"},"potentialAction":[{"@type":"SearchAction","target":{"@type":"EntryPoint","urlTemplate":"https:\/\/impactocastex.com.ar\/?s={search_term_string}"},"query-input":{"@type":"PropertyValueSpecification","valueRequired":true,"valueName":"search_term_string"}}],"inLanguage":"es"},{"@type":"Organization","@id":"https:\/\/impactocastex.com.ar\/#organization","name":"Impacto Castex","url":"https:\/\/impactocastex.com.ar\/","logo":{"@type":"ImageObject","inLanguage":"es","@id":"https:\/\/impactocastex.com.ar\/#\/schema\/logo\/image\/","url":"https:\/\/impactocastex.com.ar\/wp-content\/uploads\/2025\/09\/cropped-icoweb.png","contentUrl":"https:\/\/impactocastex.com.ar\/wp-content\/uploads\/2025\/09\/cropped-icoweb.png","width":512,"height":512,"caption":"Impacto Castex"},"image":{"@id":"https:\/\/impactocastex.com.ar\/#\/schema\/logo\/image\/"},"sameAs":["https:\/\/www.facebook.com\/impactocastexdiario","https:\/\/www.instagram.com\/impactocastex.com.ar\/"]},{"@type":"Person","@id":"https:\/\/impactocastex.com.ar\/#\/schema\/person\/c115028fb60f9bf49ce7550894b84ea7","name":"impactocastex","image":{"@type":"ImageObject","inLanguage":"es","@id":"https:\/\/secure.gravatar.com\/avatar\/fee87e7af008f02e9becdc0b5a9fd4a2e79b3918a571edeacb62211704637833?s=96&d=mm&r=g","url":"https:\/\/secure.gravatar.com\/avatar\/fee87e7af008f02e9becdc0b5a9fd4a2e79b3918a571edeacb62211704637833?s=96&d=mm&r=g","contentUrl":"https:\/\/secure.gravatar.com\/avatar\/fee87e7af008f02e9becdc0b5a9fd4a2e79b3918a571edeacb62211704637833?s=96&d=mm&r=g","caption":"impactocastex"},"sameAs":["https:\/\/impactocastex.com.ar\/"],"url":"https:\/\/impactocastex.com.ar\/?author=2"}]}},"jetpack_publicize_connections":[],"featured_image_urls":{"full":["https:\/\/impactocastex.com.ar\/wp-content\/uploads\/2025\/09\/3123078.jpg",1200,631,false],"thumbnail":["https:\/\/impactocastex.com.ar\/wp-content\/uploads\/2025\/09\/3123078-150x150.jpg",150,150,true],"medium":["https:\/\/impactocastex.com.ar\/wp-content\/uploads\/2025\/09\/3123078-300x158.jpg",300,158,true],"medium_large":["https:\/\/impactocastex.com.ar\/wp-content\/uploads\/2025\/09\/3123078-768x404.jpg",640,337,true],"large":["https:\/\/impactocastex.com.ar\/wp-content\/uploads\/2025\/09\/3123078-1024x538.jpg",640,336,true],"1536x1536":["https:\/\/impactocastex.com.ar\/wp-content\/uploads\/2025\/09\/3123078.jpg",1200,631,false],"2048x2048":["https:\/\/impactocastex.com.ar\/wp-content\/uploads\/2025\/09\/3123078.jpg",1200,631,false],"newsever-slider-full":["https:\/\/impactocastex.com.ar\/wp-content\/uploads\/2025\/09\/3123078.jpg",1200,631,false],"newsever-featured":["https:\/\/impactocastex.com.ar\/wp-content\/uploads\/2025\/09\/3123078-1024x538.jpg",1024,538,true],"newsever-medium":["https:\/\/impactocastex.com.ar\/wp-content\/uploads\/2025\/09\/3123078-720x475.jpg",720,475,true]},"author_info":{"info":["impactocastex"]},"category_info":"<a href=\"https:\/\/impactocastex.com.ar\/?cat=122\" rel=\"category\">POLITICA<\/a>","tag_info":"POLITICA","comment_count":0,"jetpack_featured_media_url":"https:\/\/impactocastex.com.ar\/wp-content\/uploads\/2025\/09\/3123078.jpg","jetpack_sharing_enabled":true,"jetpack_likes_enabled":true,"jetpack_shortlink":"https:\/\/wp.me\/p7sopA-lf","_links":{"self":[{"href":"https:\/\/impactocastex.com.ar\/index.php?rest_route=\/wp\/v2\/posts\/1317","targetHints":{"allow":["GET"]}}],"collection":[{"href":"https:\/\/impactocastex.com.ar\/index.php?rest_route=\/wp\/v2\/posts"}],"about":[{"href":"https:\/\/impactocastex.com.ar\/index.php?rest_route=\/wp\/v2\/types\/post"}],"author":[{"embeddable":true,"href":"https:\/\/impactocastex.com.ar\/index.php?rest_route=\/wp\/v2\/users\/2"}],"replies":[{"embeddable":true,"href":"https:\/\/impactocastex.com.ar\/index.php?rest_route=%2Fwp%2Fv2%2Fcomments&post=1317"}],"version-history":[{"count":1,"href":"https:\/\/impactocastex.com.ar\/index.php?rest_route=\/wp\/v2\/posts\/1317\/revisions"}],"predecessor-version":[{"id":1319,"href":"https:\/\/impactocastex.com.ar\/index.php?rest_route=\/wp\/v2\/posts\/1317\/revisions\/1319"}],"wp:featuredmedia":[{"embeddable":true,"href":"https:\/\/impactocastex.com.ar\/index.php?rest_route=\/wp\/v2\/media\/1318"}],"wp:attachment":[{"href":"https:\/\/impactocastex.com.ar\/index.php?rest_route=%2Fwp%2Fv2%2Fmedia&parent=1317"}],"wp:term":[{"taxonomy":"category","embeddable":true,"href":"https:\/\/impactocastex.com.ar\/index.php?rest_route=%2Fwp%2Fv2%2Fcategories&post=1317"},{"taxonomy":"post_tag","embeddable":true,"href":"https:\/\/impactocastex.com.ar\/index.php?rest_route=%2Fwp%2Fv2%2Ftags&post=1317"}],"curies":[{"name":"wp","href":"https:\/\/api.w.org\/{rel}","templated":true}]}}