{"id":13164,"date":"2026-03-14T08:43:01","date_gmt":"2026-03-14T11:43:01","guid":{"rendered":"https:\/\/impactocastex.com.ar\/?p=13164"},"modified":"2026-03-14T08:43:01","modified_gmt":"2026-03-14T11:43:01","slug":"una-neurocientifica-canadiense-explica-que-ocurre-en-el-cerebro-cuando-el-estres-se-vuelve-cronico","status":"publish","type":"post","link":"https:\/\/impactocastex.com.ar\/?p=13164","title":{"rendered":"Una neurocient\u00edfica canadiense explica qu\u00e9 ocurre en el cerebro cuando el estr\u00e9s se vuelve cr\u00f3nico"},"content":{"rendered":"<p>Hay un tipo de cansancio que no se cura con un fin de semana largo. No se nota de golpe, no duele y, sin embargo va limando la atenci\u00f3n, la paciencia, la creatividad y hasta la manera en que decidimos. Cuando finalmente lo registramos, muchas veces ya estamos funcionando \u201cen <a href=\"https:\/\/www.lanacion.com.ar\/salud\/vida_sana\/hustle-culture-las-secuelas-fisicas-de-vivir-para-rendir-en-el-trabajo-nid25042025\/\" target=\"_blank\" rel=\"noreferrer\" title=\"https:\/\/www.lanacion.com.ar\/salud\/vida_sana\/hustle-culture-las-secuelas-fisicas-de-vivir-para-rendir-en-el-trabajo-nid25042025\/\">autom\u00e1tico<\/a>\u201d: m\u00e1s o menos presentes en el trabajo, lejos de estar disponibles a nivel interior. <\/p>\n<p>La neurocient\u00edfica canadiense Terrie Hope se refiere a este cuadro demasiado normalizado en la vida moderna sin rodeos: <b>estr\u00e9s cr\u00f3nico<\/b>. <\/p>\n<p><a href=\"https:\/\/www.lanacion.com.ar\/salud\/mente\/la-mentira-en-jaque-el-alto-costo-neurologico-de-no-decir-la-verdad-nid22022026\/\">El h\u00e1bito, en el que todos caemos, que afecta tu mente sin darte cuenta<\/a><\/p>\n<p>Con una formaci\u00f3n inicial en la industria farmac\u00e9utica y un giro posterior hacia la neurociencia aplicada, desde 2010 Hope se dedica a investigar c\u00f3mo los cambios en la coherencia neural y la regulaci\u00f3n del sistema nervioso influyen en la funci\u00f3n cognitiva y la resiliencia psicol\u00f3gica y emocional. En su curr\u00edculum est\u00e1 haber sido miembro del equipo neurocient\u00edfico de Joe Dispenza y liderar el primer estudio para evaluar la efectividad de a<i>ccess bars<\/i>, una t\u00e9cnica manual inventada por Gary Douglas en 1995, hoy asociada a <b>mejoras en coherencia cerebral y disminuciones en indicadores de ansiedad, depresi\u00f3n y <\/b><a href=\"https:\/\/www.lanacion.com.ar\/salud\/vida_sana\/la-doctora-alejandra-da-silva-minas-explica-que-es-el-estres-oxidativo-en-la-sangre-y-como-nid13022026\/\" target=\"_blank\" rel=\"noreferrer\" title=\"https:\/\/www.lanacion.com.ar\/salud\/vida_sana\/la-doctora-alejandra-da-silva-minas-explica-que-es-el-estres-oxidativo-en-la-sangre-y-como-nid13022026\/\"><b>estr\u00e9s<\/b><\/a>. <\/p>\n<p>Actualmente viaja por el mundo como conferencista y trabaja con l\u00edderes corporativos y atletas de \u00e9lite para optimizar el rendimiento y modificar esquemas productivos. Su propuesta apunta a <b>repensar el paradigma de \u201cresistir y empujar\u201d <\/b>por uno m\u00e1s sano y sostenible, donde<b> bienestar y alto desempe\u00f1o sean dos caras de la misma moneda.<\/b> \u201cNo estamos frente a un problema de motivaci\u00f3n. Estamos viendo el l\u00edmite de un modelo que exige sin recuperar\u201d, advierte Hope. \u201cHay una idea instalada de que el cerebro controla todo, pero es exactamente al rev\u00e9s: <b>cuando hablamos de la mente y de c\u00f3mo existimos en el mundo, el cerebro es lo \u00faltimo\u00bb.<\/b><\/p>\n<p><b>\u2014\u00bfY qu\u00e9 es lo primero? <\/b><\/p>\n<p>\u2014La persona. El \u201cser\u201d. Es lo que nos impulsa y lo que toma las decisiones. <\/p>\n<p><b>\u2014\u00bfSer\u00eda el equivalente a lo que muchos llamamos alma?<\/b><\/p>\n<p>\u2014Podr\u00eda decirse que s\u00ed. Lo que hace que quieras quedarte en un lugar haciendo algo no es tu cerebro: es algo m\u00e1s. Lo que te dice que algo funciona y otra cosa no. Lo que te impulsa a hacer las cosas de determinada manera. <b>La experiencia vivencial no pasa por el cerebro, pasa por la persona como un todo<\/b>. El cerebro sufre las consecuencias de nuestro modo de vivir y, naturalmente, es el que nos frena cuando \u201cempujamos\u201d demasiado.<\/p>\n<p><b>\u2014\u201cEmpujar demasiado\u201d. \u201cSeguir produciendo a pesar de\u201d. Son algunas de las premisas de la vida moderna&#8230;de las cuales muchos creen imposible escapar.<\/b><\/p>\n<p>\u2014S\u00ed. Y ah\u00ed radica el problema: el modelo que durante mucho tiempo fue la norma est\u00e1 demostrando a gritos que ya no es ni eficiente, ni sostenible, ni humano.<\/p>\n<p><b>\u2014Si el \u201cser\u201d impulsa y el cerebro regula, \u00bfc\u00f3mo entra el estr\u00e9s en esa relaci\u00f3n? <\/b><\/p>\n<p>\u2014Para empezar, el estr\u00e9s es una percepci\u00f3n individual: lo que es estresante para vos puede no serlo para m\u00ed y viceversa. En segundo lugar, el estr\u00e9s no es una enfermedad: no se puede se\u00f1alar ni cuantificar. No se puede tomar una pastilla para resolverlo. <b>Surge a partir de nuestra forma de entender el mundo.<\/b> Nosotros somos los que lo manejamos. El cerebro se adapta -se desregula- para poder sostenerlo, hasta que aparece el famoso <a href=\"https:\/\/www.lanacion.com.ar\/salud\/vida_sana\/hustle-culture-las-secuelas-fisicas-de-vivir-para-rendir-en-el-trabajo-nid25042025\/\" target=\"_blank\" rel=\"noreferrer\" title=\"https:\/\/www.lanacion.com.ar\/salud\/vida_sana\/hustle-culture-las-secuelas-fisicas-de-vivir-para-rendir-en-el-trabajo-nid25042025\/\"><i><b>burnout<\/b><\/i><\/a><i>, <\/i>como una suerte de freno de emergencia, como un interruptor que se apaga.<\/p>\n<p><img loading=\"lazy\" decoding=\"async\" src=\"https:\/\/resizer.glanacion.com\/resizer\/v2\/PSI33H4Q2JHNHL2WD7YYAC4T7Q.JPG?auth=b4a5e33ea938c24c14852041fdc7302a4c3419410fbb6536b612cecd4854db21&amp;smart=true&amp;width=2000&amp;height=1333\" alt=\"El estr\u00e9s surge a partir de nuestra forma de entender el mundo y el cerebro se adapta para poder sostenerlo\" height=\"1333\" width=\"2000\" \/><\/p>\n<p>Por ejemplo, si cuando nos levantamos y vamos al trabajo percibimos que lo que estamos yendo a hacer es una actividad divertida, disfrutable, en l\u00ednea con nuestra personalidad, entonces su efecto \u201cestresor\u201d va a ser menor y van a haber menos probabilidades de que se dispare una desregulaci\u00f3n en el cerebro. En cambio, si hacemos algo que no nos resulta divertido, que va en contra de nuestra naturaleza, forz\u00e1ndonos a intentar demasiado (el popular <i>try hard<\/i>), entonces probablemente nos genere estr\u00e9s.<\/p>\n<p><b>\u2014Dec\u00eds que o ten\u00e9s estr\u00e9s o no lo ten\u00e9s. No hay grados o niveles.<\/b><\/p>\n<p>\u2014Exacto. <b>Est\u00e1 en uno c\u00f3mo reaccionar frente a una situaci\u00f3n objetivamente estresante<\/b>. Podr\u00edas decidir, por ejemplo, no estresarte, porque no tiene sentido. Y esa decisi\u00f3n va a cambiar la trayectoria de c\u00f3mo sos. Va a definir si el estr\u00e9s se convierte en un componente cr\u00f3nico en tu vida.<\/p>\n<p><b>\u2014\u00bfC\u00f3mo se detecta el estr\u00e9s en uno mismo? <\/b><\/p>\n<p>\u2014Para algunos se traduce en m\u00e1s energ\u00eda\u2026 hasta que caen exhaustos. <b>El estr\u00e9s es insidioso: se va deslizando, y el cerebro no te frena a la primera,<\/b> se adapta para que puedas vivir y funcionar con ese estr\u00e9s, hasta que deja de poder. Hasta que lleg\u00e1s a un punto en el que lo \u00fanico en lo que pod\u00e9s pensar es que necesit\u00e1s vacaciones. El problema es que las vacaciones no suelen ser suficientes para una regulaci\u00f3n cerebral.<\/p>\n<p><b>\u2014\u00bfY c\u00f3mo se observa a nivel neurol\u00f3gico? <\/b><\/p>\n<p>\u2014En estudios tempranos lo primero que se ve es que el sistema nervioso empieza a estar encendido constantemente. La am\u00edgdala est\u00e1 siempre trabajando y deja de poder discernir si hay un peligro real o no. Esencialmente, <b>el estr\u00e9s nos vuelve m\u00e1s reactivos:<\/b> cu\u00e1nto m\u00e1s estresados estamos m\u00e1s sensibles al estr\u00e9s nos volvemos. Es un efecto cascada. <\/p>\n<p>Esto, a su vez, genera <b>inflamaci\u00f3n cr\u00f3nica<\/b> en ciertas partes del cerebro, pero tambi\u00e9n en el sistema circulatorio. Estudios encontraron que las personas m\u00e1s estresadas tienen m\u00e1s inflamaci\u00f3n vascular en las arterias: oh casualidad, una de las principales causas de enfermedad coronaria.<\/p>\n<p>Lo parad\u00f3jico es que se tiende a pensar que necesitamos una droga para bajar la inflamaci\u00f3n, para controlar el colesterol -tambi\u00e9n subconsecuencia del estr\u00e9s-, pero no se va a la ra\u00edz del problema. El c\u00f3mo se vive, con qu\u00e9 <i>approach <\/i>se atraviesa la vida y, el consecuente estr\u00e9s que deriva de este: esa es la causa principal de los problemas de salud. <\/p>\n<p><b>\u2014\u00bfQu\u00e9 es lo que te parece m\u00e1s peligroso, o alarmante, del impacto fisiol\u00f3gico del estr\u00e9s?<\/b><\/p>\n<p>\u2014Que su efecto es acumulativo, tanto en el cerebro como en el cuerpo. Y que todav\u00eda no se encontr\u00f3 la forma de revertirlo. Ante los s\u00edntomas, la tendencia es decir: \u201cEs solo estr\u00e9s\u201d. Ah\u00ed yo digo: <b>\u201cNo. No es solo estr\u00e9s, es <\/b><a href=\"https:\/\/www.lanacion.com.ar\/salud\/mente\/la-mentira-en-jaque-el-alto-costo-neurologico-de-no-decir-la-verdad-nid22022026\/\" target=\"_blank\" rel=\"noreferrer\" title=\"https:\/\/www.lanacion.com.ar\/salud\/mente\/la-mentira-en-jaque-el-alto-costo-neurologico-de-no-decir-la-verdad-nid22022026\/\"><b>calidad de vida<\/b><\/a><b>\u201d<\/b>.<\/p>\n<p><img loading=\"lazy\" decoding=\"async\" src=\"https:\/\/resizer.glanacion.com\/resizer\/v2\/DM5D55BIH5HRHHPUKDTE3OIA7U.jpg?auth=b298f0c202c7bafdde7261f3ce68700934d9d389c785da47e88f95592fd986c8&amp;smart=true&amp;width=8688&amp;height=5792\" alt=\"El efecto del estr\u00e9s es acumulativo, tanto en el cerebro como en el cuerpo\" height=\"5792\" width=\"8688\" \/><\/p>\n<p><b>\u2014En tus conferencias habl\u00e1s del costo econ\u00f3mico del estr\u00e9s a nivel corporativo. \u00bfC\u00f3mo afecta el estr\u00e9s individual de los empleados a la productividad de una empresa? <\/b><\/p>\n<p>\u2014El estr\u00e9s \u201csecuestra\u201d la funci\u00f3n ejecutiva. Esta se ralentiza en la corteza prefrontal, dificultando el pensamiento. Hay investigaciones que muestran que <b>los cerebros se achican cuando est\u00e1n estresados. <\/b>En la pr\u00e1ctica, el empleado baja su rendimiento o se desconecta de su trabajo, pasando a un modo autom\u00e1tico. <\/p>\n<p>De acuerdo con estudios, <b>en muchos pa\u00edses solo el 30% de la gente est\u00e1 realmente presente en su trabajo, y la presencia baja progresivamente conforme avanza la semana laboral.<\/b> No por voluntad propia, sino porque no pueden: sus cerebros no pueden. Argentina no solo no es la excepci\u00f3n, sino que est\u00e1 arriba en el ranking de pa\u00edses con m\u00e1s estr\u00e9s, seg\u00fan estudios recientes. Esto significa que, generalmente hablando, la gente tiene que trabajar muy duro para seguir haciendo lo que hace y que la recompensa no es buena.<\/p>\n<p>Mi planteo es: si en lugar de tener gente tan desconectada trabajando tuvieramos personas presentes, concentradas, productivas y felices: \u00bflas empresas ser\u00edan m\u00e1s rentables? Es una pregunta algo ret\u00f3rica, porque yo estoy segura de que la respuesta es afirmativa. <\/p>\n<p><b>\u2014Es ah\u00ed donde entran en juego las <\/b><i><b>access bars<\/b><\/i><b>&#8230; \u00bfpodr\u00edas hablar un poco de eso? <\/b><\/p>\n<p>\u2014S\u00ed. Se trata de una terapia energ\u00e9tica no invasiva que, a trav\u00e9s de toques suaves en <b>32 puntos espec\u00edficos de la cabeza,<\/b> busca liberar bloqueos mentales, estr\u00e9s y creencias limitantes. <\/p>\n<p>Empec\u00e9 a estudiarla por pura curiosidad. No ten\u00eda expectativas ni pretensiones; como cient\u00edfica, quer\u00eda entender el efecto real del m\u00e9todo. Los resultados me sorprendieron. <\/p>\n<p><img loading=\"lazy\" decoding=\"async\" src=\"https:\/\/resizer.glanacion.com\/resizer\/v2\/W5TZHSF3P5BMRAEGZIBWNSYHLQ.JPG?auth=a5d2711e2139d6fe0d03195348126884566e94aef543b528305b412cc53b579b&amp;smart=true&amp;width=2000&amp;height=1333\" alt=\"Access bars es una terapia energ\u00e9tica a trav\u00e9s de toques suaves en 32 puntos espec\u00edficos de la cabeza\" height=\"1333\" width=\"2000\" \/><\/p>\n<p><b>\u2014\u00bfQu\u00e9 descubriste?<\/b><\/p>\n<p>\u2014La primera investigaci\u00f3n -realizada con gente con ansiedad y depresi\u00f3n- registr\u00f3 un 84,2% de cambio en la ansiedad despu\u00e9s de una sesi\u00f3n de 90 minutos (remarco, la ansiedad es un rasgo dif\u00edcil de cambiar). En el 80% de los casos encontramos que el patr\u00f3n cerebral -la comunicaci\u00f3n entre regiones- se volvi\u00f3 m\u00e1s coherente despu\u00e9s de una sesi\u00f3n. En otro gran estudio sobre casos de gente con estr\u00e9s, el 76% report\u00f3 cambios significativos. Y, en otro hecho sobre personas con trastorno por estr\u00e9s postraum\u00e1tico, las diferencias tambi\u00e9n fueron relevantes. La gente dice que piensa mejor, que est\u00e1 m\u00e1s presente. Aspectos que arrastran desde hace tiempo, como la inseguridad, por ejemplo, desaparecen. <\/p>\n<p><b>\u2014\u00bfDespu\u00e9s de una sola sesi\u00f3n?<\/b><\/p>\n<p>\u2014En muchos casos s\u00ed, en otros puede llevar algunas m\u00e1s. Pero siempre hay efectos positivos parciales inmediatos. Es dif\u00edcil de creer, ya s\u00e9.<\/p>\n<p><b>\u2014\u00bfC\u00f3mo se explica? \u00bfQu\u00e9 pasa en el cerebro?<\/b><\/p>\n<p>\u2014Mi interpretaci\u00f3n de lo que sucede es que activando estos puntos de la cabeza se logra hacer una especie de <b>reseteo neurol\u00f3gico<\/b>, facilitando una mayor conciencia, relajaci\u00f3n y claridad mental. El sistema nervioso central se calma. <\/p>\n<p>No es \u201cla soluci\u00f3n\u201d, pero s\u00ed es una manera innovadora de que la gente funcione mejor, vali\u00e9ndose de un m\u00e9todo no farmac\u00e9utico. No es ponerte una m\u00e1quina en la cabeza sin saber qu\u00e9 pasa. Es simple y natural.<\/p>\n<p><b>\u2014\u00bfQu\u00e9 le sugerir\u00edas a alguien que empieza a percibirse estresado?<\/b><\/p>\n<p>\u2014Que se vuelva m\u00e1s consciente de las cosas que le funcionan y las que no. Si cada vez que cen\u00e1s con alguien te vas sinti\u00e9ndote mal o cada vez que habl\u00e1s con tu pap\u00e1 te pele\u00e1s\u2026 notalo. No sigas en piloto autom\u00e1tico. <b>Pens\u00e1 en c\u00f3mo pod\u00e9s cambiar ese patr\u00f3n que te hace mal<\/b>. El conflicto no tiene que existir, pero nos acostumbramos a su presencia y nos predisponemos a \u00e9l. Le dir\u00eda que navegue hacia lo que funciona y cambie lo que no. <\/p>\n<p><b>\u2014Para cerrar: si tuvieses que resumir tus aprendizajes en un mensaje para mandarle a las masas, \u00bfcu\u00e1l ser\u00eda?<\/b><\/p>\n<p>\u2014Que podr\u00edamos prosperar -en lugar de sobrevivir- si en vez de hacer cosas que nos cuestan y drenan, hici\u00e9ramos cosas que nos honran.<\/p>\n<p><img loading=\"lazy\" decoding=\"async\" src=\"https:\/\/resizer.glanacion.com\/resizer\/v2\/LQ3COU46LNE53N36H722V5EELE.jpg?auth=b32e40d61022fff581cc213954f612112a54ed4b1797b093256cdc2fcd615fc1&amp;smart=true&amp;width=6007&amp;height=4004\" alt=\"Para Hope, tenemos que apuntar a prosperar, en lugar de a sobrevivir, haciendo las cosas que nos honran como personas\" height=\"4004\" width=\"6007\" \/>\u200bTerrie Hope asegura que hay que apuntar a prosperar, no a sobrevivir\u00a0\u00a0<\/p>","protected":false},"excerpt":{"rendered":"<p>Hay un tipo de cansancio que no se cura con un fin de semana largo&#8230;.<\/p>\n","protected":false},"author":1,"featured_media":13165,"comment_status":"closed","ping_status":"closed","sticky":false,"template":"","format":"standard","meta":{"_jetpack_memberships_contains_paid_content":false,"footnotes":"","jetpack_publicize_message":"","jetpack_publicize_feature_enabled":true,"jetpack_social_post_already_shared":true,"jetpack_social_options":{"image_generator_settings":{"template":"highway","default_image_id":0,"font":"","enabled":false},"version":2}},"categories":[89],"tags":[],"class_list":["post-13164","post","type-post","status-publish","format-standard","has-post-thumbnail","hentry","category-nacionales"],"yoast_head":"<!-- This site is optimized with the Yoast SEO plugin v27.4 - https:\/\/yoast.com\/product\/yoast-seo-wordpress\/ -->\n<title>Una neurocient\u00edfica canadiense explica qu\u00e9 ocurre en el cerebro cuando el estr\u00e9s se vuelve cr\u00f3nico -<\/title>\n<meta name=\"robots\" content=\"index, follow, max-snippet:-1, max-image-preview:large, max-video-preview:-1\" \/>\n<link rel=\"canonical\" href=\"https:\/\/impactocastex.com.ar\/?p=13164\" \/>\n<meta property=\"og:locale\" content=\"es_ES\" \/>\n<meta property=\"og:type\" content=\"article\" \/>\n<meta property=\"og:title\" content=\"Una neurocient\u00edfica canadiense explica qu\u00e9 ocurre en el cerebro cuando el estr\u00e9s se vuelve cr\u00f3nico -\" \/>\n<meta property=\"og:description\" content=\"Hay un tipo de cansancio que no se cura con un fin de semana largo....\" \/>\n<meta property=\"og:url\" content=\"https:\/\/impactocastex.com.ar\/?p=13164\" \/>\n<meta property=\"article:publisher\" content=\"https:\/\/www.facebook.com\/impactocastexdiario\" \/>\n<meta property=\"article:published_time\" content=\"2026-03-14T11:43:01+00:00\" \/>\n<meta property=\"og:image\" content=\"https:\/\/resizer.glanacion.com\/resizer\/v2\/PSI33H4Q2JHNHL2WD7YYAC4T7Q.JPG?auth=b4a5e33ea938c24c14852041fdc7302a4c3419410fbb6536b612cecd4854db21&amp;smart=true&amp;width=2000&amp;height=1333\" \/>\n<meta name=\"author\" content=\"impactocastex\" \/>\n<meta name=\"twitter:card\" content=\"summary_large_image\" \/>\n<meta name=\"twitter:label1\" content=\"Escrito por\" \/>\n\t<meta name=\"twitter:data1\" content=\"impactocastex\" \/>\n\t<meta name=\"twitter:label2\" content=\"Tiempo de lectura\" \/>\n\t<meta name=\"twitter:data2\" content=\"9 minutos\" \/>\n<script type=\"application\/ld+json\" class=\"yoast-schema-graph\">{\"@context\":\"https:\\\/\\\/schema.org\",\"@graph\":[{\"@type\":\"Article\",\"@id\":\"https:\\\/\\\/impactocastex.com.ar\\\/?p=13164#article\",\"isPartOf\":{\"@id\":\"https:\\\/\\\/impactocastex.com.ar\\\/?p=13164\"},\"author\":{\"name\":\"impactocastex\",\"@id\":\"https:\\\/\\\/impactocastex.com.ar\\\/#\\\/schema\\\/person\\\/86cb4f827fb5f87869a239b98a69c6e3\"},\"headline\":\"Una neurocient\u00edfica canadiense explica qu\u00e9 ocurre en el cerebro cuando el estr\u00e9s se vuelve cr\u00f3nico\",\"datePublished\":\"2026-03-14T11:43:01+00:00\",\"mainEntityOfPage\":{\"@id\":\"https:\\\/\\\/impactocastex.com.ar\\\/?p=13164\"},\"wordCount\":1827,\"publisher\":{\"@id\":\"https:\\\/\\\/impactocastex.com.ar\\\/#organization\"},\"image\":{\"@id\":\"https:\\\/\\\/impactocastex.com.ar\\\/?p=13164#primaryimage\"},\"thumbnailUrl\":\"https:\\\/\\\/impactocastex.com.ar\\\/wp-content\\\/uploads\\\/2026\\\/03\\\/X3B4O25UK5DTVCLDAIPYR6SV7Y-WZoTjy.jpg\",\"articleSection\":[\"NACIONALES\"],\"inLanguage\":\"es\"},{\"@type\":\"WebPage\",\"@id\":\"https:\\\/\\\/impactocastex.com.ar\\\/?p=13164\",\"url\":\"https:\\\/\\\/impactocastex.com.ar\\\/?p=13164\",\"name\":\"Una neurocient\u00edfica canadiense explica qu\u00e9 ocurre en el cerebro cuando el estr\u00e9s se vuelve cr\u00f3nico -\",\"isPartOf\":{\"@id\":\"https:\\\/\\\/impactocastex.com.ar\\\/#website\"},\"primaryImageOfPage\":{\"@id\":\"https:\\\/\\\/impactocastex.com.ar\\\/?p=13164#primaryimage\"},\"image\":{\"@id\":\"https:\\\/\\\/impactocastex.com.ar\\\/?p=13164#primaryimage\"},\"thumbnailUrl\":\"https:\\\/\\\/impactocastex.com.ar\\\/wp-content\\\/uploads\\\/2026\\\/03\\\/X3B4O25UK5DTVCLDAIPYR6SV7Y-WZoTjy.jpg\",\"datePublished\":\"2026-03-14T11:43:01+00:00\",\"breadcrumb\":{\"@id\":\"https:\\\/\\\/impactocastex.com.ar\\\/?p=13164#breadcrumb\"},\"inLanguage\":\"es\",\"potentialAction\":[{\"@type\":\"ReadAction\",\"target\":[\"https:\\\/\\\/impactocastex.com.ar\\\/?p=13164\"]}]},{\"@type\":\"ImageObject\",\"inLanguage\":\"es\",\"@id\":\"https:\\\/\\\/impactocastex.com.ar\\\/?p=13164#primaryimage\",\"url\":\"https:\\\/\\\/impactocastex.com.ar\\\/wp-content\\\/uploads\\\/2026\\\/03\\\/X3B4O25UK5DTVCLDAIPYR6SV7Y-WZoTjy.jpg\",\"contentUrl\":\"https:\\\/\\\/impactocastex.com.ar\\\/wp-content\\\/uploads\\\/2026\\\/03\\\/X3B4O25UK5DTVCLDAIPYR6SV7Y-WZoTjy.jpg\",\"width\":976,\"height\":549},{\"@type\":\"BreadcrumbList\",\"@id\":\"https:\\\/\\\/impactocastex.com.ar\\\/?p=13164#breadcrumb\",\"itemListElement\":[{\"@type\":\"ListItem\",\"position\":1,\"name\":\"Portada\",\"item\":\"https:\\\/\\\/impactocastex.com.ar\\\/\"},{\"@type\":\"ListItem\",\"position\":2,\"name\":\"Una neurocient\u00edfica canadiense explica qu\u00e9 ocurre en el cerebro cuando el estr\u00e9s se vuelve cr\u00f3nico\"}]},{\"@type\":\"WebSite\",\"@id\":\"https:\\\/\\\/impactocastex.com.ar\\\/#website\",\"url\":\"https:\\\/\\\/impactocastex.com.ar\\\/\",\"name\":\"Impacto Castex\",\"description\":\"\",\"publisher\":{\"@id\":\"https:\\\/\\\/impactocastex.com.ar\\\/#organization\"},\"potentialAction\":[{\"@type\":\"SearchAction\",\"target\":{\"@type\":\"EntryPoint\",\"urlTemplate\":\"https:\\\/\\\/impactocastex.com.ar\\\/?s={search_term_string}\"},\"query-input\":{\"@type\":\"PropertyValueSpecification\",\"valueRequired\":true,\"valueName\":\"search_term_string\"}}],\"inLanguage\":\"es\"},{\"@type\":\"Organization\",\"@id\":\"https:\\\/\\\/impactocastex.com.ar\\\/#organization\",\"name\":\"Impacto Castex\",\"url\":\"https:\\\/\\\/impactocastex.com.ar\\\/\",\"logo\":{\"@type\":\"ImageObject\",\"inLanguage\":\"es\",\"@id\":\"https:\\\/\\\/impactocastex.com.ar\\\/#\\\/schema\\\/logo\\\/image\\\/\",\"url\":\"https:\\\/\\\/impactocastex.com.ar\\\/wp-content\\\/uploads\\\/2025\\\/09\\\/cropped-icoweb.png\",\"contentUrl\":\"https:\\\/\\\/impactocastex.com.ar\\\/wp-content\\\/uploads\\\/2025\\\/09\\\/cropped-icoweb.png\",\"width\":512,\"height\":512,\"caption\":\"Impacto Castex\"},\"image\":{\"@id\":\"https:\\\/\\\/impactocastex.com.ar\\\/#\\\/schema\\\/logo\\\/image\\\/\"},\"sameAs\":[\"https:\\\/\\\/www.facebook.com\\\/impactocastexdiario\",\"https:\\\/\\\/www.instagram.com\\\/impactocastex.com.ar\\\/\"]},{\"@type\":\"Person\",\"@id\":\"https:\\\/\\\/impactocastex.com.ar\\\/#\\\/schema\\\/person\\\/86cb4f827fb5f87869a239b98a69c6e3\",\"name\":\"impactocastex\",\"image\":{\"@type\":\"ImageObject\",\"inLanguage\":\"es\",\"@id\":\"https:\\\/\\\/secure.gravatar.com\\\/avatar\\\/9a87ee051ca8c77f5d4070843ce2c78cdf95b858b950fb039151de955122f5f5?s=96&d=mm&r=g\",\"url\":\"https:\\\/\\\/secure.gravatar.com\\\/avatar\\\/9a87ee051ca8c77f5d4070843ce2c78cdf95b858b950fb039151de955122f5f5?s=96&d=mm&r=g\",\"contentUrl\":\"https:\\\/\\\/secure.gravatar.com\\\/avatar\\\/9a87ee051ca8c77f5d4070843ce2c78cdf95b858b950fb039151de955122f5f5?s=96&d=mm&r=g\",\"caption\":\"impactocastex\"},\"sameAs\":[\"https:\\\/\\\/impactocastex.com.ar\"],\"url\":\"https:\\\/\\\/impactocastex.com.ar\\\/?author=1\"}]}<\/script>\n<!-- \/ Yoast SEO plugin. -->","yoast_head_json":{"title":"Una neurocient\u00edfica canadiense explica qu\u00e9 ocurre en el cerebro cuando el estr\u00e9s se vuelve cr\u00f3nico -","robots":{"index":"index","follow":"follow","max-snippet":"max-snippet:-1","max-image-preview":"max-image-preview:large","max-video-preview":"max-video-preview:-1"},"canonical":"https:\/\/impactocastex.com.ar\/?p=13164","og_locale":"es_ES","og_type":"article","og_title":"Una neurocient\u00edfica canadiense explica qu\u00e9 ocurre en el cerebro cuando el estr\u00e9s se vuelve cr\u00f3nico -","og_description":"Hay un tipo de cansancio que no se cura con un fin de semana largo....","og_url":"https:\/\/impactocastex.com.ar\/?p=13164","article_publisher":"https:\/\/www.facebook.com\/impactocastexdiario","article_published_time":"2026-03-14T11:43:01+00:00","og_image":[{"url":"https:\/\/resizer.glanacion.com\/resizer\/v2\/PSI33H4Q2JHNHL2WD7YYAC4T7Q.JPG?auth=b4a5e33ea938c24c14852041fdc7302a4c3419410fbb6536b612cecd4854db21&amp;smart=true&amp;width=2000&amp;height=1333","type":"","width":"","height":""}],"author":"impactocastex","twitter_card":"summary_large_image","twitter_misc":{"Escrito por":"impactocastex","Tiempo de lectura":"9 minutos"},"schema":{"@context":"https:\/\/schema.org","@graph":[{"@type":"Article","@id":"https:\/\/impactocastex.com.ar\/?p=13164#article","isPartOf":{"@id":"https:\/\/impactocastex.com.ar\/?p=13164"},"author":{"name":"impactocastex","@id":"https:\/\/impactocastex.com.ar\/#\/schema\/person\/86cb4f827fb5f87869a239b98a69c6e3"},"headline":"Una neurocient\u00edfica canadiense explica qu\u00e9 ocurre en el cerebro cuando el estr\u00e9s se vuelve cr\u00f3nico","datePublished":"2026-03-14T11:43:01+00:00","mainEntityOfPage":{"@id":"https:\/\/impactocastex.com.ar\/?p=13164"},"wordCount":1827,"publisher":{"@id":"https:\/\/impactocastex.com.ar\/#organization"},"image":{"@id":"https:\/\/impactocastex.com.ar\/?p=13164#primaryimage"},"thumbnailUrl":"https:\/\/impactocastex.com.ar\/wp-content\/uploads\/2026\/03\/X3B4O25UK5DTVCLDAIPYR6SV7Y-WZoTjy.jpg","articleSection":["NACIONALES"],"inLanguage":"es"},{"@type":"WebPage","@id":"https:\/\/impactocastex.com.ar\/?p=13164","url":"https:\/\/impactocastex.com.ar\/?p=13164","name":"Una neurocient\u00edfica canadiense explica qu\u00e9 ocurre en el cerebro cuando el estr\u00e9s se vuelve cr\u00f3nico -","isPartOf":{"@id":"https:\/\/impactocastex.com.ar\/#website"},"primaryImageOfPage":{"@id":"https:\/\/impactocastex.com.ar\/?p=13164#primaryimage"},"image":{"@id":"https:\/\/impactocastex.com.ar\/?p=13164#primaryimage"},"thumbnailUrl":"https:\/\/impactocastex.com.ar\/wp-content\/uploads\/2026\/03\/X3B4O25UK5DTVCLDAIPYR6SV7Y-WZoTjy.jpg","datePublished":"2026-03-14T11:43:01+00:00","breadcrumb":{"@id":"https:\/\/impactocastex.com.ar\/?p=13164#breadcrumb"},"inLanguage":"es","potentialAction":[{"@type":"ReadAction","target":["https:\/\/impactocastex.com.ar\/?p=13164"]}]},{"@type":"ImageObject","inLanguage":"es","@id":"https:\/\/impactocastex.com.ar\/?p=13164#primaryimage","url":"https:\/\/impactocastex.com.ar\/wp-content\/uploads\/2026\/03\/X3B4O25UK5DTVCLDAIPYR6SV7Y-WZoTjy.jpg","contentUrl":"https:\/\/impactocastex.com.ar\/wp-content\/uploads\/2026\/03\/X3B4O25UK5DTVCLDAIPYR6SV7Y-WZoTjy.jpg","width":976,"height":549},{"@type":"BreadcrumbList","@id":"https:\/\/impactocastex.com.ar\/?p=13164#breadcrumb","itemListElement":[{"@type":"ListItem","position":1,"name":"Portada","item":"https:\/\/impactocastex.com.ar\/"},{"@type":"ListItem","position":2,"name":"Una neurocient\u00edfica canadiense explica qu\u00e9 ocurre en el cerebro cuando el estr\u00e9s se vuelve cr\u00f3nico"}]},{"@type":"WebSite","@id":"https:\/\/impactocastex.com.ar\/#website","url":"https:\/\/impactocastex.com.ar\/","name":"Impacto Castex","description":"","publisher":{"@id":"https:\/\/impactocastex.com.ar\/#organization"},"potentialAction":[{"@type":"SearchAction","target":{"@type":"EntryPoint","urlTemplate":"https:\/\/impactocastex.com.ar\/?s={search_term_string}"},"query-input":{"@type":"PropertyValueSpecification","valueRequired":true,"valueName":"search_term_string"}}],"inLanguage":"es"},{"@type":"Organization","@id":"https:\/\/impactocastex.com.ar\/#organization","name":"Impacto Castex","url":"https:\/\/impactocastex.com.ar\/","logo":{"@type":"ImageObject","inLanguage":"es","@id":"https:\/\/impactocastex.com.ar\/#\/schema\/logo\/image\/","url":"https:\/\/impactocastex.com.ar\/wp-content\/uploads\/2025\/09\/cropped-icoweb.png","contentUrl":"https:\/\/impactocastex.com.ar\/wp-content\/uploads\/2025\/09\/cropped-icoweb.png","width":512,"height":512,"caption":"Impacto Castex"},"image":{"@id":"https:\/\/impactocastex.com.ar\/#\/schema\/logo\/image\/"},"sameAs":["https:\/\/www.facebook.com\/impactocastexdiario","https:\/\/www.instagram.com\/impactocastex.com.ar\/"]},{"@type":"Person","@id":"https:\/\/impactocastex.com.ar\/#\/schema\/person\/86cb4f827fb5f87869a239b98a69c6e3","name":"impactocastex","image":{"@type":"ImageObject","inLanguage":"es","@id":"https:\/\/secure.gravatar.com\/avatar\/9a87ee051ca8c77f5d4070843ce2c78cdf95b858b950fb039151de955122f5f5?s=96&d=mm&r=g","url":"https:\/\/secure.gravatar.com\/avatar\/9a87ee051ca8c77f5d4070843ce2c78cdf95b858b950fb039151de955122f5f5?s=96&d=mm&r=g","contentUrl":"https:\/\/secure.gravatar.com\/avatar\/9a87ee051ca8c77f5d4070843ce2c78cdf95b858b950fb039151de955122f5f5?s=96&d=mm&r=g","caption":"impactocastex"},"sameAs":["https:\/\/impactocastex.com.ar"],"url":"https:\/\/impactocastex.com.ar\/?author=1"}]}},"jetpack_publicize_connections":[],"featured_image_urls":{"full":["https:\/\/impactocastex.com.ar\/wp-content\/uploads\/2026\/03\/X3B4O25UK5DTVCLDAIPYR6SV7Y-WZoTjy.jpg",976,549,false],"thumbnail":["https:\/\/impactocastex.com.ar\/wp-content\/uploads\/2026\/03\/X3B4O25UK5DTVCLDAIPYR6SV7Y-WZoTjy-150x150.jpg",150,150,true],"medium":["https:\/\/impactocastex.com.ar\/wp-content\/uploads\/2026\/03\/X3B4O25UK5DTVCLDAIPYR6SV7Y-WZoTjy-300x169.jpg",300,169,true],"medium_large":["https:\/\/impactocastex.com.ar\/wp-content\/uploads\/2026\/03\/X3B4O25UK5DTVCLDAIPYR6SV7Y-WZoTjy-768x432.jpg",640,360,true],"large":["https:\/\/impactocastex.com.ar\/wp-content\/uploads\/2026\/03\/X3B4O25UK5DTVCLDAIPYR6SV7Y-WZoTjy.jpg",640,360,false],"1536x1536":["https:\/\/impactocastex.com.ar\/wp-content\/uploads\/2026\/03\/X3B4O25UK5DTVCLDAIPYR6SV7Y-WZoTjy.jpg",976,549,false],"2048x2048":["https:\/\/impactocastex.com.ar\/wp-content\/uploads\/2026\/03\/X3B4O25UK5DTVCLDAIPYR6SV7Y-WZoTjy.jpg",976,549,false],"newsever-slider-full":["https:\/\/impactocastex.com.ar\/wp-content\/uploads\/2026\/03\/X3B4O25UK5DTVCLDAIPYR6SV7Y-WZoTjy.jpg",976,549,false],"newsever-featured":["https:\/\/impactocastex.com.ar\/wp-content\/uploads\/2026\/03\/X3B4O25UK5DTVCLDAIPYR6SV7Y-WZoTjy.jpg",976,549,false],"newsever-medium":["https:\/\/impactocastex.com.ar\/wp-content\/uploads\/2026\/03\/X3B4O25UK5DTVCLDAIPYR6SV7Y-WZoTjy-720x475.jpg",720,475,true]},"author_info":{"info":["impactocastex"]},"category_info":"<a href=\"https:\/\/impactocastex.com.ar\/?cat=89\" rel=\"category\">NACIONALES<\/a>","tag_info":"NACIONALES","comment_count":0,"jetpack_featured_media_url":"https:\/\/impactocastex.com.ar\/wp-content\/uploads\/2026\/03\/X3B4O25UK5DTVCLDAIPYR6SV7Y-WZoTjy.jpg","jetpack_sharing_enabled":true,"jetpack_likes_enabled":true,"jetpack_shortlink":"https:\/\/wp.me\/p7sopA-3qk","_links":{"self":[{"href":"https:\/\/impactocastex.com.ar\/index.php?rest_route=\/wp\/v2\/posts\/13164","targetHints":{"allow":["GET"]}}],"collection":[{"href":"https:\/\/impactocastex.com.ar\/index.php?rest_route=\/wp\/v2\/posts"}],"about":[{"href":"https:\/\/impactocastex.com.ar\/index.php?rest_route=\/wp\/v2\/types\/post"}],"author":[{"embeddable":true,"href":"https:\/\/impactocastex.com.ar\/index.php?rest_route=\/wp\/v2\/users\/1"}],"replies":[{"embeddable":true,"href":"https:\/\/impactocastex.com.ar\/index.php?rest_route=%2Fwp%2Fv2%2Fcomments&post=13164"}],"version-history":[{"count":0,"href":"https:\/\/impactocastex.com.ar\/index.php?rest_route=\/wp\/v2\/posts\/13164\/revisions"}],"wp:featuredmedia":[{"embeddable":true,"href":"https:\/\/impactocastex.com.ar\/index.php?rest_route=\/wp\/v2\/media\/13165"}],"wp:attachment":[{"href":"https:\/\/impactocastex.com.ar\/index.php?rest_route=%2Fwp%2Fv2%2Fmedia&parent=13164"}],"wp:term":[{"taxonomy":"category","embeddable":true,"href":"https:\/\/impactocastex.com.ar\/index.php?rest_route=%2Fwp%2Fv2%2Fcategories&post=13164"},{"taxonomy":"post_tag","embeddable":true,"href":"https:\/\/impactocastex.com.ar\/index.php?rest_route=%2Fwp%2Fv2%2Ftags&post=13164"}],"curies":[{"name":"wp","href":"https:\/\/api.w.org\/{rel}","templated":true}]}}