{"id":1314,"date":"2025-09-24T11:20:27","date_gmt":"2025-09-24T14:20:27","guid":{"rendered":"https:\/\/impactocastex.com.ar\/?p=1314"},"modified":"2025-09-24T11:20:28","modified_gmt":"2025-09-24T14:20:28","slug":"chicas-desaparecidas-confirman-el-hallazgo-de-dos-cuerpos-en-florencio-varela","status":"publish","type":"post","link":"https:\/\/impactocastex.com.ar\/?p=1314","title":{"rendered":"Chicas desaparecidas: confirman el hallazgo de dos cuerpos en Florencio Varela"},"content":{"rendered":"\n<p>La Polic\u00eda bonaerense confirm\u00f3 ese mi\u00e9rcoles el hallazgo de dos cuerpos en los allanamientos y rastrillajes por la b\u00fasqueda de las j\u00f3venes\u00a0<strong>Morena Verri (20 a\u00f1os), Brenda Loreley Del Castillo (20) y Lara Morena Guti\u00e9rrez (15)<\/strong>\u00a0en Florencio Varela y hay hermetismo.<\/p>\n\n\n\n<p>Desde el lugar, efectivos que est\u00e1n abocados al operativo aseguraron que el resultado es \u00abpositivo\u00bb y se estima que en minutos habr\u00e1 confirmaci\u00f3n oficial.<\/p>\n\n\n\n<p>Seg\u00fan detallaron a la agencia Noticias Argentinas, uno de los cuerpos fue encontrado enterrado en el patio de una casa, mientras que el segundo fue hallado calcinado dentro de la camioneta blanca, la cual tienen caracter\u00edsticas similares a las que se habr\u00edan subido las chicas el pasado viernes, \u00faltimo d\u00eda en el que fueron vistas.<\/p>\n\n\n\n<p>https:\/\/googleads.g.doubleclick.net\/pagead\/ads?client=ca-pub-6403813037603277&#038;output=html&#038;h=280&#038;adk=1909521250&#038;adf=2495168725&#038;pi=t.aa~a.2470000188~i.2~rp.4&#038;w=839&#038;fwrn=4&#038;fwrnh=100&#038;lmt=1758723520&#038;num_ads=1&#038;rafmt=1&#038;armr=3&#038;sem=mc&#038;pwprc=4381023474&#038;ad_type=text_image&#038;format=839&#215;280&#038;url=https%3A%2F%2Fwww.eldiariodelapampa.com.ar%2Fpais%2F62348%2Fchicas-desaparecidas&#8211;confirman-el-hallazgo-de-dos-cuerpos-en-florencio-varela&#038;fwr=0&#038;pra=3&#038;rh=200&#038;rw=839&#038;rpe=1&#038;resp_fmts=3&#038;wgl=1&#038;fa=27&#038;uach=WyJXaW5kb3dzIiwiMTAuMC4wIiwieDg2IiwiIiwiMTQwLjAuNzMzOS4xMjkiLG51bGwsMCxudWxsLCI2NCIsW1siQ2hyb21pdW0iLCIxNDAuMC43MzM5LjEyOSJdLFsiTm90PUE_QnJhbmQiLCIyNC4wLjAuMCJdLFsiR29vZ2xlIENocm9tZSIsIjE0MC4wLjczMzkuMTI5Il1dLDFd&#038;abgtt=9&#038;dt=1758723520645&#038;bpp=3&#038;bdt=2478&#038;idt=3&#038;shv=r20250922&#038;mjsv=m202509180101&#038;ptt=9&#038;saldr=aa&#038;abxe=1&#038;cookie=ID%3Db659817de5797c63%3AT%3D1757941855%3ART%3D1758723221%3AS%3DALNI_MZoIeHIZnXkzz-fgvz1uUeBBsrAfQ&#038;gpic=UID%3D0000114361262f80%3AT%3D1757941855%3ART%3D1758723221%3AS%3DALNI_MbOK2fCJxAdR0Mrqkt8tncwEk-EuQ&#038;eo_id_str=ID%3Dea57bff391a1fdd3%3AT%3D1757941855%3ART%3D1758723221%3AS%3DAA-AfjZWpgiV2v7R3EtXIXL6oEB6&#038;prev_fmts=0x0%2C728x280%2C160x600&#038;nras=2&#038;correlator=6213107125919&#038;frm=20&#038;pv=1&#038;u_tz=-180&#038;u_his=10&#038;u_h=768&#038;u_w=1366&#038;u_ah=738&#038;u_aw=1366&#038;u_cd=24&#038;u_sd=1&#038;dmc=2&#038;adx=39&#038;ady=1279&#038;biw=1351&#038;bih=617&#038;scr_x=0&#038;scr_y=0&#038;eid=31094719%2C31094805%2C95366794%2C95371811%2C95371814%2C95372358%2C42533293%2C95368093&#038;oid=2&#038;pvsid=4618759153226014&#038;tmod=20315745&#038;uas=3&#038;nvt=1&#038;ref=https%3A%2F%2Fwww.eldiariodelapampa.com.ar%2F&#038;fc=1408&#038;brdim=0%2C0%2C0%2C0%2C1366%2C0%2C1366%2C738%2C1366%2C617&#038;vis=1&#038;rsz=%7C%7Cs%7C&#038;abl=NS&#038;fu=128&#038;bc=31&#038;bz=1&#038;td=1&#038;tdf=2&#038;psd=W251bGwsbnVsbCwibGFiZWxfb25seV8yIiwxXQ..&#038;nt=1&#038;ifi=4&#038;uci=a!4&#038;btvi=2&#038;fsb=1&#038;dtd=37<\/p>\n\n\n\n<p>En martes por la noche comenzaron los procedimientos en los que se logr\u00f3 constatar la presencia de manchas hem\u00e1ticas y la detenci\u00f3n de al menos cuatro personas.<\/p>\n\n\n\n<p>Fuentes del caso explicaron a NA que los operativos en la zona comenzaron tras detectar la \u00faltima conexi\u00f3n que localiz\u00f3 la antena celular de una de las chicas.<\/p>\n\n\n\n<p>De este modo, se llev\u00f3 a cabo un allanamiento de urgencia en una vivienda, la cual el viernes por la noche hab\u00eda sido alquilada por una banda perteneciente al barrio 1-11-14 y que hab\u00edan organizado una \u00abfiesta narco\u00bb.<\/p>\n\n\n\n<p>All\u00ed dentro encontraron a un hombre y una mujer que \u00ablimpiaban con lavandina restos de sangre que hab\u00eda por todos lados\u00bb.&nbsp;<\/p>\n\n\n\n<p>Luego, tras las primeras averiguaciones se logr\u00f3 dar con un hotel de la zona, motivo por el cual se realiz\u00f3 otra pesquisa donde se dio con otro hombre y otra mujer, ambos detenidos.<\/p>\n\n\n\n<p>Esta \u00faltima es due\u00f1a de la casa previamente allanada y quien contrat\u00f3 a dos j\u00f3venes para limpiar.<\/p>\n","protected":false},"excerpt":{"rendered":"<p>La Polic\u00eda bonaerense confirm\u00f3 ese mi\u00e9rcoles el hallazgo de dos cuerpos en los allanamientos y&#8230;<\/p>\n","protected":false},"author":2,"featured_media":1315,"comment_status":"closed","ping_status":"closed","sticky":false,"template":"","format":"standard","meta":{"_jetpack_memberships_contains_paid_content":false,"footnotes":"","jetpack_publicize_message":"","jetpack_publicize_feature_enabled":true,"jetpack_social_post_already_shared":true,"jetpack_social_options":{"image_generator_settings":{"template":"highway","default_image_id":0,"font":"","enabled":false},"version":2}},"categories":[85],"tags":[],"class_list":["post-1314","post","type-post","status-publish","format-standard","has-post-thumbnail","hentry","category-policiales"],"yoast_head":"<!-- This site is optimized with the Yoast SEO plugin v27.4 - https:\/\/yoast.com\/product\/yoast-seo-wordpress\/ -->\n<title>Chicas desaparecidas: confirman el hallazgo de dos cuerpos en Florencio Varela -<\/title>\n<meta name=\"robots\" content=\"index, follow, max-snippet:-1, max-image-preview:large, max-video-preview:-1\" \/>\n<link rel=\"canonical\" href=\"https:\/\/impactocastex.com.ar\/?p=1314\" \/>\n<meta property=\"og:locale\" content=\"es_ES\" \/>\n<meta property=\"og:type\" content=\"article\" \/>\n<meta property=\"og:title\" content=\"Chicas desaparecidas: confirman el hallazgo de dos cuerpos en Florencio Varela -\" \/>\n<meta property=\"og:description\" content=\"La Polic\u00eda bonaerense confirm\u00f3 ese mi\u00e9rcoles el hallazgo de dos cuerpos en los allanamientos y...\" \/>\n<meta property=\"og:url\" content=\"https:\/\/impactocastex.com.ar\/?p=1314\" \/>\n<meta property=\"article:publisher\" content=\"https:\/\/www.facebook.com\/impactocastexdiario\" \/>\n<meta property=\"article:published_time\" content=\"2025-09-24T14:20:27+00:00\" \/>\n<meta property=\"article:modified_time\" content=\"2025-09-24T14:20:28+00:00\" \/>\n<meta property=\"og:image\" content=\"https:\/\/impactocastex.com.ar\/wp-content\/uploads\/2025\/09\/2123074.jpg\" \/>\n\t<meta property=\"og:image:width\" content=\"1200\" \/>\n\t<meta property=\"og:image:height\" content=\"631\" \/>\n\t<meta property=\"og:image:type\" content=\"image\/jpeg\" \/>\n<meta name=\"author\" content=\"impactocastex\" \/>\n<meta name=\"twitter:card\" content=\"summary_large_image\" \/>\n<meta name=\"twitter:label1\" content=\"Escrito por\" \/>\n\t<meta name=\"twitter:data1\" content=\"impactocastex\" \/>\n\t<meta name=\"twitter:label2\" content=\"Tiempo de lectura\" \/>\n\t<meta name=\"twitter:data2\" content=\"2 minutos\" \/>\n<script type=\"application\/ld+json\" class=\"yoast-schema-graph\">{\"@context\":\"https:\\\/\\\/schema.org\",\"@graph\":[{\"@type\":\"Article\",\"@id\":\"https:\\\/\\\/impactocastex.com.ar\\\/?p=1314#article\",\"isPartOf\":{\"@id\":\"https:\\\/\\\/impactocastex.com.ar\\\/?p=1314\"},\"author\":{\"name\":\"impactocastex\",\"@id\":\"https:\\\/\\\/impactocastex.com.ar\\\/#\\\/schema\\\/person\\\/c115028fb60f9bf49ce7550894b84ea7\"},\"headline\":\"Chicas desaparecidas: confirman el hallazgo de dos cuerpos en Florencio Varela\",\"datePublished\":\"2025-09-24T14:20:27+00:00\",\"dateModified\":\"2025-09-24T14:20:28+00:00\",\"mainEntityOfPage\":{\"@id\":\"https:\\\/\\\/impactocastex.com.ar\\\/?p=1314\"},\"wordCount\":632,\"publisher\":{\"@id\":\"https:\\\/\\\/impactocastex.com.ar\\\/#organization\"},\"image\":{\"@id\":\"https:\\\/\\\/impactocastex.com.ar\\\/?p=1314#primaryimage\"},\"thumbnailUrl\":\"https:\\\/\\\/impactocastex.com.ar\\\/wp-content\\\/uploads\\\/2025\\\/09\\\/2123074.jpg\",\"articleSection\":[\"POLICIALES\"],\"inLanguage\":\"es\"},{\"@type\":\"WebPage\",\"@id\":\"https:\\\/\\\/impactocastex.com.ar\\\/?p=1314\",\"url\":\"https:\\\/\\\/impactocastex.com.ar\\\/?p=1314\",\"name\":\"Chicas desaparecidas: confirman el hallazgo de dos cuerpos en Florencio Varela -\",\"isPartOf\":{\"@id\":\"https:\\\/\\\/impactocastex.com.ar\\\/#website\"},\"primaryImageOfPage\":{\"@id\":\"https:\\\/\\\/impactocastex.com.ar\\\/?p=1314#primaryimage\"},\"image\":{\"@id\":\"https:\\\/\\\/impactocastex.com.ar\\\/?p=1314#primaryimage\"},\"thumbnailUrl\":\"https:\\\/\\\/impactocastex.com.ar\\\/wp-content\\\/uploads\\\/2025\\\/09\\\/2123074.jpg\",\"datePublished\":\"2025-09-24T14:20:27+00:00\",\"dateModified\":\"2025-09-24T14:20:28+00:00\",\"breadcrumb\":{\"@id\":\"https:\\\/\\\/impactocastex.com.ar\\\/?p=1314#breadcrumb\"},\"inLanguage\":\"es\",\"potentialAction\":[{\"@type\":\"ReadAction\",\"target\":[\"https:\\\/\\\/impactocastex.com.ar\\\/?p=1314\"]}]},{\"@type\":\"ImageObject\",\"inLanguage\":\"es\",\"@id\":\"https:\\\/\\\/impactocastex.com.ar\\\/?p=1314#primaryimage\",\"url\":\"https:\\\/\\\/impactocastex.com.ar\\\/wp-content\\\/uploads\\\/2025\\\/09\\\/2123074.jpg\",\"contentUrl\":\"https:\\\/\\\/impactocastex.com.ar\\\/wp-content\\\/uploads\\\/2025\\\/09\\\/2123074.jpg\",\"width\":1200,\"height\":631},{\"@type\":\"BreadcrumbList\",\"@id\":\"https:\\\/\\\/impactocastex.com.ar\\\/?p=1314#breadcrumb\",\"itemListElement\":[{\"@type\":\"ListItem\",\"position\":1,\"name\":\"Portada\",\"item\":\"https:\\\/\\\/impactocastex.com.ar\\\/\"},{\"@type\":\"ListItem\",\"position\":2,\"name\":\"Chicas desaparecidas: confirman el hallazgo de dos cuerpos en Florencio Varela\"}]},{\"@type\":\"WebSite\",\"@id\":\"https:\\\/\\\/impactocastex.com.ar\\\/#website\",\"url\":\"https:\\\/\\\/impactocastex.com.ar\\\/\",\"name\":\"Impacto Castex\",\"description\":\"\",\"publisher\":{\"@id\":\"https:\\\/\\\/impactocastex.com.ar\\\/#organization\"},\"potentialAction\":[{\"@type\":\"SearchAction\",\"target\":{\"@type\":\"EntryPoint\",\"urlTemplate\":\"https:\\\/\\\/impactocastex.com.ar\\\/?s={search_term_string}\"},\"query-input\":{\"@type\":\"PropertyValueSpecification\",\"valueRequired\":true,\"valueName\":\"search_term_string\"}}],\"inLanguage\":\"es\"},{\"@type\":\"Organization\",\"@id\":\"https:\\\/\\\/impactocastex.com.ar\\\/#organization\",\"name\":\"Impacto Castex\",\"url\":\"https:\\\/\\\/impactocastex.com.ar\\\/\",\"logo\":{\"@type\":\"ImageObject\",\"inLanguage\":\"es\",\"@id\":\"https:\\\/\\\/impactocastex.com.ar\\\/#\\\/schema\\\/logo\\\/image\\\/\",\"url\":\"https:\\\/\\\/impactocastex.com.ar\\\/wp-content\\\/uploads\\\/2025\\\/09\\\/cropped-icoweb.png\",\"contentUrl\":\"https:\\\/\\\/impactocastex.com.ar\\\/wp-content\\\/uploads\\\/2025\\\/09\\\/cropped-icoweb.png\",\"width\":512,\"height\":512,\"caption\":\"Impacto Castex\"},\"image\":{\"@id\":\"https:\\\/\\\/impactocastex.com.ar\\\/#\\\/schema\\\/logo\\\/image\\\/\"},\"sameAs\":[\"https:\\\/\\\/www.facebook.com\\\/impactocastexdiario\",\"https:\\\/\\\/www.instagram.com\\\/impactocastex.com.ar\\\/\"]},{\"@type\":\"Person\",\"@id\":\"https:\\\/\\\/impactocastex.com.ar\\\/#\\\/schema\\\/person\\\/c115028fb60f9bf49ce7550894b84ea7\",\"name\":\"impactocastex\",\"image\":{\"@type\":\"ImageObject\",\"inLanguage\":\"es\",\"@id\":\"https:\\\/\\\/secure.gravatar.com\\\/avatar\\\/fee87e7af008f02e9becdc0b5a9fd4a2e79b3918a571edeacb62211704637833?s=96&d=mm&r=g\",\"url\":\"https:\\\/\\\/secure.gravatar.com\\\/avatar\\\/fee87e7af008f02e9becdc0b5a9fd4a2e79b3918a571edeacb62211704637833?s=96&d=mm&r=g\",\"contentUrl\":\"https:\\\/\\\/secure.gravatar.com\\\/avatar\\\/fee87e7af008f02e9becdc0b5a9fd4a2e79b3918a571edeacb62211704637833?s=96&d=mm&r=g\",\"caption\":\"impactocastex\"},\"sameAs\":[\"https:\\\/\\\/impactocastex.com.ar\\\/\"],\"url\":\"https:\\\/\\\/impactocastex.com.ar\\\/?author=2\"}]}<\/script>\n<!-- \/ Yoast SEO plugin. -->","yoast_head_json":{"title":"Chicas desaparecidas: confirman el hallazgo de dos cuerpos en Florencio Varela -","robots":{"index":"index","follow":"follow","max-snippet":"max-snippet:-1","max-image-preview":"max-image-preview:large","max-video-preview":"max-video-preview:-1"},"canonical":"https:\/\/impactocastex.com.ar\/?p=1314","og_locale":"es_ES","og_type":"article","og_title":"Chicas desaparecidas: confirman el hallazgo de dos cuerpos en Florencio Varela -","og_description":"La Polic\u00eda bonaerense confirm\u00f3 ese mi\u00e9rcoles el hallazgo de dos cuerpos en los allanamientos y...","og_url":"https:\/\/impactocastex.com.ar\/?p=1314","article_publisher":"https:\/\/www.facebook.com\/impactocastexdiario","article_published_time":"2025-09-24T14:20:27+00:00","article_modified_time":"2025-09-24T14:20:28+00:00","og_image":[{"width":1200,"height":631,"url":"https:\/\/impactocastex.com.ar\/wp-content\/uploads\/2025\/09\/2123074.jpg","type":"image\/jpeg"}],"author":"impactocastex","twitter_card":"summary_large_image","twitter_misc":{"Escrito por":"impactocastex","Tiempo de lectura":"2 minutos"},"schema":{"@context":"https:\/\/schema.org","@graph":[{"@type":"Article","@id":"https:\/\/impactocastex.com.ar\/?p=1314#article","isPartOf":{"@id":"https:\/\/impactocastex.com.ar\/?p=1314"},"author":{"name":"impactocastex","@id":"https:\/\/impactocastex.com.ar\/#\/schema\/person\/c115028fb60f9bf49ce7550894b84ea7"},"headline":"Chicas desaparecidas: confirman el hallazgo de dos cuerpos en Florencio Varela","datePublished":"2025-09-24T14:20:27+00:00","dateModified":"2025-09-24T14:20:28+00:00","mainEntityOfPage":{"@id":"https:\/\/impactocastex.com.ar\/?p=1314"},"wordCount":632,"publisher":{"@id":"https:\/\/impactocastex.com.ar\/#organization"},"image":{"@id":"https:\/\/impactocastex.com.ar\/?p=1314#primaryimage"},"thumbnailUrl":"https:\/\/impactocastex.com.ar\/wp-content\/uploads\/2025\/09\/2123074.jpg","articleSection":["POLICIALES"],"inLanguage":"es"},{"@type":"WebPage","@id":"https:\/\/impactocastex.com.ar\/?p=1314","url":"https:\/\/impactocastex.com.ar\/?p=1314","name":"Chicas desaparecidas: confirman el hallazgo de dos cuerpos en Florencio Varela -","isPartOf":{"@id":"https:\/\/impactocastex.com.ar\/#website"},"primaryImageOfPage":{"@id":"https:\/\/impactocastex.com.ar\/?p=1314#primaryimage"},"image":{"@id":"https:\/\/impactocastex.com.ar\/?p=1314#primaryimage"},"thumbnailUrl":"https:\/\/impactocastex.com.ar\/wp-content\/uploads\/2025\/09\/2123074.jpg","datePublished":"2025-09-24T14:20:27+00:00","dateModified":"2025-09-24T14:20:28+00:00","breadcrumb":{"@id":"https:\/\/impactocastex.com.ar\/?p=1314#breadcrumb"},"inLanguage":"es","potentialAction":[{"@type":"ReadAction","target":["https:\/\/impactocastex.com.ar\/?p=1314"]}]},{"@type":"ImageObject","inLanguage":"es","@id":"https:\/\/impactocastex.com.ar\/?p=1314#primaryimage","url":"https:\/\/impactocastex.com.ar\/wp-content\/uploads\/2025\/09\/2123074.jpg","contentUrl":"https:\/\/impactocastex.com.ar\/wp-content\/uploads\/2025\/09\/2123074.jpg","width":1200,"height":631},{"@type":"BreadcrumbList","@id":"https:\/\/impactocastex.com.ar\/?p=1314#breadcrumb","itemListElement":[{"@type":"ListItem","position":1,"name":"Portada","item":"https:\/\/impactocastex.com.ar\/"},{"@type":"ListItem","position":2,"name":"Chicas desaparecidas: confirman el hallazgo de dos cuerpos en Florencio Varela"}]},{"@type":"WebSite","@id":"https:\/\/impactocastex.com.ar\/#website","url":"https:\/\/impactocastex.com.ar\/","name":"Impacto Castex","description":"","publisher":{"@id":"https:\/\/impactocastex.com.ar\/#organization"},"potentialAction":[{"@type":"SearchAction","target":{"@type":"EntryPoint","urlTemplate":"https:\/\/impactocastex.com.ar\/?s={search_term_string}"},"query-input":{"@type":"PropertyValueSpecification","valueRequired":true,"valueName":"search_term_string"}}],"inLanguage":"es"},{"@type":"Organization","@id":"https:\/\/impactocastex.com.ar\/#organization","name":"Impacto Castex","url":"https:\/\/impactocastex.com.ar\/","logo":{"@type":"ImageObject","inLanguage":"es","@id":"https:\/\/impactocastex.com.ar\/#\/schema\/logo\/image\/","url":"https:\/\/impactocastex.com.ar\/wp-content\/uploads\/2025\/09\/cropped-icoweb.png","contentUrl":"https:\/\/impactocastex.com.ar\/wp-content\/uploads\/2025\/09\/cropped-icoweb.png","width":512,"height":512,"caption":"Impacto Castex"},"image":{"@id":"https:\/\/impactocastex.com.ar\/#\/schema\/logo\/image\/"},"sameAs":["https:\/\/www.facebook.com\/impactocastexdiario","https:\/\/www.instagram.com\/impactocastex.com.ar\/"]},{"@type":"Person","@id":"https:\/\/impactocastex.com.ar\/#\/schema\/person\/c115028fb60f9bf49ce7550894b84ea7","name":"impactocastex","image":{"@type":"ImageObject","inLanguage":"es","@id":"https:\/\/secure.gravatar.com\/avatar\/fee87e7af008f02e9becdc0b5a9fd4a2e79b3918a571edeacb62211704637833?s=96&d=mm&r=g","url":"https:\/\/secure.gravatar.com\/avatar\/fee87e7af008f02e9becdc0b5a9fd4a2e79b3918a571edeacb62211704637833?s=96&d=mm&r=g","contentUrl":"https:\/\/secure.gravatar.com\/avatar\/fee87e7af008f02e9becdc0b5a9fd4a2e79b3918a571edeacb62211704637833?s=96&d=mm&r=g","caption":"impactocastex"},"sameAs":["https:\/\/impactocastex.com.ar\/"],"url":"https:\/\/impactocastex.com.ar\/?author=2"}]}},"jetpack_publicize_connections":[],"featured_image_urls":{"full":["https:\/\/impactocastex.com.ar\/wp-content\/uploads\/2025\/09\/2123074.jpg",1200,631,false],"thumbnail":["https:\/\/impactocastex.com.ar\/wp-content\/uploads\/2025\/09\/2123074-150x150.jpg",150,150,true],"medium":["https:\/\/impactocastex.com.ar\/wp-content\/uploads\/2025\/09\/2123074-300x158.jpg",300,158,true],"medium_large":["https:\/\/impactocastex.com.ar\/wp-content\/uploads\/2025\/09\/2123074-768x404.jpg",640,337,true],"large":["https:\/\/impactocastex.com.ar\/wp-content\/uploads\/2025\/09\/2123074-1024x538.jpg",640,336,true],"1536x1536":["https:\/\/impactocastex.com.ar\/wp-content\/uploads\/2025\/09\/2123074.jpg",1200,631,false],"2048x2048":["https:\/\/impactocastex.com.ar\/wp-content\/uploads\/2025\/09\/2123074.jpg",1200,631,false],"newsever-slider-full":["https:\/\/impactocastex.com.ar\/wp-content\/uploads\/2025\/09\/2123074.jpg",1200,631,false],"newsever-featured":["https:\/\/impactocastex.com.ar\/wp-content\/uploads\/2025\/09\/2123074-1024x538.jpg",1024,538,true],"newsever-medium":["https:\/\/impactocastex.com.ar\/wp-content\/uploads\/2025\/09\/2123074-720x475.jpg",720,475,true]},"author_info":{"info":["impactocastex"]},"category_info":"<a href=\"https:\/\/impactocastex.com.ar\/?cat=85\" rel=\"category\">POLICIALES<\/a>","tag_info":"POLICIALES","comment_count":0,"jetpack_featured_media_url":"https:\/\/impactocastex.com.ar\/wp-content\/uploads\/2025\/09\/2123074.jpg","jetpack_sharing_enabled":true,"jetpack_likes_enabled":true,"jetpack_shortlink":"https:\/\/wp.me\/p7sopA-lc","_links":{"self":[{"href":"https:\/\/impactocastex.com.ar\/index.php?rest_route=\/wp\/v2\/posts\/1314","targetHints":{"allow":["GET"]}}],"collection":[{"href":"https:\/\/impactocastex.com.ar\/index.php?rest_route=\/wp\/v2\/posts"}],"about":[{"href":"https:\/\/impactocastex.com.ar\/index.php?rest_route=\/wp\/v2\/types\/post"}],"author":[{"embeddable":true,"href":"https:\/\/impactocastex.com.ar\/index.php?rest_route=\/wp\/v2\/users\/2"}],"replies":[{"embeddable":true,"href":"https:\/\/impactocastex.com.ar\/index.php?rest_route=%2Fwp%2Fv2%2Fcomments&post=1314"}],"version-history":[{"count":1,"href":"https:\/\/impactocastex.com.ar\/index.php?rest_route=\/wp\/v2\/posts\/1314\/revisions"}],"predecessor-version":[{"id":1316,"href":"https:\/\/impactocastex.com.ar\/index.php?rest_route=\/wp\/v2\/posts\/1314\/revisions\/1316"}],"wp:featuredmedia":[{"embeddable":true,"href":"https:\/\/impactocastex.com.ar\/index.php?rest_route=\/wp\/v2\/media\/1315"}],"wp:attachment":[{"href":"https:\/\/impactocastex.com.ar\/index.php?rest_route=%2Fwp%2Fv2%2Fmedia&parent=1314"}],"wp:term":[{"taxonomy":"category","embeddable":true,"href":"https:\/\/impactocastex.com.ar\/index.php?rest_route=%2Fwp%2Fv2%2Fcategories&post=1314"},{"taxonomy":"post_tag","embeddable":true,"href":"https:\/\/impactocastex.com.ar\/index.php?rest_route=%2Fwp%2Fv2%2Ftags&post=1314"}],"curies":[{"name":"wp","href":"https:\/\/api.w.org\/{rel}","templated":true}]}}