{"id":12812,"date":"2026-03-12T03:38:00","date_gmt":"2026-03-12T06:38:00","guid":{"rendered":"https:\/\/impactocastex.com.ar\/?p=12812"},"modified":"2026-03-12T03:38:00","modified_gmt":"2026-03-12T06:38:00","slug":"la-ficcion-consentida-del-presidente","status":"publish","type":"post","link":"https:\/\/impactocastex.com.ar\/?p=12812","title":{"rendered":"La ficci\u00f3n consentida del Presidente"},"content":{"rendered":"<p>Una tarde de febrero de 2004, en la residencia del embajador argentino en Espa\u00f1a, <b>N\u00e9stor Kirchner<\/b> le aconsej\u00f3 al banquero Francisco Luz\u00f3n: \u201cNo miren lo que digo. Miren lo que hago\u201d. Buscaba inversiones. <b>Javier Milei <\/b>persigue el mismo objetivo. Aunque su indicaci\u00f3n deber\u00eda ser la inversa: \u201cMiren lo que digo. No miren lo que hago\u201d. Ambos requer\u00edan, como todo pol\u00edtico, la persistencia de lo que el gran <b>Halper\u00edn Donghi<\/b> llamaba <b>\u201cla ficci\u00f3n consentida\u201d<\/b>.<\/p>\n<p>Milei inaugur\u00f3 una \u201cSemana Argentina\u201d en la magn\u00edfica sede de <b>JP Morgan<\/b>, en Park Avenue y 47, una torre de Norman Forster que acaso sea la obra arquitect\u00f3nica m\u00e1s sofisticada que se haya realizado, a escala global, en los \u00faltimos a\u00f1os. All\u00ed recit\u00f3 otra vez su cantar de gesta en favor de la perfecci\u00f3n de los mercados. <b>Despotric\u00f3<\/b>, como de costumbre, contra quienes intervienen en esos mecanismos utilizando el poder del Estado. Repiti\u00f3, con variaciones m\u00ednimas, lo que hab\u00eda dicho en Davos y en la apertura de sesiones ordinarias del Congreso.<\/p>\n<p>Lo mejor que podr\u00eda pasar es que los hombres de negocios que estaban en la sala se vieran satisfechos con esa profesi\u00f3n de fe. Pero el empe\u00f1o de Milei para inspirar la confianza que demanda la inversi\u00f3n est\u00e1 amenazado por <b>el riesgo de que ellos tambi\u00e9n miren lo que hace<\/b>. En ese caso, podr\u00edan sorprenderse con la distancia que existe entre su manual de instrucciones y su r\u00e9gimen de pr\u00e1cticas.<\/p>\n<p>El ejemplo m\u00e1s inmediato tambi\u00e9n se relaciona con el discurso de Nueva York. Se trata del doloros\u00edsimo <b>despido de 920 trabajadores de la f\u00e1brica de neum\u00e1ticos Fate<\/b>. El Presidente se ensa\u00f1\u00f3 otra vez con su due\u00f1o, <b>Javier Madanes Quintanilla<\/b>, a quien acus\u00f3 de \u201chaberle tirado\u201d esos empleados en la calle, justo cuando se trataba la reforma laboral en el parlamento.<\/p>\n<p>Es una narrativa curiosa. Porque, si se examinan los hechos a la luz de las teor\u00edas que defiende el Gobierno, a Madanes Quintanilla le ocurri\u00f3 lo que cab\u00eda esperar: seg\u00fan la premisa oficial, que lo presenta como un <b>industrial protegido<\/b>, al perder ese cobijo qued\u00f3 expuesto a la libre competencia, y quebr\u00f3. Una de las consecuencias de la quiebra son los despidos. Es decir: por el sector de autopartes pas\u00f3 \u201cel vendaval perenne de destrucci\u00f3n creativa\u201d del que hablaba<b> Schumpeter<\/b> y elimin\u00f3 lo que deb\u00eda ser eliminado por ineficaz. Entre otras cosas, 920 puestos de trabajo.<\/p>\n<p>Sin embargo, Milei descree de su propia teor\u00eda y ve la crisis como el resultado de una <b>operaci\u00f3n conspirativa <\/b>con la que Madanes tom\u00f3 venganza por el despojo de sus privilegios. Esa interpretaci\u00f3n es la que inspira el abordaje que el <b>Ministerio de Capital Humano<\/b> hizo del problema: obligar a los due\u00f1os de Fate a pagar los salarios a los empleados que no s\u00f3lo no trabajan, sino que tienen tomada la f\u00e1brica. El argumento del oficialismo es que los trabajadores deben ser remunerados durante la <b>conciliaci\u00f3n obligatoria<\/b>. Sin embargo, el 95% de la biblioteca indica que, si el empleado no cumple con sus tareas, sino que, adem\u00e1s, se pone en el borde del delito copando las instalaciones, el empleador no tiene por qu\u00e9 pagarle.<\/p>\n<p>M\u00e1s all\u00e1 de la discusi\u00f3n t\u00e9cnica, hay una novedad inesperada, que es esta: Milei intenta neutralizar la destrucci\u00f3n creativa del mercado con una intervenci\u00f3n del Estado que emocionar\u00eda a <b>Axel Kicillof<\/b> o a <b>Guillermo Moreno<\/b>.<\/p>\n<p>En la fisura de esta incoherencia anida un problema dram\u00e1tico pero interesant\u00edsimo: la distancia que hay entre predicar verdades, como un profeta, y afrontar dificultades, como un rey. Milei explic\u00f3 en el Congreso que los que son cautelosos frente a los beneficios de la <b>apertura econ\u00f3mica<\/b> ignoran algo obvio: como los consumidores compran bienes m\u00e1s baratos en el exterior, realizan un ahorro que pueden destinar a comprar otros bienes, con lo cual alientan la formaci\u00f3n de nuevas fuentes de trabajo, de modo tal que el nivel de empleo se mantendr\u00eda estable o, inclusive, crecer\u00eda.<\/p>\n<p><b>La explicaci\u00f3n tiene una laguna<\/b>: \u00bfser\u00e1 verdad que el p\u00fablico dedicar\u00e1 ese ahorro a comprar bienes en el mercado local, o seguir\u00e1n prefiriendo art\u00edculos importados? Es un detalle. El verdadero inconveniente es otro, que aparece en Fate. Es posible que todav\u00eda no haya tanta gente que ya ahorr\u00f3 comprando neum\u00e1ticos m\u00e1s baratos producidos fuera del pa\u00eds. Por lo tanto, es probable que esas nuevas empresas que se van a crear para satisfacer esa demanda adicional de mercader\u00eda, aun no se hayan fundado. Quiere decir que, por ahora, la consecuencia m\u00e1s tangible de la medida sean los 920 desocupados que tomaron la planta de Fate.<\/p>\n<p>Milei parece ver al mercado como un artefacto que funciona con una sincronicidad prodigiosa. Una invenci\u00f3n de la literatura fant\u00e1stica. Ignora la noci\u00f3n de proceso. Ignora el tiempo. Y el tiempo es consustancial a la pol\u00edtica. Por eso <b>Fate le plantea un problema pol\u00edtico<\/b>. Y \u00e9l intenta resolverlo con pol\u00edtica. Es decir, recurriendo a ese estatismo pestilente que deplora en sus discursos. Por eso es mejor no mirar lo que hace. De lo contrario, aquellos inversores que lo escucharon en Park Avenue deber\u00edan considerar que se los est\u00e1 invitando a <b>hundir su dinero en un pa\u00eds que los someter\u00e1 a la intervenci\u00f3n inmediata del Gobierno <\/b>si por una decisi\u00f3n econ\u00f3mica generan un inconveniente social o pol\u00edtico. Un chistoso podr\u00eda decir: el riesgo <i>kuka<\/i> ya est\u00e1 entre nosotros. Lo encarna la conducta imitativa de Milei.<\/p>\n<p>Prestar atenci\u00f3n a algunas decisiones de la Casa Rosada podr\u00eda ser contraproducente para la inversi\u00f3n. Es una dificultad delicada, porque la econom\u00eda se encuentra en un trance que pide a gritos la inyecci\u00f3n de capitales.<b> La recaudaci\u00f3n tributaria del primer bimestre cay\u00f3 a 35.000 billones de pesos<\/b>, seg\u00fan datos de la consultora Empiria. Es el monto m\u00e1s peque\u00f1o desde el primer bimestre de 2013.<\/p>\n<p>La mora que registran los bancos en el cobro de sus acreencias se est\u00e1 agigantando. Hay algunos muy importantes que ya la sit\u00faan en 31%. Y entidades m\u00e1s peque\u00f1as, asociadas a tarjetas de consumo, con atrasos superiores al 38%. Habr\u00e1 que esperar para saber si la incorporaci\u00f3n al equipo econ\u00f3mico del uruguayo <b>Ernesto Talvi<\/b>, quien adem\u00e1s de progresista es gradualista, inspira un cambio de enfoque en la velocidad del ajuste. Talvi record\u00f3 ante <b>Luciana V\u00e1zquez<\/b>, en <i>La Repregunta<\/i> de este fin de semana, que su pa\u00eds tard\u00f3 m\u00e1s de 5 a\u00f1os en reducir la inflaci\u00f3n del 40% anual a un d\u00edgito.<\/p>\n<p>Los eventuales inversores que aplaud\u00edan en Nueva York pudieron tambi\u00e9n advertir que, si toman decisiones pensadas con criterio de mercado pero contrarias a las necesidades del Gobierno, se ver\u00e1n expuestos al insulto y la estigmatizaci\u00f3n desde el micr\u00f3fono m\u00e1s sonoro del pa\u00eds. <b>Milei vapule\u00f3 a Madanes y volvi\u00f3 a injuriar a Paolo Rocca<\/b>. Lo hizo en la sede central de JP Morgan, la instituci\u00f3n que tuvo a Rocca hasta hace muy poco tiempo como uno de los miembros del Consejo Consultivo que preside <b>Tony Blair<\/b>.<\/p>\n<p>El Presidente viene repitiendo sus descalificaciones desde hace meses. Formula cargos graves, que entra\u00f1ar\u00edan delitos. Pero jam\u00e1s presenta una acusaci\u00f3n en la Justicia. S\u00f3lo realiza caracterizaciones morales. Es otro campo en el que es preferible o\u00edr lo que dice y no mirar lo que hace. Porque en la primera fila de su audiencia hab\u00eda, en Morgan, un experto en mercados regulados de la talla de <b>Jos\u00e9 Luis Manzano<\/b>. Y en uno de los paneles organizados por el Gobierno para seducir inversores figuraba <b>Leandro Sigman<\/b>, hijo de <b>Hugo Sigman<\/b>, importador de sospechosos tambores de efedrina y frustrado importador de la vacuna <b>Astra Z\u00e9neca<\/b> durante la cuarentena de<b> Alberto Fern\u00e1ndez<\/b> y del llorado<b> Gin\u00e9s Gonz\u00e1lez Garc\u00eda<\/b>.<\/p>\n<p>Pero para advertir la distancia que hay del dicho al hecho alcanza con recorrer el listado de adherentes a la <b>Fundaci\u00f3n Faro<\/b>, donde conviven en paz <b>Karina Milei<\/b> y el \u201cMago\u201d <b>Santiago Caputo<\/b>. All\u00ed aparecen desde <b>Rub\u00e9n Cher\u00f1ajovky<\/b>, beneficiario del r\u00e9gimen Tierra del Fuego, hasta los expansivos <b>hermanos Neuss<\/b>.<\/p>\n<p>La paradoja de las embestidas de Milei contra Rocca y Madanes es que ellos son los titulares de los dos negocios que el Gobierno se comprometi\u00f3 a defender frente al proteccionismo de Trump.<\/p>\n<p>La proliferaci\u00f3n de discursos \u201cque no mapean la realidad\u201d, por usar t\u00e9rminos del Presidente, es un signo de los tiempos. Se llama posverdad. <b>Donald Trump<\/b> lo llev\u00f3 al extremo cuando consigui\u00f3 que sus feligreses lo celebren por prometer un muro entre Colorado y M\u00e9xico, dos territorios que carecen de frontera.<\/p>\n<p>A una escala m\u00e1s modesta, <b>Manuel Adorni<\/b> hizo un aporte memorable a esta ret\u00f3rica que se desentiende de la verdad y hasta de la l\u00f3gica. Anteayer explic\u00f3 que el Estado traslad\u00f3 a su esposa en el avi\u00f3n presidencial hasta Nueva York porque ella hab\u00eda comprado un pasaje de 5000 d\u00f3lares el 26 de febrero pero no lo hab\u00eda podido usar. Sic. Las redes registraron al matrimonio en supuestas compras por Manhattan, sosteniendo sendas bolsas de <i>Prada<\/i>. La reacci\u00f3n m\u00e1s sensata fue suponer que a Adorni le queda alguna pizca de inteligencia, es decir, que se trataba, como se verific\u00f3 al final, de una foto producida con Inteligencia Artificial. Aunque la combativa <b>Lilia Lemoine<\/b> la convalid\u00f3 en una nueva pol\u00e9mica con su colega, la diputada <b>Marcela Pagano<\/b>, quien hostig\u00f3 a Adorni por lo que interpreta como un cambio en sus patrones de consumo. Lemoine le responde que es ella, Pagano, la que no puede justificar su tren de vida. \u00bfC\u00f3mo es que todav\u00eda ning\u00fan productor lanz\u00f3 todav\u00eda un programa con estas dos \u201ctitanes en el ring\u201d?<\/p>\n<p>Adorni confirm\u00f3 tambi\u00e9n que se traslad\u00f3 a <b>Punta del Este<\/b> con su familia para pasar el feriado de carnaval. No quiso dar precisiones de c\u00f3mo lo hizo. Dijo que eso pertenec\u00eda a su vida privada. Ignora que los funcionarios p\u00fablicos, en materia de gastos, carecen de vida privada. Ayer se corrobor\u00f3 que viaj\u00f3 en un vuelo privado, que despeg\u00f3 del <b>aeropuerto de San Fernando<\/b> con destino al de Laguna del Sauce, el 12 de febrero, e hizo el recorrido inverso cinco d\u00edas m\u00e1s tarde. La empresa que lo llev\u00f3 es <b>Alphacentauri<\/b>. La nave fue un Honda HA-420 Hondajet que, en el \u00faltimo registro disponible, no figura a nombre de Paolo Rocca ni de Javier Madanes, sino de <b>Movigr\u00faas S.A. <\/b>Es una compa\u00f1\u00eda que desde 1975 se dedica a \u201cizajes industriales\u201d. Todo para contestar a Pagano, que trat\u00f3 a Adorni de \u201cindustricida\u201d.<\/p>\n<p>En el vuelo hacia Punta del Este Adorni llev\u00f3 tambi\u00e9n a su amigo y antiguo colega period\u00edstico <b>Marcelo Grandio<\/b>. En las pr\u00f3ximas horas aparecer\u00e1, sin dudas, <b>la factura de esos vuelos<\/b> y la transferencia de su pago. Si fuera una donaci\u00f3n encuadrar\u00eda en el art\u00edculo 259 del C\u00f3digo Penal, que sanciona las d\u00e1divas. Mientras aparecen esos documentos, s\u00f3lo queda sacar cuentas. Cinco mil d\u00f3lares de ida, otros 5000 de vuelta, m\u00e1s 5000 de un pasaje a Nueva York, <b>Adorni se gast\u00f3 15.000 d\u00f3lares en vuelos s\u00f3lo en un mes<\/b>. Su sueldo es de alrededor de 3 millones de pesos. Milagros del coaching ontol\u00f3gico, la disciplina a la que est\u00e1 consagrada <b>Bettina Angeletti<\/b>, su mujer.<\/p>\n<p>A prop\u00f3sito de esta profesional: \u00bfes verdad que tiene un contrato en la <b>Legislatura porte\u00f1a<\/b>? Anoche hab\u00eda inquietud en <b>La Libertad Avanza<\/b> por esta posibilidad. Pero debe ser un error. Los Adorni son prudentes.<\/p>\n<p>Los aviones y helic\u00f3pteros son desde hace tiempo la perdici\u00f3n de la pol\u00edtica. Hay profesionales m\u00e1s adictos que otros. Por ejemplo, los <b>jueces federales<\/b>. Cualquiera que concurra a San Fernando o al sector de aviaci\u00f3n privada de Aeroparque puede corroborarlo. Por eso fue tan importante preparar la declaraci\u00f3n del piloto <b>Gustavo Carmona<\/b>. Due\u00f1o de Flyzar, Carmona se ha cansado de transportar celebridades, como en aquel vuelo a Espa\u00f1a de feliz camarader\u00eda entre <b>Ariel Lijo<\/b>, el secretario privado del tenebroso Antonio Stiuso, Lucas Nejamkis, y el alegrante <b>Guillermo Coppola<\/b>.<\/p>\n<p>Sin embargo, a Carmona la fama en serio le lleg\u00f3 por los vuelos a la mansi\u00f3n que se imputa a <b>Pablo Toviggino<\/b>, en Villa Rosa. Todas las versiones indican que gran parte del pasaje fueron magistrados. En especial aquella noche del cumplea\u00f1os del boxindanga, <b>Carlos \u201cCoco\u201d Mahiques<\/b>, camarista de Casaci\u00f3n, padre del actual ministro de Justicia. Pero Carmona es astuto. Como explica ante sus amigos, declar\u00f3 que \u00e9l despegaba desde el helipuerto del Ministerio de Salud, sobre el fondo de la calle Salguero, que carece de control de seguridad. <b>\u201cAh\u00ed nadie se registra, as\u00ed que no s\u00e9 a qui\u00e9n llevo. Soy como un taxista\u201d<\/b>. Cu\u00e1nto que aprender.<\/p>\n<p>Carmona ha constituido, con el correr de los a\u00f1os, una empresa con m\u00e1s de 12 aeronaves. Muchas de ellas las fue adquiriendo de quienes se las entregaban para operarlas. Uno de esos clientes, opulento ex funcionario bonaerense, relata: \u201cTodos los meses me mandaba una cuenta con m\u00e1s y m\u00e1s gastos, hasta que le dije que le vend\u00eda el avi\u00f3n. \u00c9l acept\u00f3, me lo pagar\u00eda con horas de vuelo. Pero vuela poco\u201d. En la misma situaci\u00f3n habr\u00eda estado <b>Daniel Scioli<\/b> y, sobre todo, <b>Jorge Messi<\/b>, el padre de Lionel. Messi se hart\u00f3 de Carmona y puso su Gulfstream en manos de <b>Luis Grande<\/b>, el due\u00f1o de Baires Fly.<\/p>\n<p><b>Claudio \u201cChiqui\u201d Tapia<\/b> y Pablo Toviggino, en solidaridad con los Messi, comenzaron a volar con Grande. Por eso el gendarme<b> Nahuel Gallo<\/b> lleg\u00f3 desde Venezuela en un avi\u00f3n de esa compa\u00f1\u00eda. Grande operar\u00eda un avi\u00f3n cuyo propietario es Toviggino. Un detalle simp\u00e1tico de Carmona: le vendi\u00f3 un hangar uruguayo por 3 millones de d\u00f3lares al importador fueguino Cher\u00f1ajovksy, el militante de la fundaci\u00f3n Faro. Jocoso, el aviador se ufana de que a \u00e9l le cost\u00f3 1 mill\u00f3n de d\u00f3lares, que por h o por b, jam\u00e1s pag\u00f3. \u00bfSer\u00e1 verdad?<\/p>\n<p>En los tribunales federales afirman que el nuevo ministro de Justicia,<b> Juan Bautista Mahiques<\/b>, fue un muy frecuente usuario de aviones operados por Carmona. La versi\u00f3n desciende hasta correr\u00edas inverificables, al menos por ahora. Una de ellas asegura que el \u201cMago\u201d Caputo, o alg\u00fan amigo de \u00e9l, tiene <b>varias filmaciones del ministro Mahiques subiendo a las aeronaves<\/b>. \u00bfUna de esas oportunidades fue la del cumplea\u00f1os de pap\u00e1 en lo de Toviggino? Habladur\u00edas.<\/p>\n<p>La relaci\u00f3n de Mahiques con la AFA tiene ataduras mucho m\u00e1s poderosas. La m\u00e1s importante fue se\u00f1alada por <b>Dami\u00e1n Nabot<\/b> en este diario el 26 de enero pasado. Es <b>Ignacio Jakim<\/b>, abogado de Toviggino desde mucho antes del esc\u00e1ndalo. En el ambiente judicial porte\u00f1o es muy conocido que Jakim es el letrado que asigna Mahiques a quienes recurrren a \u00e9l por alg\u00fan auxilio judicial.<b> La relaci\u00f3n de este profesional con Toviggino se hizo muy estrecha<\/b>. Tanto, que Jakim integr\u00f3 la sociedad Start.ar, retratada por <b>Ricardo Roa<\/b> en una de sus columnas de <i>Clar\u00edn.<\/i><\/p>\n<p>Esa empresa aprovech\u00f3 los contactos con el Ministerio de Econom\u00eda de <b>Sergio Massa<\/b> para acceder a d\u00f3lares oficiales e importar electrodom\u00e9sticos, abultando las operaciones a trav\u00e9s de una intermediaria en Miami. Con el fracaso electoral de Massa, otro \u00edntimo de Toviggino, Start.ar se derrumb\u00f3. Por eso, todav\u00eda hoy, los allegados a Jakim comentan: \u201cPobre Nachito, no se levanta de la depre. Es que para su pirueta involucr\u00f3 a muchos amigos, que perdieron mucha plata, porque \u00e9l dej\u00f3 un tendal\u201d. \u00bfMahiques fue uno de los perjudicados? Vaya a saber.<\/p>\n<p>Si hay alguien que conoce estas relaciones es <b>Gregorio Dalb\u00f3n, en su condici\u00f3n de nuevo abogado de Toviggino<\/b>. Tal vez por eso pronostic\u00f3 que \u201ctodo esto se va a arreglar, tal vez, con Karina Milei\u201d. Karina Milei respondi\u00f3, indignada, que no ten\u00eda cosa alguna que arreglar con Dalb\u00f3n ni con sus defendidos. Pero Dalb\u00f3n est\u00e1 planteando una hip\u00f3tesis razonable: Karina es la jefa de Mahiques, el jefe del abogado de Toviggino, hasta que lleg\u00f3 Dalb\u00f3n. \u00bfO Jakim sigue ah\u00ed, escondido?<\/p>\n<p>El acuerdo con el que especula Dalb\u00f3n requiere de algo que est\u00e1 en curso: la unificaci\u00f3n de todas las causas en un solo juzgado. Es lo que reclama el juez de Campana, <b>Adri\u00e1n Gonz\u00e1lez Charvay<\/b>. Es el \u00edntimo amigo de Federico Ach\u00e1val, el intendente de Pilar, a quien el boxindanga Mahiques, padre del ministro, present\u00f3 hace poco como un dilecto ex alumno.<\/p>\n<p>\u00bfCu\u00e1l podr\u00eda ser la materia del acuerdo? Toviggino cuenta con un activo que vale oro para los Milei: las tres senadur\u00edas que controla su \u201csocio\u201d, el santiague\u00f1o <b>Gerardo Zamora<\/b>. Son la llave para los 2\/3 del Senado, que abren el camino para cubrir las dos vacantes de la Corte y designar al procurador general de la Naci\u00f3n, jefe de fiscales nacionales y federales.<\/p>\n<p><b>La Procuradur\u00eda es una colina que hace tiempo pretende tomar Mahiques<\/b>. Tambi\u00e9n el camarista de Casaci\u00f3n <b>Mariano Borinsky<\/b>, que ahora fantasea con entrar a la Corte impulsado por Karina Milei. Borinsky, que integra con <b>Diego Barroetave\u00f1a<\/b> el simp\u00e1tico d\u00fao Bed&amp;Breakfast, tiene sobre su escritorio un expediente t\u00f3rrido: la suerte del operador judicial <b>Santiago Busaniche<\/b>, cuyo nombre aparece, de muy mala manera, en los tel\u00e9fonos del exfuncionario de la AFIP de Rosario, el arrepentido<b> Carlos Vaudagna<\/b>. El escribano Busaniche es parte de la trama extorsiva liderada por el juez federal Marcelo Bailaque, ligado a <b>Lindor Alvarado<\/b>, el jefe narco rosarino.<\/p>\n<p>Busaniche habr\u00eda actuado en combinaci\u00f3n con otro arrepentido, el empresario <b>Fernando Whpei<\/b>. En tribunales aseguran que Busaniche advirti\u00f3 que, si complican su situaci\u00f3n, \u201cme llevo puesto a Marchi\u201d. <b>H\u00e9ctor Marchi<\/b> fue el hombre fuerte de la administraci\u00f3n de la Corte durante el reinado de <b>Ricardo Lorenzetti<\/b>. Un dato clave: Busaniche tiene como defensor al muy sagaz <b>Diego Pirota<\/b>. Es el socio del exfuncionario de la SIDE <b>Dar\u00edo Richarte<\/b>, \u00edntimo de Borinsky, el camarista que debe decidir el destino de esta historia truculenta.<\/p>\n<p><b>Milei debe lidiar con este Poder Judicial<\/b>. Y eligi\u00f3 a Mahiques. Para conocer el modo en que el nuevo ministro se relaciona con esa ci\u00e9naga conviene volver a la nota que <b>Candela Ini<\/b> public\u00f3 en <b>LA NACION<\/b><i> <\/i>el 27 de agosto de 2019 bajo el t\u00edtulo \u201cLa familia judicial festej\u00f3 el cumplea\u00f1os de Juan Bautista Mahiques\u201d. En ese entonces Mahiques era el representante del Poder Ejecutivo, es decir, de <b>Mauricio Macri<\/b>, en el Consejo de la Magistratura. Ini enumera en ese texto qui\u00e9nes eran los invitados del agasajado: entre otros,<b> Rodolfo Canicoba Corral, Ariel Lijo y Marcelo Mart\u00ednez de Giorgi<\/b>. De este \u00faltimo magistrado se consigna lo siguiente: ven\u00eda de exculpar a <b>Angelo Calcaterra<\/b>, primo hermano de los Macri, en una causa ligada a la obra p\u00fablica.<\/p>\n<p>Es curioso, porque a mediados de 2024, el boxindanga Mahiques, junto con Barroetave\u00f1a y <b>Daniel Petrone<\/b>, aceptaron la coartada de Calcaterra para eludir una condena en la causa \u201cCuadernos de las Coimas\u201d. Es decir, dieron por bueno que Calcaterra no hab\u00eda pagado coimas sino que hab\u00eda hecho aportes de campa\u00f1a. Cuando estall\u00f3 el esc\u00e1ndalo, Mahiques, Barroetave\u00f1a y Petrone anularon su propio fallo. Un detalle de color: aquel cumplea\u00f1os narrado por Candela Ini se festej\u00f3 en<b> Rold\u00e1n<\/b>, el restaurante de<b> Daniel Vila<\/b>, defensor de Tapia en la AFA, y de <b>Manzano<\/b>, aplaudidor de Milei en Nueva York. All\u00ed la referencia existencial de Mahiques es el encantador animador de todas las noches: <b>Diego Lepera.<\/b><\/p>\n<p>El submundo del poder en el que se procesan estos conflictos pol\u00edticos y judiciales es insondable. Por eso por la espalda de varios funcionarios corri\u00f3 un escalofr\u00edo cuando \u201cChiqui\u201d Tapia amenaz\u00f3: \u201cLos voy a hacer transpirar como ellos me hacen transpirar a m\u00ed\u201d.<b> \u00bfTapia tambi\u00e9n tiene videos?<\/b> El acertijo es imposible de resolver. Pero transpiraci\u00f3n habr\u00e1 seguro. Lo que todav\u00eda no se sabe es si ser\u00e1 con o sin secanucas.<\/p>\n<p>El contraste de estas peripecias con las propuestas oficiales es impactante. Porque Milei declar\u00f3, ante el Congreso y en JP Morgan, que <b>la moral ser\u00e1 con \u00e9l una pol\u00edtica de Estado<\/b>. En poco tiempo se sabr\u00e1 si es otra ficci\u00f3n consentida.<\/p>\n<p>\u200bMilei declar\u00f3, ante el Congreso y en la JP Morgan de Nueva York, que la moral ser\u00e1 con \u00e9l una pol\u00edtica de Estado; lo hizo con Mahiques en Justicia, y mientras se conoc\u00eda que Adorni subi\u00f3 a su esposa al avi\u00f3n presidencial\u00a0\u00a0<\/p>","protected":false},"excerpt":{"rendered":"<p>Una tarde de febrero de 2004, en la residencia del embajador argentino en Espa\u00f1a, N\u00e9stor&#8230;<\/p>\n","protected":false},"author":1,"featured_media":12813,"comment_status":"closed","ping_status":"closed","sticky":false,"template":"","format":"standard","meta":{"_jetpack_memberships_contains_paid_content":false,"footnotes":"","jetpack_publicize_message":"","jetpack_publicize_feature_enabled":true,"jetpack_social_post_already_shared":true,"jetpack_social_options":{"image_generator_settings":{"template":"highway","default_image_id":0,"font":"","enabled":false},"version":2}},"categories":[89],"tags":[],"class_list":["post-12812","post","type-post","status-publish","format-standard","has-post-thumbnail","hentry","category-nacionales"],"yoast_head":"<!-- This site is optimized with the Yoast SEO plugin v27.4 - https:\/\/yoast.com\/product\/yoast-seo-wordpress\/ -->\n<title>La ficci\u00f3n consentida del Presidente -<\/title>\n<meta name=\"robots\" content=\"index, follow, max-snippet:-1, max-image-preview:large, max-video-preview:-1\" \/>\n<link rel=\"canonical\" href=\"https:\/\/impactocastex.com.ar\/?p=12812\" \/>\n<meta property=\"og:locale\" content=\"es_ES\" \/>\n<meta property=\"og:type\" content=\"article\" \/>\n<meta property=\"og:title\" content=\"La ficci\u00f3n consentida del Presidente -\" \/>\n<meta property=\"og:description\" content=\"Una tarde de febrero de 2004, en la residencia del embajador argentino en Espa\u00f1a, N\u00e9stor...\" \/>\n<meta property=\"og:url\" content=\"https:\/\/impactocastex.com.ar\/?p=12812\" \/>\n<meta property=\"article:publisher\" content=\"https:\/\/www.facebook.com\/impactocastexdiario\" \/>\n<meta property=\"article:published_time\" content=\"2026-03-12T06:38:00+00:00\" \/>\n<meta name=\"author\" content=\"impactocastex\" \/>\n<meta name=\"twitter:card\" content=\"summary_large_image\" \/>\n<meta name=\"twitter:label1\" content=\"Escrito por\" \/>\n\t<meta name=\"twitter:data1\" content=\"impactocastex\" \/>\n\t<meta name=\"twitter:label2\" content=\"Tiempo de lectura\" \/>\n\t<meta name=\"twitter:data2\" content=\"18 minutos\" \/>\n<script type=\"application\/ld+json\" class=\"yoast-schema-graph\">{\"@context\":\"https:\\\/\\\/schema.org\",\"@graph\":[{\"@type\":\"Article\",\"@id\":\"https:\\\/\\\/impactocastex.com.ar\\\/?p=12812#article\",\"isPartOf\":{\"@id\":\"https:\\\/\\\/impactocastex.com.ar\\\/?p=12812\"},\"author\":{\"name\":\"impactocastex\",\"@id\":\"https:\\\/\\\/impactocastex.com.ar\\\/#\\\/schema\\\/person\\\/86cb4f827fb5f87869a239b98a69c6e3\"},\"headline\":\"La ficci\u00f3n consentida del Presidente\",\"datePublished\":\"2026-03-12T06:38:00+00:00\",\"mainEntityOfPage\":{\"@id\":\"https:\\\/\\\/impactocastex.com.ar\\\/?p=12812\"},\"wordCount\":3522,\"publisher\":{\"@id\":\"https:\\\/\\\/impactocastex.com.ar\\\/#organization\"},\"image\":{\"@id\":\"https:\\\/\\\/impactocastex.com.ar\\\/?p=12812#primaryimage\"},\"thumbnailUrl\":\"https:\\\/\\\/impactocastex.com.ar\\\/wp-content\\\/uploads\\\/2026\\\/03\\\/YD54RCSVJFEWZNDNLM5ZVY267E-TrhypP.jpg\",\"articleSection\":[\"NACIONALES\"],\"inLanguage\":\"es\"},{\"@type\":\"WebPage\",\"@id\":\"https:\\\/\\\/impactocastex.com.ar\\\/?p=12812\",\"url\":\"https:\\\/\\\/impactocastex.com.ar\\\/?p=12812\",\"name\":\"La ficci\u00f3n consentida del Presidente -\",\"isPartOf\":{\"@id\":\"https:\\\/\\\/impactocastex.com.ar\\\/#website\"},\"primaryImageOfPage\":{\"@id\":\"https:\\\/\\\/impactocastex.com.ar\\\/?p=12812#primaryimage\"},\"image\":{\"@id\":\"https:\\\/\\\/impactocastex.com.ar\\\/?p=12812#primaryimage\"},\"thumbnailUrl\":\"https:\\\/\\\/impactocastex.com.ar\\\/wp-content\\\/uploads\\\/2026\\\/03\\\/YD54RCSVJFEWZNDNLM5ZVY267E-TrhypP.jpg\",\"datePublished\":\"2026-03-12T06:38:00+00:00\",\"breadcrumb\":{\"@id\":\"https:\\\/\\\/impactocastex.com.ar\\\/?p=12812#breadcrumb\"},\"inLanguage\":\"es\",\"potentialAction\":[{\"@type\":\"ReadAction\",\"target\":[\"https:\\\/\\\/impactocastex.com.ar\\\/?p=12812\"]}]},{\"@type\":\"ImageObject\",\"inLanguage\":\"es\",\"@id\":\"https:\\\/\\\/impactocastex.com.ar\\\/?p=12812#primaryimage\",\"url\":\"https:\\\/\\\/impactocastex.com.ar\\\/wp-content\\\/uploads\\\/2026\\\/03\\\/YD54RCSVJFEWZNDNLM5ZVY267E-TrhypP.jpg\",\"contentUrl\":\"https:\\\/\\\/impactocastex.com.ar\\\/wp-content\\\/uploads\\\/2026\\\/03\\\/YD54RCSVJFEWZNDNLM5ZVY267E-TrhypP.jpg\",\"width\":2000,\"height\":1333},{\"@type\":\"BreadcrumbList\",\"@id\":\"https:\\\/\\\/impactocastex.com.ar\\\/?p=12812#breadcrumb\",\"itemListElement\":[{\"@type\":\"ListItem\",\"position\":1,\"name\":\"Portada\",\"item\":\"https:\\\/\\\/impactocastex.com.ar\\\/\"},{\"@type\":\"ListItem\",\"position\":2,\"name\":\"La ficci\u00f3n consentida del Presidente\"}]},{\"@type\":\"WebSite\",\"@id\":\"https:\\\/\\\/impactocastex.com.ar\\\/#website\",\"url\":\"https:\\\/\\\/impactocastex.com.ar\\\/\",\"name\":\"Impacto Castex\",\"description\":\"\",\"publisher\":{\"@id\":\"https:\\\/\\\/impactocastex.com.ar\\\/#organization\"},\"potentialAction\":[{\"@type\":\"SearchAction\",\"target\":{\"@type\":\"EntryPoint\",\"urlTemplate\":\"https:\\\/\\\/impactocastex.com.ar\\\/?s={search_term_string}\"},\"query-input\":{\"@type\":\"PropertyValueSpecification\",\"valueRequired\":true,\"valueName\":\"search_term_string\"}}],\"inLanguage\":\"es\"},{\"@type\":\"Organization\",\"@id\":\"https:\\\/\\\/impactocastex.com.ar\\\/#organization\",\"name\":\"Impacto Castex\",\"url\":\"https:\\\/\\\/impactocastex.com.ar\\\/\",\"logo\":{\"@type\":\"ImageObject\",\"inLanguage\":\"es\",\"@id\":\"https:\\\/\\\/impactocastex.com.ar\\\/#\\\/schema\\\/logo\\\/image\\\/\",\"url\":\"https:\\\/\\\/impactocastex.com.ar\\\/wp-content\\\/uploads\\\/2025\\\/09\\\/cropped-icoweb.png\",\"contentUrl\":\"https:\\\/\\\/impactocastex.com.ar\\\/wp-content\\\/uploads\\\/2025\\\/09\\\/cropped-icoweb.png\",\"width\":512,\"height\":512,\"caption\":\"Impacto Castex\"},\"image\":{\"@id\":\"https:\\\/\\\/impactocastex.com.ar\\\/#\\\/schema\\\/logo\\\/image\\\/\"},\"sameAs\":[\"https:\\\/\\\/www.facebook.com\\\/impactocastexdiario\",\"https:\\\/\\\/www.instagram.com\\\/impactocastex.com.ar\\\/\"]},{\"@type\":\"Person\",\"@id\":\"https:\\\/\\\/impactocastex.com.ar\\\/#\\\/schema\\\/person\\\/86cb4f827fb5f87869a239b98a69c6e3\",\"name\":\"impactocastex\",\"image\":{\"@type\":\"ImageObject\",\"inLanguage\":\"es\",\"@id\":\"https:\\\/\\\/secure.gravatar.com\\\/avatar\\\/9a87ee051ca8c77f5d4070843ce2c78cdf95b858b950fb039151de955122f5f5?s=96&d=mm&r=g\",\"url\":\"https:\\\/\\\/secure.gravatar.com\\\/avatar\\\/9a87ee051ca8c77f5d4070843ce2c78cdf95b858b950fb039151de955122f5f5?s=96&d=mm&r=g\",\"contentUrl\":\"https:\\\/\\\/secure.gravatar.com\\\/avatar\\\/9a87ee051ca8c77f5d4070843ce2c78cdf95b858b950fb039151de955122f5f5?s=96&d=mm&r=g\",\"caption\":\"impactocastex\"},\"sameAs\":[\"https:\\\/\\\/impactocastex.com.ar\"],\"url\":\"https:\\\/\\\/impactocastex.com.ar\\\/?author=1\"}]}<\/script>\n<!-- \/ Yoast SEO plugin. -->","yoast_head_json":{"title":"La ficci\u00f3n consentida del Presidente -","robots":{"index":"index","follow":"follow","max-snippet":"max-snippet:-1","max-image-preview":"max-image-preview:large","max-video-preview":"max-video-preview:-1"},"canonical":"https:\/\/impactocastex.com.ar\/?p=12812","og_locale":"es_ES","og_type":"article","og_title":"La ficci\u00f3n consentida del Presidente -","og_description":"Una tarde de febrero de 2004, en la residencia del embajador argentino en Espa\u00f1a, N\u00e9stor...","og_url":"https:\/\/impactocastex.com.ar\/?p=12812","article_publisher":"https:\/\/www.facebook.com\/impactocastexdiario","article_published_time":"2026-03-12T06:38:00+00:00","author":"impactocastex","twitter_card":"summary_large_image","twitter_misc":{"Escrito por":"impactocastex","Tiempo de lectura":"18 minutos"},"schema":{"@context":"https:\/\/schema.org","@graph":[{"@type":"Article","@id":"https:\/\/impactocastex.com.ar\/?p=12812#article","isPartOf":{"@id":"https:\/\/impactocastex.com.ar\/?p=12812"},"author":{"name":"impactocastex","@id":"https:\/\/impactocastex.com.ar\/#\/schema\/person\/86cb4f827fb5f87869a239b98a69c6e3"},"headline":"La ficci\u00f3n consentida del Presidente","datePublished":"2026-03-12T06:38:00+00:00","mainEntityOfPage":{"@id":"https:\/\/impactocastex.com.ar\/?p=12812"},"wordCount":3522,"publisher":{"@id":"https:\/\/impactocastex.com.ar\/#organization"},"image":{"@id":"https:\/\/impactocastex.com.ar\/?p=12812#primaryimage"},"thumbnailUrl":"https:\/\/impactocastex.com.ar\/wp-content\/uploads\/2026\/03\/YD54RCSVJFEWZNDNLM5ZVY267E-TrhypP.jpg","articleSection":["NACIONALES"],"inLanguage":"es"},{"@type":"WebPage","@id":"https:\/\/impactocastex.com.ar\/?p=12812","url":"https:\/\/impactocastex.com.ar\/?p=12812","name":"La ficci\u00f3n consentida del Presidente -","isPartOf":{"@id":"https:\/\/impactocastex.com.ar\/#website"},"primaryImageOfPage":{"@id":"https:\/\/impactocastex.com.ar\/?p=12812#primaryimage"},"image":{"@id":"https:\/\/impactocastex.com.ar\/?p=12812#primaryimage"},"thumbnailUrl":"https:\/\/impactocastex.com.ar\/wp-content\/uploads\/2026\/03\/YD54RCSVJFEWZNDNLM5ZVY267E-TrhypP.jpg","datePublished":"2026-03-12T06:38:00+00:00","breadcrumb":{"@id":"https:\/\/impactocastex.com.ar\/?p=12812#breadcrumb"},"inLanguage":"es","potentialAction":[{"@type":"ReadAction","target":["https:\/\/impactocastex.com.ar\/?p=12812"]}]},{"@type":"ImageObject","inLanguage":"es","@id":"https:\/\/impactocastex.com.ar\/?p=12812#primaryimage","url":"https:\/\/impactocastex.com.ar\/wp-content\/uploads\/2026\/03\/YD54RCSVJFEWZNDNLM5ZVY267E-TrhypP.jpg","contentUrl":"https:\/\/impactocastex.com.ar\/wp-content\/uploads\/2026\/03\/YD54RCSVJFEWZNDNLM5ZVY267E-TrhypP.jpg","width":2000,"height":1333},{"@type":"BreadcrumbList","@id":"https:\/\/impactocastex.com.ar\/?p=12812#breadcrumb","itemListElement":[{"@type":"ListItem","position":1,"name":"Portada","item":"https:\/\/impactocastex.com.ar\/"},{"@type":"ListItem","position":2,"name":"La ficci\u00f3n consentida del Presidente"}]},{"@type":"WebSite","@id":"https:\/\/impactocastex.com.ar\/#website","url":"https:\/\/impactocastex.com.ar\/","name":"Impacto Castex","description":"","publisher":{"@id":"https:\/\/impactocastex.com.ar\/#organization"},"potentialAction":[{"@type":"SearchAction","target":{"@type":"EntryPoint","urlTemplate":"https:\/\/impactocastex.com.ar\/?s={search_term_string}"},"query-input":{"@type":"PropertyValueSpecification","valueRequired":true,"valueName":"search_term_string"}}],"inLanguage":"es"},{"@type":"Organization","@id":"https:\/\/impactocastex.com.ar\/#organization","name":"Impacto Castex","url":"https:\/\/impactocastex.com.ar\/","logo":{"@type":"ImageObject","inLanguage":"es","@id":"https:\/\/impactocastex.com.ar\/#\/schema\/logo\/image\/","url":"https:\/\/impactocastex.com.ar\/wp-content\/uploads\/2025\/09\/cropped-icoweb.png","contentUrl":"https:\/\/impactocastex.com.ar\/wp-content\/uploads\/2025\/09\/cropped-icoweb.png","width":512,"height":512,"caption":"Impacto Castex"},"image":{"@id":"https:\/\/impactocastex.com.ar\/#\/schema\/logo\/image\/"},"sameAs":["https:\/\/www.facebook.com\/impactocastexdiario","https:\/\/www.instagram.com\/impactocastex.com.ar\/"]},{"@type":"Person","@id":"https:\/\/impactocastex.com.ar\/#\/schema\/person\/86cb4f827fb5f87869a239b98a69c6e3","name":"impactocastex","image":{"@type":"ImageObject","inLanguage":"es","@id":"https:\/\/secure.gravatar.com\/avatar\/9a87ee051ca8c77f5d4070843ce2c78cdf95b858b950fb039151de955122f5f5?s=96&d=mm&r=g","url":"https:\/\/secure.gravatar.com\/avatar\/9a87ee051ca8c77f5d4070843ce2c78cdf95b858b950fb039151de955122f5f5?s=96&d=mm&r=g","contentUrl":"https:\/\/secure.gravatar.com\/avatar\/9a87ee051ca8c77f5d4070843ce2c78cdf95b858b950fb039151de955122f5f5?s=96&d=mm&r=g","caption":"impactocastex"},"sameAs":["https:\/\/impactocastex.com.ar"],"url":"https:\/\/impactocastex.com.ar\/?author=1"}]}},"jetpack_publicize_connections":[],"featured_image_urls":{"full":["https:\/\/impactocastex.com.ar\/wp-content\/uploads\/2026\/03\/YD54RCSVJFEWZNDNLM5ZVY267E-TrhypP.jpg",2000,1333,false],"thumbnail":["https:\/\/impactocastex.com.ar\/wp-content\/uploads\/2026\/03\/YD54RCSVJFEWZNDNLM5ZVY267E-TrhypP-150x150.jpg",150,150,true],"medium":["https:\/\/impactocastex.com.ar\/wp-content\/uploads\/2026\/03\/YD54RCSVJFEWZNDNLM5ZVY267E-TrhypP-300x200.jpg",300,200,true],"medium_large":["https:\/\/impactocastex.com.ar\/wp-content\/uploads\/2026\/03\/YD54RCSVJFEWZNDNLM5ZVY267E-TrhypP-768x512.jpg",640,427,true],"large":["https:\/\/impactocastex.com.ar\/wp-content\/uploads\/2026\/03\/YD54RCSVJFEWZNDNLM5ZVY267E-TrhypP-1024x682.jpg",640,426,true],"1536x1536":["https:\/\/impactocastex.com.ar\/wp-content\/uploads\/2026\/03\/YD54RCSVJFEWZNDNLM5ZVY267E-TrhypP-1536x1024.jpg",1536,1024,true],"2048x2048":["https:\/\/impactocastex.com.ar\/wp-content\/uploads\/2026\/03\/YD54RCSVJFEWZNDNLM5ZVY267E-TrhypP.jpg",2000,1333,false],"newsever-slider-full":["https:\/\/impactocastex.com.ar\/wp-content\/uploads\/2026\/03\/YD54RCSVJFEWZNDNLM5ZVY267E-TrhypP-1280x845.jpg",1280,845,true],"newsever-featured":["https:\/\/impactocastex.com.ar\/wp-content\/uploads\/2026\/03\/YD54RCSVJFEWZNDNLM5ZVY267E-TrhypP-1024x682.jpg",1024,682,true],"newsever-medium":["https:\/\/impactocastex.com.ar\/wp-content\/uploads\/2026\/03\/YD54RCSVJFEWZNDNLM5ZVY267E-TrhypP-720x475.jpg",720,475,true]},"author_info":{"info":["impactocastex"]},"category_info":"<a href=\"https:\/\/impactocastex.com.ar\/?cat=89\" rel=\"category\">NACIONALES<\/a>","tag_info":"NACIONALES","comment_count":0,"jetpack_featured_media_url":"https:\/\/impactocastex.com.ar\/wp-content\/uploads\/2026\/03\/YD54RCSVJFEWZNDNLM5ZVY267E-TrhypP.jpg","jetpack_sharing_enabled":true,"jetpack_likes_enabled":true,"jetpack_shortlink":"https:\/\/wp.me\/p7sopA-3kE","_links":{"self":[{"href":"https:\/\/impactocastex.com.ar\/index.php?rest_route=\/wp\/v2\/posts\/12812","targetHints":{"allow":["GET"]}}],"collection":[{"href":"https:\/\/impactocastex.com.ar\/index.php?rest_route=\/wp\/v2\/posts"}],"about":[{"href":"https:\/\/impactocastex.com.ar\/index.php?rest_route=\/wp\/v2\/types\/post"}],"author":[{"embeddable":true,"href":"https:\/\/impactocastex.com.ar\/index.php?rest_route=\/wp\/v2\/users\/1"}],"replies":[{"embeddable":true,"href":"https:\/\/impactocastex.com.ar\/index.php?rest_route=%2Fwp%2Fv2%2Fcomments&post=12812"}],"version-history":[{"count":0,"href":"https:\/\/impactocastex.com.ar\/index.php?rest_route=\/wp\/v2\/posts\/12812\/revisions"}],"wp:featuredmedia":[{"embeddable":true,"href":"https:\/\/impactocastex.com.ar\/index.php?rest_route=\/wp\/v2\/media\/12813"}],"wp:attachment":[{"href":"https:\/\/impactocastex.com.ar\/index.php?rest_route=%2Fwp%2Fv2%2Fmedia&parent=12812"}],"wp:term":[{"taxonomy":"category","embeddable":true,"href":"https:\/\/impactocastex.com.ar\/index.php?rest_route=%2Fwp%2Fv2%2Fcategories&post=12812"},{"taxonomy":"post_tag","embeddable":true,"href":"https:\/\/impactocastex.com.ar\/index.php?rest_route=%2Fwp%2Fv2%2Ftags&post=12812"}],"curies":[{"name":"wp","href":"https:\/\/api.w.org\/{rel}","templated":true}]}}