{"id":12772,"date":"2026-03-10T03:41:23","date_gmt":"2026-03-10T06:41:23","guid":{"rendered":"https:\/\/impactocastex.com.ar\/?p=12772"},"modified":"2026-03-10T03:41:23","modified_gmt":"2026-03-10T06:41:23","slug":"bariloche-un-joven-de-18-anos-fue-apunalado-y-murio-en-el-centro-de-la-ciudad-a-plena-luz-del-dia","status":"publish","type":"post","link":"https:\/\/impactocastex.com.ar\/?p=12772","title":{"rendered":"Bariloche: un joven de 18 a\u00f1os fue apu\u00f1alado y muri\u00f3 en el centro de la ciudad a plena luz del d\u00eda"},"content":{"rendered":"<p>Un joven de 18 a\u00f1os, identificado como <b>Tom\u00e1s Alarc\u00f3n<\/b>, fue asesinado el domingo al mediod\u00eda de una <b>pu\u00f1alada en el pecho.<\/b> El ataque sucedi\u00f3 a plena luz del d\u00eda en el centro de la ciudad de <b>San Carlos de Bariloche <\/b>(R\u00edo Negro), a metros del <b>Hospital Ram\u00f3n Carrillo<\/b>, luego de que la v\u00edctima pasara la noche en un boliche con amigos.<b> La Polic\u00eda detuvo al principal sospechoso y secuestr\u00f3 un arma blanca.<\/b><\/p>\n<p>Seg\u00fan pudo reconstruir <a href=\"https:\/\/www.elcordillerano.com.ar\/noticias\/2026\/03\/09\/231657-crimen-de-tomas-alarcon-como-fue-la-noche-de-boliche-que-termino-en-tragedia\" target=\"_blank\" rel=\"noreferrer\" title=\"https:\/\/www.elcordillerano.com.ar\/noticias\/2026\/03\/09\/231657-crimen-de-tomas-alarcon-como-fue-la-noche-de-boliche-que-termino-en-tragedia\"><i>El Cordillerano<\/i><\/a>, el s\u00e1bado por la noche Alarc\u00f3n acudi\u00f3 al club nocturno <b>Le Lac Discoteque <\/b>acompa\u00f1ado por un grupo de amigos y amigas. Las horas transcurrieron sin mayores inconvenientes y en la ma\u00f1ana, a la salida, una joven que formaba parte del grupo los invit\u00f3 a un after en una pileta de un edificio que alquilaban a pocos metros del mencionado hospital.<\/p>\n<p>All\u00ed, la fiesta se extendi\u00f3 hasta el mediod\u00eda del domingo, hasta que Tom\u00e1s y el grupo decidieron retirarse del edificio. Sin embargo, una vez en la vereda y al caminar unas cuadras hasta la intersecci\u00f3n de <b>Ada Mar\u00eda Elflein y Otto Goedecke<\/b>, comenz\u00f3 una pelea entre algunos de los j\u00f3venes. Alarc\u00f3n intervino para defender a uno de sus amigos.<\/p>\n<p><img loading=\"lazy\" decoding=\"async\" src=\"https:\/\/resizer.glanacion.com\/resizer\/v2\/BBSTEQ6LFZCE7LMKPM77HBEXMI.png?auth=9b62aa8c107ee8db657e13815fb2b958734e8857bad40b8249731b08819e3ff5&amp;smart=true&amp;width=813&amp;height=511\" alt=\"El crimen de Tom\u00e1s Alarc\u00f3n sucedi\u00f3 a metros del Hospital Ram\u00f3n Carrillo de Bariloche\" height=\"511\" width=\"813\" \/><\/p>\n<p>En ese momento, uno de los presentes le asest\u00f3 una pu\u00f1alada mortal en la zona intercostal derecha que le provoc\u00f3 una fuerte <b>hemorragia interna<\/b>. El atacante huy\u00f3 de la escena, la pelea se detuvo y el mejor amigo de Alarc\u00f3n lo traslad\u00f3 de inmediato al hospital, que estaba a pocos metros.<\/p>\n<p>El joven de 18 a\u00f1os ingres\u00f3 al centro m\u00e9dico con vida, pero a pesar de la asistencia de los profesionales, sufri\u00f3 un <b>shock<\/b> <b>hipovol\u00e9mico <\/b>y falleci\u00f3 en la guardia, seg\u00fan consign\u00f3 el diario <a href=\"https:\/\/www.rionegro.com.ar\/policiales\/murio-un-joven-apunalado-tras-una-discusion-en-la-calle-a-metros-del-hospital-de-bariloche-4494752\/\" target=\"_blank\" rel=\"noreferrer\" title=\"https:\/\/www.rionegro.com.ar\/policiales\/murio-un-joven-apunalado-tras-una-discusion-en-la-calle-a-metros-del-hospital-de-bariloche-4494752\/\"><i>R\u00edo Negro<\/i><\/a>.<\/p>\n<p>Desde el hospital se pusieron en contacto con la familia y dieron aviso de lo ocurrido a la Polic\u00eda. La fuerza dispuso un operativo de b\u00fasqueda para hallar al victimario, tarea que, junto con las actuaciones forenses, <b>qued\u00f3<\/b> a cargo del fiscal Guillermo Lista.<\/p>\n\n<p>Al cabo de unas horas, y con ayuda de los testigos del hecho y las c\u00e1maras de seguridad, se consigui\u00f3 dar con el asesino. Seg\u00fan informaron diferentes medios locales, se tratar\u00eda de otro joven de entre 18 y 19 a\u00f1os que no formaba parte del grupo de amigos inicial que hab\u00eda salido a bailar con Alarc\u00f3n la noche anterior. <\/p>\n<p>El agresor fue detenido en un auto <b>Volkswagen Bora <\/b>blanco y estaba en compa\u00f1\u00eda de sus padres. Al joven se le incaut\u00f3 un cuchillo y, seg\u00fan algunas versiones, el progenitor lo acompa\u00f1aba a entregarse a la comisar\u00eda.<\/p>\n<p>Tom\u00e1s Alarc\u00f3n hab\u00eda cumplido 18 a\u00f1os en febrero. Era el <b>menor de cinco hermanos<\/b> y viv\u00eda en el barrio <b>Ada Mar\u00eda Elflein<\/b>. Jugaba al f\u00fatbol de manera amateur en diferentes clubes locales y ten\u00eda el sue\u00f1o de llegar a ser profesional.<\/p>\n\n<p>Tras darse a conocer la noticia de su muerte, algunos de los clubes en donde jugaba <b>compartieron un comunicado <\/b>y mandaron sus condolencias a la familia. \u201cEl <b>Club Social, Cultural y Deportivo Mart\u00edn G\u00fcemes<\/b> expresa su profundo dolor por el fallecimiento de nuestro querido jugador Tom\u00e1s Alarc\u00f3n (&#8230;) fue parte de nuestra familia deportiva y su recuerdo quedar\u00e1 para siempre en nuestra instituci\u00f3n\u201d.<\/p>\n<p>En ese sentido, agregaron: \u201c<b>El fallecimiento de Tom\u00e1s no puede quedar impune<\/b>. Desde nuestra instituci\u00f3n exigimos justicia, para que se conozca la verdad y para que los responsables respondan por lo ocurrido\u201d.<\/p>\n<p>A su vez, el <b>Club Atl\u00e9tico Chicago Bariloche<\/b> comparti\u00f3: \u201cCon profundo dolor, nuestra instituci\u00f3n lamenta el fallecimiento de Tom\u00e1s Alarc\u00f3n, jugador de nuestro club. <b>Acompa\u00f1amos a la familia y seres queridos en este dif\u00edcil momento<\/b>\u201d.<\/p>\n<p>\u200bTras salir a bailar el s\u00e1bado, Tom\u00e1s Alarc\u00f3n se dispon\u00eda a volver a su casa el domingo al mediod\u00eda cuando fue herido de muerte en el pecho al intentar detener una pelea\u00a0\u00a0<\/p>","protected":false},"excerpt":{"rendered":"<p>Un joven de 18 a\u00f1os, identificado como Tom\u00e1s Alarc\u00f3n, fue asesinado el domingo al mediod\u00eda&#8230;<\/p>\n","protected":false},"author":1,"featured_media":12773,"comment_status":"closed","ping_status":"closed","sticky":false,"template":"","format":"standard","meta":{"_jetpack_memberships_contains_paid_content":false,"footnotes":"","jetpack_publicize_message":"","jetpack_publicize_feature_enabled":true,"jetpack_social_post_already_shared":true,"jetpack_social_options":{"image_generator_settings":{"template":"highway","default_image_id":0,"font":"","enabled":false},"version":2}},"categories":[89],"tags":[],"class_list":["post-12772","post","type-post","status-publish","format-standard","has-post-thumbnail","hentry","category-nacionales"],"yoast_head":"<!-- This site is optimized with the Yoast SEO plugin v27.4 - https:\/\/yoast.com\/product\/yoast-seo-wordpress\/ -->\n<title>Bariloche: un joven de 18 a\u00f1os fue apu\u00f1alado y muri\u00f3 en el centro de la ciudad a plena luz del d\u00eda -<\/title>\n<meta name=\"robots\" content=\"index, follow, max-snippet:-1, max-image-preview:large, max-video-preview:-1\" \/>\n<link rel=\"canonical\" href=\"https:\/\/impactocastex.com.ar\/?p=12772\" \/>\n<meta property=\"og:locale\" content=\"es_ES\" \/>\n<meta property=\"og:type\" content=\"article\" \/>\n<meta property=\"og:title\" content=\"Bariloche: un joven de 18 a\u00f1os fue apu\u00f1alado y muri\u00f3 en el centro de la ciudad a plena luz del d\u00eda -\" \/>\n<meta property=\"og:description\" content=\"Un joven de 18 a\u00f1os, identificado como Tom\u00e1s Alarc\u00f3n, fue asesinado el domingo al mediod\u00eda...\" \/>\n<meta property=\"og:url\" content=\"https:\/\/impactocastex.com.ar\/?p=12772\" \/>\n<meta property=\"article:publisher\" content=\"https:\/\/www.facebook.com\/impactocastexdiario\" \/>\n<meta property=\"article:published_time\" content=\"2026-03-10T06:41:23+00:00\" \/>\n<meta property=\"og:image\" content=\"https:\/\/resizer.glanacion.com\/resizer\/v2\/BBSTEQ6LFZCE7LMKPM77HBEXMI.png?auth=9b62aa8c107ee8db657e13815fb2b958734e8857bad40b8249731b08819e3ff5&amp;smart=true&amp;width=813&amp;height=511\" \/>\n<meta name=\"author\" content=\"impactocastex\" \/>\n<meta name=\"twitter:card\" content=\"summary_large_image\" \/>\n<meta name=\"twitter:label1\" content=\"Escrito por\" \/>\n\t<meta name=\"twitter:data1\" content=\"impactocastex\" \/>\n\t<meta name=\"twitter:label2\" content=\"Tiempo de lectura\" \/>\n\t<meta name=\"twitter:data2\" content=\"3 minutos\" \/>\n<script type=\"application\/ld+json\" class=\"yoast-schema-graph\">{\"@context\":\"https:\\\/\\\/schema.org\",\"@graph\":[{\"@type\":\"Article\",\"@id\":\"https:\\\/\\\/impactocastex.com.ar\\\/?p=12772#article\",\"isPartOf\":{\"@id\":\"https:\\\/\\\/impactocastex.com.ar\\\/?p=12772\"},\"author\":{\"name\":\"impactocastex\",\"@id\":\"https:\\\/\\\/impactocastex.com.ar\\\/#\\\/schema\\\/person\\\/86cb4f827fb5f87869a239b98a69c6e3\"},\"headline\":\"Bariloche: un joven de 18 a\u00f1os fue apu\u00f1alado y muri\u00f3 en el centro de la ciudad a plena luz del d\u00eda\",\"datePublished\":\"2026-03-10T06:41:23+00:00\",\"mainEntityOfPage\":{\"@id\":\"https:\\\/\\\/impactocastex.com.ar\\\/?p=12772\"},\"wordCount\":709,\"publisher\":{\"@id\":\"https:\\\/\\\/impactocastex.com.ar\\\/#organization\"},\"image\":{\"@id\":\"https:\\\/\\\/impactocastex.com.ar\\\/?p=12772#primaryimage\"},\"thumbnailUrl\":\"https:\\\/\\\/impactocastex.com.ar\\\/wp-content\\\/uploads\\\/2026\\\/03\\\/6SKU256GABH7LBE47JCW65KB4U-LwpfJz.jpg\",\"articleSection\":[\"NACIONALES\"],\"inLanguage\":\"es\"},{\"@type\":\"WebPage\",\"@id\":\"https:\\\/\\\/impactocastex.com.ar\\\/?p=12772\",\"url\":\"https:\\\/\\\/impactocastex.com.ar\\\/?p=12772\",\"name\":\"Bariloche: un joven de 18 a\u00f1os fue apu\u00f1alado y muri\u00f3 en el centro de la ciudad a plena luz del d\u00eda -\",\"isPartOf\":{\"@id\":\"https:\\\/\\\/impactocastex.com.ar\\\/#website\"},\"primaryImageOfPage\":{\"@id\":\"https:\\\/\\\/impactocastex.com.ar\\\/?p=12772#primaryimage\"},\"image\":{\"@id\":\"https:\\\/\\\/impactocastex.com.ar\\\/?p=12772#primaryimage\"},\"thumbnailUrl\":\"https:\\\/\\\/impactocastex.com.ar\\\/wp-content\\\/uploads\\\/2026\\\/03\\\/6SKU256GABH7LBE47JCW65KB4U-LwpfJz.jpg\",\"datePublished\":\"2026-03-10T06:41:23+00:00\",\"breadcrumb\":{\"@id\":\"https:\\\/\\\/impactocastex.com.ar\\\/?p=12772#breadcrumb\"},\"inLanguage\":\"es\",\"potentialAction\":[{\"@type\":\"ReadAction\",\"target\":[\"https:\\\/\\\/impactocastex.com.ar\\\/?p=12772\"]}]},{\"@type\":\"ImageObject\",\"inLanguage\":\"es\",\"@id\":\"https:\\\/\\\/impactocastex.com.ar\\\/?p=12772#primaryimage\",\"url\":\"https:\\\/\\\/impactocastex.com.ar\\\/wp-content\\\/uploads\\\/2026\\\/03\\\/6SKU256GABH7LBE47JCW65KB4U-LwpfJz.jpg\",\"contentUrl\":\"https:\\\/\\\/impactocastex.com.ar\\\/wp-content\\\/uploads\\\/2026\\\/03\\\/6SKU256GABH7LBE47JCW65KB4U-LwpfJz.jpg\",\"width\":749,\"height\":481},{\"@type\":\"BreadcrumbList\",\"@id\":\"https:\\\/\\\/impactocastex.com.ar\\\/?p=12772#breadcrumb\",\"itemListElement\":[{\"@type\":\"ListItem\",\"position\":1,\"name\":\"Portada\",\"item\":\"https:\\\/\\\/impactocastex.com.ar\\\/\"},{\"@type\":\"ListItem\",\"position\":2,\"name\":\"Bariloche: un joven de 18 a\u00f1os fue apu\u00f1alado y muri\u00f3 en el centro de la ciudad a plena luz del d\u00eda\"}]},{\"@type\":\"WebSite\",\"@id\":\"https:\\\/\\\/impactocastex.com.ar\\\/#website\",\"url\":\"https:\\\/\\\/impactocastex.com.ar\\\/\",\"name\":\"Impacto Castex\",\"description\":\"\",\"publisher\":{\"@id\":\"https:\\\/\\\/impactocastex.com.ar\\\/#organization\"},\"potentialAction\":[{\"@type\":\"SearchAction\",\"target\":{\"@type\":\"EntryPoint\",\"urlTemplate\":\"https:\\\/\\\/impactocastex.com.ar\\\/?s={search_term_string}\"},\"query-input\":{\"@type\":\"PropertyValueSpecification\",\"valueRequired\":true,\"valueName\":\"search_term_string\"}}],\"inLanguage\":\"es\"},{\"@type\":\"Organization\",\"@id\":\"https:\\\/\\\/impactocastex.com.ar\\\/#organization\",\"name\":\"Impacto Castex\",\"url\":\"https:\\\/\\\/impactocastex.com.ar\\\/\",\"logo\":{\"@type\":\"ImageObject\",\"inLanguage\":\"es\",\"@id\":\"https:\\\/\\\/impactocastex.com.ar\\\/#\\\/schema\\\/logo\\\/image\\\/\",\"url\":\"https:\\\/\\\/impactocastex.com.ar\\\/wp-content\\\/uploads\\\/2025\\\/09\\\/cropped-icoweb.png\",\"contentUrl\":\"https:\\\/\\\/impactocastex.com.ar\\\/wp-content\\\/uploads\\\/2025\\\/09\\\/cropped-icoweb.png\",\"width\":512,\"height\":512,\"caption\":\"Impacto Castex\"},\"image\":{\"@id\":\"https:\\\/\\\/impactocastex.com.ar\\\/#\\\/schema\\\/logo\\\/image\\\/\"},\"sameAs\":[\"https:\\\/\\\/www.facebook.com\\\/impactocastexdiario\",\"https:\\\/\\\/www.instagram.com\\\/impactocastex.com.ar\\\/\"]},{\"@type\":\"Person\",\"@id\":\"https:\\\/\\\/impactocastex.com.ar\\\/#\\\/schema\\\/person\\\/86cb4f827fb5f87869a239b98a69c6e3\",\"name\":\"impactocastex\",\"image\":{\"@type\":\"ImageObject\",\"inLanguage\":\"es\",\"@id\":\"https:\\\/\\\/secure.gravatar.com\\\/avatar\\\/9a87ee051ca8c77f5d4070843ce2c78cdf95b858b950fb039151de955122f5f5?s=96&d=mm&r=g\",\"url\":\"https:\\\/\\\/secure.gravatar.com\\\/avatar\\\/9a87ee051ca8c77f5d4070843ce2c78cdf95b858b950fb039151de955122f5f5?s=96&d=mm&r=g\",\"contentUrl\":\"https:\\\/\\\/secure.gravatar.com\\\/avatar\\\/9a87ee051ca8c77f5d4070843ce2c78cdf95b858b950fb039151de955122f5f5?s=96&d=mm&r=g\",\"caption\":\"impactocastex\"},\"sameAs\":[\"https:\\\/\\\/impactocastex.com.ar\"],\"url\":\"https:\\\/\\\/impactocastex.com.ar\\\/?author=1\"}]}<\/script>\n<!-- \/ Yoast SEO plugin. -->","yoast_head_json":{"title":"Bariloche: un joven de 18 a\u00f1os fue apu\u00f1alado y muri\u00f3 en el centro de la ciudad a plena luz del d\u00eda -","robots":{"index":"index","follow":"follow","max-snippet":"max-snippet:-1","max-image-preview":"max-image-preview:large","max-video-preview":"max-video-preview:-1"},"canonical":"https:\/\/impactocastex.com.ar\/?p=12772","og_locale":"es_ES","og_type":"article","og_title":"Bariloche: un joven de 18 a\u00f1os fue apu\u00f1alado y muri\u00f3 en el centro de la ciudad a plena luz del d\u00eda -","og_description":"Un joven de 18 a\u00f1os, identificado como Tom\u00e1s Alarc\u00f3n, fue asesinado el domingo al mediod\u00eda...","og_url":"https:\/\/impactocastex.com.ar\/?p=12772","article_publisher":"https:\/\/www.facebook.com\/impactocastexdiario","article_published_time":"2026-03-10T06:41:23+00:00","og_image":[{"url":"https:\/\/resizer.glanacion.com\/resizer\/v2\/BBSTEQ6LFZCE7LMKPM77HBEXMI.png?auth=9b62aa8c107ee8db657e13815fb2b958734e8857bad40b8249731b08819e3ff5&amp;smart=true&amp;width=813&amp;height=511","type":"","width":"","height":""}],"author":"impactocastex","twitter_card":"summary_large_image","twitter_misc":{"Escrito por":"impactocastex","Tiempo de lectura":"3 minutos"},"schema":{"@context":"https:\/\/schema.org","@graph":[{"@type":"Article","@id":"https:\/\/impactocastex.com.ar\/?p=12772#article","isPartOf":{"@id":"https:\/\/impactocastex.com.ar\/?p=12772"},"author":{"name":"impactocastex","@id":"https:\/\/impactocastex.com.ar\/#\/schema\/person\/86cb4f827fb5f87869a239b98a69c6e3"},"headline":"Bariloche: un joven de 18 a\u00f1os fue apu\u00f1alado y muri\u00f3 en el centro de la ciudad a plena luz del d\u00eda","datePublished":"2026-03-10T06:41:23+00:00","mainEntityOfPage":{"@id":"https:\/\/impactocastex.com.ar\/?p=12772"},"wordCount":709,"publisher":{"@id":"https:\/\/impactocastex.com.ar\/#organization"},"image":{"@id":"https:\/\/impactocastex.com.ar\/?p=12772#primaryimage"},"thumbnailUrl":"https:\/\/impactocastex.com.ar\/wp-content\/uploads\/2026\/03\/6SKU256GABH7LBE47JCW65KB4U-LwpfJz.jpg","articleSection":["NACIONALES"],"inLanguage":"es"},{"@type":"WebPage","@id":"https:\/\/impactocastex.com.ar\/?p=12772","url":"https:\/\/impactocastex.com.ar\/?p=12772","name":"Bariloche: un joven de 18 a\u00f1os fue apu\u00f1alado y muri\u00f3 en el centro de la ciudad a plena luz del d\u00eda -","isPartOf":{"@id":"https:\/\/impactocastex.com.ar\/#website"},"primaryImageOfPage":{"@id":"https:\/\/impactocastex.com.ar\/?p=12772#primaryimage"},"image":{"@id":"https:\/\/impactocastex.com.ar\/?p=12772#primaryimage"},"thumbnailUrl":"https:\/\/impactocastex.com.ar\/wp-content\/uploads\/2026\/03\/6SKU256GABH7LBE47JCW65KB4U-LwpfJz.jpg","datePublished":"2026-03-10T06:41:23+00:00","breadcrumb":{"@id":"https:\/\/impactocastex.com.ar\/?p=12772#breadcrumb"},"inLanguage":"es","potentialAction":[{"@type":"ReadAction","target":["https:\/\/impactocastex.com.ar\/?p=12772"]}]},{"@type":"ImageObject","inLanguage":"es","@id":"https:\/\/impactocastex.com.ar\/?p=12772#primaryimage","url":"https:\/\/impactocastex.com.ar\/wp-content\/uploads\/2026\/03\/6SKU256GABH7LBE47JCW65KB4U-LwpfJz.jpg","contentUrl":"https:\/\/impactocastex.com.ar\/wp-content\/uploads\/2026\/03\/6SKU256GABH7LBE47JCW65KB4U-LwpfJz.jpg","width":749,"height":481},{"@type":"BreadcrumbList","@id":"https:\/\/impactocastex.com.ar\/?p=12772#breadcrumb","itemListElement":[{"@type":"ListItem","position":1,"name":"Portada","item":"https:\/\/impactocastex.com.ar\/"},{"@type":"ListItem","position":2,"name":"Bariloche: un joven de 18 a\u00f1os fue apu\u00f1alado y muri\u00f3 en el centro de la ciudad a plena luz del d\u00eda"}]},{"@type":"WebSite","@id":"https:\/\/impactocastex.com.ar\/#website","url":"https:\/\/impactocastex.com.ar\/","name":"Impacto Castex","description":"","publisher":{"@id":"https:\/\/impactocastex.com.ar\/#organization"},"potentialAction":[{"@type":"SearchAction","target":{"@type":"EntryPoint","urlTemplate":"https:\/\/impactocastex.com.ar\/?s={search_term_string}"},"query-input":{"@type":"PropertyValueSpecification","valueRequired":true,"valueName":"search_term_string"}}],"inLanguage":"es"},{"@type":"Organization","@id":"https:\/\/impactocastex.com.ar\/#organization","name":"Impacto Castex","url":"https:\/\/impactocastex.com.ar\/","logo":{"@type":"ImageObject","inLanguage":"es","@id":"https:\/\/impactocastex.com.ar\/#\/schema\/logo\/image\/","url":"https:\/\/impactocastex.com.ar\/wp-content\/uploads\/2025\/09\/cropped-icoweb.png","contentUrl":"https:\/\/impactocastex.com.ar\/wp-content\/uploads\/2025\/09\/cropped-icoweb.png","width":512,"height":512,"caption":"Impacto Castex"},"image":{"@id":"https:\/\/impactocastex.com.ar\/#\/schema\/logo\/image\/"},"sameAs":["https:\/\/www.facebook.com\/impactocastexdiario","https:\/\/www.instagram.com\/impactocastex.com.ar\/"]},{"@type":"Person","@id":"https:\/\/impactocastex.com.ar\/#\/schema\/person\/86cb4f827fb5f87869a239b98a69c6e3","name":"impactocastex","image":{"@type":"ImageObject","inLanguage":"es","@id":"https:\/\/secure.gravatar.com\/avatar\/9a87ee051ca8c77f5d4070843ce2c78cdf95b858b950fb039151de955122f5f5?s=96&d=mm&r=g","url":"https:\/\/secure.gravatar.com\/avatar\/9a87ee051ca8c77f5d4070843ce2c78cdf95b858b950fb039151de955122f5f5?s=96&d=mm&r=g","contentUrl":"https:\/\/secure.gravatar.com\/avatar\/9a87ee051ca8c77f5d4070843ce2c78cdf95b858b950fb039151de955122f5f5?s=96&d=mm&r=g","caption":"impactocastex"},"sameAs":["https:\/\/impactocastex.com.ar"],"url":"https:\/\/impactocastex.com.ar\/?author=1"}]}},"jetpack_publicize_connections":[],"featured_image_urls":{"full":["https:\/\/impactocastex.com.ar\/wp-content\/uploads\/2026\/03\/6SKU256GABH7LBE47JCW65KB4U-LwpfJz.jpg",749,481,false],"thumbnail":["https:\/\/impactocastex.com.ar\/wp-content\/uploads\/2026\/03\/6SKU256GABH7LBE47JCW65KB4U-LwpfJz-150x150.jpg",150,150,true],"medium":["https:\/\/impactocastex.com.ar\/wp-content\/uploads\/2026\/03\/6SKU256GABH7LBE47JCW65KB4U-LwpfJz-300x193.jpg",300,193,true],"medium_large":["https:\/\/impactocastex.com.ar\/wp-content\/uploads\/2026\/03\/6SKU256GABH7LBE47JCW65KB4U-LwpfJz.jpg",640,411,false],"large":["https:\/\/impactocastex.com.ar\/wp-content\/uploads\/2026\/03\/6SKU256GABH7LBE47JCW65KB4U-LwpfJz.jpg",640,411,false],"1536x1536":["https:\/\/impactocastex.com.ar\/wp-content\/uploads\/2026\/03\/6SKU256GABH7LBE47JCW65KB4U-LwpfJz.jpg",749,481,false],"2048x2048":["https:\/\/impactocastex.com.ar\/wp-content\/uploads\/2026\/03\/6SKU256GABH7LBE47JCW65KB4U-LwpfJz.jpg",749,481,false],"newsever-slider-full":["https:\/\/impactocastex.com.ar\/wp-content\/uploads\/2026\/03\/6SKU256GABH7LBE47JCW65KB4U-LwpfJz.jpg",749,481,false],"newsever-featured":["https:\/\/impactocastex.com.ar\/wp-content\/uploads\/2026\/03\/6SKU256GABH7LBE47JCW65KB4U-LwpfJz.jpg",749,481,false],"newsever-medium":["https:\/\/impactocastex.com.ar\/wp-content\/uploads\/2026\/03\/6SKU256GABH7LBE47JCW65KB4U-LwpfJz-720x475.jpg",720,475,true]},"author_info":{"info":["impactocastex"]},"category_info":"<a href=\"https:\/\/impactocastex.com.ar\/?cat=89\" rel=\"category\">NACIONALES<\/a>","tag_info":"NACIONALES","comment_count":0,"jetpack_featured_media_url":"https:\/\/impactocastex.com.ar\/wp-content\/uploads\/2026\/03\/6SKU256GABH7LBE47JCW65KB4U-LwpfJz.jpg","jetpack_sharing_enabled":true,"jetpack_likes_enabled":true,"jetpack_shortlink":"https:\/\/wp.me\/p7sopA-3k0","_links":{"self":[{"href":"https:\/\/impactocastex.com.ar\/index.php?rest_route=\/wp\/v2\/posts\/12772","targetHints":{"allow":["GET"]}}],"collection":[{"href":"https:\/\/impactocastex.com.ar\/index.php?rest_route=\/wp\/v2\/posts"}],"about":[{"href":"https:\/\/impactocastex.com.ar\/index.php?rest_route=\/wp\/v2\/types\/post"}],"author":[{"embeddable":true,"href":"https:\/\/impactocastex.com.ar\/index.php?rest_route=\/wp\/v2\/users\/1"}],"replies":[{"embeddable":true,"href":"https:\/\/impactocastex.com.ar\/index.php?rest_route=%2Fwp%2Fv2%2Fcomments&post=12772"}],"version-history":[{"count":0,"href":"https:\/\/impactocastex.com.ar\/index.php?rest_route=\/wp\/v2\/posts\/12772\/revisions"}],"wp:featuredmedia":[{"embeddable":true,"href":"https:\/\/impactocastex.com.ar\/index.php?rest_route=\/wp\/v2\/media\/12773"}],"wp:attachment":[{"href":"https:\/\/impactocastex.com.ar\/index.php?rest_route=%2Fwp%2Fv2%2Fmedia&parent=12772"}],"wp:term":[{"taxonomy":"category","embeddable":true,"href":"https:\/\/impactocastex.com.ar\/index.php?rest_route=%2Fwp%2Fv2%2Fcategories&post=12772"},{"taxonomy":"post_tag","embeddable":true,"href":"https:\/\/impactocastex.com.ar\/index.php?rest_route=%2Fwp%2Fv2%2Ftags&post=12772"}],"curies":[{"name":"wp","href":"https:\/\/api.w.org\/{rel}","templated":true}]}}