{"id":12755,"date":"2026-03-09T15:45:31","date_gmt":"2026-03-09T18:45:31","guid":{"rendered":"https:\/\/impactocastex.com.ar\/?p=12755"},"modified":"2026-03-09T15:45:31","modified_gmt":"2026-03-09T18:45:31","slug":"donde-queda-el-castillo-del-siglo-xviii-que-fue-ocupado-en-la-segunda-guerra-mundial-y-ahora-esta-a-la-venta","status":"publish","type":"post","link":"https:\/\/impactocastex.com.ar\/?p=12755","title":{"rendered":"D\u00f3nde queda el castillo del siglo XVIII que fue ocupado en la Segunda Guerra Mundial y ahora est\u00e1 a la venta"},"content":{"rendered":"<p>La firma Emile Garcin<b> <\/b><a href=\"https:\/\/www.lanacion.com.ar\/propiedades\/la-historia-detras-de-este-castillo-del-siglo-xviii-que-esta-en-venta-y-fue-ocupado-en-la-segunda-nid06032026\/\" target=\"_self\" rel=\"\" title=\"https:\/\/www.lanacion.com.ar\/propiedades\/la-historia-detras-de-este-castillo-del-siglo-xviii-que-esta-en-venta-y-fue-ocupado-en-la-segunda-nid06032026\/\"><b>puso a la venta el Ch\u00e2teau de Long<\/b><\/a> por un valor de <b>8.500.000 euros<\/b>. Esta propiedad del a\u00f1o 1733 se localiza en la regi\u00f3n de Alta Francia, a dos horas de distancia de Par\u00eds, posee una superficie de 1500 metros cuadrados y un terreno de 20 hect\u00e1reas en el valle del Somme. El castillo hist\u00f3rico super\u00f3 <b>periodos de abandono<\/b> y una <b>invasi\u00f3n militar extranjera<\/b> durante el siglo XX, pero conserva su arquitectura original y dispone de diez dormitorios junto a salones de estilo rococ\u00f3.<\/p>\n<h1>\u00bfD\u00f3nde se ubica exactamente el Ch\u00e2teau de Long?<\/h1>\n<p>El inmueble se sit\u00faa en el valle del Somme, en las cercan\u00edas de la ciudad de Amiens, a dos horas de Par\u00eds y ofrece una vista directa al r\u00edo Somme canalizado, un entorno natural que rodea la estructura principal y sus dependencias anexas. La propiedad integra el inventario de las <b>residencias m\u00e1s destacadas del patrimonio franc\u00e9s<\/b>. La zona destaca por su tranquilidad y su relevancia hist\u00f3rica dentro del departamento de Somme.<\/p>\n<h1>Historia y origen del Ch\u00e2teau de Long <\/h1>\n<p>Honor\u00e9-Charles de Buissy, se\u00f1or de Long, orden\u00f3 la edificaci\u00f3n en 1733 y proyect\u00f3 el lugar como una <i><b>folie<\/b><\/i><i> <\/i>para el recreo y el prestigio social. El arquitecto <b>Charles-\u00c9tienne Briseux<\/b> dise\u00f1\u00f3 los planos de la residencia, qui\u00e9n utiliz\u00f3 sus propios estudios sobre arquitectura de campo para esta obra. La estructura utiliza ladrillo rosado y piedra blanca en su composici\u00f3n mientras que su techo a la mansarda cubre la parte superior del edificio principal. <\/p>\n<p><img loading=\"lazy\" decoding=\"async\" src=\"https:\/\/resizer.glanacion.com\/resizer\/v2\/XYVGXYTJUREQBB6LK5L2OLKG2Q.JPG?auth=f26799ff7f4994bf8936b82a81d25a2ea04c90756e35beed568c5d35896bc3ab&amp;smart=true&amp;width=2000&amp;height=1333\" alt=\"El castillo del siglo XVIII en el valle del Somme destaca por su fachada de ladrillo rosado y piedra blanca\" height=\"1333\" width=\"2000\" \/><\/p>\n<p>La fachada del frente presenta tres vol\u00famenes con ornamentos florales y una m\u00e1scara de piedra decora la clave del arco principal como s\u00edmbolo de fortaleza, mientras que la fachada posterior mira hacia el este y mantiene una simetr\u00eda rigurosa. El interior del palacio cuenta con <b>diez dormitorios<\/b> y amplias salas de recepci\u00f3n.<\/p>\n<p><img loading=\"lazy\" decoding=\"async\" src=\"https:\/\/resizer.glanacion.com\/resizer\/v2\/5ITKNWAI7JCCHJVMFXIBW2OYVI.JPG?auth=4428145896e564815c6509676f3c446b18bd2bb7aa9fd958c521627b0ee7957a&amp;smart=true&amp;width=1067&amp;height=1333\" alt=\"La propiedad francesa cuenta con un puerto privado y jardines de estilo cl\u00e1sico\" height=\"1333\" width=\"1067\" \/><\/p>\n<p>La propiedad atraves\u00f3 momentos cr\u00edticos durante los conflictos del siglo XX, cuando las tropas alemanas ocuparon las instalaciones durante la <b>Segunda Guerra Mundial<\/b>, una presencia militar que caus\u00f3 da\u00f1os severos en la estructura y el edificio qued\u00f3 en un <b>estado de abandono<\/b> total durante varias d\u00e9cadas posteriores. <\/p>\n<p>El industrial <b>Roger Van Glabeke<\/b> compr\u00f3 la ruina en 1964 y lider\u00f3 una <b>restauraci\u00f3n integral <\/b>de todo el complejo. El trabajo de recuperaci\u00f3n recibi\u00f3 el <b>Gran Premio de Obras Maestras en Peligro<\/b> por su fidelidad hist\u00f3rica. La intervenci\u00f3n devolvi\u00f3 el esplendor a las <b>boiseries<\/b> y los espejos dorados originales. El proyecto respet\u00f3 la traza de 1733 y los elementos simb\u00f3licos de la nobleza. <\/p>\n<figure><video height=\"720\" width=\"1280\" poster=\"https:\/\/cdn.jwplayer.com\/v2\/media\/a1lmxTqc\/poster.jpg?width=1280\" preload=\"none\"><\/video><figcaption>As\u00ed es el Ch\u00e2teau de Long, una propiedad del siglo XVIII que fue ocupada en la Segunda Guerra y hoy est\u00e1 restaurada<\/figcaption><\/figure>\n<h1>Detalles arquitect\u00f3nicos y lujo interior<\/h1>\n<p><b>Pierre de Buissy<\/b>, hijo del fundador, termin\u00f3 la decoraci\u00f3n de los ambientes internos, con la colaboraci\u00f3n del reconocido pintor <b>Jean-Baptiste Huet<\/b> en el dise\u00f1o de los paneles ornamentales. Algunos de estos paneles originales salieron de la propiedad en el pasado y el coleccionista <b>G\u00e9rard de Berny<\/b> recuper\u00f3 las piezas a\u00f1os m\u00e1s tarde y residen actualmente en el <b>Mus\u00e9e de l\u2019H\u00f4tel de Berny<\/b>, en Amiens. <\/p>\n<p><img loading=\"lazy\" decoding=\"async\" src=\"https:\/\/resizer.glanacion.com\/resizer\/v2\/ZFFAYWT52BDDNHZTK24NYAB76Y.JPG?auth=369f5ad4049bc18d25b54cd5b645a9074e309cd7bca107cac90fc17179bbfa40&amp;smart=true&amp;width=1067&amp;height=1333\" alt=\"El interior del Ch\u00e2teau de Long conserva detalles originales del rococ\u00f3 franc\u00e9s.\" height=\"1333\" width=\"1067\" \/><\/p>\n<p>Los salones principales lucen pisos de roble y detalles t\u00edpicos del <b>rococ\u00f3 franc\u00e9s<\/b>. El conjunto edilicio incluye pabellones anexos que una galer\u00eda central conecta entre s\u00ed y un invernadero escalonado desciende en terrazas hacia la orilla del r\u00edo. Los jardines exteriores siguen el estilo franc\u00e9s cl\u00e1sico con estanques y un puerto privado. <\/p>\n<p><i>Este contenido fue producido por un equipo de LA NACION con la asistencia de la IA.<\/i><\/p>\n<p>\u200bConoce la ubicaci\u00f3n y el precio del Ch\u00e2teau de Long, una joya del siglo XVIII que sobrevivi\u00f3 a la Segunda Guerra Mundial y hoy busca due\u00f1o en el mercado inmobiliario franc\u00e9s.\u00a0\u00a0<\/p>","protected":false},"excerpt":{"rendered":"<p>La firma Emile Garcin puso a la venta el Ch\u00e2teau de Long por un valor&#8230;<\/p>\n","protected":false},"author":1,"featured_media":12756,"comment_status":"closed","ping_status":"closed","sticky":false,"template":"","format":"standard","meta":{"_jetpack_memberships_contains_paid_content":false,"footnotes":"","jetpack_publicize_message":"","jetpack_publicize_feature_enabled":true,"jetpack_social_post_already_shared":true,"jetpack_social_options":{"image_generator_settings":{"template":"highway","default_image_id":0,"font":"","enabled":false},"version":2}},"categories":[89],"tags":[],"class_list":["post-12755","post","type-post","status-publish","format-standard","has-post-thumbnail","hentry","category-nacionales"],"yoast_head":"<!-- This site is optimized with the Yoast SEO plugin v27.4 - https:\/\/yoast.com\/product\/yoast-seo-wordpress\/ -->\n<title>D\u00f3nde queda el castillo del siglo XVIII que fue ocupado en la Segunda Guerra Mundial y ahora est\u00e1 a la venta -<\/title>\n<meta name=\"robots\" content=\"index, follow, max-snippet:-1, max-image-preview:large, max-video-preview:-1\" \/>\n<link rel=\"canonical\" href=\"https:\/\/impactocastex.com.ar\/?p=12755\" \/>\n<meta property=\"og:locale\" content=\"es_ES\" \/>\n<meta property=\"og:type\" content=\"article\" \/>\n<meta property=\"og:title\" content=\"D\u00f3nde queda el castillo del siglo XVIII que fue ocupado en la Segunda Guerra Mundial y ahora est\u00e1 a la venta -\" \/>\n<meta property=\"og:description\" content=\"La firma Emile Garcin puso a la venta el Ch\u00e2teau de Long por un valor...\" \/>\n<meta property=\"og:url\" content=\"https:\/\/impactocastex.com.ar\/?p=12755\" \/>\n<meta property=\"article:publisher\" content=\"https:\/\/www.facebook.com\/impactocastexdiario\" \/>\n<meta property=\"article:published_time\" content=\"2026-03-09T18:45:31+00:00\" \/>\n<meta property=\"og:image\" content=\"https:\/\/resizer.glanacion.com\/resizer\/v2\/XYVGXYTJUREQBB6LK5L2OLKG2Q.JPG?auth=f26799ff7f4994bf8936b82a81d25a2ea04c90756e35beed568c5d35896bc3ab&amp;smart=true&amp;width=2000&amp;height=1333\" \/>\n<meta name=\"author\" content=\"impactocastex\" \/>\n<meta name=\"twitter:card\" content=\"summary_large_image\" \/>\n<meta name=\"twitter:label1\" content=\"Escrito por\" \/>\n\t<meta name=\"twitter:data1\" content=\"impactocastex\" \/>\n\t<meta name=\"twitter:label2\" content=\"Tiempo de lectura\" \/>\n\t<meta name=\"twitter:data2\" content=\"3 minutos\" \/>\n<script type=\"application\/ld+json\" class=\"yoast-schema-graph\">{\"@context\":\"https:\\\/\\\/schema.org\",\"@graph\":[{\"@type\":\"Article\",\"@id\":\"https:\\\/\\\/impactocastex.com.ar\\\/?p=12755#article\",\"isPartOf\":{\"@id\":\"https:\\\/\\\/impactocastex.com.ar\\\/?p=12755\"},\"author\":{\"name\":\"impactocastex\",\"@id\":\"https:\\\/\\\/impactocastex.com.ar\\\/#\\\/schema\\\/person\\\/86cb4f827fb5f87869a239b98a69c6e3\"},\"headline\":\"D\u00f3nde queda el castillo del siglo XVIII que fue ocupado en la Segunda Guerra Mundial y ahora est\u00e1 a la venta\",\"datePublished\":\"2026-03-09T18:45:31+00:00\",\"mainEntityOfPage\":{\"@id\":\"https:\\\/\\\/impactocastex.com.ar\\\/?p=12755\"},\"wordCount\":670,\"publisher\":{\"@id\":\"https:\\\/\\\/impactocastex.com.ar\\\/#organization\"},\"image\":{\"@id\":\"https:\\\/\\\/impactocastex.com.ar\\\/?p=12755#primaryimage\"},\"thumbnailUrl\":\"https:\\\/\\\/impactocastex.com.ar\\\/wp-content\\\/uploads\\\/2026\\\/03\\\/7G2YMRWV25ERJFHPOX3IAKDK5U-eCwR1Z.jpg\",\"articleSection\":[\"NACIONALES\"],\"inLanguage\":\"es\"},{\"@type\":\"WebPage\",\"@id\":\"https:\\\/\\\/impactocastex.com.ar\\\/?p=12755\",\"url\":\"https:\\\/\\\/impactocastex.com.ar\\\/?p=12755\",\"name\":\"D\u00f3nde queda el castillo del siglo XVIII que fue ocupado en la Segunda Guerra Mundial y ahora est\u00e1 a la venta -\",\"isPartOf\":{\"@id\":\"https:\\\/\\\/impactocastex.com.ar\\\/#website\"},\"primaryImageOfPage\":{\"@id\":\"https:\\\/\\\/impactocastex.com.ar\\\/?p=12755#primaryimage\"},\"image\":{\"@id\":\"https:\\\/\\\/impactocastex.com.ar\\\/?p=12755#primaryimage\"},\"thumbnailUrl\":\"https:\\\/\\\/impactocastex.com.ar\\\/wp-content\\\/uploads\\\/2026\\\/03\\\/7G2YMRWV25ERJFHPOX3IAKDK5U-eCwR1Z.jpg\",\"datePublished\":\"2026-03-09T18:45:31+00:00\",\"breadcrumb\":{\"@id\":\"https:\\\/\\\/impactocastex.com.ar\\\/?p=12755#breadcrumb\"},\"inLanguage\":\"es\",\"potentialAction\":[{\"@type\":\"ReadAction\",\"target\":[\"https:\\\/\\\/impactocastex.com.ar\\\/?p=12755\"]}]},{\"@type\":\"ImageObject\",\"inLanguage\":\"es\",\"@id\":\"https:\\\/\\\/impactocastex.com.ar\\\/?p=12755#primaryimage\",\"url\":\"https:\\\/\\\/impactocastex.com.ar\\\/wp-content\\\/uploads\\\/2026\\\/03\\\/7G2YMRWV25ERJFHPOX3IAKDK5U-eCwR1Z.jpg\",\"contentUrl\":\"https:\\\/\\\/impactocastex.com.ar\\\/wp-content\\\/uploads\\\/2026\\\/03\\\/7G2YMRWV25ERJFHPOX3IAKDK5U-eCwR1Z.jpg\",\"width\":922,\"height\":692},{\"@type\":\"BreadcrumbList\",\"@id\":\"https:\\\/\\\/impactocastex.com.ar\\\/?p=12755#breadcrumb\",\"itemListElement\":[{\"@type\":\"ListItem\",\"position\":1,\"name\":\"Portada\",\"item\":\"https:\\\/\\\/impactocastex.com.ar\\\/\"},{\"@type\":\"ListItem\",\"position\":2,\"name\":\"D\u00f3nde queda el castillo del siglo XVIII que fue ocupado en la Segunda Guerra Mundial y ahora est\u00e1 a la venta\"}]},{\"@type\":\"WebSite\",\"@id\":\"https:\\\/\\\/impactocastex.com.ar\\\/#website\",\"url\":\"https:\\\/\\\/impactocastex.com.ar\\\/\",\"name\":\"Impacto Castex\",\"description\":\"\",\"publisher\":{\"@id\":\"https:\\\/\\\/impactocastex.com.ar\\\/#organization\"},\"potentialAction\":[{\"@type\":\"SearchAction\",\"target\":{\"@type\":\"EntryPoint\",\"urlTemplate\":\"https:\\\/\\\/impactocastex.com.ar\\\/?s={search_term_string}\"},\"query-input\":{\"@type\":\"PropertyValueSpecification\",\"valueRequired\":true,\"valueName\":\"search_term_string\"}}],\"inLanguage\":\"es\"},{\"@type\":\"Organization\",\"@id\":\"https:\\\/\\\/impactocastex.com.ar\\\/#organization\",\"name\":\"Impacto Castex\",\"url\":\"https:\\\/\\\/impactocastex.com.ar\\\/\",\"logo\":{\"@type\":\"ImageObject\",\"inLanguage\":\"es\",\"@id\":\"https:\\\/\\\/impactocastex.com.ar\\\/#\\\/schema\\\/logo\\\/image\\\/\",\"url\":\"https:\\\/\\\/impactocastex.com.ar\\\/wp-content\\\/uploads\\\/2025\\\/09\\\/cropped-icoweb.png\",\"contentUrl\":\"https:\\\/\\\/impactocastex.com.ar\\\/wp-content\\\/uploads\\\/2025\\\/09\\\/cropped-icoweb.png\",\"width\":512,\"height\":512,\"caption\":\"Impacto Castex\"},\"image\":{\"@id\":\"https:\\\/\\\/impactocastex.com.ar\\\/#\\\/schema\\\/logo\\\/image\\\/\"},\"sameAs\":[\"https:\\\/\\\/www.facebook.com\\\/impactocastexdiario\",\"https:\\\/\\\/www.instagram.com\\\/impactocastex.com.ar\\\/\"]},{\"@type\":\"Person\",\"@id\":\"https:\\\/\\\/impactocastex.com.ar\\\/#\\\/schema\\\/person\\\/86cb4f827fb5f87869a239b98a69c6e3\",\"name\":\"impactocastex\",\"image\":{\"@type\":\"ImageObject\",\"inLanguage\":\"es\",\"@id\":\"https:\\\/\\\/secure.gravatar.com\\\/avatar\\\/9a87ee051ca8c77f5d4070843ce2c78cdf95b858b950fb039151de955122f5f5?s=96&d=mm&r=g\",\"url\":\"https:\\\/\\\/secure.gravatar.com\\\/avatar\\\/9a87ee051ca8c77f5d4070843ce2c78cdf95b858b950fb039151de955122f5f5?s=96&d=mm&r=g\",\"contentUrl\":\"https:\\\/\\\/secure.gravatar.com\\\/avatar\\\/9a87ee051ca8c77f5d4070843ce2c78cdf95b858b950fb039151de955122f5f5?s=96&d=mm&r=g\",\"caption\":\"impactocastex\"},\"sameAs\":[\"https:\\\/\\\/impactocastex.com.ar\"],\"url\":\"https:\\\/\\\/impactocastex.com.ar\\\/?author=1\"}]}<\/script>\n<!-- \/ Yoast SEO plugin. -->","yoast_head_json":{"title":"D\u00f3nde queda el castillo del siglo XVIII que fue ocupado en la Segunda Guerra Mundial y ahora est\u00e1 a la venta -","robots":{"index":"index","follow":"follow","max-snippet":"max-snippet:-1","max-image-preview":"max-image-preview:large","max-video-preview":"max-video-preview:-1"},"canonical":"https:\/\/impactocastex.com.ar\/?p=12755","og_locale":"es_ES","og_type":"article","og_title":"D\u00f3nde queda el castillo del siglo XVIII que fue ocupado en la Segunda Guerra Mundial y ahora est\u00e1 a la venta -","og_description":"La firma Emile Garcin puso a la venta el Ch\u00e2teau de Long por un valor...","og_url":"https:\/\/impactocastex.com.ar\/?p=12755","article_publisher":"https:\/\/www.facebook.com\/impactocastexdiario","article_published_time":"2026-03-09T18:45:31+00:00","og_image":[{"url":"https:\/\/resizer.glanacion.com\/resizer\/v2\/XYVGXYTJUREQBB6LK5L2OLKG2Q.JPG?auth=f26799ff7f4994bf8936b82a81d25a2ea04c90756e35beed568c5d35896bc3ab&amp;smart=true&amp;width=2000&amp;height=1333","type":"","width":"","height":""}],"author":"impactocastex","twitter_card":"summary_large_image","twitter_misc":{"Escrito por":"impactocastex","Tiempo de lectura":"3 minutos"},"schema":{"@context":"https:\/\/schema.org","@graph":[{"@type":"Article","@id":"https:\/\/impactocastex.com.ar\/?p=12755#article","isPartOf":{"@id":"https:\/\/impactocastex.com.ar\/?p=12755"},"author":{"name":"impactocastex","@id":"https:\/\/impactocastex.com.ar\/#\/schema\/person\/86cb4f827fb5f87869a239b98a69c6e3"},"headline":"D\u00f3nde queda el castillo del siglo XVIII que fue ocupado en la Segunda Guerra Mundial y ahora est\u00e1 a la venta","datePublished":"2026-03-09T18:45:31+00:00","mainEntityOfPage":{"@id":"https:\/\/impactocastex.com.ar\/?p=12755"},"wordCount":670,"publisher":{"@id":"https:\/\/impactocastex.com.ar\/#organization"},"image":{"@id":"https:\/\/impactocastex.com.ar\/?p=12755#primaryimage"},"thumbnailUrl":"https:\/\/impactocastex.com.ar\/wp-content\/uploads\/2026\/03\/7G2YMRWV25ERJFHPOX3IAKDK5U-eCwR1Z.jpg","articleSection":["NACIONALES"],"inLanguage":"es"},{"@type":"WebPage","@id":"https:\/\/impactocastex.com.ar\/?p=12755","url":"https:\/\/impactocastex.com.ar\/?p=12755","name":"D\u00f3nde queda el castillo del siglo XVIII que fue ocupado en la Segunda Guerra Mundial y ahora est\u00e1 a la venta -","isPartOf":{"@id":"https:\/\/impactocastex.com.ar\/#website"},"primaryImageOfPage":{"@id":"https:\/\/impactocastex.com.ar\/?p=12755#primaryimage"},"image":{"@id":"https:\/\/impactocastex.com.ar\/?p=12755#primaryimage"},"thumbnailUrl":"https:\/\/impactocastex.com.ar\/wp-content\/uploads\/2026\/03\/7G2YMRWV25ERJFHPOX3IAKDK5U-eCwR1Z.jpg","datePublished":"2026-03-09T18:45:31+00:00","breadcrumb":{"@id":"https:\/\/impactocastex.com.ar\/?p=12755#breadcrumb"},"inLanguage":"es","potentialAction":[{"@type":"ReadAction","target":["https:\/\/impactocastex.com.ar\/?p=12755"]}]},{"@type":"ImageObject","inLanguage":"es","@id":"https:\/\/impactocastex.com.ar\/?p=12755#primaryimage","url":"https:\/\/impactocastex.com.ar\/wp-content\/uploads\/2026\/03\/7G2YMRWV25ERJFHPOX3IAKDK5U-eCwR1Z.jpg","contentUrl":"https:\/\/impactocastex.com.ar\/wp-content\/uploads\/2026\/03\/7G2YMRWV25ERJFHPOX3IAKDK5U-eCwR1Z.jpg","width":922,"height":692},{"@type":"BreadcrumbList","@id":"https:\/\/impactocastex.com.ar\/?p=12755#breadcrumb","itemListElement":[{"@type":"ListItem","position":1,"name":"Portada","item":"https:\/\/impactocastex.com.ar\/"},{"@type":"ListItem","position":2,"name":"D\u00f3nde queda el castillo del siglo XVIII que fue ocupado en la Segunda Guerra Mundial y ahora est\u00e1 a la venta"}]},{"@type":"WebSite","@id":"https:\/\/impactocastex.com.ar\/#website","url":"https:\/\/impactocastex.com.ar\/","name":"Impacto Castex","description":"","publisher":{"@id":"https:\/\/impactocastex.com.ar\/#organization"},"potentialAction":[{"@type":"SearchAction","target":{"@type":"EntryPoint","urlTemplate":"https:\/\/impactocastex.com.ar\/?s={search_term_string}"},"query-input":{"@type":"PropertyValueSpecification","valueRequired":true,"valueName":"search_term_string"}}],"inLanguage":"es"},{"@type":"Organization","@id":"https:\/\/impactocastex.com.ar\/#organization","name":"Impacto Castex","url":"https:\/\/impactocastex.com.ar\/","logo":{"@type":"ImageObject","inLanguage":"es","@id":"https:\/\/impactocastex.com.ar\/#\/schema\/logo\/image\/","url":"https:\/\/impactocastex.com.ar\/wp-content\/uploads\/2025\/09\/cropped-icoweb.png","contentUrl":"https:\/\/impactocastex.com.ar\/wp-content\/uploads\/2025\/09\/cropped-icoweb.png","width":512,"height":512,"caption":"Impacto Castex"},"image":{"@id":"https:\/\/impactocastex.com.ar\/#\/schema\/logo\/image\/"},"sameAs":["https:\/\/www.facebook.com\/impactocastexdiario","https:\/\/www.instagram.com\/impactocastex.com.ar\/"]},{"@type":"Person","@id":"https:\/\/impactocastex.com.ar\/#\/schema\/person\/86cb4f827fb5f87869a239b98a69c6e3","name":"impactocastex","image":{"@type":"ImageObject","inLanguage":"es","@id":"https:\/\/secure.gravatar.com\/avatar\/9a87ee051ca8c77f5d4070843ce2c78cdf95b858b950fb039151de955122f5f5?s=96&d=mm&r=g","url":"https:\/\/secure.gravatar.com\/avatar\/9a87ee051ca8c77f5d4070843ce2c78cdf95b858b950fb039151de955122f5f5?s=96&d=mm&r=g","contentUrl":"https:\/\/secure.gravatar.com\/avatar\/9a87ee051ca8c77f5d4070843ce2c78cdf95b858b950fb039151de955122f5f5?s=96&d=mm&r=g","caption":"impactocastex"},"sameAs":["https:\/\/impactocastex.com.ar"],"url":"https:\/\/impactocastex.com.ar\/?author=1"}]}},"jetpack_publicize_connections":[],"featured_image_urls":{"full":["https:\/\/impactocastex.com.ar\/wp-content\/uploads\/2026\/03\/7G2YMRWV25ERJFHPOX3IAKDK5U-eCwR1Z.jpg",922,692,false],"thumbnail":["https:\/\/impactocastex.com.ar\/wp-content\/uploads\/2026\/03\/7G2YMRWV25ERJFHPOX3IAKDK5U-eCwR1Z-150x150.jpg",150,150,true],"medium":["https:\/\/impactocastex.com.ar\/wp-content\/uploads\/2026\/03\/7G2YMRWV25ERJFHPOX3IAKDK5U-eCwR1Z-300x225.jpg",300,225,true],"medium_large":["https:\/\/impactocastex.com.ar\/wp-content\/uploads\/2026\/03\/7G2YMRWV25ERJFHPOX3IAKDK5U-eCwR1Z-768x576.jpg",640,480,true],"large":["https:\/\/impactocastex.com.ar\/wp-content\/uploads\/2026\/03\/7G2YMRWV25ERJFHPOX3IAKDK5U-eCwR1Z.jpg",640,480,false],"1536x1536":["https:\/\/impactocastex.com.ar\/wp-content\/uploads\/2026\/03\/7G2YMRWV25ERJFHPOX3IAKDK5U-eCwR1Z.jpg",922,692,false],"2048x2048":["https:\/\/impactocastex.com.ar\/wp-content\/uploads\/2026\/03\/7G2YMRWV25ERJFHPOX3IAKDK5U-eCwR1Z.jpg",922,692,false],"newsever-slider-full":["https:\/\/impactocastex.com.ar\/wp-content\/uploads\/2026\/03\/7G2YMRWV25ERJFHPOX3IAKDK5U-eCwR1Z.jpg",922,692,false],"newsever-featured":["https:\/\/impactocastex.com.ar\/wp-content\/uploads\/2026\/03\/7G2YMRWV25ERJFHPOX3IAKDK5U-eCwR1Z.jpg",922,692,false],"newsever-medium":["https:\/\/impactocastex.com.ar\/wp-content\/uploads\/2026\/03\/7G2YMRWV25ERJFHPOX3IAKDK5U-eCwR1Z-720x475.jpg",720,475,true]},"author_info":{"info":["impactocastex"]},"category_info":"<a href=\"https:\/\/impactocastex.com.ar\/?cat=89\" rel=\"category\">NACIONALES<\/a>","tag_info":"NACIONALES","comment_count":0,"jetpack_featured_media_url":"https:\/\/impactocastex.com.ar\/wp-content\/uploads\/2026\/03\/7G2YMRWV25ERJFHPOX3IAKDK5U-eCwR1Z.jpg","jetpack_sharing_enabled":true,"jetpack_likes_enabled":true,"jetpack_shortlink":"https:\/\/wp.me\/p7sopA-3jJ","_links":{"self":[{"href":"https:\/\/impactocastex.com.ar\/index.php?rest_route=\/wp\/v2\/posts\/12755","targetHints":{"allow":["GET"]}}],"collection":[{"href":"https:\/\/impactocastex.com.ar\/index.php?rest_route=\/wp\/v2\/posts"}],"about":[{"href":"https:\/\/impactocastex.com.ar\/index.php?rest_route=\/wp\/v2\/types\/post"}],"author":[{"embeddable":true,"href":"https:\/\/impactocastex.com.ar\/index.php?rest_route=\/wp\/v2\/users\/1"}],"replies":[{"embeddable":true,"href":"https:\/\/impactocastex.com.ar\/index.php?rest_route=%2Fwp%2Fv2%2Fcomments&post=12755"}],"version-history":[{"count":0,"href":"https:\/\/impactocastex.com.ar\/index.php?rest_route=\/wp\/v2\/posts\/12755\/revisions"}],"wp:featuredmedia":[{"embeddable":true,"href":"https:\/\/impactocastex.com.ar\/index.php?rest_route=\/wp\/v2\/media\/12756"}],"wp:attachment":[{"href":"https:\/\/impactocastex.com.ar\/index.php?rest_route=%2Fwp%2Fv2%2Fmedia&parent=12755"}],"wp:term":[{"taxonomy":"category","embeddable":true,"href":"https:\/\/impactocastex.com.ar\/index.php?rest_route=%2Fwp%2Fv2%2Fcategories&post=12755"},{"taxonomy":"post_tag","embeddable":true,"href":"https:\/\/impactocastex.com.ar\/index.php?rest_route=%2Fwp%2Fv2%2Ftags&post=12755"}],"curies":[{"name":"wp","href":"https:\/\/api.w.org\/{rel}","templated":true}]}}