{"id":12752,"date":"2026-03-09T09:16:18","date_gmt":"2026-03-09T12:16:18","guid":{"rendered":"https:\/\/impactocastex.com.ar\/?p=12752"},"modified":"2026-03-09T09:16:20","modified_gmt":"2026-03-09T12:16:20","slug":"debate-por-la-edad-de-imputabilidad-si-un-menor-llega-a-la-justicia-penal-es-porque-el-resto-fallo","status":"publish","type":"post","link":"https:\/\/impactocastex.com.ar\/?p=12752","title":{"rendered":"Debate por la edad de imputabilidad: \u201cSi un menor llega a la justicia penal es porque el resto fall\u00f3\u201d"},"content":{"rendered":"\n<p>La discusi\u00f3n sobre la baja de la edad de imputabilidad fue un tema de agenda nacional que tambi\u00e9n resuena en la provincia de La Pampa. En su paso por los micr\u00f3fonos de INFOPICO RADIO 99.9, el juez de audiencia de General Pico, Federico Pellegrino, aport\u00f3 una mirada profunda sobre la delincuencia juvenil, advirtiendo que el enfoque no debe centrarse \u00fanicamente en el castigo, sino en las graves fallas estructurales del Estado y en la falta de herramientas para la reinserci\u00f3n social.<\/p>\n\n\n\n<h3 class=\"wp-block-heading\">La capacidad de comprensi\u00f3n de los j\u00f3venes actuales<\/h3>\n\n\n\n<p>Al ser consultado sobre si est\u00e1 de acuerdo con bajar la edad a partir de la cual un menor puede ser juzgado (previo a la sanci\u00f3n de la ley reciente), Pellegrino reconoci\u00f3 que existe una corriente internacional en ese sentido y que la realidad de los adolescentes ha cambiado dr\u00e1sticamente.<\/p>\n\n\n\n<p>\u201cHoy un ni\u00f1o de 14 a\u00f1os tiene mucha m\u00e1s informaci\u00f3n, mucho m\u00e1s conocimiento y mucha m\u00e1s vinculaci\u00f3n con la realidad que nosotros a esa edad. Maneja redes sociales entre otras cosas; entonces, desde el punto de vista de la capacidad, s\u00ed puede ser que haya acuerdo en bajar la edad de imputabilidad\u201d, analiz\u00f3 el magistrado. Sin embargo, r\u00e1pidamente advirti\u00f3 que esa es solo la superficie de un problema mucho m\u00e1s complejo.<\/p>\n\n\n\n<h3 class=\"wp-block-heading\">Las fallas previas al delito<\/h3>\n\n\n\n<p>Para el juez local, el verdadero debate debe enfocarse en las etapas previas a la comisi\u00f3n de un il\u00edcito. \u201cSi el menor llega a la justicia penal es porque un mont\u00f3n de organizaciones e instituciones han fallado\u201d, sentenci\u00f3 Pellegrino.<\/p>\n\n\n\n<p>En este sentido, hizo hincapi\u00e9 en la necesidad de fortalecer las pol\u00edticas de prevenci\u00f3n antes de pensar exclusivamente en el accionar punitivo. \u201cPrestemos atenci\u00f3n antes de que el ni\u00f1o llegue al delito. Brindemos las herramientas, tengamos apoyo, hagamos asistencia y acompa\u00f1amiento. Una vez que lleg\u00f3 a la justicia penal, es porque el resto fall\u00f3\u201d, reflexion\u00f3.<\/p>\n\n\n\n<h3 class=\"wp-block-heading\">El d\u00eda despu\u00e9s de la condena: hacinamiento y falta de reinserci\u00f3n<\/h3>\n\n\n\n<p>El otro gran interrogante que plante\u00f3 el juez de audiencia tiene que ver con el destino de los menores una vez que el sistema judicial los encuentra culpables. \u201c\u00bfQu\u00e9 hacemos cuando lo condenamos? \u00bfA d\u00f3nde lo mandamos? Bajar la edad por bajarla simplemente no cambia el tema, el punto es d\u00f3nde vamos a trabajar con ellos\u201d, cuestion\u00f3.<\/p>\n\n\n\n<p>Pellegrino fue crudo al describir la realidad de los lugares de detenci\u00f3n, desmitificando la idea de que los delincuentes no sufren las consecuencias de sus actos. \u201cLas condiciones de detenci\u00f3n no son nunca muy buenas, est\u00e1n hacinados y se sufre mucho, se la pasa realmente mal\u201d, asegur\u00f3. A su vez, remarc\u00f3 que, al estar en comisar\u00edas o lugares con sobrepoblaci\u00f3n, es \u201cimposible aplicar todo el sistema de progresividad de la pena para ganar beneficios\u201d o lograr una verdadera resociabilizaci\u00f3n.<\/p>\n\n\n\n<h3 class=\"wp-block-heading\">El ciclo de la delincuencia juvenil en General Pico<\/h3>\n\n\n\n<p>Aterrizando la problem\u00e1tica a la ciudad, el magistrado confirm\u00f3 que la gran mayor\u00eda de la delincuencia local es protagonizada por j\u00f3venes que rara vez superan los 30 a\u00f1os. Muchos de ellos ingresan en un c\u00edrculo vicioso donde van agotando instancias legales \u2014como el principio de oportunidad o las penas en suspenso\u2014 hasta que terminan tras las rejas por delitos que, en apariencia, podr\u00edan parecer menores, pero que se agravan por el uso de armas o la reincidencia.<\/p>\n\n\n\n<p>Para graficar esta situaci\u00f3n, el juez record\u00f3 un caso particular: \u201cUn chico rob\u00f3 con un rev\u00f3lver en una despensa y se llev\u00f3 un paquete de caramelos y 500 pesos. Como ya ten\u00eda 18 a\u00f1os y hab\u00eda sido condenado en una oportunidad, lo conden\u00e9 a 5 a\u00f1os, que es el m\u00ednimo del delito. Ya no ten\u00eda otras opciones\u201d. Este tipo de ejemplos, seg\u00fan Pellegrino, demuestra c\u00f3mo el sistema termina acorralando a j\u00f3venes que no encontraron un freno ni una alternativa a tiempo.<\/p>\n\n\n\n<p>infopico.<\/p>\n","protected":false},"excerpt":{"rendered":"<p>La discusi\u00f3n sobre la baja de la edad de imputabilidad fue un tema de agenda&#8230;<\/p>\n","protected":false},"author":2,"featured_media":12753,"comment_status":"closed","ping_status":"closed","sticky":false,"template":"","format":"standard","meta":{"_jetpack_memberships_contains_paid_content":false,"footnotes":"","jetpack_publicize_message":"Debate por la edad de imputabilidad: \u201cSi un menor llega a la justicia penal es porque el resto fall\u00f3\u201d","jetpack_publicize_feature_enabled":true,"jetpack_social_post_already_shared":false,"jetpack_social_options":{"image_generator_settings":{"template":"highway","default_image_id":0,"font":"","enabled":false},"version":2}},"categories":[83,85],"tags":[],"class_list":["post-12752","post","type-post","status-publish","format-standard","has-post-thumbnail","hentry","category-la-pampa","category-policiales"],"yoast_head":"<!-- This site is optimized with the Yoast SEO plugin v27.4 - https:\/\/yoast.com\/product\/yoast-seo-wordpress\/ -->\n<title>Debate por la edad de imputabilidad: \u201cSi un menor llega a la justicia penal es porque el resto fall\u00f3\u201d -<\/title>\n<meta name=\"robots\" content=\"index, follow, max-snippet:-1, max-image-preview:large, max-video-preview:-1\" \/>\n<link rel=\"canonical\" href=\"https:\/\/impactocastex.com.ar\/?p=12752\" \/>\n<meta property=\"og:locale\" content=\"es_ES\" \/>\n<meta property=\"og:type\" content=\"article\" \/>\n<meta property=\"og:title\" content=\"Debate por la edad de imputabilidad: \u201cSi un menor llega a la justicia penal es porque el resto fall\u00f3\u201d -\" \/>\n<meta property=\"og:description\" content=\"La discusi\u00f3n sobre la baja de la edad de imputabilidad fue un tema de agenda...\" \/>\n<meta property=\"og:url\" content=\"https:\/\/impactocastex.com.ar\/?p=12752\" \/>\n<meta property=\"article:publisher\" content=\"https:\/\/www.facebook.com\/impactocastexdiario\" \/>\n<meta property=\"article:published_time\" content=\"2026-03-09T12:16:18+00:00\" \/>\n<meta property=\"article:modified_time\" content=\"2026-03-09T12:16:20+00:00\" \/>\n<meta property=\"og:image\" content=\"https:\/\/impactocastex.com.ar\/wp-content\/uploads\/2026\/03\/Sala-de-audiencia-Tribunales-General-Pico-Tribunales-piquenses-1.jpeg\" \/>\n\t<meta property=\"og:image:width\" content=\"1280\" \/>\n\t<meta property=\"og:image:height\" content=\"853\" \/>\n\t<meta property=\"og:image:type\" content=\"image\/jpeg\" \/>\n<meta name=\"author\" content=\"impactocastex\" \/>\n<meta name=\"twitter:card\" content=\"summary_large_image\" \/>\n<meta name=\"twitter:label1\" content=\"Escrito por\" \/>\n\t<meta name=\"twitter:data1\" content=\"impactocastex\" \/>\n\t<meta name=\"twitter:label2\" content=\"Tiempo de lectura\" \/>\n\t<meta name=\"twitter:data2\" content=\"4 minutos\" \/>\n<script type=\"application\/ld+json\" class=\"yoast-schema-graph\">{\"@context\":\"https:\\\/\\\/schema.org\",\"@graph\":[{\"@type\":\"Article\",\"@id\":\"https:\\\/\\\/impactocastex.com.ar\\\/?p=12752#article\",\"isPartOf\":{\"@id\":\"https:\\\/\\\/impactocastex.com.ar\\\/?p=12752\"},\"author\":{\"name\":\"impactocastex\",\"@id\":\"https:\\\/\\\/impactocastex.com.ar\\\/#\\\/schema\\\/person\\\/c115028fb60f9bf49ce7550894b84ea7\"},\"headline\":\"Debate por la edad de imputabilidad: \u201cSi un menor llega a la justicia penal es porque el resto fall\u00f3\u201d\",\"datePublished\":\"2026-03-09T12:16:18+00:00\",\"dateModified\":\"2026-03-09T12:16:20+00:00\",\"mainEntityOfPage\":{\"@id\":\"https:\\\/\\\/impactocastex.com.ar\\\/?p=12752\"},\"wordCount\":690,\"publisher\":{\"@id\":\"https:\\\/\\\/impactocastex.com.ar\\\/#organization\"},\"image\":{\"@id\":\"https:\\\/\\\/impactocastex.com.ar\\\/?p=12752#primaryimage\"},\"thumbnailUrl\":\"https:\\\/\\\/impactocastex.com.ar\\\/wp-content\\\/uploads\\\/2026\\\/03\\\/Sala-de-audiencia-Tribunales-General-Pico-Tribunales-piquenses-1.jpeg\",\"articleSection\":[\"LA PAMPA\",\"POLICIALES\"],\"inLanguage\":\"es\"},{\"@type\":\"WebPage\",\"@id\":\"https:\\\/\\\/impactocastex.com.ar\\\/?p=12752\",\"url\":\"https:\\\/\\\/impactocastex.com.ar\\\/?p=12752\",\"name\":\"Debate por la edad de imputabilidad: \u201cSi un menor llega a la justicia penal es porque el resto fall\u00f3\u201d -\",\"isPartOf\":{\"@id\":\"https:\\\/\\\/impactocastex.com.ar\\\/#website\"},\"primaryImageOfPage\":{\"@id\":\"https:\\\/\\\/impactocastex.com.ar\\\/?p=12752#primaryimage\"},\"image\":{\"@id\":\"https:\\\/\\\/impactocastex.com.ar\\\/?p=12752#primaryimage\"},\"thumbnailUrl\":\"https:\\\/\\\/impactocastex.com.ar\\\/wp-content\\\/uploads\\\/2026\\\/03\\\/Sala-de-audiencia-Tribunales-General-Pico-Tribunales-piquenses-1.jpeg\",\"datePublished\":\"2026-03-09T12:16:18+00:00\",\"dateModified\":\"2026-03-09T12:16:20+00:00\",\"breadcrumb\":{\"@id\":\"https:\\\/\\\/impactocastex.com.ar\\\/?p=12752#breadcrumb\"},\"inLanguage\":\"es\",\"potentialAction\":[{\"@type\":\"ReadAction\",\"target\":[\"https:\\\/\\\/impactocastex.com.ar\\\/?p=12752\"]}]},{\"@type\":\"ImageObject\",\"inLanguage\":\"es\",\"@id\":\"https:\\\/\\\/impactocastex.com.ar\\\/?p=12752#primaryimage\",\"url\":\"https:\\\/\\\/impactocastex.com.ar\\\/wp-content\\\/uploads\\\/2026\\\/03\\\/Sala-de-audiencia-Tribunales-General-Pico-Tribunales-piquenses-1.jpeg\",\"contentUrl\":\"https:\\\/\\\/impactocastex.com.ar\\\/wp-content\\\/uploads\\\/2026\\\/03\\\/Sala-de-audiencia-Tribunales-General-Pico-Tribunales-piquenses-1.jpeg\",\"width\":1280,\"height\":853},{\"@type\":\"BreadcrumbList\",\"@id\":\"https:\\\/\\\/impactocastex.com.ar\\\/?p=12752#breadcrumb\",\"itemListElement\":[{\"@type\":\"ListItem\",\"position\":1,\"name\":\"Portada\",\"item\":\"https:\\\/\\\/impactocastex.com.ar\\\/\"},{\"@type\":\"ListItem\",\"position\":2,\"name\":\"Debate por la edad de imputabilidad: \u201cSi un menor llega a la justicia penal es porque el resto fall\u00f3\u201d\"}]},{\"@type\":\"WebSite\",\"@id\":\"https:\\\/\\\/impactocastex.com.ar\\\/#website\",\"url\":\"https:\\\/\\\/impactocastex.com.ar\\\/\",\"name\":\"Impacto Castex\",\"description\":\"\",\"publisher\":{\"@id\":\"https:\\\/\\\/impactocastex.com.ar\\\/#organization\"},\"potentialAction\":[{\"@type\":\"SearchAction\",\"target\":{\"@type\":\"EntryPoint\",\"urlTemplate\":\"https:\\\/\\\/impactocastex.com.ar\\\/?s={search_term_string}\"},\"query-input\":{\"@type\":\"PropertyValueSpecification\",\"valueRequired\":true,\"valueName\":\"search_term_string\"}}],\"inLanguage\":\"es\"},{\"@type\":\"Organization\",\"@id\":\"https:\\\/\\\/impactocastex.com.ar\\\/#organization\",\"name\":\"Impacto Castex\",\"url\":\"https:\\\/\\\/impactocastex.com.ar\\\/\",\"logo\":{\"@type\":\"ImageObject\",\"inLanguage\":\"es\",\"@id\":\"https:\\\/\\\/impactocastex.com.ar\\\/#\\\/schema\\\/logo\\\/image\\\/\",\"url\":\"https:\\\/\\\/impactocastex.com.ar\\\/wp-content\\\/uploads\\\/2025\\\/09\\\/cropped-icoweb.png\",\"contentUrl\":\"https:\\\/\\\/impactocastex.com.ar\\\/wp-content\\\/uploads\\\/2025\\\/09\\\/cropped-icoweb.png\",\"width\":512,\"height\":512,\"caption\":\"Impacto Castex\"},\"image\":{\"@id\":\"https:\\\/\\\/impactocastex.com.ar\\\/#\\\/schema\\\/logo\\\/image\\\/\"},\"sameAs\":[\"https:\\\/\\\/www.facebook.com\\\/impactocastexdiario\",\"https:\\\/\\\/www.instagram.com\\\/impactocastex.com.ar\\\/\"]},{\"@type\":\"Person\",\"@id\":\"https:\\\/\\\/impactocastex.com.ar\\\/#\\\/schema\\\/person\\\/c115028fb60f9bf49ce7550894b84ea7\",\"name\":\"impactocastex\",\"image\":{\"@type\":\"ImageObject\",\"inLanguage\":\"es\",\"@id\":\"https:\\\/\\\/secure.gravatar.com\\\/avatar\\\/fee87e7af008f02e9becdc0b5a9fd4a2e79b3918a571edeacb62211704637833?s=96&d=mm&r=g\",\"url\":\"https:\\\/\\\/secure.gravatar.com\\\/avatar\\\/fee87e7af008f02e9becdc0b5a9fd4a2e79b3918a571edeacb62211704637833?s=96&d=mm&r=g\",\"contentUrl\":\"https:\\\/\\\/secure.gravatar.com\\\/avatar\\\/fee87e7af008f02e9becdc0b5a9fd4a2e79b3918a571edeacb62211704637833?s=96&d=mm&r=g\",\"caption\":\"impactocastex\"},\"sameAs\":[\"https:\\\/\\\/impactocastex.com.ar\\\/\"],\"url\":\"https:\\\/\\\/impactocastex.com.ar\\\/?author=2\"}]}<\/script>\n<!-- \/ Yoast SEO plugin. -->","yoast_head_json":{"title":"Debate por la edad de imputabilidad: \u201cSi un menor llega a la justicia penal es porque el resto fall\u00f3\u201d -","robots":{"index":"index","follow":"follow","max-snippet":"max-snippet:-1","max-image-preview":"max-image-preview:large","max-video-preview":"max-video-preview:-1"},"canonical":"https:\/\/impactocastex.com.ar\/?p=12752","og_locale":"es_ES","og_type":"article","og_title":"Debate por la edad de imputabilidad: \u201cSi un menor llega a la justicia penal es porque el resto fall\u00f3\u201d -","og_description":"La discusi\u00f3n sobre la baja de la edad de imputabilidad fue un tema de agenda...","og_url":"https:\/\/impactocastex.com.ar\/?p=12752","article_publisher":"https:\/\/www.facebook.com\/impactocastexdiario","article_published_time":"2026-03-09T12:16:18+00:00","article_modified_time":"2026-03-09T12:16:20+00:00","og_image":[{"width":1280,"height":853,"url":"https:\/\/impactocastex.com.ar\/wp-content\/uploads\/2026\/03\/Sala-de-audiencia-Tribunales-General-Pico-Tribunales-piquenses-1.jpeg","type":"image\/jpeg"}],"author":"impactocastex","twitter_card":"summary_large_image","twitter_misc":{"Escrito por":"impactocastex","Tiempo de lectura":"4 minutos"},"schema":{"@context":"https:\/\/schema.org","@graph":[{"@type":"Article","@id":"https:\/\/impactocastex.com.ar\/?p=12752#article","isPartOf":{"@id":"https:\/\/impactocastex.com.ar\/?p=12752"},"author":{"name":"impactocastex","@id":"https:\/\/impactocastex.com.ar\/#\/schema\/person\/c115028fb60f9bf49ce7550894b84ea7"},"headline":"Debate por la edad de imputabilidad: \u201cSi un menor llega a la justicia penal es porque el resto fall\u00f3\u201d","datePublished":"2026-03-09T12:16:18+00:00","dateModified":"2026-03-09T12:16:20+00:00","mainEntityOfPage":{"@id":"https:\/\/impactocastex.com.ar\/?p=12752"},"wordCount":690,"publisher":{"@id":"https:\/\/impactocastex.com.ar\/#organization"},"image":{"@id":"https:\/\/impactocastex.com.ar\/?p=12752#primaryimage"},"thumbnailUrl":"https:\/\/impactocastex.com.ar\/wp-content\/uploads\/2026\/03\/Sala-de-audiencia-Tribunales-General-Pico-Tribunales-piquenses-1.jpeg","articleSection":["LA PAMPA","POLICIALES"],"inLanguage":"es"},{"@type":"WebPage","@id":"https:\/\/impactocastex.com.ar\/?p=12752","url":"https:\/\/impactocastex.com.ar\/?p=12752","name":"Debate por la edad de imputabilidad: \u201cSi un menor llega a la justicia penal es porque el resto fall\u00f3\u201d -","isPartOf":{"@id":"https:\/\/impactocastex.com.ar\/#website"},"primaryImageOfPage":{"@id":"https:\/\/impactocastex.com.ar\/?p=12752#primaryimage"},"image":{"@id":"https:\/\/impactocastex.com.ar\/?p=12752#primaryimage"},"thumbnailUrl":"https:\/\/impactocastex.com.ar\/wp-content\/uploads\/2026\/03\/Sala-de-audiencia-Tribunales-General-Pico-Tribunales-piquenses-1.jpeg","datePublished":"2026-03-09T12:16:18+00:00","dateModified":"2026-03-09T12:16:20+00:00","breadcrumb":{"@id":"https:\/\/impactocastex.com.ar\/?p=12752#breadcrumb"},"inLanguage":"es","potentialAction":[{"@type":"ReadAction","target":["https:\/\/impactocastex.com.ar\/?p=12752"]}]},{"@type":"ImageObject","inLanguage":"es","@id":"https:\/\/impactocastex.com.ar\/?p=12752#primaryimage","url":"https:\/\/impactocastex.com.ar\/wp-content\/uploads\/2026\/03\/Sala-de-audiencia-Tribunales-General-Pico-Tribunales-piquenses-1.jpeg","contentUrl":"https:\/\/impactocastex.com.ar\/wp-content\/uploads\/2026\/03\/Sala-de-audiencia-Tribunales-General-Pico-Tribunales-piquenses-1.jpeg","width":1280,"height":853},{"@type":"BreadcrumbList","@id":"https:\/\/impactocastex.com.ar\/?p=12752#breadcrumb","itemListElement":[{"@type":"ListItem","position":1,"name":"Portada","item":"https:\/\/impactocastex.com.ar\/"},{"@type":"ListItem","position":2,"name":"Debate por la edad de imputabilidad: \u201cSi un menor llega a la justicia penal es porque el resto fall\u00f3\u201d"}]},{"@type":"WebSite","@id":"https:\/\/impactocastex.com.ar\/#website","url":"https:\/\/impactocastex.com.ar\/","name":"Impacto Castex","description":"","publisher":{"@id":"https:\/\/impactocastex.com.ar\/#organization"},"potentialAction":[{"@type":"SearchAction","target":{"@type":"EntryPoint","urlTemplate":"https:\/\/impactocastex.com.ar\/?s={search_term_string}"},"query-input":{"@type":"PropertyValueSpecification","valueRequired":true,"valueName":"search_term_string"}}],"inLanguage":"es"},{"@type":"Organization","@id":"https:\/\/impactocastex.com.ar\/#organization","name":"Impacto Castex","url":"https:\/\/impactocastex.com.ar\/","logo":{"@type":"ImageObject","inLanguage":"es","@id":"https:\/\/impactocastex.com.ar\/#\/schema\/logo\/image\/","url":"https:\/\/impactocastex.com.ar\/wp-content\/uploads\/2025\/09\/cropped-icoweb.png","contentUrl":"https:\/\/impactocastex.com.ar\/wp-content\/uploads\/2025\/09\/cropped-icoweb.png","width":512,"height":512,"caption":"Impacto Castex"},"image":{"@id":"https:\/\/impactocastex.com.ar\/#\/schema\/logo\/image\/"},"sameAs":["https:\/\/www.facebook.com\/impactocastexdiario","https:\/\/www.instagram.com\/impactocastex.com.ar\/"]},{"@type":"Person","@id":"https:\/\/impactocastex.com.ar\/#\/schema\/person\/c115028fb60f9bf49ce7550894b84ea7","name":"impactocastex","image":{"@type":"ImageObject","inLanguage":"es","@id":"https:\/\/secure.gravatar.com\/avatar\/fee87e7af008f02e9becdc0b5a9fd4a2e79b3918a571edeacb62211704637833?s=96&d=mm&r=g","url":"https:\/\/secure.gravatar.com\/avatar\/fee87e7af008f02e9becdc0b5a9fd4a2e79b3918a571edeacb62211704637833?s=96&d=mm&r=g","contentUrl":"https:\/\/secure.gravatar.com\/avatar\/fee87e7af008f02e9becdc0b5a9fd4a2e79b3918a571edeacb62211704637833?s=96&d=mm&r=g","caption":"impactocastex"},"sameAs":["https:\/\/impactocastex.com.ar\/"],"url":"https:\/\/impactocastex.com.ar\/?author=2"}]}},"jetpack_publicize_connections":[],"featured_image_urls":{"full":["https:\/\/impactocastex.com.ar\/wp-content\/uploads\/2026\/03\/Sala-de-audiencia-Tribunales-General-Pico-Tribunales-piquenses-1.jpeg",1280,853,false],"thumbnail":["https:\/\/impactocastex.com.ar\/wp-content\/uploads\/2026\/03\/Sala-de-audiencia-Tribunales-General-Pico-Tribunales-piquenses-1-150x150.jpeg",150,150,true],"medium":["https:\/\/impactocastex.com.ar\/wp-content\/uploads\/2026\/03\/Sala-de-audiencia-Tribunales-General-Pico-Tribunales-piquenses-1-300x200.jpeg",300,200,true],"medium_large":["https:\/\/impactocastex.com.ar\/wp-content\/uploads\/2026\/03\/Sala-de-audiencia-Tribunales-General-Pico-Tribunales-piquenses-1-768x512.jpeg",640,427,true],"large":["https:\/\/impactocastex.com.ar\/wp-content\/uploads\/2026\/03\/Sala-de-audiencia-Tribunales-General-Pico-Tribunales-piquenses-1-1024x682.jpeg",640,426,true],"1536x1536":["https:\/\/impactocastex.com.ar\/wp-content\/uploads\/2026\/03\/Sala-de-audiencia-Tribunales-General-Pico-Tribunales-piquenses-1.jpeg",1280,853,false],"2048x2048":["https:\/\/impactocastex.com.ar\/wp-content\/uploads\/2026\/03\/Sala-de-audiencia-Tribunales-General-Pico-Tribunales-piquenses-1.jpeg",1280,853,false],"newsever-slider-full":["https:\/\/impactocastex.com.ar\/wp-content\/uploads\/2026\/03\/Sala-de-audiencia-Tribunales-General-Pico-Tribunales-piquenses-1-1280x845.jpeg",1280,845,true],"newsever-featured":["https:\/\/impactocastex.com.ar\/wp-content\/uploads\/2026\/03\/Sala-de-audiencia-Tribunales-General-Pico-Tribunales-piquenses-1-1024x682.jpeg",1024,682,true],"newsever-medium":["https:\/\/impactocastex.com.ar\/wp-content\/uploads\/2026\/03\/Sala-de-audiencia-Tribunales-General-Pico-Tribunales-piquenses-1-720x475.jpeg",720,475,true]},"author_info":{"info":["impactocastex"]},"category_info":"<a href=\"https:\/\/impactocastex.com.ar\/?cat=83\" rel=\"category\">LA PAMPA<\/a> <a href=\"https:\/\/impactocastex.com.ar\/?cat=85\" rel=\"category\">POLICIALES<\/a>","tag_info":"POLICIALES","comment_count":0,"jetpack_featured_media_url":"https:\/\/impactocastex.com.ar\/wp-content\/uploads\/2026\/03\/Sala-de-audiencia-Tribunales-General-Pico-Tribunales-piquenses-1.jpeg","jetpack_sharing_enabled":true,"jetpack_likes_enabled":true,"jetpack_shortlink":"https:\/\/wp.me\/p7sopA-3jG","_links":{"self":[{"href":"https:\/\/impactocastex.com.ar\/index.php?rest_route=\/wp\/v2\/posts\/12752","targetHints":{"allow":["GET"]}}],"collection":[{"href":"https:\/\/impactocastex.com.ar\/index.php?rest_route=\/wp\/v2\/posts"}],"about":[{"href":"https:\/\/impactocastex.com.ar\/index.php?rest_route=\/wp\/v2\/types\/post"}],"author":[{"embeddable":true,"href":"https:\/\/impactocastex.com.ar\/index.php?rest_route=\/wp\/v2\/users\/2"}],"replies":[{"embeddable":true,"href":"https:\/\/impactocastex.com.ar\/index.php?rest_route=%2Fwp%2Fv2%2Fcomments&post=12752"}],"version-history":[{"count":1,"href":"https:\/\/impactocastex.com.ar\/index.php?rest_route=\/wp\/v2\/posts\/12752\/revisions"}],"predecessor-version":[{"id":12754,"href":"https:\/\/impactocastex.com.ar\/index.php?rest_route=\/wp\/v2\/posts\/12752\/revisions\/12754"}],"wp:featuredmedia":[{"embeddable":true,"href":"https:\/\/impactocastex.com.ar\/index.php?rest_route=\/wp\/v2\/media\/12753"}],"wp:attachment":[{"href":"https:\/\/impactocastex.com.ar\/index.php?rest_route=%2Fwp%2Fv2%2Fmedia&parent=12752"}],"wp:term":[{"taxonomy":"category","embeddable":true,"href":"https:\/\/impactocastex.com.ar\/index.php?rest_route=%2Fwp%2Fv2%2Fcategories&post=12752"},{"taxonomy":"post_tag","embeddable":true,"href":"https:\/\/impactocastex.com.ar\/index.php?rest_route=%2Fwp%2Fv2%2Ftags&post=12752"}],"curies":[{"name":"wp","href":"https:\/\/api.w.org\/{rel}","templated":true}]}}