{"id":12726,"date":"2026-03-09T08:33:30","date_gmt":"2026-03-09T11:33:30","guid":{"rendered":"https:\/\/impactocastex.com.ar\/?p=12726"},"modified":"2026-03-09T08:33:32","modified_gmt":"2026-03-09T11:33:32","slug":"la-convivencia-pampeana-y-un-tormentoso-chisporroteo","status":"publish","type":"post","link":"https:\/\/impactocastex.com.ar\/?p=12726","title":{"rendered":"La convivencia pampeana y un tormentoso chisporroteo"},"content":{"rendered":"\n<p>Los mensajes legislativos local y provincial,\u00a0<strong>a la altura de las circunstancias\u00a0<\/strong>y muy por encima del estilo agresivo y vergonzoso del presidente; s\u00ed qued\u00f3 a la luz un\u00a0<strong>enfrentamiento vinculado con los fondos para atender la reconstrucci\u00f3n\u00a0<\/strong>de Santa Rosa tras el temporal.<\/p>\n\n\n\n<p>La apertura de sesiones legislativas dej\u00f3, al menos en el plano institucional, una&nbsp;<strong>se\u00f1al saludable para la pol\u00edtica pampeana<\/strong>.<\/p>\n\n\n\n<p>El gobernador&nbsp;<strong>Sergio Ziliotto&nbsp;<\/strong>inaugur\u00f3 el per\u00edodo ordinario en la&nbsp;<strong>C\u00e1mara de Diputados y Diputadas&nbsp;<\/strong>con un discurso equilibrado, en el que volvi\u00f3 a marcar diferencias con el gobierno nacional, pero sin clausurar la posibilidad de di\u00e1logo cuando se trata de defender&nbsp;<strong>los intereses de La Pampa<\/strong>.<\/p>\n\n\n\n<p>En su mensaje, el mandatario traz\u00f3 un panorama de la situaci\u00f3n econ\u00f3mica y social de la provincia, enumer\u00f3 las principales l\u00edneas de acci\u00f3n de su gesti\u00f3n y anticip\u00f3 apuestas orientadas a\u00a0<strong>fortalecer el perfil productivo pampeano<\/strong>.<\/p>\n\n\n\n<p>Tambi\u00e9n volvi\u00f3 a poner sobre la mesa un dato central del presente argentino:&nbsp;<strong>la dificultad de sostener un v\u00ednculo razonable con una administraci\u00f3n nacional que avanza sobre el federalismo<\/strong>, retiene de manera ileg\u00edtima recursos que corresponden a las provincias y mantiene paralizada la obra p\u00fablica, con el consiguiente deterioro en la calidad de vida de buena parte de la poblaci\u00f3n.<\/p>\n\n\n\n<p>En ese repaso, adem\u00e1s, qued\u00f3 expuesta&nbsp;<strong>una l\u00ednea de conducta que la gesti\u00f3n provincial viene sosteniendo desde hace tiempo<\/strong>: la de asumir una posici\u00f3n cr\u00edtica frente a las decisiones del poder central, pero evitando caer en un escenario de ruptura total que termine perjudicando a la propia ciudadan\u00eda.<\/p>\n\n\n\n<p>No se trata de resignar reclamos ni de suavizar cuestionamientos, sino de mantener una actitud pol\u00edtica que no confunda firmeza con estridencia, ni defensa de los intereses pampeanos con sobreactuaciones de tribuna.<\/p>\n\n\n\n<p>Ese equilibrio, en el contexto actual, tiene un valor adicional.&nbsp;<strong>La relaci\u00f3n entre Naci\u00f3n y provincias atraviesa uno de sus momentos m\u00e1s \u00e1speros<\/strong>, no solo por el recorte de recursos y la paralizaci\u00f3n de obras, sino tambi\u00e9n por el tono elegido desde la Casa Rosada para disciplinar, confrontar o desacreditar a quienes piensan distinto.<\/p>\n\n\n\n<p>En ese paisaje, una voz que plantea diferencias con claridad, pero sin dinamitar todos los puentes, aparece como una forma de ejercer responsabilidad institucional.<\/p>\n\n\n\n<p>Ziliotto no apel\u00f3 a grandes gestos ni a recursos grandilocuentes.&nbsp;<strong>No es, de todos modos, un dirigente identificado por la \u00e9pica discursiva ni por las oratorias floridas.&nbsp;<\/strong>En tiempos de estridencia permanente, esa sobriedad adquiere valor.<\/p>\n\n\n\n<p>M\u00e1s todav\u00eda cuando se la contrasta con el tono que domina la escena nacional, donde&nbsp;<strong>el presidente Javier Milei insiste en una construcci\u00f3n pol\u00edtica basada en el agravio, el insulto y la provocaci\u00f3n<\/strong>, como si el ejercicio del poder pudiera reducirse a un espect\u00e1culo de agresividad.<\/p>\n\n\n\n<p>En ese marco, el discurso del gobernador pampeano se enaltece no tanto por su brillo ret\u00f3rico, sino por lo que expresa en t\u00e9rminos institucionales. Hubo respeto por los \u00e1mbitos republicanos, reconocimiento del rol opositor y una nueva&nbsp;<strong>muestra de una convivencia pol\u00edtica que, con tensiones y matices, sigue distinguiendo a La Pampa en el contexto nacional<\/strong>.<\/p>\n\n\n\n<p>No es poco. En un pa\u00eds donde desde la cima del poder se naturaliza el maltrato y la confrontaci\u00f3n sin l\u00edmites, que una apertura legislativa transcurra en t\u00e9rminos de racionalidad, firmeza y respeto tambi\u00e9n merece ser contado como una buena noticia.<\/p>\n\n\n\n<p><strong>\u2026y una de arena\u2026<\/strong><\/p>\n\n\n\n<p><strong>Con un tono general de respeto y sin apartarse de las formas, el intendente Luciano di N\u00e1poli&nbsp;<\/strong>aprovech\u00f3 su mensaje ante el Concejo Deliberante para exponer con claridad&nbsp;<strong>una queja de fondo hacia el gobierno provincial<\/strong>: la falta de ayuda, seg\u00fan su planteo, para afrontar la reconstrucci\u00f3n de la ciudad despu\u00e9s de la devastadora tormenta del 18 de febrero.<\/p>\n\n\n\n<figure class=\"wp-block-image\"><img decoding=\"async\" src=\"https:\/\/www.eldiariodelapampa.com.ar\/\/img\/publicaciones\/2026\/03\/09\/alta\/885306-t.jpg\" alt=\"\" \/><\/figure>\n\n\n\n<p>En ese punto, la apertura de sesiones en Santa Rosa dej\u00f3&nbsp;<strong>una se\u00f1al menos auspiciosa en el plano pol\u00edtico e institucional<\/strong>.<\/p>\n\n\n\n<p>El planteo no pas\u00f3 inadvertido, entre otras cosas porque no se limit\u00f3 a una expresi\u00f3n de malestar o a una menci\u00f3n lateral.&nbsp;<strong>Di N\u00e1poli le puso cifra concreta a esa ausencia de respaldo, al sostener que Santa Rosa necesita $3.000 millones<\/strong>, y a\u00f1adi\u00f3 un dato de fuerte impacto pol\u00edtico: ante esa negativa, buscar\u00e1 gestionar recursos en oficinas del gobierno nacional.<\/p>\n\n\n\n<p>La combinaci\u00f3n de esos elementos convirti\u00f3 su discurso en algo m\u00e1s que una exposici\u00f3n de gesti\u00f3n o un balance administrativo. Lo transform\u00f3, tambi\u00e9n, en una evidencia pol\u00edtica de alto voltaje.<\/p>\n\n\n\n<p>Cierto malestar ya se pod\u00eda percibir cuando&nbsp;<strong>el gobernador Sergio Ziliotto ni siquiera incluy\u00f3 en su mensaje una referencia a la tormenta&nbsp;<\/strong>que golpe\u00f3 a la capital pampeana con una violencia in\u00e9dita.<\/p>\n\n\n\n<p>Esa ausencia result\u00f3 llamativa por la magnitud del episodio y por las consecuencias materiales que dej\u00f3 en la ciudad, en un contexto en el que la reconstrucci\u00f3n todav\u00eda exige esfuerzos extraordinarios. Sobre ese vac\u00edo discursivo se mont\u00f3 luego la respuesta del intendente, con una contundencia que hizo todav\u00eda m\u00e1s visible la tensi\u00f3n.<\/p>\n\n\n\n<p><strong>Es l\u00f3gico, desde luego, que cada autoridad defienda los intereses del territorio que gobierna del modo que considere m\u00e1s conveniente<\/strong>. Tambi\u00e9n es comprensible que un intendente reclame asistencia cuando entiende que la magnitud de una emergencia supera la capacidad de respuesta municipal.<\/p>\n\n\n\n<p>Pero una cosa es la defensa de una gesti\u00f3n y otra, distinta, el efecto pol\u00edtico que producen&nbsp;<strong>el momento, el escenario y la forma&nbsp;<\/strong>elegida para exteriorizar una disputa de esta dimensi\u00f3n.<\/p>\n\n\n\n<p>Por otro lado, no es ning\u00fan secreto que&nbsp;<strong>di N\u00e1poli tiene ambiciones leg\u00edtimas de posicionarse como posible candidato a gobernador&nbsp;<\/strong>de la provincia.<\/p>\n\n\n\n<p>Pero cuando quienes quedan expuestos en ese contrapunto son nada menos que el gobernador y el intendente de la capital,&nbsp;<strong>el ruido excede lo coyuntural y adquiere una densidad institucional inevitable<\/strong>. No se trata solo de una diferencia por fondos o de una discusi\u00f3n administrativa. Lo que asoma es una confrontaci\u00f3n entre dos figuras de peso, con responsabilidades centrales y tambi\u00e9n con proyecci\u00f3n, en un momento que acaso reclamaba mayores se\u00f1ales de articulaci\u00f3n que de distancia.<\/p>\n\n\n\n<p>Claro que,&nbsp;<strong>en comparaci\u00f3n con el espect\u00e1culo ofrecido por Javier Milei en el Congreso, cargado de agresividad, desprecio institucional e impunidad verbal, lo ocurrido en La Pampa se mantuvo dentro de m\u00e1rgenes de racionalidad y respeto<\/strong>.<\/p>\n\n\n\n<p>Pero ese contraste, aun siendo v\u00e1lido, no alcanza para volver saludable un chisporroteo p\u00fablico de semejante envergadura. Cuando la tensi\u00f3n escala entre dirigentes que deber\u00edan dar muestras de coordinaci\u00f3n ante una crisis, la se\u00f1al que se emite genera&nbsp;<strong>m\u00e1s inquietud que confianza<\/strong>.<\/p>\n\n\n\n<p>eldiariodelapampa<\/p>\n","protected":false},"excerpt":{"rendered":"<p>Los mensajes legislativos local y provincial,\u00a0a la altura de las circunstancias\u00a0y muy por encima del&#8230;<\/p>\n","protected":false},"author":2,"featured_media":12727,"comment_status":"closed","ping_status":"closed","sticky":false,"template":"","format":"standard","meta":{"_jetpack_memberships_contains_paid_content":false,"footnotes":"","jetpack_publicize_message":"La convivencia pampeana y un tormentoso chisporroteo","jetpack_publicize_feature_enabled":true,"jetpack_social_post_already_shared":false,"jetpack_social_options":{"image_generator_settings":{"template":"highway","default_image_id":0,"font":"","enabled":false},"version":2}},"categories":[83,85],"tags":[],"class_list":["post-12726","post","type-post","status-publish","format-standard","has-post-thumbnail","hentry","category-la-pampa","category-policiales"],"yoast_head":"<!-- This site is optimized with the Yoast SEO plugin v27.4 - https:\/\/yoast.com\/product\/yoast-seo-wordpress\/ -->\n<title>La convivencia pampeana y un tormentoso chisporroteo -<\/title>\n<meta name=\"robots\" content=\"index, follow, max-snippet:-1, max-image-preview:large, max-video-preview:-1\" \/>\n<link rel=\"canonical\" href=\"https:\/\/impactocastex.com.ar\/?p=12726\" \/>\n<meta property=\"og:locale\" content=\"es_ES\" \/>\n<meta property=\"og:type\" content=\"article\" \/>\n<meta property=\"og:title\" content=\"La convivencia pampeana y un tormentoso chisporroteo -\" \/>\n<meta property=\"og:description\" content=\"Los mensajes legislativos local y provincial,\u00a0a la altura de las circunstancias\u00a0y muy por encima del...\" \/>\n<meta property=\"og:url\" content=\"https:\/\/impactocastex.com.ar\/?p=12726\" \/>\n<meta property=\"article:publisher\" content=\"https:\/\/www.facebook.com\/impactocastexdiario\" \/>\n<meta property=\"article:published_time\" content=\"2026-03-09T11:33:30+00:00\" \/>\n<meta property=\"article:modified_time\" content=\"2026-03-09T11:33:32+00:00\" \/>\n<meta property=\"og:image\" content=\"https:\/\/impactocastex.com.ar\/wp-content\/uploads\/2026\/03\/2137044.webp\" \/>\n\t<meta property=\"og:image:width\" content=\"1200\" \/>\n\t<meta property=\"og:image:height\" content=\"631\" \/>\n\t<meta property=\"og:image:type\" content=\"image\/webp\" \/>\n<meta name=\"author\" content=\"impactocastex\" \/>\n<meta name=\"twitter:card\" content=\"summary_large_image\" \/>\n<meta name=\"twitter:label1\" content=\"Escrito por\" \/>\n\t<meta name=\"twitter:data1\" content=\"impactocastex\" \/>\n\t<meta name=\"twitter:label2\" content=\"Tiempo de lectura\" \/>\n\t<meta name=\"twitter:data2\" content=\"6 minutos\" \/>\n<script type=\"application\/ld+json\" class=\"yoast-schema-graph\">{\"@context\":\"https:\\\/\\\/schema.org\",\"@graph\":[{\"@type\":\"Article\",\"@id\":\"https:\\\/\\\/impactocastex.com.ar\\\/?p=12726#article\",\"isPartOf\":{\"@id\":\"https:\\\/\\\/impactocastex.com.ar\\\/?p=12726\"},\"author\":{\"name\":\"impactocastex\",\"@id\":\"https:\\\/\\\/impactocastex.com.ar\\\/#\\\/schema\\\/person\\\/c115028fb60f9bf49ce7550894b84ea7\"},\"headline\":\"La convivencia pampeana y un tormentoso chisporroteo\",\"datePublished\":\"2026-03-09T11:33:30+00:00\",\"dateModified\":\"2026-03-09T11:33:32+00:00\",\"mainEntityOfPage\":{\"@id\":\"https:\\\/\\\/impactocastex.com.ar\\\/?p=12726\"},\"wordCount\":1177,\"publisher\":{\"@id\":\"https:\\\/\\\/impactocastex.com.ar\\\/#organization\"},\"image\":{\"@id\":\"https:\\\/\\\/impactocastex.com.ar\\\/?p=12726#primaryimage\"},\"thumbnailUrl\":\"https:\\\/\\\/impactocastex.com.ar\\\/wp-content\\\/uploads\\\/2026\\\/03\\\/2137044.webp\",\"articleSection\":[\"LA PAMPA\",\"POLICIALES\"],\"inLanguage\":\"es\"},{\"@type\":\"WebPage\",\"@id\":\"https:\\\/\\\/impactocastex.com.ar\\\/?p=12726\",\"url\":\"https:\\\/\\\/impactocastex.com.ar\\\/?p=12726\",\"name\":\"La convivencia pampeana y un tormentoso chisporroteo -\",\"isPartOf\":{\"@id\":\"https:\\\/\\\/impactocastex.com.ar\\\/#website\"},\"primaryImageOfPage\":{\"@id\":\"https:\\\/\\\/impactocastex.com.ar\\\/?p=12726#primaryimage\"},\"image\":{\"@id\":\"https:\\\/\\\/impactocastex.com.ar\\\/?p=12726#primaryimage\"},\"thumbnailUrl\":\"https:\\\/\\\/impactocastex.com.ar\\\/wp-content\\\/uploads\\\/2026\\\/03\\\/2137044.webp\",\"datePublished\":\"2026-03-09T11:33:30+00:00\",\"dateModified\":\"2026-03-09T11:33:32+00:00\",\"breadcrumb\":{\"@id\":\"https:\\\/\\\/impactocastex.com.ar\\\/?p=12726#breadcrumb\"},\"inLanguage\":\"es\",\"potentialAction\":[{\"@type\":\"ReadAction\",\"target\":[\"https:\\\/\\\/impactocastex.com.ar\\\/?p=12726\"]}]},{\"@type\":\"ImageObject\",\"inLanguage\":\"es\",\"@id\":\"https:\\\/\\\/impactocastex.com.ar\\\/?p=12726#primaryimage\",\"url\":\"https:\\\/\\\/impactocastex.com.ar\\\/wp-content\\\/uploads\\\/2026\\\/03\\\/2137044.webp\",\"contentUrl\":\"https:\\\/\\\/impactocastex.com.ar\\\/wp-content\\\/uploads\\\/2026\\\/03\\\/2137044.webp\",\"width\":1200,\"height\":631},{\"@type\":\"BreadcrumbList\",\"@id\":\"https:\\\/\\\/impactocastex.com.ar\\\/?p=12726#breadcrumb\",\"itemListElement\":[{\"@type\":\"ListItem\",\"position\":1,\"name\":\"Portada\",\"item\":\"https:\\\/\\\/impactocastex.com.ar\\\/\"},{\"@type\":\"ListItem\",\"position\":2,\"name\":\"La convivencia pampeana y un tormentoso chisporroteo\"}]},{\"@type\":\"WebSite\",\"@id\":\"https:\\\/\\\/impactocastex.com.ar\\\/#website\",\"url\":\"https:\\\/\\\/impactocastex.com.ar\\\/\",\"name\":\"Impacto Castex\",\"description\":\"\",\"publisher\":{\"@id\":\"https:\\\/\\\/impactocastex.com.ar\\\/#organization\"},\"potentialAction\":[{\"@type\":\"SearchAction\",\"target\":{\"@type\":\"EntryPoint\",\"urlTemplate\":\"https:\\\/\\\/impactocastex.com.ar\\\/?s={search_term_string}\"},\"query-input\":{\"@type\":\"PropertyValueSpecification\",\"valueRequired\":true,\"valueName\":\"search_term_string\"}}],\"inLanguage\":\"es\"},{\"@type\":\"Organization\",\"@id\":\"https:\\\/\\\/impactocastex.com.ar\\\/#organization\",\"name\":\"Impacto Castex\",\"url\":\"https:\\\/\\\/impactocastex.com.ar\\\/\",\"logo\":{\"@type\":\"ImageObject\",\"inLanguage\":\"es\",\"@id\":\"https:\\\/\\\/impactocastex.com.ar\\\/#\\\/schema\\\/logo\\\/image\\\/\",\"url\":\"https:\\\/\\\/impactocastex.com.ar\\\/wp-content\\\/uploads\\\/2025\\\/09\\\/cropped-icoweb.png\",\"contentUrl\":\"https:\\\/\\\/impactocastex.com.ar\\\/wp-content\\\/uploads\\\/2025\\\/09\\\/cropped-icoweb.png\",\"width\":512,\"height\":512,\"caption\":\"Impacto Castex\"},\"image\":{\"@id\":\"https:\\\/\\\/impactocastex.com.ar\\\/#\\\/schema\\\/logo\\\/image\\\/\"},\"sameAs\":[\"https:\\\/\\\/www.facebook.com\\\/impactocastexdiario\",\"https:\\\/\\\/www.instagram.com\\\/impactocastex.com.ar\\\/\"]},{\"@type\":\"Person\",\"@id\":\"https:\\\/\\\/impactocastex.com.ar\\\/#\\\/schema\\\/person\\\/c115028fb60f9bf49ce7550894b84ea7\",\"name\":\"impactocastex\",\"image\":{\"@type\":\"ImageObject\",\"inLanguage\":\"es\",\"@id\":\"https:\\\/\\\/secure.gravatar.com\\\/avatar\\\/fee87e7af008f02e9becdc0b5a9fd4a2e79b3918a571edeacb62211704637833?s=96&d=mm&r=g\",\"url\":\"https:\\\/\\\/secure.gravatar.com\\\/avatar\\\/fee87e7af008f02e9becdc0b5a9fd4a2e79b3918a571edeacb62211704637833?s=96&d=mm&r=g\",\"contentUrl\":\"https:\\\/\\\/secure.gravatar.com\\\/avatar\\\/fee87e7af008f02e9becdc0b5a9fd4a2e79b3918a571edeacb62211704637833?s=96&d=mm&r=g\",\"caption\":\"impactocastex\"},\"sameAs\":[\"https:\\\/\\\/impactocastex.com.ar\\\/\"],\"url\":\"https:\\\/\\\/impactocastex.com.ar\\\/?author=2\"}]}<\/script>\n<!-- \/ Yoast SEO plugin. -->","yoast_head_json":{"title":"La convivencia pampeana y un tormentoso chisporroteo -","robots":{"index":"index","follow":"follow","max-snippet":"max-snippet:-1","max-image-preview":"max-image-preview:large","max-video-preview":"max-video-preview:-1"},"canonical":"https:\/\/impactocastex.com.ar\/?p=12726","og_locale":"es_ES","og_type":"article","og_title":"La convivencia pampeana y un tormentoso chisporroteo -","og_description":"Los mensajes legislativos local y provincial,\u00a0a la altura de las circunstancias\u00a0y muy por encima del...","og_url":"https:\/\/impactocastex.com.ar\/?p=12726","article_publisher":"https:\/\/www.facebook.com\/impactocastexdiario","article_published_time":"2026-03-09T11:33:30+00:00","article_modified_time":"2026-03-09T11:33:32+00:00","og_image":[{"width":1200,"height":631,"url":"https:\/\/impactocastex.com.ar\/wp-content\/uploads\/2026\/03\/2137044.webp","type":"image\/webp"}],"author":"impactocastex","twitter_card":"summary_large_image","twitter_misc":{"Escrito por":"impactocastex","Tiempo de lectura":"6 minutos"},"schema":{"@context":"https:\/\/schema.org","@graph":[{"@type":"Article","@id":"https:\/\/impactocastex.com.ar\/?p=12726#article","isPartOf":{"@id":"https:\/\/impactocastex.com.ar\/?p=12726"},"author":{"name":"impactocastex","@id":"https:\/\/impactocastex.com.ar\/#\/schema\/person\/c115028fb60f9bf49ce7550894b84ea7"},"headline":"La convivencia pampeana y un tormentoso chisporroteo","datePublished":"2026-03-09T11:33:30+00:00","dateModified":"2026-03-09T11:33:32+00:00","mainEntityOfPage":{"@id":"https:\/\/impactocastex.com.ar\/?p=12726"},"wordCount":1177,"publisher":{"@id":"https:\/\/impactocastex.com.ar\/#organization"},"image":{"@id":"https:\/\/impactocastex.com.ar\/?p=12726#primaryimage"},"thumbnailUrl":"https:\/\/impactocastex.com.ar\/wp-content\/uploads\/2026\/03\/2137044.webp","articleSection":["LA PAMPA","POLICIALES"],"inLanguage":"es"},{"@type":"WebPage","@id":"https:\/\/impactocastex.com.ar\/?p=12726","url":"https:\/\/impactocastex.com.ar\/?p=12726","name":"La convivencia pampeana y un tormentoso chisporroteo -","isPartOf":{"@id":"https:\/\/impactocastex.com.ar\/#website"},"primaryImageOfPage":{"@id":"https:\/\/impactocastex.com.ar\/?p=12726#primaryimage"},"image":{"@id":"https:\/\/impactocastex.com.ar\/?p=12726#primaryimage"},"thumbnailUrl":"https:\/\/impactocastex.com.ar\/wp-content\/uploads\/2026\/03\/2137044.webp","datePublished":"2026-03-09T11:33:30+00:00","dateModified":"2026-03-09T11:33:32+00:00","breadcrumb":{"@id":"https:\/\/impactocastex.com.ar\/?p=12726#breadcrumb"},"inLanguage":"es","potentialAction":[{"@type":"ReadAction","target":["https:\/\/impactocastex.com.ar\/?p=12726"]}]},{"@type":"ImageObject","inLanguage":"es","@id":"https:\/\/impactocastex.com.ar\/?p=12726#primaryimage","url":"https:\/\/impactocastex.com.ar\/wp-content\/uploads\/2026\/03\/2137044.webp","contentUrl":"https:\/\/impactocastex.com.ar\/wp-content\/uploads\/2026\/03\/2137044.webp","width":1200,"height":631},{"@type":"BreadcrumbList","@id":"https:\/\/impactocastex.com.ar\/?p=12726#breadcrumb","itemListElement":[{"@type":"ListItem","position":1,"name":"Portada","item":"https:\/\/impactocastex.com.ar\/"},{"@type":"ListItem","position":2,"name":"La convivencia pampeana y un tormentoso chisporroteo"}]},{"@type":"WebSite","@id":"https:\/\/impactocastex.com.ar\/#website","url":"https:\/\/impactocastex.com.ar\/","name":"Impacto Castex","description":"","publisher":{"@id":"https:\/\/impactocastex.com.ar\/#organization"},"potentialAction":[{"@type":"SearchAction","target":{"@type":"EntryPoint","urlTemplate":"https:\/\/impactocastex.com.ar\/?s={search_term_string}"},"query-input":{"@type":"PropertyValueSpecification","valueRequired":true,"valueName":"search_term_string"}}],"inLanguage":"es"},{"@type":"Organization","@id":"https:\/\/impactocastex.com.ar\/#organization","name":"Impacto Castex","url":"https:\/\/impactocastex.com.ar\/","logo":{"@type":"ImageObject","inLanguage":"es","@id":"https:\/\/impactocastex.com.ar\/#\/schema\/logo\/image\/","url":"https:\/\/impactocastex.com.ar\/wp-content\/uploads\/2025\/09\/cropped-icoweb.png","contentUrl":"https:\/\/impactocastex.com.ar\/wp-content\/uploads\/2025\/09\/cropped-icoweb.png","width":512,"height":512,"caption":"Impacto Castex"},"image":{"@id":"https:\/\/impactocastex.com.ar\/#\/schema\/logo\/image\/"},"sameAs":["https:\/\/www.facebook.com\/impactocastexdiario","https:\/\/www.instagram.com\/impactocastex.com.ar\/"]},{"@type":"Person","@id":"https:\/\/impactocastex.com.ar\/#\/schema\/person\/c115028fb60f9bf49ce7550894b84ea7","name":"impactocastex","image":{"@type":"ImageObject","inLanguage":"es","@id":"https:\/\/secure.gravatar.com\/avatar\/fee87e7af008f02e9becdc0b5a9fd4a2e79b3918a571edeacb62211704637833?s=96&d=mm&r=g","url":"https:\/\/secure.gravatar.com\/avatar\/fee87e7af008f02e9becdc0b5a9fd4a2e79b3918a571edeacb62211704637833?s=96&d=mm&r=g","contentUrl":"https:\/\/secure.gravatar.com\/avatar\/fee87e7af008f02e9becdc0b5a9fd4a2e79b3918a571edeacb62211704637833?s=96&d=mm&r=g","caption":"impactocastex"},"sameAs":["https:\/\/impactocastex.com.ar\/"],"url":"https:\/\/impactocastex.com.ar\/?author=2"}]}},"jetpack_publicize_connections":[],"featured_image_urls":{"full":["https:\/\/impactocastex.com.ar\/wp-content\/uploads\/2026\/03\/2137044.webp",1200,631,false],"thumbnail":["https:\/\/impactocastex.com.ar\/wp-content\/uploads\/2026\/03\/2137044-150x150.webp",150,150,true],"medium":["https:\/\/impactocastex.com.ar\/wp-content\/uploads\/2026\/03\/2137044-300x158.webp",300,158,true],"medium_large":["https:\/\/impactocastex.com.ar\/wp-content\/uploads\/2026\/03\/2137044-768x404.webp",640,337,true],"large":["https:\/\/impactocastex.com.ar\/wp-content\/uploads\/2026\/03\/2137044-1024x538.webp",640,336,true],"1536x1536":["https:\/\/impactocastex.com.ar\/wp-content\/uploads\/2026\/03\/2137044.webp",1200,631,false],"2048x2048":["https:\/\/impactocastex.com.ar\/wp-content\/uploads\/2026\/03\/2137044.webp",1200,631,false],"newsever-slider-full":["https:\/\/impactocastex.com.ar\/wp-content\/uploads\/2026\/03\/2137044.webp",1200,631,false],"newsever-featured":["https:\/\/impactocastex.com.ar\/wp-content\/uploads\/2026\/03\/2137044-1024x538.webp",1024,538,true],"newsever-medium":["https:\/\/impactocastex.com.ar\/wp-content\/uploads\/2026\/03\/2137044-720x475.webp",720,475,true]},"author_info":{"info":["impactocastex"]},"category_info":"<a href=\"https:\/\/impactocastex.com.ar\/?cat=83\" rel=\"category\">LA PAMPA<\/a> <a href=\"https:\/\/impactocastex.com.ar\/?cat=85\" rel=\"category\">POLICIALES<\/a>","tag_info":"POLICIALES","comment_count":0,"jetpack_featured_media_url":"https:\/\/impactocastex.com.ar\/wp-content\/uploads\/2026\/03\/2137044.webp","jetpack_sharing_enabled":true,"jetpack_likes_enabled":true,"jetpack_shortlink":"https:\/\/wp.me\/p7sopA-3jg","_links":{"self":[{"href":"https:\/\/impactocastex.com.ar\/index.php?rest_route=\/wp\/v2\/posts\/12726","targetHints":{"allow":["GET"]}}],"collection":[{"href":"https:\/\/impactocastex.com.ar\/index.php?rest_route=\/wp\/v2\/posts"}],"about":[{"href":"https:\/\/impactocastex.com.ar\/index.php?rest_route=\/wp\/v2\/types\/post"}],"author":[{"embeddable":true,"href":"https:\/\/impactocastex.com.ar\/index.php?rest_route=\/wp\/v2\/users\/2"}],"replies":[{"embeddable":true,"href":"https:\/\/impactocastex.com.ar\/index.php?rest_route=%2Fwp%2Fv2%2Fcomments&post=12726"}],"version-history":[{"count":1,"href":"https:\/\/impactocastex.com.ar\/index.php?rest_route=\/wp\/v2\/posts\/12726\/revisions"}],"predecessor-version":[{"id":12728,"href":"https:\/\/impactocastex.com.ar\/index.php?rest_route=\/wp\/v2\/posts\/12726\/revisions\/12728"}],"wp:featuredmedia":[{"embeddable":true,"href":"https:\/\/impactocastex.com.ar\/index.php?rest_route=\/wp\/v2\/media\/12727"}],"wp:attachment":[{"href":"https:\/\/impactocastex.com.ar\/index.php?rest_route=%2Fwp%2Fv2%2Fmedia&parent=12726"}],"wp:term":[{"taxonomy":"category","embeddable":true,"href":"https:\/\/impactocastex.com.ar\/index.php?rest_route=%2Fwp%2Fv2%2Fcategories&post=12726"},{"taxonomy":"post_tag","embeddable":true,"href":"https:\/\/impactocastex.com.ar\/index.php?rest_route=%2Fwp%2Fv2%2Ftags&post=12726"}],"curies":[{"name":"wp","href":"https:\/\/api.w.org\/{rel}","templated":true}]}}