{"id":12720,"date":"2026-03-09T03:21:16","date_gmt":"2026-03-09T06:21:16","guid":{"rendered":"https:\/\/impactocastex.com.ar\/?p=12720"},"modified":"2026-03-09T03:21:16","modified_gmt":"2026-03-09T06:21:16","slug":"javier-milei-en-vivo-las-ultimas-medidas-del-gobierno-46","status":"publish","type":"post","link":"https:\/\/impactocastex.com.ar\/?p=12720","title":{"rendered":"Javier Milei, en vivo: las \u00faltimas medidas del Gobierno"},"content":{"rendered":"<p>La <b>quinta de Pilar<\/b> que la Justicia investiga por presunto lavado de activos oculta <b>secretos incontables<\/b> y solo algunos comienzan a salir a la luz. El cantante Oscar Esperanza Palavecino, m\u00e1s conocido como <b>el Chaque\u00f1o Palavecino<\/b>, y el grupo de cuarteto <b>Cachumba<\/b> fueron contratados durante 2025 para animar celebraciones privadas en el predio cuyos due\u00f1os te\u00f3ricos son un monotributista y su madre jubilada. Pero, \u00bfqui\u00e9nes fueron los anfitriones y protagonistas centrales de esas veladas? <b>Claudio \u201cChiqui\u201d Tapia<\/b> y <b>Pablo Toviggino<\/b>, confirmaron testimonios directos a <b>LA NACION<\/b>.<\/p>\n<p><b>El Chaque\u00f1o Palavecino concurri\u00f3 en dos oportunidades<\/b>. La primera fue antes del partido que la Selecci\u00f3n argentina le gan\u00f3 4 a 1 a Brasil en el Monumental, el 25 de marzo pasado; la segunda, en septiembre \u00faltimo. En ambas veladas, <b>un autom\u00f3vil pas\u00f3 a buscar al cantante por su hotel<\/b>, lleg\u00f3 al predio ya de noche, not\u00f3 que<b> efectivos de la Polic\u00eda Federal custodiaban la entrada principal<\/b>, disfrut\u00f3 de un asado con sobremesa y cant\u00f3 durante algo m\u00e1s de una hora.<\/p>\n<p><img loading=\"lazy\" decoding=\"async\" src=\"https:\/\/resizer.glanacion.com\/resizer\/v2\/AH62KTG3NRA3DIPRMZHWYLCZZE.jpg?auth=ac90f3caf486f2e991d5747e5cc45594c4a70cefc4302b147a3bed5dc2beb4f8&amp;smart=true&amp;width=2000&amp;height=1500\" alt=\"El Chaque\u00f1o Palavecino y el grupo de cuarteto Cachumba tuvieron actuaciones en la quinta de Pilar\n\" height=\"1500\" width=\"2000\" \/><\/p>\n<p><a href=\"https:\/\/www.lanacion.com.ar\/politica\/asados-folklore-y-celulares-prohibidos-asi-eran-las-veladas-reservadas-del-chiqui-tapia-y-toviggino-nid09032026\/\">Le\u00e9 la nota completa ac\u00e1.<\/a><\/p>\n<p>El Gobierno <b>promulg\u00f3 <\/b>el <b>nuevo r\u00e9gimen penal juvenil <\/b>que establece la <b>responsabilidad penal desde los 14 a\u00f1os <\/b>y fija un sistema de sanciones espec\u00edfico para quienes cometan delitos antes de cumplir los 18. La norma contempla la posibilidad de <b>penas privativas de libertad <\/b>en determinados casos, fija un m\u00e1ximo de 15 a\u00f1os de detenci\u00f3n y establece medidas orientadas a la educaci\u00f3n y resocializaci\u00f3n de los j\u00f3venes en conflicto con la ley penal. La norma <b>fue <\/b><a href=\"https:\/\/www.lanacion.com.ar\/politica\/el-senado-va-por-la-sancion-de-la-reforma-laboral-en-los-tiempos-que-pidio-milei-nid27022026\/\" rel=\"\" title=\"https:\/\/www.lanacion.com.ar\/politica\/el-senado-va-por-la-sancion-de-la-reforma-laboral-en-los-tiempos-que-pidio-milei-nid27022026\/\"><b>sancionada por el Senado<\/b><\/a> hace diez d\u00edas.<\/p>\n<p>La ley fue publicada este lunes en el Bolet\u00edn Oficial bajo el n\u00famero 27.801 y establece el <b>r\u00e9gimen penal aplicable a adolescentes de entre 14 y 18 a\u00f1os <\/b>imputados por delitos previstos en el C\u00f3digo Penal o en leyes penales especiales. Seg\u00fan el texto oficial, el objetivo del sistema es fomentar en el adolescente imputado el \u201csentido de la responsabilidad legal por sus actos y <b>lograr su educaci\u00f3n, resocializaci\u00f3n e integraci\u00f3n social\u201d<\/b>.<\/p>\n<p><a href=\"https:\/\/www.lanacion.com.ar\/politica\/el-gobierno-promulgo-el-nuevo-regimen-penal-juvenil-a-10-dias-de-su-sancion-en-el-senado-nid09032026\/\">Le\u00e9 la nota completa ac\u00e1.<\/a><\/p>\n<p>La ministra de Seguridad, <b>Alejandra<\/b> <b>Monteoliva<\/b>, advirti\u00f3 que desde el inicio de la guerra en <b>Medio Oriente<\/b>, tras los ataques de <b>EE.UU<\/b>. e <b>Israel <\/b>a <b>Ir\u00e1n<\/b>, el Gobierno reforz\u00f3 las defensas del pa\u00eds y asegur\u00f3 que los niveles de seguridad permanecen en el rango m\u00e1s alto. Entrevistada por Jos\u00e9 Del Rio en <i>Comunidad de Negocios<\/i> (LN+), la funcionaria nacional sostuvo que la medida tiene como meta \u201c<b>resguardar objetivos sensibles e infraestructura cr\u00edtica<\/b>\u201d.<\/p>\n<p>\u201c<b>Ir\u00e1n es el financiador internacional del terrorismo desde hace d\u00e9cadas, incluso con atentados en pa\u00edses cercanos y aliados<\/b>\u201c, se\u00f1al\u00f3 Monteoliva el domingo por la noche, e insisti\u00f3 en que las amenazas, globales exceden a los conflictos limitados a un territorio, como el caso Medio Oriente, y que puede sucederse lejos de la zona de disputa.<\/p>\n<p><img loading=\"lazy\" decoding=\"async\" src=\"https:\/\/resizer.glanacion.com\/resizer\/v2\/3RYFULSAVBCERCHIJ4K5DTDODM.png?auth=d1ade65cc10e5cdff57f1ec7e9b443e91d266c0400c7018b9150834684d94d34&amp;smart=true&amp;width=807&amp;height=495\" alt=\"La ministra de Seguridad Nacional, Alejandra Monteoliva, se\u00f1al\u00f3 que Ir\u00e1n es \" height=\"495\" width=\"807\" \/><\/p>\n<p><a href=\"https:\/\/www.lanacion.com.ar\/politica\/monteoliva-sobre-la-seguridad-de-la-argentina-ante-la-escalada-del-conflicto-en-medio-oriente-iran-nid08032026\/\">Le\u00e9 la nota completa ac\u00e1.<\/a><\/p>\n<p>El presidente<a href=\"https:\/\/www.lanacion.com.ar\/politica\/javier-milei-no-me-van-a-llevar-puesto-como-a-mauricio-macri-nid05032026\/\" rel=\"\" title=\"https:\/\/www.lanacion.com.ar\/politica\/javier-milei-no-me-van-a-llevar-puesto-como-a-mauricio-macri-nid05032026\/\"><b> Javier Milei<\/b><\/a> respald\u00f3 este domingo la designaci\u00f3n del ministro de Justicia, <a href=\"https:\/\/www.lanacion.com.ar\/politica\/quien-es-juan-bautista-mahiques-ahijado-de-angelici-de-viejos-nexos-con-wado-de-pedro-y-designado-en-nid04032026\/\" rel=\"\" title=\"https:\/\/www.lanacion.com.ar\/politica\/quien-es-juan-bautista-mahiques-ahijado-de-angelici-de-viejos-nexos-con-wado-de-pedro-y-designado-en-nid04032026\/\"><b>Juan Bautista Mahiques<\/b><\/a>, y rechaz\u00f3 las versiones que vinculan su llegada con un presunto intento de favorecer a dirigentes de la Asociaci\u00f3n del F\u00fatbol Argentino (AFA).<b> \u201cEs falso que Mahiques tenga v\u00ednculos con la AFA. Es falso que vaya a salvar a Claudio \u2018Chiqui\u2019 Tapia o a Pablo Toviggino\u201d<\/b>, afirm\u00f3 en una entrevista con el programa <i>La Cornisa<\/i>, conducido por Luis Majul en LN+. <b>\u201cSi son culpables, que paguen\u201d<\/b>, agreg\u00f3.<\/p>\n<p>El \u00faltimo viernes, <a href=\"https:\/\/www.lanacion.com.ar\/politica\/vitolo-renuncio-a-la-igj-lamento-no-haber-podido-culminar-su-tarea-contra-ambitos-considerados-nid06032026\/\" rel=\"\" title=\"https:\/\/www.lanacion.com.ar\/politica\/vitolo-renuncio-a-la-igj-lamento-no-haber-podido-culminar-su-tarea-contra-ambitos-considerados-nid06032026\/\">tras la salida intempestiva del extitular de la IGJ, <b>Daniel V\u00edtolo<\/b><\/a><b> <\/b>\u2014quien hasta entonces era la cara visible del oficialismo en los avances contra la AFA y quien hab\u00eda solicitado incorporar veedores a la entidad de f\u00fatbol\u2014 <a href=\"https:\/\/www.lanacion.com.ar\/politica\/juan-bautista-mahiques-hablo-sobre-su-nid06032026\/\" rel=\"\" title=\"https:\/\/www.lanacion.com.ar\/politica\/juan-bautista-mahiques-hablo-sobre-su-nid06032026\/\">Mahiques neg\u00f3 que su llegada al Ejecutivo fuese para tapar investigaciones. <\/a><b>\u201cNo tengo inter\u00e9s ni facultades para salvar a la AFA ni a nadie. <\/b>No hay ning\u00fan inter\u00e9s m\u00edo en hacerlo\u201d, afirm\u00f3 Mahiques, en di\u00e1logo con <i>LN+.<\/i><\/p>\n<p><img loading=\"lazy\" decoding=\"async\" src=\"https:\/\/resizer.glanacion.com\/resizer\/v2\/FLJYF4H6LNFVDNGHMSDYMEN2QQ.png?auth=15cfdd525f5452d4889f3b2fa8d826d76bee4ed1b61fda219230f52779c98bcf&amp;smart=true&amp;width=1007&amp;height=711\" alt=\"El presidente Javier Milei entrevistado por Luis Majul en LN+\" height=\"711\" width=\"1007\" \/><\/p>\n<p><a href=\"https:\/\/www.lanacion.com.ar\/politica\/javier-milei-tras-la-designacion-de-mahiques-es-falso-que-va-a-salvar-a-tapia-y-toviggino-nid08032026\/\">Le\u00e9 la nota completa ac\u00e1<\/a><\/p>\n<p><b>\u201cNo vamos a entrar en provocaciones. Lo hace para que reaccionemos\u201d<\/b>. La frase no parece surgida del grupo pol\u00edtico que recibi\u00f3 el 90% de los<a href=\"https:\/\/www.lanacion.com.ar\/politica\/el-discurso-completo-de-javier-milei-en-el-congreso-gritos-insultos-y-un-anuncio-sugestivo-que-nid02032026\/\" rel=\"\" title=\"https:\/\/www.lanacion.com.ar\/politica\/el-discurso-completo-de-javier-milei-en-el-congreso-gritos-insultos-y-un-anuncio-sugestivo-que-nid02032026\/\"> virulentos ataques, descalificaciones e insultos<\/a> que descerraj\u00f3 el presidente <b>Javier Milei<\/b> en la \u00faltima Asamblea Legislativa, pero es la indicaci\u00f3n que sale de San Jos\u00e9 1111, donde <b>Cristina Kirchner <\/b>cumple prisi\u00f3n domiciliaria, como parte de una estrategia que parece haber dejado atr\u00e1s el pendenciero \u201cche Milei\u201d.<\/p>\n<p>La expresidenta ingres\u00f3 en una <b>nueva etapa en su comunicaci\u00f3n pol\u00edtica<\/b>, con mensajes m\u00e1s espaciados que cuando apelaba a los<b> audios<\/b>, ni bien qued\u00f3 detenida por el fallo de la causa Vialidad, en los comienzos de la administraci\u00f3n libertaria, y ni que hablar de aquellas <b>cartas<\/b> que apu\u00f1alaban a la gesti\u00f3n de <b>Alberto Fern\u00e1ndez<\/b>, de la que ella misma formaba parte. Algunos dicen que <a href=\"https:\/\/www.lanacion.com.ar\/politica\/cristina-kirchner-quedara-internada-por-un-cuadro-de-ileo-postoperatorio-tras-la-cirugia-de-nid24122025\/\" rel=\"\" title=\"https:\/\/www.lanacion.com.ar\/politica\/cristina-kirchner-quedara-internada-por-un-cuadro-de-ileo-postoperatorio-tras-la-cirugia-de-nid24122025\/\">su internaci\u00f3n<\/a>, al final de 2025, fue la causa del cambio.<\/p>\n<p><img loading=\"lazy\" decoding=\"async\" src=\"https:\/\/resizer.glanacion.com\/resizer\/v2\/VQKMOWHVRJEDVGFAAXQKQDGEU4.jpg?auth=ad751952ab214c5123c99ed03bfdc4f45251620fbdd23e9ebd655a17d823ca89&amp;smart=true&amp;width=2000&amp;height=1333\" alt=\"Cristina Kirchner, el 19 de febrero pasado, en su cumplea\u00f1os, el \u00faltimo d\u00eda que sali\u00f3 al balc\u00f3n a saludar\" height=\"1333\" width=\"2000\" \/><\/p>\n<p><a href=\"https:\/\/www.lanacion.com.ar\/politica\/cristina-kirchner-bajo-la-instruccion-de-mantener-silencio-ante-las-duras-criticas-de-milei-nid08032026\/\">Le\u00e9 la nota completa ac\u00e1<\/a><\/p>\n<p>El Gobierno acaba de lanzarse a una nueva misi\u00f3n de compleja factura. Una de las m\u00e1s dif\u00edciles, ya que exige de mucha habilidad y fortuna en un arte en el que hasta ac\u00e1 ha mostrado habilidad parcial y resultados dispares. Es el complicado ejercicio de <b>tratar como adversarios a quienes, al mismo tiempo, pretende y necesita mantener como aliados.<\/b><\/p>\n<p>Los gobernadores e intendentes son, tal vez m\u00e1s que nunca antes, el nuevo objetivo de la administraci\u00f3n mile\u00edsta, sin mucha discriminaci\u00f3n. Como blancos figuran tanto opositores, como dialoguistas y aliados, permanentes o circunstanciales. A prepararse.<\/p>\n<p><img loading=\"lazy\" decoding=\"async\" src=\"https:\/\/resizer.glanacion.com\/resizer\/v2\/DWSBI5EH7BHS3KELLEGDANWHTA.JPG?auth=17bff4cd6c81cada0d11532fb8332467d87b0ade6519de785475cf690fe20a04&amp;smart=true&amp;width=3500&amp;height=2335\" alt=\"Karina Milei dise\u00f1a una reforma electoral\" height=\"2335\" width=\"3500\" \/><\/p>\n<p><a href=\"https:\/\/www.lanacion.com.ar\/politica\/nuevos-blancos-en-la-mira-del-gobierno-nid08032026\/\">Le\u00e9 la nota completa ac\u00e1<\/a><\/p>\n<p>El domingo pr\u00f3ximo, el peronismo de la provincia de Buenos Aires tendr\u00e1 17 elecciones <a href=\"https:\/\/www.lanacion.com.ar\/politica\/juan-bautista-mahiques-se-reunio-con-sebastian-amerio-buscan-un-nuevo-destino-para-el-alfil-de-nid05032026\/\" rel=\"\" title=\"https:\/\/www.lanacion.com.ar\/politica\/juan-bautista-mahiques-se-reunio-con-sebastian-amerio-buscan-un-nuevo-destino-para-el-alfil-de-nid05032026\/\">internas<\/a> en municipios en los que se definir\u00e1 la conducci\u00f3n partidaria y se dar\u00e1 una muestra m\u00e1s de la pelea entre las huestes de la expresidenta <b>Cristina Kirchner<\/b> y las del gobernador de Buenos Aires, <b>Axel Kicillof<\/b>.<\/p>\n<p>La cuenta se puede estirar hasta 18 elecciones, en caso de que la justicia electoral habilite los comicios en el Partido Justicialista de Tigre, una competencia que pone otra vez frente a frente a <b>Sergio Massa<\/b> y al intendente Julio Zamora, que patrocinan listas antag\u00f3nicas.<\/p>\n<p><img loading=\"lazy\" decoding=\"async\" src=\"https:\/\/resizer.glanacion.com\/resizer\/v2\/PFSADEUKZZHM3LSO763W6YN5PI.JPG?auth=224e892c3a2bb5951454a5dc58e7816dd310e6af058cfff9d504d35513df071d&amp;smart=true&amp;width=984&amp;height=656\" alt=\"M\u00e1ximo Kirchner y Axel Kicillof\" height=\"656\" width=\"984\" \/><\/p>\n<p><a href=\"https:\/\/www.lanacion.com.ar\/politica\/el-pj-va-a-elecciones-internas-en-17-municipios-miden-su-poder-cristina-kirchner-kicillof-y-algunos-nid08032026\/\">Le\u00e9 la nota completa ac\u00e1<\/a><\/p>\n<p>Apesar de los \u00e9xitos legislativos, que le permitieron sancionar la reforma laboral, el gobierno de<b> Javier Milei<\/b> enfrenta el<b> momento de peor clima social<\/b> desde el inicio de su gesti\u00f3n, seg\u00fan los datos del \u00faltimo \u00cdndice de Irascibilidad Social (IDI) que elabora la consultora Casa3.<\/p>\n<p>Seg\u00fan ese \u00edndice,<b> el humor de los argentinos cay\u00f3 <\/b>en febrero por tercer mes consecutivo y <b>se ubic\u00f3 en 14 puntos negativos<\/b>. La cifra no solo representa una ca\u00edda de seis puntos respecto de enero, sino que perfor\u00f3 el piso de -13 puntos que se hab\u00eda registrado en los meses de septiembre de 2024 y de 2025.<\/p>\n<p><img loading=\"lazy\" decoding=\"async\" src=\"https:\/\/resizer.glanacion.com\/resizer\/v2\/HUYMZRY53BF2FGR52WTDVYPVCY.JPEG?auth=aece8de90f477e4cb676ea05fbc7826331cade8251091c1a502f3c8b835b4a63&amp;smart=true&amp;width=1413&amp;height=1060\" alt=\"Javier Milei, en la apertura de sesiones del Congreso\" height=\"1060\" width=\"1413\" \/><\/p>\n<p><a href=\"https:\/\/www.lanacion.com.ar\/politica\/encuesta-se-prenden-luces-de-alerta-para-javier-milei-por-el-crecimiento-del-malhumor-social-nid08032026\/\">Le\u00e9 la nota completa ac\u00e1<\/a><\/p>\n<p>\u200bEl minuto a minuto de las decisiones del Presidente, las reacciones de la oposici\u00f3n y las declaraciones de los funcionarios\u00a0\u00a0<\/p>","protected":false},"excerpt":{"rendered":"<p>La quinta de Pilar que la Justicia investiga por presunto lavado de activos oculta secretos&#8230;<\/p>\n","protected":false},"author":1,"featured_media":3372,"comment_status":"closed","ping_status":"closed","sticky":false,"template":"","format":"standard","meta":{"_jetpack_memberships_contains_paid_content":false,"footnotes":"","jetpack_publicize_message":"","jetpack_publicize_feature_enabled":true,"jetpack_social_post_already_shared":true,"jetpack_social_options":{"image_generator_settings":{"template":"highway","default_image_id":0,"font":"","enabled":false},"version":2}},"categories":[89],"tags":[],"class_list":["post-12720","post","type-post","status-publish","format-standard","has-post-thumbnail","hentry","category-nacionales"],"yoast_head":"<!-- This site is optimized with the Yoast SEO plugin v27.4 - https:\/\/yoast.com\/product\/yoast-seo-wordpress\/ -->\n<title>Javier Milei, en vivo: las \u00faltimas medidas del Gobierno -<\/title>\n<meta name=\"robots\" content=\"index, follow, max-snippet:-1, max-image-preview:large, max-video-preview:-1\" \/>\n<link rel=\"canonical\" href=\"https:\/\/impactocastex.com.ar\/?p=12720\" \/>\n<meta property=\"og:locale\" content=\"es_ES\" \/>\n<meta property=\"og:type\" content=\"article\" \/>\n<meta property=\"og:title\" content=\"Javier Milei, en vivo: las \u00faltimas medidas del Gobierno -\" \/>\n<meta property=\"og:description\" content=\"La quinta de Pilar que la Justicia investiga por presunto lavado de activos oculta secretos...\" \/>\n<meta property=\"og:url\" content=\"https:\/\/impactocastex.com.ar\/?p=12720\" \/>\n<meta property=\"article:publisher\" content=\"https:\/\/www.facebook.com\/impactocastexdiario\" \/>\n<meta property=\"article:published_time\" content=\"2026-03-09T06:21:16+00:00\" \/>\n<meta property=\"og:image\" content=\"https:\/\/resizer.glanacion.com\/resizer\/v2\/AH62KTG3NRA3DIPRMZHWYLCZZE.jpg?auth=ac90f3caf486f2e991d5747e5cc45594c4a70cefc4302b147a3bed5dc2beb4f8&amp;smart=true&amp;width=2000&amp;height=1500\" \/>\n<meta name=\"author\" content=\"impactocastex\" \/>\n<meta name=\"twitter:card\" content=\"summary_large_image\" \/>\n<meta name=\"twitter:label1\" content=\"Escrito por\" \/>\n\t<meta name=\"twitter:data1\" content=\"impactocastex\" \/>\n\t<meta name=\"twitter:label2\" content=\"Tiempo de lectura\" \/>\n\t<meta name=\"twitter:data2\" content=\"6 minutos\" \/>\n<script type=\"application\/ld+json\" class=\"yoast-schema-graph\">{\"@context\":\"https:\\\/\\\/schema.org\",\"@graph\":[{\"@type\":\"Article\",\"@id\":\"https:\\\/\\\/impactocastex.com.ar\\\/?p=12720#article\",\"isPartOf\":{\"@id\":\"https:\\\/\\\/impactocastex.com.ar\\\/?p=12720\"},\"author\":{\"name\":\"impactocastex\",\"@id\":\"https:\\\/\\\/impactocastex.com.ar\\\/#\\\/schema\\\/person\\\/86cb4f827fb5f87869a239b98a69c6e3\"},\"headline\":\"Javier Milei, en vivo: las \u00faltimas medidas del Gobierno\",\"datePublished\":\"2026-03-09T06:21:16+00:00\",\"mainEntityOfPage\":{\"@id\":\"https:\\\/\\\/impactocastex.com.ar\\\/?p=12720\"},\"wordCount\":1176,\"publisher\":{\"@id\":\"https:\\\/\\\/impactocastex.com.ar\\\/#organization\"},\"image\":{\"@id\":\"https:\\\/\\\/impactocastex.com.ar\\\/?p=12720#primaryimage\"},\"thumbnailUrl\":\"https:\\\/\\\/impactocastex.com.ar\\\/wp-content\\\/uploads\\\/2025\\\/11\\\/Q5CDR33JIFGJFGHZVGW7DRTMRI-jwpEav.jpg\",\"articleSection\":[\"NACIONALES\"],\"inLanguage\":\"es\"},{\"@type\":\"WebPage\",\"@id\":\"https:\\\/\\\/impactocastex.com.ar\\\/?p=12720\",\"url\":\"https:\\\/\\\/impactocastex.com.ar\\\/?p=12720\",\"name\":\"Javier Milei, en vivo: las \u00faltimas medidas del Gobierno -\",\"isPartOf\":{\"@id\":\"https:\\\/\\\/impactocastex.com.ar\\\/#website\"},\"primaryImageOfPage\":{\"@id\":\"https:\\\/\\\/impactocastex.com.ar\\\/?p=12720#primaryimage\"},\"image\":{\"@id\":\"https:\\\/\\\/impactocastex.com.ar\\\/?p=12720#primaryimage\"},\"thumbnailUrl\":\"https:\\\/\\\/impactocastex.com.ar\\\/wp-content\\\/uploads\\\/2025\\\/11\\\/Q5CDR33JIFGJFGHZVGW7DRTMRI-jwpEav.jpg\",\"datePublished\":\"2026-03-09T06:21:16+00:00\",\"breadcrumb\":{\"@id\":\"https:\\\/\\\/impactocastex.com.ar\\\/?p=12720#breadcrumb\"},\"inLanguage\":\"es\",\"potentialAction\":[{\"@type\":\"ReadAction\",\"target\":[\"https:\\\/\\\/impactocastex.com.ar\\\/?p=12720\"]}]},{\"@type\":\"ImageObject\",\"inLanguage\":\"es\",\"@id\":\"https:\\\/\\\/impactocastex.com.ar\\\/?p=12720#primaryimage\",\"url\":\"https:\\\/\\\/impactocastex.com.ar\\\/wp-content\\\/uploads\\\/2025\\\/11\\\/Q5CDR33JIFGJFGHZVGW7DRTMRI-jwpEav.jpg\",\"contentUrl\":\"https:\\\/\\\/impactocastex.com.ar\\\/wp-content\\\/uploads\\\/2025\\\/11\\\/Q5CDR33JIFGJFGHZVGW7DRTMRI-jwpEav.jpg\",\"width\":2000,\"height\":1333},{\"@type\":\"BreadcrumbList\",\"@id\":\"https:\\\/\\\/impactocastex.com.ar\\\/?p=12720#breadcrumb\",\"itemListElement\":[{\"@type\":\"ListItem\",\"position\":1,\"name\":\"Portada\",\"item\":\"https:\\\/\\\/impactocastex.com.ar\\\/\"},{\"@type\":\"ListItem\",\"position\":2,\"name\":\"Javier Milei, en vivo: las \u00faltimas medidas del Gobierno\"}]},{\"@type\":\"WebSite\",\"@id\":\"https:\\\/\\\/impactocastex.com.ar\\\/#website\",\"url\":\"https:\\\/\\\/impactocastex.com.ar\\\/\",\"name\":\"Impacto Castex\",\"description\":\"\",\"publisher\":{\"@id\":\"https:\\\/\\\/impactocastex.com.ar\\\/#organization\"},\"potentialAction\":[{\"@type\":\"SearchAction\",\"target\":{\"@type\":\"EntryPoint\",\"urlTemplate\":\"https:\\\/\\\/impactocastex.com.ar\\\/?s={search_term_string}\"},\"query-input\":{\"@type\":\"PropertyValueSpecification\",\"valueRequired\":true,\"valueName\":\"search_term_string\"}}],\"inLanguage\":\"es\"},{\"@type\":\"Organization\",\"@id\":\"https:\\\/\\\/impactocastex.com.ar\\\/#organization\",\"name\":\"Impacto Castex\",\"url\":\"https:\\\/\\\/impactocastex.com.ar\\\/\",\"logo\":{\"@type\":\"ImageObject\",\"inLanguage\":\"es\",\"@id\":\"https:\\\/\\\/impactocastex.com.ar\\\/#\\\/schema\\\/logo\\\/image\\\/\",\"url\":\"https:\\\/\\\/impactocastex.com.ar\\\/wp-content\\\/uploads\\\/2025\\\/09\\\/cropped-icoweb.png\",\"contentUrl\":\"https:\\\/\\\/impactocastex.com.ar\\\/wp-content\\\/uploads\\\/2025\\\/09\\\/cropped-icoweb.png\",\"width\":512,\"height\":512,\"caption\":\"Impacto Castex\"},\"image\":{\"@id\":\"https:\\\/\\\/impactocastex.com.ar\\\/#\\\/schema\\\/logo\\\/image\\\/\"},\"sameAs\":[\"https:\\\/\\\/www.facebook.com\\\/impactocastexdiario\",\"https:\\\/\\\/www.instagram.com\\\/impactocastex.com.ar\\\/\"]},{\"@type\":\"Person\",\"@id\":\"https:\\\/\\\/impactocastex.com.ar\\\/#\\\/schema\\\/person\\\/86cb4f827fb5f87869a239b98a69c6e3\",\"name\":\"impactocastex\",\"image\":{\"@type\":\"ImageObject\",\"inLanguage\":\"es\",\"@id\":\"https:\\\/\\\/secure.gravatar.com\\\/avatar\\\/9a87ee051ca8c77f5d4070843ce2c78cdf95b858b950fb039151de955122f5f5?s=96&d=mm&r=g\",\"url\":\"https:\\\/\\\/secure.gravatar.com\\\/avatar\\\/9a87ee051ca8c77f5d4070843ce2c78cdf95b858b950fb039151de955122f5f5?s=96&d=mm&r=g\",\"contentUrl\":\"https:\\\/\\\/secure.gravatar.com\\\/avatar\\\/9a87ee051ca8c77f5d4070843ce2c78cdf95b858b950fb039151de955122f5f5?s=96&d=mm&r=g\",\"caption\":\"impactocastex\"},\"sameAs\":[\"https:\\\/\\\/impactocastex.com.ar\"],\"url\":\"https:\\\/\\\/impactocastex.com.ar\\\/?author=1\"}]}<\/script>\n<!-- \/ Yoast SEO plugin. -->","yoast_head_json":{"title":"Javier Milei, en vivo: las \u00faltimas medidas del Gobierno -","robots":{"index":"index","follow":"follow","max-snippet":"max-snippet:-1","max-image-preview":"max-image-preview:large","max-video-preview":"max-video-preview:-1"},"canonical":"https:\/\/impactocastex.com.ar\/?p=12720","og_locale":"es_ES","og_type":"article","og_title":"Javier Milei, en vivo: las \u00faltimas medidas del Gobierno -","og_description":"La quinta de Pilar que la Justicia investiga por presunto lavado de activos oculta secretos...","og_url":"https:\/\/impactocastex.com.ar\/?p=12720","article_publisher":"https:\/\/www.facebook.com\/impactocastexdiario","article_published_time":"2026-03-09T06:21:16+00:00","og_image":[{"url":"https:\/\/resizer.glanacion.com\/resizer\/v2\/AH62KTG3NRA3DIPRMZHWYLCZZE.jpg?auth=ac90f3caf486f2e991d5747e5cc45594c4a70cefc4302b147a3bed5dc2beb4f8&amp;smart=true&amp;width=2000&amp;height=1500","type":"","width":"","height":""}],"author":"impactocastex","twitter_card":"summary_large_image","twitter_misc":{"Escrito por":"impactocastex","Tiempo de lectura":"6 minutos"},"schema":{"@context":"https:\/\/schema.org","@graph":[{"@type":"Article","@id":"https:\/\/impactocastex.com.ar\/?p=12720#article","isPartOf":{"@id":"https:\/\/impactocastex.com.ar\/?p=12720"},"author":{"name":"impactocastex","@id":"https:\/\/impactocastex.com.ar\/#\/schema\/person\/86cb4f827fb5f87869a239b98a69c6e3"},"headline":"Javier Milei, en vivo: las \u00faltimas medidas del Gobierno","datePublished":"2026-03-09T06:21:16+00:00","mainEntityOfPage":{"@id":"https:\/\/impactocastex.com.ar\/?p=12720"},"wordCount":1176,"publisher":{"@id":"https:\/\/impactocastex.com.ar\/#organization"},"image":{"@id":"https:\/\/impactocastex.com.ar\/?p=12720#primaryimage"},"thumbnailUrl":"https:\/\/impactocastex.com.ar\/wp-content\/uploads\/2025\/11\/Q5CDR33JIFGJFGHZVGW7DRTMRI-jwpEav.jpg","articleSection":["NACIONALES"],"inLanguage":"es"},{"@type":"WebPage","@id":"https:\/\/impactocastex.com.ar\/?p=12720","url":"https:\/\/impactocastex.com.ar\/?p=12720","name":"Javier Milei, en vivo: las \u00faltimas medidas del Gobierno -","isPartOf":{"@id":"https:\/\/impactocastex.com.ar\/#website"},"primaryImageOfPage":{"@id":"https:\/\/impactocastex.com.ar\/?p=12720#primaryimage"},"image":{"@id":"https:\/\/impactocastex.com.ar\/?p=12720#primaryimage"},"thumbnailUrl":"https:\/\/impactocastex.com.ar\/wp-content\/uploads\/2025\/11\/Q5CDR33JIFGJFGHZVGW7DRTMRI-jwpEav.jpg","datePublished":"2026-03-09T06:21:16+00:00","breadcrumb":{"@id":"https:\/\/impactocastex.com.ar\/?p=12720#breadcrumb"},"inLanguage":"es","potentialAction":[{"@type":"ReadAction","target":["https:\/\/impactocastex.com.ar\/?p=12720"]}]},{"@type":"ImageObject","inLanguage":"es","@id":"https:\/\/impactocastex.com.ar\/?p=12720#primaryimage","url":"https:\/\/impactocastex.com.ar\/wp-content\/uploads\/2025\/11\/Q5CDR33JIFGJFGHZVGW7DRTMRI-jwpEav.jpg","contentUrl":"https:\/\/impactocastex.com.ar\/wp-content\/uploads\/2025\/11\/Q5CDR33JIFGJFGHZVGW7DRTMRI-jwpEav.jpg","width":2000,"height":1333},{"@type":"BreadcrumbList","@id":"https:\/\/impactocastex.com.ar\/?p=12720#breadcrumb","itemListElement":[{"@type":"ListItem","position":1,"name":"Portada","item":"https:\/\/impactocastex.com.ar\/"},{"@type":"ListItem","position":2,"name":"Javier Milei, en vivo: las \u00faltimas medidas del Gobierno"}]},{"@type":"WebSite","@id":"https:\/\/impactocastex.com.ar\/#website","url":"https:\/\/impactocastex.com.ar\/","name":"Impacto Castex","description":"","publisher":{"@id":"https:\/\/impactocastex.com.ar\/#organization"},"potentialAction":[{"@type":"SearchAction","target":{"@type":"EntryPoint","urlTemplate":"https:\/\/impactocastex.com.ar\/?s={search_term_string}"},"query-input":{"@type":"PropertyValueSpecification","valueRequired":true,"valueName":"search_term_string"}}],"inLanguage":"es"},{"@type":"Organization","@id":"https:\/\/impactocastex.com.ar\/#organization","name":"Impacto Castex","url":"https:\/\/impactocastex.com.ar\/","logo":{"@type":"ImageObject","inLanguage":"es","@id":"https:\/\/impactocastex.com.ar\/#\/schema\/logo\/image\/","url":"https:\/\/impactocastex.com.ar\/wp-content\/uploads\/2025\/09\/cropped-icoweb.png","contentUrl":"https:\/\/impactocastex.com.ar\/wp-content\/uploads\/2025\/09\/cropped-icoweb.png","width":512,"height":512,"caption":"Impacto Castex"},"image":{"@id":"https:\/\/impactocastex.com.ar\/#\/schema\/logo\/image\/"},"sameAs":["https:\/\/www.facebook.com\/impactocastexdiario","https:\/\/www.instagram.com\/impactocastex.com.ar\/"]},{"@type":"Person","@id":"https:\/\/impactocastex.com.ar\/#\/schema\/person\/86cb4f827fb5f87869a239b98a69c6e3","name":"impactocastex","image":{"@type":"ImageObject","inLanguage":"es","@id":"https:\/\/secure.gravatar.com\/avatar\/9a87ee051ca8c77f5d4070843ce2c78cdf95b858b950fb039151de955122f5f5?s=96&d=mm&r=g","url":"https:\/\/secure.gravatar.com\/avatar\/9a87ee051ca8c77f5d4070843ce2c78cdf95b858b950fb039151de955122f5f5?s=96&d=mm&r=g","contentUrl":"https:\/\/secure.gravatar.com\/avatar\/9a87ee051ca8c77f5d4070843ce2c78cdf95b858b950fb039151de955122f5f5?s=96&d=mm&r=g","caption":"impactocastex"},"sameAs":["https:\/\/impactocastex.com.ar"],"url":"https:\/\/impactocastex.com.ar\/?author=1"}]}},"jetpack_publicize_connections":[],"featured_image_urls":{"full":["https:\/\/impactocastex.com.ar\/wp-content\/uploads\/2025\/11\/Q5CDR33JIFGJFGHZVGW7DRTMRI-jwpEav.jpg",2000,1333,false],"thumbnail":["https:\/\/impactocastex.com.ar\/wp-content\/uploads\/2025\/11\/Q5CDR33JIFGJFGHZVGW7DRTMRI-jwpEav-150x150.jpg",150,150,true],"medium":["https:\/\/impactocastex.com.ar\/wp-content\/uploads\/2025\/11\/Q5CDR33JIFGJFGHZVGW7DRTMRI-jwpEav-300x200.jpg",300,200,true],"medium_large":["https:\/\/impactocastex.com.ar\/wp-content\/uploads\/2025\/11\/Q5CDR33JIFGJFGHZVGW7DRTMRI-jwpEav-768x512.jpg",640,427,true],"large":["https:\/\/impactocastex.com.ar\/wp-content\/uploads\/2025\/11\/Q5CDR33JIFGJFGHZVGW7DRTMRI-jwpEav-1024x682.jpg",640,426,true],"1536x1536":["https:\/\/impactocastex.com.ar\/wp-content\/uploads\/2025\/11\/Q5CDR33JIFGJFGHZVGW7DRTMRI-jwpEav-1536x1024.jpg",1536,1024,true],"2048x2048":["https:\/\/impactocastex.com.ar\/wp-content\/uploads\/2025\/11\/Q5CDR33JIFGJFGHZVGW7DRTMRI-jwpEav.jpg",2000,1333,false],"newsever-slider-full":["https:\/\/impactocastex.com.ar\/wp-content\/uploads\/2025\/11\/Q5CDR33JIFGJFGHZVGW7DRTMRI-jwpEav-1280x845.jpg",1280,845,true],"newsever-featured":["https:\/\/impactocastex.com.ar\/wp-content\/uploads\/2025\/11\/Q5CDR33JIFGJFGHZVGW7DRTMRI-jwpEav-1024x682.jpg",1024,682,true],"newsever-medium":["https:\/\/impactocastex.com.ar\/wp-content\/uploads\/2025\/11\/Q5CDR33JIFGJFGHZVGW7DRTMRI-jwpEav-720x475.jpg",720,475,true]},"author_info":{"info":["impactocastex"]},"category_info":"<a href=\"https:\/\/impactocastex.com.ar\/?cat=89\" rel=\"category\">NACIONALES<\/a>","tag_info":"NACIONALES","comment_count":0,"jetpack_featured_media_url":"https:\/\/impactocastex.com.ar\/wp-content\/uploads\/2025\/11\/Q5CDR33JIFGJFGHZVGW7DRTMRI-jwpEav.jpg","jetpack_sharing_enabled":true,"jetpack_likes_enabled":true,"jetpack_shortlink":"https:\/\/wp.me\/p7sopA-3ja","_links":{"self":[{"href":"https:\/\/impactocastex.com.ar\/index.php?rest_route=\/wp\/v2\/posts\/12720","targetHints":{"allow":["GET"]}}],"collection":[{"href":"https:\/\/impactocastex.com.ar\/index.php?rest_route=\/wp\/v2\/posts"}],"about":[{"href":"https:\/\/impactocastex.com.ar\/index.php?rest_route=\/wp\/v2\/types\/post"}],"author":[{"embeddable":true,"href":"https:\/\/impactocastex.com.ar\/index.php?rest_route=\/wp\/v2\/users\/1"}],"replies":[{"embeddable":true,"href":"https:\/\/impactocastex.com.ar\/index.php?rest_route=%2Fwp%2Fv2%2Fcomments&post=12720"}],"version-history":[{"count":0,"href":"https:\/\/impactocastex.com.ar\/index.php?rest_route=\/wp\/v2\/posts\/12720\/revisions"}],"wp:featuredmedia":[{"embeddable":true,"href":"https:\/\/impactocastex.com.ar\/index.php?rest_route=\/wp\/v2\/media\/3372"}],"wp:attachment":[{"href":"https:\/\/impactocastex.com.ar\/index.php?rest_route=%2Fwp%2Fv2%2Fmedia&parent=12720"}],"wp:term":[{"taxonomy":"category","embeddable":true,"href":"https:\/\/impactocastex.com.ar\/index.php?rest_route=%2Fwp%2Fv2%2Fcategories&post=12720"},{"taxonomy":"post_tag","embeddable":true,"href":"https:\/\/impactocastex.com.ar\/index.php?rest_route=%2Fwp%2Fv2%2Ftags&post=12720"}],"curies":[{"name":"wp","href":"https:\/\/api.w.org\/{rel}","templated":true}]}}