{"id":12716,"date":"2026-03-09T03:26:39","date_gmt":"2026-03-09T06:26:39","guid":{"rendered":"https:\/\/impactocastex.com.ar\/?p=12716"},"modified":"2026-03-09T03:26:39","modified_gmt":"2026-03-09T06:26:39","slug":"hay-alerta-amarilla-por-tormentas-y-lluvias-para-este-lunes-9-de-marzo-las-provincias-afectadas","status":"publish","type":"post","link":"https:\/\/impactocastex.com.ar\/?p=12716","title":{"rendered":"Hay alerta amarilla por tormentas y lluvias para este lunes 9 de marzo: las provincias afectadas"},"content":{"rendered":"<p>El <b>Servicio Meteorol\u00f3gico Nacional <\/b>(SMN) emiti\u00f3 una <b>alerta amarilla <\/b>por<b> tormentas y lluvias<\/b> para este lunes 9 de marzo. Seg\u00fan precis\u00f3 el organismo, se esperan fen\u00f3menos meteorol\u00f3gicos adversos en distintas regiones del pa\u00eds y el aviso alcanza a <b>12 provincias <\/b>del territorio nacional. Este nivel de advertencia advierte que se trata de \u201cfen\u00f3menos meteorol\u00f3gicos con <b>capacidad de da\u00f1o<\/b> y riesgo de interrupci\u00f3n moment\u00e1nea de actividades cotidianas\u201d.<\/p>\n<p>La <b>alerta amarilla por tormentas <\/b>rige en un sector de la <b>provincia de Buenos Aires <\/b>(que se extiende desde Bah\u00eda Blanca y Coronel Dorrego hasta Coronel de Marina Leonardo Rosales, Villarino y Monte Hermoso). Adem\u00e1s, abarca al este de <b>R\u00edo Negro<\/b>, el norte de <b>Corrientes<\/b>, <b>Misiones<\/b>, <b>Chaco<\/b>, <b>Formosa<\/b>, el norte de <b>Santiago del Estero<\/b>, <b>Tucum\u00e1n<\/b>, el centro y este de <b>Salta<\/b> y <b>Jujuy<\/b>. En estas zonas, el SMN indic\u00f3 que el \u00e1rea ser\u00e1 afectada por tormentas aisladas de variada intensidad, algunas localmente fuertes.<\/p>\n<p><img loading=\"lazy\" decoding=\"async\" src=\"https:\/\/resizer.glanacion.com\/resizer\/v2\/HPI4QXTXYJDZNG6RLTM67RGIFQ.png?auth=cce4b5ba2fd3c520937bf418269449439dd6b105d8d1c768de1f298ad669a810&amp;smart=true&amp;width=472&amp;height=800\" alt=\"Las alertas emitidas por el SMN para este lunes 9 de marzo\" height=\"800\" width=\"472\" \/><\/p>\n<p>De acuerdo con el parte meteorol\u00f3gico las provincias alcanzadas por la <b>alerta amarilla por tormentas<\/b>, estos fen\u00f3menos podr\u00e1n estar acompa\u00f1ados por <b>lluvias abundantes <\/b>en cortos per\u00edodos, <b>actividad el\u00e9ctrica<\/b> frecuente, ocasional ca\u00edda de <b>granizo <\/b>y r\u00e1fagas que pueden superar los 60 kil\u00f3metros por hora. Adem\u00e1s, se prev\u00e9n valores de precipitaci\u00f3n acumulada entre 30 y 60 mil\u00edmetros, que podr\u00edan superarse de manera puntual.<\/p>\n<p>Por otra parte, el SMN emiti\u00f3 alerta amarilla por lluvias para el sur y el este de <b>Santa Cruz<\/b> y <b>Tierra del Fuego<\/b>. En estas zonas, el organismo indic\u00f3 que el \u00e1rea ser\u00e1 afectada por lluvias, algunas localmente fuertes, con valores de precipitaci\u00f3n acumulada entre 10 y 20 mil\u00edmetros, que podr\u00edan superarse en forma local.<\/p>\n<p>Frente a este escenario, <b>el SMN recomend\u00f3<\/b> tomar precauciones. En las zonas bajo alerta amarilla por <b>tormentas<\/b>, aconsej\u00f3 evitar salir de casa, no sacar la basura y <b>limpiar desag\u00fces y sumideros<\/b> para facilitar el escurrimiento del agua. Tambi\u00e9n sugiri\u00f3 desconectar los electrodom\u00e9sticos y cortar el suministro el\u00e9ctrico si ingresa agua, cerrar puertas y ventanas, retirar o asegurar objetos que puedan ser arrastrados por el viento y, en caso de encontrarse al aire libre, buscar refugio inmediato en un edificio, una vivienda o un veh\u00edculo cerrado.<\/p>\n<p>Para las \u00e1reas bajo alerta amarilla por <b>lluvias<\/b>, el organismo recomend\u00f3 evitar desplazamientos innecesarios, no sacar la basura y mantener limpios desag\u00fces y sumideros. Tambi\u00e9n aconsej\u00f3 <b>alejarse de zonas inundables<\/b> y cortar el suministro el\u00e9ctrico si ingresa agua en las viviendas.<\/p>\n<h1>El tiempo en el AMBA<\/h1>\n<p>Para este lunes, el SMN inform\u00f3 que la temperatura en la ciudad de Buenos Aires tendr\u00e1 una<b> m\u00e1xima de 25\u00b0C <\/b>y una m\u00ednima de<b> 19\u00b0C<\/b>. Durante la ma\u00f1ana y el mediod\u00eda el cielo estar\u00e1 parcialmente nublado, mientras que por la tarde se espera que est\u00e9 mayormente nublado y por la noche vuelva a presentarse parcialmente nublado. A lo largo de toda la jornada, e incluso durante la ma\u00f1ana del martes, se prev\u00e9n r\u00e1fagas de viento que podr\u00edan alcanzar los 50 kil\u00f3metros por hora.<\/p>\n<p><img loading=\"lazy\" decoding=\"async\" src=\"https:\/\/resizer.glanacion.com\/resizer\/v2\/L4M6KFRTKZCDFNNLXSPVW7U7KI.png?auth=ed68a5ad207381b67cdf68a042ad268c715c7dc6188393277ddad3c3978d8ee7&amp;smart=true&amp;width=916&amp;height=214\" alt=\"Pron\u00f3stico del tiempo para los pr\u00f3ximos d\u00edas en la ciudad de Buenos Aires\" height=\"214\" width=\"916\" \/><\/p>\n<p>En la provincia de <b>Buenos Aires<\/b>, el pron\u00f3stico tambi\u00e9n prev\u00e9 una m\u00e1xima de <b>25\u00b0C <\/b>y una m\u00ednima de <b>16\u00b0C<\/b>. Al igual que en la Ciudad, durante la ma\u00f1ana y el mediod\u00eda el cielo estar\u00e1 parcialmente nublado, por la tarde se presentar\u00e1 mayormente nublado y por la noche volver\u00e1 a estar parcialmente nublado. Para el martes se espera un leve descenso de la temperatura y, a partir del mi\u00e9rcoles, algunas subas t\u00e9rmicas.<\/p>\n<p>En tanto, el SMN inform\u00f3 que las temperaturas previstas para este lunes ser\u00e1n de 25\u00b0C de m\u00e1xima y 19\u00b0C de m\u00ednima en <b>CABA<\/b>,<b> <\/b>25\u00b0C y 17\u00b0C en <b>C\u00f3rdoba<\/b>, 24\u00b0C y 20\u00b0C en <b>Tucum\u00e1n<\/b>, 25\u00b0C y 19\u00b0C en <b>Santa Fe<\/b>, 25\u00b0C y 17\u00b0C en <b>Entre<\/b> <b>R\u00edos<\/b>, 23\u00b0C y 17\u00b0C en <b>Jujuy<\/b>, 22\u00b0C y 16\u00b0C en <b>Salta<\/b>, 27\u00b0C y 18\u00b0C en <b>Misiones<\/b>, y 25\u00b0C y 19\u00b0C en <b>La Rioja<\/b>.<\/p>\n<p>Adem\u00e1s, el organismo indic\u00f3 que se esperan 26\u00b0C de m\u00e1xima y 20\u00b0C de m\u00ednima en <b>Santiago del Estero<\/b>, 26\u00b0C y 15\u00b0C en<b> San Luis<\/b>, 28\u00b0C y 16\u00b0C en <b>San Juan<\/b>, 24\u00b0C y 16\u00b0C en <b>Mendoza<\/b>, 23\u00b0C y 18\u00b0C en <b>R\u00edo Negro<\/b>, 24\u00b0C y 17\u00b0C en <b>Chubut <\/b>y 17\u00b0C de m\u00e1xima con 12\u00b0C de m\u00ednima en <b>Santa Cruz<\/b>.<\/p>\n<p>\u200bEl Servicio Meteorol\u00f3gico Nacional advirti\u00f3 sobre posible ca\u00edda de granizo y actividad el\u00e9ctrica; en la ciudad de Buenos Aires la m\u00e1xima ser\u00e1 de 25\u00b0C\u00a0\u00a0<\/p>","protected":false},"excerpt":{"rendered":"<p>El Servicio Meteorol\u00f3gico Nacional (SMN) emiti\u00f3 una alerta amarilla por tormentas y lluvias para este&#8230;<\/p>\n","protected":false},"author":1,"featured_media":12717,"comment_status":"closed","ping_status":"closed","sticky":false,"template":"","format":"standard","meta":{"_jetpack_memberships_contains_paid_content":false,"footnotes":"","jetpack_publicize_message":"","jetpack_publicize_feature_enabled":true,"jetpack_social_post_already_shared":true,"jetpack_social_options":{"image_generator_settings":{"template":"highway","default_image_id":0,"font":"","enabled":false},"version":2}},"categories":[89],"tags":[],"class_list":["post-12716","post","type-post","status-publish","format-standard","has-post-thumbnail","hentry","category-nacionales"],"yoast_head":"<!-- This site is optimized with the Yoast SEO plugin v27.4 - https:\/\/yoast.com\/product\/yoast-seo-wordpress\/ -->\n<title>Hay alerta amarilla por tormentas y lluvias para este lunes 9 de marzo: las provincias afectadas -<\/title>\n<meta name=\"robots\" content=\"index, follow, max-snippet:-1, max-image-preview:large, max-video-preview:-1\" \/>\n<link rel=\"canonical\" href=\"https:\/\/impactocastex.com.ar\/?p=12716\" \/>\n<meta property=\"og:locale\" content=\"es_ES\" \/>\n<meta property=\"og:type\" content=\"article\" \/>\n<meta property=\"og:title\" content=\"Hay alerta amarilla por tormentas y lluvias para este lunes 9 de marzo: las provincias afectadas -\" \/>\n<meta property=\"og:description\" content=\"El Servicio Meteorol\u00f3gico Nacional (SMN) emiti\u00f3 una alerta amarilla por tormentas y lluvias para este...\" \/>\n<meta property=\"og:url\" content=\"https:\/\/impactocastex.com.ar\/?p=12716\" \/>\n<meta property=\"article:publisher\" content=\"https:\/\/www.facebook.com\/impactocastexdiario\" \/>\n<meta property=\"article:published_time\" content=\"2026-03-09T06:26:39+00:00\" \/>\n<meta property=\"og:image\" content=\"https:\/\/resizer.glanacion.com\/resizer\/v2\/HPI4QXTXYJDZNG6RLTM67RGIFQ.png?auth=cce4b5ba2fd3c520937bf418269449439dd6b105d8d1c768de1f298ad669a810&amp;smart=true&amp;width=472&amp;height=800\" \/>\n<meta name=\"author\" content=\"impactocastex\" \/>\n<meta name=\"twitter:card\" content=\"summary_large_image\" \/>\n<meta name=\"twitter:label1\" content=\"Escrito por\" \/>\n\t<meta name=\"twitter:data1\" content=\"impactocastex\" \/>\n\t<meta name=\"twitter:label2\" content=\"Tiempo de lectura\" \/>\n\t<meta name=\"twitter:data2\" content=\"4 minutos\" \/>\n<script type=\"application\/ld+json\" class=\"yoast-schema-graph\">{\"@context\":\"https:\\\/\\\/schema.org\",\"@graph\":[{\"@type\":\"Article\",\"@id\":\"https:\\\/\\\/impactocastex.com.ar\\\/?p=12716#article\",\"isPartOf\":{\"@id\":\"https:\\\/\\\/impactocastex.com.ar\\\/?p=12716\"},\"author\":{\"name\":\"impactocastex\",\"@id\":\"https:\\\/\\\/impactocastex.com.ar\\\/#\\\/schema\\\/person\\\/86cb4f827fb5f87869a239b98a69c6e3\"},\"headline\":\"Hay alerta amarilla por tormentas y lluvias para este lunes 9 de marzo: las provincias afectadas\",\"datePublished\":\"2026-03-09T06:26:39+00:00\",\"mainEntityOfPage\":{\"@id\":\"https:\\\/\\\/impactocastex.com.ar\\\/?p=12716\"},\"wordCount\":777,\"publisher\":{\"@id\":\"https:\\\/\\\/impactocastex.com.ar\\\/#organization\"},\"image\":{\"@id\":\"https:\\\/\\\/impactocastex.com.ar\\\/?p=12716#primaryimage\"},\"thumbnailUrl\":\"https:\\\/\\\/impactocastex.com.ar\\\/wp-content\\\/uploads\\\/2026\\\/03\\\/ZN5NJYR47ZBI3CBIKXO4HIVGAY-avWoyL.jpg\",\"articleSection\":[\"NACIONALES\"],\"inLanguage\":\"es\"},{\"@type\":\"WebPage\",\"@id\":\"https:\\\/\\\/impactocastex.com.ar\\\/?p=12716\",\"url\":\"https:\\\/\\\/impactocastex.com.ar\\\/?p=12716\",\"name\":\"Hay alerta amarilla por tormentas y lluvias para este lunes 9 de marzo: las provincias afectadas -\",\"isPartOf\":{\"@id\":\"https:\\\/\\\/impactocastex.com.ar\\\/#website\"},\"primaryImageOfPage\":{\"@id\":\"https:\\\/\\\/impactocastex.com.ar\\\/?p=12716#primaryimage\"},\"image\":{\"@id\":\"https:\\\/\\\/impactocastex.com.ar\\\/?p=12716#primaryimage\"},\"thumbnailUrl\":\"https:\\\/\\\/impactocastex.com.ar\\\/wp-content\\\/uploads\\\/2026\\\/03\\\/ZN5NJYR47ZBI3CBIKXO4HIVGAY-avWoyL.jpg\",\"datePublished\":\"2026-03-09T06:26:39+00:00\",\"breadcrumb\":{\"@id\":\"https:\\\/\\\/impactocastex.com.ar\\\/?p=12716#breadcrumb\"},\"inLanguage\":\"es\",\"potentialAction\":[{\"@type\":\"ReadAction\",\"target\":[\"https:\\\/\\\/impactocastex.com.ar\\\/?p=12716\"]}]},{\"@type\":\"ImageObject\",\"inLanguage\":\"es\",\"@id\":\"https:\\\/\\\/impactocastex.com.ar\\\/?p=12716#primaryimage\",\"url\":\"https:\\\/\\\/impactocastex.com.ar\\\/wp-content\\\/uploads\\\/2026\\\/03\\\/ZN5NJYR47ZBI3CBIKXO4HIVGAY-avWoyL.jpg\",\"contentUrl\":\"https:\\\/\\\/impactocastex.com.ar\\\/wp-content\\\/uploads\\\/2026\\\/03\\\/ZN5NJYR47ZBI3CBIKXO4HIVGAY-avWoyL.jpg\",\"width\":302,\"height\":204},{\"@type\":\"BreadcrumbList\",\"@id\":\"https:\\\/\\\/impactocastex.com.ar\\\/?p=12716#breadcrumb\",\"itemListElement\":[{\"@type\":\"ListItem\",\"position\":1,\"name\":\"Portada\",\"item\":\"https:\\\/\\\/impactocastex.com.ar\\\/\"},{\"@type\":\"ListItem\",\"position\":2,\"name\":\"Hay alerta amarilla por tormentas y lluvias para este lunes 9 de marzo: las provincias afectadas\"}]},{\"@type\":\"WebSite\",\"@id\":\"https:\\\/\\\/impactocastex.com.ar\\\/#website\",\"url\":\"https:\\\/\\\/impactocastex.com.ar\\\/\",\"name\":\"Impacto Castex\",\"description\":\"\",\"publisher\":{\"@id\":\"https:\\\/\\\/impactocastex.com.ar\\\/#organization\"},\"potentialAction\":[{\"@type\":\"SearchAction\",\"target\":{\"@type\":\"EntryPoint\",\"urlTemplate\":\"https:\\\/\\\/impactocastex.com.ar\\\/?s={search_term_string}\"},\"query-input\":{\"@type\":\"PropertyValueSpecification\",\"valueRequired\":true,\"valueName\":\"search_term_string\"}}],\"inLanguage\":\"es\"},{\"@type\":\"Organization\",\"@id\":\"https:\\\/\\\/impactocastex.com.ar\\\/#organization\",\"name\":\"Impacto Castex\",\"url\":\"https:\\\/\\\/impactocastex.com.ar\\\/\",\"logo\":{\"@type\":\"ImageObject\",\"inLanguage\":\"es\",\"@id\":\"https:\\\/\\\/impactocastex.com.ar\\\/#\\\/schema\\\/logo\\\/image\\\/\",\"url\":\"https:\\\/\\\/impactocastex.com.ar\\\/wp-content\\\/uploads\\\/2025\\\/09\\\/cropped-icoweb.png\",\"contentUrl\":\"https:\\\/\\\/impactocastex.com.ar\\\/wp-content\\\/uploads\\\/2025\\\/09\\\/cropped-icoweb.png\",\"width\":512,\"height\":512,\"caption\":\"Impacto Castex\"},\"image\":{\"@id\":\"https:\\\/\\\/impactocastex.com.ar\\\/#\\\/schema\\\/logo\\\/image\\\/\"},\"sameAs\":[\"https:\\\/\\\/www.facebook.com\\\/impactocastexdiario\",\"https:\\\/\\\/www.instagram.com\\\/impactocastex.com.ar\\\/\"]},{\"@type\":\"Person\",\"@id\":\"https:\\\/\\\/impactocastex.com.ar\\\/#\\\/schema\\\/person\\\/86cb4f827fb5f87869a239b98a69c6e3\",\"name\":\"impactocastex\",\"image\":{\"@type\":\"ImageObject\",\"inLanguage\":\"es\",\"@id\":\"https:\\\/\\\/secure.gravatar.com\\\/avatar\\\/9a87ee051ca8c77f5d4070843ce2c78cdf95b858b950fb039151de955122f5f5?s=96&d=mm&r=g\",\"url\":\"https:\\\/\\\/secure.gravatar.com\\\/avatar\\\/9a87ee051ca8c77f5d4070843ce2c78cdf95b858b950fb039151de955122f5f5?s=96&d=mm&r=g\",\"contentUrl\":\"https:\\\/\\\/secure.gravatar.com\\\/avatar\\\/9a87ee051ca8c77f5d4070843ce2c78cdf95b858b950fb039151de955122f5f5?s=96&d=mm&r=g\",\"caption\":\"impactocastex\"},\"sameAs\":[\"https:\\\/\\\/impactocastex.com.ar\"],\"url\":\"https:\\\/\\\/impactocastex.com.ar\\\/?author=1\"}]}<\/script>\n<!-- \/ Yoast SEO plugin. -->","yoast_head_json":{"title":"Hay alerta amarilla por tormentas y lluvias para este lunes 9 de marzo: las provincias afectadas -","robots":{"index":"index","follow":"follow","max-snippet":"max-snippet:-1","max-image-preview":"max-image-preview:large","max-video-preview":"max-video-preview:-1"},"canonical":"https:\/\/impactocastex.com.ar\/?p=12716","og_locale":"es_ES","og_type":"article","og_title":"Hay alerta amarilla por tormentas y lluvias para este lunes 9 de marzo: las provincias afectadas -","og_description":"El Servicio Meteorol\u00f3gico Nacional (SMN) emiti\u00f3 una alerta amarilla por tormentas y lluvias para este...","og_url":"https:\/\/impactocastex.com.ar\/?p=12716","article_publisher":"https:\/\/www.facebook.com\/impactocastexdiario","article_published_time":"2026-03-09T06:26:39+00:00","og_image":[{"url":"https:\/\/resizer.glanacion.com\/resizer\/v2\/HPI4QXTXYJDZNG6RLTM67RGIFQ.png?auth=cce4b5ba2fd3c520937bf418269449439dd6b105d8d1c768de1f298ad669a810&amp;smart=true&amp;width=472&amp;height=800","type":"","width":"","height":""}],"author":"impactocastex","twitter_card":"summary_large_image","twitter_misc":{"Escrito por":"impactocastex","Tiempo de lectura":"4 minutos"},"schema":{"@context":"https:\/\/schema.org","@graph":[{"@type":"Article","@id":"https:\/\/impactocastex.com.ar\/?p=12716#article","isPartOf":{"@id":"https:\/\/impactocastex.com.ar\/?p=12716"},"author":{"name":"impactocastex","@id":"https:\/\/impactocastex.com.ar\/#\/schema\/person\/86cb4f827fb5f87869a239b98a69c6e3"},"headline":"Hay alerta amarilla por tormentas y lluvias para este lunes 9 de marzo: las provincias afectadas","datePublished":"2026-03-09T06:26:39+00:00","mainEntityOfPage":{"@id":"https:\/\/impactocastex.com.ar\/?p=12716"},"wordCount":777,"publisher":{"@id":"https:\/\/impactocastex.com.ar\/#organization"},"image":{"@id":"https:\/\/impactocastex.com.ar\/?p=12716#primaryimage"},"thumbnailUrl":"https:\/\/impactocastex.com.ar\/wp-content\/uploads\/2026\/03\/ZN5NJYR47ZBI3CBIKXO4HIVGAY-avWoyL.jpg","articleSection":["NACIONALES"],"inLanguage":"es"},{"@type":"WebPage","@id":"https:\/\/impactocastex.com.ar\/?p=12716","url":"https:\/\/impactocastex.com.ar\/?p=12716","name":"Hay alerta amarilla por tormentas y lluvias para este lunes 9 de marzo: las provincias afectadas -","isPartOf":{"@id":"https:\/\/impactocastex.com.ar\/#website"},"primaryImageOfPage":{"@id":"https:\/\/impactocastex.com.ar\/?p=12716#primaryimage"},"image":{"@id":"https:\/\/impactocastex.com.ar\/?p=12716#primaryimage"},"thumbnailUrl":"https:\/\/impactocastex.com.ar\/wp-content\/uploads\/2026\/03\/ZN5NJYR47ZBI3CBIKXO4HIVGAY-avWoyL.jpg","datePublished":"2026-03-09T06:26:39+00:00","breadcrumb":{"@id":"https:\/\/impactocastex.com.ar\/?p=12716#breadcrumb"},"inLanguage":"es","potentialAction":[{"@type":"ReadAction","target":["https:\/\/impactocastex.com.ar\/?p=12716"]}]},{"@type":"ImageObject","inLanguage":"es","@id":"https:\/\/impactocastex.com.ar\/?p=12716#primaryimage","url":"https:\/\/impactocastex.com.ar\/wp-content\/uploads\/2026\/03\/ZN5NJYR47ZBI3CBIKXO4HIVGAY-avWoyL.jpg","contentUrl":"https:\/\/impactocastex.com.ar\/wp-content\/uploads\/2026\/03\/ZN5NJYR47ZBI3CBIKXO4HIVGAY-avWoyL.jpg","width":302,"height":204},{"@type":"BreadcrumbList","@id":"https:\/\/impactocastex.com.ar\/?p=12716#breadcrumb","itemListElement":[{"@type":"ListItem","position":1,"name":"Portada","item":"https:\/\/impactocastex.com.ar\/"},{"@type":"ListItem","position":2,"name":"Hay alerta amarilla por tormentas y lluvias para este lunes 9 de marzo: las provincias afectadas"}]},{"@type":"WebSite","@id":"https:\/\/impactocastex.com.ar\/#website","url":"https:\/\/impactocastex.com.ar\/","name":"Impacto Castex","description":"","publisher":{"@id":"https:\/\/impactocastex.com.ar\/#organization"},"potentialAction":[{"@type":"SearchAction","target":{"@type":"EntryPoint","urlTemplate":"https:\/\/impactocastex.com.ar\/?s={search_term_string}"},"query-input":{"@type":"PropertyValueSpecification","valueRequired":true,"valueName":"search_term_string"}}],"inLanguage":"es"},{"@type":"Organization","@id":"https:\/\/impactocastex.com.ar\/#organization","name":"Impacto Castex","url":"https:\/\/impactocastex.com.ar\/","logo":{"@type":"ImageObject","inLanguage":"es","@id":"https:\/\/impactocastex.com.ar\/#\/schema\/logo\/image\/","url":"https:\/\/impactocastex.com.ar\/wp-content\/uploads\/2025\/09\/cropped-icoweb.png","contentUrl":"https:\/\/impactocastex.com.ar\/wp-content\/uploads\/2025\/09\/cropped-icoweb.png","width":512,"height":512,"caption":"Impacto Castex"},"image":{"@id":"https:\/\/impactocastex.com.ar\/#\/schema\/logo\/image\/"},"sameAs":["https:\/\/www.facebook.com\/impactocastexdiario","https:\/\/www.instagram.com\/impactocastex.com.ar\/"]},{"@type":"Person","@id":"https:\/\/impactocastex.com.ar\/#\/schema\/person\/86cb4f827fb5f87869a239b98a69c6e3","name":"impactocastex","image":{"@type":"ImageObject","inLanguage":"es","@id":"https:\/\/secure.gravatar.com\/avatar\/9a87ee051ca8c77f5d4070843ce2c78cdf95b858b950fb039151de955122f5f5?s=96&d=mm&r=g","url":"https:\/\/secure.gravatar.com\/avatar\/9a87ee051ca8c77f5d4070843ce2c78cdf95b858b950fb039151de955122f5f5?s=96&d=mm&r=g","contentUrl":"https:\/\/secure.gravatar.com\/avatar\/9a87ee051ca8c77f5d4070843ce2c78cdf95b858b950fb039151de955122f5f5?s=96&d=mm&r=g","caption":"impactocastex"},"sameAs":["https:\/\/impactocastex.com.ar"],"url":"https:\/\/impactocastex.com.ar\/?author=1"}]}},"jetpack_publicize_connections":[],"featured_image_urls":{"full":["https:\/\/impactocastex.com.ar\/wp-content\/uploads\/2026\/03\/ZN5NJYR47ZBI3CBIKXO4HIVGAY-avWoyL.jpg",302,204,false],"thumbnail":["https:\/\/impactocastex.com.ar\/wp-content\/uploads\/2026\/03\/ZN5NJYR47ZBI3CBIKXO4HIVGAY-avWoyL-150x150.jpg",150,150,true],"medium":["https:\/\/impactocastex.com.ar\/wp-content\/uploads\/2026\/03\/ZN5NJYR47ZBI3CBIKXO4HIVGAY-avWoyL-300x203.jpg",300,203,true],"medium_large":["https:\/\/impactocastex.com.ar\/wp-content\/uploads\/2026\/03\/ZN5NJYR47ZBI3CBIKXO4HIVGAY-avWoyL.jpg",302,204,false],"large":["https:\/\/impactocastex.com.ar\/wp-content\/uploads\/2026\/03\/ZN5NJYR47ZBI3CBIKXO4HIVGAY-avWoyL.jpg",302,204,false],"1536x1536":["https:\/\/impactocastex.com.ar\/wp-content\/uploads\/2026\/03\/ZN5NJYR47ZBI3CBIKXO4HIVGAY-avWoyL.jpg",302,204,false],"2048x2048":["https:\/\/impactocastex.com.ar\/wp-content\/uploads\/2026\/03\/ZN5NJYR47ZBI3CBIKXO4HIVGAY-avWoyL.jpg",302,204,false],"newsever-slider-full":["https:\/\/impactocastex.com.ar\/wp-content\/uploads\/2026\/03\/ZN5NJYR47ZBI3CBIKXO4HIVGAY-avWoyL.jpg",302,204,false],"newsever-featured":["https:\/\/impactocastex.com.ar\/wp-content\/uploads\/2026\/03\/ZN5NJYR47ZBI3CBIKXO4HIVGAY-avWoyL.jpg",302,204,false],"newsever-medium":["https:\/\/impactocastex.com.ar\/wp-content\/uploads\/2026\/03\/ZN5NJYR47ZBI3CBIKXO4HIVGAY-avWoyL.jpg",302,204,false]},"author_info":{"info":["impactocastex"]},"category_info":"<a href=\"https:\/\/impactocastex.com.ar\/?cat=89\" rel=\"category\">NACIONALES<\/a>","tag_info":"NACIONALES","comment_count":0,"jetpack_featured_media_url":"https:\/\/impactocastex.com.ar\/wp-content\/uploads\/2026\/03\/ZN5NJYR47ZBI3CBIKXO4HIVGAY-avWoyL.jpg","jetpack_sharing_enabled":true,"jetpack_likes_enabled":true,"jetpack_shortlink":"https:\/\/wp.me\/p7sopA-3j6","_links":{"self":[{"href":"https:\/\/impactocastex.com.ar\/index.php?rest_route=\/wp\/v2\/posts\/12716","targetHints":{"allow":["GET"]}}],"collection":[{"href":"https:\/\/impactocastex.com.ar\/index.php?rest_route=\/wp\/v2\/posts"}],"about":[{"href":"https:\/\/impactocastex.com.ar\/index.php?rest_route=\/wp\/v2\/types\/post"}],"author":[{"embeddable":true,"href":"https:\/\/impactocastex.com.ar\/index.php?rest_route=\/wp\/v2\/users\/1"}],"replies":[{"embeddable":true,"href":"https:\/\/impactocastex.com.ar\/index.php?rest_route=%2Fwp%2Fv2%2Fcomments&post=12716"}],"version-history":[{"count":0,"href":"https:\/\/impactocastex.com.ar\/index.php?rest_route=\/wp\/v2\/posts\/12716\/revisions"}],"wp:featuredmedia":[{"embeddable":true,"href":"https:\/\/impactocastex.com.ar\/index.php?rest_route=\/wp\/v2\/media\/12717"}],"wp:attachment":[{"href":"https:\/\/impactocastex.com.ar\/index.php?rest_route=%2Fwp%2Fv2%2Fmedia&parent=12716"}],"wp:term":[{"taxonomy":"category","embeddable":true,"href":"https:\/\/impactocastex.com.ar\/index.php?rest_route=%2Fwp%2Fv2%2Fcategories&post=12716"},{"taxonomy":"post_tag","embeddable":true,"href":"https:\/\/impactocastex.com.ar\/index.php?rest_route=%2Fwp%2Fv2%2Ftags&post=12716"}],"curies":[{"name":"wp","href":"https:\/\/api.w.org\/{rel}","templated":true}]}}