{"id":12714,"date":"2026-03-09T03:28:00","date_gmt":"2026-03-09T06:28:00","guid":{"rendered":"https:\/\/impactocastex.com.ar\/?p=12714"},"modified":"2026-03-09T03:28:00","modified_gmt":"2026-03-09T06:28:00","slug":"cuales-son-sus-preferidos-kendall-jenner-tiene-una-coleccion-de-autos-valuada-en-mas-de-5-millones-de-dolares","status":"publish","type":"post","link":"https:\/\/impactocastex.com.ar\/?p=12714","title":{"rendered":"\u00bfCu\u00e1les son sus preferidos? Kendall Jenner tiene una colecci\u00f3n de autos valuada en m\u00e1s de 5 millones de d\u00f3lares"},"content":{"rendered":"<p>Que tiene 28 a\u00f1os, que es la hija de Caitlyn y Kris Jenner, que es hermana de Kylie y que ten\u00eda s\u00f3lo 11 a\u00f1os cuando, en 2007, empez\u00f3 a participar del reality Keeping Up With the Kardashians. Que naci\u00f3 en Los \u00c1ngeles, fue musa de Karl Lagerfeld y una de las favoritas de las pasarelas de Victoria\u2019s Secret. Que, desde 2017, es la modelo mejor paga del mundo y que su fortuna ronda los 60 millones de d\u00f3lares. Que es la influencer m\u00e1s venerada de las redes. Que, tras su romance con el puertorrique\u00f1o Bad Bunny, se la vincula con Jaylen Brown, estrella de los Boston Celtics\u2026 y tambi\u00e9n con Devin Booker, de los Phoenix Suns. <\/p>\n<p><img loading=\"lazy\" decoding=\"async\" src=\"https:\/\/resizer.glanacion.com\/resizer\/v2\/4OD5LYB3WJHUPLTDULR5BCHWZE.jpg?auth=fe68f129d47cec32b7931e9836015abb588cbfdf0f33f5e7369af350acbdc442&amp;smart=true&amp;width=1333&amp;height=2000\" alt=\"En Los \u00c1ngeles, donde habitualmente se la ve manejando sus veh\u00edculos \" height=\"2000\" width=\"1333\" \/><\/p>\n<p>Aunque de la vida de Kendall Jenner se sabe mucho, no todos conocen que los autos son su pasi\u00f3n. O m\u00e1s que eso. Seg\u00fan algunos medios especializados, lo de Jenner con los fierros es casi demencial. \u201cAlgunas personas se vuelven adictas a los tatuajes; yo soy adicta a los autos\u201d, ha confesado. Una pasi\u00f3n que hered\u00f3 de su padre, quien la sumergi\u00f3 en el mundo de los motores desde chica. <\/p>\n<p><img loading=\"lazy\" decoding=\"async\" src=\"https:\/\/resizer.glanacion.com\/resizer\/v2\/AWKEWVBO6ZBWZNZJJGRYHYZOQ4.jpg?auth=2caa27b8dea74595e5516e360f2829bbf4720a6120ddf63132bd9bccac7c94f9&amp;smart=true&amp;width=2000&amp;height=1187\" alt=\"CHEVROLET CORVETTE C1 MINT. Es, quiz\u00e1s, el auto m\u00e1s valioso de su colecci\u00f3n cl\u00e1sica. De primera generaci\u00f3n y con \nfecha de f\u00e1brica de 1957, fue uno de los primeros que \ncompr\u00f3. Jay Leno, el mayor coleccionista de los Estados \nUnidos, la ayud\u00f3 personalmente a conseguirlo\" height=\"1187\" width=\"2000\" \/><img loading=\"lazy\" decoding=\"async\" src=\"https:\/\/resizer.glanacion.com\/resizer\/v2\/IMCTF62VTRDA5OYGPQLRJCEWHM.jpg?auth=7a6d8ddf120de4e7ee482ce08990b490b481bd1e53d5a7757d7108ee615e884c&amp;smart=true&amp;width=2000&amp;height=1333\" alt=\"FORD MUSTANG CONVERTIBLE. Data de 1965. Tiene un motor V8, uno de los m\u00e1s preciados entre autos cl\u00e1sicos americanos. \u201cArriba de mi Mustang me siento una chica cool\u201d, ha contado ella\" height=\"1333\" width=\"2000\" \/><\/p>\n<p>Si bien posee modelos de \u00faltima generaci\u00f3n \u2013como la Ferrari SF90 Stradale, el Lamborghini Urus, el Audi R8 V10+ Coup\u00e9, el Mercedes-AMG G-Class, un Rolls-Royce Dawn\u2013, su gran debilidad son los cl\u00e1sicos: \u201cCada detalle de un auto cl\u00e1sico es mil veces mejor a los del mercado actual\u201d, asegura. <\/p>\n<p><img loading=\"lazy\" decoding=\"async\" src=\"https:\/\/resizer.glanacion.com\/resizer\/v2\/LQI4ITQM5BHM5KUU5CTXGAQAPA.jpg?auth=f53ccd25a1864809faaffb5524f439b6b084363a20d5bf232642d063bb3b5757&amp;smart=true&amp;width=1333&amp;height=2000\" alt=\"PORSCHE 911 CARRERA 4S 993. De 1997, se trata de un modelo legendario: con \u00e9l se cambia la refrigeraci\u00f3n de aire a agua\" height=\"2000\" width=\"1333\" \/><\/p>\n<p>En su colecci\u00f3n, valuada en m\u00e1s de 5 millones de d\u00f3lares, brillan joyas como un Chevrolet Corvette C1, un Cadillac Eldorado y varios Porsche, incluido un 992 Turbo S Cabriolet. Estos tesoros est\u00e1n distribuidos en sus tres mansiones: Mulholland Estates, en Beverly Hills (all\u00ed es donde tiene la mayor\u00eda, tanto los de uso cotidiano como los de exhibi ci\u00f3n), su rancho en Montecito y su refugio en Wyoming. En cada una, mand\u00f3 construir garajes especiales: con clima controlado para preservar la mec\u00e1nica y una iluminaci\u00f3n que resalta los veh\u00edculos, como las obras de arte en una galer\u00eda.<\/p>\n<p><img loading=\"lazy\" decoding=\"async\" src=\"https:\/\/resizer.glanacion.com\/resizer\/v2\/2UIAMND6XNC5PARPZ2JXNEUKLU.jpg?auth=ac0fc2680cfc7b5f7fdaa4fcd4ba275c5ae3e947198679cc215871ae351b61e4&amp;smart=true&amp;width=2000&amp;height=1333\" alt=\"CHEVROLET C10. De 1965, es \u201cla\u201d pick-up vintage. Se trata de un dise\u00f1o ic\u00f3nico americano, de l\u00edneas rectas y elegantes, con caja larga\" height=\"1333\" width=\"2000\" \/><img loading=\"lazy\" decoding=\"async\" src=\"https:\/\/resizer.glanacion.com\/resizer\/v2\/NE2WR2HWHFBV5FXTILW6DAME2E.jpg?auth=2bb1028ac1c04a59e28ece07b3de8fe36e11b09e00b2bb87f002685af6a881ac&amp;smart=true&amp;width=2000&amp;height=1333\" alt=\"CADILLAC ELDORADO. A este auto, fabricado en 1960, lo compr\u00f3 en 2017. De color lila y con el \ntecho removible en morado, es un \u00edcono de la era dorada de Hollywood \" height=\"1333\" width=\"2000\" \/><img loading=\"lazy\" decoding=\"async\" src=\"https:\/\/resizer.glanacion.com\/resizer\/v2\/PEL63G3ZQJG6JCVG4SPXYD6R7U.jpg?auth=3f1a500889c2e1d493d0a56549c612581941d14d86473ad1ca54c0f890b36043&amp;smart=true&amp;width=2000&amp;height=1333\" alt=\"\u201cMe siento en una pel\u00edcula cuando manejo mis autos. Si estoy en mi peor d\u00eda, una de las \u00fanicas cosasque pueden levantarme el humor r\u00e1pidamente essubirme a uno de mis autos y manejar\u201d, dice \" height=\"1333\" width=\"2000\" \/><img loading=\"lazy\" decoding=\"async\" src=\"https:\/\/resizer.glanacion.com\/resizer\/v2\/6T6B6J666JDBTMS2OHBXKKUXNQ.jpg?auth=0b98d99b5c586f17208767f6d87b562955c6cd07332197d9590adbdc4271e41a&amp;smart=true&amp;width=2559&amp;height=3541\" alt=\"La tapa de revista \u00a1Hola! de esta semana\" height=\"3541\" width=\"2559\" \/><\/p>\n<p>\u200bLa modelo e influencer tiene una escuder\u00eda digna de un desfile en la pasarela\u00a0\u00a0<\/p>","protected":false},"excerpt":{"rendered":"<p>Que tiene 28 a\u00f1os, que es la hija de Caitlyn y Kris Jenner, que es&#8230;<\/p>\n","protected":false},"author":1,"featured_media":12715,"comment_status":"closed","ping_status":"closed","sticky":false,"template":"","format":"standard","meta":{"_jetpack_memberships_contains_paid_content":false,"footnotes":"","jetpack_publicize_message":"","jetpack_publicize_feature_enabled":true,"jetpack_social_post_already_shared":true,"jetpack_social_options":{"image_generator_settings":{"template":"highway","default_image_id":0,"font":"","enabled":false},"version":2}},"categories":[89],"tags":[],"class_list":["post-12714","post","type-post","status-publish","format-standard","has-post-thumbnail","hentry","category-nacionales"],"yoast_head":"<!-- This site is optimized with the Yoast SEO plugin v27.4 - https:\/\/yoast.com\/product\/yoast-seo-wordpress\/ -->\n<title>\u00bfCu\u00e1les son sus preferidos? Kendall Jenner tiene una colecci\u00f3n de autos valuada en m\u00e1s de 5 millones de d\u00f3lares -<\/title>\n<meta name=\"robots\" content=\"index, follow, max-snippet:-1, max-image-preview:large, max-video-preview:-1\" \/>\n<link rel=\"canonical\" href=\"https:\/\/impactocastex.com.ar\/?p=12714\" \/>\n<meta property=\"og:locale\" content=\"es_ES\" \/>\n<meta property=\"og:type\" content=\"article\" \/>\n<meta property=\"og:title\" content=\"\u00bfCu\u00e1les son sus preferidos? Kendall Jenner tiene una colecci\u00f3n de autos valuada en m\u00e1s de 5 millones de d\u00f3lares -\" \/>\n<meta property=\"og:description\" content=\"Que tiene 28 a\u00f1os, que es la hija de Caitlyn y Kris Jenner, que es...\" \/>\n<meta property=\"og:url\" content=\"https:\/\/impactocastex.com.ar\/?p=12714\" \/>\n<meta property=\"article:publisher\" content=\"https:\/\/www.facebook.com\/impactocastexdiario\" \/>\n<meta property=\"article:published_time\" content=\"2026-03-09T06:28:00+00:00\" \/>\n<meta property=\"og:image\" content=\"https:\/\/resizer.glanacion.com\/resizer\/v2\/4OD5LYB3WJHUPLTDULR5BCHWZE.jpg?auth=fe68f129d47cec32b7931e9836015abb588cbfdf0f33f5e7369af350acbdc442&amp;smart=true&amp;width=1333&amp;height=2000\" \/>\n<meta name=\"author\" content=\"impactocastex\" \/>\n<meta name=\"twitter:card\" content=\"summary_large_image\" \/>\n<meta name=\"twitter:label1\" content=\"Escrito por\" \/>\n\t<meta name=\"twitter:data1\" content=\"impactocastex\" \/>\n\t<meta name=\"twitter:label2\" content=\"Tiempo de lectura\" \/>\n\t<meta name=\"twitter:data2\" content=\"2 minutos\" \/>\n<script type=\"application\/ld+json\" class=\"yoast-schema-graph\">{\"@context\":\"https:\\\/\\\/schema.org\",\"@graph\":[{\"@type\":\"Article\",\"@id\":\"https:\\\/\\\/impactocastex.com.ar\\\/?p=12714#article\",\"isPartOf\":{\"@id\":\"https:\\\/\\\/impactocastex.com.ar\\\/?p=12714\"},\"author\":{\"name\":\"impactocastex\",\"@id\":\"https:\\\/\\\/impactocastex.com.ar\\\/#\\\/schema\\\/person\\\/86cb4f827fb5f87869a239b98a69c6e3\"},\"headline\":\"\u00bfCu\u00e1les son sus preferidos? Kendall Jenner tiene una colecci\u00f3n de autos valuada en m\u00e1s de 5 millones de d\u00f3lares\",\"datePublished\":\"2026-03-09T06:28:00+00:00\",\"mainEntityOfPage\":{\"@id\":\"https:\\\/\\\/impactocastex.com.ar\\\/?p=12714\"},\"wordCount\":387,\"publisher\":{\"@id\":\"https:\\\/\\\/impactocastex.com.ar\\\/#organization\"},\"image\":{\"@id\":\"https:\\\/\\\/impactocastex.com.ar\\\/?p=12714#primaryimage\"},\"thumbnailUrl\":\"https:\\\/\\\/impactocastex.com.ar\\\/wp-content\\\/uploads\\\/2026\\\/03\\\/VVO7RODJO5CPHLUOKWPR7SJR5Q-0q2uKK.jpg\",\"articleSection\":[\"NACIONALES\"],\"inLanguage\":\"es\"},{\"@type\":\"WebPage\",\"@id\":\"https:\\\/\\\/impactocastex.com.ar\\\/?p=12714\",\"url\":\"https:\\\/\\\/impactocastex.com.ar\\\/?p=12714\",\"name\":\"\u00bfCu\u00e1les son sus preferidos? Kendall Jenner tiene una colecci\u00f3n de autos valuada en m\u00e1s de 5 millones de d\u00f3lares -\",\"isPartOf\":{\"@id\":\"https:\\\/\\\/impactocastex.com.ar\\\/#website\"},\"primaryImageOfPage\":{\"@id\":\"https:\\\/\\\/impactocastex.com.ar\\\/?p=12714#primaryimage\"},\"image\":{\"@id\":\"https:\\\/\\\/impactocastex.com.ar\\\/?p=12714#primaryimage\"},\"thumbnailUrl\":\"https:\\\/\\\/impactocastex.com.ar\\\/wp-content\\\/uploads\\\/2026\\\/03\\\/VVO7RODJO5CPHLUOKWPR7SJR5Q-0q2uKK.jpg\",\"datePublished\":\"2026-03-09T06:28:00+00:00\",\"breadcrumb\":{\"@id\":\"https:\\\/\\\/impactocastex.com.ar\\\/?p=12714#breadcrumb\"},\"inLanguage\":\"es\",\"potentialAction\":[{\"@type\":\"ReadAction\",\"target\":[\"https:\\\/\\\/impactocastex.com.ar\\\/?p=12714\"]}]},{\"@type\":\"ImageObject\",\"inLanguage\":\"es\",\"@id\":\"https:\\\/\\\/impactocastex.com.ar\\\/?p=12714#primaryimage\",\"url\":\"https:\\\/\\\/impactocastex.com.ar\\\/wp-content\\\/uploads\\\/2026\\\/03\\\/VVO7RODJO5CPHLUOKWPR7SJR5Q-0q2uKK.jpg\",\"contentUrl\":\"https:\\\/\\\/impactocastex.com.ar\\\/wp-content\\\/uploads\\\/2026\\\/03\\\/VVO7RODJO5CPHLUOKWPR7SJR5Q-0q2uKK.jpg\",\"width\":2000,\"height\":1333},{\"@type\":\"BreadcrumbList\",\"@id\":\"https:\\\/\\\/impactocastex.com.ar\\\/?p=12714#breadcrumb\",\"itemListElement\":[{\"@type\":\"ListItem\",\"position\":1,\"name\":\"Portada\",\"item\":\"https:\\\/\\\/impactocastex.com.ar\\\/\"},{\"@type\":\"ListItem\",\"position\":2,\"name\":\"\u00bfCu\u00e1les son sus preferidos? Kendall Jenner tiene una colecci\u00f3n de autos valuada en m\u00e1s de 5 millones de d\u00f3lares\"}]},{\"@type\":\"WebSite\",\"@id\":\"https:\\\/\\\/impactocastex.com.ar\\\/#website\",\"url\":\"https:\\\/\\\/impactocastex.com.ar\\\/\",\"name\":\"Impacto Castex\",\"description\":\"\",\"publisher\":{\"@id\":\"https:\\\/\\\/impactocastex.com.ar\\\/#organization\"},\"potentialAction\":[{\"@type\":\"SearchAction\",\"target\":{\"@type\":\"EntryPoint\",\"urlTemplate\":\"https:\\\/\\\/impactocastex.com.ar\\\/?s={search_term_string}\"},\"query-input\":{\"@type\":\"PropertyValueSpecification\",\"valueRequired\":true,\"valueName\":\"search_term_string\"}}],\"inLanguage\":\"es\"},{\"@type\":\"Organization\",\"@id\":\"https:\\\/\\\/impactocastex.com.ar\\\/#organization\",\"name\":\"Impacto Castex\",\"url\":\"https:\\\/\\\/impactocastex.com.ar\\\/\",\"logo\":{\"@type\":\"ImageObject\",\"inLanguage\":\"es\",\"@id\":\"https:\\\/\\\/impactocastex.com.ar\\\/#\\\/schema\\\/logo\\\/image\\\/\",\"url\":\"https:\\\/\\\/impactocastex.com.ar\\\/wp-content\\\/uploads\\\/2025\\\/09\\\/cropped-icoweb.png\",\"contentUrl\":\"https:\\\/\\\/impactocastex.com.ar\\\/wp-content\\\/uploads\\\/2025\\\/09\\\/cropped-icoweb.png\",\"width\":512,\"height\":512,\"caption\":\"Impacto Castex\"},\"image\":{\"@id\":\"https:\\\/\\\/impactocastex.com.ar\\\/#\\\/schema\\\/logo\\\/image\\\/\"},\"sameAs\":[\"https:\\\/\\\/www.facebook.com\\\/impactocastexdiario\",\"https:\\\/\\\/www.instagram.com\\\/impactocastex.com.ar\\\/\"]},{\"@type\":\"Person\",\"@id\":\"https:\\\/\\\/impactocastex.com.ar\\\/#\\\/schema\\\/person\\\/86cb4f827fb5f87869a239b98a69c6e3\",\"name\":\"impactocastex\",\"image\":{\"@type\":\"ImageObject\",\"inLanguage\":\"es\",\"@id\":\"https:\\\/\\\/secure.gravatar.com\\\/avatar\\\/9a87ee051ca8c77f5d4070843ce2c78cdf95b858b950fb039151de955122f5f5?s=96&d=mm&r=g\",\"url\":\"https:\\\/\\\/secure.gravatar.com\\\/avatar\\\/9a87ee051ca8c77f5d4070843ce2c78cdf95b858b950fb039151de955122f5f5?s=96&d=mm&r=g\",\"contentUrl\":\"https:\\\/\\\/secure.gravatar.com\\\/avatar\\\/9a87ee051ca8c77f5d4070843ce2c78cdf95b858b950fb039151de955122f5f5?s=96&d=mm&r=g\",\"caption\":\"impactocastex\"},\"sameAs\":[\"https:\\\/\\\/impactocastex.com.ar\"],\"url\":\"https:\\\/\\\/impactocastex.com.ar\\\/?author=1\"}]}<\/script>\n<!-- \/ Yoast SEO plugin. -->","yoast_head_json":{"title":"\u00bfCu\u00e1les son sus preferidos? Kendall Jenner tiene una colecci\u00f3n de autos valuada en m\u00e1s de 5 millones de d\u00f3lares -","robots":{"index":"index","follow":"follow","max-snippet":"max-snippet:-1","max-image-preview":"max-image-preview:large","max-video-preview":"max-video-preview:-1"},"canonical":"https:\/\/impactocastex.com.ar\/?p=12714","og_locale":"es_ES","og_type":"article","og_title":"\u00bfCu\u00e1les son sus preferidos? Kendall Jenner tiene una colecci\u00f3n de autos valuada en m\u00e1s de 5 millones de d\u00f3lares -","og_description":"Que tiene 28 a\u00f1os, que es la hija de Caitlyn y Kris Jenner, que es...","og_url":"https:\/\/impactocastex.com.ar\/?p=12714","article_publisher":"https:\/\/www.facebook.com\/impactocastexdiario","article_published_time":"2026-03-09T06:28:00+00:00","og_image":[{"url":"https:\/\/resizer.glanacion.com\/resizer\/v2\/4OD5LYB3WJHUPLTDULR5BCHWZE.jpg?auth=fe68f129d47cec32b7931e9836015abb588cbfdf0f33f5e7369af350acbdc442&amp;smart=true&amp;width=1333&amp;height=2000","type":"","width":"","height":""}],"author":"impactocastex","twitter_card":"summary_large_image","twitter_misc":{"Escrito por":"impactocastex","Tiempo de lectura":"2 minutos"},"schema":{"@context":"https:\/\/schema.org","@graph":[{"@type":"Article","@id":"https:\/\/impactocastex.com.ar\/?p=12714#article","isPartOf":{"@id":"https:\/\/impactocastex.com.ar\/?p=12714"},"author":{"name":"impactocastex","@id":"https:\/\/impactocastex.com.ar\/#\/schema\/person\/86cb4f827fb5f87869a239b98a69c6e3"},"headline":"\u00bfCu\u00e1les son sus preferidos? Kendall Jenner tiene una colecci\u00f3n de autos valuada en m\u00e1s de 5 millones de d\u00f3lares","datePublished":"2026-03-09T06:28:00+00:00","mainEntityOfPage":{"@id":"https:\/\/impactocastex.com.ar\/?p=12714"},"wordCount":387,"publisher":{"@id":"https:\/\/impactocastex.com.ar\/#organization"},"image":{"@id":"https:\/\/impactocastex.com.ar\/?p=12714#primaryimage"},"thumbnailUrl":"https:\/\/impactocastex.com.ar\/wp-content\/uploads\/2026\/03\/VVO7RODJO5CPHLUOKWPR7SJR5Q-0q2uKK.jpg","articleSection":["NACIONALES"],"inLanguage":"es"},{"@type":"WebPage","@id":"https:\/\/impactocastex.com.ar\/?p=12714","url":"https:\/\/impactocastex.com.ar\/?p=12714","name":"\u00bfCu\u00e1les son sus preferidos? Kendall Jenner tiene una colecci\u00f3n de autos valuada en m\u00e1s de 5 millones de d\u00f3lares -","isPartOf":{"@id":"https:\/\/impactocastex.com.ar\/#website"},"primaryImageOfPage":{"@id":"https:\/\/impactocastex.com.ar\/?p=12714#primaryimage"},"image":{"@id":"https:\/\/impactocastex.com.ar\/?p=12714#primaryimage"},"thumbnailUrl":"https:\/\/impactocastex.com.ar\/wp-content\/uploads\/2026\/03\/VVO7RODJO5CPHLUOKWPR7SJR5Q-0q2uKK.jpg","datePublished":"2026-03-09T06:28:00+00:00","breadcrumb":{"@id":"https:\/\/impactocastex.com.ar\/?p=12714#breadcrumb"},"inLanguage":"es","potentialAction":[{"@type":"ReadAction","target":["https:\/\/impactocastex.com.ar\/?p=12714"]}]},{"@type":"ImageObject","inLanguage":"es","@id":"https:\/\/impactocastex.com.ar\/?p=12714#primaryimage","url":"https:\/\/impactocastex.com.ar\/wp-content\/uploads\/2026\/03\/VVO7RODJO5CPHLUOKWPR7SJR5Q-0q2uKK.jpg","contentUrl":"https:\/\/impactocastex.com.ar\/wp-content\/uploads\/2026\/03\/VVO7RODJO5CPHLUOKWPR7SJR5Q-0q2uKK.jpg","width":2000,"height":1333},{"@type":"BreadcrumbList","@id":"https:\/\/impactocastex.com.ar\/?p=12714#breadcrumb","itemListElement":[{"@type":"ListItem","position":1,"name":"Portada","item":"https:\/\/impactocastex.com.ar\/"},{"@type":"ListItem","position":2,"name":"\u00bfCu\u00e1les son sus preferidos? Kendall Jenner tiene una colecci\u00f3n de autos valuada en m\u00e1s de 5 millones de d\u00f3lares"}]},{"@type":"WebSite","@id":"https:\/\/impactocastex.com.ar\/#website","url":"https:\/\/impactocastex.com.ar\/","name":"Impacto Castex","description":"","publisher":{"@id":"https:\/\/impactocastex.com.ar\/#organization"},"potentialAction":[{"@type":"SearchAction","target":{"@type":"EntryPoint","urlTemplate":"https:\/\/impactocastex.com.ar\/?s={search_term_string}"},"query-input":{"@type":"PropertyValueSpecification","valueRequired":true,"valueName":"search_term_string"}}],"inLanguage":"es"},{"@type":"Organization","@id":"https:\/\/impactocastex.com.ar\/#organization","name":"Impacto Castex","url":"https:\/\/impactocastex.com.ar\/","logo":{"@type":"ImageObject","inLanguage":"es","@id":"https:\/\/impactocastex.com.ar\/#\/schema\/logo\/image\/","url":"https:\/\/impactocastex.com.ar\/wp-content\/uploads\/2025\/09\/cropped-icoweb.png","contentUrl":"https:\/\/impactocastex.com.ar\/wp-content\/uploads\/2025\/09\/cropped-icoweb.png","width":512,"height":512,"caption":"Impacto Castex"},"image":{"@id":"https:\/\/impactocastex.com.ar\/#\/schema\/logo\/image\/"},"sameAs":["https:\/\/www.facebook.com\/impactocastexdiario","https:\/\/www.instagram.com\/impactocastex.com.ar\/"]},{"@type":"Person","@id":"https:\/\/impactocastex.com.ar\/#\/schema\/person\/86cb4f827fb5f87869a239b98a69c6e3","name":"impactocastex","image":{"@type":"ImageObject","inLanguage":"es","@id":"https:\/\/secure.gravatar.com\/avatar\/9a87ee051ca8c77f5d4070843ce2c78cdf95b858b950fb039151de955122f5f5?s=96&d=mm&r=g","url":"https:\/\/secure.gravatar.com\/avatar\/9a87ee051ca8c77f5d4070843ce2c78cdf95b858b950fb039151de955122f5f5?s=96&d=mm&r=g","contentUrl":"https:\/\/secure.gravatar.com\/avatar\/9a87ee051ca8c77f5d4070843ce2c78cdf95b858b950fb039151de955122f5f5?s=96&d=mm&r=g","caption":"impactocastex"},"sameAs":["https:\/\/impactocastex.com.ar"],"url":"https:\/\/impactocastex.com.ar\/?author=1"}]}},"jetpack_publicize_connections":[],"featured_image_urls":{"full":["https:\/\/impactocastex.com.ar\/wp-content\/uploads\/2026\/03\/VVO7RODJO5CPHLUOKWPR7SJR5Q-0q2uKK.jpg",2000,1333,false],"thumbnail":["https:\/\/impactocastex.com.ar\/wp-content\/uploads\/2026\/03\/VVO7RODJO5CPHLUOKWPR7SJR5Q-0q2uKK-150x150.jpg",150,150,true],"medium":["https:\/\/impactocastex.com.ar\/wp-content\/uploads\/2026\/03\/VVO7RODJO5CPHLUOKWPR7SJR5Q-0q2uKK-300x200.jpg",300,200,true],"medium_large":["https:\/\/impactocastex.com.ar\/wp-content\/uploads\/2026\/03\/VVO7RODJO5CPHLUOKWPR7SJR5Q-0q2uKK-768x512.jpg",640,427,true],"large":["https:\/\/impactocastex.com.ar\/wp-content\/uploads\/2026\/03\/VVO7RODJO5CPHLUOKWPR7SJR5Q-0q2uKK-1024x682.jpg",640,426,true],"1536x1536":["https:\/\/impactocastex.com.ar\/wp-content\/uploads\/2026\/03\/VVO7RODJO5CPHLUOKWPR7SJR5Q-0q2uKK-1536x1024.jpg",1536,1024,true],"2048x2048":["https:\/\/impactocastex.com.ar\/wp-content\/uploads\/2026\/03\/VVO7RODJO5CPHLUOKWPR7SJR5Q-0q2uKK.jpg",2000,1333,false],"newsever-slider-full":["https:\/\/impactocastex.com.ar\/wp-content\/uploads\/2026\/03\/VVO7RODJO5CPHLUOKWPR7SJR5Q-0q2uKK-1280x845.jpg",1280,845,true],"newsever-featured":["https:\/\/impactocastex.com.ar\/wp-content\/uploads\/2026\/03\/VVO7RODJO5CPHLUOKWPR7SJR5Q-0q2uKK-1024x682.jpg",1024,682,true],"newsever-medium":["https:\/\/impactocastex.com.ar\/wp-content\/uploads\/2026\/03\/VVO7RODJO5CPHLUOKWPR7SJR5Q-0q2uKK-720x475.jpg",720,475,true]},"author_info":{"info":["impactocastex"]},"category_info":"<a href=\"https:\/\/impactocastex.com.ar\/?cat=89\" rel=\"category\">NACIONALES<\/a>","tag_info":"NACIONALES","comment_count":0,"jetpack_featured_media_url":"https:\/\/impactocastex.com.ar\/wp-content\/uploads\/2026\/03\/VVO7RODJO5CPHLUOKWPR7SJR5Q-0q2uKK.jpg","jetpack_sharing_enabled":true,"jetpack_likes_enabled":true,"jetpack_shortlink":"https:\/\/wp.me\/p7sopA-3j4","_links":{"self":[{"href":"https:\/\/impactocastex.com.ar\/index.php?rest_route=\/wp\/v2\/posts\/12714","targetHints":{"allow":["GET"]}}],"collection":[{"href":"https:\/\/impactocastex.com.ar\/index.php?rest_route=\/wp\/v2\/posts"}],"about":[{"href":"https:\/\/impactocastex.com.ar\/index.php?rest_route=\/wp\/v2\/types\/post"}],"author":[{"embeddable":true,"href":"https:\/\/impactocastex.com.ar\/index.php?rest_route=\/wp\/v2\/users\/1"}],"replies":[{"embeddable":true,"href":"https:\/\/impactocastex.com.ar\/index.php?rest_route=%2Fwp%2Fv2%2Fcomments&post=12714"}],"version-history":[{"count":0,"href":"https:\/\/impactocastex.com.ar\/index.php?rest_route=\/wp\/v2\/posts\/12714\/revisions"}],"wp:featuredmedia":[{"embeddable":true,"href":"https:\/\/impactocastex.com.ar\/index.php?rest_route=\/wp\/v2\/media\/12715"}],"wp:attachment":[{"href":"https:\/\/impactocastex.com.ar\/index.php?rest_route=%2Fwp%2Fv2%2Fmedia&parent=12714"}],"wp:term":[{"taxonomy":"category","embeddable":true,"href":"https:\/\/impactocastex.com.ar\/index.php?rest_route=%2Fwp%2Fv2%2Fcategories&post=12714"},{"taxonomy":"post_tag","embeddable":true,"href":"https:\/\/impactocastex.com.ar\/index.php?rest_route=%2Fwp%2Fv2%2Ftags&post=12714"}],"curies":[{"name":"wp","href":"https:\/\/api.w.org\/{rel}","templated":true}]}}