{"id":12706,"date":"2026-03-08T15:38:43","date_gmt":"2026-03-08T18:38:43","guid":{"rendered":"https:\/\/impactocastex.com.ar\/?p=12706"},"modified":"2026-03-08T15:38:43","modified_gmt":"2026-03-08T18:38:43","slug":"emily-lucius-y-rodrigo-valladares-macri-celebraron-su-boda-con-estilo-italiano-y-deslumbraron-a-los-invitados-famosos","status":"publish","type":"post","link":"https:\/\/impactocastex.com.ar\/?p=12706","title":{"rendered":"Emily Lucius y Rodrigo Valladares Macri celebraron su boda con estilo italiano y deslumbraron a los invitados famosos"},"content":{"rendered":"<p>Finalmente lleg\u00f3 el momento de la fiesta de casamiento de <b>Emily Lucius <\/b>y <b>Rodrigo Valladares Macri<\/b>, luego de<a href=\"https:\/\/www.lanacion.com.ar\/deportes\/oscar-ruggeri-se-emociono-hasta-las-lagrimas-al-hablar-en-el-casamiento-de-su-hija-cande-nid03032026\/\" target=\"_self\" rel=\"\" title=\"https:\/\/www.lanacion.com.ar\/deportes\/oscar-ruggeri-se-emociono-hasta-las-lagrimas-al-hablar-en-el-casamiento-de-su-hija-cande-nid03032026\/\"> pasar por el registro civil <\/a>el pasado 21 de febrero. Esta vez, la pareja celebr\u00f3 en <b>una imponente fiesta de estilo italiano <\/b>junto sus seres queridos, en una jornada que estuvo marcada por el amor, la diversi\u00f3n y los invitados de lujo que tuvo el evento, que se realiz\u00f3 en una quinta familiar de los Macri en Los Polvorines. Uno de los datos sobresalientes fue que <b>el expresidente Mauricio Macri dijo presente<\/b> en la ceremonia para dar las felicitaciones a su sobrino y su pareja, y se la pas\u00f3 a puro baile. <\/p>\n<figure><video height=\"1280\" width=\"720\" poster=\"https:\/\/cdn.jwplayer.com\/v2\/media\/YAkRaWuR\/poster.jpg?width=720\" preload=\"none\"><\/video><figcaption>Mauricio Macri en el casamiento de Emily Lucius<\/figcaption><\/figure>\n<p>La influencer y el empresario celebraron su casamiento en una jornada que combin\u00f3 la elegancia cl\u00e1sica con un aire mediterr\u00e1neo. La uni\u00f3n, que reuni\u00f3 a familiares y figuras destacadas del mundo del espect\u00e1culo, se desarroll\u00f3 en un entorno natural al aire libre que recre\u00f3 la est\u00e9tica de las bodas europeas. Gracias a las redes sociales,<b> se pudo conocer todos los detalles del festejo y las distintas perlitas que mostraron los asistentes. <\/b><\/p>\n<p><img loading=\"lazy\" decoding=\"async\" src=\"https:\/\/resizer.glanacion.com\/resizer\/v2\/4VI7XTPG6NHCPE3FDCH6S6PACI.png?auth=a96f2658e5e31f972eef2618e7fb3d76857ff6342ce4dea0a5b923776236c8b7&amp;smart=true&amp;width=1169&amp;height=705\" alt=\"Emily no pudo contener la emoci\u00f3n al comunicar su casamiento en las redes sociales\" height=\"705\" width=\"1169\" \/><\/p>\n<p><b>\u201cBendecida y completamente feliz\u201d<\/b>, fue la frase que us\u00f3 Emily para describir <a href=\"https:\/\/www.lanacion.com.ar\/deportes\/charles-leclerc-compartio-videos-y-fotos-ineditas-de-su-boda-intima-con-alexandra-saint-mleux-nid02032026\/\" target=\"_self\" rel=\"\" title=\"https:\/\/www.lanacion.com.ar\/deportes\/charles-leclerc-compartio-videos-y-fotos-ineditas-de-su-boda-intima-con-alexandra-saint-mleux-nid02032026\/\">su gran d\u00eda<\/a> y luego subi\u00f3 una serie de historias a su cuenta de Instagram, donde tiene m\u00e1s de 1,9 millones de seguidores, para mostrar el paso a paso de la celebraci\u00f3n. <\/p>\n<p>\u201cRecomiendo no saltearse la previa a tu boda con personas que te llenen el alma, con personas que al final del d\u00eda agradezcas tenerlas cerca, que est\u00e9n en los malos momentos, que te saquen una sonrisa en momentos dif\u00edciles y siempre te deseen lo mejor\u201d, escribi\u00f3 la novia y mostr\u00f3 una foto con su hermana y sus amigas en los preparativos. <\/p>\n<p><img loading=\"lazy\" decoding=\"async\" src=\"https:\/\/resizer.glanacion.com\/resizer\/v2\/7JARQSKWOZD47KCVR36GBVPHSY.png?auth=c835aab99e60e9a4dfdd75374eb5c1c758c658fd7730a8c64b8189899543316e&amp;smart=true&amp;width=438&amp;height=711\" alt=\"El reconocimiento de Emily a sus amigas\" height=\"711\" width=\"438\" \/><\/p>\n<p>Uno de los momentos m\u00e1s tiernos de la jornada fue cuando<b> el padre de Emily, Miguel \u00c1ngel Licius, vio por primera vez el vestido de novia <\/b>de su hija. Las im\u00e1genes los dicen todo, ya que se lo vio al hombre muy emocionado al apreciar a su hija menor con el atuendo blanco. \u201cMe llevo este momento guardado en mi retina, mi memoria y en mi coraz\u00f3n. <b>Cada nuevo d\u00eda siempre agradeciendo tenerte papi<\/b>. First look de don Miguele. M\u00e1s vale que habl\u00f3 en la ceremonia y adivinen si nos hizo emocionar\u201d, escribi\u00f3 la influencer al mostrar el clip. <\/p>\n<figure><video height=\"1280\" width=\"720\" poster=\"https:\/\/cdn.jwplayer.com\/v2\/media\/KftBbtD5\/poster.jpg?width=720\" preload=\"none\"><\/video><figcaption>La emoci\u00f3n de Emily y sus pap\u00e1 en el casamiento <\/figcaption><\/figure>\n<p>Otra dedicatoria especial fue para su mam\u00e1, Silvia Kairuz, que fue un soporte fundamental para Emily en esta etapa. \u201cQu\u00e9 decir de la mujer m\u00e1s importante de mi vida. <b>Me sobran las palabras para agradecerle, la persona m\u00e1s bondadosa, simple, dulce y hermosa que conozco<\/b>. Eternamente agradecida y bendecida de tenerte\u201d, afirm\u00f3 la novia en sus historias de Instagram junto con una foto de su madre en los preparativos del festejo. <\/p>\n<p><img loading=\"lazy\" decoding=\"async\" src=\"https:\/\/resizer.glanacion.com\/resizer\/v2\/Z7IJYGHKTNG3VET4ITOZ5GBBM4.png?auth=c4e3ac4a47328c836f792cbd1b91bb0c0c871262bd20f2b097283fe6711b7340&amp;smart=true&amp;width=436&amp;height=713\" alt=\"Emily le dedic\u00f3 una menci\u00f3n especial a su madre\" height=\"713\" width=\"436\" \/><\/p>\n<p>La ceremonia comenz\u00f3 a las 19 y estuvo marcada por un clima de gran emoci\u00f3n. La novia hizo su entrada acompa\u00f1ada por su padre y produjo la ternura de todos los presentes, que se fundieron en aplausos y l\u00e1grimas con su ingreso. Para la ocasi\u00f3n, la novia eligi\u00f3 un vestido blanco largo y entallado, con un pronunciado escote en forma de coraz\u00f3n y los hombros al descubierto. Como \u00fanico accesorio, llev\u00f3 un collar de brillantes. <\/p>\n<p><img loading=\"lazy\" decoding=\"async\" src=\"https:\/\/resizer.glanacion.com\/resizer\/v2\/FCRNQLGC65HYRJGGCB7O4Q3RJA.jpg?auth=bd5998ebf7f9ef47b0b5214c621ebd4feb6d701291092ed937cedfee2e9f30a8&amp;smart=true&amp;width=1080&amp;height=1433\" alt=\"Los novios con toda su elegancia (Foto: @emiliylucius)\" height=\"1433\" width=\"1080\" \/><\/p>\n<p>Luego, para la ceremonia central, la influencer opt\u00f3 por un modelo m\u00e1s minimalista con escote coraz\u00f3n, hombros ca\u00eddos y una falda de gran volumen que luc\u00eda una hilera de botones en la espalda. El novio, en tanto, opt\u00f3 por un esmoquin negro cl\u00e1sico, camisa blanca y corbata negra. Fiel a su estilo, <b>ambos se destacaron la elegancia y el toque divertido en la celebraci\u00f3n. <\/b><\/p>\n<p><img loading=\"lazy\" decoding=\"async\" src=\"https:\/\/resizer.glanacion.com\/resizer\/v2\/LRJIWZSRQFDKXLA4VVQZMSKQP4.png?auth=ccfd1840a2bf4f65db4d8074a41695e4a3f5554cfcd1ef57b46f606b21bec73a&amp;smart=true&amp;width=435&amp;height=697\" alt=\"Belu encantada con el casamiento de su hermana menor\" height=\"697\" width=\"435\" \/><\/p>\n<p>Su hermana Belu Lucius fue una de las encargadas de oficiar la ceremonia y le dedic\u00f3 unas tiernas palabras a los reci\u00e9n casados. \u201cSon los t\u00edos perfectos para mis hijos Bauti y Benja.<b> El \u00fanico consejo que yo les puedo dar en este caso es que se escuchen, que sean atentos<\/b>\u201d, asegur\u00f3 la influencer y fue secundada por su marido, Javier Ortega Desio, en el micr\u00f3fono, que tambi\u00e9n se deshizo en elogios: \u201cHermana que la amo con toda mi alma, es mi segunda hermana, no me lo quiero atribuir, pero <b>he ayudado mucho a que suceda este momento hoy<\/b>. Yo voy a estar al lado de ustedes toda la vida mientras est\u00e9 en este plano\u201d, dijo el exjugador de la selecci\u00f3n nacional de rubgy y emocion\u00f3 a todos.<\/p>\n<figure><video height=\"1280\" width=\"720\" poster=\"https:\/\/cdn.jwplayer.com\/v2\/media\/nqGVtoVD\/poster.jpg?width=720\" preload=\"none\"><\/video><figcaption>Las palabras Belu Lucius para su hermana y su esposo <\/figcaption><\/figure>\n<p>Una de joyitas del festejo fue la cantidad de<a href=\"https:\/\/www.lanacion.com.ar\/revista-hola\/el-album-privado-cale-ruggeri-nos-comparte-las-fotos-mas-especiales-de-su-casamiento-con-nicolas-nid05032026\/\" target=\"_self\" rel=\"\" title=\"https:\/\/www.lanacion.com.ar\/revista-hola\/el-album-privado-cale-ruggeri-nos-comparte-las-fotos-mas-especiales-de-su-casamiento-con-nicolas-nid05032026\/\"> invitados famosos<\/a> que tuvo el encuentro, derivado de la actividad profesional de los novios. Entre los invitados se destac\u00f3 Mauricio Macri, quien adem\u00e1s cedi\u00f3 la quinta para la celebraci\u00f3n, y personalidades del espect\u00e1culos como <b>Roc\u00edo Marengo con Eduardo Fort, Mica Viciconte con Fabi\u00e1n Cubero, la Peque Pareto, Fede Bal, Sof\u00eda \u201cJujuy\u201d Jim\u00e9nez, Cande Ruggeri con Nicol\u00e1s Maccari, Oscar Ruggeri y Nancy Otero, Sof\u00eda Pachano, Santi Ramundo, Agus Battioni, Juli Puente, Nico Peralta e Imanol Rodr\u00edguez<\/b>, entre otros. <\/p>\n<p><img loading=\"lazy\" decoding=\"async\" src=\"https:\/\/resizer.glanacion.com\/resizer\/v2\/5PIRMJZQG5AZXPMO3QA4DY3PS4.png?auth=f5c0ef5370734b943f881259011a9e4fc4677175bce2b3f927fc00a5e181b2a0&amp;smart=true&amp;width=442&amp;height=667\" alt=\"Roc\u00edo Marengo y Mica Viciconte junto a la novia\" height=\"667\" width=\"442\" \/><\/p>\n<p><b>\u201c\u00a1Viva el amor! Toda la felicidad del mundo, los quiero\u00bb<\/b>, escribi\u00f3 Marengo al saludar a la pareja en sus redes sociales. \u201cSe casaron Emi y Rodri y todo esto pas\u00f3 en su inolvidable noche de boda. Todo super\u00f3 cualquier sue\u00f1o: <b>fue la noche perfecta<\/b>. Los amo y les deseo una vida hermosa juntos \u00a1Que vivan los novios!\u201c, cont\u00f3 el periodista Nico Peralta al compartir im\u00e1genes de la fiesta. <\/p>\n<p><img loading=\"lazy\" decoding=\"async\" src=\"https:\/\/resizer.glanacion.com\/resizer\/v2\/CFY7L7W7TBF4JFCXBQFKCTG4SY.png?auth=7a03153cbceaa35f766fa2ff0e5474882f1a0a0d2ce91d05d079688b67aea560&amp;smart=true&amp;width=435&amp;height=728\" alt=\"El saludo de Nico Peralta para los novios\" height=\"728\" width=\"435\" \/><\/p>\n<p>La decoraci\u00f3n result\u00f3 uno de los aspectos m\u00e1s comentados del evento, ya que los novios se alejaron de los altares sobrios y tradicionales para apostar por una est\u00e9tica c\u00e1lida y vibrante. El escenario principal cont\u00f3 con un arco circular de flores naturales compuesto por rosas en tonos amarillos intensos y naranjas, sumadas a follaje verde silvestre y flores blancas. Esta elecci\u00f3n crom\u00e1tica busc\u00f3 transmitir una sensaci\u00f3n de vitalidad y frescura estival. <\/p>\n<p><img loading=\"lazy\" decoding=\"async\" src=\"https:\/\/resizer.glanacion.com\/resizer\/v2\/WOEHZUFFHFFRHGLW2BF2TEYXAU.png?auth=786c4de2e1a3930172803705de7ae9a89974b2aa613f7f51bb95b2f12079ee0a&amp;smart=true&amp;width=429&amp;height=715\" alt=\"La pareja ya comiena su nueva vida de casados\" height=\"715\" width=\"429\" \/><\/p>\n<p>\u201c<b>La boda fue tem\u00e1tica italiana. Quer\u00edamos algo diferente<\/b>, nos la re jugamos pero sabemos que si hay una ambientadora que todo lo logra es Pauli de @thefunfactory_ !!! Ninguno pudo creer lo incre\u00edble que qued\u00f3!!\u201d, elogi\u00f3 Emily en sus redes al equipo de producci\u00f3n del evento. <\/p>\n<p><img loading=\"lazy\" decoding=\"async\" src=\"https:\/\/resizer.glanacion.com\/resizer\/v2\/HOP2QCFN6VGI7PZ74UHRBLSO2M.jpg?auth=3646f5a104869f436d424aa4d58bc22d22f62667531d5a283a92d85e6c27368d&amp;smart=true&amp;width=1080&amp;height=1193\" alt=\"Muchas personalidades del espect\u00e1culo dijeron presente en la fiesta\" height=\"1193\" width=\"1080\" \/><\/p>\n<p>La celebraci\u00f3n de Emily y Rodri demostr\u00f3 la intenci\u00f3n de integrar el lujo con la calidez de un entorno natural, en lo que result\u00f3 una fiesta con tono exclusivo y ameno. Como era de esperarse, capt\u00f3 el inter\u00e9s de los medios y del p\u00fablico en redes sociales, donde cientos de usuarios comentaron los posteos en redes sociales. <\/p>\n<p>El evento finaliz\u00f3 como una jornada de celebraci\u00f3n del amor y la amistad, donde los invitados quedaron felices de particiar de una de las celebraciones m\u00e1s comentadas de la temporada actual. Mientras tanto, <b>la pareja ya se alista para comenzar su nueva vida de casados. <\/b><\/p>\n<p>\u200bLa influencer y el empresario sellaron su v\u00ednculo en una ceremonia al aire libre marcada por una est\u00e9tica vibrante y la presencia de numerosas figuras del espect\u00e1culo; el expresidente Mauricio Macri tambi\u00e9n dijo presente\u00a0\u00a0<\/p>","protected":false},"excerpt":{"rendered":"<p>Finalmente lleg\u00f3 el momento de la fiesta de casamiento de Emily Lucius y Rodrigo Valladares&#8230;<\/p>\n","protected":false},"author":1,"featured_media":12707,"comment_status":"closed","ping_status":"closed","sticky":false,"template":"","format":"standard","meta":{"_jetpack_memberships_contains_paid_content":false,"footnotes":"","jetpack_publicize_message":"","jetpack_publicize_feature_enabled":true,"jetpack_social_post_already_shared":true,"jetpack_social_options":{"image_generator_settings":{"template":"highway","default_image_id":0,"font":"","enabled":false},"version":2}},"categories":[89],"tags":[],"class_list":["post-12706","post","type-post","status-publish","format-standard","has-post-thumbnail","hentry","category-nacionales"],"yoast_head":"<!-- This site is optimized with the Yoast SEO plugin v27.4 - https:\/\/yoast.com\/product\/yoast-seo-wordpress\/ -->\n<title>Emily Lucius y Rodrigo Valladares Macri celebraron su boda con estilo italiano y deslumbraron a los invitados famosos -<\/title>\n<meta name=\"robots\" content=\"index, follow, max-snippet:-1, max-image-preview:large, max-video-preview:-1\" \/>\n<link rel=\"canonical\" href=\"https:\/\/impactocastex.com.ar\/?p=12706\" \/>\n<meta property=\"og:locale\" content=\"es_ES\" \/>\n<meta property=\"og:type\" content=\"article\" \/>\n<meta property=\"og:title\" content=\"Emily Lucius y Rodrigo Valladares Macri celebraron su boda con estilo italiano y deslumbraron a los invitados famosos -\" \/>\n<meta property=\"og:description\" content=\"Finalmente lleg\u00f3 el momento de la fiesta de casamiento de Emily Lucius y Rodrigo Valladares...\" \/>\n<meta property=\"og:url\" content=\"https:\/\/impactocastex.com.ar\/?p=12706\" \/>\n<meta property=\"article:publisher\" content=\"https:\/\/www.facebook.com\/impactocastexdiario\" \/>\n<meta property=\"article:published_time\" content=\"2026-03-08T18:38:43+00:00\" \/>\n<meta property=\"og:image\" content=\"https:\/\/resizer.glanacion.com\/resizer\/v2\/4VI7XTPG6NHCPE3FDCH6S6PACI.png?auth=a96f2658e5e31f972eef2618e7fb3d76857ff6342ce4dea0a5b923776236c8b7&amp;smart=true&amp;width=1169&amp;height=705\" \/>\n<meta name=\"author\" content=\"impactocastex\" \/>\n<meta name=\"twitter:card\" content=\"summary_large_image\" \/>\n<meta name=\"twitter:label1\" content=\"Escrito por\" \/>\n\t<meta name=\"twitter:data1\" content=\"impactocastex\" \/>\n\t<meta name=\"twitter:label2\" content=\"Tiempo de lectura\" \/>\n\t<meta name=\"twitter:data2\" content=\"6 minutos\" \/>\n<script type=\"application\/ld+json\" class=\"yoast-schema-graph\">{\"@context\":\"https:\\\/\\\/schema.org\",\"@graph\":[{\"@type\":\"Article\",\"@id\":\"https:\\\/\\\/impactocastex.com.ar\\\/?p=12706#article\",\"isPartOf\":{\"@id\":\"https:\\\/\\\/impactocastex.com.ar\\\/?p=12706\"},\"author\":{\"name\":\"impactocastex\",\"@id\":\"https:\\\/\\\/impactocastex.com.ar\\\/#\\\/schema\\\/person\\\/86cb4f827fb5f87869a239b98a69c6e3\"},\"headline\":\"Emily Lucius y Rodrigo Valladares Macri celebraron su boda con estilo italiano y deslumbraron a los invitados famosos\",\"datePublished\":\"2026-03-08T18:38:43+00:00\",\"mainEntityOfPage\":{\"@id\":\"https:\\\/\\\/impactocastex.com.ar\\\/?p=12706\"},\"wordCount\":1241,\"publisher\":{\"@id\":\"https:\\\/\\\/impactocastex.com.ar\\\/#organization\"},\"image\":{\"@id\":\"https:\\\/\\\/impactocastex.com.ar\\\/?p=12706#primaryimage\"},\"thumbnailUrl\":\"https:\\\/\\\/impactocastex.com.ar\\\/wp-content\\\/uploads\\\/2026\\\/03\\\/RDZF5CPC25GBTBOCF36X35UOEE-S0JTIZ.jpg\",\"articleSection\":[\"NACIONALES\"],\"inLanguage\":\"es\"},{\"@type\":\"WebPage\",\"@id\":\"https:\\\/\\\/impactocastex.com.ar\\\/?p=12706\",\"url\":\"https:\\\/\\\/impactocastex.com.ar\\\/?p=12706\",\"name\":\"Emily Lucius y Rodrigo Valladares Macri celebraron su boda con estilo italiano y deslumbraron a los invitados famosos -\",\"isPartOf\":{\"@id\":\"https:\\\/\\\/impactocastex.com.ar\\\/#website\"},\"primaryImageOfPage\":{\"@id\":\"https:\\\/\\\/impactocastex.com.ar\\\/?p=12706#primaryimage\"},\"image\":{\"@id\":\"https:\\\/\\\/impactocastex.com.ar\\\/?p=12706#primaryimage\"},\"thumbnailUrl\":\"https:\\\/\\\/impactocastex.com.ar\\\/wp-content\\\/uploads\\\/2026\\\/03\\\/RDZF5CPC25GBTBOCF36X35UOEE-S0JTIZ.jpg\",\"datePublished\":\"2026-03-08T18:38:43+00:00\",\"breadcrumb\":{\"@id\":\"https:\\\/\\\/impactocastex.com.ar\\\/?p=12706#breadcrumb\"},\"inLanguage\":\"es\",\"potentialAction\":[{\"@type\":\"ReadAction\",\"target\":[\"https:\\\/\\\/impactocastex.com.ar\\\/?p=12706\"]}]},{\"@type\":\"ImageObject\",\"inLanguage\":\"es\",\"@id\":\"https:\\\/\\\/impactocastex.com.ar\\\/?p=12706#primaryimage\",\"url\":\"https:\\\/\\\/impactocastex.com.ar\\\/wp-content\\\/uploads\\\/2026\\\/03\\\/RDZF5CPC25GBTBOCF36X35UOEE-S0JTIZ.jpg\",\"contentUrl\":\"https:\\\/\\\/impactocastex.com.ar\\\/wp-content\\\/uploads\\\/2026\\\/03\\\/RDZF5CPC25GBTBOCF36X35UOEE-S0JTIZ.jpg\",\"width\":2000,\"height\":1333},{\"@type\":\"BreadcrumbList\",\"@id\":\"https:\\\/\\\/impactocastex.com.ar\\\/?p=12706#breadcrumb\",\"itemListElement\":[{\"@type\":\"ListItem\",\"position\":1,\"name\":\"Portada\",\"item\":\"https:\\\/\\\/impactocastex.com.ar\\\/\"},{\"@type\":\"ListItem\",\"position\":2,\"name\":\"Emily Lucius y Rodrigo Valladares Macri celebraron su boda con estilo italiano y deslumbraron a los invitados famosos\"}]},{\"@type\":\"WebSite\",\"@id\":\"https:\\\/\\\/impactocastex.com.ar\\\/#website\",\"url\":\"https:\\\/\\\/impactocastex.com.ar\\\/\",\"name\":\"Impacto Castex\",\"description\":\"\",\"publisher\":{\"@id\":\"https:\\\/\\\/impactocastex.com.ar\\\/#organization\"},\"potentialAction\":[{\"@type\":\"SearchAction\",\"target\":{\"@type\":\"EntryPoint\",\"urlTemplate\":\"https:\\\/\\\/impactocastex.com.ar\\\/?s={search_term_string}\"},\"query-input\":{\"@type\":\"PropertyValueSpecification\",\"valueRequired\":true,\"valueName\":\"search_term_string\"}}],\"inLanguage\":\"es\"},{\"@type\":\"Organization\",\"@id\":\"https:\\\/\\\/impactocastex.com.ar\\\/#organization\",\"name\":\"Impacto Castex\",\"url\":\"https:\\\/\\\/impactocastex.com.ar\\\/\",\"logo\":{\"@type\":\"ImageObject\",\"inLanguage\":\"es\",\"@id\":\"https:\\\/\\\/impactocastex.com.ar\\\/#\\\/schema\\\/logo\\\/image\\\/\",\"url\":\"https:\\\/\\\/impactocastex.com.ar\\\/wp-content\\\/uploads\\\/2025\\\/09\\\/cropped-icoweb.png\",\"contentUrl\":\"https:\\\/\\\/impactocastex.com.ar\\\/wp-content\\\/uploads\\\/2025\\\/09\\\/cropped-icoweb.png\",\"width\":512,\"height\":512,\"caption\":\"Impacto Castex\"},\"image\":{\"@id\":\"https:\\\/\\\/impactocastex.com.ar\\\/#\\\/schema\\\/logo\\\/image\\\/\"},\"sameAs\":[\"https:\\\/\\\/www.facebook.com\\\/impactocastexdiario\",\"https:\\\/\\\/www.instagram.com\\\/impactocastex.com.ar\\\/\"]},{\"@type\":\"Person\",\"@id\":\"https:\\\/\\\/impactocastex.com.ar\\\/#\\\/schema\\\/person\\\/86cb4f827fb5f87869a239b98a69c6e3\",\"name\":\"impactocastex\",\"image\":{\"@type\":\"ImageObject\",\"inLanguage\":\"es\",\"@id\":\"https:\\\/\\\/secure.gravatar.com\\\/avatar\\\/9a87ee051ca8c77f5d4070843ce2c78cdf95b858b950fb039151de955122f5f5?s=96&d=mm&r=g\",\"url\":\"https:\\\/\\\/secure.gravatar.com\\\/avatar\\\/9a87ee051ca8c77f5d4070843ce2c78cdf95b858b950fb039151de955122f5f5?s=96&d=mm&r=g\",\"contentUrl\":\"https:\\\/\\\/secure.gravatar.com\\\/avatar\\\/9a87ee051ca8c77f5d4070843ce2c78cdf95b858b950fb039151de955122f5f5?s=96&d=mm&r=g\",\"caption\":\"impactocastex\"},\"sameAs\":[\"https:\\\/\\\/impactocastex.com.ar\"],\"url\":\"https:\\\/\\\/impactocastex.com.ar\\\/?author=1\"}]}<\/script>\n<!-- \/ Yoast SEO plugin. -->","yoast_head_json":{"title":"Emily Lucius y Rodrigo Valladares Macri celebraron su boda con estilo italiano y deslumbraron a los invitados famosos -","robots":{"index":"index","follow":"follow","max-snippet":"max-snippet:-1","max-image-preview":"max-image-preview:large","max-video-preview":"max-video-preview:-1"},"canonical":"https:\/\/impactocastex.com.ar\/?p=12706","og_locale":"es_ES","og_type":"article","og_title":"Emily Lucius y Rodrigo Valladares Macri celebraron su boda con estilo italiano y deslumbraron a los invitados famosos -","og_description":"Finalmente lleg\u00f3 el momento de la fiesta de casamiento de Emily Lucius y Rodrigo Valladares...","og_url":"https:\/\/impactocastex.com.ar\/?p=12706","article_publisher":"https:\/\/www.facebook.com\/impactocastexdiario","article_published_time":"2026-03-08T18:38:43+00:00","og_image":[{"url":"https:\/\/resizer.glanacion.com\/resizer\/v2\/4VI7XTPG6NHCPE3FDCH6S6PACI.png?auth=a96f2658e5e31f972eef2618e7fb3d76857ff6342ce4dea0a5b923776236c8b7&amp;smart=true&amp;width=1169&amp;height=705","type":"","width":"","height":""}],"author":"impactocastex","twitter_card":"summary_large_image","twitter_misc":{"Escrito por":"impactocastex","Tiempo de lectura":"6 minutos"},"schema":{"@context":"https:\/\/schema.org","@graph":[{"@type":"Article","@id":"https:\/\/impactocastex.com.ar\/?p=12706#article","isPartOf":{"@id":"https:\/\/impactocastex.com.ar\/?p=12706"},"author":{"name":"impactocastex","@id":"https:\/\/impactocastex.com.ar\/#\/schema\/person\/86cb4f827fb5f87869a239b98a69c6e3"},"headline":"Emily Lucius y Rodrigo Valladares Macri celebraron su boda con estilo italiano y deslumbraron a los invitados famosos","datePublished":"2026-03-08T18:38:43+00:00","mainEntityOfPage":{"@id":"https:\/\/impactocastex.com.ar\/?p=12706"},"wordCount":1241,"publisher":{"@id":"https:\/\/impactocastex.com.ar\/#organization"},"image":{"@id":"https:\/\/impactocastex.com.ar\/?p=12706#primaryimage"},"thumbnailUrl":"https:\/\/impactocastex.com.ar\/wp-content\/uploads\/2026\/03\/RDZF5CPC25GBTBOCF36X35UOEE-S0JTIZ.jpg","articleSection":["NACIONALES"],"inLanguage":"es"},{"@type":"WebPage","@id":"https:\/\/impactocastex.com.ar\/?p=12706","url":"https:\/\/impactocastex.com.ar\/?p=12706","name":"Emily Lucius y Rodrigo Valladares Macri celebraron su boda con estilo italiano y deslumbraron a los invitados famosos -","isPartOf":{"@id":"https:\/\/impactocastex.com.ar\/#website"},"primaryImageOfPage":{"@id":"https:\/\/impactocastex.com.ar\/?p=12706#primaryimage"},"image":{"@id":"https:\/\/impactocastex.com.ar\/?p=12706#primaryimage"},"thumbnailUrl":"https:\/\/impactocastex.com.ar\/wp-content\/uploads\/2026\/03\/RDZF5CPC25GBTBOCF36X35UOEE-S0JTIZ.jpg","datePublished":"2026-03-08T18:38:43+00:00","breadcrumb":{"@id":"https:\/\/impactocastex.com.ar\/?p=12706#breadcrumb"},"inLanguage":"es","potentialAction":[{"@type":"ReadAction","target":["https:\/\/impactocastex.com.ar\/?p=12706"]}]},{"@type":"ImageObject","inLanguage":"es","@id":"https:\/\/impactocastex.com.ar\/?p=12706#primaryimage","url":"https:\/\/impactocastex.com.ar\/wp-content\/uploads\/2026\/03\/RDZF5CPC25GBTBOCF36X35UOEE-S0JTIZ.jpg","contentUrl":"https:\/\/impactocastex.com.ar\/wp-content\/uploads\/2026\/03\/RDZF5CPC25GBTBOCF36X35UOEE-S0JTIZ.jpg","width":2000,"height":1333},{"@type":"BreadcrumbList","@id":"https:\/\/impactocastex.com.ar\/?p=12706#breadcrumb","itemListElement":[{"@type":"ListItem","position":1,"name":"Portada","item":"https:\/\/impactocastex.com.ar\/"},{"@type":"ListItem","position":2,"name":"Emily Lucius y Rodrigo Valladares Macri celebraron su boda con estilo italiano y deslumbraron a los invitados famosos"}]},{"@type":"WebSite","@id":"https:\/\/impactocastex.com.ar\/#website","url":"https:\/\/impactocastex.com.ar\/","name":"Impacto Castex","description":"","publisher":{"@id":"https:\/\/impactocastex.com.ar\/#organization"},"potentialAction":[{"@type":"SearchAction","target":{"@type":"EntryPoint","urlTemplate":"https:\/\/impactocastex.com.ar\/?s={search_term_string}"},"query-input":{"@type":"PropertyValueSpecification","valueRequired":true,"valueName":"search_term_string"}}],"inLanguage":"es"},{"@type":"Organization","@id":"https:\/\/impactocastex.com.ar\/#organization","name":"Impacto Castex","url":"https:\/\/impactocastex.com.ar\/","logo":{"@type":"ImageObject","inLanguage":"es","@id":"https:\/\/impactocastex.com.ar\/#\/schema\/logo\/image\/","url":"https:\/\/impactocastex.com.ar\/wp-content\/uploads\/2025\/09\/cropped-icoweb.png","contentUrl":"https:\/\/impactocastex.com.ar\/wp-content\/uploads\/2025\/09\/cropped-icoweb.png","width":512,"height":512,"caption":"Impacto Castex"},"image":{"@id":"https:\/\/impactocastex.com.ar\/#\/schema\/logo\/image\/"},"sameAs":["https:\/\/www.facebook.com\/impactocastexdiario","https:\/\/www.instagram.com\/impactocastex.com.ar\/"]},{"@type":"Person","@id":"https:\/\/impactocastex.com.ar\/#\/schema\/person\/86cb4f827fb5f87869a239b98a69c6e3","name":"impactocastex","image":{"@type":"ImageObject","inLanguage":"es","@id":"https:\/\/secure.gravatar.com\/avatar\/9a87ee051ca8c77f5d4070843ce2c78cdf95b858b950fb039151de955122f5f5?s=96&d=mm&r=g","url":"https:\/\/secure.gravatar.com\/avatar\/9a87ee051ca8c77f5d4070843ce2c78cdf95b858b950fb039151de955122f5f5?s=96&d=mm&r=g","contentUrl":"https:\/\/secure.gravatar.com\/avatar\/9a87ee051ca8c77f5d4070843ce2c78cdf95b858b950fb039151de955122f5f5?s=96&d=mm&r=g","caption":"impactocastex"},"sameAs":["https:\/\/impactocastex.com.ar"],"url":"https:\/\/impactocastex.com.ar\/?author=1"}]}},"jetpack_publicize_connections":[],"featured_image_urls":{"full":["https:\/\/impactocastex.com.ar\/wp-content\/uploads\/2026\/03\/RDZF5CPC25GBTBOCF36X35UOEE-S0JTIZ.jpg",2000,1333,false],"thumbnail":["https:\/\/impactocastex.com.ar\/wp-content\/uploads\/2026\/03\/RDZF5CPC25GBTBOCF36X35UOEE-S0JTIZ-150x150.jpg",150,150,true],"medium":["https:\/\/impactocastex.com.ar\/wp-content\/uploads\/2026\/03\/RDZF5CPC25GBTBOCF36X35UOEE-S0JTIZ-300x200.jpg",300,200,true],"medium_large":["https:\/\/impactocastex.com.ar\/wp-content\/uploads\/2026\/03\/RDZF5CPC25GBTBOCF36X35UOEE-S0JTIZ-768x512.jpg",640,427,true],"large":["https:\/\/impactocastex.com.ar\/wp-content\/uploads\/2026\/03\/RDZF5CPC25GBTBOCF36X35UOEE-S0JTIZ-1024x682.jpg",640,426,true],"1536x1536":["https:\/\/impactocastex.com.ar\/wp-content\/uploads\/2026\/03\/RDZF5CPC25GBTBOCF36X35UOEE-S0JTIZ-1536x1024.jpg",1536,1024,true],"2048x2048":["https:\/\/impactocastex.com.ar\/wp-content\/uploads\/2026\/03\/RDZF5CPC25GBTBOCF36X35UOEE-S0JTIZ.jpg",2000,1333,false],"newsever-slider-full":["https:\/\/impactocastex.com.ar\/wp-content\/uploads\/2026\/03\/RDZF5CPC25GBTBOCF36X35UOEE-S0JTIZ-1280x845.jpg",1280,845,true],"newsever-featured":["https:\/\/impactocastex.com.ar\/wp-content\/uploads\/2026\/03\/RDZF5CPC25GBTBOCF36X35UOEE-S0JTIZ-1024x682.jpg",1024,682,true],"newsever-medium":["https:\/\/impactocastex.com.ar\/wp-content\/uploads\/2026\/03\/RDZF5CPC25GBTBOCF36X35UOEE-S0JTIZ-720x475.jpg",720,475,true]},"author_info":{"info":["impactocastex"]},"category_info":"<a href=\"https:\/\/impactocastex.com.ar\/?cat=89\" rel=\"category\">NACIONALES<\/a>","tag_info":"NACIONALES","comment_count":0,"jetpack_featured_media_url":"https:\/\/impactocastex.com.ar\/wp-content\/uploads\/2026\/03\/RDZF5CPC25GBTBOCF36X35UOEE-S0JTIZ.jpg","jetpack_sharing_enabled":true,"jetpack_likes_enabled":true,"jetpack_shortlink":"https:\/\/wp.me\/p7sopA-3iW","_links":{"self":[{"href":"https:\/\/impactocastex.com.ar\/index.php?rest_route=\/wp\/v2\/posts\/12706","targetHints":{"allow":["GET"]}}],"collection":[{"href":"https:\/\/impactocastex.com.ar\/index.php?rest_route=\/wp\/v2\/posts"}],"about":[{"href":"https:\/\/impactocastex.com.ar\/index.php?rest_route=\/wp\/v2\/types\/post"}],"author":[{"embeddable":true,"href":"https:\/\/impactocastex.com.ar\/index.php?rest_route=\/wp\/v2\/users\/1"}],"replies":[{"embeddable":true,"href":"https:\/\/impactocastex.com.ar\/index.php?rest_route=%2Fwp%2Fv2%2Fcomments&post=12706"}],"version-history":[{"count":0,"href":"https:\/\/impactocastex.com.ar\/index.php?rest_route=\/wp\/v2\/posts\/12706\/revisions"}],"wp:featuredmedia":[{"embeddable":true,"href":"https:\/\/impactocastex.com.ar\/index.php?rest_route=\/wp\/v2\/media\/12707"}],"wp:attachment":[{"href":"https:\/\/impactocastex.com.ar\/index.php?rest_route=%2Fwp%2Fv2%2Fmedia&parent=12706"}],"wp:term":[{"taxonomy":"category","embeddable":true,"href":"https:\/\/impactocastex.com.ar\/index.php?rest_route=%2Fwp%2Fv2%2Fcategories&post=12706"},{"taxonomy":"post_tag","embeddable":true,"href":"https:\/\/impactocastex.com.ar\/index.php?rest_route=%2Fwp%2Fv2%2Ftags&post=12706"}],"curies":[{"name":"wp","href":"https:\/\/api.w.org\/{rel}","templated":true}]}}