{"id":12675,"date":"2026-03-06T15:40:52","date_gmt":"2026-03-06T18:40:52","guid":{"rendered":"https:\/\/impactocastex.com.ar\/?p=12675"},"modified":"2026-03-06T15:40:52","modified_gmt":"2026-03-06T18:40:52","slug":"javier-milei-en-vivo-las-ultimas-medidas-del-gobierno-45","status":"publish","type":"post","link":"https:\/\/impactocastex.com.ar\/?p=12675","title":{"rendered":"Javier Milei, en vivo: las \u00faltimas medidas del Gobierno"},"content":{"rendered":"<p>MENDOZA.- <a href=\"https:\/\/www.lanacion.com.ar\/politica\/el-gobernador-de-mendoza-celebro-el-crecimiento-del-empleo-privado-con-una-cifra-negativa-nid06032026\/\" target=\"_blank\" rel=\"noreferrer\" title=\"https:\/\/www.lanacion.com.ar\/politica\/el-gobernador-de-mendoza-celebro-el-crecimiento-del-empleo-privado-con-una-cifra-negativa-nid06032026\/\">Un dato estad\u00edstico que dej\u00f3 desconcertados a propios y extra\u00f1os. Una lectura oficial \u201cin\u00e9dita\u201d sobre el mercado laboral que gener\u00f3 sorpresa<\/a>. Es que el gobernador radical, Alfredo Cornejo, hoy alineado a la gesti\u00f3n libertaria, \u201ccelebr\u00f3\u201d un ranking del empleo privado en la Argentina donde la provincia cuyana figura en el top 3. Sin embargo, los n\u00fameros son elocuentes: Mendoza figura con una baja en la creaci\u00f3n de trabajo formal, del -0,6%.<\/p>\n<p>De hecho, desde hace m\u00e1s de una d\u00e9cada que la tierra del sol y del buen vino no logra repuntar en las mediciones, con una clara \u201cmeseta\u201d en la incorporaci\u00f3n de ciudadanos al sector registrado. Adem\u00e1s, es una de las deudas pendientes, marcada con fuerza por los empresarios, quienes vienen solicitando mayores reducciones impositivas, sobre todo de Ingresos Brutos, para poder activar el mercado y repuntar en la creaci\u00f3n de puestos de trabajo, m\u00e1s alla de la realidad de otras provincias, que incluso tienen un alto empleo p\u00fablico. De hecho, existen propuestas en ese sentido de rebaja impositiva que hicieron llegar a las distintas gestiones, en los \u00faltimos a\u00f1os, de la mano de la Fundaci\u00f3n Mediterr\u00e1nea, tal como cont\u00f3 <b>LA NACI\u00d3N<\/b> en varias oportunidades.<\/p>\n<p>MIAMI.- <a href=\"https:\/\/www.lanacion.com.ar\/politica\/javier-milei-viaja-a-miami-para-participar-de-una-cumbre-con-trump-en-plena-escalada-belica-en-medio-nid06032026\/\" target=\"_blank\" rel=\"noreferrer\" title=\"https:\/\/www.lanacion.com.ar\/politica\/javier-milei-viaja-a-miami-para-participar-de-una-cumbre-con-trump-en-plena-escalada-belica-en-medio-nid06032026\/\"><b>Javier Milei<\/b> vuelve a Estados Unidos esta noche en un viaje de seis d\u00edas con un doble objetivo<\/a>: primero, reforzar la alianza estrat\u00e9gica incondicional con<b> Donald Trump<\/b>, con quien se encontrar\u00e1 en una cumbre en esta ciudad junto a otros once mandatarios latinoamericanos aliados de la Casa Blanca, y luego, en Nueva York, impulsar la agenda de captaci\u00f3n de inversiones del Gobierno con la denominada \u201cArgentina Week\u201d.<\/p>\n<p>Est\u00e1 previsto que el Presidente y su comitiva lleguen a Miami a las 20.30 (hora local, las 22.30 de la Argentina) y se alojar\u00e1n muy cerca del aeropuerto internacional, en el mismo lugar donde desde el mediod\u00eda de ma\u00f1ana se desarrollar\u00e1 la cumbre \u201cEscudo de las Am\u00e9ricas\u201d: el Trump National Doral Miami, un resort con campo de golf del consorcio del magnate.<\/p>\n<p>El l\u00edder libertario estar\u00e1 acompa\u00f1ado por su hermana y secretaria general de la Presidencia, <b>Karina Milei<\/b>; el canciller <b>Pablo Quirno<\/b>, y el jefe de Gabinete, <b>Manuel Adorni<\/b>. Ser\u00e1 una visita expr\u00e9s a la ciudad del sur del estado de Florida, desde donde la comitiva partir\u00e1 el s\u00e1bado por la noche a Nueva York. All\u00ed se sumar\u00e1n otros funcionarios del Gobierno.<\/p>\n<p><a href=\"https:\/\/www.lanacion.com.ar\/economia\/se-dispara-el-petroleo-y-le-pone-presion-a-los-precios-de-la-nafta-pero-promete-ingresos-nid06032026\/\" target=\"_blank\" rel=\"noreferrer\" title=\"https:\/\/www.lanacion.com.ar\/economia\/se-dispara-el-petroleo-y-le-pone-presion-a-los-precios-de-la-nafta-pero-promete-ingresos-nid06032026\/\">Marzo comenz\u00f3 con una fuerte suba del <b>precio internacional del petr\u00f3leo, que trep\u00f3 cerca de 17% <\/b>tras la decisi\u00f3n de Estados Unidos e Israel de atacar a Ir\u00e1n<\/a> y la posterior respuesta del r\u00e9gimen iran\u00ed contra posiciones estrat\u00e9gicas de energ\u00eda en Medio Oriente, una de las principales regiones proveedoras de gas y crudo del mundo.<\/p>\n<p><b>La escalada geopol\u00edtica impuls\u00f3 el valor del barril en casi US$20 en la \u00faltima semana, hasta alcanzar los US$90<\/b>. En lo que va del a\u00f1o, el Brent \u2014la cotizaci\u00f3n internacional que se toma como referencia en el mercado dom\u00e9stico\u2014 <b>acumula un alza de 49%. <\/b>Esto trae alivio para las petroleras que, desde hace algunos a\u00f1os, se convirtieron en exportadoras netas de crudo, pero genera presi\u00f3n sobre las empresas refinadoras que venden combustibles en el mercado interno.<\/p>\n<p><b>El impacto negativo podr\u00eda trasladarse a la inflaci\u00f3n.<\/b> Los mayores costos internacionales podr\u00edan presionar al alza el precio en surtidor de la nafta y el gasoil. En los pr\u00f3ximos d\u00edas se ver\u00e1 c\u00f3mo administra la situaci\u00f3n YPF, que concentra el 55% del despacho de combustibles en el pa\u00eds.<\/p>\n<p><a href=\"https:\/\/www.lanacion.com.ar\/politica\/sebastian-amerio-asumira-al-frente-de-la-procuracion-del-tesoro-de-la-nacion-nid06032026\/\" target=\"_blank\" rel=\"noreferrer\" title=\"https:\/\/www.lanacion.com.ar\/politica\/sebastian-amerio-asumira-al-frente-de-la-procuracion-del-tesoro-de-la-nacion-nid06032026\/\"><b>Sebasti\u00e1n Amerio<\/b>, hasta el mi\u00e9rcoles secretario de Justicia, ser\u00e1 el nuevo procurador del Tesoro de la Naci\u00f3n<\/a> (PTN), jefe de los abogados del Estado. Desde comienzos del a\u00f1o pasado, ese cargo lo ocupaba <a href=\"https:\/\/www.lanacion.com.ar\/politica\/quien-es-santiago-castro-videla-el-nuevo-jefe-de-los-abogados-del-estado-nid28012025\/\" rel=\"\" title=\"https:\/\/www.lanacion.com.ar\/politica\/quien-es-santiago-castro-videla-el-nuevo-jefe-de-los-abogados-del-estado-nid28012025\/\"><b>Santiago Castro Videla<\/b>,<\/a> que ahora ser\u00e1 subprocurador, informaron fuentes del Gobierno.<\/p>\n<p>La designaci\u00f3n se da luego del desplazamiento de Amerio de su cargo de n\u00famero dos del Ministerio de Justicia.<\/p>\n<p>A diferencia de la situaci\u00f3n de Mariano C\u00faneo Libarona, el ministro saliente, el desplazamiento de Amerio fue una sorpresa y confirm\u00f3 una victoria del sector de <b>Karina Milei<\/b> por sobre el del asesor presidencial, <b>Santiago Caputo<\/b>, a quien responde directamente Amerio.<\/p>\n<p>La Argentina mantuvo en los \u00faltimos meses <a href=\"https:\/\/www.lanacion.com.ar\/economia\/la-argentina-suma-conversaciones-con-varios-paises-para-financiarse-sin-volver-a-wall-street-nid05032026\/\" target=\"_blank\" rel=\"noreferrer\" title=\"https:\/\/www.lanacion.com.ar\/economia\/la-argentina-suma-conversaciones-con-varios-paises-para-financiarse-sin-volver-a-wall-street-nid05032026\/\">conversaciones con varios pa\u00edses con los que el Gobierno de <b>Javier Milei<\/b> construy\u00f3 buenas relaciones<\/a> desde su llegada al poder sobre posibles cr\u00e9ditos bilaterales, seg\u00fan confirm\u00f3 <i>LA NACION<\/i> con fuentes que tienen conocimiento directo del tema.<\/p>\n<p>El pr\u00f3ximo vencimiento relevante que enfrenta el pa\u00eds es el pago de <b>US$4200 millones el 9 de julio<\/b> a bonistas privados, un compromiso que aparece en el radar del equipo econ\u00f3mico mientras analiza distintas v\u00edas de financiamiento. En el Ministerio de Econom\u00eda se limitaron a responder: \u201cTodo lo que se defina se anunciar\u00e1 oficialmente\u201d.<\/p>\n<p>Entre esas opciones aparece la posibilidad de <b>pr\u00e9stamos entre pa\u00edses<\/b>, una alternativa que eval\u00faa el ministro de Econom\u00eda, <b>Luis Caputo<\/b>, para conseguir recursos que el Gobierno considera potencialmente m\u00e1s baratos que una colocaci\u00f3n de deuda en los mercados internacionales. La idea fue, de hecho, una de las que m\u00e1s sorpresa gener\u00f3 entre inversores y analistas que mantuvieron reuniones con funcionarios del equipo econ\u00f3mico en las \u00faltimas semanas.<\/p>\n<p>El destituido capit\u00e1n de nav\u00edo <a href=\"https:\/\/www.lanacion.com.ar\/politica\/ara-san-juan-el-exjefe-de-la-fuerza-de-submarinos-se-declaro-inocente-en-el-juicio-por-el-nid06032026\/\" target=\"_blank\" rel=\"noreferrer\" title=\"https:\/\/www.lanacion.com.ar\/politica\/ara-san-juan-el-exjefe-de-la-fuerza-de-submarinos-se-declaro-inocente-en-el-juicio-por-el-nid06032026\/\"><b>Claudio Villamide<\/b>, exjefe de la Fuerza de Submarinos de la Armada, se declar\u00f3 inocente<\/a> ante el tribunal del juicio por el hundimiento del ARA San Juan, que provoc\u00f3 la muerte de sus 44 tripulantes a finales de 2017.<\/p>\n<p><b>\u201cLos cargos que se me hacen son injustos, son falsos. Soy inocente\u201d<\/b>, dijo Villamide. Neg\u00f3 falencias en el estado operativo de la nave y afirm\u00f3 que las decisiones adoptadas por la conducci\u00f3n de la Armada antes de la \u00faltima misi\u00f3n fueron las adecuadas.<\/p>\n<p>El titular de la Inspecci\u00f3n General de Justicia (IGJ), <b>Daniel V\u00edtolo<\/b>, quien hasta ahora era la cara visible del Gobierno en los avances contra la AFA y que hab\u00eda solicitado incorporar <b>veedores <\/b>a la entidad del f\u00fatbol, present\u00f3 hoy <a href=\"https:\/\/www.lanacion.com.ar\/politica\/mahiques-arranca-la-gestion-con-cambios-y-pedidos-de-renuncia-en-el-ministerio-de-justicia-nid05032026\/\" rel=\"\" title=\"https:\/\/www.lanacion.com.ar\/politica\/mahiques-arranca-la-gestion-con-cambios-y-pedidos-de-renuncia-en-el-ministerio-de-justicia-nid05032026\/\">la renuncia a su cargo<\/a> y dijo que <a href=\"https:\/\/www.lanacion.com.ar\/politica\/vitolo-renuncio-a-la-igj-lamento-no-haber-podido-culminar-su-tarea-contra-ambitos-considerados-nid06032026\/\" target=\"_blank\" rel=\"noreferrer\" title=\"https:\/\/www.lanacion.com.ar\/politica\/vitolo-renuncio-a-la-igj-lamento-no-haber-podido-culminar-su-tarea-contra-ambitos-considerados-nid06032026\/\"><b>lamentaba no haber podido culminar su tarea de \u201cordenar y transparentar\u201d \u00e1mbitos \u201chist\u00f3ricamente considerados intocables\u201d<\/b><\/a>.<\/p>\n<p>\u201cTengo la esperanza de que la pr\u00f3xima gesti\u00f3n contin\u00fae ese camino con vocaci\u00f3n, profesionalidad y responsabilidad, preservando el inter\u00e9s del Estado Nacional y del pueblo argentino <b>por encima de cualquier presi\u00f3n corporativa<\/b>, privilegio sectorial o ideolog\u00eda\u201d, afirm\u00f3 V\u00edtolo en su renuncia.<\/p>\n<p>En su dimisi\u00f3n habl\u00f3 de su tarea contra \u201cestructuras de poder que durante demasiado tiempo parecieron habituadas a actuar al margen de los controles que rigen para el resto de las instituciones de la Rep\u00fablica\u201d.<\/p>\n<p>Lentamente, empez\u00f3 a despertarse el inter\u00e9s por <b>invertir los d\u00f3lares que hasta el momento estaban guardados \u201cdebajo del colch\u00f3n\u201d. <\/b>A un mes de la reglamentaci\u00f3n del R\u00e9gimen de Inocencia Fiscal, tambi\u00e9n denominado por el Gobierno como un \u201cblanqueo popular permanente\u201d, <a href=\"https:\/\/www.lanacion.com.ar\/economia\/dolar\/del-colchon-al-mercado-las-tres-alternativas-de-inversion-en-dolares-que-recomiendan-los-expertos-nid06032026\/\" target=\"_blank\" rel=\"noreferrer\" title=\"https:\/\/www.lanacion.com.ar\/economia\/dolar\/del-colchon-al-mercado-las-tres-alternativas-de-inversion-en-dolares-que-recomiendan-los-expertos-nid06032026\/\">desde las sociedades de bolsa tomaron nota del aumento de las consultas para adherirse a la iniciativa y poner a rendir el dinero<\/a>.<\/p>\n<p>\u201c<b>En las \u00faltimas semanas se registr\u00f3 un aumento en las consultas y en los primeros dep\u00f3sitos de d\u00f3lares que permanec\u00edan fuera del sistema<\/b>. En muchos casos se trata de ahorros que durante a\u00f1os quedaron fuera del circuito financiero por distintos episodios de inestabilidad econ\u00f3mica o regulatoria. Hoy, con un marco m\u00e1s claro y simple, <b>muchos inversores est\u00e1n evaluando volver a canalizarlos hacia el sistema formal\u00bb<\/b>, cont\u00f3 Isabel Botta, <i>product manager <\/i>en Balanz.<\/p>\n<p>El Ministerio de Capital Humano, a trav\u00e9s de la Secretar\u00eda de Trabajo, <a href=\"https:\/\/www.lanacion.com.ar\/politica\/paro-general-el-gobierno-inicia-acciones-contra-uta-y-la-fraternidad-y-los-sindicatos-denuncian-una-nid06032026\/\" target=\"_blank\" rel=\"noreferrer\" title=\"https:\/\/www.lanacion.com.ar\/politica\/paro-general-el-gobierno-inicia-acciones-contra-uta-y-la-fraternidad-y-los-sindicatos-denuncian-una-nid06032026\/\"><b>inici\u00f3 sumarios a los gremios de La Fraternidad y la Uni\u00f3n Tranviaria Automotor<\/b><\/a><b> (UTA)<\/b>, a quienes acusa del incumplimiento de la conciliaci\u00f3n obligatoria durante el \u00faltimo paro nacional, el 19 de febrero pasado.<\/p>\n<p>En la cartera dirigida por <b>Sandra Pettovello<\/b> hab\u00edan advertido a ambos gremios que se abstuvieran de adherir a la huelga. Fue horas antes del \u00faltimo paro general de la Confederaci\u00f3n General del Trabajo (CGT), previa a la aprobaci\u00f3n de la reforma laboral. Entonces, en el ministerio advirtieron que una eventual participaci\u00f3n de los gremios del transporte <b>implicar\u00eda una \u201cviolaci\u00f3n a las normas legales que rigen la conciliaci\u00f3n laboral obligatoria\u201d.<\/b><\/p>\n<p>Tanto la UTA como La Fraternidad estaban en ese momento en conciliaci\u00f3n obligatoria con la Secretar\u00eda de Trabajo desde el 14 de febrero pasado y hasta el 27 de ese mes, por lo que no pod\u00edan adherir, seg\u00fan el ministerio.<\/p>\n<p>En una acci\u00f3n coordinada en m\u00e1s de cien municipios bonaerenses, <a href=\"https:\/\/www.lanacion.com.ar\/politica\/con-la-mira-en-2027-los-libertarios-proponen-eliminar-y-reducir-mas-de-un-centenar-de-tasas-nid06032026\/\" target=\"_blank\" rel=\"noreferrer\" title=\"https:\/\/www.lanacion.com.ar\/politica\/con-la-mira-en-2027-los-libertarios-proponen-eliminar-y-reducir-mas-de-un-centenar-de-tasas-nid06032026\/\"><b>La Libertad Avanza (LLA)<\/b> presentar\u00e1 hoy, en cada concejo deliberante donde tiene representaci\u00f3n, proyectos para eliminar o bien reducir tasas municipales<\/a>. La iniciativa constituye el puntapi\u00e9 inicial de la avanzada libertaria para intentar <b>desalojar al kirchnerismo<\/b> del dominio del territorio bonaerense en las elecciones de 2027.<\/p>\n<p>La propuesta lleva el sello del presidente de LLA de la provincia de Buenos Aires, el diputado nacional <b>Sebasti\u00e1n Pareja,<\/b> y ya cuenta con la venia del presidente <b>Javier Milei<\/b> y de la jefa del partido a nivel nacional, <b>Karina Milei<\/b>. El objetivo es dejar al descubierto a aquellos municipios cuya presi\u00f3n fiscal se ve agravada por el cobro de tasas cuya <b>contraprestaci\u00f3n no aparece clara o bien consideran excesivas<\/b>.<\/p>\n<p>El <a href=\"https:\/\/www.lanacion.com.ar\/economia\/inflacion-para-el-mercado-febrero-marco-27-y-estaria-lejos-de-empezar-con-cero-en-agosto-nid05032026\/\" target=\"_blank\" rel=\"noreferrer\" title=\"https:\/\/www.lanacion.com.ar\/economia\/inflacion-para-el-mercado-febrero-marco-27-y-estaria-lejos-de-empezar-con-cero-en-agosto-nid05032026\/\">consenso de analistas privados confirm\u00f3 hoy que se <b>mantiene muy alejado de las previsiones optimistas<\/b><\/a><b> que repite el ministro de Econom\u00eda, Luis Caputo, sobre la evoluci\u00f3n futura de la inflaci\u00f3n en la Argentina.<\/b><\/p>\n<p>Seg\u00fan el Relevamiento de Expectativas de Mercado (REM), la encuesta local m\u00e1s abarcativas sobre proyecciones de la econom\u00eda que lleva adelante mes a mes el Banco Central (BCRA), <b>el \u00edndice de precios al consumidor (IPC) desactualizado habr\u00eda cerrado en el 2,7% el mes pasado y se ubicar\u00eda entre 2,5% y 2,6% este mes. Postergar\u00eda, de esta manera, la posibilidad de romper el piso del 2% al menos hasta mayo.<\/b> Vale recordar que hasta hace un mes algunos preve\u00edan que eso podr\u00eda suceder en abril.<\/p>\n<p>En la sexta jornada de la guerra en Medio Oriente, el mercado financiero internacional volvi\u00f3 a verse afectado. <b>El d\u00f3lar estadounidense se fortaleci\u00f3 a nivel global <\/b>y eso en la Argentina se tradujo en una suba del tipo de cambio, mientras que<b> el riesgo pa\u00eds se acerc\u00f3 a los 550 puntos b\u00e1sicos<\/b> y las acciones retrocedieron 4% en Wall Street.<\/p>\n<p>En la cuarta rueda de la semana, el <b>d\u00f3lar oficial minorista cerr\u00f3 en las pantallas del Banco Naci\u00f3n a $1425, <\/b>equivalente a una suba de $5 frente al cierre anterior (+0,4%). De todos modos, se trat\u00f3 de un leve rebote, luego de que ayer retrocediera $15. En tanto, el <b>precio promedio en el resto del mercado fue de $1425,47, <\/b>seg\u00fan el relevamiento diario que realiza el Banco Central (BCRA).<\/p>\n<p>El prestigioso medio brit\u00e1nico <i>The Economist<\/i> public\u00f3 un <a href=\"https:\/\/www.economist.com\/the-americas\/2026\/03\/05\/javier-milei-aggressively-celebrates-a-string-of-successes\" rel=\"\" title=\"https:\/\/www.economist.com\/the-americas\/2026\/03\/05\/javier-milei-aggressively-celebrates-a-string-of-successes\">art\u00edculo<\/a> que contiene un an\u00e1lisis del <a href=\"https:\/\/www.lanacion.com.ar\/politica\/the-economist-analizo-el-discurso-de-milei-en-el-congreso-y-hablo-de-arrogancia-y-agresividad-nid06032026\/\" target=\"_blank\" rel=\"noreferrer\" title=\"https:\/\/www.lanacion.com.ar\/politica\/the-economist-analizo-el-discurso-de-milei-en-el-congreso-y-hablo-de-arrogancia-y-agresividad-nid06032026\/\"><b>discurso del presidente Javier Milei en la apertura de sesiones ordinarias del pasado domingo 1 de marzo<\/b><\/a> en el Congreso. A pesar de que la revista semanal con sede en Londres afirm\u00f3 que <b>el libertario tiene logros para celebrar, habl\u00f3 tambi\u00e9n de \u201carrogancia y agresi\u00f3n\u201d en los modos del mandatario.<\/b><\/p>\n<p>El art\u00edculo, titulado<b> \u201cJavier Milei celebra con agresividad una serie de \u00e9xitos\u201d, <\/b>mencion\u00f3 primero que el Gobierno <b>\u201ctuvo unos meses excelentes\u201d, <\/b>por lo que \u201cera de esperar cierta <b>fanfarroner\u00eda <\/b>en su discurso sobre el estado de la Naci\u00f3n\u201d y que adem\u00e1s \u201cfue una oportunidad para esbozar una visi\u00f3n propia de un estadista y conectar con posibles nuevos aliados\u201d.<\/p>\n<p>Fue en ese marco que <i>The Economist<\/i> puso reparos. \u201cEn cambio, su \u00e9xito parece haber generado arrogancia y agresividad. A pesar de haber prometido el a\u00f1o pasado suavizar los insultos, <b>Milei les grit\u00f3 a sus rivales peronistas, <\/b>quienes lo interrumpieron con frecuencia, y el Presidente los llam\u00f3 \u2018asesinos y ladrones\u2019, \u2018golpistas\u2019 y \u2018cavern\u00edcolas\u2019. Se deleit\u00f3 con ello: \u2018me encanta hacerlos llorar\u2019\u201d, detall\u00f3 el medio brit\u00e1nico.<\/p>\n<p>Jueves 12 de julio de 2012. A bordo de un Flecha Bus proveniente de Montevideo, <a href=\"https:\/\/www.lanacion.com.ar\/politica\/espias-rusos-el-novelesco-periplo-de-la-familia-de-belgrano-a-la-que-putin-recibio-con-flores-nid15082024\/?gad_source=1&amp;gad_campaignid=12563814911&amp;gbraid=0AAAAAD3X_xjguwdHUrR1QzZInuBD4DTXD&amp;gclid=Cj0KCQjwt8zABhDKARIsAHXuD7ZLZK3Uaa8oaw_Ey9TC74LBfJQIDcL1JMBeHqMvdnne5BAI4mzFlN0aAlewEALw_wcB\/\" rel=\"\" title=\"https:\/\/www.lanacion.com.ar\/politica\/espias-rusos-el-novelesco-periplo-de-la-familia-de-belgrano-a-la-que-putin-recibio-con-flores-nid15082024\/?gad_source=1&amp;gad_campaignid=12563814911&amp;gbraid=0AAAAAD3X_xjguwdHUrR1QzZInuBD4DTXD&amp;gclid=Cj0KCQjwt8zABhDKARIsAHXuD7ZLZK3Uaa8oaw_Ey9TC74LBfJQIDcL1JMBeHqMvdnne5BAI4mzFlN0aAlewEALw_wcB\/\">Ludwig Gisch entr\u00f3 a la Argentina.<\/a> <a href=\"https:\/\/www.lanacion.com.ar\/politica\/informe-hugo-alconada-mon-revela-los-detalles-de-la-novela-de-espias-rusa-que-ocurrio-en-la-realidad-nid04052025\/\" target=\"_blank\" rel=\"noreferrer\" title=\"https:\/\/www.lanacion.com.ar\/politica\/informe-hugo-alconada-mon-revela-los-detalles-de-la-novela-de-espias-rusa-que-ocurrio-en-la-realidad-nid04052025\/\"><b>Pasaporte austr\u00edaco v\u00e1lido, clase 1984<\/b><\/a>. Pas\u00f3 los controles migratorios y aduaneros sin sobresaltos. Y en la madrugada del viernes 13 lleg\u00f3 a Buenos Aires, donde lo primero que hizo fue <a href=\"https:\/\/www.lanacion.com.ar\/politica\/los-espias-rusos-con-pasaporte-argentino-volvieron-a-moscu-como-parte-del-mayor-trueque-de-nid01082024\/\" rel=\"\" title=\"https:\/\/www.lanacion.com.ar\/politica\/los-espias-rusos-con-pasaporte-argentino-volvieron-a-moscu-como-parte-del-mayor-trueque-de-nid01082024\/\">ultrajar el cad\u00e1ver de su madre.<\/a><\/p>\n<p><a href=\"https:\/\/www.lanacion.com.ar\/politica\/condenaron-por-espionaje-a-la-pareja-rusa-detenida-en-eslovenia-con-pasaportes-argentinos-y-el-nid31072024\/\" rel=\"\" title=\"https:\/\/www.lanacion.com.ar\/politica\/condenaron-por-espionaje-a-la-pareja-rusa-detenida-en-eslovenia-con-pasaportes-argentinos-y-el-nid31072024\/\">Gisch<\/a> tramit\u00f3 la traducci\u00f3n oficial al espa\u00f1ol de la partida de defunci\u00f3n de <b>Helga Tatschke, una argentina que hab\u00eda nacido en el Hospital Alem\u00e1n de Buenos Aires, <\/b>en octubre de 1942 y vivido en la porte\u00f1a avenida Pueyrred\u00f3n, antes de emigrar a \u00c1frica \u2013donde lo tuvo a Gisch- y mudarse luego en Europa, donde muri\u00f3 el 19 de junio de 2010, en Viena, a los 67 a\u00f1os.<\/p>\n<blockquote class=\"twitter-tweet\">\n<p lang=\"es\" dir=\"ltr\">Resumen de lo m\u00e1s importante del Bolet\u00edn Oficial de la Rep\u00fablica Argentina del 05\/03\/2026:<\/p>\n<p>Decreto 133\/2026 &#8211; MINISTERIO DE JUSTICIA<br \/>A partir del 5 de marzo de 2026, el doctor Juan Bautista Mahiques asume como nuevo Ministro de Justicia, tras la renuncia de Mariano C\u00faneo\u2026 <a href=\"https:\/\/t.co\/N6jmHJfYNC\">pic.twitter.com\/N6jmHJfYNC<\/a><\/p>\n<p>\u2014 BOA | Resumen del Bolet\u00edn Oficial de Argentina (@BOAresumenes) <a href=\"https:\/\/twitter.com\/BOAresumenes\/status\/2029480102497517820?ref_src=twsrc%5Etfw\">March 5, 2026<\/a><\/p><\/blockquote>\n<p><a href=\"https:\/\/www.lanacion.com.ar\/politica\/los-gobernadores-activan-agendas-paralelas-para-tratar-de-dinamizar-la-produccion-en-sus-provincias-nid05032026\/\" target=\"_blank\" rel=\"noreferrer\" title=\"https:\/\/www.lanacion.com.ar\/politica\/los-gobernadores-activan-agendas-paralelas-para-tratar-de-dinamizar-la-produccion-en-sus-provincias-nid05032026\/\">Los gobernadores siguen tratando de <b>fortalecer su agenda <\/b>y de establecer contactos que generen efectos productivos positivos en sus territorios<\/a>. En esa l\u00ednea, el chubutense <b>Ignacio Torres<\/b> particip\u00f3 de la reuni\u00f3n del <b>Consejo Interamericano de Comercio y Producci\u00f3n <\/b>(CICyP), mientras que el santafesino <b>Maximiliano Pullaro<\/b> y el neuquino <b>Rolando Figueroa <\/b>firmaron un <b>acuerdo <\/b>impulsar el desarrollo de proveedores vinculados al petr\u00f3leo y gas en<b> Vaca Muerta<\/b>.<\/p>\n<p>Ya son unas 350 las empresas santafesinas que participan en actividades vinculadas al sector energ\u00e9tico, pero el potencial es mayor. \u201cHay un solo camino: <b>la Argentina va a salir adelante solamente si produce m\u00e1s, si logra crecimiento econ\u00f3mico y si genera empleo<\/b>\u201d, plante\u00f3 Pullaro en un acto en la Agencia de Desarrollo Econ\u00f3mico de Neuqu\u00e9n. El acuerdo prev\u00e9 capacitaci\u00f3n t\u00e9cnica y facilitar el intercambio de tecnolog\u00edas.<\/p>\n<p>El mayor proyecto minero de cobre del pa\u00eds todav\u00eda no comenz\u00f3 a construirse y <b>ya enfrenta controversias regulatorias<\/b>. Se trata del proyecto Vicu\u00f1a, que prev\u00e9<a href=\"https:\/\/www.lanacion.com.ar\/economia\/mineria-en-san-juan-los-detalles-del-proyecto-de-vicuna-que-preve-invertir-us7100-millones-en-tres-nid19022026\/\" rel=\"\" title=\"https:\/\/www.lanacion.com.ar\/economia\/mineria-en-san-juan-los-detalles-del-proyecto-de-vicuna-que-preve-invertir-us7100-millones-en-tres-nid19022026\/\"> una inversi\u00f3n de al menos US$7100 millones en San Juan<\/a>, pero algunos aspectos vinculados a la infraestructura el\u00e9ctrica est\u00e1n demorando el inicio de las primeras obras.<\/p>\n<p>Para desarrollar la <a href=\"https:\/\/www.lanacion.com.ar\/economia\/viaje-al-interior-del-megaproyecto-de-cobre-que-podria-convertirse-en-la-mayor-inversion-privada-del-nid09022026\/\" rel=\"\" title=\"https:\/\/www.lanacion.com.ar\/economia\/viaje-al-interior-del-megaproyecto-de-cobre-que-podria-convertirse-en-la-mayor-inversion-privada-del-nid09022026\/\">producci\u00f3n de cobre a m\u00e1s de 4200 metros de altura<\/a>, las empresas mineras planificaron un ambicioso esquema de infraestructura que <b>incluye la construcci\u00f3n de l\u00edneas el\u00e9ctricas de media y alta tensi\u00f3n<\/b> para conectar el complejo con el sistema interconectado nacional.<\/p>\n<p><a href=\"https:\/\/www.lanacion.com.ar\/politica\/el-juez-martinez-de-giorgi-investigara-a-patricia-bullrich-por-la-represion-en-una-marcha-de-nid05032026\/\" target=\"_blank\" rel=\"noreferrer\" title=\"https:\/\/www.lanacion.com.ar\/politica\/el-juez-martinez-de-giorgi-investigara-a-patricia-bullrich-por-la-represion-en-una-marcha-de-nid05032026\/\">El juez federal <b>Marcelo Mart\u00ednez De Giorgi deber\u00e1 investigar<\/b> la denuncia contra la exministra<\/a> de Seguridad, hoy senadora y jefa del bloque de La Libertad Avanza, <b>Patricia Bullrich<\/b>, por la denuncia en su contra por supuestos <b>\u201capremios ilegales y abuso de autoridad\u201d<\/b> a ra\u00edz de un operativo de seguridad en los alrededores del Congreso durante una <b>marcha de jubilados<\/b>.<\/p>\n<p>La decisi\u00f3n fue tomada por los jueces de la Corte Suprema <b>Horacio Rosatti, Carlos Rosenkrantz y Ricardo Lorenzetti<\/b>, en l\u00ednea con el dictamen de la Procuraci\u00f3n General, en el marco de un conflicto de competencia entre ese juzgado federal y otro de la justicia nacional en lo criminal y correccional, para seguir el caso.<\/p>\n<p>A una semana de la sanci\u00f3n en el Congreso de la Naci\u00f3n, el Gobierno promulg\u00f3 este viernes la denominada <b>Ley de Modernizaci\u00f3n Laboral<\/b>, que cambia el esquema de contrataciones en la Argentina. <\/p>\n<p>El Poder Ejecutivo puso en vigencia la<b> <\/b><a href=\"https:\/\/www.boletinoficial.gob.ar\/detalleAviso\/primera\/339128\/20260306\" target=\"_blank\" rel=\"noreferrer\" title=\"https:\/\/www.boletinoficial.gob.ar\/detalleAviso\/primera\/339128\/20260306\"><b>Ley 27.802,<\/b><\/a><b> a trav\u00e9s de la publicaci\u00f3n<\/b> <b>en el Bolet\u00edn Oficial<\/b> del <b>Decreto 137\/2026<\/b>, que cont\u00f3 con las firmas del presidente <b>Javier Milei<\/b>, el jefe de Gabinete, <b>Manuel Adorni<\/b>, y la ministra de Capital Humano, <b>Sandra Pettovello. <\/b><\/p>\n<p><img loading=\"lazy\" decoding=\"async\" src=\"https:\/\/resizer.glanacion.com\/resizer\/v2\/XBQGGSK4ANHQJK4NTDQHJWJHYI.JPG?auth=ae34cd5d571b3ba40f1c155b50db21ba3a8ee6568ee01905028f2de5986813a8&amp;smart=true&amp;width=3000&amp;height=2000\" alt=\"El presidente Javier Milei\" height=\"2000\" width=\"3000\" \/><\/p>\n<p>\u201cEn uso de las facultades conferidas por el art\u00edculo 78 de la Constituci\u00f3n Nacional, prom\u00falgase la Ley N\u00ba 27.802 sancionada por el H. Congreso de la Naci\u00f3n en su sesi\u00f3n del d\u00eda 27 de febrero de 2026\u201d, precisaron. <\/p>\n<p>Como dec\u00eda una vieja cortina radial, en la Argentina una nueva hora comienza. O tal vez sea una nueva era. En el pa\u00eds pol\u00edtico <b>acaba de empezar otra etapa K<\/b>.<\/p>\n<p>Es el tiempo de predominio de la herman\u00edsima presidencial y secretaria general de la presidencia, <b>Karina Milei<\/b>, consolidado con el control de un nuevo ministerio clave, como es el de Justicia, en desmedro del ya declinante poder de <b>Santiago Caputo<\/b>. Un tiempo que empieza a dejar algunas certezas y abri\u00f3 varias inc\u00f3gnitas que el tiempo muy pronto develar\u00e1.<\/p>\n<p>La primera certeza es que se defini\u00f3 la estructura pol\u00edtica cuya misi\u00f3n central tiene una fecha fijada en el calendario: octubre de 2027. El operativo reelecci\u00f3n de <b>Javier Milei <\/b>ya est\u00e1 efectivamente en marcha a cargo del nuevo tri\u00e1ngulo, ahora escaleno, cuyo v\u00e9rtice ocupa Karina Milei y completan los primos <b>Mart\u00edn y Eduardo \u201cLule\u201d Menem<\/b>, al que asiduamente se suma el jefe de Gabinete, <b>Manuel Adorni<\/b>, para convertirse en un rombo.<\/p>\n<p><a href=\"https:\/\/www.lanacion.com.ar\/politica\/nueva-era-k-certezas-y-varias-incognitas-nid05032026\/\">Le\u00e9 el an\u00e1lisis completo ac\u00e1<\/a><\/p>\n<p>El ministro de Justicia, <b>Juan Bautista Mahiques<\/b>, le ofreci\u00f3 a <b>Sebasti\u00e1n Amerio<\/b> la <b>Procuraci\u00f3n del Tesoro de la Naci\u00f3n<\/b>, esto es, la jefatura del cuerpo de abogados del Estado. Fuentes al tanto de la conversaci\u00f3n entre ambos indicaron que el exsecretario de Justicia posterg\u00f3 una respuesta hasta tener una conversaci\u00f3n con su jefe pol\u00edtico, el asesor presidencial <b>Santiago Caputo<\/b>.<\/p>\n<p>El actual procurador del Tesoro es <b>Santiago Castro Videla<\/b>, un acad\u00e9mico surgido de la Universidad Austral. <b>LA NACION<\/b> lo consult\u00f3 sobre su futuro, sin respuesta.<\/p>\n<p><img loading=\"lazy\" decoding=\"async\" src=\"https:\/\/resizer.glanacion.com\/resizer\/v2\/FDWRUVIVYRAFTGRR6JT3GHTFSA.png?auth=a6cbd2e7c6d02f29c5deda394f76263f8039f1a1142bc03a6eb6ba4403709098&amp;smart=true&amp;width=1360&amp;height=910\" alt=\"El Presidente Milei toma juramento al nuevo Ministro de Justicia, Dr. Juan Bautista Mahiques\" height=\"910\" width=\"1360\" \/><\/p>\n<p>El ofrecimiento se conoce luego del encuentro que ambos mantuvieron pasado el mediod\u00eda, luego de la jura de Mahiques, cuando el flamante ministro lleg\u00f3 a la sede de la calle Sarmiento y <b>se enter\u00f3 que en el lugar lo esperaba<\/b> <b>Amerio<\/b>.<\/p>\n<p>La salida de Amerio fue la gran sorpresa de la jornada de ayer para la tropa del asesor presidencial Santiago Caputo, a quien reportaba el ahora exsecretario de Justicia. No as\u00ed el paso al costado de <b>Mariano C\u00faneo Libarona<\/b>, que hab\u00eda presentado su renuncia en octubre y decidi\u00f3 continuar tras recibir un pedido de <b>Karina Milei <\/b>para permanecer hasta marzo.<\/p>\n<p><a href=\"https:\/\/www.lanacion.com.ar\/politica\/juan-bautista-mahiques-se-reunio-con-sebastian-amerio-buscan-un-nuevo-destino-para-el-alfil-de-nid05032026\/\">Le\u00e9 la nota completa ac\u00e1<\/a><\/p>\n<p>La Argentina mantuvo en los \u00faltimos meses conversaciones con varios pa\u00edses con los que el Gobierno de <b>Javier Milei<\/b> construy\u00f3 buenas relaciones desde su llegada al poder sobre posibles cr\u00e9ditos bilaterales, seg\u00fan confirm\u00f3 <i>LA NACION<\/i> con fuentes que tienen conocimiento directo del tema.<\/p>\n<p>El pr\u00f3ximo vencimiento relevante que enfrenta el pa\u00eds es el pago de <b>US$4200 millones el 9 de julio<\/b> a bonistas privados, un compromiso que aparece en el radar del equipo econ\u00f3mico mientras analiza distintas v\u00edas de financiamiento. En el Ministerio de Econom\u00eda se limitaron a responder: \u201cTodo lo que se defina se anunciar\u00e1 oficialmente\u201d.<\/p>\n<p><a href=\"https:\/\/www.lanacion.com.ar\/economia\/la-argentina-suma-conversaciones-con-varios-paises-para-financiarse-sin-volver-a-wall-street-nid05032026\/\">Le\u00e9 la nota completa ac\u00e1<\/a><\/p>\n<p>Apenas horas despu\u00e9s de asumir al frente del Ministerio de Justicia, <b>Juan Bautista Mahiques<\/b> defini\u00f3 hacer modificaciones en el elenco de funcionarios que antes acompa\u00f1aba a Mariano C\u00faneo Libarona en la gesti\u00f3n. El cambio m\u00e1s sensible que pidi\u00f3 fue que salga el titular de la IGJ,<b> Daniel V\u00edtolo<\/b>, quien hasta ahora era la cara visible del Gobierno en la embestida contra la AFA y que hab\u00eda solicitado incorporar <b>veedores <\/b>en la entidad del f\u00fatbol.<\/p>\n<p>Al mismo tiempo, tambi\u00e9n impuls\u00f3 el reemplazo de los titulares de la Unidad de Informaci\u00f3n Financiera (<b>UIF<\/b>), la Oficina Anticorrupci\u00f3n (<b>OA<\/b>) y la <b>Secretar\u00eda de Derechos Humanos<\/b>. Adicionalmente, le ofreci\u00f3 la Procuraci\u00f3n del Tesoro a <b>Sebasti\u00e1n Amerio<\/b>, quien era viceministro de C\u00faneo Libarona y fue sustituido por el karinista Santiago Viola.<\/p>\n<p><a href=\"https:\/\/www.lanacion.com.ar\/politica\/mahiques-arranca-la-gestion-con-cambios-y-pedidos-de-renuncia-en-el-ministerio-de-justicia-nid05032026\/\">Le\u00e9 la nota completa ac\u00e1<\/a><\/p>\n<p>El presidente <a href=\"https:\/\/www.lanacion.com.ar\/politica\/milei-celebro-el-regreso-de-gallo-y-evito-mencionar-a-tapia-nid01032026\/\" rel=\"\" title=\"https:\/\/www.lanacion.com.ar\/politica\/milei-celebro-el-regreso-de-gallo-y-evito-mencionar-a-tapia-nid01032026\/\"><b>Javier Milei<\/b><\/a> le envi\u00f3 este jueves por la tarde un mensaje a la oposici\u00f3n d\u00edas despu\u00e9s de la apertura de sesiones ordinarias en el Congreso y sostuvo: <b>\u201cNo me van a llevar puesto como a [Mauricio] Macri<\/b>\u201d.<\/p>\n<p>Las palabras del jefe de Estado se produjeron en el marco de una entrevista que le concedi\u00f3 a<i> La Cornisa<\/i> (LN+). La charla entre Luis Majul y el l\u00edder de La Libertad Avanza (LLA) se transmitir\u00e1 el pr\u00f3ximo domingo desde las 20.<\/p>\n<p>Tambi\u00e9n, se refiri\u00f3 a <a href=\"https:\/\/www.lanacion.com.ar\/politica\/arca-denuncio-a-la-afa-de-tapia-por-apropiacion-indebida-de-tributos-nid12122025\/\" rel=\"\" title=\"https:\/\/www.lanacion.com.ar\/politica\/arca-denuncio-a-la-afa-de-tapia-por-apropiacion-indebida-de-tributos-nid12122025\/\">la denuncia de ARCA<\/a> contra el titular de la AFA, Claudio \u201cChiqui\u201d Tapia, y el tesorero Pablo Toviggino, por evasi\u00f3n impositiva y retenci\u00f3n de aportes:<b> \u201cSi son culpables, tienen que pagar\u201d<\/b>.<\/p>\n<p><a href=\"https:\/\/www.lanacion.com.ar\/politica\/javier-milei-no-me-van-a-llevar-puesto-como-a-mauricio-macri-nid05032026\/\">Le\u00e9 la nota completa ac\u00e1<\/a><\/p>\n<p>En medio de la conmoci\u00f3n mundial por el conflicto b\u00e9lico desatado por el <a href=\"https:\/\/www.lanacion.com.ar\/estados-unidos\/eeuu-ataco-a-iran-de-forma-preventiva-tras-conocer-los-planes-de-israel-dice-rubio-nid02032026\/\" rel=\"\" title=\"https:\/\/www.lanacion.com.ar\/estados-unidos\/eeuu-ataco-a-iran-de-forma-preventiva-tras-conocer-los-planes-de-israel-dice-rubio-nid02032026\/\">ataque conjunto<\/a> de Estados Unidos e Israel contra Ir\u00e1n, el presidente <b>Javier Milei<\/b> arrancar\u00e1 este viernes al mediod\u00eda un nuevo viaje a territorio norteamericano. Ser\u00e1 el viaje n\u00famero 16 desde que es jefe del Estado.<\/p>\n<p>Tal como ocurri\u00f3 el mes pasado, con la <a href=\"https:\/\/www.lanacion.com.ar\/politica\/en-pleno-debate-de-la-reforma-laboral-milei-viaja-a-washington-para-el-primer-encuentro-del-consejo-nid17022026\/\" rel=\"\" title=\"https:\/\/www.lanacion.com.ar\/politica\/en-pleno-debate-de-la-reforma-laboral-milei-viaja-a-washington-para-el-primer-encuentro-del-consejo-nid17022026\/\">primera reuni\u00f3n<\/a> del Consejo por la Paz, el convocante es el presidente <b>Donald Trump<\/b>, aliado central de la gesti\u00f3n de La Libertad Avanza. Una reuni\u00f3n de \u201calto nivel\u201d que <a href=\"https:\/\/www.lanacion.com.ar\/politica\/la-casa-blanca-confirmo-la-cumbre-de-trump-en-miami-a-la-que-asistira-milei-nid04032026\/\" rel=\"\" title=\"https:\/\/www.lanacion.com.ar\/politica\/la-casa-blanca-confirmo-la-cumbre-de-trump-en-miami-a-la-que-asistira-milei-nid04032026\/\">sostendr\u00e1 Trump el s\u00e1bado con seis presidentes<\/a> del continente en el Trump National Doral Miami, ser\u00e1 la primera escala del viaje, que continuar\u00e1 en Nueva York con la participaci\u00f3n de Milei en el \u201cArgentina week\u201d, organizada para captar inversores por la embajada argentina que encabeza el empresario <b>Alec Oxenford<\/b>. En el medio, el Presidente volver\u00e1 a recibir un premio de una entidad de la comunidad jud\u00eda y se encontrar\u00e1 con empresarios norteamericanos, seg\u00fan se inform\u00f3 en la Casa Rosada.<\/p>\n<p><img loading=\"lazy\" decoding=\"async\" src=\"https:\/\/resizer.glanacion.com\/resizer\/v2\/GZ464SZRLVEQZMIMCQJZ6EQF7Y.jpg?auth=b38419442b5ed79195f3e37d04d04984ca373a0ed89eb02da9d54b9ac2b32322&amp;smart=true&amp;width=6000&amp;height=4000\" alt=\"El presidente Javier Milei junto a su par estadounidense Donald Trump\" height=\"4000\" width=\"6000\" \/><\/p>\n<p>El periplo presidencial no terminar\u00e1 all\u00ed: el mi\u00e9rcoles 11, Milei estar\u00e1 en Santiago de Chile para asistir a la asunci\u00f3n del derechista <b>Antonio Kast<\/b> como nuevo presidente del pa\u00eds vecino. La delegaci\u00f3n norteamericana para ese evento estar\u00e1 encabezada por el subsecretario de Estado, <b>Christopher Landau<\/b>, con la cual se reducen las chances de una visita al pa\u00eds del poderoso secretario de Estado, Marco Rubio, a quien desde el Gobierno esperaban para el jueves 12.<\/p>\n<p>La secretaria general de la Presidencia, <b>Karina Milei<\/b>; el jefe de gabinete, <b>Manuel Adorni<\/b>, y el canciller <b>Pablo Quirno<\/b> formar\u00e1n parte de la comitiva, seg\u00fan fuentes oficiales. Precavido, y con el objetivo de no generar un vac\u00edo en la gesti\u00f3n durante sus d\u00edas de ausencia del pa\u00eds, el Presidente firm\u00f3 ayer un original decreto, que lleva el n\u00famero 130\/26, que designa a cargo de la jefatura de gabinete de modo \u201cinterino\u201d a la ministra de Capital Humano, <b>Sandra Pettovello<\/b>, y en su ausencia a su par de Defensa, <b>Carlos Presti<\/b>.<\/p>\n<p>La reuni\u00f3n de El Doral, convocada por Trump, incluir\u00e1 a presidentes aliados como <b>Santiago Pe\u00f1a<\/b> (Paraguay), <b>Daniel Noboa<\/b> (Ecuador), <b>Nayib Bukele<\/b> (El Salvador), <b>Rodrigo Paz,<\/b> de Bolivia y <b>Nasry Asfura<\/b>, flamante presidente de Honduras desde el 27 de enero pasado. La necesidad de Trump de frenar la influencia de China, su principal adversario econ\u00f3mico y geopol\u00edtico, en la regi\u00f3n, ser\u00e1 seg\u00fan fuentes oficiales uno de los temas clave a tratar en esa reuni\u00f3n, con hasta cinco invitados adicionales por pa\u00eds.<\/p>\n<p><a href=\"https:\/\/www.lanacion.com.ar\/politica\/javier-milei-viaja-otra-vez-a-estados-unidos-y-estara-seis-dias-fuera-del-pais-nid05032026\/\">Le\u00e9 la nota completa ac\u00e1<\/a><\/p>\n<p>\u200bEl minuto a minuto de las decisiones del Presidente, las reacciones de la oposici\u00f3n y las declaraciones de los funcionarios\u00a0\u00a0<\/p>","protected":false},"excerpt":{"rendered":"<p>MENDOZA.- Un dato estad\u00edstico que dej\u00f3 desconcertados a propios y extra\u00f1os. Una lectura oficial \u201cin\u00e9dita\u201d&#8230;<\/p>\n","protected":false},"author":1,"featured_media":3372,"comment_status":"closed","ping_status":"closed","sticky":false,"template":"","format":"standard","meta":{"_jetpack_memberships_contains_paid_content":false,"footnotes":"","jetpack_publicize_message":"","jetpack_publicize_feature_enabled":true,"jetpack_social_post_already_shared":true,"jetpack_social_options":{"image_generator_settings":{"template":"highway","default_image_id":0,"font":"","enabled":false},"version":2}},"categories":[89],"tags":[],"class_list":["post-12675","post","type-post","status-publish","format-standard","has-post-thumbnail","hentry","category-nacionales"],"yoast_head":"<!-- This site is optimized with the Yoast SEO plugin v27.4 - https:\/\/yoast.com\/product\/yoast-seo-wordpress\/ -->\n<title>Javier Milei, en vivo: las \u00faltimas medidas del Gobierno -<\/title>\n<meta name=\"robots\" content=\"index, follow, max-snippet:-1, max-image-preview:large, max-video-preview:-1\" \/>\n<link rel=\"canonical\" href=\"https:\/\/impactocastex.com.ar\/?p=12675\" \/>\n<meta property=\"og:locale\" content=\"es_ES\" \/>\n<meta property=\"og:type\" content=\"article\" \/>\n<meta property=\"og:title\" content=\"Javier Milei, en vivo: las \u00faltimas medidas del Gobierno -\" \/>\n<meta property=\"og:description\" content=\"MENDOZA.- Un dato estad\u00edstico que dej\u00f3 desconcertados a propios y extra\u00f1os. Una lectura oficial \u201cin\u00e9dita\u201d...\" \/>\n<meta property=\"og:url\" content=\"https:\/\/impactocastex.com.ar\/?p=12675\" \/>\n<meta property=\"article:publisher\" content=\"https:\/\/www.facebook.com\/impactocastexdiario\" \/>\n<meta property=\"article:published_time\" content=\"2026-03-06T18:40:52+00:00\" \/>\n<meta property=\"og:image\" content=\"https:\/\/resizer.glanacion.com\/resizer\/v2\/XBQGGSK4ANHQJK4NTDQHJWJHYI.JPG?auth=ae34cd5d571b3ba40f1c155b50db21ba3a8ee6568ee01905028f2de5986813a8&amp;smart=true&amp;width=3000&amp;height=2000\" \/>\n<meta name=\"author\" content=\"impactocastex\" \/>\n<meta name=\"twitter:card\" content=\"summary_large_image\" \/>\n<meta name=\"twitter:label1\" content=\"Escrito por\" \/>\n\t<meta name=\"twitter:data1\" content=\"impactocastex\" \/>\n\t<meta name=\"twitter:label2\" content=\"Tiempo de lectura\" \/>\n\t<meta name=\"twitter:data2\" content=\"20 minutos\" \/>\n<script type=\"application\/ld+json\" class=\"yoast-schema-graph\">{\"@context\":\"https:\\\/\\\/schema.org\",\"@graph\":[{\"@type\":\"Article\",\"@id\":\"https:\\\/\\\/impactocastex.com.ar\\\/?p=12675#article\",\"isPartOf\":{\"@id\":\"https:\\\/\\\/impactocastex.com.ar\\\/?p=12675\"},\"author\":{\"name\":\"impactocastex\",\"@id\":\"https:\\\/\\\/impactocastex.com.ar\\\/#\\\/schema\\\/person\\\/86cb4f827fb5f87869a239b98a69c6e3\"},\"headline\":\"Javier Milei, en vivo: las \u00faltimas medidas del Gobierno\",\"datePublished\":\"2026-03-06T18:40:52+00:00\",\"mainEntityOfPage\":{\"@id\":\"https:\\\/\\\/impactocastex.com.ar\\\/?p=12675\"},\"wordCount\":3938,\"publisher\":{\"@id\":\"https:\\\/\\\/impactocastex.com.ar\\\/#organization\"},\"image\":{\"@id\":\"https:\\\/\\\/impactocastex.com.ar\\\/?p=12675#primaryimage\"},\"thumbnailUrl\":\"https:\\\/\\\/impactocastex.com.ar\\\/wp-content\\\/uploads\\\/2025\\\/11\\\/Q5CDR33JIFGJFGHZVGW7DRTMRI-jwpEav.jpg\",\"articleSection\":[\"NACIONALES\"],\"inLanguage\":\"es\"},{\"@type\":\"WebPage\",\"@id\":\"https:\\\/\\\/impactocastex.com.ar\\\/?p=12675\",\"url\":\"https:\\\/\\\/impactocastex.com.ar\\\/?p=12675\",\"name\":\"Javier Milei, en vivo: las \u00faltimas medidas del Gobierno -\",\"isPartOf\":{\"@id\":\"https:\\\/\\\/impactocastex.com.ar\\\/#website\"},\"primaryImageOfPage\":{\"@id\":\"https:\\\/\\\/impactocastex.com.ar\\\/?p=12675#primaryimage\"},\"image\":{\"@id\":\"https:\\\/\\\/impactocastex.com.ar\\\/?p=12675#primaryimage\"},\"thumbnailUrl\":\"https:\\\/\\\/impactocastex.com.ar\\\/wp-content\\\/uploads\\\/2025\\\/11\\\/Q5CDR33JIFGJFGHZVGW7DRTMRI-jwpEav.jpg\",\"datePublished\":\"2026-03-06T18:40:52+00:00\",\"breadcrumb\":{\"@id\":\"https:\\\/\\\/impactocastex.com.ar\\\/?p=12675#breadcrumb\"},\"inLanguage\":\"es\",\"potentialAction\":[{\"@type\":\"ReadAction\",\"target\":[\"https:\\\/\\\/impactocastex.com.ar\\\/?p=12675\"]}]},{\"@type\":\"ImageObject\",\"inLanguage\":\"es\",\"@id\":\"https:\\\/\\\/impactocastex.com.ar\\\/?p=12675#primaryimage\",\"url\":\"https:\\\/\\\/impactocastex.com.ar\\\/wp-content\\\/uploads\\\/2025\\\/11\\\/Q5CDR33JIFGJFGHZVGW7DRTMRI-jwpEav.jpg\",\"contentUrl\":\"https:\\\/\\\/impactocastex.com.ar\\\/wp-content\\\/uploads\\\/2025\\\/11\\\/Q5CDR33JIFGJFGHZVGW7DRTMRI-jwpEav.jpg\",\"width\":2000,\"height\":1333},{\"@type\":\"BreadcrumbList\",\"@id\":\"https:\\\/\\\/impactocastex.com.ar\\\/?p=12675#breadcrumb\",\"itemListElement\":[{\"@type\":\"ListItem\",\"position\":1,\"name\":\"Portada\",\"item\":\"https:\\\/\\\/impactocastex.com.ar\\\/\"},{\"@type\":\"ListItem\",\"position\":2,\"name\":\"Javier Milei, en vivo: las \u00faltimas medidas del Gobierno\"}]},{\"@type\":\"WebSite\",\"@id\":\"https:\\\/\\\/impactocastex.com.ar\\\/#website\",\"url\":\"https:\\\/\\\/impactocastex.com.ar\\\/\",\"name\":\"Impacto Castex\",\"description\":\"\",\"publisher\":{\"@id\":\"https:\\\/\\\/impactocastex.com.ar\\\/#organization\"},\"potentialAction\":[{\"@type\":\"SearchAction\",\"target\":{\"@type\":\"EntryPoint\",\"urlTemplate\":\"https:\\\/\\\/impactocastex.com.ar\\\/?s={search_term_string}\"},\"query-input\":{\"@type\":\"PropertyValueSpecification\",\"valueRequired\":true,\"valueName\":\"search_term_string\"}}],\"inLanguage\":\"es\"},{\"@type\":\"Organization\",\"@id\":\"https:\\\/\\\/impactocastex.com.ar\\\/#organization\",\"name\":\"Impacto Castex\",\"url\":\"https:\\\/\\\/impactocastex.com.ar\\\/\",\"logo\":{\"@type\":\"ImageObject\",\"inLanguage\":\"es\",\"@id\":\"https:\\\/\\\/impactocastex.com.ar\\\/#\\\/schema\\\/logo\\\/image\\\/\",\"url\":\"https:\\\/\\\/impactocastex.com.ar\\\/wp-content\\\/uploads\\\/2025\\\/09\\\/cropped-icoweb.png\",\"contentUrl\":\"https:\\\/\\\/impactocastex.com.ar\\\/wp-content\\\/uploads\\\/2025\\\/09\\\/cropped-icoweb.png\",\"width\":512,\"height\":512,\"caption\":\"Impacto Castex\"},\"image\":{\"@id\":\"https:\\\/\\\/impactocastex.com.ar\\\/#\\\/schema\\\/logo\\\/image\\\/\"},\"sameAs\":[\"https:\\\/\\\/www.facebook.com\\\/impactocastexdiario\",\"https:\\\/\\\/www.instagram.com\\\/impactocastex.com.ar\\\/\"]},{\"@type\":\"Person\",\"@id\":\"https:\\\/\\\/impactocastex.com.ar\\\/#\\\/schema\\\/person\\\/86cb4f827fb5f87869a239b98a69c6e3\",\"name\":\"impactocastex\",\"image\":{\"@type\":\"ImageObject\",\"inLanguage\":\"es\",\"@id\":\"https:\\\/\\\/secure.gravatar.com\\\/avatar\\\/9a87ee051ca8c77f5d4070843ce2c78cdf95b858b950fb039151de955122f5f5?s=96&d=mm&r=g\",\"url\":\"https:\\\/\\\/secure.gravatar.com\\\/avatar\\\/9a87ee051ca8c77f5d4070843ce2c78cdf95b858b950fb039151de955122f5f5?s=96&d=mm&r=g\",\"contentUrl\":\"https:\\\/\\\/secure.gravatar.com\\\/avatar\\\/9a87ee051ca8c77f5d4070843ce2c78cdf95b858b950fb039151de955122f5f5?s=96&d=mm&r=g\",\"caption\":\"impactocastex\"},\"sameAs\":[\"https:\\\/\\\/impactocastex.com.ar\"],\"url\":\"https:\\\/\\\/impactocastex.com.ar\\\/?author=1\"}]}<\/script>\n<!-- \/ Yoast SEO plugin. -->","yoast_head_json":{"title":"Javier Milei, en vivo: las \u00faltimas medidas del Gobierno -","robots":{"index":"index","follow":"follow","max-snippet":"max-snippet:-1","max-image-preview":"max-image-preview:large","max-video-preview":"max-video-preview:-1"},"canonical":"https:\/\/impactocastex.com.ar\/?p=12675","og_locale":"es_ES","og_type":"article","og_title":"Javier Milei, en vivo: las \u00faltimas medidas del Gobierno -","og_description":"MENDOZA.- Un dato estad\u00edstico que dej\u00f3 desconcertados a propios y extra\u00f1os. Una lectura oficial \u201cin\u00e9dita\u201d...","og_url":"https:\/\/impactocastex.com.ar\/?p=12675","article_publisher":"https:\/\/www.facebook.com\/impactocastexdiario","article_published_time":"2026-03-06T18:40:52+00:00","og_image":[{"url":"https:\/\/resizer.glanacion.com\/resizer\/v2\/XBQGGSK4ANHQJK4NTDQHJWJHYI.JPG?auth=ae34cd5d571b3ba40f1c155b50db21ba3a8ee6568ee01905028f2de5986813a8&amp;smart=true&amp;width=3000&amp;height=2000","type":"","width":"","height":""}],"author":"impactocastex","twitter_card":"summary_large_image","twitter_misc":{"Escrito por":"impactocastex","Tiempo de lectura":"20 minutos"},"schema":{"@context":"https:\/\/schema.org","@graph":[{"@type":"Article","@id":"https:\/\/impactocastex.com.ar\/?p=12675#article","isPartOf":{"@id":"https:\/\/impactocastex.com.ar\/?p=12675"},"author":{"name":"impactocastex","@id":"https:\/\/impactocastex.com.ar\/#\/schema\/person\/86cb4f827fb5f87869a239b98a69c6e3"},"headline":"Javier Milei, en vivo: las \u00faltimas medidas del Gobierno","datePublished":"2026-03-06T18:40:52+00:00","mainEntityOfPage":{"@id":"https:\/\/impactocastex.com.ar\/?p=12675"},"wordCount":3938,"publisher":{"@id":"https:\/\/impactocastex.com.ar\/#organization"},"image":{"@id":"https:\/\/impactocastex.com.ar\/?p=12675#primaryimage"},"thumbnailUrl":"https:\/\/impactocastex.com.ar\/wp-content\/uploads\/2025\/11\/Q5CDR33JIFGJFGHZVGW7DRTMRI-jwpEav.jpg","articleSection":["NACIONALES"],"inLanguage":"es"},{"@type":"WebPage","@id":"https:\/\/impactocastex.com.ar\/?p=12675","url":"https:\/\/impactocastex.com.ar\/?p=12675","name":"Javier Milei, en vivo: las \u00faltimas medidas del Gobierno -","isPartOf":{"@id":"https:\/\/impactocastex.com.ar\/#website"},"primaryImageOfPage":{"@id":"https:\/\/impactocastex.com.ar\/?p=12675#primaryimage"},"image":{"@id":"https:\/\/impactocastex.com.ar\/?p=12675#primaryimage"},"thumbnailUrl":"https:\/\/impactocastex.com.ar\/wp-content\/uploads\/2025\/11\/Q5CDR33JIFGJFGHZVGW7DRTMRI-jwpEav.jpg","datePublished":"2026-03-06T18:40:52+00:00","breadcrumb":{"@id":"https:\/\/impactocastex.com.ar\/?p=12675#breadcrumb"},"inLanguage":"es","potentialAction":[{"@type":"ReadAction","target":["https:\/\/impactocastex.com.ar\/?p=12675"]}]},{"@type":"ImageObject","inLanguage":"es","@id":"https:\/\/impactocastex.com.ar\/?p=12675#primaryimage","url":"https:\/\/impactocastex.com.ar\/wp-content\/uploads\/2025\/11\/Q5CDR33JIFGJFGHZVGW7DRTMRI-jwpEav.jpg","contentUrl":"https:\/\/impactocastex.com.ar\/wp-content\/uploads\/2025\/11\/Q5CDR33JIFGJFGHZVGW7DRTMRI-jwpEav.jpg","width":2000,"height":1333},{"@type":"BreadcrumbList","@id":"https:\/\/impactocastex.com.ar\/?p=12675#breadcrumb","itemListElement":[{"@type":"ListItem","position":1,"name":"Portada","item":"https:\/\/impactocastex.com.ar\/"},{"@type":"ListItem","position":2,"name":"Javier Milei, en vivo: las \u00faltimas medidas del Gobierno"}]},{"@type":"WebSite","@id":"https:\/\/impactocastex.com.ar\/#website","url":"https:\/\/impactocastex.com.ar\/","name":"Impacto Castex","description":"","publisher":{"@id":"https:\/\/impactocastex.com.ar\/#organization"},"potentialAction":[{"@type":"SearchAction","target":{"@type":"EntryPoint","urlTemplate":"https:\/\/impactocastex.com.ar\/?s={search_term_string}"},"query-input":{"@type":"PropertyValueSpecification","valueRequired":true,"valueName":"search_term_string"}}],"inLanguage":"es"},{"@type":"Organization","@id":"https:\/\/impactocastex.com.ar\/#organization","name":"Impacto Castex","url":"https:\/\/impactocastex.com.ar\/","logo":{"@type":"ImageObject","inLanguage":"es","@id":"https:\/\/impactocastex.com.ar\/#\/schema\/logo\/image\/","url":"https:\/\/impactocastex.com.ar\/wp-content\/uploads\/2025\/09\/cropped-icoweb.png","contentUrl":"https:\/\/impactocastex.com.ar\/wp-content\/uploads\/2025\/09\/cropped-icoweb.png","width":512,"height":512,"caption":"Impacto Castex"},"image":{"@id":"https:\/\/impactocastex.com.ar\/#\/schema\/logo\/image\/"},"sameAs":["https:\/\/www.facebook.com\/impactocastexdiario","https:\/\/www.instagram.com\/impactocastex.com.ar\/"]},{"@type":"Person","@id":"https:\/\/impactocastex.com.ar\/#\/schema\/person\/86cb4f827fb5f87869a239b98a69c6e3","name":"impactocastex","image":{"@type":"ImageObject","inLanguage":"es","@id":"https:\/\/secure.gravatar.com\/avatar\/9a87ee051ca8c77f5d4070843ce2c78cdf95b858b950fb039151de955122f5f5?s=96&d=mm&r=g","url":"https:\/\/secure.gravatar.com\/avatar\/9a87ee051ca8c77f5d4070843ce2c78cdf95b858b950fb039151de955122f5f5?s=96&d=mm&r=g","contentUrl":"https:\/\/secure.gravatar.com\/avatar\/9a87ee051ca8c77f5d4070843ce2c78cdf95b858b950fb039151de955122f5f5?s=96&d=mm&r=g","caption":"impactocastex"},"sameAs":["https:\/\/impactocastex.com.ar"],"url":"https:\/\/impactocastex.com.ar\/?author=1"}]}},"jetpack_publicize_connections":[],"featured_image_urls":{"full":["https:\/\/impactocastex.com.ar\/wp-content\/uploads\/2025\/11\/Q5CDR33JIFGJFGHZVGW7DRTMRI-jwpEav.jpg",2000,1333,false],"thumbnail":["https:\/\/impactocastex.com.ar\/wp-content\/uploads\/2025\/11\/Q5CDR33JIFGJFGHZVGW7DRTMRI-jwpEav-150x150.jpg",150,150,true],"medium":["https:\/\/impactocastex.com.ar\/wp-content\/uploads\/2025\/11\/Q5CDR33JIFGJFGHZVGW7DRTMRI-jwpEav-300x200.jpg",300,200,true],"medium_large":["https:\/\/impactocastex.com.ar\/wp-content\/uploads\/2025\/11\/Q5CDR33JIFGJFGHZVGW7DRTMRI-jwpEav-768x512.jpg",640,427,true],"large":["https:\/\/impactocastex.com.ar\/wp-content\/uploads\/2025\/11\/Q5CDR33JIFGJFGHZVGW7DRTMRI-jwpEav-1024x682.jpg",640,426,true],"1536x1536":["https:\/\/impactocastex.com.ar\/wp-content\/uploads\/2025\/11\/Q5CDR33JIFGJFGHZVGW7DRTMRI-jwpEav-1536x1024.jpg",1536,1024,true],"2048x2048":["https:\/\/impactocastex.com.ar\/wp-content\/uploads\/2025\/11\/Q5CDR33JIFGJFGHZVGW7DRTMRI-jwpEav.jpg",2000,1333,false],"newsever-slider-full":["https:\/\/impactocastex.com.ar\/wp-content\/uploads\/2025\/11\/Q5CDR33JIFGJFGHZVGW7DRTMRI-jwpEav-1280x845.jpg",1280,845,true],"newsever-featured":["https:\/\/impactocastex.com.ar\/wp-content\/uploads\/2025\/11\/Q5CDR33JIFGJFGHZVGW7DRTMRI-jwpEav-1024x682.jpg",1024,682,true],"newsever-medium":["https:\/\/impactocastex.com.ar\/wp-content\/uploads\/2025\/11\/Q5CDR33JIFGJFGHZVGW7DRTMRI-jwpEav-720x475.jpg",720,475,true]},"author_info":{"info":["impactocastex"]},"category_info":"<a href=\"https:\/\/impactocastex.com.ar\/?cat=89\" rel=\"category\">NACIONALES<\/a>","tag_info":"NACIONALES","comment_count":0,"jetpack_featured_media_url":"https:\/\/impactocastex.com.ar\/wp-content\/uploads\/2025\/11\/Q5CDR33JIFGJFGHZVGW7DRTMRI-jwpEav.jpg","jetpack_sharing_enabled":true,"jetpack_likes_enabled":true,"jetpack_shortlink":"https:\/\/wp.me\/p7sopA-3ir","_links":{"self":[{"href":"https:\/\/impactocastex.com.ar\/index.php?rest_route=\/wp\/v2\/posts\/12675","targetHints":{"allow":["GET"]}}],"collection":[{"href":"https:\/\/impactocastex.com.ar\/index.php?rest_route=\/wp\/v2\/posts"}],"about":[{"href":"https:\/\/impactocastex.com.ar\/index.php?rest_route=\/wp\/v2\/types\/post"}],"author":[{"embeddable":true,"href":"https:\/\/impactocastex.com.ar\/index.php?rest_route=\/wp\/v2\/users\/1"}],"replies":[{"embeddable":true,"href":"https:\/\/impactocastex.com.ar\/index.php?rest_route=%2Fwp%2Fv2%2Fcomments&post=12675"}],"version-history":[{"count":0,"href":"https:\/\/impactocastex.com.ar\/index.php?rest_route=\/wp\/v2\/posts\/12675\/revisions"}],"wp:featuredmedia":[{"embeddable":true,"href":"https:\/\/impactocastex.com.ar\/index.php?rest_route=\/wp\/v2\/media\/3372"}],"wp:attachment":[{"href":"https:\/\/impactocastex.com.ar\/index.php?rest_route=%2Fwp%2Fv2%2Fmedia&parent=12675"}],"wp:term":[{"taxonomy":"category","embeddable":true,"href":"https:\/\/impactocastex.com.ar\/index.php?rest_route=%2Fwp%2Fv2%2Fcategories&post=12675"},{"taxonomy":"post_tag","embeddable":true,"href":"https:\/\/impactocastex.com.ar\/index.php?rest_route=%2Fwp%2Fv2%2Ftags&post=12675"}],"curies":[{"name":"wp","href":"https:\/\/api.w.org\/{rel}","templated":true}]}}