{"id":12668,"date":"2026-03-06T09:53:33","date_gmt":"2026-03-06T12:53:33","guid":{"rendered":"https:\/\/impactocastex.com.ar\/?p=12668"},"modified":"2026-03-06T09:53:43","modified_gmt":"2026-03-06T12:53:43","slug":"un-adolescente-de-14-anos-provoco-un-choque-hay-un-muerto-y-menores-heridos","status":"publish","type":"post","link":"https:\/\/impactocastex.com.ar\/?p=12668","title":{"rendered":"Un adolescente de 14 a\u00f1os provoc\u00f3 un choque: hay un muerto y menores heridos"},"content":{"rendered":"\n<p>Entre la rebeld\u00eda y la imprudencia,&nbsp;<strong>un adolescente de 14 a\u00f1os<\/strong>, que le hab\u00eda sacado el auto a sus padres sin permiso, manejaba acompa\u00f1ado por otros chicos y&nbsp;<strong>provoc\u00f3 un choque frontal en la Ruta Provincial 30<\/strong>, en el km 476, C<strong>hivilcoy, provincia de Buenos Aires<\/strong>. A causa del impacto,&nbsp;<strong>falleci\u00f3 un hombre de 52 a\u00f1os<\/strong>, oriundo de Rawson, y tambi\u00e9n dej\u00f3 un saldo de varios heridos, entre los que se encuentran dos menores.&nbsp;<\/p>\n\n\n\n<p>El siniestro vial se produjo cerca de las 11.20 horas. El chico que manejaba el Volkswagen Gol Trend perdi\u00f3 el control, se cruz\u00f3 de carril y termin\u00f3 impactando de frente con el otro auto que era manejado por el hombre que perdi\u00f3 la vida en el acto. Fue as\u00ed: despu\u00e9s de que el chico perdiera el control, el hombre trat\u00f3 de esquivarlo y termin\u00f3 embistiendo contra una Volkswagen Amarok. El conductor de la camioneta sali\u00f3 ileso.<\/p>\n\n\n\n<p>La acompa\u00f1ante de hombre de Rawson iba acompa\u00f1ado por una mujer de 38 a\u00f1os que permanece hospitalizada con traumatismo de cr\u00e1neo, contusi\u00f3n pulmonar, fractura de clav\u00edcula izquierda y una lesi\u00f3n en la rodilla. Seg\u00fan indicaron los profesionales de salud, la mujer est\u00e1 l\u00facida y bajo observaci\u00f3n.<\/p>\n\n\n\n<p>En cuanto al adolescente, se encuentra con lesiones graves y est\u00e1 internado en cuidados intensivos por politraumatismos, traumatismo de cr\u00e1neo, contusi\u00f3n pulmonar y cortes en un brazo. Desde el portal Infobae indicaron que en el auto tambi\u00e9n iban otros adolescentes, en el asiento del acompa\u00f1ante, uno de 16 a\u00f1os que se encuentra estable en terapia intensiva. Atr\u00e1s iba un muchacho de 14 a\u00f1os y presenta politraumatismos leves y escoriaciones m\u00faltiples. Seg\u00fan public\u00f3 La Raz\u00f3n de Chivilcoy, se encuentra&nbsp;estable en el \u00e1rea de Pediatr\u00eda.<\/p>\n\n\n\n<p>Por el siniestro fatal, se cerr\u00f3 el tr\u00e1nsito durante varias horas, en tanto la Polic\u00eda Cient\u00edfica realizaba los peritajes peritajes para determinar la din\u00e1mica del siniestro.<\/p>\n\n\n\n<p>Un vecino de la zona intent\u00f3 asistir a los heridos y sobre el hombre que falleci\u00f3 dijo: \u201cHab\u00eda quedado atrapado dentro del habit\u00e1culo junto a la mujer. Lamentablemente falleci\u00f3 unos minutos antes del arribo de las ambulancias y bomberos. Fue un momento muy feo que me toc\u00f3 vivir\u201d.<\/p>\n\n\n\n<p>El comisario Mayor, Miguel \u00c1ngel Costa, indic\u00f3 que al&nbsp;momento, la Fiscal\u00eda todav\u00eda no le tom\u00f3 declaraci\u00f3n al menor que conduc\u00eda el veh\u00edculo involucrado, ya que se encuentra internado en el Hospital Municipal.<\/p>\n\n\n\n<p>Este caso se produjo en circunstancias poco frecuentes. Es decir, la Ley 22.278 indica que un adolescente de 14 a\u00f1os es considerado no punible, que no puede ser juzgado ni condenado penalmente. Sin embargo, hace unos d\u00edas se aprob\u00f3 el R\u00e9gimen Penal Juvenil que bajar\u00eda la edad de imputabilidad aunque todav\u00eda no tiene aplicaci\u00f3n efectiva. Al momento,&nbsp;la responsabilidad es estrictamente de los padres y del titular registral del veh\u00edculo.&nbsp;<\/p>\n\n\n\n<p>laarena.<\/p>\n","protected":false},"excerpt":{"rendered":"<p>Entre la rebeld\u00eda y la imprudencia,&nbsp;un adolescente de 14 a\u00f1os, que le hab\u00eda sacado el&#8230;<\/p>\n","protected":false},"author":2,"featured_media":12669,"comment_status":"closed","ping_status":"closed","sticky":false,"template":"","format":"standard","meta":{"_jetpack_memberships_contains_paid_content":false,"footnotes":"","jetpack_publicize_message":"Un adolescente de 14 a\u00f1os provoc\u00f3 un choque: hay un muerto y menores heridos","jetpack_publicize_feature_enabled":true,"jetpack_social_post_already_shared":false,"jetpack_social_options":{"image_generator_settings":{"template":"highway","default_image_id":0,"font":"","enabled":false},"version":2}},"categories":[85],"tags":[],"class_list":["post-12668","post","type-post","status-publish","format-standard","has-post-thumbnail","hentry","category-policiales"],"yoast_head":"<!-- This site is optimized with the Yoast SEO plugin v27.4 - https:\/\/yoast.com\/product\/yoast-seo-wordpress\/ -->\n<title>Un adolescente de 14 a\u00f1os provoc\u00f3 un choque: hay un muerto y menores heridos -<\/title>\n<meta name=\"robots\" content=\"index, follow, max-snippet:-1, max-image-preview:large, max-video-preview:-1\" \/>\n<link rel=\"canonical\" href=\"https:\/\/impactocastex.com.ar\/?p=12668\" \/>\n<meta property=\"og:locale\" content=\"es_ES\" \/>\n<meta property=\"og:type\" content=\"article\" \/>\n<meta property=\"og:title\" content=\"Un adolescente de 14 a\u00f1os provoc\u00f3 un choque: hay un muerto y menores heridos -\" \/>\n<meta property=\"og:description\" content=\"Entre la rebeld\u00eda y la imprudencia,&nbsp;un adolescente de 14 a\u00f1os, que le hab\u00eda sacado el...\" \/>\n<meta property=\"og:url\" content=\"https:\/\/impactocastex.com.ar\/?p=12668\" \/>\n<meta property=\"article:publisher\" content=\"https:\/\/www.facebook.com\/impactocastexdiario\" \/>\n<meta property=\"article:published_time\" content=\"2026-03-06T12:53:33+00:00\" \/>\n<meta property=\"article:modified_time\" content=\"2026-03-06T12:53:43+00:00\" \/>\n<meta property=\"og:image\" content=\"https:\/\/impactocastex.com.ar\/wp-content\/uploads\/2026\/03\/1772801251124.webp\" \/>\n\t<meta property=\"og:image:width\" content=\"1121\" \/>\n\t<meta property=\"og:image:height\" content=\"633\" \/>\n\t<meta property=\"og:image:type\" content=\"image\/webp\" \/>\n<meta name=\"author\" content=\"impactocastex\" \/>\n<meta name=\"twitter:card\" content=\"summary_large_image\" \/>\n<meta name=\"twitter:label1\" content=\"Escrito por\" \/>\n\t<meta name=\"twitter:data1\" content=\"impactocastex\" \/>\n\t<meta name=\"twitter:label2\" content=\"Tiempo de lectura\" \/>\n\t<meta name=\"twitter:data2\" content=\"3 minutos\" \/>\n<script type=\"application\/ld+json\" class=\"yoast-schema-graph\">{\"@context\":\"https:\\\/\\\/schema.org\",\"@graph\":[{\"@type\":\"Article\",\"@id\":\"https:\\\/\\\/impactocastex.com.ar\\\/?p=12668#article\",\"isPartOf\":{\"@id\":\"https:\\\/\\\/impactocastex.com.ar\\\/?p=12668\"},\"author\":{\"name\":\"impactocastex\",\"@id\":\"https:\\\/\\\/impactocastex.com.ar\\\/#\\\/schema\\\/person\\\/c115028fb60f9bf49ce7550894b84ea7\"},\"headline\":\"Un adolescente de 14 a\u00f1os provoc\u00f3 un choque: hay un muerto y menores heridos\",\"datePublished\":\"2026-03-06T12:53:33+00:00\",\"dateModified\":\"2026-03-06T12:53:43+00:00\",\"mainEntityOfPage\":{\"@id\":\"https:\\\/\\\/impactocastex.com.ar\\\/?p=12668\"},\"wordCount\":516,\"publisher\":{\"@id\":\"https:\\\/\\\/impactocastex.com.ar\\\/#organization\"},\"image\":{\"@id\":\"https:\\\/\\\/impactocastex.com.ar\\\/?p=12668#primaryimage\"},\"thumbnailUrl\":\"https:\\\/\\\/impactocastex.com.ar\\\/wp-content\\\/uploads\\\/2026\\\/03\\\/1772801251124.webp\",\"articleSection\":[\"POLICIALES\"],\"inLanguage\":\"es\"},{\"@type\":\"WebPage\",\"@id\":\"https:\\\/\\\/impactocastex.com.ar\\\/?p=12668\",\"url\":\"https:\\\/\\\/impactocastex.com.ar\\\/?p=12668\",\"name\":\"Un adolescente de 14 a\u00f1os provoc\u00f3 un choque: hay un muerto y menores heridos -\",\"isPartOf\":{\"@id\":\"https:\\\/\\\/impactocastex.com.ar\\\/#website\"},\"primaryImageOfPage\":{\"@id\":\"https:\\\/\\\/impactocastex.com.ar\\\/?p=12668#primaryimage\"},\"image\":{\"@id\":\"https:\\\/\\\/impactocastex.com.ar\\\/?p=12668#primaryimage\"},\"thumbnailUrl\":\"https:\\\/\\\/impactocastex.com.ar\\\/wp-content\\\/uploads\\\/2026\\\/03\\\/1772801251124.webp\",\"datePublished\":\"2026-03-06T12:53:33+00:00\",\"dateModified\":\"2026-03-06T12:53:43+00:00\",\"breadcrumb\":{\"@id\":\"https:\\\/\\\/impactocastex.com.ar\\\/?p=12668#breadcrumb\"},\"inLanguage\":\"es\",\"potentialAction\":[{\"@type\":\"ReadAction\",\"target\":[\"https:\\\/\\\/impactocastex.com.ar\\\/?p=12668\"]}]},{\"@type\":\"ImageObject\",\"inLanguage\":\"es\",\"@id\":\"https:\\\/\\\/impactocastex.com.ar\\\/?p=12668#primaryimage\",\"url\":\"https:\\\/\\\/impactocastex.com.ar\\\/wp-content\\\/uploads\\\/2026\\\/03\\\/1772801251124.webp\",\"contentUrl\":\"https:\\\/\\\/impactocastex.com.ar\\\/wp-content\\\/uploads\\\/2026\\\/03\\\/1772801251124.webp\",\"width\":1121,\"height\":633},{\"@type\":\"BreadcrumbList\",\"@id\":\"https:\\\/\\\/impactocastex.com.ar\\\/?p=12668#breadcrumb\",\"itemListElement\":[{\"@type\":\"ListItem\",\"position\":1,\"name\":\"Portada\",\"item\":\"https:\\\/\\\/impactocastex.com.ar\\\/\"},{\"@type\":\"ListItem\",\"position\":2,\"name\":\"Un adolescente de 14 a\u00f1os provoc\u00f3 un choque: hay un muerto y menores heridos\"}]},{\"@type\":\"WebSite\",\"@id\":\"https:\\\/\\\/impactocastex.com.ar\\\/#website\",\"url\":\"https:\\\/\\\/impactocastex.com.ar\\\/\",\"name\":\"Impacto Castex\",\"description\":\"\",\"publisher\":{\"@id\":\"https:\\\/\\\/impactocastex.com.ar\\\/#organization\"},\"potentialAction\":[{\"@type\":\"SearchAction\",\"target\":{\"@type\":\"EntryPoint\",\"urlTemplate\":\"https:\\\/\\\/impactocastex.com.ar\\\/?s={search_term_string}\"},\"query-input\":{\"@type\":\"PropertyValueSpecification\",\"valueRequired\":true,\"valueName\":\"search_term_string\"}}],\"inLanguage\":\"es\"},{\"@type\":\"Organization\",\"@id\":\"https:\\\/\\\/impactocastex.com.ar\\\/#organization\",\"name\":\"Impacto Castex\",\"url\":\"https:\\\/\\\/impactocastex.com.ar\\\/\",\"logo\":{\"@type\":\"ImageObject\",\"inLanguage\":\"es\",\"@id\":\"https:\\\/\\\/impactocastex.com.ar\\\/#\\\/schema\\\/logo\\\/image\\\/\",\"url\":\"https:\\\/\\\/impactocastex.com.ar\\\/wp-content\\\/uploads\\\/2025\\\/09\\\/cropped-icoweb.png\",\"contentUrl\":\"https:\\\/\\\/impactocastex.com.ar\\\/wp-content\\\/uploads\\\/2025\\\/09\\\/cropped-icoweb.png\",\"width\":512,\"height\":512,\"caption\":\"Impacto Castex\"},\"image\":{\"@id\":\"https:\\\/\\\/impactocastex.com.ar\\\/#\\\/schema\\\/logo\\\/image\\\/\"},\"sameAs\":[\"https:\\\/\\\/www.facebook.com\\\/impactocastexdiario\",\"https:\\\/\\\/www.instagram.com\\\/impactocastex.com.ar\\\/\"]},{\"@type\":\"Person\",\"@id\":\"https:\\\/\\\/impactocastex.com.ar\\\/#\\\/schema\\\/person\\\/c115028fb60f9bf49ce7550894b84ea7\",\"name\":\"impactocastex\",\"image\":{\"@type\":\"ImageObject\",\"inLanguage\":\"es\",\"@id\":\"https:\\\/\\\/secure.gravatar.com\\\/avatar\\\/fee87e7af008f02e9becdc0b5a9fd4a2e79b3918a571edeacb62211704637833?s=96&d=mm&r=g\",\"url\":\"https:\\\/\\\/secure.gravatar.com\\\/avatar\\\/fee87e7af008f02e9becdc0b5a9fd4a2e79b3918a571edeacb62211704637833?s=96&d=mm&r=g\",\"contentUrl\":\"https:\\\/\\\/secure.gravatar.com\\\/avatar\\\/fee87e7af008f02e9becdc0b5a9fd4a2e79b3918a571edeacb62211704637833?s=96&d=mm&r=g\",\"caption\":\"impactocastex\"},\"sameAs\":[\"https:\\\/\\\/impactocastex.com.ar\\\/\"],\"url\":\"https:\\\/\\\/impactocastex.com.ar\\\/?author=2\"}]}<\/script>\n<!-- \/ Yoast SEO plugin. -->","yoast_head_json":{"title":"Un adolescente de 14 a\u00f1os provoc\u00f3 un choque: hay un muerto y menores heridos -","robots":{"index":"index","follow":"follow","max-snippet":"max-snippet:-1","max-image-preview":"max-image-preview:large","max-video-preview":"max-video-preview:-1"},"canonical":"https:\/\/impactocastex.com.ar\/?p=12668","og_locale":"es_ES","og_type":"article","og_title":"Un adolescente de 14 a\u00f1os provoc\u00f3 un choque: hay un muerto y menores heridos -","og_description":"Entre la rebeld\u00eda y la imprudencia,&nbsp;un adolescente de 14 a\u00f1os, que le hab\u00eda sacado el...","og_url":"https:\/\/impactocastex.com.ar\/?p=12668","article_publisher":"https:\/\/www.facebook.com\/impactocastexdiario","article_published_time":"2026-03-06T12:53:33+00:00","article_modified_time":"2026-03-06T12:53:43+00:00","og_image":[{"width":1121,"height":633,"url":"https:\/\/impactocastex.com.ar\/wp-content\/uploads\/2026\/03\/1772801251124.webp","type":"image\/webp"}],"author":"impactocastex","twitter_card":"summary_large_image","twitter_misc":{"Escrito por":"impactocastex","Tiempo de lectura":"3 minutos"},"schema":{"@context":"https:\/\/schema.org","@graph":[{"@type":"Article","@id":"https:\/\/impactocastex.com.ar\/?p=12668#article","isPartOf":{"@id":"https:\/\/impactocastex.com.ar\/?p=12668"},"author":{"name":"impactocastex","@id":"https:\/\/impactocastex.com.ar\/#\/schema\/person\/c115028fb60f9bf49ce7550894b84ea7"},"headline":"Un adolescente de 14 a\u00f1os provoc\u00f3 un choque: hay un muerto y menores heridos","datePublished":"2026-03-06T12:53:33+00:00","dateModified":"2026-03-06T12:53:43+00:00","mainEntityOfPage":{"@id":"https:\/\/impactocastex.com.ar\/?p=12668"},"wordCount":516,"publisher":{"@id":"https:\/\/impactocastex.com.ar\/#organization"},"image":{"@id":"https:\/\/impactocastex.com.ar\/?p=12668#primaryimage"},"thumbnailUrl":"https:\/\/impactocastex.com.ar\/wp-content\/uploads\/2026\/03\/1772801251124.webp","articleSection":["POLICIALES"],"inLanguage":"es"},{"@type":"WebPage","@id":"https:\/\/impactocastex.com.ar\/?p=12668","url":"https:\/\/impactocastex.com.ar\/?p=12668","name":"Un adolescente de 14 a\u00f1os provoc\u00f3 un choque: hay un muerto y menores heridos -","isPartOf":{"@id":"https:\/\/impactocastex.com.ar\/#website"},"primaryImageOfPage":{"@id":"https:\/\/impactocastex.com.ar\/?p=12668#primaryimage"},"image":{"@id":"https:\/\/impactocastex.com.ar\/?p=12668#primaryimage"},"thumbnailUrl":"https:\/\/impactocastex.com.ar\/wp-content\/uploads\/2026\/03\/1772801251124.webp","datePublished":"2026-03-06T12:53:33+00:00","dateModified":"2026-03-06T12:53:43+00:00","breadcrumb":{"@id":"https:\/\/impactocastex.com.ar\/?p=12668#breadcrumb"},"inLanguage":"es","potentialAction":[{"@type":"ReadAction","target":["https:\/\/impactocastex.com.ar\/?p=12668"]}]},{"@type":"ImageObject","inLanguage":"es","@id":"https:\/\/impactocastex.com.ar\/?p=12668#primaryimage","url":"https:\/\/impactocastex.com.ar\/wp-content\/uploads\/2026\/03\/1772801251124.webp","contentUrl":"https:\/\/impactocastex.com.ar\/wp-content\/uploads\/2026\/03\/1772801251124.webp","width":1121,"height":633},{"@type":"BreadcrumbList","@id":"https:\/\/impactocastex.com.ar\/?p=12668#breadcrumb","itemListElement":[{"@type":"ListItem","position":1,"name":"Portada","item":"https:\/\/impactocastex.com.ar\/"},{"@type":"ListItem","position":2,"name":"Un adolescente de 14 a\u00f1os provoc\u00f3 un choque: hay un muerto y menores heridos"}]},{"@type":"WebSite","@id":"https:\/\/impactocastex.com.ar\/#website","url":"https:\/\/impactocastex.com.ar\/","name":"Impacto Castex","description":"","publisher":{"@id":"https:\/\/impactocastex.com.ar\/#organization"},"potentialAction":[{"@type":"SearchAction","target":{"@type":"EntryPoint","urlTemplate":"https:\/\/impactocastex.com.ar\/?s={search_term_string}"},"query-input":{"@type":"PropertyValueSpecification","valueRequired":true,"valueName":"search_term_string"}}],"inLanguage":"es"},{"@type":"Organization","@id":"https:\/\/impactocastex.com.ar\/#organization","name":"Impacto Castex","url":"https:\/\/impactocastex.com.ar\/","logo":{"@type":"ImageObject","inLanguage":"es","@id":"https:\/\/impactocastex.com.ar\/#\/schema\/logo\/image\/","url":"https:\/\/impactocastex.com.ar\/wp-content\/uploads\/2025\/09\/cropped-icoweb.png","contentUrl":"https:\/\/impactocastex.com.ar\/wp-content\/uploads\/2025\/09\/cropped-icoweb.png","width":512,"height":512,"caption":"Impacto Castex"},"image":{"@id":"https:\/\/impactocastex.com.ar\/#\/schema\/logo\/image\/"},"sameAs":["https:\/\/www.facebook.com\/impactocastexdiario","https:\/\/www.instagram.com\/impactocastex.com.ar\/"]},{"@type":"Person","@id":"https:\/\/impactocastex.com.ar\/#\/schema\/person\/c115028fb60f9bf49ce7550894b84ea7","name":"impactocastex","image":{"@type":"ImageObject","inLanguage":"es","@id":"https:\/\/secure.gravatar.com\/avatar\/fee87e7af008f02e9becdc0b5a9fd4a2e79b3918a571edeacb62211704637833?s=96&d=mm&r=g","url":"https:\/\/secure.gravatar.com\/avatar\/fee87e7af008f02e9becdc0b5a9fd4a2e79b3918a571edeacb62211704637833?s=96&d=mm&r=g","contentUrl":"https:\/\/secure.gravatar.com\/avatar\/fee87e7af008f02e9becdc0b5a9fd4a2e79b3918a571edeacb62211704637833?s=96&d=mm&r=g","caption":"impactocastex"},"sameAs":["https:\/\/impactocastex.com.ar\/"],"url":"https:\/\/impactocastex.com.ar\/?author=2"}]}},"jetpack_publicize_connections":[],"featured_image_urls":{"full":["https:\/\/impactocastex.com.ar\/wp-content\/uploads\/2026\/03\/1772801251124.webp",1121,633,false],"thumbnail":["https:\/\/impactocastex.com.ar\/wp-content\/uploads\/2026\/03\/1772801251124-150x150.webp",150,150,true],"medium":["https:\/\/impactocastex.com.ar\/wp-content\/uploads\/2026\/03\/1772801251124-300x169.webp",300,169,true],"medium_large":["https:\/\/impactocastex.com.ar\/wp-content\/uploads\/2026\/03\/1772801251124-768x434.webp",640,362,true],"large":["https:\/\/impactocastex.com.ar\/wp-content\/uploads\/2026\/03\/1772801251124-1024x578.webp",640,361,true],"1536x1536":["https:\/\/impactocastex.com.ar\/wp-content\/uploads\/2026\/03\/1772801251124.webp",1121,633,false],"2048x2048":["https:\/\/impactocastex.com.ar\/wp-content\/uploads\/2026\/03\/1772801251124.webp",1121,633,false],"newsever-slider-full":["https:\/\/impactocastex.com.ar\/wp-content\/uploads\/2026\/03\/1772801251124.webp",1121,633,false],"newsever-featured":["https:\/\/impactocastex.com.ar\/wp-content\/uploads\/2026\/03\/1772801251124-1024x578.webp",1024,578,true],"newsever-medium":["https:\/\/impactocastex.com.ar\/wp-content\/uploads\/2026\/03\/1772801251124-720x475.webp",720,475,true]},"author_info":{"info":["impactocastex"]},"category_info":"<a href=\"https:\/\/impactocastex.com.ar\/?cat=85\" rel=\"category\">POLICIALES<\/a>","tag_info":"POLICIALES","comment_count":0,"jetpack_featured_media_url":"https:\/\/impactocastex.com.ar\/wp-content\/uploads\/2026\/03\/1772801251124.webp","jetpack_sharing_enabled":true,"jetpack_likes_enabled":true,"jetpack_shortlink":"https:\/\/wp.me\/p7sopA-3ik","_links":{"self":[{"href":"https:\/\/impactocastex.com.ar\/index.php?rest_route=\/wp\/v2\/posts\/12668","targetHints":{"allow":["GET"]}}],"collection":[{"href":"https:\/\/impactocastex.com.ar\/index.php?rest_route=\/wp\/v2\/posts"}],"about":[{"href":"https:\/\/impactocastex.com.ar\/index.php?rest_route=\/wp\/v2\/types\/post"}],"author":[{"embeddable":true,"href":"https:\/\/impactocastex.com.ar\/index.php?rest_route=\/wp\/v2\/users\/2"}],"replies":[{"embeddable":true,"href":"https:\/\/impactocastex.com.ar\/index.php?rest_route=%2Fwp%2Fv2%2Fcomments&post=12668"}],"version-history":[{"count":1,"href":"https:\/\/impactocastex.com.ar\/index.php?rest_route=\/wp\/v2\/posts\/12668\/revisions"}],"predecessor-version":[{"id":12670,"href":"https:\/\/impactocastex.com.ar\/index.php?rest_route=\/wp\/v2\/posts\/12668\/revisions\/12670"}],"wp:featuredmedia":[{"embeddable":true,"href":"https:\/\/impactocastex.com.ar\/index.php?rest_route=\/wp\/v2\/media\/12669"}],"wp:attachment":[{"href":"https:\/\/impactocastex.com.ar\/index.php?rest_route=%2Fwp%2Fv2%2Fmedia&parent=12668"}],"wp:term":[{"taxonomy":"category","embeddable":true,"href":"https:\/\/impactocastex.com.ar\/index.php?rest_route=%2Fwp%2Fv2%2Fcategories&post=12668"},{"taxonomy":"post_tag","embeddable":true,"href":"https:\/\/impactocastex.com.ar\/index.php?rest_route=%2Fwp%2Fv2%2Ftags&post=12668"}],"curies":[{"name":"wp","href":"https:\/\/api.w.org\/{rel}","templated":true}]}}