{"id":12655,"date":"2026-03-06T09:29:10","date_gmt":"2026-03-06T12:29:10","guid":{"rendered":"https:\/\/impactocastex.com.ar\/?p=12655"},"modified":"2026-03-06T09:29:12","modified_gmt":"2026-03-06T12:29:12","slug":"finalizo-el-operativo-cuidar-vidas-el-013-de-los-conductores-dio-positivo-de-alcoholemia","status":"publish","type":"post","link":"https:\/\/impactocastex.com.ar\/?p=12655","title":{"rendered":"Finaliz\u00f3 el operativo \u00abCuidar Vidas\u00bb: el 0,13% de los conductores dio positivo de alcoholemia"},"content":{"rendered":"\n<p>El operativo se extendi\u00f3 desde el 22 de diciembre hasta el 2 de marzo.<\/p>\n\n\n\n<p><strong><\/strong>Se desplegaron 869 operativos en toda la Provincia y se realizaron 76.309 testeos de alcoholemia durante la temporada.<\/p>\n\n\n\n<figure class=\"wp-block-image size-large\"><img loading=\"lazy\" decoding=\"async\" width=\"1024\" height=\"538\" src=\"https:\/\/impactocastex.com.ar\/wp-content\/uploads\/2026\/03\/image-4-1024x538.png\" alt=\"\" class=\"wp-image-12656\" srcset=\"https:\/\/impactocastex.com.ar\/wp-content\/uploads\/2026\/03\/image-4-1024x538.png 1024w, https:\/\/impactocastex.com.ar\/wp-content\/uploads\/2026\/03\/image-4-300x158.png 300w, https:\/\/impactocastex.com.ar\/wp-content\/uploads\/2026\/03\/image-4-768x404.png 768w, https:\/\/impactocastex.com.ar\/wp-content\/uploads\/2026\/03\/image-4.png 1200w\" sizes=\"auto, (max-width: 1024px) 100vw, 1024px\" \/><\/figure>\n\n\n\n<p>El Ministerio de Seguridad y Justicia, a trav\u00e9s de la Polic\u00eda de La Pampa, finaliz\u00f3 una nueva edici\u00f3n del Programa Provincial \u00abCuidar Vidas\u00bb.&nbsp;&nbsp;<\/p>\n\n\n\n<p>El operativo especial se extendi\u00f3 desde el 22 de diciembre hasta el 2 de marzo pasado, per\u00edodo en el que se intensificaron los controles con motivo del receso estival y el incremento en la circulaci\u00f3n vehicular.<\/p>\n\n\n\n<p><strong>Durante ese lapso se desplegaron 869 operativos en toda la Provincia<\/strong>. En ese marco, se realizaron 76.309 testeos de alcoholemia, de los cuales 185 arrojaron resultado positivo.&nbsp;<strong>Es decir, solo un 0,13% de los conductores controlados.<\/strong><\/p>\n\n\n\n<figure class=\"wp-block-image\"><img decoding=\"async\" src=\"https:\/\/www.eldiariodelapampa.com.ar\/\/img\/publicaciones\/2026\/03\/05\/alta\/883668-t.jpg\" alt=\"\" \/><\/figure>\n\n\n\n<p>Adem\u00e1s, mediante el sistema Pampa Seguridad Activa se fiscalizaron 102.867 veh\u00edculos y se identificaron 139.235 personas.&nbsp;<\/p>\n\n\n\n<p><strong>\u00abEl volumen de controles realizados refleja una fuerte presencia territorial y una planificaci\u00f3n articulada entre la Polic\u00eda de La Pampa, el equipo de Prevenci\u00f3n y Protecci\u00f3n Vial del Ministerio de Seguridad y Justicia y los municipios\u00bb<\/strong>, destacaron desde la cartera provincial.&nbsp;<\/p>\n\n\n\n<p>Adem\u00e1s, remarcaron que la pol\u00edtica de tolerancia cero al alcohol en la conducci\u00f3n \u00abforma parte de una l\u00ednea de gesti\u00f3n que prioriza la prevenci\u00f3n por sobre la reacci\u00f3n ante el siniestro, entendiendo que cada control representa una intervenci\u00f3n concreta para evitar situaciones que puedan derivar en consecuencias graves o irreversibles\u00bb.<\/p>\n\n\n\n<p><strong><em>Balance.<\/em><\/strong><\/p>\n\n\n\n<p>El jefe del Departamento Operaciones Policiales,&nbsp;<strong>Daniel P\u00e9rez<\/strong>, realiz\u00f3 un balance positivo del desarrollo del programa y destac\u00f3 el compromiso del personal policial que particip\u00f3 del operativo en todo el territorio provincial.&nbsp;<\/p>\n\n\n\n<p>\u00abFue muy positivo en cuanto al esfuerzo que ha demostrado el personal policial. El operativo se desarroll\u00f3 con una fuerte inversi\u00f3n tecnol\u00f3gica y con el refuerzo de los puestos camineros, tanto internos como lim\u00edtrofes, incorporando al\u00f3metros, alcohol\u00edmetros y distintos dispositivos de control\u00bb, explic\u00f3 a la Agencia Provincial de Noticias.&nbsp;<\/p>\n\n\n\n<figure class=\"wp-block-image\"><img decoding=\"async\" src=\"https:\/\/www.eldiariodelapampa.com.ar\/\/img\/publicaciones\/2026\/03\/05\/alta\/883669-t.jpg\" alt=\"\" \/><\/figure>\n\n\n\n<p>Detall\u00f3 que durante el programa se multiplicaron los controles en rutas y accesos provinciales, combinando operativos fijos con patrullajes y enlaces en distintos tramos viales.&nbsp;<strong>\u00abSe increment\u00f3 considerablemente la cantidad de testeos de alcoholemia y tambi\u00e9n se realizaron controles mediante el sistema Pampa Seguridad Activa para registrar veh\u00edculos y personas que circulaban por las rutas provinciales\u00bb<\/strong>, se\u00f1al\u00f3.<\/p>\n\n\n\n<p>En ese sentido, remarc\u00f3 que el despliegue incluy\u00f3 patrullajes preventivos permanentes en corredores estrat\u00e9gicos, donde adem\u00e1s de los controles se brind\u00f3 asistencia a conductores que registraban inconvenientes mec\u00e1nicos o situaciones de riesgo. \u00abEl personal policial no solo control\u00f3 el tr\u00e1nsito, sino que tambi\u00e9n asisti\u00f3 a conductores que se encontraban varados o necesitaban ayuda en ruta, muchas veces personas que no son de la Provincia. Esa presencia preventiva tambi\u00e9n forma parte del trabajo que se realiza\u00bb, afirm\u00f3.<\/p>\n\n\n\n<p><strong>Finalmente, destac\u00f3 que el programa implic\u00f3 una fuerte movilizaci\u00f3n de recursos humanos<\/strong>: \u00abPr\u00e1cticamente la totalidad del personal policial que cumple tareas operativas particip\u00f3 del despliegue, reforzando puestos camineros, controles en rutas y operativos en las distintas jurisdicciones\u00bb.<\/p>\n\n\n\n<p>eldiariodelapampa.<\/p>\n","protected":false},"excerpt":{"rendered":"<p>El operativo se extendi\u00f3 desde el 22 de diciembre hasta el 2 de marzo. Se&#8230;<\/p>\n","protected":false},"author":2,"featured_media":12657,"comment_status":"closed","ping_status":"closed","sticky":false,"template":"","format":"standard","meta":{"_jetpack_memberships_contains_paid_content":false,"footnotes":"","jetpack_publicize_message":"Finaliz\u00f3 el operativo \"Cuidar Vidas\": el 0,13% de los conductores dio positivo de alcoholemia","jetpack_publicize_feature_enabled":true,"jetpack_social_post_already_shared":false,"jetpack_social_options":{"image_generator_settings":{"template":"highway","default_image_id":0,"font":"","enabled":false},"version":2}},"categories":[83],"tags":[],"class_list":["post-12655","post","type-post","status-publish","format-standard","has-post-thumbnail","hentry","category-la-pampa"],"yoast_head":"<!-- This site is optimized with the Yoast SEO plugin v27.4 - https:\/\/yoast.com\/product\/yoast-seo-wordpress\/ -->\n<title>Finaliz\u00f3 el operativo &quot;Cuidar Vidas&quot;: el 0,13% de los conductores dio positivo de alcoholemia -<\/title>\n<meta name=\"robots\" content=\"index, follow, max-snippet:-1, max-image-preview:large, max-video-preview:-1\" \/>\n<link rel=\"canonical\" href=\"https:\/\/impactocastex.com.ar\/?p=12655\" \/>\n<meta property=\"og:locale\" content=\"es_ES\" \/>\n<meta property=\"og:type\" content=\"article\" \/>\n<meta property=\"og:title\" content=\"Finaliz\u00f3 el operativo &quot;Cuidar Vidas&quot;: el 0,13% de los conductores dio positivo de alcoholemia -\" \/>\n<meta property=\"og:description\" content=\"El operativo se extendi\u00f3 desde el 22 de diciembre hasta el 2 de marzo. Se...\" \/>\n<meta property=\"og:url\" content=\"https:\/\/impactocastex.com.ar\/?p=12655\" \/>\n<meta property=\"article:publisher\" content=\"https:\/\/www.facebook.com\/impactocastexdiario\" \/>\n<meta property=\"article:published_time\" content=\"2026-03-06T12:29:10+00:00\" \/>\n<meta property=\"article:modified_time\" content=\"2026-03-06T12:29:12+00:00\" \/>\n<meta property=\"og:image\" content=\"https:\/\/impactocastex.com.ar\/wp-content\/uploads\/2026\/03\/883669-t.jpg\" \/>\n\t<meta property=\"og:image:width\" content=\"1000\" \/>\n\t<meta property=\"og:image:height\" content=\"750\" \/>\n\t<meta property=\"og:image:type\" content=\"image\/jpeg\" \/>\n<meta name=\"author\" content=\"impactocastex\" \/>\n<meta name=\"twitter:card\" content=\"summary_large_image\" \/>\n<meta name=\"twitter:label1\" content=\"Escrito por\" \/>\n\t<meta name=\"twitter:data1\" content=\"impactocastex\" \/>\n\t<meta name=\"twitter:label2\" content=\"Tiempo de lectura\" \/>\n\t<meta name=\"twitter:data2\" content=\"4 minutos\" \/>\n<script type=\"application\/ld+json\" class=\"yoast-schema-graph\">{\"@context\":\"https:\\\/\\\/schema.org\",\"@graph\":[{\"@type\":\"Article\",\"@id\":\"https:\\\/\\\/impactocastex.com.ar\\\/?p=12655#article\",\"isPartOf\":{\"@id\":\"https:\\\/\\\/impactocastex.com.ar\\\/?p=12655\"},\"author\":{\"name\":\"impactocastex\",\"@id\":\"https:\\\/\\\/impactocastex.com.ar\\\/#\\\/schema\\\/person\\\/c115028fb60f9bf49ce7550894b84ea7\"},\"headline\":\"Finaliz\u00f3 el operativo \u00abCuidar Vidas\u00bb: el 0,13% de los conductores dio positivo de alcoholemia\",\"datePublished\":\"2026-03-06T12:29:10+00:00\",\"dateModified\":\"2026-03-06T12:29:12+00:00\",\"mainEntityOfPage\":{\"@id\":\"https:\\\/\\\/impactocastex.com.ar\\\/?p=12655\"},\"wordCount\":533,\"publisher\":{\"@id\":\"https:\\\/\\\/impactocastex.com.ar\\\/#organization\"},\"image\":{\"@id\":\"https:\\\/\\\/impactocastex.com.ar\\\/?p=12655#primaryimage\"},\"thumbnailUrl\":\"https:\\\/\\\/impactocastex.com.ar\\\/wp-content\\\/uploads\\\/2026\\\/03\\\/883669-t.jpg\",\"articleSection\":[\"LA PAMPA\"],\"inLanguage\":\"es\"},{\"@type\":\"WebPage\",\"@id\":\"https:\\\/\\\/impactocastex.com.ar\\\/?p=12655\",\"url\":\"https:\\\/\\\/impactocastex.com.ar\\\/?p=12655\",\"name\":\"Finaliz\u00f3 el operativo \\\"Cuidar Vidas\\\": el 0,13% de los conductores dio positivo de alcoholemia -\",\"isPartOf\":{\"@id\":\"https:\\\/\\\/impactocastex.com.ar\\\/#website\"},\"primaryImageOfPage\":{\"@id\":\"https:\\\/\\\/impactocastex.com.ar\\\/?p=12655#primaryimage\"},\"image\":{\"@id\":\"https:\\\/\\\/impactocastex.com.ar\\\/?p=12655#primaryimage\"},\"thumbnailUrl\":\"https:\\\/\\\/impactocastex.com.ar\\\/wp-content\\\/uploads\\\/2026\\\/03\\\/883669-t.jpg\",\"datePublished\":\"2026-03-06T12:29:10+00:00\",\"dateModified\":\"2026-03-06T12:29:12+00:00\",\"breadcrumb\":{\"@id\":\"https:\\\/\\\/impactocastex.com.ar\\\/?p=12655#breadcrumb\"},\"inLanguage\":\"es\",\"potentialAction\":[{\"@type\":\"ReadAction\",\"target\":[\"https:\\\/\\\/impactocastex.com.ar\\\/?p=12655\"]}]},{\"@type\":\"ImageObject\",\"inLanguage\":\"es\",\"@id\":\"https:\\\/\\\/impactocastex.com.ar\\\/?p=12655#primaryimage\",\"url\":\"https:\\\/\\\/impactocastex.com.ar\\\/wp-content\\\/uploads\\\/2026\\\/03\\\/883669-t.jpg\",\"contentUrl\":\"https:\\\/\\\/impactocastex.com.ar\\\/wp-content\\\/uploads\\\/2026\\\/03\\\/883669-t.jpg\",\"width\":1000,\"height\":750},{\"@type\":\"BreadcrumbList\",\"@id\":\"https:\\\/\\\/impactocastex.com.ar\\\/?p=12655#breadcrumb\",\"itemListElement\":[{\"@type\":\"ListItem\",\"position\":1,\"name\":\"Portada\",\"item\":\"https:\\\/\\\/impactocastex.com.ar\\\/\"},{\"@type\":\"ListItem\",\"position\":2,\"name\":\"Finaliz\u00f3 el operativo &#8220;Cuidar Vidas&#8221;: el 0,13% de los conductores dio positivo de alcoholemia\"}]},{\"@type\":\"WebSite\",\"@id\":\"https:\\\/\\\/impactocastex.com.ar\\\/#website\",\"url\":\"https:\\\/\\\/impactocastex.com.ar\\\/\",\"name\":\"Impacto Castex\",\"description\":\"\",\"publisher\":{\"@id\":\"https:\\\/\\\/impactocastex.com.ar\\\/#organization\"},\"potentialAction\":[{\"@type\":\"SearchAction\",\"target\":{\"@type\":\"EntryPoint\",\"urlTemplate\":\"https:\\\/\\\/impactocastex.com.ar\\\/?s={search_term_string}\"},\"query-input\":{\"@type\":\"PropertyValueSpecification\",\"valueRequired\":true,\"valueName\":\"search_term_string\"}}],\"inLanguage\":\"es\"},{\"@type\":\"Organization\",\"@id\":\"https:\\\/\\\/impactocastex.com.ar\\\/#organization\",\"name\":\"Impacto Castex\",\"url\":\"https:\\\/\\\/impactocastex.com.ar\\\/\",\"logo\":{\"@type\":\"ImageObject\",\"inLanguage\":\"es\",\"@id\":\"https:\\\/\\\/impactocastex.com.ar\\\/#\\\/schema\\\/logo\\\/image\\\/\",\"url\":\"https:\\\/\\\/impactocastex.com.ar\\\/wp-content\\\/uploads\\\/2025\\\/09\\\/cropped-icoweb.png\",\"contentUrl\":\"https:\\\/\\\/impactocastex.com.ar\\\/wp-content\\\/uploads\\\/2025\\\/09\\\/cropped-icoweb.png\",\"width\":512,\"height\":512,\"caption\":\"Impacto Castex\"},\"image\":{\"@id\":\"https:\\\/\\\/impactocastex.com.ar\\\/#\\\/schema\\\/logo\\\/image\\\/\"},\"sameAs\":[\"https:\\\/\\\/www.facebook.com\\\/impactocastexdiario\",\"https:\\\/\\\/www.instagram.com\\\/impactocastex.com.ar\\\/\"]},{\"@type\":\"Person\",\"@id\":\"https:\\\/\\\/impactocastex.com.ar\\\/#\\\/schema\\\/person\\\/c115028fb60f9bf49ce7550894b84ea7\",\"name\":\"impactocastex\",\"image\":{\"@type\":\"ImageObject\",\"inLanguage\":\"es\",\"@id\":\"https:\\\/\\\/secure.gravatar.com\\\/avatar\\\/fee87e7af008f02e9becdc0b5a9fd4a2e79b3918a571edeacb62211704637833?s=96&d=mm&r=g\",\"url\":\"https:\\\/\\\/secure.gravatar.com\\\/avatar\\\/fee87e7af008f02e9becdc0b5a9fd4a2e79b3918a571edeacb62211704637833?s=96&d=mm&r=g\",\"contentUrl\":\"https:\\\/\\\/secure.gravatar.com\\\/avatar\\\/fee87e7af008f02e9becdc0b5a9fd4a2e79b3918a571edeacb62211704637833?s=96&d=mm&r=g\",\"caption\":\"impactocastex\"},\"sameAs\":[\"https:\\\/\\\/impactocastex.com.ar\\\/\"],\"url\":\"https:\\\/\\\/impactocastex.com.ar\\\/?author=2\"}]}<\/script>\n<!-- \/ Yoast SEO plugin. -->","yoast_head_json":{"title":"Finaliz\u00f3 el operativo \"Cuidar Vidas\": el 0,13% de los conductores dio positivo de alcoholemia -","robots":{"index":"index","follow":"follow","max-snippet":"max-snippet:-1","max-image-preview":"max-image-preview:large","max-video-preview":"max-video-preview:-1"},"canonical":"https:\/\/impactocastex.com.ar\/?p=12655","og_locale":"es_ES","og_type":"article","og_title":"Finaliz\u00f3 el operativo \"Cuidar Vidas\": el 0,13% de los conductores dio positivo de alcoholemia -","og_description":"El operativo se extendi\u00f3 desde el 22 de diciembre hasta el 2 de marzo. Se...","og_url":"https:\/\/impactocastex.com.ar\/?p=12655","article_publisher":"https:\/\/www.facebook.com\/impactocastexdiario","article_published_time":"2026-03-06T12:29:10+00:00","article_modified_time":"2026-03-06T12:29:12+00:00","og_image":[{"width":1000,"height":750,"url":"https:\/\/impactocastex.com.ar\/wp-content\/uploads\/2026\/03\/883669-t.jpg","type":"image\/jpeg"}],"author":"impactocastex","twitter_card":"summary_large_image","twitter_misc":{"Escrito por":"impactocastex","Tiempo de lectura":"4 minutos"},"schema":{"@context":"https:\/\/schema.org","@graph":[{"@type":"Article","@id":"https:\/\/impactocastex.com.ar\/?p=12655#article","isPartOf":{"@id":"https:\/\/impactocastex.com.ar\/?p=12655"},"author":{"name":"impactocastex","@id":"https:\/\/impactocastex.com.ar\/#\/schema\/person\/c115028fb60f9bf49ce7550894b84ea7"},"headline":"Finaliz\u00f3 el operativo \u00abCuidar Vidas\u00bb: el 0,13% de los conductores dio positivo de alcoholemia","datePublished":"2026-03-06T12:29:10+00:00","dateModified":"2026-03-06T12:29:12+00:00","mainEntityOfPage":{"@id":"https:\/\/impactocastex.com.ar\/?p=12655"},"wordCount":533,"publisher":{"@id":"https:\/\/impactocastex.com.ar\/#organization"},"image":{"@id":"https:\/\/impactocastex.com.ar\/?p=12655#primaryimage"},"thumbnailUrl":"https:\/\/impactocastex.com.ar\/wp-content\/uploads\/2026\/03\/883669-t.jpg","articleSection":["LA PAMPA"],"inLanguage":"es"},{"@type":"WebPage","@id":"https:\/\/impactocastex.com.ar\/?p=12655","url":"https:\/\/impactocastex.com.ar\/?p=12655","name":"Finaliz\u00f3 el operativo \"Cuidar Vidas\": el 0,13% de los conductores dio positivo de alcoholemia -","isPartOf":{"@id":"https:\/\/impactocastex.com.ar\/#website"},"primaryImageOfPage":{"@id":"https:\/\/impactocastex.com.ar\/?p=12655#primaryimage"},"image":{"@id":"https:\/\/impactocastex.com.ar\/?p=12655#primaryimage"},"thumbnailUrl":"https:\/\/impactocastex.com.ar\/wp-content\/uploads\/2026\/03\/883669-t.jpg","datePublished":"2026-03-06T12:29:10+00:00","dateModified":"2026-03-06T12:29:12+00:00","breadcrumb":{"@id":"https:\/\/impactocastex.com.ar\/?p=12655#breadcrumb"},"inLanguage":"es","potentialAction":[{"@type":"ReadAction","target":["https:\/\/impactocastex.com.ar\/?p=12655"]}]},{"@type":"ImageObject","inLanguage":"es","@id":"https:\/\/impactocastex.com.ar\/?p=12655#primaryimage","url":"https:\/\/impactocastex.com.ar\/wp-content\/uploads\/2026\/03\/883669-t.jpg","contentUrl":"https:\/\/impactocastex.com.ar\/wp-content\/uploads\/2026\/03\/883669-t.jpg","width":1000,"height":750},{"@type":"BreadcrumbList","@id":"https:\/\/impactocastex.com.ar\/?p=12655#breadcrumb","itemListElement":[{"@type":"ListItem","position":1,"name":"Portada","item":"https:\/\/impactocastex.com.ar\/"},{"@type":"ListItem","position":2,"name":"Finaliz\u00f3 el operativo &#8220;Cuidar Vidas&#8221;: el 0,13% de los conductores dio positivo de alcoholemia"}]},{"@type":"WebSite","@id":"https:\/\/impactocastex.com.ar\/#website","url":"https:\/\/impactocastex.com.ar\/","name":"Impacto Castex","description":"","publisher":{"@id":"https:\/\/impactocastex.com.ar\/#organization"},"potentialAction":[{"@type":"SearchAction","target":{"@type":"EntryPoint","urlTemplate":"https:\/\/impactocastex.com.ar\/?s={search_term_string}"},"query-input":{"@type":"PropertyValueSpecification","valueRequired":true,"valueName":"search_term_string"}}],"inLanguage":"es"},{"@type":"Organization","@id":"https:\/\/impactocastex.com.ar\/#organization","name":"Impacto Castex","url":"https:\/\/impactocastex.com.ar\/","logo":{"@type":"ImageObject","inLanguage":"es","@id":"https:\/\/impactocastex.com.ar\/#\/schema\/logo\/image\/","url":"https:\/\/impactocastex.com.ar\/wp-content\/uploads\/2025\/09\/cropped-icoweb.png","contentUrl":"https:\/\/impactocastex.com.ar\/wp-content\/uploads\/2025\/09\/cropped-icoweb.png","width":512,"height":512,"caption":"Impacto Castex"},"image":{"@id":"https:\/\/impactocastex.com.ar\/#\/schema\/logo\/image\/"},"sameAs":["https:\/\/www.facebook.com\/impactocastexdiario","https:\/\/www.instagram.com\/impactocastex.com.ar\/"]},{"@type":"Person","@id":"https:\/\/impactocastex.com.ar\/#\/schema\/person\/c115028fb60f9bf49ce7550894b84ea7","name":"impactocastex","image":{"@type":"ImageObject","inLanguage":"es","@id":"https:\/\/secure.gravatar.com\/avatar\/fee87e7af008f02e9becdc0b5a9fd4a2e79b3918a571edeacb62211704637833?s=96&d=mm&r=g","url":"https:\/\/secure.gravatar.com\/avatar\/fee87e7af008f02e9becdc0b5a9fd4a2e79b3918a571edeacb62211704637833?s=96&d=mm&r=g","contentUrl":"https:\/\/secure.gravatar.com\/avatar\/fee87e7af008f02e9becdc0b5a9fd4a2e79b3918a571edeacb62211704637833?s=96&d=mm&r=g","caption":"impactocastex"},"sameAs":["https:\/\/impactocastex.com.ar\/"],"url":"https:\/\/impactocastex.com.ar\/?author=2"}]}},"jetpack_publicize_connections":[],"featured_image_urls":{"full":["https:\/\/impactocastex.com.ar\/wp-content\/uploads\/2026\/03\/883669-t.jpg",1000,750,false],"thumbnail":["https:\/\/impactocastex.com.ar\/wp-content\/uploads\/2026\/03\/883669-t-150x150.jpg",150,150,true],"medium":["https:\/\/impactocastex.com.ar\/wp-content\/uploads\/2026\/03\/883669-t-300x225.jpg",300,225,true],"medium_large":["https:\/\/impactocastex.com.ar\/wp-content\/uploads\/2026\/03\/883669-t-768x576.jpg",640,480,true],"large":["https:\/\/impactocastex.com.ar\/wp-content\/uploads\/2026\/03\/883669-t.jpg",640,480,false],"1536x1536":["https:\/\/impactocastex.com.ar\/wp-content\/uploads\/2026\/03\/883669-t.jpg",1000,750,false],"2048x2048":["https:\/\/impactocastex.com.ar\/wp-content\/uploads\/2026\/03\/883669-t.jpg",1000,750,false],"newsever-slider-full":["https:\/\/impactocastex.com.ar\/wp-content\/uploads\/2026\/03\/883669-t.jpg",1000,750,false],"newsever-featured":["https:\/\/impactocastex.com.ar\/wp-content\/uploads\/2026\/03\/883669-t.jpg",1000,750,false],"newsever-medium":["https:\/\/impactocastex.com.ar\/wp-content\/uploads\/2026\/03\/883669-t-720x475.jpg",720,475,true]},"author_info":{"info":["impactocastex"]},"category_info":"<a href=\"https:\/\/impactocastex.com.ar\/?cat=83\" rel=\"category\">LA PAMPA<\/a>","tag_info":"LA PAMPA","comment_count":0,"jetpack_featured_media_url":"https:\/\/impactocastex.com.ar\/wp-content\/uploads\/2026\/03\/883669-t.jpg","jetpack_sharing_enabled":true,"jetpack_likes_enabled":true,"jetpack_shortlink":"https:\/\/wp.me\/p7sopA-3i7","_links":{"self":[{"href":"https:\/\/impactocastex.com.ar\/index.php?rest_route=\/wp\/v2\/posts\/12655","targetHints":{"allow":["GET"]}}],"collection":[{"href":"https:\/\/impactocastex.com.ar\/index.php?rest_route=\/wp\/v2\/posts"}],"about":[{"href":"https:\/\/impactocastex.com.ar\/index.php?rest_route=\/wp\/v2\/types\/post"}],"author":[{"embeddable":true,"href":"https:\/\/impactocastex.com.ar\/index.php?rest_route=\/wp\/v2\/users\/2"}],"replies":[{"embeddable":true,"href":"https:\/\/impactocastex.com.ar\/index.php?rest_route=%2Fwp%2Fv2%2Fcomments&post=12655"}],"version-history":[{"count":1,"href":"https:\/\/impactocastex.com.ar\/index.php?rest_route=\/wp\/v2\/posts\/12655\/revisions"}],"predecessor-version":[{"id":12658,"href":"https:\/\/impactocastex.com.ar\/index.php?rest_route=\/wp\/v2\/posts\/12655\/revisions\/12658"}],"wp:featuredmedia":[{"embeddable":true,"href":"https:\/\/impactocastex.com.ar\/index.php?rest_route=\/wp\/v2\/media\/12657"}],"wp:attachment":[{"href":"https:\/\/impactocastex.com.ar\/index.php?rest_route=%2Fwp%2Fv2%2Fmedia&parent=12655"}],"wp:term":[{"taxonomy":"category","embeddable":true,"href":"https:\/\/impactocastex.com.ar\/index.php?rest_route=%2Fwp%2Fv2%2Fcategories&post=12655"},{"taxonomy":"post_tag","embeddable":true,"href":"https:\/\/impactocastex.com.ar\/index.php?rest_route=%2Fwp%2Fv2%2Ftags&post=12655"}],"curies":[{"name":"wp","href":"https:\/\/api.w.org\/{rel}","templated":true}]}}