{"id":12612,"date":"2026-03-05T09:20:00","date_gmt":"2026-03-05T12:20:00","guid":{"rendered":"https:\/\/impactocastex.com.ar\/?p=12612"},"modified":"2026-03-05T09:20:01","modified_gmt":"2026-03-05T12:20:01","slug":"choque-multiple-al-menos-cuatro-camiones-involucrados-y-corte-total","status":"publish","type":"post","link":"https:\/\/impactocastex.com.ar\/?p=12612","title":{"rendered":"Choque m\u00faltiple: al menos cuatro camiones involucrados y corte total"},"content":{"rendered":"\n<p>Durante la madrugada de este jueves se produjo un accidente en cadena, de gran magnitud, en la Autopista Rosario-Buenos Aires, a la altura de la localidad de&nbsp;<strong>Baradero<\/strong>. Hay al menos cuatro camiones involucrados.<\/p>\n\n\n\n<p>La madrugada comenz\u00f3 ca\u00f3tica en la&nbsp;<strong>Autopista Rosario-Buenos Aires<\/strong>&nbsp;despu\u00e9s de que se produjera un violento choque en cadena en el que est\u00e1n involucrados al menos cuatro camiones y algunos autos. El siniestro vial sucedi\u00f3 alrededor de las 6.30 horas de este jueves, a la altura del&nbsp;<strong>kil\u00f3metro 150<\/strong>, a la altura de la localidad de Baradero y en el sentido de la calzada hacia Capital Federal.<\/p>\n\n\n\n<figure class=\"wp-block-image size-large\"><img loading=\"lazy\" decoding=\"async\" width=\"1024\" height=\"578\" src=\"https:\/\/impactocastex.com.ar\/wp-content\/uploads\/2026\/03\/1772709451924-1-1024x578.webp\" alt=\"\" class=\"wp-image-12614\" srcset=\"https:\/\/impactocastex.com.ar\/wp-content\/uploads\/2026\/03\/1772709451924-1-1024x578.webp 1024w, https:\/\/impactocastex.com.ar\/wp-content\/uploads\/2026\/03\/1772709451924-1-300x169.webp 300w, https:\/\/impactocastex.com.ar\/wp-content\/uploads\/2026\/03\/1772709451924-1-768x434.webp 768w, https:\/\/impactocastex.com.ar\/wp-content\/uploads\/2026\/03\/1772709451924-1.webp 1121w\" sizes=\"auto, (max-width: 1024px) 100vw, 1024px\" \/><\/figure>\n\n\n\n<p>Con respecto a los primeros reportes de las fuerzas de seguridad, por el siniestro muri\u00f3 una persona fallecida. Por la magnitud del choque en cadena y la posici\u00f3n en la que quedaron las unidades, seg\u00fan destacaron desde el portal Red Boig, las autoridades tuvieron que cerrar por completo la traza y se generaron kil\u00f3metros y kil\u00f3metros de congesti\u00f3n en lo que ser\u00eda una de las autopistas m\u00e1s importantes del pa\u00eds.&nbsp;Los veh\u00edculos que se vieron afectados por el masivo siniestro fueron: un cami\u00f3n acoplado, dos camiones semirremolques y un cami\u00f3n batea.&nbsp;<\/p>\n\n\n\n<p>En el lugar, se encuentra trabajando personal de Gendarmer\u00eda Nacional, Bomberos Voluntarios de Baradero y los servicios de emergencia. Al momento se est\u00e1n removiendo los veh\u00edculos de gran porte y se est\u00e1 trabajando en la investigaci\u00f3n y en las pericias correspondientes. Por la manera en que los camiones quedaron cruzados sobre la cinta asf\u00e1ltica, las autoridades viales determinaron que era necesario un operativo de desv\u00edo de tr\u00e1nsito para que no se generara un colapso mayor.<\/p>\n\n\n\n<p>Para evitar mayores complicaciones, los veh\u00edculos ser\u00e1n desviados en el kil\u00f3metro 162 para que terminen circulando por la Ruta Provincial 191. La recomendaci\u00f3n para los conductores es que circulan con extrema precauci\u00f3n y que prevean demoras significativas en la zona.<\/p>\n","protected":false},"excerpt":{"rendered":"<p>Durante la madrugada de este jueves se produjo un accidente en cadena, de gran magnitud,&#8230;<\/p>\n","protected":false},"author":2,"featured_media":12613,"comment_status":"closed","ping_status":"closed","sticky":false,"template":"","format":"standard","meta":{"_jetpack_memberships_contains_paid_content":false,"footnotes":"","jetpack_publicize_message":"Choque m\u00faltiple: al menos cuatro camiones involucrados y corte total","jetpack_publicize_feature_enabled":true,"jetpack_social_post_already_shared":false,"jetpack_social_options":{"image_generator_settings":{"template":"highway","default_image_id":0,"font":"","enabled":false},"version":2}},"categories":[85],"tags":[],"class_list":["post-12612","post","type-post","status-publish","format-standard","has-post-thumbnail","hentry","category-policiales"],"yoast_head":"<!-- This site is optimized with the Yoast SEO plugin v27.4 - https:\/\/yoast.com\/product\/yoast-seo-wordpress\/ -->\n<title>Choque m\u00faltiple: al menos cuatro camiones involucrados y corte total -<\/title>\n<meta name=\"robots\" content=\"index, follow, max-snippet:-1, max-image-preview:large, max-video-preview:-1\" \/>\n<link rel=\"canonical\" href=\"https:\/\/impactocastex.com.ar\/?p=12612\" \/>\n<meta property=\"og:locale\" content=\"es_ES\" \/>\n<meta property=\"og:type\" content=\"article\" \/>\n<meta property=\"og:title\" content=\"Choque m\u00faltiple: al menos cuatro camiones involucrados y corte total -\" \/>\n<meta property=\"og:description\" content=\"Durante la madrugada de este jueves se produjo un accidente en cadena, de gran magnitud,...\" \/>\n<meta property=\"og:url\" content=\"https:\/\/impactocastex.com.ar\/?p=12612\" \/>\n<meta property=\"article:publisher\" content=\"https:\/\/www.facebook.com\/impactocastexdiario\" \/>\n<meta property=\"article:published_time\" content=\"2026-03-05T12:20:00+00:00\" \/>\n<meta property=\"article:modified_time\" content=\"2026-03-05T12:20:01+00:00\" \/>\n<meta property=\"og:image\" content=\"https:\/\/impactocastex.com.ar\/wp-content\/uploads\/2026\/03\/1772709451924.webp\" \/>\n\t<meta property=\"og:image:width\" content=\"1121\" \/>\n\t<meta property=\"og:image:height\" content=\"633\" \/>\n\t<meta property=\"og:image:type\" content=\"image\/webp\" \/>\n<meta name=\"author\" content=\"impactocastex\" \/>\n<meta name=\"twitter:card\" content=\"summary_large_image\" \/>\n<meta name=\"twitter:label1\" content=\"Escrito por\" \/>\n\t<meta name=\"twitter:data1\" content=\"impactocastex\" \/>\n\t<meta name=\"twitter:label2\" content=\"Tiempo de lectura\" \/>\n\t<meta name=\"twitter:data2\" content=\"2 minutos\" \/>\n<script type=\"application\/ld+json\" class=\"yoast-schema-graph\">{\"@context\":\"https:\\\/\\\/schema.org\",\"@graph\":[{\"@type\":\"Article\",\"@id\":\"https:\\\/\\\/impactocastex.com.ar\\\/?p=12612#article\",\"isPartOf\":{\"@id\":\"https:\\\/\\\/impactocastex.com.ar\\\/?p=12612\"},\"author\":{\"name\":\"impactocastex\",\"@id\":\"https:\\\/\\\/impactocastex.com.ar\\\/#\\\/schema\\\/person\\\/c115028fb60f9bf49ce7550894b84ea7\"},\"headline\":\"Choque m\u00faltiple: al menos cuatro camiones involucrados y corte total\",\"datePublished\":\"2026-03-05T12:20:00+00:00\",\"dateModified\":\"2026-03-05T12:20:01+00:00\",\"mainEntityOfPage\":{\"@id\":\"https:\\\/\\\/impactocastex.com.ar\\\/?p=12612\"},\"wordCount\":347,\"publisher\":{\"@id\":\"https:\\\/\\\/impactocastex.com.ar\\\/#organization\"},\"image\":{\"@id\":\"https:\\\/\\\/impactocastex.com.ar\\\/?p=12612#primaryimage\"},\"thumbnailUrl\":\"https:\\\/\\\/impactocastex.com.ar\\\/wp-content\\\/uploads\\\/2026\\\/03\\\/1772709451924.webp\",\"articleSection\":[\"POLICIALES\"],\"inLanguage\":\"es\"},{\"@type\":\"WebPage\",\"@id\":\"https:\\\/\\\/impactocastex.com.ar\\\/?p=12612\",\"url\":\"https:\\\/\\\/impactocastex.com.ar\\\/?p=12612\",\"name\":\"Choque m\u00faltiple: al menos cuatro camiones involucrados y corte total -\",\"isPartOf\":{\"@id\":\"https:\\\/\\\/impactocastex.com.ar\\\/#website\"},\"primaryImageOfPage\":{\"@id\":\"https:\\\/\\\/impactocastex.com.ar\\\/?p=12612#primaryimage\"},\"image\":{\"@id\":\"https:\\\/\\\/impactocastex.com.ar\\\/?p=12612#primaryimage\"},\"thumbnailUrl\":\"https:\\\/\\\/impactocastex.com.ar\\\/wp-content\\\/uploads\\\/2026\\\/03\\\/1772709451924.webp\",\"datePublished\":\"2026-03-05T12:20:00+00:00\",\"dateModified\":\"2026-03-05T12:20:01+00:00\",\"breadcrumb\":{\"@id\":\"https:\\\/\\\/impactocastex.com.ar\\\/?p=12612#breadcrumb\"},\"inLanguage\":\"es\",\"potentialAction\":[{\"@type\":\"ReadAction\",\"target\":[\"https:\\\/\\\/impactocastex.com.ar\\\/?p=12612\"]}]},{\"@type\":\"ImageObject\",\"inLanguage\":\"es\",\"@id\":\"https:\\\/\\\/impactocastex.com.ar\\\/?p=12612#primaryimage\",\"url\":\"https:\\\/\\\/impactocastex.com.ar\\\/wp-content\\\/uploads\\\/2026\\\/03\\\/1772709451924.webp\",\"contentUrl\":\"https:\\\/\\\/impactocastex.com.ar\\\/wp-content\\\/uploads\\\/2026\\\/03\\\/1772709451924.webp\",\"width\":1121,\"height\":633},{\"@type\":\"BreadcrumbList\",\"@id\":\"https:\\\/\\\/impactocastex.com.ar\\\/?p=12612#breadcrumb\",\"itemListElement\":[{\"@type\":\"ListItem\",\"position\":1,\"name\":\"Portada\",\"item\":\"https:\\\/\\\/impactocastex.com.ar\\\/\"},{\"@type\":\"ListItem\",\"position\":2,\"name\":\"Choque m\u00faltiple: al menos cuatro camiones involucrados y corte total\"}]},{\"@type\":\"WebSite\",\"@id\":\"https:\\\/\\\/impactocastex.com.ar\\\/#website\",\"url\":\"https:\\\/\\\/impactocastex.com.ar\\\/\",\"name\":\"Impacto Castex\",\"description\":\"\",\"publisher\":{\"@id\":\"https:\\\/\\\/impactocastex.com.ar\\\/#organization\"},\"potentialAction\":[{\"@type\":\"SearchAction\",\"target\":{\"@type\":\"EntryPoint\",\"urlTemplate\":\"https:\\\/\\\/impactocastex.com.ar\\\/?s={search_term_string}\"},\"query-input\":{\"@type\":\"PropertyValueSpecification\",\"valueRequired\":true,\"valueName\":\"search_term_string\"}}],\"inLanguage\":\"es\"},{\"@type\":\"Organization\",\"@id\":\"https:\\\/\\\/impactocastex.com.ar\\\/#organization\",\"name\":\"Impacto Castex\",\"url\":\"https:\\\/\\\/impactocastex.com.ar\\\/\",\"logo\":{\"@type\":\"ImageObject\",\"inLanguage\":\"es\",\"@id\":\"https:\\\/\\\/impactocastex.com.ar\\\/#\\\/schema\\\/logo\\\/image\\\/\",\"url\":\"https:\\\/\\\/impactocastex.com.ar\\\/wp-content\\\/uploads\\\/2025\\\/09\\\/cropped-icoweb.png\",\"contentUrl\":\"https:\\\/\\\/impactocastex.com.ar\\\/wp-content\\\/uploads\\\/2025\\\/09\\\/cropped-icoweb.png\",\"width\":512,\"height\":512,\"caption\":\"Impacto Castex\"},\"image\":{\"@id\":\"https:\\\/\\\/impactocastex.com.ar\\\/#\\\/schema\\\/logo\\\/image\\\/\"},\"sameAs\":[\"https:\\\/\\\/www.facebook.com\\\/impactocastexdiario\",\"https:\\\/\\\/www.instagram.com\\\/impactocastex.com.ar\\\/\"]},{\"@type\":\"Person\",\"@id\":\"https:\\\/\\\/impactocastex.com.ar\\\/#\\\/schema\\\/person\\\/c115028fb60f9bf49ce7550894b84ea7\",\"name\":\"impactocastex\",\"image\":{\"@type\":\"ImageObject\",\"inLanguage\":\"es\",\"@id\":\"https:\\\/\\\/secure.gravatar.com\\\/avatar\\\/fee87e7af008f02e9becdc0b5a9fd4a2e79b3918a571edeacb62211704637833?s=96&d=mm&r=g\",\"url\":\"https:\\\/\\\/secure.gravatar.com\\\/avatar\\\/fee87e7af008f02e9becdc0b5a9fd4a2e79b3918a571edeacb62211704637833?s=96&d=mm&r=g\",\"contentUrl\":\"https:\\\/\\\/secure.gravatar.com\\\/avatar\\\/fee87e7af008f02e9becdc0b5a9fd4a2e79b3918a571edeacb62211704637833?s=96&d=mm&r=g\",\"caption\":\"impactocastex\"},\"sameAs\":[\"https:\\\/\\\/impactocastex.com.ar\\\/\"],\"url\":\"https:\\\/\\\/impactocastex.com.ar\\\/?author=2\"}]}<\/script>\n<!-- \/ Yoast SEO plugin. -->","yoast_head_json":{"title":"Choque m\u00faltiple: al menos cuatro camiones involucrados y corte total -","robots":{"index":"index","follow":"follow","max-snippet":"max-snippet:-1","max-image-preview":"max-image-preview:large","max-video-preview":"max-video-preview:-1"},"canonical":"https:\/\/impactocastex.com.ar\/?p=12612","og_locale":"es_ES","og_type":"article","og_title":"Choque m\u00faltiple: al menos cuatro camiones involucrados y corte total -","og_description":"Durante la madrugada de este jueves se produjo un accidente en cadena, de gran magnitud,...","og_url":"https:\/\/impactocastex.com.ar\/?p=12612","article_publisher":"https:\/\/www.facebook.com\/impactocastexdiario","article_published_time":"2026-03-05T12:20:00+00:00","article_modified_time":"2026-03-05T12:20:01+00:00","og_image":[{"width":1121,"height":633,"url":"https:\/\/impactocastex.com.ar\/wp-content\/uploads\/2026\/03\/1772709451924.webp","type":"image\/webp"}],"author":"impactocastex","twitter_card":"summary_large_image","twitter_misc":{"Escrito por":"impactocastex","Tiempo de lectura":"2 minutos"},"schema":{"@context":"https:\/\/schema.org","@graph":[{"@type":"Article","@id":"https:\/\/impactocastex.com.ar\/?p=12612#article","isPartOf":{"@id":"https:\/\/impactocastex.com.ar\/?p=12612"},"author":{"name":"impactocastex","@id":"https:\/\/impactocastex.com.ar\/#\/schema\/person\/c115028fb60f9bf49ce7550894b84ea7"},"headline":"Choque m\u00faltiple: al menos cuatro camiones involucrados y corte total","datePublished":"2026-03-05T12:20:00+00:00","dateModified":"2026-03-05T12:20:01+00:00","mainEntityOfPage":{"@id":"https:\/\/impactocastex.com.ar\/?p=12612"},"wordCount":347,"publisher":{"@id":"https:\/\/impactocastex.com.ar\/#organization"},"image":{"@id":"https:\/\/impactocastex.com.ar\/?p=12612#primaryimage"},"thumbnailUrl":"https:\/\/impactocastex.com.ar\/wp-content\/uploads\/2026\/03\/1772709451924.webp","articleSection":["POLICIALES"],"inLanguage":"es"},{"@type":"WebPage","@id":"https:\/\/impactocastex.com.ar\/?p=12612","url":"https:\/\/impactocastex.com.ar\/?p=12612","name":"Choque m\u00faltiple: al menos cuatro camiones involucrados y corte total -","isPartOf":{"@id":"https:\/\/impactocastex.com.ar\/#website"},"primaryImageOfPage":{"@id":"https:\/\/impactocastex.com.ar\/?p=12612#primaryimage"},"image":{"@id":"https:\/\/impactocastex.com.ar\/?p=12612#primaryimage"},"thumbnailUrl":"https:\/\/impactocastex.com.ar\/wp-content\/uploads\/2026\/03\/1772709451924.webp","datePublished":"2026-03-05T12:20:00+00:00","dateModified":"2026-03-05T12:20:01+00:00","breadcrumb":{"@id":"https:\/\/impactocastex.com.ar\/?p=12612#breadcrumb"},"inLanguage":"es","potentialAction":[{"@type":"ReadAction","target":["https:\/\/impactocastex.com.ar\/?p=12612"]}]},{"@type":"ImageObject","inLanguage":"es","@id":"https:\/\/impactocastex.com.ar\/?p=12612#primaryimage","url":"https:\/\/impactocastex.com.ar\/wp-content\/uploads\/2026\/03\/1772709451924.webp","contentUrl":"https:\/\/impactocastex.com.ar\/wp-content\/uploads\/2026\/03\/1772709451924.webp","width":1121,"height":633},{"@type":"BreadcrumbList","@id":"https:\/\/impactocastex.com.ar\/?p=12612#breadcrumb","itemListElement":[{"@type":"ListItem","position":1,"name":"Portada","item":"https:\/\/impactocastex.com.ar\/"},{"@type":"ListItem","position":2,"name":"Choque m\u00faltiple: al menos cuatro camiones involucrados y corte total"}]},{"@type":"WebSite","@id":"https:\/\/impactocastex.com.ar\/#website","url":"https:\/\/impactocastex.com.ar\/","name":"Impacto Castex","description":"","publisher":{"@id":"https:\/\/impactocastex.com.ar\/#organization"},"potentialAction":[{"@type":"SearchAction","target":{"@type":"EntryPoint","urlTemplate":"https:\/\/impactocastex.com.ar\/?s={search_term_string}"},"query-input":{"@type":"PropertyValueSpecification","valueRequired":true,"valueName":"search_term_string"}}],"inLanguage":"es"},{"@type":"Organization","@id":"https:\/\/impactocastex.com.ar\/#organization","name":"Impacto Castex","url":"https:\/\/impactocastex.com.ar\/","logo":{"@type":"ImageObject","inLanguage":"es","@id":"https:\/\/impactocastex.com.ar\/#\/schema\/logo\/image\/","url":"https:\/\/impactocastex.com.ar\/wp-content\/uploads\/2025\/09\/cropped-icoweb.png","contentUrl":"https:\/\/impactocastex.com.ar\/wp-content\/uploads\/2025\/09\/cropped-icoweb.png","width":512,"height":512,"caption":"Impacto Castex"},"image":{"@id":"https:\/\/impactocastex.com.ar\/#\/schema\/logo\/image\/"},"sameAs":["https:\/\/www.facebook.com\/impactocastexdiario","https:\/\/www.instagram.com\/impactocastex.com.ar\/"]},{"@type":"Person","@id":"https:\/\/impactocastex.com.ar\/#\/schema\/person\/c115028fb60f9bf49ce7550894b84ea7","name":"impactocastex","image":{"@type":"ImageObject","inLanguage":"es","@id":"https:\/\/secure.gravatar.com\/avatar\/fee87e7af008f02e9becdc0b5a9fd4a2e79b3918a571edeacb62211704637833?s=96&d=mm&r=g","url":"https:\/\/secure.gravatar.com\/avatar\/fee87e7af008f02e9becdc0b5a9fd4a2e79b3918a571edeacb62211704637833?s=96&d=mm&r=g","contentUrl":"https:\/\/secure.gravatar.com\/avatar\/fee87e7af008f02e9becdc0b5a9fd4a2e79b3918a571edeacb62211704637833?s=96&d=mm&r=g","caption":"impactocastex"},"sameAs":["https:\/\/impactocastex.com.ar\/"],"url":"https:\/\/impactocastex.com.ar\/?author=2"}]}},"jetpack_publicize_connections":[],"featured_image_urls":{"full":["https:\/\/impactocastex.com.ar\/wp-content\/uploads\/2026\/03\/1772709451924.webp",1121,633,false],"thumbnail":["https:\/\/impactocastex.com.ar\/wp-content\/uploads\/2026\/03\/1772709451924-150x150.webp",150,150,true],"medium":["https:\/\/impactocastex.com.ar\/wp-content\/uploads\/2026\/03\/1772709451924-300x169.webp",300,169,true],"medium_large":["https:\/\/impactocastex.com.ar\/wp-content\/uploads\/2026\/03\/1772709451924-768x434.webp",640,362,true],"large":["https:\/\/impactocastex.com.ar\/wp-content\/uploads\/2026\/03\/1772709451924-1024x578.webp",640,361,true],"1536x1536":["https:\/\/impactocastex.com.ar\/wp-content\/uploads\/2026\/03\/1772709451924.webp",1121,633,false],"2048x2048":["https:\/\/impactocastex.com.ar\/wp-content\/uploads\/2026\/03\/1772709451924.webp",1121,633,false],"newsever-slider-full":["https:\/\/impactocastex.com.ar\/wp-content\/uploads\/2026\/03\/1772709451924.webp",1121,633,false],"newsever-featured":["https:\/\/impactocastex.com.ar\/wp-content\/uploads\/2026\/03\/1772709451924-1024x578.webp",1024,578,true],"newsever-medium":["https:\/\/impactocastex.com.ar\/wp-content\/uploads\/2026\/03\/1772709451924-720x475.webp",720,475,true]},"author_info":{"info":["impactocastex"]},"category_info":"<a href=\"https:\/\/impactocastex.com.ar\/?cat=85\" rel=\"category\">POLICIALES<\/a>","tag_info":"POLICIALES","comment_count":0,"jetpack_featured_media_url":"https:\/\/impactocastex.com.ar\/wp-content\/uploads\/2026\/03\/1772709451924.webp","jetpack_sharing_enabled":true,"jetpack_likes_enabled":true,"jetpack_shortlink":"https:\/\/wp.me\/p7sopA-3hq","_links":{"self":[{"href":"https:\/\/impactocastex.com.ar\/index.php?rest_route=\/wp\/v2\/posts\/12612","targetHints":{"allow":["GET"]}}],"collection":[{"href":"https:\/\/impactocastex.com.ar\/index.php?rest_route=\/wp\/v2\/posts"}],"about":[{"href":"https:\/\/impactocastex.com.ar\/index.php?rest_route=\/wp\/v2\/types\/post"}],"author":[{"embeddable":true,"href":"https:\/\/impactocastex.com.ar\/index.php?rest_route=\/wp\/v2\/users\/2"}],"replies":[{"embeddable":true,"href":"https:\/\/impactocastex.com.ar\/index.php?rest_route=%2Fwp%2Fv2%2Fcomments&post=12612"}],"version-history":[{"count":1,"href":"https:\/\/impactocastex.com.ar\/index.php?rest_route=\/wp\/v2\/posts\/12612\/revisions"}],"predecessor-version":[{"id":12615,"href":"https:\/\/impactocastex.com.ar\/index.php?rest_route=\/wp\/v2\/posts\/12612\/revisions\/12615"}],"wp:featuredmedia":[{"embeddable":true,"href":"https:\/\/impactocastex.com.ar\/index.php?rest_route=\/wp\/v2\/media\/12613"}],"wp:attachment":[{"href":"https:\/\/impactocastex.com.ar\/index.php?rest_route=%2Fwp%2Fv2%2Fmedia&parent=12612"}],"wp:term":[{"taxonomy":"category","embeddable":true,"href":"https:\/\/impactocastex.com.ar\/index.php?rest_route=%2Fwp%2Fv2%2Fcategories&post=12612"},{"taxonomy":"post_tag","embeddable":true,"href":"https:\/\/impactocastex.com.ar\/index.php?rest_route=%2Fwp%2Fv2%2Ftags&post=12612"}],"curies":[{"name":"wp","href":"https:\/\/api.w.org\/{rel}","templated":true}]}}