{"id":12600,"date":"2026-03-05T08:59:11","date_gmt":"2026-03-05T11:59:11","guid":{"rendered":"https:\/\/impactocastex.com.ar\/?p=12600"},"modified":"2026-03-05T08:59:12","modified_gmt":"2026-03-05T11:59:12","slug":"genero-la-asistente-social-denuncio-a-su-jefe-por-abuso-sexual","status":"publish","type":"post","link":"https:\/\/impactocastex.com.ar\/?p=12600","title":{"rendered":"G\u00e9nero: la asistente social denunci\u00f3 a su jefe por \u00ababuso sexual\u00bb"},"content":{"rendered":"\n<p>La presentaci\u00f3n judicial fue realizada el pasado 23 de febrero.<\/p>\n\n\n\n<p><strong><\/strong><strong>La subcomisaria S.G.T. present\u00f3 una denuncia penal contra el comisario inspector Horacio Ben\u00edtez<\/strong>. Seg\u00fan la acusaci\u00f3n a la que accedi\u00f3&nbsp;<strong>El Diario<\/strong>, el jefe policial aprovech\u00f3 su rol de superior y de&nbsp;<strong>\u00abcuidador institucional\u00bb<\/strong>&nbsp;para realizar acercamientos f\u00edsicos no consentidos.<\/p>\n\n\n\n<p>Una denuncia por supuesto \u00ababuso sexual\u00bb sacude los cimientos de la Unidad Funcional de G\u00e9nero, Ni\u00f1ez y Adolescencia de la Polic\u00eda de La Pampa, el organismo que, parad\u00f3jicamente, debe velar por las v\u00edctimas de violencia. La subcomisaria y asistente social S.G.T. (43) denunci\u00f3 penalmente a su jefe directo, el comisario inspector Horacio Ben\u00edtez, por hechos de acoso y contacto corporal no consentido.<\/p>\n\n\n\n<p>La presentaci\u00f3n judicial, realizada el pasado 23 de febrero, detalla un sistem\u00e1tico abuso de poder que habr\u00eda comenzado a finales de 2023 y se intensific\u00f3 durante 2025. El caso reviste una gravedad institucional extrema: Ben\u00edtez no solo era el superior de la v\u00edctima, sino que la Jefatura le hab\u00eda asignado la tarea de realizar el seguimiento psicol\u00f3gico de la profesional mientras ella atravesaba una licencia por afectaci\u00f3n emocional.<\/p>\n\n\n\n<p>Adem\u00e1s, esa profesional, en esa misma presentaci\u00f3n, realiz\u00f3 una denuncia penal contra el jefe de Polic\u00eda, comisario general (RE) Claudio Cano por \u00ababuso de autoridad\u00bb y \u00abamenazas\u00bb.&nbsp;<\/p>\n\n\n\n<p>\u00abSeguimiento\u00bb y acoso<\/p>\n\n\n\n<p>Seg\u00fan el relato incorporado en la causa, Ben\u00edtez habr\u00eda utilizado la asimetr\u00eda jer\u00e1rquica para vulnerar la intimidad de la subcomisaria. La denunciante describi\u00f3 que, en reiteradas oportunidades, el comisario se aproximaba por detr\u00e1s de manera \u00abinnecesaria e invasiva\u00bb, reduciendo deliberadamente la distancia interpersonal hasta apoyar su cuerpo contra el de ella o sobre el respaldo de su silla.<\/p>\n\n\n\n<p>En el escrito, S.G.T. afirm\u00f3 que estas conductas \u00abno constituyeron hechos aislados\u00bb. Describi\u00f3 que el denunciado permanec\u00eda en esa posici\u00f3n sin justificaci\u00f3n funcional alguna y dirig\u00eda su mirada de forma \u00abinsistente hacia su cuerpo, particularmente hacia la zona del pecho\u00bb, gener\u00e1ndole una profunda incomodidad y afectando su desempe\u00f1o profesional.<\/p>\n\n\n\n<p>Da\u00f1o psicol\u00f3gico<\/p>\n\n\n\n<p>La presentaci\u00f3n encuadra estos episodios en el art\u00edculo 119 del C\u00f3digo Penal, al considerar que existieron acercamientos f\u00edsicos indebidos y contacto corporal no consentido en un marco de jerarqu\u00eda. La denunciante subray\u00f3 que los hechos se produjeron mientras ella se encontraba bajo seguimiento profesional, un contexto de especial vulnerabilidad que el jefe habr\u00eda aprovechado.<\/p>\n\n\n\n<p>Como respaldo de la acusaci\u00f3n, la asistente social ofreci\u00f3 informes psicol\u00f3gicos que dan cuenta de s\u00edntomas de ansiedad, alteraciones del sue\u00f1o y el inicio de un tratamiento psiqui\u00e1trico tras los hechos denunciados.<\/p>\n\n\n\n<p>Persecuci\u00f3n laboral<\/p>\n\n\n\n<p>Adem\u00e1s del abuso sexual, la subcomisaria denunci\u00f3 un clima de hostigamiento para desvalorizar su carrera, que incluy\u00f3 ser puesta bajo las \u00f3rdenes de una oficial de menor jerarqu\u00eda y recibir \u00abexigencias irrazonables\u00bb vinculadas a sus derechos laborales.<\/p>\n\n\n\n<p>La Justicia ahora deber\u00e1 determinar la responsabilidad del comisario Ben\u00edtez en una causa que pone bajo la lupa c\u00f3mo se protege \u2014o se desprotege\u2014 a las propias profesionales que trabajan en el \u00e1rea de G\u00e9nero de la fuerza provincial.<\/p>\n\n\n\n<p>eldiariodelapampa<\/p>\n","protected":false},"excerpt":{"rendered":"<p>La presentaci\u00f3n judicial fue realizada el pasado 23 de febrero. La subcomisaria S.G.T. present\u00f3 una&#8230;<\/p>\n","protected":false},"author":2,"featured_media":12601,"comment_status":"closed","ping_status":"closed","sticky":false,"template":"","format":"standard","meta":{"_jetpack_memberships_contains_paid_content":false,"footnotes":"","jetpack_publicize_message":"G\u00e9nero: la asistente social denunci\u00f3 a su jefe por \"abuso sexual\"","jetpack_publicize_feature_enabled":true,"jetpack_social_post_already_shared":false,"jetpack_social_options":{"image_generator_settings":{"template":"highway","default_image_id":0,"font":"","enabled":false},"version":2}},"categories":[83,85],"tags":[],"class_list":["post-12600","post","type-post","status-publish","format-standard","has-post-thumbnail","hentry","category-la-pampa","category-policiales"],"yoast_head":"<!-- This site is optimized with the Yoast SEO plugin v27.4 - https:\/\/yoast.com\/product\/yoast-seo-wordpress\/ -->\n<title>G\u00e9nero: la asistente social denunci\u00f3 a su jefe por &quot;abuso sexual&quot; -<\/title>\n<meta name=\"robots\" content=\"index, follow, max-snippet:-1, max-image-preview:large, max-video-preview:-1\" \/>\n<link rel=\"canonical\" href=\"https:\/\/impactocastex.com.ar\/?p=12600\" \/>\n<meta property=\"og:locale\" content=\"es_ES\" \/>\n<meta property=\"og:type\" content=\"article\" \/>\n<meta property=\"og:title\" content=\"G\u00e9nero: la asistente social denunci\u00f3 a su jefe por &quot;abuso sexual&quot; -\" \/>\n<meta property=\"og:description\" content=\"La presentaci\u00f3n judicial fue realizada el pasado 23 de febrero. La subcomisaria S.G.T. present\u00f3 una...\" \/>\n<meta property=\"og:url\" content=\"https:\/\/impactocastex.com.ar\/?p=12600\" \/>\n<meta property=\"article:publisher\" content=\"https:\/\/www.facebook.com\/impactocastexdiario\" \/>\n<meta property=\"article:published_time\" content=\"2026-03-05T11:59:11+00:00\" \/>\n<meta property=\"article:modified_time\" content=\"2026-03-05T11:59:12+00:00\" \/>\n<meta property=\"og:image\" content=\"https:\/\/impactocastex.com.ar\/wp-content\/uploads\/2026\/03\/2136593.jpg\" \/>\n\t<meta property=\"og:image:width\" content=\"1200\" \/>\n\t<meta property=\"og:image:height\" content=\"631\" \/>\n\t<meta property=\"og:image:type\" content=\"image\/jpeg\" \/>\n<meta name=\"author\" content=\"impactocastex\" \/>\n<meta name=\"twitter:card\" content=\"summary_large_image\" \/>\n<meta name=\"twitter:label1\" content=\"Escrito por\" \/>\n\t<meta name=\"twitter:data1\" content=\"impactocastex\" \/>\n\t<meta name=\"twitter:label2\" content=\"Tiempo de lectura\" \/>\n\t<meta name=\"twitter:data2\" content=\"3 minutos\" \/>\n<script type=\"application\/ld+json\" class=\"yoast-schema-graph\">{\"@context\":\"https:\\\/\\\/schema.org\",\"@graph\":[{\"@type\":\"Article\",\"@id\":\"https:\\\/\\\/impactocastex.com.ar\\\/?p=12600#article\",\"isPartOf\":{\"@id\":\"https:\\\/\\\/impactocastex.com.ar\\\/?p=12600\"},\"author\":{\"name\":\"impactocastex\",\"@id\":\"https:\\\/\\\/impactocastex.com.ar\\\/#\\\/schema\\\/person\\\/c115028fb60f9bf49ce7550894b84ea7\"},\"headline\":\"G\u00e9nero: la asistente social denunci\u00f3 a su jefe por \u00ababuso sexual\u00bb\",\"datePublished\":\"2026-03-05T11:59:11+00:00\",\"dateModified\":\"2026-03-05T11:59:12+00:00\",\"mainEntityOfPage\":{\"@id\":\"https:\\\/\\\/impactocastex.com.ar\\\/?p=12600\"},\"wordCount\":553,\"publisher\":{\"@id\":\"https:\\\/\\\/impactocastex.com.ar\\\/#organization\"},\"image\":{\"@id\":\"https:\\\/\\\/impactocastex.com.ar\\\/?p=12600#primaryimage\"},\"thumbnailUrl\":\"https:\\\/\\\/impactocastex.com.ar\\\/wp-content\\\/uploads\\\/2026\\\/03\\\/2136593.jpg\",\"articleSection\":[\"LA PAMPA\",\"POLICIALES\"],\"inLanguage\":\"es\"},{\"@type\":\"WebPage\",\"@id\":\"https:\\\/\\\/impactocastex.com.ar\\\/?p=12600\",\"url\":\"https:\\\/\\\/impactocastex.com.ar\\\/?p=12600\",\"name\":\"G\u00e9nero: la asistente social denunci\u00f3 a su jefe por \\\"abuso sexual\\\" -\",\"isPartOf\":{\"@id\":\"https:\\\/\\\/impactocastex.com.ar\\\/#website\"},\"primaryImageOfPage\":{\"@id\":\"https:\\\/\\\/impactocastex.com.ar\\\/?p=12600#primaryimage\"},\"image\":{\"@id\":\"https:\\\/\\\/impactocastex.com.ar\\\/?p=12600#primaryimage\"},\"thumbnailUrl\":\"https:\\\/\\\/impactocastex.com.ar\\\/wp-content\\\/uploads\\\/2026\\\/03\\\/2136593.jpg\",\"datePublished\":\"2026-03-05T11:59:11+00:00\",\"dateModified\":\"2026-03-05T11:59:12+00:00\",\"breadcrumb\":{\"@id\":\"https:\\\/\\\/impactocastex.com.ar\\\/?p=12600#breadcrumb\"},\"inLanguage\":\"es\",\"potentialAction\":[{\"@type\":\"ReadAction\",\"target\":[\"https:\\\/\\\/impactocastex.com.ar\\\/?p=12600\"]}]},{\"@type\":\"ImageObject\",\"inLanguage\":\"es\",\"@id\":\"https:\\\/\\\/impactocastex.com.ar\\\/?p=12600#primaryimage\",\"url\":\"https:\\\/\\\/impactocastex.com.ar\\\/wp-content\\\/uploads\\\/2026\\\/03\\\/2136593.jpg\",\"contentUrl\":\"https:\\\/\\\/impactocastex.com.ar\\\/wp-content\\\/uploads\\\/2026\\\/03\\\/2136593.jpg\",\"width\":1200,\"height\":631},{\"@type\":\"BreadcrumbList\",\"@id\":\"https:\\\/\\\/impactocastex.com.ar\\\/?p=12600#breadcrumb\",\"itemListElement\":[{\"@type\":\"ListItem\",\"position\":1,\"name\":\"Portada\",\"item\":\"https:\\\/\\\/impactocastex.com.ar\\\/\"},{\"@type\":\"ListItem\",\"position\":2,\"name\":\"G\u00e9nero: la asistente social denunci\u00f3 a su jefe por &#8220;abuso sexual&#8221;\"}]},{\"@type\":\"WebSite\",\"@id\":\"https:\\\/\\\/impactocastex.com.ar\\\/#website\",\"url\":\"https:\\\/\\\/impactocastex.com.ar\\\/\",\"name\":\"Impacto Castex\",\"description\":\"\",\"publisher\":{\"@id\":\"https:\\\/\\\/impactocastex.com.ar\\\/#organization\"},\"potentialAction\":[{\"@type\":\"SearchAction\",\"target\":{\"@type\":\"EntryPoint\",\"urlTemplate\":\"https:\\\/\\\/impactocastex.com.ar\\\/?s={search_term_string}\"},\"query-input\":{\"@type\":\"PropertyValueSpecification\",\"valueRequired\":true,\"valueName\":\"search_term_string\"}}],\"inLanguage\":\"es\"},{\"@type\":\"Organization\",\"@id\":\"https:\\\/\\\/impactocastex.com.ar\\\/#organization\",\"name\":\"Impacto Castex\",\"url\":\"https:\\\/\\\/impactocastex.com.ar\\\/\",\"logo\":{\"@type\":\"ImageObject\",\"inLanguage\":\"es\",\"@id\":\"https:\\\/\\\/impactocastex.com.ar\\\/#\\\/schema\\\/logo\\\/image\\\/\",\"url\":\"https:\\\/\\\/impactocastex.com.ar\\\/wp-content\\\/uploads\\\/2025\\\/09\\\/cropped-icoweb.png\",\"contentUrl\":\"https:\\\/\\\/impactocastex.com.ar\\\/wp-content\\\/uploads\\\/2025\\\/09\\\/cropped-icoweb.png\",\"width\":512,\"height\":512,\"caption\":\"Impacto Castex\"},\"image\":{\"@id\":\"https:\\\/\\\/impactocastex.com.ar\\\/#\\\/schema\\\/logo\\\/image\\\/\"},\"sameAs\":[\"https:\\\/\\\/www.facebook.com\\\/impactocastexdiario\",\"https:\\\/\\\/www.instagram.com\\\/impactocastex.com.ar\\\/\"]},{\"@type\":\"Person\",\"@id\":\"https:\\\/\\\/impactocastex.com.ar\\\/#\\\/schema\\\/person\\\/c115028fb60f9bf49ce7550894b84ea7\",\"name\":\"impactocastex\",\"image\":{\"@type\":\"ImageObject\",\"inLanguage\":\"es\",\"@id\":\"https:\\\/\\\/secure.gravatar.com\\\/avatar\\\/fee87e7af008f02e9becdc0b5a9fd4a2e79b3918a571edeacb62211704637833?s=96&d=mm&r=g\",\"url\":\"https:\\\/\\\/secure.gravatar.com\\\/avatar\\\/fee87e7af008f02e9becdc0b5a9fd4a2e79b3918a571edeacb62211704637833?s=96&d=mm&r=g\",\"contentUrl\":\"https:\\\/\\\/secure.gravatar.com\\\/avatar\\\/fee87e7af008f02e9becdc0b5a9fd4a2e79b3918a571edeacb62211704637833?s=96&d=mm&r=g\",\"caption\":\"impactocastex\"},\"sameAs\":[\"https:\\\/\\\/impactocastex.com.ar\\\/\"],\"url\":\"https:\\\/\\\/impactocastex.com.ar\\\/?author=2\"}]}<\/script>\n<!-- \/ Yoast SEO plugin. -->","yoast_head_json":{"title":"G\u00e9nero: la asistente social denunci\u00f3 a su jefe por \"abuso sexual\" -","robots":{"index":"index","follow":"follow","max-snippet":"max-snippet:-1","max-image-preview":"max-image-preview:large","max-video-preview":"max-video-preview:-1"},"canonical":"https:\/\/impactocastex.com.ar\/?p=12600","og_locale":"es_ES","og_type":"article","og_title":"G\u00e9nero: la asistente social denunci\u00f3 a su jefe por \"abuso sexual\" -","og_description":"La presentaci\u00f3n judicial fue realizada el pasado 23 de febrero. La subcomisaria S.G.T. present\u00f3 una...","og_url":"https:\/\/impactocastex.com.ar\/?p=12600","article_publisher":"https:\/\/www.facebook.com\/impactocastexdiario","article_published_time":"2026-03-05T11:59:11+00:00","article_modified_time":"2026-03-05T11:59:12+00:00","og_image":[{"width":1200,"height":631,"url":"https:\/\/impactocastex.com.ar\/wp-content\/uploads\/2026\/03\/2136593.jpg","type":"image\/jpeg"}],"author":"impactocastex","twitter_card":"summary_large_image","twitter_misc":{"Escrito por":"impactocastex","Tiempo de lectura":"3 minutos"},"schema":{"@context":"https:\/\/schema.org","@graph":[{"@type":"Article","@id":"https:\/\/impactocastex.com.ar\/?p=12600#article","isPartOf":{"@id":"https:\/\/impactocastex.com.ar\/?p=12600"},"author":{"name":"impactocastex","@id":"https:\/\/impactocastex.com.ar\/#\/schema\/person\/c115028fb60f9bf49ce7550894b84ea7"},"headline":"G\u00e9nero: la asistente social denunci\u00f3 a su jefe por \u00ababuso sexual\u00bb","datePublished":"2026-03-05T11:59:11+00:00","dateModified":"2026-03-05T11:59:12+00:00","mainEntityOfPage":{"@id":"https:\/\/impactocastex.com.ar\/?p=12600"},"wordCount":553,"publisher":{"@id":"https:\/\/impactocastex.com.ar\/#organization"},"image":{"@id":"https:\/\/impactocastex.com.ar\/?p=12600#primaryimage"},"thumbnailUrl":"https:\/\/impactocastex.com.ar\/wp-content\/uploads\/2026\/03\/2136593.jpg","articleSection":["LA PAMPA","POLICIALES"],"inLanguage":"es"},{"@type":"WebPage","@id":"https:\/\/impactocastex.com.ar\/?p=12600","url":"https:\/\/impactocastex.com.ar\/?p=12600","name":"G\u00e9nero: la asistente social denunci\u00f3 a su jefe por \"abuso sexual\" -","isPartOf":{"@id":"https:\/\/impactocastex.com.ar\/#website"},"primaryImageOfPage":{"@id":"https:\/\/impactocastex.com.ar\/?p=12600#primaryimage"},"image":{"@id":"https:\/\/impactocastex.com.ar\/?p=12600#primaryimage"},"thumbnailUrl":"https:\/\/impactocastex.com.ar\/wp-content\/uploads\/2026\/03\/2136593.jpg","datePublished":"2026-03-05T11:59:11+00:00","dateModified":"2026-03-05T11:59:12+00:00","breadcrumb":{"@id":"https:\/\/impactocastex.com.ar\/?p=12600#breadcrumb"},"inLanguage":"es","potentialAction":[{"@type":"ReadAction","target":["https:\/\/impactocastex.com.ar\/?p=12600"]}]},{"@type":"ImageObject","inLanguage":"es","@id":"https:\/\/impactocastex.com.ar\/?p=12600#primaryimage","url":"https:\/\/impactocastex.com.ar\/wp-content\/uploads\/2026\/03\/2136593.jpg","contentUrl":"https:\/\/impactocastex.com.ar\/wp-content\/uploads\/2026\/03\/2136593.jpg","width":1200,"height":631},{"@type":"BreadcrumbList","@id":"https:\/\/impactocastex.com.ar\/?p=12600#breadcrumb","itemListElement":[{"@type":"ListItem","position":1,"name":"Portada","item":"https:\/\/impactocastex.com.ar\/"},{"@type":"ListItem","position":2,"name":"G\u00e9nero: la asistente social denunci\u00f3 a su jefe por &#8220;abuso sexual&#8221;"}]},{"@type":"WebSite","@id":"https:\/\/impactocastex.com.ar\/#website","url":"https:\/\/impactocastex.com.ar\/","name":"Impacto Castex","description":"","publisher":{"@id":"https:\/\/impactocastex.com.ar\/#organization"},"potentialAction":[{"@type":"SearchAction","target":{"@type":"EntryPoint","urlTemplate":"https:\/\/impactocastex.com.ar\/?s={search_term_string}"},"query-input":{"@type":"PropertyValueSpecification","valueRequired":true,"valueName":"search_term_string"}}],"inLanguage":"es"},{"@type":"Organization","@id":"https:\/\/impactocastex.com.ar\/#organization","name":"Impacto Castex","url":"https:\/\/impactocastex.com.ar\/","logo":{"@type":"ImageObject","inLanguage":"es","@id":"https:\/\/impactocastex.com.ar\/#\/schema\/logo\/image\/","url":"https:\/\/impactocastex.com.ar\/wp-content\/uploads\/2025\/09\/cropped-icoweb.png","contentUrl":"https:\/\/impactocastex.com.ar\/wp-content\/uploads\/2025\/09\/cropped-icoweb.png","width":512,"height":512,"caption":"Impacto Castex"},"image":{"@id":"https:\/\/impactocastex.com.ar\/#\/schema\/logo\/image\/"},"sameAs":["https:\/\/www.facebook.com\/impactocastexdiario","https:\/\/www.instagram.com\/impactocastex.com.ar\/"]},{"@type":"Person","@id":"https:\/\/impactocastex.com.ar\/#\/schema\/person\/c115028fb60f9bf49ce7550894b84ea7","name":"impactocastex","image":{"@type":"ImageObject","inLanguage":"es","@id":"https:\/\/secure.gravatar.com\/avatar\/fee87e7af008f02e9becdc0b5a9fd4a2e79b3918a571edeacb62211704637833?s=96&d=mm&r=g","url":"https:\/\/secure.gravatar.com\/avatar\/fee87e7af008f02e9becdc0b5a9fd4a2e79b3918a571edeacb62211704637833?s=96&d=mm&r=g","contentUrl":"https:\/\/secure.gravatar.com\/avatar\/fee87e7af008f02e9becdc0b5a9fd4a2e79b3918a571edeacb62211704637833?s=96&d=mm&r=g","caption":"impactocastex"},"sameAs":["https:\/\/impactocastex.com.ar\/"],"url":"https:\/\/impactocastex.com.ar\/?author=2"}]}},"jetpack_publicize_connections":[],"featured_image_urls":{"full":["https:\/\/impactocastex.com.ar\/wp-content\/uploads\/2026\/03\/2136593.jpg",1200,631,false],"thumbnail":["https:\/\/impactocastex.com.ar\/wp-content\/uploads\/2026\/03\/2136593-150x150.jpg",150,150,true],"medium":["https:\/\/impactocastex.com.ar\/wp-content\/uploads\/2026\/03\/2136593-300x158.jpg",300,158,true],"medium_large":["https:\/\/impactocastex.com.ar\/wp-content\/uploads\/2026\/03\/2136593-768x404.jpg",640,337,true],"large":["https:\/\/impactocastex.com.ar\/wp-content\/uploads\/2026\/03\/2136593-1024x538.jpg",640,336,true],"1536x1536":["https:\/\/impactocastex.com.ar\/wp-content\/uploads\/2026\/03\/2136593.jpg",1200,631,false],"2048x2048":["https:\/\/impactocastex.com.ar\/wp-content\/uploads\/2026\/03\/2136593.jpg",1200,631,false],"newsever-slider-full":["https:\/\/impactocastex.com.ar\/wp-content\/uploads\/2026\/03\/2136593.jpg",1200,631,false],"newsever-featured":["https:\/\/impactocastex.com.ar\/wp-content\/uploads\/2026\/03\/2136593-1024x538.jpg",1024,538,true],"newsever-medium":["https:\/\/impactocastex.com.ar\/wp-content\/uploads\/2026\/03\/2136593-720x475.jpg",720,475,true]},"author_info":{"info":["impactocastex"]},"category_info":"<a href=\"https:\/\/impactocastex.com.ar\/?cat=83\" rel=\"category\">LA PAMPA<\/a> <a href=\"https:\/\/impactocastex.com.ar\/?cat=85\" rel=\"category\">POLICIALES<\/a>","tag_info":"POLICIALES","comment_count":0,"jetpack_featured_media_url":"https:\/\/impactocastex.com.ar\/wp-content\/uploads\/2026\/03\/2136593.jpg","jetpack_sharing_enabled":true,"jetpack_likes_enabled":true,"jetpack_shortlink":"https:\/\/wp.me\/p7sopA-3he","_links":{"self":[{"href":"https:\/\/impactocastex.com.ar\/index.php?rest_route=\/wp\/v2\/posts\/12600","targetHints":{"allow":["GET"]}}],"collection":[{"href":"https:\/\/impactocastex.com.ar\/index.php?rest_route=\/wp\/v2\/posts"}],"about":[{"href":"https:\/\/impactocastex.com.ar\/index.php?rest_route=\/wp\/v2\/types\/post"}],"author":[{"embeddable":true,"href":"https:\/\/impactocastex.com.ar\/index.php?rest_route=\/wp\/v2\/users\/2"}],"replies":[{"embeddable":true,"href":"https:\/\/impactocastex.com.ar\/index.php?rest_route=%2Fwp%2Fv2%2Fcomments&post=12600"}],"version-history":[{"count":1,"href":"https:\/\/impactocastex.com.ar\/index.php?rest_route=\/wp\/v2\/posts\/12600\/revisions"}],"predecessor-version":[{"id":12602,"href":"https:\/\/impactocastex.com.ar\/index.php?rest_route=\/wp\/v2\/posts\/12600\/revisions\/12602"}],"wp:featuredmedia":[{"embeddable":true,"href":"https:\/\/impactocastex.com.ar\/index.php?rest_route=\/wp\/v2\/media\/12601"}],"wp:attachment":[{"href":"https:\/\/impactocastex.com.ar\/index.php?rest_route=%2Fwp%2Fv2%2Fmedia&parent=12600"}],"wp:term":[{"taxonomy":"category","embeddable":true,"href":"https:\/\/impactocastex.com.ar\/index.php?rest_route=%2Fwp%2Fv2%2Fcategories&post=12600"},{"taxonomy":"post_tag","embeddable":true,"href":"https:\/\/impactocastex.com.ar\/index.php?rest_route=%2Fwp%2Fv2%2Ftags&post=12600"}],"curies":[{"name":"wp","href":"https:\/\/api.w.org\/{rel}","templated":true}]}}