{"id":12597,"date":"2026-03-05T08:57:14","date_gmt":"2026-03-05T11:57:14","guid":{"rendered":"https:\/\/impactocastex.com.ar\/?p=12597"},"modified":"2026-03-05T08:57:16","modified_gmt":"2026-03-05T11:57:16","slug":"milei-bullrich-cristina-kirchner-y-kicillof-como-quedaron-en-una-encuesta","status":"publish","type":"post","link":"https:\/\/impactocastex.com.ar\/?p=12597","title":{"rendered":"Milei, Bullrich, Cristina Kirchner y Kicillof, c\u00f3mo quedaron en una encuesta"},"content":{"rendered":"\n<p>Los principales pol\u00edticos de la Argentina medidos por una encuesta de Management &amp; Fit.<\/p>\n\n\n\n<p><strong><\/strong>Un muestreo de la consultora Management &amp; Fit midi\u00f3 a 15 dirigentes y funcionarios y ninguno obtuvo imagen de saldo positivo.<\/p>\n\n\n\n<p>El presidente Javier Milei encabeza el ranking de imagen de pol\u00edticos argentinos en una encuesta difundida hoy, en la que supera por apenas una d\u00e9cima a la senadora oficialista Patricia Bullrich, y en la que figuran tres gobernadores entre los 10 primeros puestos.<\/p>\n\n\n\n<p>Milei encabeza la lista por tener el saldo negativo m\u00e1s bajo, un -6,6 puntos, dado el diferencial entre la imagen positiva del 39,8% y una negativa de 46,4%, seg\u00fan una encuesta de la consultora Management &amp; Fit.<\/p>\n\n\n\n<p>Apenas una d\u00e9cima por debajo qued\u00f3 la senadora Patricia Bullrich, con -6,7% de balance, que surge de un 38,9% de imagen positiva y un 45,6% de negativa, mientras que en el tercer puesto aparece el jefe de Gabinete, Manuel Adorni, con -8,9% de saldo, con una combinaci\u00f3n de +34,5% y -43,4%.<\/p>\n\n\n\n<p>En el cuarto y quinto lugar aparecen el ministro del Interior, Diego Santilli con -10,9 de diferencial, entre el 26,1% de positiva y -37% de negativa, y el ministro de Econom\u00eda, Luis Caputo, con -17,4 de diferencia entre un +30,2% y -47,6%.<\/p>\n\n\n\n<p>A partir de all\u00ed se encolumnan dos gobernadores y un exgobernador, todos de la oposici\u00f3n. El mandatario santafecino, Maximiliano Pullaro, se encuentra sexto con -17,5 (10,4% de positiva y -27,9% de negativa).<\/p>\n\n\n\n<p>Seg\u00fan esta encuesta difundida por el diario Clar\u00edn, s\u00e9ptimo figura el ex gobernador cordob\u00e9s y actual diputado nacional Juan Schiaretti (uno de los referentes de Provincias Unidas), con -18,5% (13% positiva y 31,5% negativa); y octavo el mandatario de Chubut, Ignacio Torres con -18,5% (7,3% positiva y 25,8% negativa).<\/p>\n\n\n\n<p>En la parte baja de la lista, entre muchos opositores, la encuesta encuentra a la secretaria general de la Presidencia, Karina Milei, con n\u00fameros muy parecidos a dos dirigentes de sectores diferentes, como Sergio Massa y Mauricio Macri.<\/p>\n\n\n\n<p>Massa tuvo los peores n\u00fameros con -40% de imagen, con una positiva de solo 17% y una negativa de 57%.<\/p>\n\n\n\n<p>Karina Milei y Mauricio Macri tuvieron casi la misma imagen positiva, con 17,7% y 17,3% respectivamente. Sin embargo, la hermana del presidente qued\u00f3 ligeramente por debajo, al registrar una imagen negativa de -53,2%, mientras que el exmandatario tuvo -50,5%.<\/p>\n\n\n\n<p>En los puestos 9, 10, 11 y 12 se encolumnaron los gobernadores de C\u00f3rdoba y Buenos Aires, Mart\u00edn Llaryora y Axel Kicillof, la ex presidenta Cristina Kirchner y el jefe de Gobierno porte\u00f1o Jorge Macri.<\/p>\n\n\n\n<p>Llaryora obtuvo -21% (8,8% positiva y 30,5% negativa), Kicillof -23,1% (29,5% positiva y 52,6% negativa), Cristina Kirchner -24,4% (29,7% positiva y 55,1% negativa), y Jorge Macri -28,6% (15,5% positiva y 44,1% negativa).<\/p>\n","protected":false},"excerpt":{"rendered":"<p>Los principales pol\u00edticos de la Argentina medidos por una encuesta de Management &amp; Fit. Un&#8230;<\/p>\n","protected":false},"author":2,"featured_media":12598,"comment_status":"closed","ping_status":"closed","sticky":false,"template":"","format":"standard","meta":{"_jetpack_memberships_contains_paid_content":false,"footnotes":"","jetpack_publicize_message":"Milei, Bullrich, Cristina Kirchner y Kicillof, c\u00f3mo quedaron en una encuesta","jetpack_publicize_feature_enabled":true,"jetpack_social_post_already_shared":false,"jetpack_social_options":{"image_generator_settings":{"template":"highway","default_image_id":0,"font":"","enabled":false},"version":2}},"categories":[122],"tags":[],"class_list":["post-12597","post","type-post","status-publish","format-standard","has-post-thumbnail","hentry","category-politica"],"yoast_head":"<!-- This site is optimized with the Yoast SEO plugin v27.4 - https:\/\/yoast.com\/product\/yoast-seo-wordpress\/ -->\n<title>Milei, Bullrich, Cristina Kirchner y Kicillof, c\u00f3mo quedaron en una encuesta -<\/title>\n<meta name=\"robots\" content=\"index, follow, max-snippet:-1, max-image-preview:large, max-video-preview:-1\" \/>\n<link rel=\"canonical\" href=\"https:\/\/impactocastex.com.ar\/?p=12597\" \/>\n<meta property=\"og:locale\" content=\"es_ES\" \/>\n<meta property=\"og:type\" content=\"article\" \/>\n<meta property=\"og:title\" content=\"Milei, Bullrich, Cristina Kirchner y Kicillof, c\u00f3mo quedaron en una encuesta -\" \/>\n<meta property=\"og:description\" content=\"Los principales pol\u00edticos de la Argentina medidos por una encuesta de Management &amp; Fit. Un...\" \/>\n<meta property=\"og:url\" content=\"https:\/\/impactocastex.com.ar\/?p=12597\" \/>\n<meta property=\"article:publisher\" content=\"https:\/\/www.facebook.com\/impactocastexdiario\" \/>\n<meta property=\"article:published_time\" content=\"2026-03-05T11:57:14+00:00\" \/>\n<meta property=\"article:modified_time\" content=\"2026-03-05T11:57:16+00:00\" \/>\n<meta property=\"og:image\" content=\"https:\/\/impactocastex.com.ar\/wp-content\/uploads\/2026\/03\/2136595.jpg\" \/>\n\t<meta property=\"og:image:width\" content=\"1200\" \/>\n\t<meta property=\"og:image:height\" content=\"631\" \/>\n\t<meta property=\"og:image:type\" content=\"image\/jpeg\" \/>\n<meta name=\"author\" content=\"impactocastex\" \/>\n<meta name=\"twitter:card\" content=\"summary_large_image\" \/>\n<meta name=\"twitter:label1\" content=\"Escrito por\" \/>\n\t<meta name=\"twitter:data1\" content=\"impactocastex\" \/>\n\t<meta name=\"twitter:label2\" content=\"Tiempo de lectura\" \/>\n\t<meta name=\"twitter:data2\" content=\"3 minutos\" \/>\n<script type=\"application\/ld+json\" class=\"yoast-schema-graph\">{\"@context\":\"https:\\\/\\\/schema.org\",\"@graph\":[{\"@type\":\"Article\",\"@id\":\"https:\\\/\\\/impactocastex.com.ar\\\/?p=12597#article\",\"isPartOf\":{\"@id\":\"https:\\\/\\\/impactocastex.com.ar\\\/?p=12597\"},\"author\":{\"name\":\"impactocastex\",\"@id\":\"https:\\\/\\\/impactocastex.com.ar\\\/#\\\/schema\\\/person\\\/c115028fb60f9bf49ce7550894b84ea7\"},\"headline\":\"Milei, Bullrich, Cristina Kirchner y Kicillof, c\u00f3mo quedaron en una encuesta\",\"datePublished\":\"2026-03-05T11:57:14+00:00\",\"dateModified\":\"2026-03-05T11:57:16+00:00\",\"mainEntityOfPage\":{\"@id\":\"https:\\\/\\\/impactocastex.com.ar\\\/?p=12597\"},\"wordCount\":453,\"publisher\":{\"@id\":\"https:\\\/\\\/impactocastex.com.ar\\\/#organization\"},\"image\":{\"@id\":\"https:\\\/\\\/impactocastex.com.ar\\\/?p=12597#primaryimage\"},\"thumbnailUrl\":\"https:\\\/\\\/impactocastex.com.ar\\\/wp-content\\\/uploads\\\/2026\\\/03\\\/2136595.jpg\",\"articleSection\":[\"POLITICA\"],\"inLanguage\":\"es\"},{\"@type\":\"WebPage\",\"@id\":\"https:\\\/\\\/impactocastex.com.ar\\\/?p=12597\",\"url\":\"https:\\\/\\\/impactocastex.com.ar\\\/?p=12597\",\"name\":\"Milei, Bullrich, Cristina Kirchner y Kicillof, c\u00f3mo quedaron en una encuesta -\",\"isPartOf\":{\"@id\":\"https:\\\/\\\/impactocastex.com.ar\\\/#website\"},\"primaryImageOfPage\":{\"@id\":\"https:\\\/\\\/impactocastex.com.ar\\\/?p=12597#primaryimage\"},\"image\":{\"@id\":\"https:\\\/\\\/impactocastex.com.ar\\\/?p=12597#primaryimage\"},\"thumbnailUrl\":\"https:\\\/\\\/impactocastex.com.ar\\\/wp-content\\\/uploads\\\/2026\\\/03\\\/2136595.jpg\",\"datePublished\":\"2026-03-05T11:57:14+00:00\",\"dateModified\":\"2026-03-05T11:57:16+00:00\",\"breadcrumb\":{\"@id\":\"https:\\\/\\\/impactocastex.com.ar\\\/?p=12597#breadcrumb\"},\"inLanguage\":\"es\",\"potentialAction\":[{\"@type\":\"ReadAction\",\"target\":[\"https:\\\/\\\/impactocastex.com.ar\\\/?p=12597\"]}]},{\"@type\":\"ImageObject\",\"inLanguage\":\"es\",\"@id\":\"https:\\\/\\\/impactocastex.com.ar\\\/?p=12597#primaryimage\",\"url\":\"https:\\\/\\\/impactocastex.com.ar\\\/wp-content\\\/uploads\\\/2026\\\/03\\\/2136595.jpg\",\"contentUrl\":\"https:\\\/\\\/impactocastex.com.ar\\\/wp-content\\\/uploads\\\/2026\\\/03\\\/2136595.jpg\",\"width\":1200,\"height\":631},{\"@type\":\"BreadcrumbList\",\"@id\":\"https:\\\/\\\/impactocastex.com.ar\\\/?p=12597#breadcrumb\",\"itemListElement\":[{\"@type\":\"ListItem\",\"position\":1,\"name\":\"Portada\",\"item\":\"https:\\\/\\\/impactocastex.com.ar\\\/\"},{\"@type\":\"ListItem\",\"position\":2,\"name\":\"Milei, Bullrich, Cristina Kirchner y Kicillof, c\u00f3mo quedaron en una encuesta\"}]},{\"@type\":\"WebSite\",\"@id\":\"https:\\\/\\\/impactocastex.com.ar\\\/#website\",\"url\":\"https:\\\/\\\/impactocastex.com.ar\\\/\",\"name\":\"Impacto Castex\",\"description\":\"\",\"publisher\":{\"@id\":\"https:\\\/\\\/impactocastex.com.ar\\\/#organization\"},\"potentialAction\":[{\"@type\":\"SearchAction\",\"target\":{\"@type\":\"EntryPoint\",\"urlTemplate\":\"https:\\\/\\\/impactocastex.com.ar\\\/?s={search_term_string}\"},\"query-input\":{\"@type\":\"PropertyValueSpecification\",\"valueRequired\":true,\"valueName\":\"search_term_string\"}}],\"inLanguage\":\"es\"},{\"@type\":\"Organization\",\"@id\":\"https:\\\/\\\/impactocastex.com.ar\\\/#organization\",\"name\":\"Impacto Castex\",\"url\":\"https:\\\/\\\/impactocastex.com.ar\\\/\",\"logo\":{\"@type\":\"ImageObject\",\"inLanguage\":\"es\",\"@id\":\"https:\\\/\\\/impactocastex.com.ar\\\/#\\\/schema\\\/logo\\\/image\\\/\",\"url\":\"https:\\\/\\\/impactocastex.com.ar\\\/wp-content\\\/uploads\\\/2025\\\/09\\\/cropped-icoweb.png\",\"contentUrl\":\"https:\\\/\\\/impactocastex.com.ar\\\/wp-content\\\/uploads\\\/2025\\\/09\\\/cropped-icoweb.png\",\"width\":512,\"height\":512,\"caption\":\"Impacto Castex\"},\"image\":{\"@id\":\"https:\\\/\\\/impactocastex.com.ar\\\/#\\\/schema\\\/logo\\\/image\\\/\"},\"sameAs\":[\"https:\\\/\\\/www.facebook.com\\\/impactocastexdiario\",\"https:\\\/\\\/www.instagram.com\\\/impactocastex.com.ar\\\/\"]},{\"@type\":\"Person\",\"@id\":\"https:\\\/\\\/impactocastex.com.ar\\\/#\\\/schema\\\/person\\\/c115028fb60f9bf49ce7550894b84ea7\",\"name\":\"impactocastex\",\"image\":{\"@type\":\"ImageObject\",\"inLanguage\":\"es\",\"@id\":\"https:\\\/\\\/secure.gravatar.com\\\/avatar\\\/fee87e7af008f02e9becdc0b5a9fd4a2e79b3918a571edeacb62211704637833?s=96&d=mm&r=g\",\"url\":\"https:\\\/\\\/secure.gravatar.com\\\/avatar\\\/fee87e7af008f02e9becdc0b5a9fd4a2e79b3918a571edeacb62211704637833?s=96&d=mm&r=g\",\"contentUrl\":\"https:\\\/\\\/secure.gravatar.com\\\/avatar\\\/fee87e7af008f02e9becdc0b5a9fd4a2e79b3918a571edeacb62211704637833?s=96&d=mm&r=g\",\"caption\":\"impactocastex\"},\"sameAs\":[\"https:\\\/\\\/impactocastex.com.ar\\\/\"],\"url\":\"https:\\\/\\\/impactocastex.com.ar\\\/?author=2\"}]}<\/script>\n<!-- \/ Yoast SEO plugin. -->","yoast_head_json":{"title":"Milei, Bullrich, Cristina Kirchner y Kicillof, c\u00f3mo quedaron en una encuesta -","robots":{"index":"index","follow":"follow","max-snippet":"max-snippet:-1","max-image-preview":"max-image-preview:large","max-video-preview":"max-video-preview:-1"},"canonical":"https:\/\/impactocastex.com.ar\/?p=12597","og_locale":"es_ES","og_type":"article","og_title":"Milei, Bullrich, Cristina Kirchner y Kicillof, c\u00f3mo quedaron en una encuesta -","og_description":"Los principales pol\u00edticos de la Argentina medidos por una encuesta de Management &amp; Fit. Un...","og_url":"https:\/\/impactocastex.com.ar\/?p=12597","article_publisher":"https:\/\/www.facebook.com\/impactocastexdiario","article_published_time":"2026-03-05T11:57:14+00:00","article_modified_time":"2026-03-05T11:57:16+00:00","og_image":[{"width":1200,"height":631,"url":"https:\/\/impactocastex.com.ar\/wp-content\/uploads\/2026\/03\/2136595.jpg","type":"image\/jpeg"}],"author":"impactocastex","twitter_card":"summary_large_image","twitter_misc":{"Escrito por":"impactocastex","Tiempo de lectura":"3 minutos"},"schema":{"@context":"https:\/\/schema.org","@graph":[{"@type":"Article","@id":"https:\/\/impactocastex.com.ar\/?p=12597#article","isPartOf":{"@id":"https:\/\/impactocastex.com.ar\/?p=12597"},"author":{"name":"impactocastex","@id":"https:\/\/impactocastex.com.ar\/#\/schema\/person\/c115028fb60f9bf49ce7550894b84ea7"},"headline":"Milei, Bullrich, Cristina Kirchner y Kicillof, c\u00f3mo quedaron en una encuesta","datePublished":"2026-03-05T11:57:14+00:00","dateModified":"2026-03-05T11:57:16+00:00","mainEntityOfPage":{"@id":"https:\/\/impactocastex.com.ar\/?p=12597"},"wordCount":453,"publisher":{"@id":"https:\/\/impactocastex.com.ar\/#organization"},"image":{"@id":"https:\/\/impactocastex.com.ar\/?p=12597#primaryimage"},"thumbnailUrl":"https:\/\/impactocastex.com.ar\/wp-content\/uploads\/2026\/03\/2136595.jpg","articleSection":["POLITICA"],"inLanguage":"es"},{"@type":"WebPage","@id":"https:\/\/impactocastex.com.ar\/?p=12597","url":"https:\/\/impactocastex.com.ar\/?p=12597","name":"Milei, Bullrich, Cristina Kirchner y Kicillof, c\u00f3mo quedaron en una encuesta -","isPartOf":{"@id":"https:\/\/impactocastex.com.ar\/#website"},"primaryImageOfPage":{"@id":"https:\/\/impactocastex.com.ar\/?p=12597#primaryimage"},"image":{"@id":"https:\/\/impactocastex.com.ar\/?p=12597#primaryimage"},"thumbnailUrl":"https:\/\/impactocastex.com.ar\/wp-content\/uploads\/2026\/03\/2136595.jpg","datePublished":"2026-03-05T11:57:14+00:00","dateModified":"2026-03-05T11:57:16+00:00","breadcrumb":{"@id":"https:\/\/impactocastex.com.ar\/?p=12597#breadcrumb"},"inLanguage":"es","potentialAction":[{"@type":"ReadAction","target":["https:\/\/impactocastex.com.ar\/?p=12597"]}]},{"@type":"ImageObject","inLanguage":"es","@id":"https:\/\/impactocastex.com.ar\/?p=12597#primaryimage","url":"https:\/\/impactocastex.com.ar\/wp-content\/uploads\/2026\/03\/2136595.jpg","contentUrl":"https:\/\/impactocastex.com.ar\/wp-content\/uploads\/2026\/03\/2136595.jpg","width":1200,"height":631},{"@type":"BreadcrumbList","@id":"https:\/\/impactocastex.com.ar\/?p=12597#breadcrumb","itemListElement":[{"@type":"ListItem","position":1,"name":"Portada","item":"https:\/\/impactocastex.com.ar\/"},{"@type":"ListItem","position":2,"name":"Milei, Bullrich, Cristina Kirchner y Kicillof, c\u00f3mo quedaron en una encuesta"}]},{"@type":"WebSite","@id":"https:\/\/impactocastex.com.ar\/#website","url":"https:\/\/impactocastex.com.ar\/","name":"Impacto Castex","description":"","publisher":{"@id":"https:\/\/impactocastex.com.ar\/#organization"},"potentialAction":[{"@type":"SearchAction","target":{"@type":"EntryPoint","urlTemplate":"https:\/\/impactocastex.com.ar\/?s={search_term_string}"},"query-input":{"@type":"PropertyValueSpecification","valueRequired":true,"valueName":"search_term_string"}}],"inLanguage":"es"},{"@type":"Organization","@id":"https:\/\/impactocastex.com.ar\/#organization","name":"Impacto Castex","url":"https:\/\/impactocastex.com.ar\/","logo":{"@type":"ImageObject","inLanguage":"es","@id":"https:\/\/impactocastex.com.ar\/#\/schema\/logo\/image\/","url":"https:\/\/impactocastex.com.ar\/wp-content\/uploads\/2025\/09\/cropped-icoweb.png","contentUrl":"https:\/\/impactocastex.com.ar\/wp-content\/uploads\/2025\/09\/cropped-icoweb.png","width":512,"height":512,"caption":"Impacto Castex"},"image":{"@id":"https:\/\/impactocastex.com.ar\/#\/schema\/logo\/image\/"},"sameAs":["https:\/\/www.facebook.com\/impactocastexdiario","https:\/\/www.instagram.com\/impactocastex.com.ar\/"]},{"@type":"Person","@id":"https:\/\/impactocastex.com.ar\/#\/schema\/person\/c115028fb60f9bf49ce7550894b84ea7","name":"impactocastex","image":{"@type":"ImageObject","inLanguage":"es","@id":"https:\/\/secure.gravatar.com\/avatar\/fee87e7af008f02e9becdc0b5a9fd4a2e79b3918a571edeacb62211704637833?s=96&d=mm&r=g","url":"https:\/\/secure.gravatar.com\/avatar\/fee87e7af008f02e9becdc0b5a9fd4a2e79b3918a571edeacb62211704637833?s=96&d=mm&r=g","contentUrl":"https:\/\/secure.gravatar.com\/avatar\/fee87e7af008f02e9becdc0b5a9fd4a2e79b3918a571edeacb62211704637833?s=96&d=mm&r=g","caption":"impactocastex"},"sameAs":["https:\/\/impactocastex.com.ar\/"],"url":"https:\/\/impactocastex.com.ar\/?author=2"}]}},"jetpack_publicize_connections":[],"featured_image_urls":{"full":["https:\/\/impactocastex.com.ar\/wp-content\/uploads\/2026\/03\/2136595.jpg",1200,631,false],"thumbnail":["https:\/\/impactocastex.com.ar\/wp-content\/uploads\/2026\/03\/2136595-150x150.jpg",150,150,true],"medium":["https:\/\/impactocastex.com.ar\/wp-content\/uploads\/2026\/03\/2136595-300x158.jpg",300,158,true],"medium_large":["https:\/\/impactocastex.com.ar\/wp-content\/uploads\/2026\/03\/2136595-768x404.jpg",640,337,true],"large":["https:\/\/impactocastex.com.ar\/wp-content\/uploads\/2026\/03\/2136595-1024x538.jpg",640,336,true],"1536x1536":["https:\/\/impactocastex.com.ar\/wp-content\/uploads\/2026\/03\/2136595.jpg",1200,631,false],"2048x2048":["https:\/\/impactocastex.com.ar\/wp-content\/uploads\/2026\/03\/2136595.jpg",1200,631,false],"newsever-slider-full":["https:\/\/impactocastex.com.ar\/wp-content\/uploads\/2026\/03\/2136595.jpg",1200,631,false],"newsever-featured":["https:\/\/impactocastex.com.ar\/wp-content\/uploads\/2026\/03\/2136595-1024x538.jpg",1024,538,true],"newsever-medium":["https:\/\/impactocastex.com.ar\/wp-content\/uploads\/2026\/03\/2136595-720x475.jpg",720,475,true]},"author_info":{"info":["impactocastex"]},"category_info":"<a href=\"https:\/\/impactocastex.com.ar\/?cat=122\" rel=\"category\">POLITICA<\/a>","tag_info":"POLITICA","comment_count":0,"jetpack_featured_media_url":"https:\/\/impactocastex.com.ar\/wp-content\/uploads\/2026\/03\/2136595.jpg","jetpack_sharing_enabled":true,"jetpack_likes_enabled":true,"jetpack_shortlink":"https:\/\/wp.me\/p7sopA-3hb","_links":{"self":[{"href":"https:\/\/impactocastex.com.ar\/index.php?rest_route=\/wp\/v2\/posts\/12597","targetHints":{"allow":["GET"]}}],"collection":[{"href":"https:\/\/impactocastex.com.ar\/index.php?rest_route=\/wp\/v2\/posts"}],"about":[{"href":"https:\/\/impactocastex.com.ar\/index.php?rest_route=\/wp\/v2\/types\/post"}],"author":[{"embeddable":true,"href":"https:\/\/impactocastex.com.ar\/index.php?rest_route=\/wp\/v2\/users\/2"}],"replies":[{"embeddable":true,"href":"https:\/\/impactocastex.com.ar\/index.php?rest_route=%2Fwp%2Fv2%2Fcomments&post=12597"}],"version-history":[{"count":1,"href":"https:\/\/impactocastex.com.ar\/index.php?rest_route=\/wp\/v2\/posts\/12597\/revisions"}],"predecessor-version":[{"id":12599,"href":"https:\/\/impactocastex.com.ar\/index.php?rest_route=\/wp\/v2\/posts\/12597\/revisions\/12599"}],"wp:featuredmedia":[{"embeddable":true,"href":"https:\/\/impactocastex.com.ar\/index.php?rest_route=\/wp\/v2\/media\/12598"}],"wp:attachment":[{"href":"https:\/\/impactocastex.com.ar\/index.php?rest_route=%2Fwp%2Fv2%2Fmedia&parent=12597"}],"wp:term":[{"taxonomy":"category","embeddable":true,"href":"https:\/\/impactocastex.com.ar\/index.php?rest_route=%2Fwp%2Fv2%2Fcategories&post=12597"},{"taxonomy":"post_tag","embeddable":true,"href":"https:\/\/impactocastex.com.ar\/index.php?rest_route=%2Fwp%2Fv2%2Ftags&post=12597"}],"curies":[{"name":"wp","href":"https:\/\/api.w.org\/{rel}","templated":true}]}}