{"id":12581,"date":"2026-03-05T08:45:54","date_gmt":"2026-03-05T11:45:54","guid":{"rendered":"https:\/\/impactocastex.com.ar\/?p=12581"},"modified":"2026-03-05T08:45:56","modified_gmt":"2026-03-05T11:45:56","slug":"desesperante-reclamo-de-un-trabajador-echado-me-dejo-tirado-como-un-perro","status":"publish","type":"post","link":"https:\/\/impactocastex.com.ar\/?p=12581","title":{"rendered":"Desesperante reclamo de un trabajador echado: \u00abMe dej\u00f3 tirado como un perro\u00bb"},"content":{"rendered":"\n<p>Un chofer mendocino denunci\u00f3 a trav\u00e9s de un video haber sido despedido en Santa Rosa tras pedir dinero para sus gastos b\u00e1sicos. Acus\u00f3 a su empleador por maltratos, falta de pago y por obligarlo a circular en un cami\u00f3n con patentes adulteradas y arreglos precarios.<\/p>\n\n\n\n<figure class=\"wp-block-embed is-type-video is-provider-youtube wp-block-embed-youtube wp-embed-aspect-16-9 wp-has-aspect-ratio\"><div class=\"wp-block-embed__wrapper\">\n<iframe loading=\"lazy\" title=\"Desesperante reclamo de un trabajador echado: &quot;Me dej\u00f3 tirado como un perro&quot;\" width=\"640\" height=\"360\" src=\"https:\/\/www.youtube.com\/embed\/zl3S2QiqfZg?feature=oembed\" frameborder=\"0\" allow=\"accelerometer; autoplay; clipboard-write; encrypted-media; gyroscope; picture-in-picture; web-share\" referrerpolicy=\"strict-origin-when-cross-origin\" allowfullscreen><\/iframe>\n<\/div><\/figure>\n\n\n\n<p>Un grav\u00edsimo caso de presunto abuso laboral y precariedad se hizo p\u00fablico en las \u00faltimas horas en Santa Rosa, luego de que un chofer de cami\u00f3n oriundo de Mendoza filmara el momento en que su empleador, identificado como Jorge Hidalgo, lo despidiera dej\u00e1ndolo varado en la capital pampeana. El trabajador, visiblemente quebrado por la situaci\u00f3n, denunci\u00f3 que el conflicto estall\u00f3 cuando solicit\u00f3 un adelanto de sus haberes para cubrir necesidades familiares b\u00e1sicas.<\/p>\n\n\n\n<figure class=\"wp-block-image\"><img decoding=\"async\" src=\"https:\/\/www.eldiariodelapampa.com.ar\/\/img\/publicaciones\/2026\/03\/04\/alta\/883253-t.jpg\" alt=\"\" \/><\/figure>\n\n\n\n<p>\u00ab\u00bfPor qu\u00e9 me echa, se\u00f1or? \u00bfPor qu\u00e9 me hizo cargar y me hizo venir hasta ac\u00e1, hasta Santa Rosa de La Pampa, sabiendo que yo vivo en Mendoza?\u00bb, increp\u00f3 el operario al due\u00f1o del transporte en el registro audiovisual. Seg\u00fan el relato del chofer, el patr\u00f3n \u2014fletero de la firma S-63\u2014 decidi\u00f3 rescindir el v\u00ednculo porque el trabajador le pidi\u00f3 dinero para que su hijo pudiera cargar la tarjeta de transporte y comprar zapatillas. \u00abMe sac\u00f3 de otra empresa ofreci\u00e9ndome trabajo constante y ahora me ofrece un pasaje de colectivo para llevarme todas mis cosas as\u00ed, como un perro\u00bb, sentenci\u00f3.<\/p>\n\n\n\n<p><strong>Denuncia por irregularidades y \u00abalambre\u00bb<\/strong><\/p>\n\n\n\n<p>El reclamo no se limit\u00f3 a las condiciones de despido. El trabajador exhibi\u00f3 ante la c\u00e1mara el estado del veh\u00edculo, un cami\u00f3n que, seg\u00fan sus palabras, deb\u00eda arreglar \u00e9l mismo de manera precaria para poder seguir circulando. \u00abMe han visto tirado en la calle arreglando el cami\u00f3n con alambre, hermano. Sin una tuerca, as\u00ed andaba\u00bb, denunci\u00f3 mientras se\u00f1alaba los desperfectos mec\u00e1nicos.<\/p>\n\n\n\n<p>Adem\u00e1s, el chofer realiz\u00f3 una acusaci\u00f3n que podr\u00eda tener derivaciones legales inmediatas: afirm\u00f3 que el semirremolque posee patentes adulteradas. \u00abEste semi no es esa patente. Est\u00e1 adulterado de ac\u00e1 a Jap\u00f3n\u00bb, sostuvo ante la presencia de oficiales de polic\u00eda que hab\u00edan sido convocados al lugar por el propio due\u00f1o del cami\u00f3n, quien acus\u00f3 al empleado por supuestas amenazas.<\/p>\n\n\n\n<p><strong>Un pedido de auxilio a los colegas<\/strong><\/p>\n\n\n\n<p>El video, que se viraliz\u00f3 r\u00e1pidamente en grupos de transportistas, cierra con un desesperado pedido de solidaridad hacia otros trabajadores del sector. \u00abLes pido a todos los colegas que por favor me vengan a ayudar a que se acabe esta mierda, a que esta gente explotadora se deje de cagar en nosotros\u00bb, manifest\u00f3 el hombre, quien asegur\u00f3 que fue \u00absacado\u00bb de su anterior empleo bajo falsas promesas.<\/p>\n\n\n\n<p>Hasta el momento, la contraparte no ha emitido declaraciones p\u00fablicas, mientras que el trabajador permanece en la ciudad intentando resolver su situaci\u00f3n habitacional y el traslado de sus pertenencias hacia su provincia natal. La causa, que involucra tanto aspectos laborales como posibles infracciones a la ley nacional de tr\u00e1nsito por la adulteraci\u00f3n de dominios, podr\u00eda ser remitida a la justicia en los pr\u00f3ximos d\u00edas.<\/p>\n\n\n\n<p>eldiariodelapampa<\/p>\n","protected":false},"excerpt":{"rendered":"<p>Un chofer mendocino denunci\u00f3 a trav\u00e9s de un video haber sido despedido en Santa Rosa&#8230;<\/p>\n","protected":false},"author":2,"featured_media":12582,"comment_status":"closed","ping_status":"closed","sticky":false,"template":"","format":"standard","meta":{"_jetpack_memberships_contains_paid_content":false,"footnotes":"","jetpack_publicize_message":"Desesperante reclamo de un trabajador echado: \"Me dej\u00f3 tirado como un perro\"","jetpack_publicize_feature_enabled":true,"jetpack_social_post_already_shared":false,"jetpack_social_options":{"image_generator_settings":{"template":"highway","default_image_id":0,"font":"","enabled":false},"version":2}},"categories":[83,86],"tags":[],"class_list":["post-12581","post","type-post","status-publish","format-standard","has-post-thumbnail","hentry","category-la-pampa","category-sociedad"],"yoast_head":"<!-- This site is optimized with the Yoast SEO plugin v27.4 - https:\/\/yoast.com\/product\/yoast-seo-wordpress\/ -->\n<title>Desesperante reclamo de un trabajador echado: &quot;Me dej\u00f3 tirado como un perro&quot; -<\/title>\n<meta name=\"robots\" content=\"index, follow, max-snippet:-1, max-image-preview:large, max-video-preview:-1\" \/>\n<link rel=\"canonical\" href=\"https:\/\/impactocastex.com.ar\/?p=12581\" \/>\n<meta property=\"og:locale\" content=\"es_ES\" \/>\n<meta property=\"og:type\" content=\"article\" \/>\n<meta property=\"og:title\" content=\"Desesperante reclamo de un trabajador echado: &quot;Me dej\u00f3 tirado como un perro&quot; -\" \/>\n<meta property=\"og:description\" content=\"Un chofer mendocino denunci\u00f3 a trav\u00e9s de un video haber sido despedido en Santa Rosa...\" \/>\n<meta property=\"og:url\" content=\"https:\/\/impactocastex.com.ar\/?p=12581\" \/>\n<meta property=\"article:publisher\" content=\"https:\/\/www.facebook.com\/impactocastexdiario\" \/>\n<meta property=\"article:published_time\" content=\"2026-03-05T11:45:54+00:00\" \/>\n<meta property=\"article:modified_time\" content=\"2026-03-05T11:45:56+00:00\" \/>\n<meta property=\"og:image\" content=\"https:\/\/impactocastex.com.ar\/wp-content\/uploads\/2026\/03\/883253-t.webp\" \/>\n\t<meta property=\"og:image:width\" content=\"318\" \/>\n\t<meta property=\"og:image:height\" content=\"437\" \/>\n\t<meta property=\"og:image:type\" content=\"image\/webp\" \/>\n<meta name=\"author\" content=\"impactocastex\" \/>\n<meta name=\"twitter:card\" content=\"summary_large_image\" \/>\n<meta name=\"twitter:label1\" content=\"Escrito por\" \/>\n\t<meta name=\"twitter:data1\" content=\"impactocastex\" \/>\n\t<meta name=\"twitter:label2\" content=\"Tiempo de lectura\" \/>\n\t<meta name=\"twitter:data2\" content=\"3 minutos\" \/>\n<script type=\"application\/ld+json\" class=\"yoast-schema-graph\">{\"@context\":\"https:\\\/\\\/schema.org\",\"@graph\":[{\"@type\":\"Article\",\"@id\":\"https:\\\/\\\/impactocastex.com.ar\\\/?p=12581#article\",\"isPartOf\":{\"@id\":\"https:\\\/\\\/impactocastex.com.ar\\\/?p=12581\"},\"author\":{\"name\":\"impactocastex\",\"@id\":\"https:\\\/\\\/impactocastex.com.ar\\\/#\\\/schema\\\/person\\\/c115028fb60f9bf49ce7550894b84ea7\"},\"headline\":\"Desesperante reclamo de un trabajador echado: \u00abMe dej\u00f3 tirado como un perro\u00bb\",\"datePublished\":\"2026-03-05T11:45:54+00:00\",\"dateModified\":\"2026-03-05T11:45:56+00:00\",\"mainEntityOfPage\":{\"@id\":\"https:\\\/\\\/impactocastex.com.ar\\\/?p=12581\"},\"wordCount\":537,\"publisher\":{\"@id\":\"https:\\\/\\\/impactocastex.com.ar\\\/#organization\"},\"image\":{\"@id\":\"https:\\\/\\\/impactocastex.com.ar\\\/?p=12581#primaryimage\"},\"thumbnailUrl\":\"https:\\\/\\\/impactocastex.com.ar\\\/wp-content\\\/uploads\\\/2026\\\/03\\\/883253-t.webp\",\"articleSection\":[\"LA PAMPA\",\"SOCIEDAD\"],\"inLanguage\":\"es\"},{\"@type\":\"WebPage\",\"@id\":\"https:\\\/\\\/impactocastex.com.ar\\\/?p=12581\",\"url\":\"https:\\\/\\\/impactocastex.com.ar\\\/?p=12581\",\"name\":\"Desesperante reclamo de un trabajador echado: \\\"Me dej\u00f3 tirado como un perro\\\" -\",\"isPartOf\":{\"@id\":\"https:\\\/\\\/impactocastex.com.ar\\\/#website\"},\"primaryImageOfPage\":{\"@id\":\"https:\\\/\\\/impactocastex.com.ar\\\/?p=12581#primaryimage\"},\"image\":{\"@id\":\"https:\\\/\\\/impactocastex.com.ar\\\/?p=12581#primaryimage\"},\"thumbnailUrl\":\"https:\\\/\\\/impactocastex.com.ar\\\/wp-content\\\/uploads\\\/2026\\\/03\\\/883253-t.webp\",\"datePublished\":\"2026-03-05T11:45:54+00:00\",\"dateModified\":\"2026-03-05T11:45:56+00:00\",\"breadcrumb\":{\"@id\":\"https:\\\/\\\/impactocastex.com.ar\\\/?p=12581#breadcrumb\"},\"inLanguage\":\"es\",\"potentialAction\":[{\"@type\":\"ReadAction\",\"target\":[\"https:\\\/\\\/impactocastex.com.ar\\\/?p=12581\"]}]},{\"@type\":\"ImageObject\",\"inLanguage\":\"es\",\"@id\":\"https:\\\/\\\/impactocastex.com.ar\\\/?p=12581#primaryimage\",\"url\":\"https:\\\/\\\/impactocastex.com.ar\\\/wp-content\\\/uploads\\\/2026\\\/03\\\/883253-t.webp\",\"contentUrl\":\"https:\\\/\\\/impactocastex.com.ar\\\/wp-content\\\/uploads\\\/2026\\\/03\\\/883253-t.webp\",\"width\":318,\"height\":437},{\"@type\":\"BreadcrumbList\",\"@id\":\"https:\\\/\\\/impactocastex.com.ar\\\/?p=12581#breadcrumb\",\"itemListElement\":[{\"@type\":\"ListItem\",\"position\":1,\"name\":\"Portada\",\"item\":\"https:\\\/\\\/impactocastex.com.ar\\\/\"},{\"@type\":\"ListItem\",\"position\":2,\"name\":\"Desesperante reclamo de un trabajador echado: &#8220;Me dej\u00f3 tirado como un perro&#8221;\"}]},{\"@type\":\"WebSite\",\"@id\":\"https:\\\/\\\/impactocastex.com.ar\\\/#website\",\"url\":\"https:\\\/\\\/impactocastex.com.ar\\\/\",\"name\":\"Impacto Castex\",\"description\":\"\",\"publisher\":{\"@id\":\"https:\\\/\\\/impactocastex.com.ar\\\/#organization\"},\"potentialAction\":[{\"@type\":\"SearchAction\",\"target\":{\"@type\":\"EntryPoint\",\"urlTemplate\":\"https:\\\/\\\/impactocastex.com.ar\\\/?s={search_term_string}\"},\"query-input\":{\"@type\":\"PropertyValueSpecification\",\"valueRequired\":true,\"valueName\":\"search_term_string\"}}],\"inLanguage\":\"es\"},{\"@type\":\"Organization\",\"@id\":\"https:\\\/\\\/impactocastex.com.ar\\\/#organization\",\"name\":\"Impacto Castex\",\"url\":\"https:\\\/\\\/impactocastex.com.ar\\\/\",\"logo\":{\"@type\":\"ImageObject\",\"inLanguage\":\"es\",\"@id\":\"https:\\\/\\\/impactocastex.com.ar\\\/#\\\/schema\\\/logo\\\/image\\\/\",\"url\":\"https:\\\/\\\/impactocastex.com.ar\\\/wp-content\\\/uploads\\\/2025\\\/09\\\/cropped-icoweb.png\",\"contentUrl\":\"https:\\\/\\\/impactocastex.com.ar\\\/wp-content\\\/uploads\\\/2025\\\/09\\\/cropped-icoweb.png\",\"width\":512,\"height\":512,\"caption\":\"Impacto Castex\"},\"image\":{\"@id\":\"https:\\\/\\\/impactocastex.com.ar\\\/#\\\/schema\\\/logo\\\/image\\\/\"},\"sameAs\":[\"https:\\\/\\\/www.facebook.com\\\/impactocastexdiario\",\"https:\\\/\\\/www.instagram.com\\\/impactocastex.com.ar\\\/\"]},{\"@type\":\"Person\",\"@id\":\"https:\\\/\\\/impactocastex.com.ar\\\/#\\\/schema\\\/person\\\/c115028fb60f9bf49ce7550894b84ea7\",\"name\":\"impactocastex\",\"image\":{\"@type\":\"ImageObject\",\"inLanguage\":\"es\",\"@id\":\"https:\\\/\\\/secure.gravatar.com\\\/avatar\\\/fee87e7af008f02e9becdc0b5a9fd4a2e79b3918a571edeacb62211704637833?s=96&d=mm&r=g\",\"url\":\"https:\\\/\\\/secure.gravatar.com\\\/avatar\\\/fee87e7af008f02e9becdc0b5a9fd4a2e79b3918a571edeacb62211704637833?s=96&d=mm&r=g\",\"contentUrl\":\"https:\\\/\\\/secure.gravatar.com\\\/avatar\\\/fee87e7af008f02e9becdc0b5a9fd4a2e79b3918a571edeacb62211704637833?s=96&d=mm&r=g\",\"caption\":\"impactocastex\"},\"sameAs\":[\"https:\\\/\\\/impactocastex.com.ar\\\/\"],\"url\":\"https:\\\/\\\/impactocastex.com.ar\\\/?author=2\"}]}<\/script>\n<!-- \/ Yoast SEO plugin. -->","yoast_head_json":{"title":"Desesperante reclamo de un trabajador echado: \"Me dej\u00f3 tirado como un perro\" -","robots":{"index":"index","follow":"follow","max-snippet":"max-snippet:-1","max-image-preview":"max-image-preview:large","max-video-preview":"max-video-preview:-1"},"canonical":"https:\/\/impactocastex.com.ar\/?p=12581","og_locale":"es_ES","og_type":"article","og_title":"Desesperante reclamo de un trabajador echado: \"Me dej\u00f3 tirado como un perro\" -","og_description":"Un chofer mendocino denunci\u00f3 a trav\u00e9s de un video haber sido despedido en Santa Rosa...","og_url":"https:\/\/impactocastex.com.ar\/?p=12581","article_publisher":"https:\/\/www.facebook.com\/impactocastexdiario","article_published_time":"2026-03-05T11:45:54+00:00","article_modified_time":"2026-03-05T11:45:56+00:00","og_image":[{"width":318,"height":437,"url":"https:\/\/impactocastex.com.ar\/wp-content\/uploads\/2026\/03\/883253-t.webp","type":"image\/webp"}],"author":"impactocastex","twitter_card":"summary_large_image","twitter_misc":{"Escrito por":"impactocastex","Tiempo de lectura":"3 minutos"},"schema":{"@context":"https:\/\/schema.org","@graph":[{"@type":"Article","@id":"https:\/\/impactocastex.com.ar\/?p=12581#article","isPartOf":{"@id":"https:\/\/impactocastex.com.ar\/?p=12581"},"author":{"name":"impactocastex","@id":"https:\/\/impactocastex.com.ar\/#\/schema\/person\/c115028fb60f9bf49ce7550894b84ea7"},"headline":"Desesperante reclamo de un trabajador echado: \u00abMe dej\u00f3 tirado como un perro\u00bb","datePublished":"2026-03-05T11:45:54+00:00","dateModified":"2026-03-05T11:45:56+00:00","mainEntityOfPage":{"@id":"https:\/\/impactocastex.com.ar\/?p=12581"},"wordCount":537,"publisher":{"@id":"https:\/\/impactocastex.com.ar\/#organization"},"image":{"@id":"https:\/\/impactocastex.com.ar\/?p=12581#primaryimage"},"thumbnailUrl":"https:\/\/impactocastex.com.ar\/wp-content\/uploads\/2026\/03\/883253-t.webp","articleSection":["LA PAMPA","SOCIEDAD"],"inLanguage":"es"},{"@type":"WebPage","@id":"https:\/\/impactocastex.com.ar\/?p=12581","url":"https:\/\/impactocastex.com.ar\/?p=12581","name":"Desesperante reclamo de un trabajador echado: \"Me dej\u00f3 tirado como un perro\" -","isPartOf":{"@id":"https:\/\/impactocastex.com.ar\/#website"},"primaryImageOfPage":{"@id":"https:\/\/impactocastex.com.ar\/?p=12581#primaryimage"},"image":{"@id":"https:\/\/impactocastex.com.ar\/?p=12581#primaryimage"},"thumbnailUrl":"https:\/\/impactocastex.com.ar\/wp-content\/uploads\/2026\/03\/883253-t.webp","datePublished":"2026-03-05T11:45:54+00:00","dateModified":"2026-03-05T11:45:56+00:00","breadcrumb":{"@id":"https:\/\/impactocastex.com.ar\/?p=12581#breadcrumb"},"inLanguage":"es","potentialAction":[{"@type":"ReadAction","target":["https:\/\/impactocastex.com.ar\/?p=12581"]}]},{"@type":"ImageObject","inLanguage":"es","@id":"https:\/\/impactocastex.com.ar\/?p=12581#primaryimage","url":"https:\/\/impactocastex.com.ar\/wp-content\/uploads\/2026\/03\/883253-t.webp","contentUrl":"https:\/\/impactocastex.com.ar\/wp-content\/uploads\/2026\/03\/883253-t.webp","width":318,"height":437},{"@type":"BreadcrumbList","@id":"https:\/\/impactocastex.com.ar\/?p=12581#breadcrumb","itemListElement":[{"@type":"ListItem","position":1,"name":"Portada","item":"https:\/\/impactocastex.com.ar\/"},{"@type":"ListItem","position":2,"name":"Desesperante reclamo de un trabajador echado: &#8220;Me dej\u00f3 tirado como un perro&#8221;"}]},{"@type":"WebSite","@id":"https:\/\/impactocastex.com.ar\/#website","url":"https:\/\/impactocastex.com.ar\/","name":"Impacto Castex","description":"","publisher":{"@id":"https:\/\/impactocastex.com.ar\/#organization"},"potentialAction":[{"@type":"SearchAction","target":{"@type":"EntryPoint","urlTemplate":"https:\/\/impactocastex.com.ar\/?s={search_term_string}"},"query-input":{"@type":"PropertyValueSpecification","valueRequired":true,"valueName":"search_term_string"}}],"inLanguage":"es"},{"@type":"Organization","@id":"https:\/\/impactocastex.com.ar\/#organization","name":"Impacto Castex","url":"https:\/\/impactocastex.com.ar\/","logo":{"@type":"ImageObject","inLanguage":"es","@id":"https:\/\/impactocastex.com.ar\/#\/schema\/logo\/image\/","url":"https:\/\/impactocastex.com.ar\/wp-content\/uploads\/2025\/09\/cropped-icoweb.png","contentUrl":"https:\/\/impactocastex.com.ar\/wp-content\/uploads\/2025\/09\/cropped-icoweb.png","width":512,"height":512,"caption":"Impacto Castex"},"image":{"@id":"https:\/\/impactocastex.com.ar\/#\/schema\/logo\/image\/"},"sameAs":["https:\/\/www.facebook.com\/impactocastexdiario","https:\/\/www.instagram.com\/impactocastex.com.ar\/"]},{"@type":"Person","@id":"https:\/\/impactocastex.com.ar\/#\/schema\/person\/c115028fb60f9bf49ce7550894b84ea7","name":"impactocastex","image":{"@type":"ImageObject","inLanguage":"es","@id":"https:\/\/secure.gravatar.com\/avatar\/fee87e7af008f02e9becdc0b5a9fd4a2e79b3918a571edeacb62211704637833?s=96&d=mm&r=g","url":"https:\/\/secure.gravatar.com\/avatar\/fee87e7af008f02e9becdc0b5a9fd4a2e79b3918a571edeacb62211704637833?s=96&d=mm&r=g","contentUrl":"https:\/\/secure.gravatar.com\/avatar\/fee87e7af008f02e9becdc0b5a9fd4a2e79b3918a571edeacb62211704637833?s=96&d=mm&r=g","caption":"impactocastex"},"sameAs":["https:\/\/impactocastex.com.ar\/"],"url":"https:\/\/impactocastex.com.ar\/?author=2"}]}},"jetpack_publicize_connections":[],"featured_image_urls":{"full":["https:\/\/impactocastex.com.ar\/wp-content\/uploads\/2026\/03\/883253-t.webp",318,437,false],"thumbnail":["https:\/\/impactocastex.com.ar\/wp-content\/uploads\/2026\/03\/883253-t-150x150.webp",150,150,true],"medium":["https:\/\/impactocastex.com.ar\/wp-content\/uploads\/2026\/03\/883253-t-218x300.webp",218,300,true],"medium_large":["https:\/\/impactocastex.com.ar\/wp-content\/uploads\/2026\/03\/883253-t.webp",318,437,false],"large":["https:\/\/impactocastex.com.ar\/wp-content\/uploads\/2026\/03\/883253-t.webp",318,437,false],"1536x1536":["https:\/\/impactocastex.com.ar\/wp-content\/uploads\/2026\/03\/883253-t.webp",318,437,false],"2048x2048":["https:\/\/impactocastex.com.ar\/wp-content\/uploads\/2026\/03\/883253-t.webp",318,437,false],"newsever-slider-full":["https:\/\/impactocastex.com.ar\/wp-content\/uploads\/2026\/03\/883253-t.webp",318,437,false],"newsever-featured":["https:\/\/impactocastex.com.ar\/wp-content\/uploads\/2026\/03\/883253-t.webp",318,437,false],"newsever-medium":["https:\/\/impactocastex.com.ar\/wp-content\/uploads\/2026\/03\/883253-t.webp",318,437,false]},"author_info":{"info":["impactocastex"]},"category_info":"<a href=\"https:\/\/impactocastex.com.ar\/?cat=83\" rel=\"category\">LA PAMPA<\/a> <a href=\"https:\/\/impactocastex.com.ar\/?cat=86\" rel=\"category\">SOCIEDAD<\/a>","tag_info":"SOCIEDAD","comment_count":0,"jetpack_featured_media_url":"https:\/\/impactocastex.com.ar\/wp-content\/uploads\/2026\/03\/883253-t.webp","jetpack_sharing_enabled":true,"jetpack_likes_enabled":true,"jetpack_shortlink":"https:\/\/wp.me\/p7sopA-3gV","_links":{"self":[{"href":"https:\/\/impactocastex.com.ar\/index.php?rest_route=\/wp\/v2\/posts\/12581","targetHints":{"allow":["GET"]}}],"collection":[{"href":"https:\/\/impactocastex.com.ar\/index.php?rest_route=\/wp\/v2\/posts"}],"about":[{"href":"https:\/\/impactocastex.com.ar\/index.php?rest_route=\/wp\/v2\/types\/post"}],"author":[{"embeddable":true,"href":"https:\/\/impactocastex.com.ar\/index.php?rest_route=\/wp\/v2\/users\/2"}],"replies":[{"embeddable":true,"href":"https:\/\/impactocastex.com.ar\/index.php?rest_route=%2Fwp%2Fv2%2Fcomments&post=12581"}],"version-history":[{"count":1,"href":"https:\/\/impactocastex.com.ar\/index.php?rest_route=\/wp\/v2\/posts\/12581\/revisions"}],"predecessor-version":[{"id":12583,"href":"https:\/\/impactocastex.com.ar\/index.php?rest_route=\/wp\/v2\/posts\/12581\/revisions\/12583"}],"wp:featuredmedia":[{"embeddable":true,"href":"https:\/\/impactocastex.com.ar\/index.php?rest_route=\/wp\/v2\/media\/12582"}],"wp:attachment":[{"href":"https:\/\/impactocastex.com.ar\/index.php?rest_route=%2Fwp%2Fv2%2Fmedia&parent=12581"}],"wp:term":[{"taxonomy":"category","embeddable":true,"href":"https:\/\/impactocastex.com.ar\/index.php?rest_route=%2Fwp%2Fv2%2Fcategories&post=12581"},{"taxonomy":"post_tag","embeddable":true,"href":"https:\/\/impactocastex.com.ar\/index.php?rest_route=%2Fwp%2Fv2%2Ftags&post=12581"}],"curies":[{"name":"wp","href":"https:\/\/api.w.org\/{rel}","templated":true}]}}