{"id":12570,"date":"2026-03-05T03:42:30","date_gmt":"2026-03-05T06:42:30","guid":{"rendered":"https:\/\/impactocastex.com.ar\/?p=12570"},"modified":"2026-03-05T03:42:30","modified_gmt":"2026-03-05T06:42:30","slug":"en-respuesta-a-las-criticas-del-gobierno-la-uia-reporta-caidas-en-la-produccion-industrial-y-en-las-ventas-en-mas-del-50-del-sector","status":"publish","type":"post","link":"https:\/\/impactocastex.com.ar\/?p=12570","title":{"rendered":"En respuesta a las cr\u00edticas del Gobierno, la UIA reporta ca\u00eddas en la producci\u00f3n industrial y en las ventas en m\u00e1s del 50% del sector"},"content":{"rendered":"<p>La <b>Uni\u00f3n Industrial Argentina<\/b> (UIA) inform\u00f3 que el<b> nivel de producci\u00f3n industrial<\/b> y las <b>ventas <\/b>\u2014tanto en el mercado interno como en las exportaciones\u2014 registraron <b>ca\u00eddas <\/b>entre la mayor\u00eda de las empresas relevadas en su \u00faltima encuesta. El informe tambi\u00e9n detect\u00f3 <b>retrocesos en el empleo <\/b>de este sector productivo.<\/p>\n<p>Los datos surgen del <b>Informe de Indicadores Industriales y Expectativas<\/b>, difundido este mi\u00e9rcoles por la entidad empresaria. Seg\u00fan lo relevado, el <b>53,3%<\/b> de las empresas encuestadas indic\u00f3 que su <b>nivel de producci\u00f3n cay\u00f3<\/b> en comparaci\u00f3n con el promedio del cuarto trimestre del a\u00f1o pasado. <\/p>\n\n<p>En paralelo, el <b>54,7% <\/b>report\u00f3 <b>bajas en las ventas internas<\/b>, mientras que solo el 13,3% se\u00f1al\u00f3 aumentos. En materia de <b>comercio exterior<\/b>, el <b>30%<\/b> de las compa\u00f1\u00edas inform\u00f3 una <b>ca\u00edda <\/b>en sus exportaciones y el 14,3% registr\u00f3 subas, proporciones que se mantuvieron en niveles similares a los observados en encuestas anteriores.<\/p>\n<p>Por otra parte, un indicador que tambi\u00e9n refleja deterioro en la actividad industrial es el <b>empleo<\/b>. El <b>22,2% <\/b>de las empresas relevadas registr\u00f3 una <b>reducci\u00f3n de personal <\/b>en enero. Entre ese grupo, la mitad recurri\u00f3 a <b>despidos <\/b>ante la menor actividad, el 41,4% redujo turnos de trabajo y el 22,9% implement\u00f3 <b>suspensiones<\/b>. De cara a los pr\u00f3ximos 12 meses, el 19,4% anticip\u00f3 un aumento en su plantilla, mientras que el <b>26% prev\u00e9 una reducci\u00f3n<\/b>.<\/p>\n<p><img loading=\"lazy\" decoding=\"async\" src=\"https:\/\/resizer.glanacion.com\/resizer\/v2\/RNQ5MCADLVCAZNG53PRIWB7K6I.jpg?auth=bd03ca5ae48826f1cc468d97d16cae80ec2e055ed78d25b2d9380e54e7a3ee4d&amp;smart=true&amp;width=1920&amp;height=1080\" alt=\"El 54,7% de las empresas consultadas por la UIA para la elaboraci\u00f3n de este informe report\u00f3 bajas en las ventas internas\" height=\"1080\" width=\"1920\" \/><\/p>\n<p>El informe tambi\u00e9n advirti\u00f3<b> <\/b>que el <b>45,6% <\/b>de las empresas indic\u00f3 que tuvo <b>problemas para afrontar <\/b>al menos una de las categor\u00edas de <b>pagos<\/b>: salarios, proveedores, compromisos financieros, servicios p\u00fablicos o impuestos. Las mayores complicaciones se concentraron en el<b> pago de tributos y proveedores<\/b>, mientras que el 5,4% registr\u00f3 atrasos en todas esas obligaciones.<\/p>\n<p>Entre los factores se\u00f1alados por las compa\u00f1\u00edas, el <b>46,1% <\/b>identific\u00f3 la <b>ca\u00edda de la demanda interna<\/b> como su <b>principal problema<\/b>. El relevamiento tambi\u00e9n mostr\u00f3 un aumento en las<b> preocupaciones vinculadas a la competencia externa<\/b>: la dificultad para competir con bienes importados pas\u00f3 de no ser mencionada en octubre de 2024 a representar el <b>19,4% <\/b>de las respuestas en enero de 2026.<\/p>\n<p><img loading=\"lazy\" decoding=\"async\" src=\"https:\/\/resizer.glanacion.com\/resizer\/v2\/VYAJXZFL3NGSBFCDJZEB2Y4L3I.jpg?auth=b179e07201cab203005ab2fa8f09465ab6dcee6a437a0aa52e8a6942bc8cd90e&amp;smart=true&amp;width=1429&amp;height=1074\" alt=\"El 22,2% de las empresas relevadas registr\u00f3 una reducci\u00f3n de personal en enero\" height=\"1074\" width=\"1429\" \/><\/p>\n<p>El estudio tambi\u00e9n registr\u00f3 una<b> moderaci\u00f3n en las expectativas positivas.<\/b> La proporci\u00f3n de empresas que prev\u00e9 una mejora en su <b>situaci\u00f3n econ\u00f3mica <\/b>en particular descendi\u00f3 al 47,8%, frente al 60,4% del relevamiento anterior. Tambi\u00e9n bajaron las previsiones favorables sobre el <b>sector de actividad<\/b>, que pasaron del 57% al 41%, y sobre el <b>contexto econ\u00f3mico nacional<\/b>, que descendieron del 68,6% al 51%.<\/p>\n<p>Los resultados de esta encuesta fueron difundidos este mi\u00e9rcoles luego de que, el d\u00eda anterior, la misma entidad publicara un <a href=\"https:\/\/www.lanacion.com.ar\/economia\/la-uia-pide-respeto-y-dice-que-los-empresarios-no-son-responsables-de-las-distorsiones-del-pasado-nid03032026\/\" target=\"_self\" rel=\"\" title=\"https:\/\/www.lanacion.com.ar\/economia\/la-uia-pide-respeto-y-dice-que-los-empresarios-no-son-responsables-de-las-distorsiones-del-pasado-nid03032026\/\">comunicado<\/a> en el que se se\u00f1al\u00f3 que \u00ab<b>el respeto es condici\u00f3n b\u00e1sica del desarrollo<\/b>. Respeto <b>hacia quienes producen, invierten y generan empleo <\/b>en todo el pa\u00eds\u201d.<\/p>\n<p><img loading=\"lazy\" decoding=\"async\" src=\"https:\/\/resizer.glanacion.com\/resizer\/v2\/VJACMYI5NFC37HSLKG3L3CY35I.jpg?auth=3322117fb64456328fa921ae9fe37850ffe98cc447d9d2945cc21d64d156272e&amp;smart=true&amp;width=1920&amp;height=1080\" alt=\"El relevamiento mostr\u00f3 un aumento en las preocupaciones vinculadas a la competencia externa\" height=\"1080\" width=\"1920\" \/><\/p>\n<p>La UIA subray\u00f3 que<b> la industria produce el 19% del PBI<\/b>, aporta el 27% de la recaudaci\u00f3n nacional y genera 1,2 millones de empleos directos \u20143,6 millones si se contabilizan los indirectos\u2014.<\/p>\n<p>Mediante ese texto, la <b>UIA <\/b>respondi\u00f3 -sin mencionarlo de manera expl\u00edcita, pero de forma inequ\u00edvoca- a las <a href=\"https:\/\/www.lanacion.com.ar\/politica\/milei-inauguro-las-sesiones-ordinarias-con-ataques-al-kirchnerismo-criticas-a-los-empresarios-y-nid01032026\/\" target=\"_self\" rel=\"\" title=\"https:\/\/www.lanacion.com.ar\/politica\/milei-inauguro-las-sesiones-ordinarias-con-ataques-al-kirchnerismo-criticas-a-los-empresarios-y-nid01032026\/\">cr\u00edticas que el Presidente lanz\u00f3 a empresarios del sector<\/a> el domingo en la apertura de sesiones ordinarias del Congreso.<\/p>\n<p><img loading=\"lazy\" decoding=\"async\" src=\"https:\/\/resizer.glanacion.com\/resizer\/v2\/QSCESXHBG5H3HMUYVM4P5F2RXA.jpg?auth=41ae6f3d7af6fb9350cc40aca9fb81f316fe118bd8e81f94b9822c5e013f1e58&amp;smart=true&amp;width=1920&amp;height=946\" alt=\"El estudio registr\u00f3 una moderaci\u00f3n en las expectativas positivas en relaci\u00f3n a la situaci\u00f3n econ\u00f3mica de cada empresa, al sector de actividad y al contexto econ\u00f3mico en general\" height=\"946\" width=\"1920\" \/>\u200bUna encuesta de la entidad mostr\u00f3 retrocesos en la actividad manufacturera y se\u00f1ales de debilidad en el empleo\u00a0\u00a0<\/p>","protected":false},"excerpt":{"rendered":"<p>La Uni\u00f3n Industrial Argentina (UIA) inform\u00f3 que el nivel de producci\u00f3n industrial y las ventas&#8230;<\/p>\n","protected":false},"author":1,"featured_media":12571,"comment_status":"closed","ping_status":"closed","sticky":false,"template":"","format":"standard","meta":{"_jetpack_memberships_contains_paid_content":false,"footnotes":"","jetpack_publicize_message":"","jetpack_publicize_feature_enabled":true,"jetpack_social_post_already_shared":true,"jetpack_social_options":{"image_generator_settings":{"template":"highway","default_image_id":0,"font":"","enabled":false},"version":2}},"categories":[89],"tags":[],"class_list":["post-12570","post","type-post","status-publish","format-standard","has-post-thumbnail","hentry","category-nacionales"],"yoast_head":"<!-- This site is optimized with the Yoast SEO plugin v27.4 - https:\/\/yoast.com\/product\/yoast-seo-wordpress\/ -->\n<title>En respuesta a las cr\u00edticas del Gobierno, la UIA reporta ca\u00eddas en la producci\u00f3n industrial y en las ventas en m\u00e1s del 50% del sector -<\/title>\n<meta name=\"robots\" content=\"index, follow, max-snippet:-1, max-image-preview:large, max-video-preview:-1\" \/>\n<link rel=\"canonical\" href=\"https:\/\/impactocastex.com.ar\/?p=12570\" \/>\n<meta property=\"og:locale\" content=\"es_ES\" \/>\n<meta property=\"og:type\" content=\"article\" \/>\n<meta property=\"og:title\" content=\"En respuesta a las cr\u00edticas del Gobierno, la UIA reporta ca\u00eddas en la producci\u00f3n industrial y en las ventas en m\u00e1s del 50% del sector -\" \/>\n<meta property=\"og:description\" content=\"La Uni\u00f3n Industrial Argentina (UIA) inform\u00f3 que el nivel de producci\u00f3n industrial y las ventas...\" \/>\n<meta property=\"og:url\" content=\"https:\/\/impactocastex.com.ar\/?p=12570\" \/>\n<meta property=\"article:publisher\" content=\"https:\/\/www.facebook.com\/impactocastexdiario\" \/>\n<meta property=\"article:published_time\" content=\"2026-03-05T06:42:30+00:00\" \/>\n<meta property=\"og:image\" content=\"https:\/\/resizer.glanacion.com\/resizer\/v2\/RNQ5MCADLVCAZNG53PRIWB7K6I.jpg?auth=bd03ca5ae48826f1cc468d97d16cae80ec2e055ed78d25b2d9380e54e7a3ee4d&amp;smart=true&amp;width=1920&amp;height=1080\" \/>\n<meta name=\"author\" content=\"impactocastex\" \/>\n<meta name=\"twitter:card\" content=\"summary_large_image\" \/>\n<meta name=\"twitter:label1\" content=\"Escrito por\" \/>\n\t<meta name=\"twitter:data1\" content=\"impactocastex\" \/>\n\t<meta name=\"twitter:label2\" content=\"Tiempo de lectura\" \/>\n\t<meta name=\"twitter:data2\" content=\"3 minutos\" \/>\n<script type=\"application\/ld+json\" class=\"yoast-schema-graph\">{\"@context\":\"https:\\\/\\\/schema.org\",\"@graph\":[{\"@type\":\"Article\",\"@id\":\"https:\\\/\\\/impactocastex.com.ar\\\/?p=12570#article\",\"isPartOf\":{\"@id\":\"https:\\\/\\\/impactocastex.com.ar\\\/?p=12570\"},\"author\":{\"name\":\"impactocastex\",\"@id\":\"https:\\\/\\\/impactocastex.com.ar\\\/#\\\/schema\\\/person\\\/86cb4f827fb5f87869a239b98a69c6e3\"},\"headline\":\"En respuesta a las cr\u00edticas del Gobierno, la UIA reporta ca\u00eddas en la producci\u00f3n industrial y en las ventas en m\u00e1s del 50% del sector\",\"datePublished\":\"2026-03-05T06:42:30+00:00\",\"mainEntityOfPage\":{\"@id\":\"https:\\\/\\\/impactocastex.com.ar\\\/?p=12570\"},\"wordCount\":569,\"publisher\":{\"@id\":\"https:\\\/\\\/impactocastex.com.ar\\\/#organization\"},\"image\":{\"@id\":\"https:\\\/\\\/impactocastex.com.ar\\\/?p=12570#primaryimage\"},\"thumbnailUrl\":\"https:\\\/\\\/impactocastex.com.ar\\\/wp-content\\\/uploads\\\/2026\\\/03\\\/HDZPUSBODJB45MAAKMKGB6PPHI-I9UYer.jpg\",\"articleSection\":[\"NACIONALES\"],\"inLanguage\":\"es\"},{\"@type\":\"WebPage\",\"@id\":\"https:\\\/\\\/impactocastex.com.ar\\\/?p=12570\",\"url\":\"https:\\\/\\\/impactocastex.com.ar\\\/?p=12570\",\"name\":\"En respuesta a las cr\u00edticas del Gobierno, la UIA reporta ca\u00eddas en la producci\u00f3n industrial y en las ventas en m\u00e1s del 50% del sector -\",\"isPartOf\":{\"@id\":\"https:\\\/\\\/impactocastex.com.ar\\\/#website\"},\"primaryImageOfPage\":{\"@id\":\"https:\\\/\\\/impactocastex.com.ar\\\/?p=12570#primaryimage\"},\"image\":{\"@id\":\"https:\\\/\\\/impactocastex.com.ar\\\/?p=12570#primaryimage\"},\"thumbnailUrl\":\"https:\\\/\\\/impactocastex.com.ar\\\/wp-content\\\/uploads\\\/2026\\\/03\\\/HDZPUSBODJB45MAAKMKGB6PPHI-I9UYer.jpg\",\"datePublished\":\"2026-03-05T06:42:30+00:00\",\"breadcrumb\":{\"@id\":\"https:\\\/\\\/impactocastex.com.ar\\\/?p=12570#breadcrumb\"},\"inLanguage\":\"es\",\"potentialAction\":[{\"@type\":\"ReadAction\",\"target\":[\"https:\\\/\\\/impactocastex.com.ar\\\/?p=12570\"]}]},{\"@type\":\"ImageObject\",\"inLanguage\":\"es\",\"@id\":\"https:\\\/\\\/impactocastex.com.ar\\\/?p=12570#primaryimage\",\"url\":\"https:\\\/\\\/impactocastex.com.ar\\\/wp-content\\\/uploads\\\/2026\\\/03\\\/HDZPUSBODJB45MAAKMKGB6PPHI-I9UYer.jpg\",\"contentUrl\":\"https:\\\/\\\/impactocastex.com.ar\\\/wp-content\\\/uploads\\\/2026\\\/03\\\/HDZPUSBODJB45MAAKMKGB6PPHI-I9UYer.jpg\",\"width\":1920,\"height\":1080},{\"@type\":\"BreadcrumbList\",\"@id\":\"https:\\\/\\\/impactocastex.com.ar\\\/?p=12570#breadcrumb\",\"itemListElement\":[{\"@type\":\"ListItem\",\"position\":1,\"name\":\"Portada\",\"item\":\"https:\\\/\\\/impactocastex.com.ar\\\/\"},{\"@type\":\"ListItem\",\"position\":2,\"name\":\"En respuesta a las cr\u00edticas del Gobierno, la UIA reporta ca\u00eddas en la producci\u00f3n industrial y en las ventas en m\u00e1s del 50% del sector\"}]},{\"@type\":\"WebSite\",\"@id\":\"https:\\\/\\\/impactocastex.com.ar\\\/#website\",\"url\":\"https:\\\/\\\/impactocastex.com.ar\\\/\",\"name\":\"Impacto Castex\",\"description\":\"\",\"publisher\":{\"@id\":\"https:\\\/\\\/impactocastex.com.ar\\\/#organization\"},\"potentialAction\":[{\"@type\":\"SearchAction\",\"target\":{\"@type\":\"EntryPoint\",\"urlTemplate\":\"https:\\\/\\\/impactocastex.com.ar\\\/?s={search_term_string}\"},\"query-input\":{\"@type\":\"PropertyValueSpecification\",\"valueRequired\":true,\"valueName\":\"search_term_string\"}}],\"inLanguage\":\"es\"},{\"@type\":\"Organization\",\"@id\":\"https:\\\/\\\/impactocastex.com.ar\\\/#organization\",\"name\":\"Impacto Castex\",\"url\":\"https:\\\/\\\/impactocastex.com.ar\\\/\",\"logo\":{\"@type\":\"ImageObject\",\"inLanguage\":\"es\",\"@id\":\"https:\\\/\\\/impactocastex.com.ar\\\/#\\\/schema\\\/logo\\\/image\\\/\",\"url\":\"https:\\\/\\\/impactocastex.com.ar\\\/wp-content\\\/uploads\\\/2025\\\/09\\\/cropped-icoweb.png\",\"contentUrl\":\"https:\\\/\\\/impactocastex.com.ar\\\/wp-content\\\/uploads\\\/2025\\\/09\\\/cropped-icoweb.png\",\"width\":512,\"height\":512,\"caption\":\"Impacto Castex\"},\"image\":{\"@id\":\"https:\\\/\\\/impactocastex.com.ar\\\/#\\\/schema\\\/logo\\\/image\\\/\"},\"sameAs\":[\"https:\\\/\\\/www.facebook.com\\\/impactocastexdiario\",\"https:\\\/\\\/www.instagram.com\\\/impactocastex.com.ar\\\/\"]},{\"@type\":\"Person\",\"@id\":\"https:\\\/\\\/impactocastex.com.ar\\\/#\\\/schema\\\/person\\\/86cb4f827fb5f87869a239b98a69c6e3\",\"name\":\"impactocastex\",\"image\":{\"@type\":\"ImageObject\",\"inLanguage\":\"es\",\"@id\":\"https:\\\/\\\/secure.gravatar.com\\\/avatar\\\/9a87ee051ca8c77f5d4070843ce2c78cdf95b858b950fb039151de955122f5f5?s=96&d=mm&r=g\",\"url\":\"https:\\\/\\\/secure.gravatar.com\\\/avatar\\\/9a87ee051ca8c77f5d4070843ce2c78cdf95b858b950fb039151de955122f5f5?s=96&d=mm&r=g\",\"contentUrl\":\"https:\\\/\\\/secure.gravatar.com\\\/avatar\\\/9a87ee051ca8c77f5d4070843ce2c78cdf95b858b950fb039151de955122f5f5?s=96&d=mm&r=g\",\"caption\":\"impactocastex\"},\"sameAs\":[\"https:\\\/\\\/impactocastex.com.ar\"],\"url\":\"https:\\\/\\\/impactocastex.com.ar\\\/?author=1\"}]}<\/script>\n<!-- \/ Yoast SEO plugin. -->","yoast_head_json":{"title":"En respuesta a las cr\u00edticas del Gobierno, la UIA reporta ca\u00eddas en la producci\u00f3n industrial y en las ventas en m\u00e1s del 50% del sector -","robots":{"index":"index","follow":"follow","max-snippet":"max-snippet:-1","max-image-preview":"max-image-preview:large","max-video-preview":"max-video-preview:-1"},"canonical":"https:\/\/impactocastex.com.ar\/?p=12570","og_locale":"es_ES","og_type":"article","og_title":"En respuesta a las cr\u00edticas del Gobierno, la UIA reporta ca\u00eddas en la producci\u00f3n industrial y en las ventas en m\u00e1s del 50% del sector -","og_description":"La Uni\u00f3n Industrial Argentina (UIA) inform\u00f3 que el nivel de producci\u00f3n industrial y las ventas...","og_url":"https:\/\/impactocastex.com.ar\/?p=12570","article_publisher":"https:\/\/www.facebook.com\/impactocastexdiario","article_published_time":"2026-03-05T06:42:30+00:00","og_image":[{"url":"https:\/\/resizer.glanacion.com\/resizer\/v2\/RNQ5MCADLVCAZNG53PRIWB7K6I.jpg?auth=bd03ca5ae48826f1cc468d97d16cae80ec2e055ed78d25b2d9380e54e7a3ee4d&amp;smart=true&amp;width=1920&amp;height=1080","type":"","width":"","height":""}],"author":"impactocastex","twitter_card":"summary_large_image","twitter_misc":{"Escrito por":"impactocastex","Tiempo de lectura":"3 minutos"},"schema":{"@context":"https:\/\/schema.org","@graph":[{"@type":"Article","@id":"https:\/\/impactocastex.com.ar\/?p=12570#article","isPartOf":{"@id":"https:\/\/impactocastex.com.ar\/?p=12570"},"author":{"name":"impactocastex","@id":"https:\/\/impactocastex.com.ar\/#\/schema\/person\/86cb4f827fb5f87869a239b98a69c6e3"},"headline":"En respuesta a las cr\u00edticas del Gobierno, la UIA reporta ca\u00eddas en la producci\u00f3n industrial y en las ventas en m\u00e1s del 50% del sector","datePublished":"2026-03-05T06:42:30+00:00","mainEntityOfPage":{"@id":"https:\/\/impactocastex.com.ar\/?p=12570"},"wordCount":569,"publisher":{"@id":"https:\/\/impactocastex.com.ar\/#organization"},"image":{"@id":"https:\/\/impactocastex.com.ar\/?p=12570#primaryimage"},"thumbnailUrl":"https:\/\/impactocastex.com.ar\/wp-content\/uploads\/2026\/03\/HDZPUSBODJB45MAAKMKGB6PPHI-I9UYer.jpg","articleSection":["NACIONALES"],"inLanguage":"es"},{"@type":"WebPage","@id":"https:\/\/impactocastex.com.ar\/?p=12570","url":"https:\/\/impactocastex.com.ar\/?p=12570","name":"En respuesta a las cr\u00edticas del Gobierno, la UIA reporta ca\u00eddas en la producci\u00f3n industrial y en las ventas en m\u00e1s del 50% del sector -","isPartOf":{"@id":"https:\/\/impactocastex.com.ar\/#website"},"primaryImageOfPage":{"@id":"https:\/\/impactocastex.com.ar\/?p=12570#primaryimage"},"image":{"@id":"https:\/\/impactocastex.com.ar\/?p=12570#primaryimage"},"thumbnailUrl":"https:\/\/impactocastex.com.ar\/wp-content\/uploads\/2026\/03\/HDZPUSBODJB45MAAKMKGB6PPHI-I9UYer.jpg","datePublished":"2026-03-05T06:42:30+00:00","breadcrumb":{"@id":"https:\/\/impactocastex.com.ar\/?p=12570#breadcrumb"},"inLanguage":"es","potentialAction":[{"@type":"ReadAction","target":["https:\/\/impactocastex.com.ar\/?p=12570"]}]},{"@type":"ImageObject","inLanguage":"es","@id":"https:\/\/impactocastex.com.ar\/?p=12570#primaryimage","url":"https:\/\/impactocastex.com.ar\/wp-content\/uploads\/2026\/03\/HDZPUSBODJB45MAAKMKGB6PPHI-I9UYer.jpg","contentUrl":"https:\/\/impactocastex.com.ar\/wp-content\/uploads\/2026\/03\/HDZPUSBODJB45MAAKMKGB6PPHI-I9UYer.jpg","width":1920,"height":1080},{"@type":"BreadcrumbList","@id":"https:\/\/impactocastex.com.ar\/?p=12570#breadcrumb","itemListElement":[{"@type":"ListItem","position":1,"name":"Portada","item":"https:\/\/impactocastex.com.ar\/"},{"@type":"ListItem","position":2,"name":"En respuesta a las cr\u00edticas del Gobierno, la UIA reporta ca\u00eddas en la producci\u00f3n industrial y en las ventas en m\u00e1s del 50% del sector"}]},{"@type":"WebSite","@id":"https:\/\/impactocastex.com.ar\/#website","url":"https:\/\/impactocastex.com.ar\/","name":"Impacto Castex","description":"","publisher":{"@id":"https:\/\/impactocastex.com.ar\/#organization"},"potentialAction":[{"@type":"SearchAction","target":{"@type":"EntryPoint","urlTemplate":"https:\/\/impactocastex.com.ar\/?s={search_term_string}"},"query-input":{"@type":"PropertyValueSpecification","valueRequired":true,"valueName":"search_term_string"}}],"inLanguage":"es"},{"@type":"Organization","@id":"https:\/\/impactocastex.com.ar\/#organization","name":"Impacto Castex","url":"https:\/\/impactocastex.com.ar\/","logo":{"@type":"ImageObject","inLanguage":"es","@id":"https:\/\/impactocastex.com.ar\/#\/schema\/logo\/image\/","url":"https:\/\/impactocastex.com.ar\/wp-content\/uploads\/2025\/09\/cropped-icoweb.png","contentUrl":"https:\/\/impactocastex.com.ar\/wp-content\/uploads\/2025\/09\/cropped-icoweb.png","width":512,"height":512,"caption":"Impacto Castex"},"image":{"@id":"https:\/\/impactocastex.com.ar\/#\/schema\/logo\/image\/"},"sameAs":["https:\/\/www.facebook.com\/impactocastexdiario","https:\/\/www.instagram.com\/impactocastex.com.ar\/"]},{"@type":"Person","@id":"https:\/\/impactocastex.com.ar\/#\/schema\/person\/86cb4f827fb5f87869a239b98a69c6e3","name":"impactocastex","image":{"@type":"ImageObject","inLanguage":"es","@id":"https:\/\/secure.gravatar.com\/avatar\/9a87ee051ca8c77f5d4070843ce2c78cdf95b858b950fb039151de955122f5f5?s=96&d=mm&r=g","url":"https:\/\/secure.gravatar.com\/avatar\/9a87ee051ca8c77f5d4070843ce2c78cdf95b858b950fb039151de955122f5f5?s=96&d=mm&r=g","contentUrl":"https:\/\/secure.gravatar.com\/avatar\/9a87ee051ca8c77f5d4070843ce2c78cdf95b858b950fb039151de955122f5f5?s=96&d=mm&r=g","caption":"impactocastex"},"sameAs":["https:\/\/impactocastex.com.ar"],"url":"https:\/\/impactocastex.com.ar\/?author=1"}]}},"jetpack_publicize_connections":[],"featured_image_urls":{"full":["https:\/\/impactocastex.com.ar\/wp-content\/uploads\/2026\/03\/HDZPUSBODJB45MAAKMKGB6PPHI-I9UYer.jpg",1920,1080,false],"thumbnail":["https:\/\/impactocastex.com.ar\/wp-content\/uploads\/2026\/03\/HDZPUSBODJB45MAAKMKGB6PPHI-I9UYer-150x150.jpg",150,150,true],"medium":["https:\/\/impactocastex.com.ar\/wp-content\/uploads\/2026\/03\/HDZPUSBODJB45MAAKMKGB6PPHI-I9UYer-300x169.jpg",300,169,true],"medium_large":["https:\/\/impactocastex.com.ar\/wp-content\/uploads\/2026\/03\/HDZPUSBODJB45MAAKMKGB6PPHI-I9UYer-768x432.jpg",640,360,true],"large":["https:\/\/impactocastex.com.ar\/wp-content\/uploads\/2026\/03\/HDZPUSBODJB45MAAKMKGB6PPHI-I9UYer-1024x576.jpg",640,360,true],"1536x1536":["https:\/\/impactocastex.com.ar\/wp-content\/uploads\/2026\/03\/HDZPUSBODJB45MAAKMKGB6PPHI-I9UYer-1536x864.jpg",1536,864,true],"2048x2048":["https:\/\/impactocastex.com.ar\/wp-content\/uploads\/2026\/03\/HDZPUSBODJB45MAAKMKGB6PPHI-I9UYer.jpg",1920,1080,false],"newsever-slider-full":["https:\/\/impactocastex.com.ar\/wp-content\/uploads\/2026\/03\/HDZPUSBODJB45MAAKMKGB6PPHI-I9UYer-1280x845.jpg",1280,845,true],"newsever-featured":["https:\/\/impactocastex.com.ar\/wp-content\/uploads\/2026\/03\/HDZPUSBODJB45MAAKMKGB6PPHI-I9UYer-1024x576.jpg",1024,576,true],"newsever-medium":["https:\/\/impactocastex.com.ar\/wp-content\/uploads\/2026\/03\/HDZPUSBODJB45MAAKMKGB6PPHI-I9UYer-720x475.jpg",720,475,true]},"author_info":{"info":["impactocastex"]},"category_info":"<a href=\"https:\/\/impactocastex.com.ar\/?cat=89\" rel=\"category\">NACIONALES<\/a>","tag_info":"NACIONALES","comment_count":0,"jetpack_featured_media_url":"https:\/\/impactocastex.com.ar\/wp-content\/uploads\/2026\/03\/HDZPUSBODJB45MAAKMKGB6PPHI-I9UYer.jpg","jetpack_sharing_enabled":true,"jetpack_likes_enabled":true,"jetpack_shortlink":"https:\/\/wp.me\/p7sopA-3gK","_links":{"self":[{"href":"https:\/\/impactocastex.com.ar\/index.php?rest_route=\/wp\/v2\/posts\/12570","targetHints":{"allow":["GET"]}}],"collection":[{"href":"https:\/\/impactocastex.com.ar\/index.php?rest_route=\/wp\/v2\/posts"}],"about":[{"href":"https:\/\/impactocastex.com.ar\/index.php?rest_route=\/wp\/v2\/types\/post"}],"author":[{"embeddable":true,"href":"https:\/\/impactocastex.com.ar\/index.php?rest_route=\/wp\/v2\/users\/1"}],"replies":[{"embeddable":true,"href":"https:\/\/impactocastex.com.ar\/index.php?rest_route=%2Fwp%2Fv2%2Fcomments&post=12570"}],"version-history":[{"count":0,"href":"https:\/\/impactocastex.com.ar\/index.php?rest_route=\/wp\/v2\/posts\/12570\/revisions"}],"wp:featuredmedia":[{"embeddable":true,"href":"https:\/\/impactocastex.com.ar\/index.php?rest_route=\/wp\/v2\/media\/12571"}],"wp:attachment":[{"href":"https:\/\/impactocastex.com.ar\/index.php?rest_route=%2Fwp%2Fv2%2Fmedia&parent=12570"}],"wp:term":[{"taxonomy":"category","embeddable":true,"href":"https:\/\/impactocastex.com.ar\/index.php?rest_route=%2Fwp%2Fv2%2Fcategories&post=12570"},{"taxonomy":"post_tag","embeddable":true,"href":"https:\/\/impactocastex.com.ar\/index.php?rest_route=%2Fwp%2Fv2%2Ftags&post=12570"}],"curies":[{"name":"wp","href":"https:\/\/api.w.org\/{rel}","templated":true}]}}