{"id":12568,"date":"2026-03-05T03:43:03","date_gmt":"2026-03-05T06:43:03","guid":{"rendered":"https:\/\/impactocastex.com.ar\/?p=12568"},"modified":"2026-03-05T03:43:03","modified_gmt":"2026-03-05T06:43:03","slug":"que-hay-detras-de-la-inesperada-guerra-contra-los-empresarios","status":"publish","type":"post","link":"https:\/\/impactocastex.com.ar\/?p=12568","title":{"rendered":"Qu\u00e9 hay detr\u00e1s de la inesperada guerra contra los empresarios"},"content":{"rendered":"<p>\u00bfLe importa a Javier Milei el cierre de Fate? \u00bfSinti\u00f3 el Presidente el golpe cuando la f\u00e1brica de Whirlpool clausur\u00f3 sus puertas en noviembre? Entre un caso y otro, pas\u00f3 algo. \u00bfAntes no importaba y ahora s\u00ed? Hay una nueva realidad. Se profundiz\u00f3 un vuelco en el humor social que el Presidente lee muy bien: analistas indican que se <b>creci\u00f3 entre los argentinos la incertidumbre sobre el futuro de la actividad econ\u00f3mica \u2013el empleo y el salario- por encima de aquella sobre los precios,<\/b> la principal bandera ganadora de Milei. <\/p>\n<p>Entre un momento y otro, tambi\u00e9n el discurso oficial sufri\u00f3 un cambio sutil. Pas\u00f3 de centrarse en la eficiencia econ\u00f3mica a focalizar valores morales. El modelo superior dej\u00f3 de ensalsarse para poner el foco en empresarios \u201cdelincuentes\u201d. Uno de los manuales de Giuliano De Empoli, el Mago del Kremlin, ese que suele consultar el asesor presidencial Santiago Caputo, recomienda no intentar enamorar a los seguidores (en este caso, con un modelo aperturista y sus virtudes), sino \u2013conociendo que la bronca revuelve las tripas en la pol\u00edtica- <b>encausar el enojo en la sociedad (contra quienes cierran sus empresas hoy). <\/b><\/p>\n<p>De esta manera, se pusieron a un costado los beneficios de la baja de precios que generan las importaciones de bienes y se pas\u00f3 a apuntar contra empresarios privados porque \u201cest\u00e1 moralmente est\u00e1 mal ponerte de acuerdo con un pol\u00edtico chorro\u201d para obligar a comprar a la gente algo de mejor calidad a menor precio. <b>El jurista romano Domicio Ulpiano desbanc\u00f3 desde Davos al adorado austr\u00edaco Von Mises.<\/b> <\/p>\n<p>Una ilustraci\u00f3n m\u00e1s del cambio de foco llega del pasado. El Milei candidato criticaba al kirchnerismo que individualizaba en \u201cempresarios malos\u201d a los creadores de la inflaci\u00f3n. El Presidente pregon\u00f3 entonces que el problema era el modelo, el sistema, al que se acog\u00edan los \u201cdegenerados fiscales\u201d (la casta pol\u00edtica). En su primera presentaci\u00f3n de medidas a fines de 2023, el ministro de Econom\u00eda, Luis Caputo, dijo que los problemas de la inflaci\u00f3n, la deuda y el d\u00f3lar ten\u00edan que ver con la incapacidad hist\u00f3rica de los pol\u00edticos de gastar menos dinero del que ingresa a las arcas (el equilibrio fiscal). Eso se solucionaba con deuda o inflaci\u00f3n. \u201cLa inflaci\u00f3n es siempre y en todo lugar un fen\u00f3meno monetario\u201d, dijo hist\u00f3ricamente Milei sacando de la ecuaci\u00f3n por los aumentos generalizados de precios a los empresarios. <\/p>\n<p><b>Al explicar la crisis de Whirlpool meses atr\u00e1s, el oficialismo hizo alusi\u00f3n a la eficiencia econ\u00f3mica citando a Von Misses, para qui\u00e9n las crisis responden a inversiones \u201cmal orientadas en el pasado\u201d por el Estado y terminan en \u201crecesiones necesarias\u201d. <\/b>El Presidente destac\u00f3 ese axioma en contraposici\u00f3n al denostado \u2013por \u00e9l- que pregon\u00f3 Keynes. El ministro de Econom\u00eda lo reafirm\u00f3, a su manera, en septiembre del a\u00f1o pasado en el abandonado <i>streaming<\/i> de Carajo. <b>All\u00ed dijo que las empresas que hayan sobrevivido gracias a las \u201cdistorsiones\u201d del pasado son las que sufrir\u00e1n en el actual modelo econ\u00f3mico. <\/b><\/p>\n<p>El cierre de Fate se da en un contexto que preocupa a Casa Rosada. El principal problema que afecta a los argentinos, seg\u00fan la hist\u00f3rica encuesta que repite con asiduidad la consultora Synopsis (Lucas Romero), <b>es el desempleo (28,6%);<\/b> luego aparecen la corrupci\u00f3n (26,2%) y la inflaci\u00f3n (15,9%). Los datos del SIPA \u2013el empleo registrado- muestran una ca\u00edda en los \u00faltimos meses, pero el desempleo en la Argentina no es un drama similar al 2001, seg\u00fan los propios datos del Indec (baj\u00f3 a 6,6% en el tercer trimestre de 2025). <b>Sin embargo, en la encuesta coyuntural \u2013no ya la hist\u00f3rica-, Romero detect\u00f3 otro problema que se destaca sobre todos: los bajos salarios (44,9%). La falta de empleo, en esa coyuntura, aparece segunda (17,4%).<\/b><\/p>\n<p><img loading=\"lazy\" decoding=\"async\" src=\"https:\/\/resizer.glanacion.com\/resizer\/v2\/C5TYVX3XM5HUNOQXMTOLG5COFE.JPG?auth=59983d63922ead8d6ff0963acf2bb1c424ba520b98971ad5c5384f9bc3eb66e2&amp;smart=true&amp;width=2000&amp;height=1333\" alt=\"Trabajadores de Fate junto a otras organizaciones sociales marcharon a la Secretar\u00eda de Trabajo en Alem 650, la polic\u00eda desaloj\u00f3 a los manifestantes y hubo enfrentamiento y gases lacrim\u00f3genos\" height=\"1333\" width=\"2000\" \/><\/p>\n<h1>Qu\u00e9 tiene Milei en la cabeza <\/h1>\n<p>Desde su visita a Davos, el Presidente pregona a Ulpiano. Dice que para tomar decisiones aparecen primero los valores \u00e9ticos y morales, despu\u00e9s reci\u00e9n la eficiencia econ\u00f3mica y detr\u00e1s el utilitarismo pol\u00edtico. <b>\u201cLas decisiones se toman en base a lo que es justo\u201d, <\/b>lo escuchan en los pasillos de Casa Rosada. Pone nombres y apellidos. El problema, suele repetir, con lo de (Paolo) Rocca y (Javier) Madanes Quintanilla es que \u201cest\u00e1 moralmente mal ponerte de acuerdo con un pol\u00edtico chorro para prohibir\u201d. Seg\u00fan el primer mandatario, trae consecuencias: recorte de libertad, trato desigual ante la ley y robo de la propiedad privada. Las reacciones de tales actos crean, seg\u00fan lo que piensa, pol\u00edticos corruputos, empresarios ricos y <b>\u201csalarios de mierda\u201d. <\/b><\/p>\n<p>Con ese trasfondo, tras el cierre de Fate, intent\u00f3 <b>canalizar su bronca \u2013y la de la sociedad ante la incertidumbre- hacia los empresarios en su discurso en el Congreso. <\/b>\u201c\u00bfO acaso les parece normal pagar la tonelada de tubo de acero US$4000, cuando se paga US$1400; y que si no se accede a dicho capricho, se amenaza con adelantar el pago de dividendos para intentar poner en jaque al mercado de cambios? (&#8230;) \u201c\u00bfO acaso les parece bien pagar los neum\u00e1ticos tres o cuatro veces m\u00e1s caros, contra la extorsi\u00f3n de tirar 920 trabajadores a la calle, mientras se negocia la protecci\u00f3n para el sector del aluminio?\u201d (&#8230;) \u201c\u00bfO acaso les parece bien pagar una remera b\u00e1sica 50 d\u00f3lares, cuando la importada cuesta 5?\u201d, dispar\u00f3 sus misiles.<\/p>\n<p><img loading=\"lazy\" decoding=\"async\" src=\"https:\/\/resizer.glanacion.com\/resizer\/v2\/DJRVJYW3X5EGPN7XZEZIQTCZ2I.jpg?auth=00348fd4d10ced88c0b757ed287b004190d6659f6de62f189bd4e70c3054dcf9&amp;smart=true&amp;width=2000&amp;height=1333\" alt=\"Milei Rocca\" height=\"1333\" width=\"2000\" \/><\/p>\n<p>A los d\u00edas, los empresarios contestaron. Desde la Asociaci\u00f3n Empresaria Argentina (AEA) y la Uni\u00f3n Industrial Argentina (UIA), entidades en las que Rocca pisa fuerte, escribieron: <b>\u201cEs importante se\u00f1alar que el empresario argentino no dise\u00f1\u00f3 el marco econ\u00f3mico previo ni es responsable de las distorsiones estructurales acumuladas durante d\u00e9cadas\u201d<\/b>. En ambas c\u00e1maras pidieron \u201crespeto\u201d y condiciones para invertir (equilibrar la cancha frente a los importados). Las inversiones-el combustible del que depende el crecimiento y que el Gobierno necesita- depende de estas empresas. <\/p>\n<p><b>Una encuesta de la UIA, publicada a horas del comunicado, dijo que el 46,1% de los industriales identific\u00f3 a la ca\u00edda de la demanda interna como su principal problema. Responde a menos ingresos y se suma a otra causa: \u201cLa dificultad para competir con bienes importados pas\u00f3 de no registrar menciones en octubre de 2024 a representar el 19,4% en enero de 2026\u201d. <\/b><\/p>\n<p>\u201cEn cuanto a las ventas internas, el 54,7% de las empresas report\u00f3 bajas -el tercer valor mas elevado de la serie-, mientras que solo el 13,3% registro aumentos\u201d, dijo la UIA y cerr\u00f3: \u201cEn empleo, el 22,2% de las empresas registro ca\u00eddas. Entre ellas, la mitad recurri\u00f3 a la reducci\u00f3n de personal ante la menor actividad, el 41,4% redujo turnos y el 22,9% implement\u00f3 suspensiones. Para 2026, son m\u00e1s los que prev\u00e9n reducir trabajadores que los que contratar\u00e1n.<\/p>\n<p>\u00bfHay culpa empresaria? Cerrar una empresa pagando indemnizaciones es una tragedia para trabajadores y empresarios si sus inversores no encuentran la capacidad para adaptarse a otro modelo que requiere otro nivel de competitividad. Pero es legal en un pa\u00eds libre, como el del Presidente, y en una econom\u00eda de mercado. <b>\u00bfHubo \u201cextorsi\u00f3n\u201d en los casos que molestaron a Casa Rosada?<\/b> No hay denuncias ni las habr\u00e1 porque, dijo Milei en una entrevista, no hay registros. Es la palabra de uno contra la del otro. S\u00f3lo quienes bailan el tango -entre funcionarios y empresarios- del hist\u00f3rico lobby argentino lo saben. La buena noticia: <b>en su discurso del domingo, el Presidente mencion\u00f3 la ley de financiamiento de partidos pol\u00edticos.<\/b> <\/p>\n<p>Crece cada vez m\u00e1s la preocupaci\u00f3n entre empresarios argentinos por la reacci\u00f3n de un Gobierno del cual destacan la estabilizaci\u00f3n, la baja de la inflaci\u00f3n, del gasto y de la presi\u00f3n tributaria. Cuando hablan los comunicados y callan los due\u00f1os, el clima de inversiones se resiente. <\/p>\n<p>Buscando paralelismos, uno record\u00f3 en <i>off the record<\/i>, que Axel Kicillof dijo como viceministro de Econom\u00eda en 2012 que \u201chabr\u00eda que fundir al se\u00f1or Rocca\u201d. Los problemas argentinos de hoy unificaron las formas; tambi\u00e9n los enemigos elegidos, m\u00e1s all\u00e1 de los diferentes modelos propuestos. Uno, el de Kicillof, que fue proempresa -un capitalismo de amigos, lo llamar\u00edan sus cr\u00edticos-; otro, el de Milei, autopercibido como promercado o \u201ccruel\u201d, como califican sus opositores. <\/p>\n<p>\u200bEl Gobierno apunta contra los empresarios en medio del crecimiento de la preocupaci\u00f3n por la econom\u00eda\u00a0\u00a0<\/p>","protected":false},"excerpt":{"rendered":"<p>\u00bfLe importa a Javier Milei el cierre de Fate? \u00bfSinti\u00f3 el Presidente el golpe cuando&#8230;<\/p>\n","protected":false},"author":1,"featured_media":12569,"comment_status":"closed","ping_status":"closed","sticky":false,"template":"","format":"standard","meta":{"_jetpack_memberships_contains_paid_content":false,"footnotes":"","jetpack_publicize_message":"","jetpack_publicize_feature_enabled":true,"jetpack_social_post_already_shared":true,"jetpack_social_options":{"image_generator_settings":{"template":"highway","default_image_id":0,"font":"","enabled":false},"version":2}},"categories":[89],"tags":[],"class_list":["post-12568","post","type-post","status-publish","format-standard","has-post-thumbnail","hentry","category-nacionales"],"yoast_head":"<!-- This site is optimized with the Yoast SEO plugin v27.4 - https:\/\/yoast.com\/product\/yoast-seo-wordpress\/ -->\n<title>Qu\u00e9 hay detr\u00e1s de la inesperada guerra contra los empresarios -<\/title>\n<meta name=\"robots\" content=\"index, follow, max-snippet:-1, max-image-preview:large, max-video-preview:-1\" \/>\n<link rel=\"canonical\" href=\"https:\/\/impactocastex.com.ar\/?p=12568\" \/>\n<meta property=\"og:locale\" content=\"es_ES\" \/>\n<meta property=\"og:type\" content=\"article\" \/>\n<meta property=\"og:title\" content=\"Qu\u00e9 hay detr\u00e1s de la inesperada guerra contra los empresarios -\" \/>\n<meta property=\"og:description\" content=\"\u00bfLe importa a Javier Milei el cierre de Fate? \u00bfSinti\u00f3 el Presidente el golpe cuando...\" \/>\n<meta property=\"og:url\" content=\"https:\/\/impactocastex.com.ar\/?p=12568\" \/>\n<meta property=\"article:publisher\" content=\"https:\/\/www.facebook.com\/impactocastexdiario\" \/>\n<meta property=\"article:published_time\" content=\"2026-03-05T06:43:03+00:00\" \/>\n<meta property=\"og:image\" content=\"https:\/\/resizer.glanacion.com\/resizer\/v2\/C5TYVX3XM5HUNOQXMTOLG5COFE.JPG?auth=59983d63922ead8d6ff0963acf2bb1c424ba520b98971ad5c5384f9bc3eb66e2&amp;smart=true&amp;width=2000&amp;height=1333\" \/>\n<meta name=\"author\" content=\"impactocastex\" \/>\n<meta name=\"twitter:card\" content=\"summary_large_image\" \/>\n<meta name=\"twitter:label1\" content=\"Escrito por\" \/>\n\t<meta name=\"twitter:data1\" content=\"impactocastex\" \/>\n\t<meta name=\"twitter:label2\" content=\"Tiempo de lectura\" \/>\n\t<meta name=\"twitter:data2\" content=\"7 minutos\" \/>\n<script type=\"application\/ld+json\" class=\"yoast-schema-graph\">{\"@context\":\"https:\\\/\\\/schema.org\",\"@graph\":[{\"@type\":\"Article\",\"@id\":\"https:\\\/\\\/impactocastex.com.ar\\\/?p=12568#article\",\"isPartOf\":{\"@id\":\"https:\\\/\\\/impactocastex.com.ar\\\/?p=12568\"},\"author\":{\"name\":\"impactocastex\",\"@id\":\"https:\\\/\\\/impactocastex.com.ar\\\/#\\\/schema\\\/person\\\/86cb4f827fb5f87869a239b98a69c6e3\"},\"headline\":\"Qu\u00e9 hay detr\u00e1s de la inesperada guerra contra los empresarios\",\"datePublished\":\"2026-03-05T06:43:03+00:00\",\"mainEntityOfPage\":{\"@id\":\"https:\\\/\\\/impactocastex.com.ar\\\/?p=12568\"},\"wordCount\":1413,\"publisher\":{\"@id\":\"https:\\\/\\\/impactocastex.com.ar\\\/#organization\"},\"image\":{\"@id\":\"https:\\\/\\\/impactocastex.com.ar\\\/?p=12568#primaryimage\"},\"thumbnailUrl\":\"https:\\\/\\\/impactocastex.com.ar\\\/wp-content\\\/uploads\\\/2026\\\/03\\\/VFNNAEVUSRBJJEUIRT5HCEZBEY-ZdH4Yq.jpg\",\"articleSection\":[\"NACIONALES\"],\"inLanguage\":\"es\"},{\"@type\":\"WebPage\",\"@id\":\"https:\\\/\\\/impactocastex.com.ar\\\/?p=12568\",\"url\":\"https:\\\/\\\/impactocastex.com.ar\\\/?p=12568\",\"name\":\"Qu\u00e9 hay detr\u00e1s de la inesperada guerra contra los empresarios -\",\"isPartOf\":{\"@id\":\"https:\\\/\\\/impactocastex.com.ar\\\/#website\"},\"primaryImageOfPage\":{\"@id\":\"https:\\\/\\\/impactocastex.com.ar\\\/?p=12568#primaryimage\"},\"image\":{\"@id\":\"https:\\\/\\\/impactocastex.com.ar\\\/?p=12568#primaryimage\"},\"thumbnailUrl\":\"https:\\\/\\\/impactocastex.com.ar\\\/wp-content\\\/uploads\\\/2026\\\/03\\\/VFNNAEVUSRBJJEUIRT5HCEZBEY-ZdH4Yq.jpg\",\"datePublished\":\"2026-03-05T06:43:03+00:00\",\"breadcrumb\":{\"@id\":\"https:\\\/\\\/impactocastex.com.ar\\\/?p=12568#breadcrumb\"},\"inLanguage\":\"es\",\"potentialAction\":[{\"@type\":\"ReadAction\",\"target\":[\"https:\\\/\\\/impactocastex.com.ar\\\/?p=12568\"]}]},{\"@type\":\"ImageObject\",\"inLanguage\":\"es\",\"@id\":\"https:\\\/\\\/impactocastex.com.ar\\\/?p=12568#primaryimage\",\"url\":\"https:\\\/\\\/impactocastex.com.ar\\\/wp-content\\\/uploads\\\/2026\\\/03\\\/VFNNAEVUSRBJJEUIRT5HCEZBEY-ZdH4Yq.jpg\",\"contentUrl\":\"https:\\\/\\\/impactocastex.com.ar\\\/wp-content\\\/uploads\\\/2026\\\/03\\\/VFNNAEVUSRBJJEUIRT5HCEZBEY-ZdH4Yq.jpg\",\"width\":1280,\"height\":854},{\"@type\":\"BreadcrumbList\",\"@id\":\"https:\\\/\\\/impactocastex.com.ar\\\/?p=12568#breadcrumb\",\"itemListElement\":[{\"@type\":\"ListItem\",\"position\":1,\"name\":\"Portada\",\"item\":\"https:\\\/\\\/impactocastex.com.ar\\\/\"},{\"@type\":\"ListItem\",\"position\":2,\"name\":\"Qu\u00e9 hay detr\u00e1s de la inesperada guerra contra los empresarios\"}]},{\"@type\":\"WebSite\",\"@id\":\"https:\\\/\\\/impactocastex.com.ar\\\/#website\",\"url\":\"https:\\\/\\\/impactocastex.com.ar\\\/\",\"name\":\"Impacto Castex\",\"description\":\"\",\"publisher\":{\"@id\":\"https:\\\/\\\/impactocastex.com.ar\\\/#organization\"},\"potentialAction\":[{\"@type\":\"SearchAction\",\"target\":{\"@type\":\"EntryPoint\",\"urlTemplate\":\"https:\\\/\\\/impactocastex.com.ar\\\/?s={search_term_string}\"},\"query-input\":{\"@type\":\"PropertyValueSpecification\",\"valueRequired\":true,\"valueName\":\"search_term_string\"}}],\"inLanguage\":\"es\"},{\"@type\":\"Organization\",\"@id\":\"https:\\\/\\\/impactocastex.com.ar\\\/#organization\",\"name\":\"Impacto Castex\",\"url\":\"https:\\\/\\\/impactocastex.com.ar\\\/\",\"logo\":{\"@type\":\"ImageObject\",\"inLanguage\":\"es\",\"@id\":\"https:\\\/\\\/impactocastex.com.ar\\\/#\\\/schema\\\/logo\\\/image\\\/\",\"url\":\"https:\\\/\\\/impactocastex.com.ar\\\/wp-content\\\/uploads\\\/2025\\\/09\\\/cropped-icoweb.png\",\"contentUrl\":\"https:\\\/\\\/impactocastex.com.ar\\\/wp-content\\\/uploads\\\/2025\\\/09\\\/cropped-icoweb.png\",\"width\":512,\"height\":512,\"caption\":\"Impacto Castex\"},\"image\":{\"@id\":\"https:\\\/\\\/impactocastex.com.ar\\\/#\\\/schema\\\/logo\\\/image\\\/\"},\"sameAs\":[\"https:\\\/\\\/www.facebook.com\\\/impactocastexdiario\",\"https:\\\/\\\/www.instagram.com\\\/impactocastex.com.ar\\\/\"]},{\"@type\":\"Person\",\"@id\":\"https:\\\/\\\/impactocastex.com.ar\\\/#\\\/schema\\\/person\\\/86cb4f827fb5f87869a239b98a69c6e3\",\"name\":\"impactocastex\",\"image\":{\"@type\":\"ImageObject\",\"inLanguage\":\"es\",\"@id\":\"https:\\\/\\\/secure.gravatar.com\\\/avatar\\\/9a87ee051ca8c77f5d4070843ce2c78cdf95b858b950fb039151de955122f5f5?s=96&d=mm&r=g\",\"url\":\"https:\\\/\\\/secure.gravatar.com\\\/avatar\\\/9a87ee051ca8c77f5d4070843ce2c78cdf95b858b950fb039151de955122f5f5?s=96&d=mm&r=g\",\"contentUrl\":\"https:\\\/\\\/secure.gravatar.com\\\/avatar\\\/9a87ee051ca8c77f5d4070843ce2c78cdf95b858b950fb039151de955122f5f5?s=96&d=mm&r=g\",\"caption\":\"impactocastex\"},\"sameAs\":[\"https:\\\/\\\/impactocastex.com.ar\"],\"url\":\"https:\\\/\\\/impactocastex.com.ar\\\/?author=1\"}]}<\/script>\n<!-- \/ Yoast SEO plugin. -->","yoast_head_json":{"title":"Qu\u00e9 hay detr\u00e1s de la inesperada guerra contra los empresarios -","robots":{"index":"index","follow":"follow","max-snippet":"max-snippet:-1","max-image-preview":"max-image-preview:large","max-video-preview":"max-video-preview:-1"},"canonical":"https:\/\/impactocastex.com.ar\/?p=12568","og_locale":"es_ES","og_type":"article","og_title":"Qu\u00e9 hay detr\u00e1s de la inesperada guerra contra los empresarios -","og_description":"\u00bfLe importa a Javier Milei el cierre de Fate? \u00bfSinti\u00f3 el Presidente el golpe cuando...","og_url":"https:\/\/impactocastex.com.ar\/?p=12568","article_publisher":"https:\/\/www.facebook.com\/impactocastexdiario","article_published_time":"2026-03-05T06:43:03+00:00","og_image":[{"url":"https:\/\/resizer.glanacion.com\/resizer\/v2\/C5TYVX3XM5HUNOQXMTOLG5COFE.JPG?auth=59983d63922ead8d6ff0963acf2bb1c424ba520b98971ad5c5384f9bc3eb66e2&amp;smart=true&amp;width=2000&amp;height=1333","type":"","width":"","height":""}],"author":"impactocastex","twitter_card":"summary_large_image","twitter_misc":{"Escrito por":"impactocastex","Tiempo de lectura":"7 minutos"},"schema":{"@context":"https:\/\/schema.org","@graph":[{"@type":"Article","@id":"https:\/\/impactocastex.com.ar\/?p=12568#article","isPartOf":{"@id":"https:\/\/impactocastex.com.ar\/?p=12568"},"author":{"name":"impactocastex","@id":"https:\/\/impactocastex.com.ar\/#\/schema\/person\/86cb4f827fb5f87869a239b98a69c6e3"},"headline":"Qu\u00e9 hay detr\u00e1s de la inesperada guerra contra los empresarios","datePublished":"2026-03-05T06:43:03+00:00","mainEntityOfPage":{"@id":"https:\/\/impactocastex.com.ar\/?p=12568"},"wordCount":1413,"publisher":{"@id":"https:\/\/impactocastex.com.ar\/#organization"},"image":{"@id":"https:\/\/impactocastex.com.ar\/?p=12568#primaryimage"},"thumbnailUrl":"https:\/\/impactocastex.com.ar\/wp-content\/uploads\/2026\/03\/VFNNAEVUSRBJJEUIRT5HCEZBEY-ZdH4Yq.jpg","articleSection":["NACIONALES"],"inLanguage":"es"},{"@type":"WebPage","@id":"https:\/\/impactocastex.com.ar\/?p=12568","url":"https:\/\/impactocastex.com.ar\/?p=12568","name":"Qu\u00e9 hay detr\u00e1s de la inesperada guerra contra los empresarios -","isPartOf":{"@id":"https:\/\/impactocastex.com.ar\/#website"},"primaryImageOfPage":{"@id":"https:\/\/impactocastex.com.ar\/?p=12568#primaryimage"},"image":{"@id":"https:\/\/impactocastex.com.ar\/?p=12568#primaryimage"},"thumbnailUrl":"https:\/\/impactocastex.com.ar\/wp-content\/uploads\/2026\/03\/VFNNAEVUSRBJJEUIRT5HCEZBEY-ZdH4Yq.jpg","datePublished":"2026-03-05T06:43:03+00:00","breadcrumb":{"@id":"https:\/\/impactocastex.com.ar\/?p=12568#breadcrumb"},"inLanguage":"es","potentialAction":[{"@type":"ReadAction","target":["https:\/\/impactocastex.com.ar\/?p=12568"]}]},{"@type":"ImageObject","inLanguage":"es","@id":"https:\/\/impactocastex.com.ar\/?p=12568#primaryimage","url":"https:\/\/impactocastex.com.ar\/wp-content\/uploads\/2026\/03\/VFNNAEVUSRBJJEUIRT5HCEZBEY-ZdH4Yq.jpg","contentUrl":"https:\/\/impactocastex.com.ar\/wp-content\/uploads\/2026\/03\/VFNNAEVUSRBJJEUIRT5HCEZBEY-ZdH4Yq.jpg","width":1280,"height":854},{"@type":"BreadcrumbList","@id":"https:\/\/impactocastex.com.ar\/?p=12568#breadcrumb","itemListElement":[{"@type":"ListItem","position":1,"name":"Portada","item":"https:\/\/impactocastex.com.ar\/"},{"@type":"ListItem","position":2,"name":"Qu\u00e9 hay detr\u00e1s de la inesperada guerra contra los empresarios"}]},{"@type":"WebSite","@id":"https:\/\/impactocastex.com.ar\/#website","url":"https:\/\/impactocastex.com.ar\/","name":"Impacto Castex","description":"","publisher":{"@id":"https:\/\/impactocastex.com.ar\/#organization"},"potentialAction":[{"@type":"SearchAction","target":{"@type":"EntryPoint","urlTemplate":"https:\/\/impactocastex.com.ar\/?s={search_term_string}"},"query-input":{"@type":"PropertyValueSpecification","valueRequired":true,"valueName":"search_term_string"}}],"inLanguage":"es"},{"@type":"Organization","@id":"https:\/\/impactocastex.com.ar\/#organization","name":"Impacto Castex","url":"https:\/\/impactocastex.com.ar\/","logo":{"@type":"ImageObject","inLanguage":"es","@id":"https:\/\/impactocastex.com.ar\/#\/schema\/logo\/image\/","url":"https:\/\/impactocastex.com.ar\/wp-content\/uploads\/2025\/09\/cropped-icoweb.png","contentUrl":"https:\/\/impactocastex.com.ar\/wp-content\/uploads\/2025\/09\/cropped-icoweb.png","width":512,"height":512,"caption":"Impacto Castex"},"image":{"@id":"https:\/\/impactocastex.com.ar\/#\/schema\/logo\/image\/"},"sameAs":["https:\/\/www.facebook.com\/impactocastexdiario","https:\/\/www.instagram.com\/impactocastex.com.ar\/"]},{"@type":"Person","@id":"https:\/\/impactocastex.com.ar\/#\/schema\/person\/86cb4f827fb5f87869a239b98a69c6e3","name":"impactocastex","image":{"@type":"ImageObject","inLanguage":"es","@id":"https:\/\/secure.gravatar.com\/avatar\/9a87ee051ca8c77f5d4070843ce2c78cdf95b858b950fb039151de955122f5f5?s=96&d=mm&r=g","url":"https:\/\/secure.gravatar.com\/avatar\/9a87ee051ca8c77f5d4070843ce2c78cdf95b858b950fb039151de955122f5f5?s=96&d=mm&r=g","contentUrl":"https:\/\/secure.gravatar.com\/avatar\/9a87ee051ca8c77f5d4070843ce2c78cdf95b858b950fb039151de955122f5f5?s=96&d=mm&r=g","caption":"impactocastex"},"sameAs":["https:\/\/impactocastex.com.ar"],"url":"https:\/\/impactocastex.com.ar\/?author=1"}]}},"jetpack_publicize_connections":[],"featured_image_urls":{"full":["https:\/\/impactocastex.com.ar\/wp-content\/uploads\/2026\/03\/VFNNAEVUSRBJJEUIRT5HCEZBEY-ZdH4Yq.jpg",1280,854,false],"thumbnail":["https:\/\/impactocastex.com.ar\/wp-content\/uploads\/2026\/03\/VFNNAEVUSRBJJEUIRT5HCEZBEY-ZdH4Yq-150x150.jpg",150,150,true],"medium":["https:\/\/impactocastex.com.ar\/wp-content\/uploads\/2026\/03\/VFNNAEVUSRBJJEUIRT5HCEZBEY-ZdH4Yq-300x200.jpg",300,200,true],"medium_large":["https:\/\/impactocastex.com.ar\/wp-content\/uploads\/2026\/03\/VFNNAEVUSRBJJEUIRT5HCEZBEY-ZdH4Yq-768x512.jpg",640,427,true],"large":["https:\/\/impactocastex.com.ar\/wp-content\/uploads\/2026\/03\/VFNNAEVUSRBJJEUIRT5HCEZBEY-ZdH4Yq-1024x683.jpg",640,427,true],"1536x1536":["https:\/\/impactocastex.com.ar\/wp-content\/uploads\/2026\/03\/VFNNAEVUSRBJJEUIRT5HCEZBEY-ZdH4Yq.jpg",1280,854,false],"2048x2048":["https:\/\/impactocastex.com.ar\/wp-content\/uploads\/2026\/03\/VFNNAEVUSRBJJEUIRT5HCEZBEY-ZdH4Yq.jpg",1280,854,false],"newsever-slider-full":["https:\/\/impactocastex.com.ar\/wp-content\/uploads\/2026\/03\/VFNNAEVUSRBJJEUIRT5HCEZBEY-ZdH4Yq-1280x845.jpg",1280,845,true],"newsever-featured":["https:\/\/impactocastex.com.ar\/wp-content\/uploads\/2026\/03\/VFNNAEVUSRBJJEUIRT5HCEZBEY-ZdH4Yq-1024x683.jpg",1024,683,true],"newsever-medium":["https:\/\/impactocastex.com.ar\/wp-content\/uploads\/2026\/03\/VFNNAEVUSRBJJEUIRT5HCEZBEY-ZdH4Yq-720x475.jpg",720,475,true]},"author_info":{"info":["impactocastex"]},"category_info":"<a href=\"https:\/\/impactocastex.com.ar\/?cat=89\" rel=\"category\">NACIONALES<\/a>","tag_info":"NACIONALES","comment_count":0,"jetpack_featured_media_url":"https:\/\/impactocastex.com.ar\/wp-content\/uploads\/2026\/03\/VFNNAEVUSRBJJEUIRT5HCEZBEY-ZdH4Yq.jpg","jetpack_sharing_enabled":true,"jetpack_likes_enabled":true,"jetpack_shortlink":"https:\/\/wp.me\/p7sopA-3gI","_links":{"self":[{"href":"https:\/\/impactocastex.com.ar\/index.php?rest_route=\/wp\/v2\/posts\/12568","targetHints":{"allow":["GET"]}}],"collection":[{"href":"https:\/\/impactocastex.com.ar\/index.php?rest_route=\/wp\/v2\/posts"}],"about":[{"href":"https:\/\/impactocastex.com.ar\/index.php?rest_route=\/wp\/v2\/types\/post"}],"author":[{"embeddable":true,"href":"https:\/\/impactocastex.com.ar\/index.php?rest_route=\/wp\/v2\/users\/1"}],"replies":[{"embeddable":true,"href":"https:\/\/impactocastex.com.ar\/index.php?rest_route=%2Fwp%2Fv2%2Fcomments&post=12568"}],"version-history":[{"count":0,"href":"https:\/\/impactocastex.com.ar\/index.php?rest_route=\/wp\/v2\/posts\/12568\/revisions"}],"wp:featuredmedia":[{"embeddable":true,"href":"https:\/\/impactocastex.com.ar\/index.php?rest_route=\/wp\/v2\/media\/12569"}],"wp:attachment":[{"href":"https:\/\/impactocastex.com.ar\/index.php?rest_route=%2Fwp%2Fv2%2Fmedia&parent=12568"}],"wp:term":[{"taxonomy":"category","embeddable":true,"href":"https:\/\/impactocastex.com.ar\/index.php?rest_route=%2Fwp%2Fv2%2Fcategories&post=12568"},{"taxonomy":"post_tag","embeddable":true,"href":"https:\/\/impactocastex.com.ar\/index.php?rest_route=%2Fwp%2Fv2%2Ftags&post=12568"}],"curies":[{"name":"wp","href":"https:\/\/api.w.org\/{rel}","templated":true}]}}