{"id":12566,"date":"2026-03-05T06:00:00","date_gmt":"2026-03-05T09:00:00","guid":{"rendered":"https:\/\/impactocastex.com.ar\/?p=12566"},"modified":"2026-03-05T06:00:00","modified_gmt":"2026-03-05T09:00:00","slug":"mahiques-un-ultimo-dia-inmerso-en-un-desenfreno-de-designaciones-ascensos-y-promociones-en-la-justicia-portena","status":"publish","type":"post","link":"https:\/\/impactocastex.com.ar\/?p=12566","title":{"rendered":"Mahiques, un \u00faltimo d\u00eda inmerso en un desenfreno de designaciones, ascensos y promociones en la justicia porte\u00f1a"},"content":{"rendered":"<p>No fue un d\u00eda de furia, como alguna vez titul\u00f3 Hollywood una ic\u00f3nica pel\u00edcula. Pero el \u00faltimo d\u00eda de Juan Bautista Mahiques como Fiscal general porte\u00f1o fue un d\u00eda de firma desenfrenada, feroz. <\/p>\n<p>En cuatro resoluciones a las que accedi\u00f3 LA NACION, tres de ellas fechadas ayer, y en lo que representa su \u00faltimo acto administrativo antes de cruzar la Plaza de Mayo, el designado Ministro de Justicia de la Naci\u00f3n, dispuso una reconfiguraci\u00f3n total del Ministerio P\u00fablico Fiscal de la Ciudad con un centenar de nombramientos movimientos de personal.<\/p>\n<p>\u201cTodos los meses se firman resoluciones de este tipo. Lo que sucede es que <b>el poder judicial porte\u00f1o est\u00e1 en pleno crecimiento<\/b> y entonces, este tipo de actos administrativos son normales\u201d, dijeron cerca del funcionario, ahora nacional. <\/p>\n<p>El dato no es menor: a horas de asumir como Ministro de Justicia de la Naci\u00f3n, el Fiscal General firm\u00f3 un paquete de resoluciones que garantiza la puesta en marcha de seis nuevas fiscal\u00edas porte\u00f1as, entre otras modificaciones que realiz\u00f3 a la estructura judicial porte\u00f1a. No fue una despedida silenciosa; fue un despliegue de <b>designaciones, movimiento interno de personal, promociones interinas<\/b>, <b>traslados, ascensos y la designaci\u00f3n del sucesor. <\/b> <\/p>\n<p>Antes de partir, <b>Mahiques<\/b> dio un paso m\u00e1s en la reconfiguraci\u00f3n operativa y de personal dise\u00f1ada para mantener la continuidad institucional del organismo tras su partida.<\/p>\n<p><img loading=\"lazy\" decoding=\"async\" src=\"https:\/\/resizer.glanacion.com\/resizer\/v2\/IOHYY42SDJB2LBCXMOIKOA5PHU.jpg?auth=09d05b40a17335f00ebcd605c8f325aec955fcada3107b7326b29a568b0b0278&amp;smart=true&amp;width=1280&amp;height=852\" alt=\"Jorge Macri, con Juan Bautista Mahiques y el ministro de Justicia porte\u00f1os, Gabino Tapia\" height=\"852\" width=\"1280\" \/><\/p>\n<p>La semana pasada, el futuro ministro firm\u00f3 la <b>resoluci\u00f3n 12.<\/b> En esa norma puso en funcionamiento seis fiscal\u00edas de primera instancia y una fiscal\u00eda de c\u00e1mara creadas por la Ley 6925. Establece, adem\u00e1s, que la fiscal\u00eda de c\u00e1mara est\u00e9 especializada en <b>violencia de g\u00e9nero y narcocriminalidad. <\/b>Sostiene que la decisi\u00f3n se basa en la necesidad de equilibrar la carga operativa actual, \u201cdada la demanda que generan este tipo de investigaciones y la necesidad de darles un tratamiento espec\u00edfico\u201d.<\/p>\n<p>Su puesta en funcionamiento est\u00e1 vinculada estrat\u00e9gicamente a las zonas <b>Norte y Este<\/b> de la Ciudad, que son las que concentran la mayor cantidad de causas en estos rubros. Como titular interino de esta nueva estructura de alzada se design\u00f3 a <b>Juan Ramella<\/b>.<\/p>\n<p>Las fiscal\u00edas creadas, de la 41 a la 46, tendr\u00e1n jurisdicci\u00f3n sobres temas penales, contravencionales y de faltas, tambi\u00e9n con especialidad en<b> violencia de g\u00e9nero y narcocriminalidad<\/b>. Estas seis fiscal\u00edas reforzar\u00e1n las unidades fiscales que cubren barrios de alta densidad y rotaci\u00f3n de casos (como Palermo, Belgrano, Retiro o Constituci\u00f3n), donde el \u201cescaso tiempo de rotaci\u00f3n entre turnos\u201d \u2014seg\u00fan cita la resoluci\u00f3n\u2014 afecta la eficiencia del servicio.<\/p>\n<p>A partir de eso, Mahiques configur\u00f3 este nuevo esquema antes de partir. La resoluci\u00f3n 15 oficializ\u00f3 una red de <b>79 movimientos de personal<\/b>, donde el dato central es la consolidaci\u00f3n de los cuadros intermedios mediante <b>31 promociones interinas, ascensos y<\/b> <b>14 nuevas designaciones<\/b>. Adem\u00e1s, hay algunas reasignaciones y la vuelta atr\u00e1s con un una promoci\u00f3n anterior.<\/p>\n<p>A esta norma se suma la resoluci\u00f3n 18 mediante la que se firm\u00f3 la <b>cobertura de vacantes y promociones internas<\/b> para asegurar que tanto las unidades nuevas como las existentes tengan el personal t\u00e9cnico necesario. Se trata <b>48 actos individuales<\/b> de nombramiento, ascenso o promoci\u00f3n interina para cubrir cargos de relevancia en el Ministerio P\u00fablico.<\/p>\n<p>Finalmente, la resoluci\u00f3n 19 formaliza el tr\u00e1mite administrativo de salida del funcionario al otorgarle una \u201clicencia extraordinaria sin goce de haberes\u201d por el ejercicio transitorio de otro cargo p\u00fablico. Dicha norma establece que, ante la vacancia, el Fiscal General Adjunto, <b>Javier Mart\u00edn L\u00f3pez Zavaleta,<\/b> asumir\u00e1 la conducci\u00f3n del Ministerio P\u00fablico Fiscal de manera interina.<\/p>\n<p><img loading=\"lazy\" decoding=\"async\" src=\"https:\/\/resizer.glanacion.com\/resizer\/v2\/VDKLZUMYWFFXBEOXFZRDCIYWWM.png?auth=35f4da86b3dbc5660e4d4b993b656e591151dc3b93c85010c0d2189e247840f9&amp;smart=true&amp;width=1536&amp;height=1024\" alt=\"Mahiques ya le tom\u00f3 juramento a su sucesor, Mart\u00edn L\u00f3pez Zavaleta\" height=\"1024\" width=\"1536\" \/><\/p>\n<p>La firma de <b>Mahiques<\/b> ya no estar\u00e1 en los expedientes de la calle <b>Paseo Col\u00f3n, sino en los decretos del gobierno nacional.<\/b> Seg\u00fan <a href=\"https:\/\/www.lanacion.com.ar\/politica\/karina-milei-proyecta-su-poder-en-los-tribunales-la-puerta-para-nombrar-jueces-y-un-nuevo-operador-nid04032026\/\" target=\"_self\" rel=\"\" title=\"https:\/\/www.lanacion.com.ar\/politica\/karina-milei-proyecta-su-poder-en-los-tribunales-la-puerta-para-nombrar-jueces-y-un-nuevo-operador-nid04032026\/\">una publicaci\u00f3n de Hern\u00e1n Cappiello<\/a> en LA NACION, el reci\u00e9n llegado al Gabinete decidir\u00e1 sobre la designaci\u00f3n de <b>200 jueces y fiscales <\/b>nacionales y federales, que es la cantidad de vacantes disponibles. <\/p>\n<p>Adem\u00e1s, el Gobierno prometi\u00f3 a la Corte Suprema que, esta vez, <b>enviar\u00e1 los pliegos al Senado<\/b>. Todo eso, a lo que se suma la influencia del Poder Ejecutivo en el Consejo de la Magistratura, estar\u00e1 en manos del exfiscal porte\u00f1o. Designaciones y nombramientos, algo que hizo hasta el \u00faltimo d\u00eda de su gesti\u00f3n anterior. <\/p>\n<p>\u200bAntes de dejar la fiscal\u00eda general de la Ciudad firm\u00f3 varias resoluciones en las que modific\u00f3 la estructura del la Fiscal\u00eda General y nombr\u00f3 varios funcionarios\u00a0\u00a0<\/p>","protected":false},"excerpt":{"rendered":"<p>No fue un d\u00eda de furia, como alguna vez titul\u00f3 Hollywood una ic\u00f3nica pel\u00edcula. Pero&#8230;<\/p>\n","protected":false},"author":1,"featured_media":12567,"comment_status":"closed","ping_status":"closed","sticky":false,"template":"","format":"standard","meta":{"_jetpack_memberships_contains_paid_content":false,"footnotes":"","jetpack_publicize_message":"","jetpack_publicize_feature_enabled":true,"jetpack_social_post_already_shared":true,"jetpack_social_options":{"image_generator_settings":{"template":"highway","default_image_id":0,"font":"","enabled":false},"version":2}},"categories":[89],"tags":[],"class_list":["post-12566","post","type-post","status-publish","format-standard","has-post-thumbnail","hentry","category-nacionales"],"yoast_head":"<!-- This site is optimized with the Yoast SEO plugin v27.4 - https:\/\/yoast.com\/product\/yoast-seo-wordpress\/ -->\n<title>Mahiques, un \u00faltimo d\u00eda inmerso en un desenfreno de designaciones, ascensos y promociones en la justicia porte\u00f1a -<\/title>\n<meta name=\"robots\" content=\"index, follow, max-snippet:-1, max-image-preview:large, max-video-preview:-1\" \/>\n<link rel=\"canonical\" href=\"https:\/\/impactocastex.com.ar\/?p=12566\" \/>\n<meta property=\"og:locale\" content=\"es_ES\" \/>\n<meta property=\"og:type\" content=\"article\" \/>\n<meta property=\"og:title\" content=\"Mahiques, un \u00faltimo d\u00eda inmerso en un desenfreno de designaciones, ascensos y promociones en la justicia porte\u00f1a -\" \/>\n<meta property=\"og:description\" content=\"No fue un d\u00eda de furia, como alguna vez titul\u00f3 Hollywood una ic\u00f3nica pel\u00edcula. Pero...\" \/>\n<meta property=\"og:url\" content=\"https:\/\/impactocastex.com.ar\/?p=12566\" \/>\n<meta property=\"article:publisher\" content=\"https:\/\/www.facebook.com\/impactocastexdiario\" \/>\n<meta property=\"article:published_time\" content=\"2026-03-05T09:00:00+00:00\" \/>\n<meta property=\"og:image\" content=\"https:\/\/impactocastex.com.ar\/wp-content\/uploads\/2026\/03\/EJPHLGZOJVFD5IJCJWHKZF5QOM-KraYrp.jpg\" \/>\n\t<meta property=\"og:image:width\" content=\"2000\" \/>\n\t<meta property=\"og:image:height\" content=\"1333\" \/>\n\t<meta property=\"og:image:type\" content=\"image\/jpeg\" \/>\n<meta name=\"author\" content=\"impactocastex\" \/>\n<meta name=\"twitter:card\" content=\"summary_large_image\" \/>\n<meta name=\"twitter:label1\" content=\"Escrito por\" \/>\n\t<meta name=\"twitter:data1\" content=\"impactocastex\" \/>\n\t<meta name=\"twitter:label2\" content=\"Tiempo de lectura\" \/>\n\t<meta name=\"twitter:data2\" content=\"4 minutos\" \/>\n<script type=\"application\/ld+json\" class=\"yoast-schema-graph\">{\"@context\":\"https:\\\/\\\/schema.org\",\"@graph\":[{\"@type\":\"Article\",\"@id\":\"https:\\\/\\\/impactocastex.com.ar\\\/?p=12566#article\",\"isPartOf\":{\"@id\":\"https:\\\/\\\/impactocastex.com.ar\\\/?p=12566\"},\"author\":{\"name\":\"impactocastex\",\"@id\":\"https:\\\/\\\/impactocastex.com.ar\\\/#\\\/schema\\\/person\\\/86cb4f827fb5f87869a239b98a69c6e3\"},\"headline\":\"Mahiques, un \u00faltimo d\u00eda inmerso en un desenfreno de designaciones, ascensos y promociones en la justicia porte\u00f1a\",\"datePublished\":\"2026-03-05T09:00:00+00:00\",\"mainEntityOfPage\":{\"@id\":\"https:\\\/\\\/impactocastex.com.ar\\\/?p=12566\"},\"wordCount\":785,\"publisher\":{\"@id\":\"https:\\\/\\\/impactocastex.com.ar\\\/#organization\"},\"image\":{\"@id\":\"https:\\\/\\\/impactocastex.com.ar\\\/?p=12566#primaryimage\"},\"thumbnailUrl\":\"https:\\\/\\\/impactocastex.com.ar\\\/wp-content\\\/uploads\\\/2026\\\/03\\\/EJPHLGZOJVFD5IJCJWHKZF5QOM-KraYrp.jpg\",\"articleSection\":[\"NACIONALES\"],\"inLanguage\":\"es\"},{\"@type\":\"WebPage\",\"@id\":\"https:\\\/\\\/impactocastex.com.ar\\\/?p=12566\",\"url\":\"https:\\\/\\\/impactocastex.com.ar\\\/?p=12566\",\"name\":\"Mahiques, un \u00faltimo d\u00eda inmerso en un desenfreno de designaciones, ascensos y promociones en la justicia porte\u00f1a -\",\"isPartOf\":{\"@id\":\"https:\\\/\\\/impactocastex.com.ar\\\/#website\"},\"primaryImageOfPage\":{\"@id\":\"https:\\\/\\\/impactocastex.com.ar\\\/?p=12566#primaryimage\"},\"image\":{\"@id\":\"https:\\\/\\\/impactocastex.com.ar\\\/?p=12566#primaryimage\"},\"thumbnailUrl\":\"https:\\\/\\\/impactocastex.com.ar\\\/wp-content\\\/uploads\\\/2026\\\/03\\\/EJPHLGZOJVFD5IJCJWHKZF5QOM-KraYrp.jpg\",\"datePublished\":\"2026-03-05T09:00:00+00:00\",\"breadcrumb\":{\"@id\":\"https:\\\/\\\/impactocastex.com.ar\\\/?p=12566#breadcrumb\"},\"inLanguage\":\"es\",\"potentialAction\":[{\"@type\":\"ReadAction\",\"target\":[\"https:\\\/\\\/impactocastex.com.ar\\\/?p=12566\"]}]},{\"@type\":\"ImageObject\",\"inLanguage\":\"es\",\"@id\":\"https:\\\/\\\/impactocastex.com.ar\\\/?p=12566#primaryimage\",\"url\":\"https:\\\/\\\/impactocastex.com.ar\\\/wp-content\\\/uploads\\\/2026\\\/03\\\/EJPHLGZOJVFD5IJCJWHKZF5QOM-KraYrp.jpg\",\"contentUrl\":\"https:\\\/\\\/impactocastex.com.ar\\\/wp-content\\\/uploads\\\/2026\\\/03\\\/EJPHLGZOJVFD5IJCJWHKZF5QOM-KraYrp.jpg\",\"width\":2000,\"height\":1333},{\"@type\":\"BreadcrumbList\",\"@id\":\"https:\\\/\\\/impactocastex.com.ar\\\/?p=12566#breadcrumb\",\"itemListElement\":[{\"@type\":\"ListItem\",\"position\":1,\"name\":\"Portada\",\"item\":\"https:\\\/\\\/impactocastex.com.ar\\\/\"},{\"@type\":\"ListItem\",\"position\":2,\"name\":\"Mahiques, un \u00faltimo d\u00eda inmerso en un desenfreno de designaciones, ascensos y promociones en la justicia porte\u00f1a\"}]},{\"@type\":\"WebSite\",\"@id\":\"https:\\\/\\\/impactocastex.com.ar\\\/#website\",\"url\":\"https:\\\/\\\/impactocastex.com.ar\\\/\",\"name\":\"Impacto Castex\",\"description\":\"\",\"publisher\":{\"@id\":\"https:\\\/\\\/impactocastex.com.ar\\\/#organization\"},\"potentialAction\":[{\"@type\":\"SearchAction\",\"target\":{\"@type\":\"EntryPoint\",\"urlTemplate\":\"https:\\\/\\\/impactocastex.com.ar\\\/?s={search_term_string}\"},\"query-input\":{\"@type\":\"PropertyValueSpecification\",\"valueRequired\":true,\"valueName\":\"search_term_string\"}}],\"inLanguage\":\"es\"},{\"@type\":\"Organization\",\"@id\":\"https:\\\/\\\/impactocastex.com.ar\\\/#organization\",\"name\":\"Impacto Castex\",\"url\":\"https:\\\/\\\/impactocastex.com.ar\\\/\",\"logo\":{\"@type\":\"ImageObject\",\"inLanguage\":\"es\",\"@id\":\"https:\\\/\\\/impactocastex.com.ar\\\/#\\\/schema\\\/logo\\\/image\\\/\",\"url\":\"https:\\\/\\\/impactocastex.com.ar\\\/wp-content\\\/uploads\\\/2025\\\/09\\\/cropped-icoweb.png\",\"contentUrl\":\"https:\\\/\\\/impactocastex.com.ar\\\/wp-content\\\/uploads\\\/2025\\\/09\\\/cropped-icoweb.png\",\"width\":512,\"height\":512,\"caption\":\"Impacto Castex\"},\"image\":{\"@id\":\"https:\\\/\\\/impactocastex.com.ar\\\/#\\\/schema\\\/logo\\\/image\\\/\"},\"sameAs\":[\"https:\\\/\\\/www.facebook.com\\\/impactocastexdiario\",\"https:\\\/\\\/www.instagram.com\\\/impactocastex.com.ar\\\/\"]},{\"@type\":\"Person\",\"@id\":\"https:\\\/\\\/impactocastex.com.ar\\\/#\\\/schema\\\/person\\\/86cb4f827fb5f87869a239b98a69c6e3\",\"name\":\"impactocastex\",\"image\":{\"@type\":\"ImageObject\",\"inLanguage\":\"es\",\"@id\":\"https:\\\/\\\/secure.gravatar.com\\\/avatar\\\/9a87ee051ca8c77f5d4070843ce2c78cdf95b858b950fb039151de955122f5f5?s=96&d=mm&r=g\",\"url\":\"https:\\\/\\\/secure.gravatar.com\\\/avatar\\\/9a87ee051ca8c77f5d4070843ce2c78cdf95b858b950fb039151de955122f5f5?s=96&d=mm&r=g\",\"contentUrl\":\"https:\\\/\\\/secure.gravatar.com\\\/avatar\\\/9a87ee051ca8c77f5d4070843ce2c78cdf95b858b950fb039151de955122f5f5?s=96&d=mm&r=g\",\"caption\":\"impactocastex\"},\"sameAs\":[\"https:\\\/\\\/impactocastex.com.ar\"],\"url\":\"https:\\\/\\\/impactocastex.com.ar\\\/?author=1\"}]}<\/script>\n<!-- \/ Yoast SEO plugin. -->","yoast_head_json":{"title":"Mahiques, un \u00faltimo d\u00eda inmerso en un desenfreno de designaciones, ascensos y promociones en la justicia porte\u00f1a -","robots":{"index":"index","follow":"follow","max-snippet":"max-snippet:-1","max-image-preview":"max-image-preview:large","max-video-preview":"max-video-preview:-1"},"canonical":"https:\/\/impactocastex.com.ar\/?p=12566","og_locale":"es_ES","og_type":"article","og_title":"Mahiques, un \u00faltimo d\u00eda inmerso en un desenfreno de designaciones, ascensos y promociones en la justicia porte\u00f1a -","og_description":"No fue un d\u00eda de furia, como alguna vez titul\u00f3 Hollywood una ic\u00f3nica pel\u00edcula. Pero...","og_url":"https:\/\/impactocastex.com.ar\/?p=12566","article_publisher":"https:\/\/www.facebook.com\/impactocastexdiario","article_published_time":"2026-03-05T09:00:00+00:00","og_image":[{"width":2000,"height":1333,"url":"https:\/\/impactocastex.com.ar\/wp-content\/uploads\/2026\/03\/EJPHLGZOJVFD5IJCJWHKZF5QOM-KraYrp.jpg","type":"image\/jpeg"}],"author":"impactocastex","twitter_card":"summary_large_image","twitter_misc":{"Escrito por":"impactocastex","Tiempo de lectura":"4 minutos"},"schema":{"@context":"https:\/\/schema.org","@graph":[{"@type":"Article","@id":"https:\/\/impactocastex.com.ar\/?p=12566#article","isPartOf":{"@id":"https:\/\/impactocastex.com.ar\/?p=12566"},"author":{"name":"impactocastex","@id":"https:\/\/impactocastex.com.ar\/#\/schema\/person\/86cb4f827fb5f87869a239b98a69c6e3"},"headline":"Mahiques, un \u00faltimo d\u00eda inmerso en un desenfreno de designaciones, ascensos y promociones en la justicia porte\u00f1a","datePublished":"2026-03-05T09:00:00+00:00","mainEntityOfPage":{"@id":"https:\/\/impactocastex.com.ar\/?p=12566"},"wordCount":785,"publisher":{"@id":"https:\/\/impactocastex.com.ar\/#organization"},"image":{"@id":"https:\/\/impactocastex.com.ar\/?p=12566#primaryimage"},"thumbnailUrl":"https:\/\/impactocastex.com.ar\/wp-content\/uploads\/2026\/03\/EJPHLGZOJVFD5IJCJWHKZF5QOM-KraYrp.jpg","articleSection":["NACIONALES"],"inLanguage":"es"},{"@type":"WebPage","@id":"https:\/\/impactocastex.com.ar\/?p=12566","url":"https:\/\/impactocastex.com.ar\/?p=12566","name":"Mahiques, un \u00faltimo d\u00eda inmerso en un desenfreno de designaciones, ascensos y promociones en la justicia porte\u00f1a -","isPartOf":{"@id":"https:\/\/impactocastex.com.ar\/#website"},"primaryImageOfPage":{"@id":"https:\/\/impactocastex.com.ar\/?p=12566#primaryimage"},"image":{"@id":"https:\/\/impactocastex.com.ar\/?p=12566#primaryimage"},"thumbnailUrl":"https:\/\/impactocastex.com.ar\/wp-content\/uploads\/2026\/03\/EJPHLGZOJVFD5IJCJWHKZF5QOM-KraYrp.jpg","datePublished":"2026-03-05T09:00:00+00:00","breadcrumb":{"@id":"https:\/\/impactocastex.com.ar\/?p=12566#breadcrumb"},"inLanguage":"es","potentialAction":[{"@type":"ReadAction","target":["https:\/\/impactocastex.com.ar\/?p=12566"]}]},{"@type":"ImageObject","inLanguage":"es","@id":"https:\/\/impactocastex.com.ar\/?p=12566#primaryimage","url":"https:\/\/impactocastex.com.ar\/wp-content\/uploads\/2026\/03\/EJPHLGZOJVFD5IJCJWHKZF5QOM-KraYrp.jpg","contentUrl":"https:\/\/impactocastex.com.ar\/wp-content\/uploads\/2026\/03\/EJPHLGZOJVFD5IJCJWHKZF5QOM-KraYrp.jpg","width":2000,"height":1333},{"@type":"BreadcrumbList","@id":"https:\/\/impactocastex.com.ar\/?p=12566#breadcrumb","itemListElement":[{"@type":"ListItem","position":1,"name":"Portada","item":"https:\/\/impactocastex.com.ar\/"},{"@type":"ListItem","position":2,"name":"Mahiques, un \u00faltimo d\u00eda inmerso en un desenfreno de designaciones, ascensos y promociones en la justicia porte\u00f1a"}]},{"@type":"WebSite","@id":"https:\/\/impactocastex.com.ar\/#website","url":"https:\/\/impactocastex.com.ar\/","name":"Impacto Castex","description":"","publisher":{"@id":"https:\/\/impactocastex.com.ar\/#organization"},"potentialAction":[{"@type":"SearchAction","target":{"@type":"EntryPoint","urlTemplate":"https:\/\/impactocastex.com.ar\/?s={search_term_string}"},"query-input":{"@type":"PropertyValueSpecification","valueRequired":true,"valueName":"search_term_string"}}],"inLanguage":"es"},{"@type":"Organization","@id":"https:\/\/impactocastex.com.ar\/#organization","name":"Impacto Castex","url":"https:\/\/impactocastex.com.ar\/","logo":{"@type":"ImageObject","inLanguage":"es","@id":"https:\/\/impactocastex.com.ar\/#\/schema\/logo\/image\/","url":"https:\/\/impactocastex.com.ar\/wp-content\/uploads\/2025\/09\/cropped-icoweb.png","contentUrl":"https:\/\/impactocastex.com.ar\/wp-content\/uploads\/2025\/09\/cropped-icoweb.png","width":512,"height":512,"caption":"Impacto Castex"},"image":{"@id":"https:\/\/impactocastex.com.ar\/#\/schema\/logo\/image\/"},"sameAs":["https:\/\/www.facebook.com\/impactocastexdiario","https:\/\/www.instagram.com\/impactocastex.com.ar\/"]},{"@type":"Person","@id":"https:\/\/impactocastex.com.ar\/#\/schema\/person\/86cb4f827fb5f87869a239b98a69c6e3","name":"impactocastex","image":{"@type":"ImageObject","inLanguage":"es","@id":"https:\/\/secure.gravatar.com\/avatar\/9a87ee051ca8c77f5d4070843ce2c78cdf95b858b950fb039151de955122f5f5?s=96&d=mm&r=g","url":"https:\/\/secure.gravatar.com\/avatar\/9a87ee051ca8c77f5d4070843ce2c78cdf95b858b950fb039151de955122f5f5?s=96&d=mm&r=g","contentUrl":"https:\/\/secure.gravatar.com\/avatar\/9a87ee051ca8c77f5d4070843ce2c78cdf95b858b950fb039151de955122f5f5?s=96&d=mm&r=g","caption":"impactocastex"},"sameAs":["https:\/\/impactocastex.com.ar"],"url":"https:\/\/impactocastex.com.ar\/?author=1"}]}},"jetpack_publicize_connections":[],"featured_image_urls":{"full":["https:\/\/impactocastex.com.ar\/wp-content\/uploads\/2026\/03\/EJPHLGZOJVFD5IJCJWHKZF5QOM-KraYrp.jpg",2000,1333,false],"thumbnail":["https:\/\/impactocastex.com.ar\/wp-content\/uploads\/2026\/03\/EJPHLGZOJVFD5IJCJWHKZF5QOM-KraYrp-150x150.jpg",150,150,true],"medium":["https:\/\/impactocastex.com.ar\/wp-content\/uploads\/2026\/03\/EJPHLGZOJVFD5IJCJWHKZF5QOM-KraYrp-300x200.jpg",300,200,true],"medium_large":["https:\/\/impactocastex.com.ar\/wp-content\/uploads\/2026\/03\/EJPHLGZOJVFD5IJCJWHKZF5QOM-KraYrp-768x512.jpg",640,427,true],"large":["https:\/\/impactocastex.com.ar\/wp-content\/uploads\/2026\/03\/EJPHLGZOJVFD5IJCJWHKZF5QOM-KraYrp-1024x682.jpg",640,426,true],"1536x1536":["https:\/\/impactocastex.com.ar\/wp-content\/uploads\/2026\/03\/EJPHLGZOJVFD5IJCJWHKZF5QOM-KraYrp-1536x1024.jpg",1536,1024,true],"2048x2048":["https:\/\/impactocastex.com.ar\/wp-content\/uploads\/2026\/03\/EJPHLGZOJVFD5IJCJWHKZF5QOM-KraYrp.jpg",2000,1333,false],"newsever-slider-full":["https:\/\/impactocastex.com.ar\/wp-content\/uploads\/2026\/03\/EJPHLGZOJVFD5IJCJWHKZF5QOM-KraYrp-1280x845.jpg",1280,845,true],"newsever-featured":["https:\/\/impactocastex.com.ar\/wp-content\/uploads\/2026\/03\/EJPHLGZOJVFD5IJCJWHKZF5QOM-KraYrp-1024x682.jpg",1024,682,true],"newsever-medium":["https:\/\/impactocastex.com.ar\/wp-content\/uploads\/2026\/03\/EJPHLGZOJVFD5IJCJWHKZF5QOM-KraYrp-720x475.jpg",720,475,true]},"author_info":{"info":["impactocastex"]},"category_info":"<a href=\"https:\/\/impactocastex.com.ar\/?cat=89\" rel=\"category\">NACIONALES<\/a>","tag_info":"NACIONALES","comment_count":0,"jetpack_featured_media_url":"https:\/\/impactocastex.com.ar\/wp-content\/uploads\/2026\/03\/EJPHLGZOJVFD5IJCJWHKZF5QOM-KraYrp.jpg","jetpack_sharing_enabled":true,"jetpack_likes_enabled":true,"jetpack_shortlink":"https:\/\/wp.me\/p7sopA-3gG","_links":{"self":[{"href":"https:\/\/impactocastex.com.ar\/index.php?rest_route=\/wp\/v2\/posts\/12566","targetHints":{"allow":["GET"]}}],"collection":[{"href":"https:\/\/impactocastex.com.ar\/index.php?rest_route=\/wp\/v2\/posts"}],"about":[{"href":"https:\/\/impactocastex.com.ar\/index.php?rest_route=\/wp\/v2\/types\/post"}],"author":[{"embeddable":true,"href":"https:\/\/impactocastex.com.ar\/index.php?rest_route=\/wp\/v2\/users\/1"}],"replies":[{"embeddable":true,"href":"https:\/\/impactocastex.com.ar\/index.php?rest_route=%2Fwp%2Fv2%2Fcomments&post=12566"}],"version-history":[{"count":1,"href":"https:\/\/impactocastex.com.ar\/index.php?rest_route=\/wp\/v2\/posts\/12566\/revisions"}],"predecessor-version":[{"id":12574,"href":"https:\/\/impactocastex.com.ar\/index.php?rest_route=\/wp\/v2\/posts\/12566\/revisions\/12574"}],"wp:featuredmedia":[{"embeddable":true,"href":"https:\/\/impactocastex.com.ar\/index.php?rest_route=\/wp\/v2\/media\/12567"}],"wp:attachment":[{"href":"https:\/\/impactocastex.com.ar\/index.php?rest_route=%2Fwp%2Fv2%2Fmedia&parent=12566"}],"wp:term":[{"taxonomy":"category","embeddable":true,"href":"https:\/\/impactocastex.com.ar\/index.php?rest_route=%2Fwp%2Fv2%2Fcategories&post=12566"},{"taxonomy":"post_tag","embeddable":true,"href":"https:\/\/impactocastex.com.ar\/index.php?rest_route=%2Fwp%2Fv2%2Ftags&post=12566"}],"curies":[{"name":"wp","href":"https:\/\/api.w.org\/{rel}","templated":true}]}}