{"id":12556,"date":"2026-03-04T15:45:10","date_gmt":"2026-03-04T18:45:10","guid":{"rendered":"https:\/\/impactocastex.com.ar\/?p=12556"},"modified":"2026-03-04T15:45:10","modified_gmt":"2026-03-04T18:45:10","slug":"nahuel-gallo-habla-por-primera-vez-desde-su-liberacion","status":"publish","type":"post","link":"https:\/\/impactocastex.com.ar\/?p=12556","title":{"rendered":"Nahuel Gallo habla por primera vez desde su liberaci\u00f3n"},"content":{"rendered":"<p>El gendarme argentino <b>Nahuel Gallo <\/b>brinda una conferencia de prensa en la que habla por primera vez luego de haber permanecido <b>448 d\u00edas detenido en Venezuela<\/b>. <\/p>\n<p>\u201cEl rodeo 1 no es un lugar muy bueno. Es un lugar de bastante tortura psicol\u00f3gica y no muy gratas para contarlas en este momento. Solamente con pensarlas se me titubea la boca\u201d, expres\u00f3 el gendarme al comienzo de su discurso. <\/p>\n<p>Gallo, que hasta ahora no habl\u00f3 con los medios ni emiti\u00f3 comunicados, arrib\u00f3 al Edificio Centinela junto a la ministra de Seguridad, <b>Alejandra Monteoliva<\/b>; la senadora <a href=\"https:\/\/www.lanacion.com.ar\/politica\/bullrich-hablo-sobre-los-cortocircuitos-con-villarruel-y-dio-detalles-de-la-liberacion-de-nahuel-nid03032026\/\" rel=\"\" title=\"https:\/\/www.lanacion.com.ar\/politica\/bullrich-hablo-sobre-los-cortocircuitos-con-villarruel-y-dio-detalles-de-la-liberacion-de-nahuel-nid03032026\/\"><b>Patricia Bullrich<\/b><\/a>; y el <b>jefe de la Gendarmer\u00eda Nacional, Claudio Brilloni<\/b>. Si bien inicialmente estaba programada para las 14, <b>fue reprogramada a las 15.30.<\/b><\/p>\n<p><b>Brilloni, uno de los primeros en tomar la palabra despu\u00e9s de Monteoliva ratific\u00f3 que Gallo que su condici\u00f3n dentro de la fuerza contin\u00faa \u201cintacta\u201d<\/b><\/p>\n<p>En las \u00faltimas horas, Gallo fue <b>sometido a diversos estudios m\u00e9dicos en el Hospital Militar Central <\/b>y permanec\u00eda en observaci\u00f3n en el edificio central de Gendarmer\u00eda, en Retiro.<\/p>\n<p><img loading=\"lazy\" decoding=\"async\" src=\"https:\/\/resizer.glanacion.com\/resizer\/v2\/AWNHZNJHNNHQLPZKJETCYFTCV4.png?auth=e0ba8bfb474b5e5ba79f1d4bd368d147ad79e5e74255247a9907c68da4e06226&amp;smart=true&amp;width=609&amp;height=424\" alt=\"El cabo habl\u00f3 desde el Edificio Centinela\" height=\"424\" width=\"609\" \/><\/p>\n<p>Hay que tener en cuenta que, poco antes de quedar libre en Venezuela, el uniformado hab\u00eda iniciado una huelga de hambre.<b> \u201cNahuel est\u00e1 en un proceso de recuperaci\u00f3n. Su salud es lo primero. Durante 14 meses se la negaron deliberadamente mientras estaba en cautiverio. Ahora tiene que sanar, paso a paso\u201d<\/b>, escribi\u00f3 su mujer.<\/p>\n<p>La liberaci\u00f3n de Gallo sorprendi\u00f3 incluso a la c\u00fapula de Gobierno, dado que su traslado estuvo a cargo de autoridades de la AFA que oficiaron como intermediarios en el proceso de su excarcelaci\u00f3n. <\/p>\n<h1>La intervenci\u00f3n de la AFA <\/h1>\n<p>El avi\u00f3n en el que vol\u00f3 de vuelta Gallo a la Argentina pertenece a <b>Baires Fly, empresa que exhibe <\/b>v\u00ednculos con Fred Machado, a trav\u00e9s de uno de sus socios, <b>Sergio Daniel Mastropietro, <\/b>quien se encuentra relacionado con la firma de aviaci\u00f3n. <\/p>\n<p>Asimismo, la compa\u00f1\u00eda se asocia al titular de la AFA, Claudio \u201cel Chiqui\u201d Tapia, que suele recurrir a estas aeronaves para sus propios traslados o viajes oficiales. De hecho, fue el m\u00e1ximo ente del f\u00fatbol nacional el que emiti\u00f3 el primer comunicado oficial al respecto de la liberaci\u00f3n del cabo primero, con la novedosa imagen del oficial excarcelado acompa\u00f1ado por autoridades del organismo.<\/p>\n<p><i><b>Noticia en desarrollo <\/b><\/i><\/p>\n<p>\u200bEl gendarme que estuvo cautivo en Venezuela brinda una conferencia de prensa en el Edificio Centinela junto a la ministra de Seguridad, Alejandra Monteoliva y la senadora Patricia Bullrich\u00a0\u00a0<\/p>","protected":false},"excerpt":{"rendered":"<p>El gendarme argentino Nahuel Gallo brinda una conferencia de prensa en la que habla por&#8230;<\/p>\n","protected":false},"author":1,"featured_media":12557,"comment_status":"closed","ping_status":"closed","sticky":false,"template":"","format":"standard","meta":{"_jetpack_memberships_contains_paid_content":false,"footnotes":"","jetpack_publicize_message":"","jetpack_publicize_feature_enabled":true,"jetpack_social_post_already_shared":true,"jetpack_social_options":{"image_generator_settings":{"template":"highway","default_image_id":0,"font":"","enabled":false},"version":2}},"categories":[89],"tags":[],"class_list":["post-12556","post","type-post","status-publish","format-standard","has-post-thumbnail","hentry","category-nacionales"],"yoast_head":"<!-- This site is optimized with the Yoast SEO plugin v27.4 - https:\/\/yoast.com\/product\/yoast-seo-wordpress\/ -->\n<title>Nahuel Gallo habla por primera vez desde su liberaci\u00f3n -<\/title>\n<meta name=\"robots\" content=\"index, follow, max-snippet:-1, max-image-preview:large, max-video-preview:-1\" \/>\n<link rel=\"canonical\" href=\"https:\/\/impactocastex.com.ar\/?p=12556\" \/>\n<meta property=\"og:locale\" content=\"es_ES\" \/>\n<meta property=\"og:type\" content=\"article\" \/>\n<meta property=\"og:title\" content=\"Nahuel Gallo habla por primera vez desde su liberaci\u00f3n -\" \/>\n<meta property=\"og:description\" content=\"El gendarme argentino Nahuel Gallo brinda una conferencia de prensa en la que habla por...\" \/>\n<meta property=\"og:url\" content=\"https:\/\/impactocastex.com.ar\/?p=12556\" \/>\n<meta property=\"article:publisher\" content=\"https:\/\/www.facebook.com\/impactocastexdiario\" \/>\n<meta property=\"article:published_time\" content=\"2026-03-04T18:45:10+00:00\" \/>\n<meta property=\"og:image\" content=\"https:\/\/resizer.glanacion.com\/resizer\/v2\/AWNHZNJHNNHQLPZKJETCYFTCV4.png?auth=e0ba8bfb474b5e5ba79f1d4bd368d147ad79e5e74255247a9907c68da4e06226&amp;smart=true&amp;width=609&amp;height=424\" \/>\n<meta name=\"author\" content=\"impactocastex\" \/>\n<meta name=\"twitter:card\" content=\"summary_large_image\" \/>\n<meta name=\"twitter:label1\" content=\"Escrito por\" \/>\n\t<meta name=\"twitter:data1\" content=\"impactocastex\" \/>\n\t<meta name=\"twitter:label2\" content=\"Tiempo de lectura\" \/>\n\t<meta name=\"twitter:data2\" content=\"2 minutos\" \/>\n<script type=\"application\/ld+json\" class=\"yoast-schema-graph\">{\"@context\":\"https:\\\/\\\/schema.org\",\"@graph\":[{\"@type\":\"Article\",\"@id\":\"https:\\\/\\\/impactocastex.com.ar\\\/?p=12556#article\",\"isPartOf\":{\"@id\":\"https:\\\/\\\/impactocastex.com.ar\\\/?p=12556\"},\"author\":{\"name\":\"impactocastex\",\"@id\":\"https:\\\/\\\/impactocastex.com.ar\\\/#\\\/schema\\\/person\\\/86cb4f827fb5f87869a239b98a69c6e3\"},\"headline\":\"Nahuel Gallo habla por primera vez desde su liberaci\u00f3n\",\"datePublished\":\"2026-03-04T18:45:10+00:00\",\"mainEntityOfPage\":{\"@id\":\"https:\\\/\\\/impactocastex.com.ar\\\/?p=12556\"},\"wordCount\":428,\"publisher\":{\"@id\":\"https:\\\/\\\/impactocastex.com.ar\\\/#organization\"},\"image\":{\"@id\":\"https:\\\/\\\/impactocastex.com.ar\\\/?p=12556#primaryimage\"},\"thumbnailUrl\":\"https:\\\/\\\/impactocastex.com.ar\\\/wp-content\\\/uploads\\\/2026\\\/03\\\/XDV5URIOZRH6PE3MRVSIRSFFOY-MLZEoX.jpg\",\"articleSection\":[\"NACIONALES\"],\"inLanguage\":\"es\"},{\"@type\":\"WebPage\",\"@id\":\"https:\\\/\\\/impactocastex.com.ar\\\/?p=12556\",\"url\":\"https:\\\/\\\/impactocastex.com.ar\\\/?p=12556\",\"name\":\"Nahuel Gallo habla por primera vez desde su liberaci\u00f3n -\",\"isPartOf\":{\"@id\":\"https:\\\/\\\/impactocastex.com.ar\\\/#website\"},\"primaryImageOfPage\":{\"@id\":\"https:\\\/\\\/impactocastex.com.ar\\\/?p=12556#primaryimage\"},\"image\":{\"@id\":\"https:\\\/\\\/impactocastex.com.ar\\\/?p=12556#primaryimage\"},\"thumbnailUrl\":\"https:\\\/\\\/impactocastex.com.ar\\\/wp-content\\\/uploads\\\/2026\\\/03\\\/XDV5URIOZRH6PE3MRVSIRSFFOY-MLZEoX.jpg\",\"datePublished\":\"2026-03-04T18:45:10+00:00\",\"breadcrumb\":{\"@id\":\"https:\\\/\\\/impactocastex.com.ar\\\/?p=12556#breadcrumb\"},\"inLanguage\":\"es\",\"potentialAction\":[{\"@type\":\"ReadAction\",\"target\":[\"https:\\\/\\\/impactocastex.com.ar\\\/?p=12556\"]}]},{\"@type\":\"ImageObject\",\"inLanguage\":\"es\",\"@id\":\"https:\\\/\\\/impactocastex.com.ar\\\/?p=12556#primaryimage\",\"url\":\"https:\\\/\\\/impactocastex.com.ar\\\/wp-content\\\/uploads\\\/2026\\\/03\\\/XDV5URIOZRH6PE3MRVSIRSFFOY-MLZEoX.jpg\",\"contentUrl\":\"https:\\\/\\\/impactocastex.com.ar\\\/wp-content\\\/uploads\\\/2026\\\/03\\\/XDV5URIOZRH6PE3MRVSIRSFFOY-MLZEoX.jpg\",\"width\":1177,\"height\":704},{\"@type\":\"BreadcrumbList\",\"@id\":\"https:\\\/\\\/impactocastex.com.ar\\\/?p=12556#breadcrumb\",\"itemListElement\":[{\"@type\":\"ListItem\",\"position\":1,\"name\":\"Portada\",\"item\":\"https:\\\/\\\/impactocastex.com.ar\\\/\"},{\"@type\":\"ListItem\",\"position\":2,\"name\":\"Nahuel Gallo habla por primera vez desde su liberaci\u00f3n\"}]},{\"@type\":\"WebSite\",\"@id\":\"https:\\\/\\\/impactocastex.com.ar\\\/#website\",\"url\":\"https:\\\/\\\/impactocastex.com.ar\\\/\",\"name\":\"Impacto Castex\",\"description\":\"\",\"publisher\":{\"@id\":\"https:\\\/\\\/impactocastex.com.ar\\\/#organization\"},\"potentialAction\":[{\"@type\":\"SearchAction\",\"target\":{\"@type\":\"EntryPoint\",\"urlTemplate\":\"https:\\\/\\\/impactocastex.com.ar\\\/?s={search_term_string}\"},\"query-input\":{\"@type\":\"PropertyValueSpecification\",\"valueRequired\":true,\"valueName\":\"search_term_string\"}}],\"inLanguage\":\"es\"},{\"@type\":\"Organization\",\"@id\":\"https:\\\/\\\/impactocastex.com.ar\\\/#organization\",\"name\":\"Impacto Castex\",\"url\":\"https:\\\/\\\/impactocastex.com.ar\\\/\",\"logo\":{\"@type\":\"ImageObject\",\"inLanguage\":\"es\",\"@id\":\"https:\\\/\\\/impactocastex.com.ar\\\/#\\\/schema\\\/logo\\\/image\\\/\",\"url\":\"https:\\\/\\\/impactocastex.com.ar\\\/wp-content\\\/uploads\\\/2025\\\/09\\\/cropped-icoweb.png\",\"contentUrl\":\"https:\\\/\\\/impactocastex.com.ar\\\/wp-content\\\/uploads\\\/2025\\\/09\\\/cropped-icoweb.png\",\"width\":512,\"height\":512,\"caption\":\"Impacto Castex\"},\"image\":{\"@id\":\"https:\\\/\\\/impactocastex.com.ar\\\/#\\\/schema\\\/logo\\\/image\\\/\"},\"sameAs\":[\"https:\\\/\\\/www.facebook.com\\\/impactocastexdiario\",\"https:\\\/\\\/www.instagram.com\\\/impactocastex.com.ar\\\/\"]},{\"@type\":\"Person\",\"@id\":\"https:\\\/\\\/impactocastex.com.ar\\\/#\\\/schema\\\/person\\\/86cb4f827fb5f87869a239b98a69c6e3\",\"name\":\"impactocastex\",\"image\":{\"@type\":\"ImageObject\",\"inLanguage\":\"es\",\"@id\":\"https:\\\/\\\/secure.gravatar.com\\\/avatar\\\/9a87ee051ca8c77f5d4070843ce2c78cdf95b858b950fb039151de955122f5f5?s=96&d=mm&r=g\",\"url\":\"https:\\\/\\\/secure.gravatar.com\\\/avatar\\\/9a87ee051ca8c77f5d4070843ce2c78cdf95b858b950fb039151de955122f5f5?s=96&d=mm&r=g\",\"contentUrl\":\"https:\\\/\\\/secure.gravatar.com\\\/avatar\\\/9a87ee051ca8c77f5d4070843ce2c78cdf95b858b950fb039151de955122f5f5?s=96&d=mm&r=g\",\"caption\":\"impactocastex\"},\"sameAs\":[\"https:\\\/\\\/impactocastex.com.ar\"],\"url\":\"https:\\\/\\\/impactocastex.com.ar\\\/?author=1\"}]}<\/script>\n<!-- \/ Yoast SEO plugin. -->","yoast_head_json":{"title":"Nahuel Gallo habla por primera vez desde su liberaci\u00f3n -","robots":{"index":"index","follow":"follow","max-snippet":"max-snippet:-1","max-image-preview":"max-image-preview:large","max-video-preview":"max-video-preview:-1"},"canonical":"https:\/\/impactocastex.com.ar\/?p=12556","og_locale":"es_ES","og_type":"article","og_title":"Nahuel Gallo habla por primera vez desde su liberaci\u00f3n -","og_description":"El gendarme argentino Nahuel Gallo brinda una conferencia de prensa en la que habla por...","og_url":"https:\/\/impactocastex.com.ar\/?p=12556","article_publisher":"https:\/\/www.facebook.com\/impactocastexdiario","article_published_time":"2026-03-04T18:45:10+00:00","og_image":[{"url":"https:\/\/resizer.glanacion.com\/resizer\/v2\/AWNHZNJHNNHQLPZKJETCYFTCV4.png?auth=e0ba8bfb474b5e5ba79f1d4bd368d147ad79e5e74255247a9907c68da4e06226&amp;smart=true&amp;width=609&amp;height=424","type":"","width":"","height":""}],"author":"impactocastex","twitter_card":"summary_large_image","twitter_misc":{"Escrito por":"impactocastex","Tiempo de lectura":"2 minutos"},"schema":{"@context":"https:\/\/schema.org","@graph":[{"@type":"Article","@id":"https:\/\/impactocastex.com.ar\/?p=12556#article","isPartOf":{"@id":"https:\/\/impactocastex.com.ar\/?p=12556"},"author":{"name":"impactocastex","@id":"https:\/\/impactocastex.com.ar\/#\/schema\/person\/86cb4f827fb5f87869a239b98a69c6e3"},"headline":"Nahuel Gallo habla por primera vez desde su liberaci\u00f3n","datePublished":"2026-03-04T18:45:10+00:00","mainEntityOfPage":{"@id":"https:\/\/impactocastex.com.ar\/?p=12556"},"wordCount":428,"publisher":{"@id":"https:\/\/impactocastex.com.ar\/#organization"},"image":{"@id":"https:\/\/impactocastex.com.ar\/?p=12556#primaryimage"},"thumbnailUrl":"https:\/\/impactocastex.com.ar\/wp-content\/uploads\/2026\/03\/XDV5URIOZRH6PE3MRVSIRSFFOY-MLZEoX.jpg","articleSection":["NACIONALES"],"inLanguage":"es"},{"@type":"WebPage","@id":"https:\/\/impactocastex.com.ar\/?p=12556","url":"https:\/\/impactocastex.com.ar\/?p=12556","name":"Nahuel Gallo habla por primera vez desde su liberaci\u00f3n -","isPartOf":{"@id":"https:\/\/impactocastex.com.ar\/#website"},"primaryImageOfPage":{"@id":"https:\/\/impactocastex.com.ar\/?p=12556#primaryimage"},"image":{"@id":"https:\/\/impactocastex.com.ar\/?p=12556#primaryimage"},"thumbnailUrl":"https:\/\/impactocastex.com.ar\/wp-content\/uploads\/2026\/03\/XDV5URIOZRH6PE3MRVSIRSFFOY-MLZEoX.jpg","datePublished":"2026-03-04T18:45:10+00:00","breadcrumb":{"@id":"https:\/\/impactocastex.com.ar\/?p=12556#breadcrumb"},"inLanguage":"es","potentialAction":[{"@type":"ReadAction","target":["https:\/\/impactocastex.com.ar\/?p=12556"]}]},{"@type":"ImageObject","inLanguage":"es","@id":"https:\/\/impactocastex.com.ar\/?p=12556#primaryimage","url":"https:\/\/impactocastex.com.ar\/wp-content\/uploads\/2026\/03\/XDV5URIOZRH6PE3MRVSIRSFFOY-MLZEoX.jpg","contentUrl":"https:\/\/impactocastex.com.ar\/wp-content\/uploads\/2026\/03\/XDV5URIOZRH6PE3MRVSIRSFFOY-MLZEoX.jpg","width":1177,"height":704},{"@type":"BreadcrumbList","@id":"https:\/\/impactocastex.com.ar\/?p=12556#breadcrumb","itemListElement":[{"@type":"ListItem","position":1,"name":"Portada","item":"https:\/\/impactocastex.com.ar\/"},{"@type":"ListItem","position":2,"name":"Nahuel Gallo habla por primera vez desde su liberaci\u00f3n"}]},{"@type":"WebSite","@id":"https:\/\/impactocastex.com.ar\/#website","url":"https:\/\/impactocastex.com.ar\/","name":"Impacto Castex","description":"","publisher":{"@id":"https:\/\/impactocastex.com.ar\/#organization"},"potentialAction":[{"@type":"SearchAction","target":{"@type":"EntryPoint","urlTemplate":"https:\/\/impactocastex.com.ar\/?s={search_term_string}"},"query-input":{"@type":"PropertyValueSpecification","valueRequired":true,"valueName":"search_term_string"}}],"inLanguage":"es"},{"@type":"Organization","@id":"https:\/\/impactocastex.com.ar\/#organization","name":"Impacto Castex","url":"https:\/\/impactocastex.com.ar\/","logo":{"@type":"ImageObject","inLanguage":"es","@id":"https:\/\/impactocastex.com.ar\/#\/schema\/logo\/image\/","url":"https:\/\/impactocastex.com.ar\/wp-content\/uploads\/2025\/09\/cropped-icoweb.png","contentUrl":"https:\/\/impactocastex.com.ar\/wp-content\/uploads\/2025\/09\/cropped-icoweb.png","width":512,"height":512,"caption":"Impacto Castex"},"image":{"@id":"https:\/\/impactocastex.com.ar\/#\/schema\/logo\/image\/"},"sameAs":["https:\/\/www.facebook.com\/impactocastexdiario","https:\/\/www.instagram.com\/impactocastex.com.ar\/"]},{"@type":"Person","@id":"https:\/\/impactocastex.com.ar\/#\/schema\/person\/86cb4f827fb5f87869a239b98a69c6e3","name":"impactocastex","image":{"@type":"ImageObject","inLanguage":"es","@id":"https:\/\/secure.gravatar.com\/avatar\/9a87ee051ca8c77f5d4070843ce2c78cdf95b858b950fb039151de955122f5f5?s=96&d=mm&r=g","url":"https:\/\/secure.gravatar.com\/avatar\/9a87ee051ca8c77f5d4070843ce2c78cdf95b858b950fb039151de955122f5f5?s=96&d=mm&r=g","contentUrl":"https:\/\/secure.gravatar.com\/avatar\/9a87ee051ca8c77f5d4070843ce2c78cdf95b858b950fb039151de955122f5f5?s=96&d=mm&r=g","caption":"impactocastex"},"sameAs":["https:\/\/impactocastex.com.ar"],"url":"https:\/\/impactocastex.com.ar\/?author=1"}]}},"jetpack_publicize_connections":[],"featured_image_urls":{"full":["https:\/\/impactocastex.com.ar\/wp-content\/uploads\/2026\/03\/XDV5URIOZRH6PE3MRVSIRSFFOY-MLZEoX.jpg",1177,704,false],"thumbnail":["https:\/\/impactocastex.com.ar\/wp-content\/uploads\/2026\/03\/XDV5URIOZRH6PE3MRVSIRSFFOY-MLZEoX-150x150.jpg",150,150,true],"medium":["https:\/\/impactocastex.com.ar\/wp-content\/uploads\/2026\/03\/XDV5URIOZRH6PE3MRVSIRSFFOY-MLZEoX-300x179.jpg",300,179,true],"medium_large":["https:\/\/impactocastex.com.ar\/wp-content\/uploads\/2026\/03\/XDV5URIOZRH6PE3MRVSIRSFFOY-MLZEoX-768x459.jpg",640,383,true],"large":["https:\/\/impactocastex.com.ar\/wp-content\/uploads\/2026\/03\/XDV5URIOZRH6PE3MRVSIRSFFOY-MLZEoX-1024x612.jpg",640,383,true],"1536x1536":["https:\/\/impactocastex.com.ar\/wp-content\/uploads\/2026\/03\/XDV5URIOZRH6PE3MRVSIRSFFOY-MLZEoX.jpg",1177,704,false],"2048x2048":["https:\/\/impactocastex.com.ar\/wp-content\/uploads\/2026\/03\/XDV5URIOZRH6PE3MRVSIRSFFOY-MLZEoX.jpg",1177,704,false],"newsever-slider-full":["https:\/\/impactocastex.com.ar\/wp-content\/uploads\/2026\/03\/XDV5URIOZRH6PE3MRVSIRSFFOY-MLZEoX.jpg",1177,704,false],"newsever-featured":["https:\/\/impactocastex.com.ar\/wp-content\/uploads\/2026\/03\/XDV5URIOZRH6PE3MRVSIRSFFOY-MLZEoX-1024x612.jpg",1024,612,true],"newsever-medium":["https:\/\/impactocastex.com.ar\/wp-content\/uploads\/2026\/03\/XDV5URIOZRH6PE3MRVSIRSFFOY-MLZEoX-720x475.jpg",720,475,true]},"author_info":{"info":["impactocastex"]},"category_info":"<a href=\"https:\/\/impactocastex.com.ar\/?cat=89\" rel=\"category\">NACIONALES<\/a>","tag_info":"NACIONALES","comment_count":0,"jetpack_featured_media_url":"https:\/\/impactocastex.com.ar\/wp-content\/uploads\/2026\/03\/XDV5URIOZRH6PE3MRVSIRSFFOY-MLZEoX.jpg","jetpack_sharing_enabled":true,"jetpack_likes_enabled":true,"jetpack_shortlink":"https:\/\/wp.me\/p7sopA-3gw","_links":{"self":[{"href":"https:\/\/impactocastex.com.ar\/index.php?rest_route=\/wp\/v2\/posts\/12556","targetHints":{"allow":["GET"]}}],"collection":[{"href":"https:\/\/impactocastex.com.ar\/index.php?rest_route=\/wp\/v2\/posts"}],"about":[{"href":"https:\/\/impactocastex.com.ar\/index.php?rest_route=\/wp\/v2\/types\/post"}],"author":[{"embeddable":true,"href":"https:\/\/impactocastex.com.ar\/index.php?rest_route=\/wp\/v2\/users\/1"}],"replies":[{"embeddable":true,"href":"https:\/\/impactocastex.com.ar\/index.php?rest_route=%2Fwp%2Fv2%2Fcomments&post=12556"}],"version-history":[{"count":0,"href":"https:\/\/impactocastex.com.ar\/index.php?rest_route=\/wp\/v2\/posts\/12556\/revisions"}],"wp:featuredmedia":[{"embeddable":true,"href":"https:\/\/impactocastex.com.ar\/index.php?rest_route=\/wp\/v2\/media\/12557"}],"wp:attachment":[{"href":"https:\/\/impactocastex.com.ar\/index.php?rest_route=%2Fwp%2Fv2%2Fmedia&parent=12556"}],"wp:term":[{"taxonomy":"category","embeddable":true,"href":"https:\/\/impactocastex.com.ar\/index.php?rest_route=%2Fwp%2Fv2%2Fcategories&post=12556"},{"taxonomy":"post_tag","embeddable":true,"href":"https:\/\/impactocastex.com.ar\/index.php?rest_route=%2Fwp%2Fv2%2Ftags&post=12556"}],"curies":[{"name":"wp","href":"https:\/\/api.w.org\/{rel}","templated":true}]}}