{"id":12539,"date":"2026-03-04T03:29:11","date_gmt":"2026-03-04T06:29:11","guid":{"rendered":"https:\/\/impactocastex.com.ar\/?p=12539"},"modified":"2026-03-04T03:29:11","modified_gmt":"2026-03-04T06:29:11","slug":"los-empresarios-pidieron-respeto-y-dijeron-que-no-son-responsables-de-las-distorsiones-del-pasado","status":"publish","type":"post","link":"https:\/\/impactocastex.com.ar\/?p=12539","title":{"rendered":"Los empresarios pidieron \u201crespeto\u201d y dijeron que no son responsables de las \u201cdistorsiones\u201d del pasado"},"content":{"rendered":"<p>Luego de las cr\u00edticas del presidente Javier Milei en el Congreso, los empresarios <b>pidieron un di\u00e1logo constructivo y respetuoso, negaron ser los responsables de las \u201cdistorsiones\u201d que se generaron en el pasado y reclamaron generar las conduciones para poder invertir. <\/b><\/p>\n<p>Esos conceptos vinieron de la Asociaci\u00f3n Empresaria Argentina (AEA) y la Uni\u00f3n Industrial Argentina (UIA) a trav\u00e9s de varios comunicados. <\/p>\n<p>\u201cDesde AEA siempre hemos destacado el papel central que desempe\u00f1an las empresas privadas en el desarrollo econ\u00f3mico y social de las sociedades modernas. Son las empresas privadas las principales responsables de la producci\u00f3n de la mayor parte de los bienes y servicios, de la generaci\u00f3n de empleo, de las exportaciones, as\u00ed como de contribuir a sostener mediante el pago de impuestos el funcionamiento del Estado\u201d, dijeron en AEA. <\/p>\n<p>\u201cPara que dichas empresas puedan desempe\u00f1ar plenamente su rol, es necesario seguir avanzando en el proceso de estabilizaci\u00f3n de la econom\u00eda que permita generar las condiciones para el crecimiento sostenido. Equilibrar las cuentas p\u00fablicas, evitar la emisi\u00f3n monetaria espuria, reducir paulatinamente la participaci\u00f3n del gasto p\u00fablico en el PBI, y continuar disminuyendo la presi\u00f3n tributaria sobre el sector formal, son todas medidas que valoramos como muy positivas, y que fueron postergadas durante a\u00f1os\u201d, agregaron en la asociaci\u00f3n que hasta abril dirige Jaime Campos. <\/p>\n<p>\u201cAdicionalmente, para avanzar hacia un crecimiento sostenido, es indispensable promover <b>un di\u00e1logo constructivo y respetuoso<\/b> entre el Gobierno y el sector privado de modo de remover los obst\u00e1culos al desarrollo, as\u00ed como de <b>generar condiciones cada vez m\u00e1s favorables para la concreci\u00f3n de inversiones productivas <\/b>en diferentes sectores de la actividad econ\u00f3mica\u201d, cerraron en la entidad que nuclea los due\u00f1os de las principales empresas. <\/p>\n<p>La <b>UIA<\/b> tambi\u00e9n respondi\u00f3 este martes -sin mencionarlo de manera expl\u00edcita, pero de forma inequ\u00edvoca- a las cr\u00edticas que el Presidente <a href=\"https:\/\/www.lanacion.com.ar\/politica\/milei-inauguro-las-sesiones-ordinarias-con-ataques-al-kirchnerismo-criticas-a-los-empresarios-y-nid01032026\/\" target=\"_blank\" rel=\"noreferrer\" title=\"https:\/\/www.lanacion.com.ar\/politica\/milei-inauguro-las-sesiones-ordinarias-con-ataques-al-kirchnerismo-criticas-a-los-empresarios-y-nid01032026\/\">lanz\u00f3 a empresarios del sector el domingo en la apertura de sesiones ordinarias del Congreso.<\/a><\/p>\n<p>En un comunicado difundido tras la reuni\u00f3n de su Comit\u00e9 Ejecutivo con representantes industriales del Norte del pa\u00eds, la entidad plante\u00f3 que<b> \u201ces importante se\u00f1alar que el empresario argentino no dise\u00f1\u00f3 el marco econ\u00f3mico previo ni es responsable de las distorsiones estructurales acumuladas durante d\u00e9cadas\u201d<\/b>. Y agreg\u00f3 una definici\u00f3n pol\u00edtica central:<b> \u201cEn esta etapa de transformaci\u00f3n, queremos ser claros: el respeto es condici\u00f3n b\u00e1sica del desarrollo. Respeto hacia quienes producen, invierten y generan empleo en todo el pa\u00eds\u201d<\/b>.<\/p>\n<p>La UIA subray\u00f3 que la industria produce el 19% del PBI, aporta el 27% de la recaudaci\u00f3n nacional y genera 1,2 millones de empleos directos \u20143,6 millones si se contabilizan los indirectos\u2014. Detr\u00e1s de esos n\u00fameros, afirm\u00f3, hay \u201ccapital social construido por empresarios y trabajadores\u201d, y un entramado productivo que cumple un rol estrat\u00e9gico por su capacidad de agregar valor y generar divisas.<\/p>\n<p>En ese marco, la entidad advirti\u00f3 que la transici\u00f3n hacia el nuevo esquema econ\u00f3mico \u201cimplica un proceso de adaptaci\u00f3n profundo que no es homog\u00e9neo ni inmediato\u201d. Seg\u00fan la UIA, muchas empresas \u2014especialmente pymes\u2014 atraviesan una situaci\u00f3n cr\u00edtica, marcada por bajo nivel de actividad, alta presi\u00f3n fiscal, dificultades para financiarse y ca\u00edda del empleo.<\/p>\n<p>El documento reconoce \u201clos avances logrados por el gobierno nacional en materia de equilibrio fiscal\u201d y la baja de la inflaci\u00f3n, as\u00ed como la decisi\u00f3n de encarar reformas estructurales e impulsar la integraci\u00f3n internacional. Pero al mismo tiempo advierte que <b>la transici\u00f3n hacia un nuevo esquema econ\u00f3mico \u201cimplica un proceso de adaptaci\u00f3n profundo que no es homog\u00e9neo ni inmediato\u201d, <\/b>con pymes atravesando una situaci\u00f3n compleja por bajo nivel de actividad, presi\u00f3n fiscal y dificultades de financiamiento.<\/p>\n<p><img loading=\"lazy\" decoding=\"async\" src=\"https:\/\/resizer.glanacion.com\/resizer\/v2\/HTPZ7WTX45BPLLGABVT5DZPQGQ.JPEG?auth=d8a5cc9619e63e4ce0cb113629719d437ddbde7c6b2ad7a34ad87de8dcf696d6&amp;smart=true&amp;width=2000&amp;height=1332\" alt=\"Javier Milei durante la apertura de sesiones ordinarias del Congreso, donde cuestion\u00f3 a sectores industriales y defendi\u00f3 la apertura econ\u00f3mica\" height=\"1332\" width=\"2000\" \/><\/p>\n<p>El tono del comunicado de la entidad fabril representa la primera respuesta institucional de peso luego del discurso presidencial, en el que Milei cuestion\u00f3 con dureza a sectores industriales a los que acus\u00f3 de haber sido beneficiarios de un esquema de privilegios.<\/p>\n<p><b>\u201c\u00bfO acaso les parece normal pagar la tonelada de tubo de acero US$4000 cuando se paga US$1400?\u201d,<\/b> lanz\u00f3 el Presidente en el Congreso, en alusi\u00f3n a la disputa que abri\u00f3 hace semanas con el presidente de Techint <b>Paolo Rocca <\/b>-el empresario de mayor peso en la UIA-, a quien calific\u00f3 como \u201cDon Chatarr\u00edn de los tubitos caros\u201d. Tambi\u00e9n apunt\u00f3 contra el sector del neum\u00e1tico (luego del cierre de Fate, que pertenece a Javier Madanes Quintanilla) y el textil:<b> \u201c\u00bfO acaso les parece bien pagar los neum\u00e1ticos tres o cuatro veces m\u00e1s caros?\u201d <\/b>y \u201c\u00bfacaso les parece bien pagar una remera b\u00e1sica 50 d\u00f3lares cuando la importada cuesta 5?\u201d.<\/p>\n<p>En ese tramo de su exposici\u00f3n, Milei sostuvo que hubo empresarios \u201cprebendarios\u201d que compraron privilegios a pol\u00edticos corruptos y <b>defendi\u00f3 la apertura comercial como un imperativo moral, econ\u00f3mico y social.<\/b> La protecci\u00f3n, afirm\u00f3, implic\u00f3 \u201crobar\u201d a los consumidores al obligarlos a pagar precios m\u00e1s altos.<\/p>\n<p>La respuesta de la UIA no confronta directamente con la estrategia oficial de desregulaci\u00f3n y apertura, pero marca un l\u00edmite pol\u00edtico. Al reivindicar que los empresarios no son responsables del <b>\u201cmarco econ\u00f3mico previo\u201d,<\/b> la central fabril busca despegar al sector productivo de las \u201cdistorsiones\u201d acumuladas en d\u00e9cadas de alta inflaci\u00f3n, presi\u00f3n tributaria y volatilidad cambiaria.<\/p>\n<p><b>\u201cEl respeto es el punto de partida para reconstruir la confianza que la Argentina necesita, tanto puertas adentro como frente al mundo\u201d<\/b>, se\u00f1al\u00f3 la entidad, que reafirm\u00f3 su \u201cvocaci\u00f3n de trabajar junto al Gobierno, los trabajadores y toda la sociedad para construir una econom\u00eda productiva, moderna e integrada al mundo\u201d.<\/p>\n<p>En ese equilibrio delicado se mueve hoy la principal organizaci\u00f3n empresaria del pa\u00eds: respalda la estabilizaci\u00f3n macroecon\u00f3mica y las reformas estructurales, pero advierte sobre los costos sectoriales de una apertura acelerada y reclama condiciones de competitividad equivalentes a las internacionales.<\/p>\n<p>El 18 de febrero, la UIA hab\u00eda lamentado el cierre de la hist\u00f3rica f\u00e1brica de neum\u00e1ticos <b>Fate<\/b> \u2014de Madanes Quintanilla\u2014 y el despido de 920 trabajadores en la planta de Virreyes,<a href=\"https:\/\/www.lanacion.com.ar\/economia\/fate-el-gobierno-analiza-si-prorroga-la-conciliacion-en-medio-de-un-paro-y-una-nueva-denuncia-en-la-nid03032026\/\" target=\"_blank\" rel=\"noreferrer\" title=\"https:\/\/www.lanacion.com.ar\/economia\/fate-el-gobierno-analiza-si-prorroga-la-conciliacion-en-medio-de-un-paro-y-una-nueva-denuncia-en-la-nid03032026\/\"> en un conflicto que a\u00fan no encuentra una soluci\u00f3n definitiva<\/a>. En ese contexto, la entidad advirti\u00f3 que la industria perdi\u00f3 cerca de 65.000 empleos desde el inicio de la gesti\u00f3n de Milei, lo que equivale a una ca\u00edda del 5,4% del empleo formal del sector. El m\u00e1s afectado fue el rubro textil.<\/p>\n<p><img loading=\"lazy\" decoding=\"async\" src=\"https:\/\/resizer.glanacion.com\/resizer\/v2\/RRZMNMX5KVDSXLUMFGY5FKGCOM.jpg?auth=fd920c2e5422c5217b53fbe9ec37944fce911ad20477a86132de64f658e706bf&amp;smart=true&amp;width=2000&amp;height=1333\" alt=\"La UIA advirti\u00f3 que la industria perdi\u00f3 cerca de 65.000 empleos desde el inicio de la gesti\u00f3n de Milei\" height=\"1333\" width=\"2000\" \/><\/p>\n<p>Seg\u00fan datos del Indec, el \u00edndice de producci\u00f3n industrial manufacturero todav\u00eda se ubica 8,4% por debajo del nivel registrado en noviembre de 2023 \u2014antes del cambio de gobierno\u2014 en la serie desestacionalizada. Las ca\u00eddas m\u00e1s pronunciadas se concentran en textiles (-47,7%), veh\u00edculos automotores (-37,7%), productos de metal (-28,9%) y minerales no met\u00e1licos (-26,7%). En contraste, refinaci\u00f3n de petr\u00f3leo (+15,2%) y alimentos y bebidas (+2,8%) aparecen como los \u00fanicos rubros que lograron expandirse durante la actual administraci\u00f3n.<\/p>\n<p>La baja utilizaci\u00f3n de las plantas industriales tambi\u00e9n da cuenta del freno en la actividad. En diciembre, la utilizaci\u00f3n de la capacidad instalada se ubic\u00f3 en 53,8%, por debajo del 56,7% de igual mes de 2024 y el nivel m\u00e1s bajo para ese mes desde que comenz\u00f3 la serie en 2016. Incluso qued\u00f3 por debajo del registro de diciembre de 2020, en plena salida de la pandemia. Para encontrar un dato inferior hay que retroceder a marzo de 2024 (53,2%), uno de los momentos m\u00e1s cr\u00edticos del ajuste inicial de la gesti\u00f3n de Milei.<\/p>\n<p>La frase \u201cSin industria no hay Naci\u00f3n\u201d, lema de la casa fabril, remite a una advertencia formulada en 1892 por el entonces presidente <b>Carlos Pellegrini<\/b>, <a href=\"https:\/\/www.lanacion.com.ar\/economia\/sin-industria-no-hay-nacion-nid1519004\/\" target=\"_blank\" rel=\"noreferrer\" title=\"https:\/\/www.lanacion.com.ar\/economia\/sin-industria-no-hay-nacion-nid1519004\/\">quien sostuvo que \u201csolo vendiendo pasto no se construye una Naci\u00f3n\u201d<\/a>. La cita no es casual: mientras el Gobierno suele reivindicar el modelo agroexportador de fines del siglo XIX como ejemplo de crecimiento, la central fabril busca recordar que incluso en esa etapa del pa\u00eds exist\u00eda la preocupaci\u00f3n por desarrollar una base industrial que agregara valor a la producci\u00f3n primaria.<\/p>\n<p>El cruce refleja un debate de fondo en la econom\u00eda argentina. Para Milei, la apertura busca corregir d\u00e9cadas de protecci\u00f3n que, seg\u00fan su visi\u00f3n, encarecieron bienes para los consumidores. Para una parte del sector industrial, el desaf\u00edo es adaptarse a esa competencia sin que la transici\u00f3n erosione el empleo y la estructura productiva.<\/p>\n<p>\u200bAEA reclam\u00f3 di\u00e1logo constructivo y respetuoso; la UIA difundi\u00f3 un comunicado luego del discurso del Presidente en el Congreso defendiendo a los industriales y reclam\u00f3 reglas claras en la transici\u00f3n hacia una econom\u00eda abierta\u00a0\u00a0<\/p>","protected":false},"excerpt":{"rendered":"<p>Luego de las cr\u00edticas del presidente Javier Milei en el Congreso, los empresarios pidieron un&#8230;<\/p>\n","protected":false},"author":1,"featured_media":12540,"comment_status":"closed","ping_status":"closed","sticky":false,"template":"","format":"standard","meta":{"_jetpack_memberships_contains_paid_content":false,"footnotes":"","jetpack_publicize_message":"","jetpack_publicize_feature_enabled":true,"jetpack_social_post_already_shared":true,"jetpack_social_options":{"image_generator_settings":{"template":"highway","default_image_id":0,"font":"","enabled":false},"version":2}},"categories":[89],"tags":[],"class_list":["post-12539","post","type-post","status-publish","format-standard","has-post-thumbnail","hentry","category-nacionales"],"yoast_head":"<!-- This site is optimized with the Yoast SEO plugin v27.4 - https:\/\/yoast.com\/product\/yoast-seo-wordpress\/ -->\n<title>Los empresarios pidieron \u201crespeto\u201d y dijeron que no son responsables de las \u201cdistorsiones\u201d del pasado -<\/title>\n<meta name=\"robots\" content=\"index, follow, max-snippet:-1, max-image-preview:large, max-video-preview:-1\" \/>\n<link rel=\"canonical\" href=\"https:\/\/impactocastex.com.ar\/?p=12539\" \/>\n<meta property=\"og:locale\" content=\"es_ES\" \/>\n<meta property=\"og:type\" content=\"article\" \/>\n<meta property=\"og:title\" content=\"Los empresarios pidieron \u201crespeto\u201d y dijeron que no son responsables de las \u201cdistorsiones\u201d del pasado -\" \/>\n<meta property=\"og:description\" content=\"Luego de las cr\u00edticas del presidente Javier Milei en el Congreso, los empresarios pidieron un...\" \/>\n<meta property=\"og:url\" content=\"https:\/\/impactocastex.com.ar\/?p=12539\" \/>\n<meta property=\"article:publisher\" content=\"https:\/\/www.facebook.com\/impactocastexdiario\" \/>\n<meta property=\"article:published_time\" content=\"2026-03-04T06:29:11+00:00\" \/>\n<meta property=\"og:image\" content=\"https:\/\/resizer.glanacion.com\/resizer\/v2\/HTPZ7WTX45BPLLGABVT5DZPQGQ.JPEG?auth=d8a5cc9619e63e4ce0cb113629719d437ddbde7c6b2ad7a34ad87de8dcf696d6&amp;smart=true&amp;width=2000&amp;height=1332\" \/>\n<meta name=\"author\" content=\"impactocastex\" \/>\n<meta name=\"twitter:card\" content=\"summary_large_image\" \/>\n<meta name=\"twitter:label1\" content=\"Escrito por\" \/>\n\t<meta name=\"twitter:data1\" content=\"impactocastex\" \/>\n\t<meta name=\"twitter:label2\" content=\"Tiempo de lectura\" \/>\n\t<meta name=\"twitter:data2\" content=\"7 minutos\" \/>\n<script type=\"application\/ld+json\" class=\"yoast-schema-graph\">{\"@context\":\"https:\\\/\\\/schema.org\",\"@graph\":[{\"@type\":\"Article\",\"@id\":\"https:\\\/\\\/impactocastex.com.ar\\\/?p=12539#article\",\"isPartOf\":{\"@id\":\"https:\\\/\\\/impactocastex.com.ar\\\/?p=12539\"},\"author\":{\"name\":\"impactocastex\",\"@id\":\"https:\\\/\\\/impactocastex.com.ar\\\/#\\\/schema\\\/person\\\/86cb4f827fb5f87869a239b98a69c6e3\"},\"headline\":\"Los empresarios pidieron \u201crespeto\u201d y dijeron que no son responsables de las \u201cdistorsiones\u201d del pasado\",\"datePublished\":\"2026-03-04T06:29:11+00:00\",\"mainEntityOfPage\":{\"@id\":\"https:\\\/\\\/impactocastex.com.ar\\\/?p=12539\"},\"wordCount\":1470,\"publisher\":{\"@id\":\"https:\\\/\\\/impactocastex.com.ar\\\/#organization\"},\"image\":{\"@id\":\"https:\\\/\\\/impactocastex.com.ar\\\/?p=12539#primaryimage\"},\"thumbnailUrl\":\"https:\\\/\\\/impactocastex.com.ar\\\/wp-content\\\/uploads\\\/2026\\\/03\\\/QLAEZMR2BFDURCZRB6KL3HMHTE-yv3gom.jpg\",\"articleSection\":[\"NACIONALES\"],\"inLanguage\":\"es\"},{\"@type\":\"WebPage\",\"@id\":\"https:\\\/\\\/impactocastex.com.ar\\\/?p=12539\",\"url\":\"https:\\\/\\\/impactocastex.com.ar\\\/?p=12539\",\"name\":\"Los empresarios pidieron \u201crespeto\u201d y dijeron que no son responsables de las \u201cdistorsiones\u201d del pasado -\",\"isPartOf\":{\"@id\":\"https:\\\/\\\/impactocastex.com.ar\\\/#website\"},\"primaryImageOfPage\":{\"@id\":\"https:\\\/\\\/impactocastex.com.ar\\\/?p=12539#primaryimage\"},\"image\":{\"@id\":\"https:\\\/\\\/impactocastex.com.ar\\\/?p=12539#primaryimage\"},\"thumbnailUrl\":\"https:\\\/\\\/impactocastex.com.ar\\\/wp-content\\\/uploads\\\/2026\\\/03\\\/QLAEZMR2BFDURCZRB6KL3HMHTE-yv3gom.jpg\",\"datePublished\":\"2026-03-04T06:29:11+00:00\",\"breadcrumb\":{\"@id\":\"https:\\\/\\\/impactocastex.com.ar\\\/?p=12539#breadcrumb\"},\"inLanguage\":\"es\",\"potentialAction\":[{\"@type\":\"ReadAction\",\"target\":[\"https:\\\/\\\/impactocastex.com.ar\\\/?p=12539\"]}]},{\"@type\":\"ImageObject\",\"inLanguage\":\"es\",\"@id\":\"https:\\\/\\\/impactocastex.com.ar\\\/?p=12539#primaryimage\",\"url\":\"https:\\\/\\\/impactocastex.com.ar\\\/wp-content\\\/uploads\\\/2026\\\/03\\\/QLAEZMR2BFDURCZRB6KL3HMHTE-yv3gom.jpg\",\"contentUrl\":\"https:\\\/\\\/impactocastex.com.ar\\\/wp-content\\\/uploads\\\/2026\\\/03\\\/QLAEZMR2BFDURCZRB6KL3HMHTE-yv3gom.jpg\",\"width\":2000,\"height\":1333},{\"@type\":\"BreadcrumbList\",\"@id\":\"https:\\\/\\\/impactocastex.com.ar\\\/?p=12539#breadcrumb\",\"itemListElement\":[{\"@type\":\"ListItem\",\"position\":1,\"name\":\"Portada\",\"item\":\"https:\\\/\\\/impactocastex.com.ar\\\/\"},{\"@type\":\"ListItem\",\"position\":2,\"name\":\"Los empresarios pidieron \u201crespeto\u201d y dijeron que no son responsables de las \u201cdistorsiones\u201d del pasado\"}]},{\"@type\":\"WebSite\",\"@id\":\"https:\\\/\\\/impactocastex.com.ar\\\/#website\",\"url\":\"https:\\\/\\\/impactocastex.com.ar\\\/\",\"name\":\"Impacto Castex\",\"description\":\"\",\"publisher\":{\"@id\":\"https:\\\/\\\/impactocastex.com.ar\\\/#organization\"},\"potentialAction\":[{\"@type\":\"SearchAction\",\"target\":{\"@type\":\"EntryPoint\",\"urlTemplate\":\"https:\\\/\\\/impactocastex.com.ar\\\/?s={search_term_string}\"},\"query-input\":{\"@type\":\"PropertyValueSpecification\",\"valueRequired\":true,\"valueName\":\"search_term_string\"}}],\"inLanguage\":\"es\"},{\"@type\":\"Organization\",\"@id\":\"https:\\\/\\\/impactocastex.com.ar\\\/#organization\",\"name\":\"Impacto Castex\",\"url\":\"https:\\\/\\\/impactocastex.com.ar\\\/\",\"logo\":{\"@type\":\"ImageObject\",\"inLanguage\":\"es\",\"@id\":\"https:\\\/\\\/impactocastex.com.ar\\\/#\\\/schema\\\/logo\\\/image\\\/\",\"url\":\"https:\\\/\\\/impactocastex.com.ar\\\/wp-content\\\/uploads\\\/2025\\\/09\\\/cropped-icoweb.png\",\"contentUrl\":\"https:\\\/\\\/impactocastex.com.ar\\\/wp-content\\\/uploads\\\/2025\\\/09\\\/cropped-icoweb.png\",\"width\":512,\"height\":512,\"caption\":\"Impacto Castex\"},\"image\":{\"@id\":\"https:\\\/\\\/impactocastex.com.ar\\\/#\\\/schema\\\/logo\\\/image\\\/\"},\"sameAs\":[\"https:\\\/\\\/www.facebook.com\\\/impactocastexdiario\",\"https:\\\/\\\/www.instagram.com\\\/impactocastex.com.ar\\\/\"]},{\"@type\":\"Person\",\"@id\":\"https:\\\/\\\/impactocastex.com.ar\\\/#\\\/schema\\\/person\\\/86cb4f827fb5f87869a239b98a69c6e3\",\"name\":\"impactocastex\",\"image\":{\"@type\":\"ImageObject\",\"inLanguage\":\"es\",\"@id\":\"https:\\\/\\\/secure.gravatar.com\\\/avatar\\\/9a87ee051ca8c77f5d4070843ce2c78cdf95b858b950fb039151de955122f5f5?s=96&d=mm&r=g\",\"url\":\"https:\\\/\\\/secure.gravatar.com\\\/avatar\\\/9a87ee051ca8c77f5d4070843ce2c78cdf95b858b950fb039151de955122f5f5?s=96&d=mm&r=g\",\"contentUrl\":\"https:\\\/\\\/secure.gravatar.com\\\/avatar\\\/9a87ee051ca8c77f5d4070843ce2c78cdf95b858b950fb039151de955122f5f5?s=96&d=mm&r=g\",\"caption\":\"impactocastex\"},\"sameAs\":[\"https:\\\/\\\/impactocastex.com.ar\"],\"url\":\"https:\\\/\\\/impactocastex.com.ar\\\/?author=1\"}]}<\/script>\n<!-- \/ Yoast SEO plugin. -->","yoast_head_json":{"title":"Los empresarios pidieron \u201crespeto\u201d y dijeron que no son responsables de las \u201cdistorsiones\u201d del pasado -","robots":{"index":"index","follow":"follow","max-snippet":"max-snippet:-1","max-image-preview":"max-image-preview:large","max-video-preview":"max-video-preview:-1"},"canonical":"https:\/\/impactocastex.com.ar\/?p=12539","og_locale":"es_ES","og_type":"article","og_title":"Los empresarios pidieron \u201crespeto\u201d y dijeron que no son responsables de las \u201cdistorsiones\u201d del pasado -","og_description":"Luego de las cr\u00edticas del presidente Javier Milei en el Congreso, los empresarios pidieron un...","og_url":"https:\/\/impactocastex.com.ar\/?p=12539","article_publisher":"https:\/\/www.facebook.com\/impactocastexdiario","article_published_time":"2026-03-04T06:29:11+00:00","og_image":[{"url":"https:\/\/resizer.glanacion.com\/resizer\/v2\/HTPZ7WTX45BPLLGABVT5DZPQGQ.JPEG?auth=d8a5cc9619e63e4ce0cb113629719d437ddbde7c6b2ad7a34ad87de8dcf696d6&amp;smart=true&amp;width=2000&amp;height=1332","type":"","width":"","height":""}],"author":"impactocastex","twitter_card":"summary_large_image","twitter_misc":{"Escrito por":"impactocastex","Tiempo de lectura":"7 minutos"},"schema":{"@context":"https:\/\/schema.org","@graph":[{"@type":"Article","@id":"https:\/\/impactocastex.com.ar\/?p=12539#article","isPartOf":{"@id":"https:\/\/impactocastex.com.ar\/?p=12539"},"author":{"name":"impactocastex","@id":"https:\/\/impactocastex.com.ar\/#\/schema\/person\/86cb4f827fb5f87869a239b98a69c6e3"},"headline":"Los empresarios pidieron \u201crespeto\u201d y dijeron que no son responsables de las \u201cdistorsiones\u201d del pasado","datePublished":"2026-03-04T06:29:11+00:00","mainEntityOfPage":{"@id":"https:\/\/impactocastex.com.ar\/?p=12539"},"wordCount":1470,"publisher":{"@id":"https:\/\/impactocastex.com.ar\/#organization"},"image":{"@id":"https:\/\/impactocastex.com.ar\/?p=12539#primaryimage"},"thumbnailUrl":"https:\/\/impactocastex.com.ar\/wp-content\/uploads\/2026\/03\/QLAEZMR2BFDURCZRB6KL3HMHTE-yv3gom.jpg","articleSection":["NACIONALES"],"inLanguage":"es"},{"@type":"WebPage","@id":"https:\/\/impactocastex.com.ar\/?p=12539","url":"https:\/\/impactocastex.com.ar\/?p=12539","name":"Los empresarios pidieron \u201crespeto\u201d y dijeron que no son responsables de las \u201cdistorsiones\u201d del pasado -","isPartOf":{"@id":"https:\/\/impactocastex.com.ar\/#website"},"primaryImageOfPage":{"@id":"https:\/\/impactocastex.com.ar\/?p=12539#primaryimage"},"image":{"@id":"https:\/\/impactocastex.com.ar\/?p=12539#primaryimage"},"thumbnailUrl":"https:\/\/impactocastex.com.ar\/wp-content\/uploads\/2026\/03\/QLAEZMR2BFDURCZRB6KL3HMHTE-yv3gom.jpg","datePublished":"2026-03-04T06:29:11+00:00","breadcrumb":{"@id":"https:\/\/impactocastex.com.ar\/?p=12539#breadcrumb"},"inLanguage":"es","potentialAction":[{"@type":"ReadAction","target":["https:\/\/impactocastex.com.ar\/?p=12539"]}]},{"@type":"ImageObject","inLanguage":"es","@id":"https:\/\/impactocastex.com.ar\/?p=12539#primaryimage","url":"https:\/\/impactocastex.com.ar\/wp-content\/uploads\/2026\/03\/QLAEZMR2BFDURCZRB6KL3HMHTE-yv3gom.jpg","contentUrl":"https:\/\/impactocastex.com.ar\/wp-content\/uploads\/2026\/03\/QLAEZMR2BFDURCZRB6KL3HMHTE-yv3gom.jpg","width":2000,"height":1333},{"@type":"BreadcrumbList","@id":"https:\/\/impactocastex.com.ar\/?p=12539#breadcrumb","itemListElement":[{"@type":"ListItem","position":1,"name":"Portada","item":"https:\/\/impactocastex.com.ar\/"},{"@type":"ListItem","position":2,"name":"Los empresarios pidieron \u201crespeto\u201d y dijeron que no son responsables de las \u201cdistorsiones\u201d del pasado"}]},{"@type":"WebSite","@id":"https:\/\/impactocastex.com.ar\/#website","url":"https:\/\/impactocastex.com.ar\/","name":"Impacto Castex","description":"","publisher":{"@id":"https:\/\/impactocastex.com.ar\/#organization"},"potentialAction":[{"@type":"SearchAction","target":{"@type":"EntryPoint","urlTemplate":"https:\/\/impactocastex.com.ar\/?s={search_term_string}"},"query-input":{"@type":"PropertyValueSpecification","valueRequired":true,"valueName":"search_term_string"}}],"inLanguage":"es"},{"@type":"Organization","@id":"https:\/\/impactocastex.com.ar\/#organization","name":"Impacto Castex","url":"https:\/\/impactocastex.com.ar\/","logo":{"@type":"ImageObject","inLanguage":"es","@id":"https:\/\/impactocastex.com.ar\/#\/schema\/logo\/image\/","url":"https:\/\/impactocastex.com.ar\/wp-content\/uploads\/2025\/09\/cropped-icoweb.png","contentUrl":"https:\/\/impactocastex.com.ar\/wp-content\/uploads\/2025\/09\/cropped-icoweb.png","width":512,"height":512,"caption":"Impacto Castex"},"image":{"@id":"https:\/\/impactocastex.com.ar\/#\/schema\/logo\/image\/"},"sameAs":["https:\/\/www.facebook.com\/impactocastexdiario","https:\/\/www.instagram.com\/impactocastex.com.ar\/"]},{"@type":"Person","@id":"https:\/\/impactocastex.com.ar\/#\/schema\/person\/86cb4f827fb5f87869a239b98a69c6e3","name":"impactocastex","image":{"@type":"ImageObject","inLanguage":"es","@id":"https:\/\/secure.gravatar.com\/avatar\/9a87ee051ca8c77f5d4070843ce2c78cdf95b858b950fb039151de955122f5f5?s=96&d=mm&r=g","url":"https:\/\/secure.gravatar.com\/avatar\/9a87ee051ca8c77f5d4070843ce2c78cdf95b858b950fb039151de955122f5f5?s=96&d=mm&r=g","contentUrl":"https:\/\/secure.gravatar.com\/avatar\/9a87ee051ca8c77f5d4070843ce2c78cdf95b858b950fb039151de955122f5f5?s=96&d=mm&r=g","caption":"impactocastex"},"sameAs":["https:\/\/impactocastex.com.ar"],"url":"https:\/\/impactocastex.com.ar\/?author=1"}]}},"jetpack_publicize_connections":[],"featured_image_urls":{"full":["https:\/\/impactocastex.com.ar\/wp-content\/uploads\/2026\/03\/QLAEZMR2BFDURCZRB6KL3HMHTE-yv3gom.jpg",2000,1333,false],"thumbnail":["https:\/\/impactocastex.com.ar\/wp-content\/uploads\/2026\/03\/QLAEZMR2BFDURCZRB6KL3HMHTE-yv3gom-150x150.jpg",150,150,true],"medium":["https:\/\/impactocastex.com.ar\/wp-content\/uploads\/2026\/03\/QLAEZMR2BFDURCZRB6KL3HMHTE-yv3gom-300x200.jpg",300,200,true],"medium_large":["https:\/\/impactocastex.com.ar\/wp-content\/uploads\/2026\/03\/QLAEZMR2BFDURCZRB6KL3HMHTE-yv3gom-768x512.jpg",640,427,true],"large":["https:\/\/impactocastex.com.ar\/wp-content\/uploads\/2026\/03\/QLAEZMR2BFDURCZRB6KL3HMHTE-yv3gom-1024x682.jpg",640,426,true],"1536x1536":["https:\/\/impactocastex.com.ar\/wp-content\/uploads\/2026\/03\/QLAEZMR2BFDURCZRB6KL3HMHTE-yv3gom-1536x1024.jpg",1536,1024,true],"2048x2048":["https:\/\/impactocastex.com.ar\/wp-content\/uploads\/2026\/03\/QLAEZMR2BFDURCZRB6KL3HMHTE-yv3gom.jpg",2000,1333,false],"newsever-slider-full":["https:\/\/impactocastex.com.ar\/wp-content\/uploads\/2026\/03\/QLAEZMR2BFDURCZRB6KL3HMHTE-yv3gom-1280x845.jpg",1280,845,true],"newsever-featured":["https:\/\/impactocastex.com.ar\/wp-content\/uploads\/2026\/03\/QLAEZMR2BFDURCZRB6KL3HMHTE-yv3gom-1024x682.jpg",1024,682,true],"newsever-medium":["https:\/\/impactocastex.com.ar\/wp-content\/uploads\/2026\/03\/QLAEZMR2BFDURCZRB6KL3HMHTE-yv3gom-720x475.jpg",720,475,true]},"author_info":{"info":["impactocastex"]},"category_info":"<a href=\"https:\/\/impactocastex.com.ar\/?cat=89\" rel=\"category\">NACIONALES<\/a>","tag_info":"NACIONALES","comment_count":0,"jetpack_featured_media_url":"https:\/\/impactocastex.com.ar\/wp-content\/uploads\/2026\/03\/QLAEZMR2BFDURCZRB6KL3HMHTE-yv3gom.jpg","jetpack_sharing_enabled":true,"jetpack_likes_enabled":true,"jetpack_shortlink":"https:\/\/wp.me\/p7sopA-3gf","_links":{"self":[{"href":"https:\/\/impactocastex.com.ar\/index.php?rest_route=\/wp\/v2\/posts\/12539","targetHints":{"allow":["GET"]}}],"collection":[{"href":"https:\/\/impactocastex.com.ar\/index.php?rest_route=\/wp\/v2\/posts"}],"about":[{"href":"https:\/\/impactocastex.com.ar\/index.php?rest_route=\/wp\/v2\/types\/post"}],"author":[{"embeddable":true,"href":"https:\/\/impactocastex.com.ar\/index.php?rest_route=\/wp\/v2\/users\/1"}],"replies":[{"embeddable":true,"href":"https:\/\/impactocastex.com.ar\/index.php?rest_route=%2Fwp%2Fv2%2Fcomments&post=12539"}],"version-history":[{"count":0,"href":"https:\/\/impactocastex.com.ar\/index.php?rest_route=\/wp\/v2\/posts\/12539\/revisions"}],"wp:featuredmedia":[{"embeddable":true,"href":"https:\/\/impactocastex.com.ar\/index.php?rest_route=\/wp\/v2\/media\/12540"}],"wp:attachment":[{"href":"https:\/\/impactocastex.com.ar\/index.php?rest_route=%2Fwp%2Fv2%2Fmedia&parent=12539"}],"wp:term":[{"taxonomy":"category","embeddable":true,"href":"https:\/\/impactocastex.com.ar\/index.php?rest_route=%2Fwp%2Fv2%2Fcategories&post=12539"},{"taxonomy":"post_tag","embeddable":true,"href":"https:\/\/impactocastex.com.ar\/index.php?rest_route=%2Fwp%2Fv2%2Ftags&post=12539"}],"curies":[{"name":"wp","href":"https:\/\/api.w.org\/{rel}","templated":true}]}}