{"id":12534,"date":"2026-03-04T03:35:41","date_gmt":"2026-03-04T06:35:41","guid":{"rendered":"https:\/\/impactocastex.com.ar\/?p=12534"},"modified":"2026-03-04T03:35:41","modified_gmt":"2026-03-04T06:35:41","slug":"javier-milei-en-vivo-las-ultimas-medidas-del-gobierno-43","status":"publish","type":"post","link":"https:\/\/impactocastex.com.ar\/?p=12534","title":{"rendered":"Javier Milei, en vivo: las \u00faltimas medidas del Gobierno"},"content":{"rendered":"<p>La senadora de La Libertad Avanza, <a href=\"https:\/\/www.lanacion.com.ar\/politica\/bullrich-confirmo-que-el-gobierno-no-sabia-de-la-liberacion-de-gallo-y-apunto-contra-marcela-pagano-nid03032026\/\" rel=\"\" title=\"https:\/\/www.lanacion.com.ar\/politica\/bullrich-confirmo-que-el-gobierno-no-sabia-de-la-liberacion-de-gallo-y-apunto-contra-marcela-pagano-nid03032026\/\">Patricia Bullrich<\/a>, se refiri\u00f3 esta tarde a la liberaci\u00f3n del gendarme argentino <b>Nahuel Gallo<\/b> y cuestion\u00f3 la intervenci\u00f3n de la<b> Asociaci\u00f3n del F\u00fatbol Argentino (AFA) <\/b>en su traslado, y lo catalog\u00f3 como una \u201cdeslealtad\u201d hacia el Gobierno. De igual modo, critic\u00f3 el supuesto involucramiento de la diputada Marcela Pagano en el asunto. \u201c<b>Sabemos que su marido es parte de ese r\u00e9gimen. Nosotros somos la contracara de eso\u201d, <\/b>sostuvo.<\/p>\n<p>Adem\u00e1s, la legisladora respald\u00f3 los dichos del presidente Javier Milei durante la Asamblea Legislativa acerca de un supuesto intento de desestabilizaci\u00f3n por parte de la oposici\u00f3n en el marco de la campa\u00f1a para las elecciones legislativas, y de su propia vice, <b>Victoria Villarruel<\/b>. Entonces, la jefa de la bancada violeta ratific\u00f3 que la titular del Senado, \u201cva en otra direcci\u00f3n\u201d. Y a modo de chicana, agreg\u00f3<b>: \u201cM\u00e1s para el camino del peronismo, hay que ver si la aceptan\u201d.<\/b><\/p>\n<figure><video height=\"720\" width=\"1280\" poster=\"https:\/\/cdn.jwplayer.com\/v2\/media\/i3UAc4hn\/poster.jpg?width=1280\" preload=\"none\"><\/video><figcaption>Bullrich Habl\u00f3 Sobre Los Cortocircuitos Con Villarruel Y Dio Detalles De La Liberaci\u00f3n Del Gendarme<\/figcaption><\/figure>\n<p><a href=\"https:\/\/www.lanacion.com.ar\/politica\/bullrich-hablo-sobre-los-cortocircuitos-con-villarruel-y-dio-detalles-de-la-liberacion-de-nahuel-nid03032026\/\">Le\u00e9 la nota completa ac\u00e1<\/a><\/p>\n<p>Pasadas las 21.30 del domingo, y en medio de su <a href=\"https:\/\/www.lanacion.com.ar\/politica\/el-discurso-completo-de-javier-milei-en-el-congreso-gritos-insultos-y-un-anuncio-sugestivo-que-nid02032026\/\" rel=\"\" title=\"https:\/\/www.lanacion.com.ar\/politica\/el-discurso-completo-de-javier-milei-en-el-congreso-gritos-insultos-y-un-anuncio-sugestivo-que-nid02032026\/\">confrontativo discurso <\/a>de apertura de sesiones ordinarias del Congreso, el presidente <b>Javier Milei<\/b> apunt\u00f3 durante largos minutos a los representantes de la oposici\u00f3n kirchnerista que lo hostigaba a los gritos desde sus bancas. En su arremetida, incluy\u00f3 a empresarios, opositores y hasta \u201cpropios\u201d, a los que acus\u00f3 de golpistas sin dar pruebas.<\/p>\n<p>\u201cDurante el a\u00f1o pasado hicieron todo lo posible para derrocar a este gobierno y les sali\u00f3 mal\u201d, les advirti\u00f3 con tono en\u00e9rgico, incluyendo en la eventual confabulaci\u00f3n a eventuales \u201csocios empresarios y medi\u00e1ticos que se resisten al cambio\u201d. La acusaci\u00f3n de \u201cgolpistas\u201d, que Milei repiti\u00f3 en cuatro oportunidades, incluy\u00f3 fechas (marzo, mayo y septiembre del a\u00f1o pasado, esta \u00faltima luego de la derrota electoral libertaria en la provincia de Buenos Aires) y nombres, como el del gobernador de La Rioja, <b>Ricardo Quintela<\/b>, quien hab\u00eda afirmado que \u201ceste Gobierno no puede llegar a 2027\u201d y la senadora nacional de esa provincia <b>Florencia L\u00f3pez<\/b>, que en medio de una discusi\u00f3n parlamentaria con la senadora <b>Patricia Bullrich<\/b> hizo referencia al \u201chelic\u00f3ptero\u201d que se llev\u00f3 a <b>Fernando de la R\u00faa<\/b> en diciembre de 2001.<\/p>\n<p><img loading=\"lazy\" decoding=\"async\" src=\"https:\/\/resizer.glanacion.com\/resizer\/v2\/FAB57HAGNNEB7NBNQZ7BZTXFTE.webp?auth=3c2a5abf0b875ffc9ec99e28b8197a3052147bbf6917ef8a86742532bbf76a58&amp;smart=true&amp;width=610&amp;height=365\" alt=\"Javier Milei desliz\u00f3 en la Asamblea Legislativa que Villarruel particip\u00f3 de un supuesto complot para quedarse con su lugar; no present\u00f3 pruebas el Presidente\" height=\"365\" width=\"610\" \/><\/p>\n<p><a href=\"https:\/\/www.lanacion.com.ar\/politica\/el-gobierno-no-planea-denunciar-en-la-justicia-el-supuesto-golpe-que-milei-dijo-que-le-hicieron-nid03032026\/\">Le\u00e9 la nota completa ac\u00e1<\/a><\/p>\n<p>Organismos de derechos humanos vinculados al kirchnerismo reclamaron este martes que se flexibilicen las condiciones de la prisi\u00f3n domiciliaria de <b>Cristina Kirchner<\/b>. En una conferencia de prensa realizada en un anexo de la C\u00e1mara de Diputados, sostuvieron que a la expresidenta no se le garantiza la igualdad ante la ley si se compara su situaci\u00f3n con la de condenados por delitos de lesa humanidad que cumplen arresto en sus casas sin limitaciones de visitas.<\/p>\n<p>Cristina Kirchner cumple prisi\u00f3n domiciliaria en su departamento de San Jos\u00e9 1111 en el barrio porte\u00f1o de Constituci\u00f3n, luego de que el Tribunal Oral Federal N\u00b0 2 la condenara en la causa Vialidad a seis a\u00f1os de prisi\u00f3n e inhabilitaci\u00f3n perpetua para ejercer cargos p\u00fablicos por administraci\u00f3n fraudulenta en perjuicio del Estado. La sentencia fue confirmada por la C\u00e1mara de Casaci\u00f3n y qued\u00f3 firme tras la revisi\u00f3n de la Corte Suprema, lo que habilit\u00f3 el inicio de la ejecuci\u00f3n de la pena. Por su edad -tiene m\u00e1s de 70 a\u00f1os- el tribunal le concedi\u00f3 el arresto domiciliario con monitoreo electr\u00f3nico.<\/p>\n<p><img loading=\"lazy\" decoding=\"async\" src=\"https:\/\/resizer.glanacion.com\/resizer\/v2\/7HBI2X42GZA2BIOGTBRIFR5CXM.jpeg?auth=dbec915080bffeda88cc52e0edb415286653db828639a283fd27f8276f3880e0&amp;smart=true&amp;width=1600&amp;height=1200\" alt=\"Conferencia de prensa de organismos de derechos humanos para exigir la flexibilizaci\u00f3n de la prisi\u00f3n domiciliaria de Cristina Kirchner\" height=\"1200\" width=\"1600\" \/><\/p>\n<p><a href=\"https:\/\/www.lanacion.com.ar\/politica\/organismos-de-ddhh-afines-a-cristina-kirchner-pidieron-flexibilizar-sus-condiciones-de-detencion-nid03032026\/\">Le\u00e9 la nota completa ac\u00e1<\/a><\/p>\n<p>ROSARIO.-La senadora de La Libertad Avanza<b> Patricia Bullrich<\/b> dijo que tras ser liberado de su cautiverio en Caracas <b>Nahuel Gallo <\/b>\u201cestuvo un d\u00eda desaparecido\u201d en Venezuela, y acus\u00f3 a la <b>Asociaci\u00f3n del F\u00fatbol Argentino (AFA)<\/b>, quien triangul\u00f3 la entrega del gendarme, de \u201cno avisar al gobierno argentino\u201d.<\/p>\n<p>\u201cLa AFA sab\u00eda d\u00f3nde estaba Gallo y no fue capaz de decirnos\u201d, sostuvo la exministra de Seguridad en una conferencia de prensa que dio en la Fundaci\u00f3n Libertad de Rosario, donde el lunes a la noche recibi\u00f3 una distinci\u00f3n.<\/p>\n<p><img loading=\"lazy\" decoding=\"async\" src=\"https:\/\/resizer.glanacion.com\/resizer\/v2\/22XUTGUEZRDU3HHDJAWLVH5MSA.jpg?auth=101af60df6c0405c59d52dd2389b8babe93e6f6e28c4aee2134a8a569cd355d4&amp;smart=true&amp;width=2048&amp;height=1414\" alt=\"La senadora admiti\u00f3 que el Gobierno no particip\u00f3 de la liberaci\u00f3n\n\" height=\"1414\" width=\"2048\" \/><\/p>\n<p><a href=\"https:\/\/www.lanacion.com.ar\/politica\/bullrich-confirmo-que-el-gobierno-no-sabia-de-la-liberacion-de-gallo-y-apunto-contra-marcela-pagano-nid03032026\/\">Le\u00e9 la nota completa ac\u00e1<\/a><\/p>\n<p>Dos d\u00edas despu\u00e9s de asistir, en la primera fila del palco reservado para los diplom\u00e1ticos, al <a href=\"https:\/\/www.lanacion.com.ar\/politica\/el-discurso-completo-de-javier-milei-en-el-congreso-gritos-insultos-y-un-anuncio-sugestivo-que-nid02032026\/\" rel=\"\" title=\"https:\/\/www.lanacion.com.ar\/politica\/el-discurso-completo-de-javier-milei-en-el-congreso-gritos-insultos-y-un-anuncio-sugestivo-que-nid02032026\/\">explosivo discurso<\/a> del presidente <b>Javier Milei<\/b> en el Congreso, el embajador de Estados Unidos, <b>Peter Lamelas,<\/b> volvi\u00f3 a verse con el Presidente. El jefe de la diplomacia norteamericana en el pa\u00eds estuvo en la quinta de Olivos reunido con Milei, en el contexto de la guerra abierta de Estados Unidos e Israel contra Ir\u00e1n en el Medio Oriente, y con un inminente viaje presidencial previsto para el pr\u00f3ximo viernes para participar de una \u201ccumbre de alto nivel\u201d, convocada por el presidente <b>Donald Trump<\/b>. Tambi\u00e9n particip\u00f3 del encuentro el canciller <b>Pablo Quirno<\/b>.<\/p>\n<p>Desde la embajada norteamericana evitaron comentar detalles del encuentro del Presidente con el embajador Lamelas, que durante la jornada tambi\u00e9n se encontr\u00f3 con su par de Ucrania, <b>Yurii Klymenko<\/b>. Tampoco desde Balcarce informaron sobre lo conversado.<\/p>\n<p><img loading=\"lazy\" decoding=\"async\" src=\"https:\/\/resizer.glanacion.com\/resizer\/v2\/RSBUGO2T7NHANFIUAVVML6KD3U.jpg?auth=2938ce5900132a1a89f3f4908413618fe100acc10c7239a9e66acfd3121bed47&amp;smart=true&amp;width=2760&amp;height=2017\" alt=\"El presidente Javier Milei, cuando recibi\u00f3 las cartas credenciales del embajador de los Estados Unidos de Am\u00e9rica, Peter Lamelas\" height=\"2017\" width=\"2760\" \/><\/p>\n<p><a href=\"https:\/\/www.lanacion.com.ar\/politica\/milei-recibe-al-embajador-de-estados-unidos-y-refuerza-el-vinculo-con-la-administracion-trump-nid03032026\/\">Le\u00e9 la nota completa ac\u00e1<\/a><\/p>\n<p>\u200bEl minuto a minuto de las decisiones del Presidente, las reacciones de la oposici\u00f3n y las declaraciones de los funcionarios\u00a0\u00a0<\/p>","protected":false},"excerpt":{"rendered":"<p>La senadora de La Libertad Avanza, Patricia Bullrich, se refiri\u00f3 esta tarde a la liberaci\u00f3n&#8230;<\/p>\n","protected":false},"author":1,"featured_media":3372,"comment_status":"closed","ping_status":"closed","sticky":false,"template":"","format":"standard","meta":{"_jetpack_memberships_contains_paid_content":false,"footnotes":"","jetpack_publicize_message":"","jetpack_publicize_feature_enabled":true,"jetpack_social_post_already_shared":true,"jetpack_social_options":{"image_generator_settings":{"template":"highway","default_image_id":0,"font":"","enabled":false},"version":2}},"categories":[89],"tags":[],"class_list":["post-12534","post","type-post","status-publish","format-standard","has-post-thumbnail","hentry","category-nacionales"],"yoast_head":"<!-- This site is optimized with the Yoast SEO plugin v27.4 - https:\/\/yoast.com\/product\/yoast-seo-wordpress\/ -->\n<title>Javier Milei, en vivo: las \u00faltimas medidas del Gobierno -<\/title>\n<meta name=\"robots\" content=\"index, follow, max-snippet:-1, max-image-preview:large, max-video-preview:-1\" \/>\n<link rel=\"canonical\" href=\"https:\/\/impactocastex.com.ar\/?p=12534\" \/>\n<meta property=\"og:locale\" content=\"es_ES\" \/>\n<meta property=\"og:type\" content=\"article\" \/>\n<meta property=\"og:title\" content=\"Javier Milei, en vivo: las \u00faltimas medidas del Gobierno -\" \/>\n<meta property=\"og:description\" content=\"La senadora de La Libertad Avanza, Patricia Bullrich, se refiri\u00f3 esta tarde a la liberaci\u00f3n...\" \/>\n<meta property=\"og:url\" content=\"https:\/\/impactocastex.com.ar\/?p=12534\" \/>\n<meta property=\"article:publisher\" content=\"https:\/\/www.facebook.com\/impactocastexdiario\" \/>\n<meta property=\"article:published_time\" content=\"2026-03-04T06:35:41+00:00\" \/>\n<meta property=\"og:image\" content=\"https:\/\/resizer.glanacion.com\/resizer\/v2\/FAB57HAGNNEB7NBNQZ7BZTXFTE.webp?auth=3c2a5abf0b875ffc9ec99e28b8197a3052147bbf6917ef8a86742532bbf76a58&amp;smart=true&amp;width=610&amp;height=365\" \/>\n<meta name=\"author\" content=\"impactocastex\" \/>\n<meta name=\"twitter:card\" content=\"summary_large_image\" \/>\n<meta name=\"twitter:label1\" content=\"Escrito por\" \/>\n\t<meta name=\"twitter:data1\" content=\"impactocastex\" \/>\n\t<meta name=\"twitter:label2\" content=\"Tiempo de lectura\" \/>\n\t<meta name=\"twitter:data2\" content=\"4 minutos\" \/>\n<script type=\"application\/ld+json\" class=\"yoast-schema-graph\">{\"@context\":\"https:\\\/\\\/schema.org\",\"@graph\":[{\"@type\":\"Article\",\"@id\":\"https:\\\/\\\/impactocastex.com.ar\\\/?p=12534#article\",\"isPartOf\":{\"@id\":\"https:\\\/\\\/impactocastex.com.ar\\\/?p=12534\"},\"author\":{\"name\":\"impactocastex\",\"@id\":\"https:\\\/\\\/impactocastex.com.ar\\\/#\\\/schema\\\/person\\\/86cb4f827fb5f87869a239b98a69c6e3\"},\"headline\":\"Javier Milei, en vivo: las \u00faltimas medidas del Gobierno\",\"datePublished\":\"2026-03-04T06:35:41+00:00\",\"mainEntityOfPage\":{\"@id\":\"https:\\\/\\\/impactocastex.com.ar\\\/?p=12534\"},\"wordCount\":869,\"publisher\":{\"@id\":\"https:\\\/\\\/impactocastex.com.ar\\\/#organization\"},\"image\":{\"@id\":\"https:\\\/\\\/impactocastex.com.ar\\\/?p=12534#primaryimage\"},\"thumbnailUrl\":\"https:\\\/\\\/impactocastex.com.ar\\\/wp-content\\\/uploads\\\/2025\\\/11\\\/Q5CDR33JIFGJFGHZVGW7DRTMRI-jwpEav.jpg\",\"articleSection\":[\"NACIONALES\"],\"inLanguage\":\"es\"},{\"@type\":\"WebPage\",\"@id\":\"https:\\\/\\\/impactocastex.com.ar\\\/?p=12534\",\"url\":\"https:\\\/\\\/impactocastex.com.ar\\\/?p=12534\",\"name\":\"Javier Milei, en vivo: las \u00faltimas medidas del Gobierno -\",\"isPartOf\":{\"@id\":\"https:\\\/\\\/impactocastex.com.ar\\\/#website\"},\"primaryImageOfPage\":{\"@id\":\"https:\\\/\\\/impactocastex.com.ar\\\/?p=12534#primaryimage\"},\"image\":{\"@id\":\"https:\\\/\\\/impactocastex.com.ar\\\/?p=12534#primaryimage\"},\"thumbnailUrl\":\"https:\\\/\\\/impactocastex.com.ar\\\/wp-content\\\/uploads\\\/2025\\\/11\\\/Q5CDR33JIFGJFGHZVGW7DRTMRI-jwpEav.jpg\",\"datePublished\":\"2026-03-04T06:35:41+00:00\",\"breadcrumb\":{\"@id\":\"https:\\\/\\\/impactocastex.com.ar\\\/?p=12534#breadcrumb\"},\"inLanguage\":\"es\",\"potentialAction\":[{\"@type\":\"ReadAction\",\"target\":[\"https:\\\/\\\/impactocastex.com.ar\\\/?p=12534\"]}]},{\"@type\":\"ImageObject\",\"inLanguage\":\"es\",\"@id\":\"https:\\\/\\\/impactocastex.com.ar\\\/?p=12534#primaryimage\",\"url\":\"https:\\\/\\\/impactocastex.com.ar\\\/wp-content\\\/uploads\\\/2025\\\/11\\\/Q5CDR33JIFGJFGHZVGW7DRTMRI-jwpEav.jpg\",\"contentUrl\":\"https:\\\/\\\/impactocastex.com.ar\\\/wp-content\\\/uploads\\\/2025\\\/11\\\/Q5CDR33JIFGJFGHZVGW7DRTMRI-jwpEav.jpg\",\"width\":2000,\"height\":1333},{\"@type\":\"BreadcrumbList\",\"@id\":\"https:\\\/\\\/impactocastex.com.ar\\\/?p=12534#breadcrumb\",\"itemListElement\":[{\"@type\":\"ListItem\",\"position\":1,\"name\":\"Portada\",\"item\":\"https:\\\/\\\/impactocastex.com.ar\\\/\"},{\"@type\":\"ListItem\",\"position\":2,\"name\":\"Javier Milei, en vivo: las \u00faltimas medidas del Gobierno\"}]},{\"@type\":\"WebSite\",\"@id\":\"https:\\\/\\\/impactocastex.com.ar\\\/#website\",\"url\":\"https:\\\/\\\/impactocastex.com.ar\\\/\",\"name\":\"Impacto Castex\",\"description\":\"\",\"publisher\":{\"@id\":\"https:\\\/\\\/impactocastex.com.ar\\\/#organization\"},\"potentialAction\":[{\"@type\":\"SearchAction\",\"target\":{\"@type\":\"EntryPoint\",\"urlTemplate\":\"https:\\\/\\\/impactocastex.com.ar\\\/?s={search_term_string}\"},\"query-input\":{\"@type\":\"PropertyValueSpecification\",\"valueRequired\":true,\"valueName\":\"search_term_string\"}}],\"inLanguage\":\"es\"},{\"@type\":\"Organization\",\"@id\":\"https:\\\/\\\/impactocastex.com.ar\\\/#organization\",\"name\":\"Impacto Castex\",\"url\":\"https:\\\/\\\/impactocastex.com.ar\\\/\",\"logo\":{\"@type\":\"ImageObject\",\"inLanguage\":\"es\",\"@id\":\"https:\\\/\\\/impactocastex.com.ar\\\/#\\\/schema\\\/logo\\\/image\\\/\",\"url\":\"https:\\\/\\\/impactocastex.com.ar\\\/wp-content\\\/uploads\\\/2025\\\/09\\\/cropped-icoweb.png\",\"contentUrl\":\"https:\\\/\\\/impactocastex.com.ar\\\/wp-content\\\/uploads\\\/2025\\\/09\\\/cropped-icoweb.png\",\"width\":512,\"height\":512,\"caption\":\"Impacto Castex\"},\"image\":{\"@id\":\"https:\\\/\\\/impactocastex.com.ar\\\/#\\\/schema\\\/logo\\\/image\\\/\"},\"sameAs\":[\"https:\\\/\\\/www.facebook.com\\\/impactocastexdiario\",\"https:\\\/\\\/www.instagram.com\\\/impactocastex.com.ar\\\/\"]},{\"@type\":\"Person\",\"@id\":\"https:\\\/\\\/impactocastex.com.ar\\\/#\\\/schema\\\/person\\\/86cb4f827fb5f87869a239b98a69c6e3\",\"name\":\"impactocastex\",\"image\":{\"@type\":\"ImageObject\",\"inLanguage\":\"es\",\"@id\":\"https:\\\/\\\/secure.gravatar.com\\\/avatar\\\/9a87ee051ca8c77f5d4070843ce2c78cdf95b858b950fb039151de955122f5f5?s=96&d=mm&r=g\",\"url\":\"https:\\\/\\\/secure.gravatar.com\\\/avatar\\\/9a87ee051ca8c77f5d4070843ce2c78cdf95b858b950fb039151de955122f5f5?s=96&d=mm&r=g\",\"contentUrl\":\"https:\\\/\\\/secure.gravatar.com\\\/avatar\\\/9a87ee051ca8c77f5d4070843ce2c78cdf95b858b950fb039151de955122f5f5?s=96&d=mm&r=g\",\"caption\":\"impactocastex\"},\"sameAs\":[\"https:\\\/\\\/impactocastex.com.ar\"],\"url\":\"https:\\\/\\\/impactocastex.com.ar\\\/?author=1\"}]}<\/script>\n<!-- \/ Yoast SEO plugin. -->","yoast_head_json":{"title":"Javier Milei, en vivo: las \u00faltimas medidas del Gobierno -","robots":{"index":"index","follow":"follow","max-snippet":"max-snippet:-1","max-image-preview":"max-image-preview:large","max-video-preview":"max-video-preview:-1"},"canonical":"https:\/\/impactocastex.com.ar\/?p=12534","og_locale":"es_ES","og_type":"article","og_title":"Javier Milei, en vivo: las \u00faltimas medidas del Gobierno -","og_description":"La senadora de La Libertad Avanza, Patricia Bullrich, se refiri\u00f3 esta tarde a la liberaci\u00f3n...","og_url":"https:\/\/impactocastex.com.ar\/?p=12534","article_publisher":"https:\/\/www.facebook.com\/impactocastexdiario","article_published_time":"2026-03-04T06:35:41+00:00","og_image":[{"url":"https:\/\/resizer.glanacion.com\/resizer\/v2\/FAB57HAGNNEB7NBNQZ7BZTXFTE.webp?auth=3c2a5abf0b875ffc9ec99e28b8197a3052147bbf6917ef8a86742532bbf76a58&amp;smart=true&amp;width=610&amp;height=365","type":"","width":"","height":""}],"author":"impactocastex","twitter_card":"summary_large_image","twitter_misc":{"Escrito por":"impactocastex","Tiempo de lectura":"4 minutos"},"schema":{"@context":"https:\/\/schema.org","@graph":[{"@type":"Article","@id":"https:\/\/impactocastex.com.ar\/?p=12534#article","isPartOf":{"@id":"https:\/\/impactocastex.com.ar\/?p=12534"},"author":{"name":"impactocastex","@id":"https:\/\/impactocastex.com.ar\/#\/schema\/person\/86cb4f827fb5f87869a239b98a69c6e3"},"headline":"Javier Milei, en vivo: las \u00faltimas medidas del Gobierno","datePublished":"2026-03-04T06:35:41+00:00","mainEntityOfPage":{"@id":"https:\/\/impactocastex.com.ar\/?p=12534"},"wordCount":869,"publisher":{"@id":"https:\/\/impactocastex.com.ar\/#organization"},"image":{"@id":"https:\/\/impactocastex.com.ar\/?p=12534#primaryimage"},"thumbnailUrl":"https:\/\/impactocastex.com.ar\/wp-content\/uploads\/2025\/11\/Q5CDR33JIFGJFGHZVGW7DRTMRI-jwpEav.jpg","articleSection":["NACIONALES"],"inLanguage":"es"},{"@type":"WebPage","@id":"https:\/\/impactocastex.com.ar\/?p=12534","url":"https:\/\/impactocastex.com.ar\/?p=12534","name":"Javier Milei, en vivo: las \u00faltimas medidas del Gobierno -","isPartOf":{"@id":"https:\/\/impactocastex.com.ar\/#website"},"primaryImageOfPage":{"@id":"https:\/\/impactocastex.com.ar\/?p=12534#primaryimage"},"image":{"@id":"https:\/\/impactocastex.com.ar\/?p=12534#primaryimage"},"thumbnailUrl":"https:\/\/impactocastex.com.ar\/wp-content\/uploads\/2025\/11\/Q5CDR33JIFGJFGHZVGW7DRTMRI-jwpEav.jpg","datePublished":"2026-03-04T06:35:41+00:00","breadcrumb":{"@id":"https:\/\/impactocastex.com.ar\/?p=12534#breadcrumb"},"inLanguage":"es","potentialAction":[{"@type":"ReadAction","target":["https:\/\/impactocastex.com.ar\/?p=12534"]}]},{"@type":"ImageObject","inLanguage":"es","@id":"https:\/\/impactocastex.com.ar\/?p=12534#primaryimage","url":"https:\/\/impactocastex.com.ar\/wp-content\/uploads\/2025\/11\/Q5CDR33JIFGJFGHZVGW7DRTMRI-jwpEav.jpg","contentUrl":"https:\/\/impactocastex.com.ar\/wp-content\/uploads\/2025\/11\/Q5CDR33JIFGJFGHZVGW7DRTMRI-jwpEav.jpg","width":2000,"height":1333},{"@type":"BreadcrumbList","@id":"https:\/\/impactocastex.com.ar\/?p=12534#breadcrumb","itemListElement":[{"@type":"ListItem","position":1,"name":"Portada","item":"https:\/\/impactocastex.com.ar\/"},{"@type":"ListItem","position":2,"name":"Javier Milei, en vivo: las \u00faltimas medidas del Gobierno"}]},{"@type":"WebSite","@id":"https:\/\/impactocastex.com.ar\/#website","url":"https:\/\/impactocastex.com.ar\/","name":"Impacto Castex","description":"","publisher":{"@id":"https:\/\/impactocastex.com.ar\/#organization"},"potentialAction":[{"@type":"SearchAction","target":{"@type":"EntryPoint","urlTemplate":"https:\/\/impactocastex.com.ar\/?s={search_term_string}"},"query-input":{"@type":"PropertyValueSpecification","valueRequired":true,"valueName":"search_term_string"}}],"inLanguage":"es"},{"@type":"Organization","@id":"https:\/\/impactocastex.com.ar\/#organization","name":"Impacto Castex","url":"https:\/\/impactocastex.com.ar\/","logo":{"@type":"ImageObject","inLanguage":"es","@id":"https:\/\/impactocastex.com.ar\/#\/schema\/logo\/image\/","url":"https:\/\/impactocastex.com.ar\/wp-content\/uploads\/2025\/09\/cropped-icoweb.png","contentUrl":"https:\/\/impactocastex.com.ar\/wp-content\/uploads\/2025\/09\/cropped-icoweb.png","width":512,"height":512,"caption":"Impacto Castex"},"image":{"@id":"https:\/\/impactocastex.com.ar\/#\/schema\/logo\/image\/"},"sameAs":["https:\/\/www.facebook.com\/impactocastexdiario","https:\/\/www.instagram.com\/impactocastex.com.ar\/"]},{"@type":"Person","@id":"https:\/\/impactocastex.com.ar\/#\/schema\/person\/86cb4f827fb5f87869a239b98a69c6e3","name":"impactocastex","image":{"@type":"ImageObject","inLanguage":"es","@id":"https:\/\/secure.gravatar.com\/avatar\/9a87ee051ca8c77f5d4070843ce2c78cdf95b858b950fb039151de955122f5f5?s=96&d=mm&r=g","url":"https:\/\/secure.gravatar.com\/avatar\/9a87ee051ca8c77f5d4070843ce2c78cdf95b858b950fb039151de955122f5f5?s=96&d=mm&r=g","contentUrl":"https:\/\/secure.gravatar.com\/avatar\/9a87ee051ca8c77f5d4070843ce2c78cdf95b858b950fb039151de955122f5f5?s=96&d=mm&r=g","caption":"impactocastex"},"sameAs":["https:\/\/impactocastex.com.ar"],"url":"https:\/\/impactocastex.com.ar\/?author=1"}]}},"jetpack_publicize_connections":[],"featured_image_urls":{"full":["https:\/\/impactocastex.com.ar\/wp-content\/uploads\/2025\/11\/Q5CDR33JIFGJFGHZVGW7DRTMRI-jwpEav.jpg",2000,1333,false],"thumbnail":["https:\/\/impactocastex.com.ar\/wp-content\/uploads\/2025\/11\/Q5CDR33JIFGJFGHZVGW7DRTMRI-jwpEav-150x150.jpg",150,150,true],"medium":["https:\/\/impactocastex.com.ar\/wp-content\/uploads\/2025\/11\/Q5CDR33JIFGJFGHZVGW7DRTMRI-jwpEav-300x200.jpg",300,200,true],"medium_large":["https:\/\/impactocastex.com.ar\/wp-content\/uploads\/2025\/11\/Q5CDR33JIFGJFGHZVGW7DRTMRI-jwpEav-768x512.jpg",640,427,true],"large":["https:\/\/impactocastex.com.ar\/wp-content\/uploads\/2025\/11\/Q5CDR33JIFGJFGHZVGW7DRTMRI-jwpEav-1024x682.jpg",640,426,true],"1536x1536":["https:\/\/impactocastex.com.ar\/wp-content\/uploads\/2025\/11\/Q5CDR33JIFGJFGHZVGW7DRTMRI-jwpEav-1536x1024.jpg",1536,1024,true],"2048x2048":["https:\/\/impactocastex.com.ar\/wp-content\/uploads\/2025\/11\/Q5CDR33JIFGJFGHZVGW7DRTMRI-jwpEav.jpg",2000,1333,false],"newsever-slider-full":["https:\/\/impactocastex.com.ar\/wp-content\/uploads\/2025\/11\/Q5CDR33JIFGJFGHZVGW7DRTMRI-jwpEav-1280x845.jpg",1280,845,true],"newsever-featured":["https:\/\/impactocastex.com.ar\/wp-content\/uploads\/2025\/11\/Q5CDR33JIFGJFGHZVGW7DRTMRI-jwpEav-1024x682.jpg",1024,682,true],"newsever-medium":["https:\/\/impactocastex.com.ar\/wp-content\/uploads\/2025\/11\/Q5CDR33JIFGJFGHZVGW7DRTMRI-jwpEav-720x475.jpg",720,475,true]},"author_info":{"info":["impactocastex"]},"category_info":"<a href=\"https:\/\/impactocastex.com.ar\/?cat=89\" rel=\"category\">NACIONALES<\/a>","tag_info":"NACIONALES","comment_count":0,"jetpack_featured_media_url":"https:\/\/impactocastex.com.ar\/wp-content\/uploads\/2025\/11\/Q5CDR33JIFGJFGHZVGW7DRTMRI-jwpEav.jpg","jetpack_sharing_enabled":true,"jetpack_likes_enabled":true,"jetpack_shortlink":"https:\/\/wp.me\/p7sopA-3ga","_links":{"self":[{"href":"https:\/\/impactocastex.com.ar\/index.php?rest_route=\/wp\/v2\/posts\/12534","targetHints":{"allow":["GET"]}}],"collection":[{"href":"https:\/\/impactocastex.com.ar\/index.php?rest_route=\/wp\/v2\/posts"}],"about":[{"href":"https:\/\/impactocastex.com.ar\/index.php?rest_route=\/wp\/v2\/types\/post"}],"author":[{"embeddable":true,"href":"https:\/\/impactocastex.com.ar\/index.php?rest_route=\/wp\/v2\/users\/1"}],"replies":[{"embeddable":true,"href":"https:\/\/impactocastex.com.ar\/index.php?rest_route=%2Fwp%2Fv2%2Fcomments&post=12534"}],"version-history":[{"count":0,"href":"https:\/\/impactocastex.com.ar\/index.php?rest_route=\/wp\/v2\/posts\/12534\/revisions"}],"wp:featuredmedia":[{"embeddable":true,"href":"https:\/\/impactocastex.com.ar\/index.php?rest_route=\/wp\/v2\/media\/3372"}],"wp:attachment":[{"href":"https:\/\/impactocastex.com.ar\/index.php?rest_route=%2Fwp%2Fv2%2Fmedia&parent=12534"}],"wp:term":[{"taxonomy":"category","embeddable":true,"href":"https:\/\/impactocastex.com.ar\/index.php?rest_route=%2Fwp%2Fv2%2Fcategories&post=12534"},{"taxonomy":"post_tag","embeddable":true,"href":"https:\/\/impactocastex.com.ar\/index.php?rest_route=%2Fwp%2Fv2%2Ftags&post=12534"}],"curies":[{"name":"wp","href":"https:\/\/api.w.org\/{rel}","templated":true}]}}