{"id":12530,"date":"2026-03-03T15:37:28","date_gmt":"2026-03-03T18:37:28","guid":{"rendered":"https:\/\/impactocastex.com.ar\/?p=12530"},"modified":"2026-03-03T15:37:28","modified_gmt":"2026-03-03T18:37:28","slug":"que-dijo-el-presidente-de-river-sobre-la-llegada-de-eduardo-coudet-como-dt","status":"publish","type":"post","link":"https:\/\/impactocastex.com.ar\/?p=12530","title":{"rendered":"Qu\u00e9 dijo el presidente de River sobre la llegada de Eduardo Coudet como DT"},"content":{"rendered":"<p><b>Stefano Di Carlo<\/b>, m\u00e1xima autoridad de <b>River<\/b>, confirm\u00f3 este martes la elecci\u00f3n del nuevo DT del equipo. El directivo <a href=\"https:\/\/www.lanacion.com.ar\/deportes\/futbol\/stefano-di-carlo-confirmo-que-eduardo-coudet-sera-anunciado-oficialmente-manana-nid03032026\/\" target=\"_self\" rel=\"\" title=\"https:\/\/www.lanacion.com.ar\/deportes\/futbol\/stefano-di-carlo-confirmo-que-eduardo-coudet-sera-anunciado-oficialmente-manana-nid03032026\/\"><b>ofreci\u00f3 precisiones sobre el arribo de Eduardo Coudet <\/b><\/a>como reemplazante de <b>Marcelo Gallardo<\/b> y relat\u00f3 los pormenores del cambio en la conducci\u00f3n t\u00e9cnica del conjunto de N\u00fa\u00f1ez.<\/p>\n<h1>Qu\u00e9 dijo el presidente de River sobre la llegada de Eduardo Coudet<\/h1>\n<p>Di Carlo <b>ratific\u00f3 la incorporaci\u00f3n de Eduardo Coudet como entrenador<\/b> del plantel profesional. El titular de la entidad brind\u00f3 una entrevista en el programa <i>ESPN F90<\/i>. En esa charla asegur\u00f3: \u201c<b>Est\u00e1 confirmado, y ma\u00f1ana vamos a estar haciendo el anuncio oficialmente\u201d. <\/b><\/p>\n\n<p>El t\u00e9cnico viajar\u00e1 al pa\u00eds para la r\u00fabrica de su compromiso legal y el <a href=\"https:\/\/www.lanacion.com.ar\/deportes\/futbol\/independiente-rivadavia-vs-river-en-vivo-nid02032026\/\" target=\"_blank\" rel=\"noreferrer\" title=\"https:\/\/www.lanacion.com.ar\/deportes\/futbol\/independiente-rivadavia-vs-river-en-vivo-nid02032026\/\">inicio inmediato de las tareas de campo<\/a>. La dirigencia y el profesional <b>acordaron un contrato hasta diciembre de 2027<\/b>. El club de N\u00fa\u00f1ez debe abonar un resarcimiento econ\u00f3mico al <b>Alav\u00e9s de Espa\u00f1a<\/b> para concretar la salida del estratega. El monto final surge de las conversaciones actuales entre ambas instituciones.<\/p>\n<h1>Qu\u00e9 dijo sobre la salida de Marcelo Gallardo<\/h1>\n<p>El dirigente explic\u00f3 las razones del fin del ciclo previo. Stefano Di Carlo se\u00f1al\u00f3 una falta de respuestas en el funcionamiento del equipo durante los \u00faltimos meses del a\u00f1o pasado. El mandatario relat\u00f3: \u201c<b>Marcelo no pudo encontrarle la vuelta<\/b>\u201d. <\/p>\n<p>El presidente destac\u00f3 la <b>labor del \u00eddolo y su lugar en la historia grande<\/b> de la instituci\u00f3n. Revel\u00f3 tambi\u00e9n que la desvinculaci\u00f3n ocurri\u00f3 tras un pedido de reuni\u00f3n del propio entrenador en el predio de Ezeiza. Marcelo Gallardo inform\u00f3 su partida a la dirigencia y luego comunic\u00f3 la novedad a los futbolistas de forma personal. <\/p>\n\n<p>Di Carlo reconoci\u00f3 <b>intentos para retener al t\u00e9cnico <\/b>en su cargo. La postura del profesional result\u00f3 inamovible y el directivo valor\u00f3 la forma sana en la cual sucedi\u00f3 la despedida definitiva del cuerpo t\u00e9cnico.<\/p>\n<h1>Cu\u00e1l es el plan de River para el mercado de pases y las juveniles<\/h1>\n<p>La conducci\u00f3n del club defendi\u00f3 las contrataciones recientes y la gesti\u00f3n de los recursos econ\u00f3micos. El presidente resalt\u00f3 la compra de An\u00edbal y el arribo de varios futbolistas en condici\u00f3n de pr\u00e9stamo. El dirigente <b>destac\u00f3 el ingenio de la Secretar\u00eda T\u00e9cnica<\/b> para \u201csumar caras nuevas\u201d en un panorama financiero complejo. <\/p>\n<p>La instituci\u00f3n ratifica su compromiso con el desarrollo de los deportistas de las categor\u00edas menores. \u201c<b>River tiene la cantera m\u00e1s importante del mundo<\/b>\u201d, afirm\u00f3 el representante de los socios. Enzo Francescoli lider\u00f3 el proceso de b\u00fasqueda del nuevo director t\u00e9cnico para mantener la identidad del club. El m\u00e1nager uruguayo propuso a Coudet por su conocimiento de la casa y su trayectoria previa.<\/p>\n<p><img loading=\"lazy\" decoding=\"async\" src=\"https:\/\/resizer.glanacion.com\/resizer\/v2\/YD6XLPDDHZFJ7P34YXMP3QHRAI.JPG?auth=87ed97c4be2c29a875b29d33f43c29d38f985ed545f0e8d2994c96f1d0675310&amp;smart=true&amp;width=2000&amp;height=1333\" alt=\"Eduardo Coudet firmar\u00e1 un v\u00ednculo legal con la instituci\u00f3n que se extender\u00e1 hasta diciembre de 2027\n\" height=\"1333\" width=\"2000\" \/><\/p>\n<p>El presidente defini\u00f3 al nuevo conductor como un \u201c<b>hombre met\u00f3dico y obsesivo<\/b>\u201d con su tarea diaria. Francescoli seleccion\u00f3 al Chacho con la misma autonom\u00eda con la cual eligi\u00f3 a los entrenadores anteriores. El dirigente brome\u00f3 sobre la efectividad del m\u00e1nager y lo calific\u00f3 como el \u00fanico invicto en la historia de las elecciones de t\u00e9cnicos.<\/p>\n<h1>Qu\u00e9 pasar\u00e1 con las obras en el Estadio Monumental<\/h1>\n<p>El proyecto de <b>remodelaci\u00f3n del campo y las tribunas<\/b> avanza de manera independiente a los resultados deportivos del equipo titular. Di Carlo anunci\u00f3 el comienzo de las tareas para el mes de abril. Las obras en el <i>Monumental<\/i> tienen un plazo de ejecuci\u00f3n de tres a\u00f1os seg\u00fan el cronograma oficial. <\/p>\n<p>El objetivo final <b>busca alcanzar una capacidad para 100 mil espectadores<\/b>. El mandatario aclar\u00f3 que los presupuestos para la infraestructura no interfieren con el dinero para el f\u00fatbol profesional. El club divide sus fondos para garantizar el crecimiento edilicio y la competitividad del plantel al mismo tiempo. La dirigencia desestim\u00f3 las cr\u00edticas sobre el gasto en cemento frente a la pol\u00edtica de refuerzos.<\/p>\n<p><i>Este contenido fue producido por un equipo de LA NACION con la asistencia de la IA.<\/i><\/p>\n<p>\u200bStefano Di Carlo confirm\u00f3 la contrataci\u00f3n de Eduardo Coudet como t\u00e9cnico de River hasta diciembre de 2027. El presidente detall\u00f3 el pago de la cl\u00e1usula al Alav\u00e9s y los motivos de la salida de Marcelo Gallardo.\u00a0\u00a0<\/p>","protected":false},"excerpt":{"rendered":"<p>Stefano Di Carlo, m\u00e1xima autoridad de River, confirm\u00f3 este martes la elecci\u00f3n del nuevo DT&#8230;<\/p>\n","protected":false},"author":1,"featured_media":12531,"comment_status":"closed","ping_status":"closed","sticky":false,"template":"","format":"standard","meta":{"_jetpack_memberships_contains_paid_content":false,"footnotes":"","jetpack_publicize_message":"","jetpack_publicize_feature_enabled":true,"jetpack_social_post_already_shared":true,"jetpack_social_options":{"image_generator_settings":{"template":"highway","default_image_id":0,"font":"","enabled":false},"version":2}},"categories":[89],"tags":[],"class_list":["post-12530","post","type-post","status-publish","format-standard","has-post-thumbnail","hentry","category-nacionales"],"yoast_head":"<!-- This site is optimized with the Yoast SEO plugin v27.4 - https:\/\/yoast.com\/product\/yoast-seo-wordpress\/ -->\n<title>Qu\u00e9 dijo el presidente de River sobre la llegada de Eduardo Coudet como DT -<\/title>\n<meta name=\"robots\" content=\"index, follow, max-snippet:-1, max-image-preview:large, max-video-preview:-1\" \/>\n<link rel=\"canonical\" href=\"https:\/\/impactocastex.com.ar\/?p=12530\" \/>\n<meta property=\"og:locale\" content=\"es_ES\" \/>\n<meta property=\"og:type\" content=\"article\" \/>\n<meta property=\"og:title\" content=\"Qu\u00e9 dijo el presidente de River sobre la llegada de Eduardo Coudet como DT -\" \/>\n<meta property=\"og:description\" content=\"Stefano Di Carlo, m\u00e1xima autoridad de River, confirm\u00f3 este martes la elecci\u00f3n del nuevo DT...\" \/>\n<meta property=\"og:url\" content=\"https:\/\/impactocastex.com.ar\/?p=12530\" \/>\n<meta property=\"article:publisher\" content=\"https:\/\/www.facebook.com\/impactocastexdiario\" \/>\n<meta property=\"article:published_time\" content=\"2026-03-03T18:37:28+00:00\" \/>\n<meta property=\"og:image\" content=\"https:\/\/resizer.glanacion.com\/resizer\/v2\/YD6XLPDDHZFJ7P34YXMP3QHRAI.JPG?auth=87ed97c4be2c29a875b29d33f43c29d38f985ed545f0e8d2994c96f1d0675310&amp;smart=true&amp;width=2000&amp;height=1333\" \/>\n<meta name=\"author\" content=\"impactocastex\" \/>\n<meta name=\"twitter:card\" content=\"summary_large_image\" \/>\n<meta name=\"twitter:label1\" content=\"Escrito por\" \/>\n\t<meta name=\"twitter:data1\" content=\"impactocastex\" \/>\n\t<meta name=\"twitter:label2\" content=\"Tiempo de lectura\" \/>\n\t<meta name=\"twitter:data2\" content=\"4 minutos\" \/>\n<script type=\"application\/ld+json\" class=\"yoast-schema-graph\">{\"@context\":\"https:\\\/\\\/schema.org\",\"@graph\":[{\"@type\":\"Article\",\"@id\":\"https:\\\/\\\/impactocastex.com.ar\\\/?p=12530#article\",\"isPartOf\":{\"@id\":\"https:\\\/\\\/impactocastex.com.ar\\\/?p=12530\"},\"author\":{\"name\":\"impactocastex\",\"@id\":\"https:\\\/\\\/impactocastex.com.ar\\\/#\\\/schema\\\/person\\\/86cb4f827fb5f87869a239b98a69c6e3\"},\"headline\":\"Qu\u00e9 dijo el presidente de River sobre la llegada de Eduardo Coudet como DT\",\"datePublished\":\"2026-03-03T18:37:28+00:00\",\"mainEntityOfPage\":{\"@id\":\"https:\\\/\\\/impactocastex.com.ar\\\/?p=12530\"},\"wordCount\":716,\"publisher\":{\"@id\":\"https:\\\/\\\/impactocastex.com.ar\\\/#organization\"},\"image\":{\"@id\":\"https:\\\/\\\/impactocastex.com.ar\\\/?p=12530#primaryimage\"},\"thumbnailUrl\":\"https:\\\/\\\/impactocastex.com.ar\\\/wp-content\\\/uploads\\\/2026\\\/03\\\/OGBIUUFI7FCNXBHDSQDZVEFP7Y-isYSV3.jpg\",\"articleSection\":[\"NACIONALES\"],\"inLanguage\":\"es\"},{\"@type\":\"WebPage\",\"@id\":\"https:\\\/\\\/impactocastex.com.ar\\\/?p=12530\",\"url\":\"https:\\\/\\\/impactocastex.com.ar\\\/?p=12530\",\"name\":\"Qu\u00e9 dijo el presidente de River sobre la llegada de Eduardo Coudet como DT -\",\"isPartOf\":{\"@id\":\"https:\\\/\\\/impactocastex.com.ar\\\/#website\"},\"primaryImageOfPage\":{\"@id\":\"https:\\\/\\\/impactocastex.com.ar\\\/?p=12530#primaryimage\"},\"image\":{\"@id\":\"https:\\\/\\\/impactocastex.com.ar\\\/?p=12530#primaryimage\"},\"thumbnailUrl\":\"https:\\\/\\\/impactocastex.com.ar\\\/wp-content\\\/uploads\\\/2026\\\/03\\\/OGBIUUFI7FCNXBHDSQDZVEFP7Y-isYSV3.jpg\",\"datePublished\":\"2026-03-03T18:37:28+00:00\",\"breadcrumb\":{\"@id\":\"https:\\\/\\\/impactocastex.com.ar\\\/?p=12530#breadcrumb\"},\"inLanguage\":\"es\",\"potentialAction\":[{\"@type\":\"ReadAction\",\"target\":[\"https:\\\/\\\/impactocastex.com.ar\\\/?p=12530\"]}]},{\"@type\":\"ImageObject\",\"inLanguage\":\"es\",\"@id\":\"https:\\\/\\\/impactocastex.com.ar\\\/?p=12530#primaryimage\",\"url\":\"https:\\\/\\\/impactocastex.com.ar\\\/wp-content\\\/uploads\\\/2026\\\/03\\\/OGBIUUFI7FCNXBHDSQDZVEFP7Y-isYSV3.jpg\",\"contentUrl\":\"https:\\\/\\\/impactocastex.com.ar\\\/wp-content\\\/uploads\\\/2026\\\/03\\\/OGBIUUFI7FCNXBHDSQDZVEFP7Y-isYSV3.jpg\",\"width\":835,\"height\":626},{\"@type\":\"BreadcrumbList\",\"@id\":\"https:\\\/\\\/impactocastex.com.ar\\\/?p=12530#breadcrumb\",\"itemListElement\":[{\"@type\":\"ListItem\",\"position\":1,\"name\":\"Portada\",\"item\":\"https:\\\/\\\/impactocastex.com.ar\\\/\"},{\"@type\":\"ListItem\",\"position\":2,\"name\":\"Qu\u00e9 dijo el presidente de River sobre la llegada de Eduardo Coudet como DT\"}]},{\"@type\":\"WebSite\",\"@id\":\"https:\\\/\\\/impactocastex.com.ar\\\/#website\",\"url\":\"https:\\\/\\\/impactocastex.com.ar\\\/\",\"name\":\"Impacto Castex\",\"description\":\"\",\"publisher\":{\"@id\":\"https:\\\/\\\/impactocastex.com.ar\\\/#organization\"},\"potentialAction\":[{\"@type\":\"SearchAction\",\"target\":{\"@type\":\"EntryPoint\",\"urlTemplate\":\"https:\\\/\\\/impactocastex.com.ar\\\/?s={search_term_string}\"},\"query-input\":{\"@type\":\"PropertyValueSpecification\",\"valueRequired\":true,\"valueName\":\"search_term_string\"}}],\"inLanguage\":\"es\"},{\"@type\":\"Organization\",\"@id\":\"https:\\\/\\\/impactocastex.com.ar\\\/#organization\",\"name\":\"Impacto Castex\",\"url\":\"https:\\\/\\\/impactocastex.com.ar\\\/\",\"logo\":{\"@type\":\"ImageObject\",\"inLanguage\":\"es\",\"@id\":\"https:\\\/\\\/impactocastex.com.ar\\\/#\\\/schema\\\/logo\\\/image\\\/\",\"url\":\"https:\\\/\\\/impactocastex.com.ar\\\/wp-content\\\/uploads\\\/2025\\\/09\\\/cropped-icoweb.png\",\"contentUrl\":\"https:\\\/\\\/impactocastex.com.ar\\\/wp-content\\\/uploads\\\/2025\\\/09\\\/cropped-icoweb.png\",\"width\":512,\"height\":512,\"caption\":\"Impacto Castex\"},\"image\":{\"@id\":\"https:\\\/\\\/impactocastex.com.ar\\\/#\\\/schema\\\/logo\\\/image\\\/\"},\"sameAs\":[\"https:\\\/\\\/www.facebook.com\\\/impactocastexdiario\",\"https:\\\/\\\/www.instagram.com\\\/impactocastex.com.ar\\\/\"]},{\"@type\":\"Person\",\"@id\":\"https:\\\/\\\/impactocastex.com.ar\\\/#\\\/schema\\\/person\\\/86cb4f827fb5f87869a239b98a69c6e3\",\"name\":\"impactocastex\",\"image\":{\"@type\":\"ImageObject\",\"inLanguage\":\"es\",\"@id\":\"https:\\\/\\\/secure.gravatar.com\\\/avatar\\\/9a87ee051ca8c77f5d4070843ce2c78cdf95b858b950fb039151de955122f5f5?s=96&d=mm&r=g\",\"url\":\"https:\\\/\\\/secure.gravatar.com\\\/avatar\\\/9a87ee051ca8c77f5d4070843ce2c78cdf95b858b950fb039151de955122f5f5?s=96&d=mm&r=g\",\"contentUrl\":\"https:\\\/\\\/secure.gravatar.com\\\/avatar\\\/9a87ee051ca8c77f5d4070843ce2c78cdf95b858b950fb039151de955122f5f5?s=96&d=mm&r=g\",\"caption\":\"impactocastex\"},\"sameAs\":[\"https:\\\/\\\/impactocastex.com.ar\"],\"url\":\"https:\\\/\\\/impactocastex.com.ar\\\/?author=1\"}]}<\/script>\n<!-- \/ Yoast SEO plugin. -->","yoast_head_json":{"title":"Qu\u00e9 dijo el presidente de River sobre la llegada de Eduardo Coudet como DT -","robots":{"index":"index","follow":"follow","max-snippet":"max-snippet:-1","max-image-preview":"max-image-preview:large","max-video-preview":"max-video-preview:-1"},"canonical":"https:\/\/impactocastex.com.ar\/?p=12530","og_locale":"es_ES","og_type":"article","og_title":"Qu\u00e9 dijo el presidente de River sobre la llegada de Eduardo Coudet como DT -","og_description":"Stefano Di Carlo, m\u00e1xima autoridad de River, confirm\u00f3 este martes la elecci\u00f3n del nuevo DT...","og_url":"https:\/\/impactocastex.com.ar\/?p=12530","article_publisher":"https:\/\/www.facebook.com\/impactocastexdiario","article_published_time":"2026-03-03T18:37:28+00:00","og_image":[{"url":"https:\/\/resizer.glanacion.com\/resizer\/v2\/YD6XLPDDHZFJ7P34YXMP3QHRAI.JPG?auth=87ed97c4be2c29a875b29d33f43c29d38f985ed545f0e8d2994c96f1d0675310&amp;smart=true&amp;width=2000&amp;height=1333","type":"","width":"","height":""}],"author":"impactocastex","twitter_card":"summary_large_image","twitter_misc":{"Escrito por":"impactocastex","Tiempo de lectura":"4 minutos"},"schema":{"@context":"https:\/\/schema.org","@graph":[{"@type":"Article","@id":"https:\/\/impactocastex.com.ar\/?p=12530#article","isPartOf":{"@id":"https:\/\/impactocastex.com.ar\/?p=12530"},"author":{"name":"impactocastex","@id":"https:\/\/impactocastex.com.ar\/#\/schema\/person\/86cb4f827fb5f87869a239b98a69c6e3"},"headline":"Qu\u00e9 dijo el presidente de River sobre la llegada de Eduardo Coudet como DT","datePublished":"2026-03-03T18:37:28+00:00","mainEntityOfPage":{"@id":"https:\/\/impactocastex.com.ar\/?p=12530"},"wordCount":716,"publisher":{"@id":"https:\/\/impactocastex.com.ar\/#organization"},"image":{"@id":"https:\/\/impactocastex.com.ar\/?p=12530#primaryimage"},"thumbnailUrl":"https:\/\/impactocastex.com.ar\/wp-content\/uploads\/2026\/03\/OGBIUUFI7FCNXBHDSQDZVEFP7Y-isYSV3.jpg","articleSection":["NACIONALES"],"inLanguage":"es"},{"@type":"WebPage","@id":"https:\/\/impactocastex.com.ar\/?p=12530","url":"https:\/\/impactocastex.com.ar\/?p=12530","name":"Qu\u00e9 dijo el presidente de River sobre la llegada de Eduardo Coudet como DT -","isPartOf":{"@id":"https:\/\/impactocastex.com.ar\/#website"},"primaryImageOfPage":{"@id":"https:\/\/impactocastex.com.ar\/?p=12530#primaryimage"},"image":{"@id":"https:\/\/impactocastex.com.ar\/?p=12530#primaryimage"},"thumbnailUrl":"https:\/\/impactocastex.com.ar\/wp-content\/uploads\/2026\/03\/OGBIUUFI7FCNXBHDSQDZVEFP7Y-isYSV3.jpg","datePublished":"2026-03-03T18:37:28+00:00","breadcrumb":{"@id":"https:\/\/impactocastex.com.ar\/?p=12530#breadcrumb"},"inLanguage":"es","potentialAction":[{"@type":"ReadAction","target":["https:\/\/impactocastex.com.ar\/?p=12530"]}]},{"@type":"ImageObject","inLanguage":"es","@id":"https:\/\/impactocastex.com.ar\/?p=12530#primaryimage","url":"https:\/\/impactocastex.com.ar\/wp-content\/uploads\/2026\/03\/OGBIUUFI7FCNXBHDSQDZVEFP7Y-isYSV3.jpg","contentUrl":"https:\/\/impactocastex.com.ar\/wp-content\/uploads\/2026\/03\/OGBIUUFI7FCNXBHDSQDZVEFP7Y-isYSV3.jpg","width":835,"height":626},{"@type":"BreadcrumbList","@id":"https:\/\/impactocastex.com.ar\/?p=12530#breadcrumb","itemListElement":[{"@type":"ListItem","position":1,"name":"Portada","item":"https:\/\/impactocastex.com.ar\/"},{"@type":"ListItem","position":2,"name":"Qu\u00e9 dijo el presidente de River sobre la llegada de Eduardo Coudet como DT"}]},{"@type":"WebSite","@id":"https:\/\/impactocastex.com.ar\/#website","url":"https:\/\/impactocastex.com.ar\/","name":"Impacto Castex","description":"","publisher":{"@id":"https:\/\/impactocastex.com.ar\/#organization"},"potentialAction":[{"@type":"SearchAction","target":{"@type":"EntryPoint","urlTemplate":"https:\/\/impactocastex.com.ar\/?s={search_term_string}"},"query-input":{"@type":"PropertyValueSpecification","valueRequired":true,"valueName":"search_term_string"}}],"inLanguage":"es"},{"@type":"Organization","@id":"https:\/\/impactocastex.com.ar\/#organization","name":"Impacto Castex","url":"https:\/\/impactocastex.com.ar\/","logo":{"@type":"ImageObject","inLanguage":"es","@id":"https:\/\/impactocastex.com.ar\/#\/schema\/logo\/image\/","url":"https:\/\/impactocastex.com.ar\/wp-content\/uploads\/2025\/09\/cropped-icoweb.png","contentUrl":"https:\/\/impactocastex.com.ar\/wp-content\/uploads\/2025\/09\/cropped-icoweb.png","width":512,"height":512,"caption":"Impacto Castex"},"image":{"@id":"https:\/\/impactocastex.com.ar\/#\/schema\/logo\/image\/"},"sameAs":["https:\/\/www.facebook.com\/impactocastexdiario","https:\/\/www.instagram.com\/impactocastex.com.ar\/"]},{"@type":"Person","@id":"https:\/\/impactocastex.com.ar\/#\/schema\/person\/86cb4f827fb5f87869a239b98a69c6e3","name":"impactocastex","image":{"@type":"ImageObject","inLanguage":"es","@id":"https:\/\/secure.gravatar.com\/avatar\/9a87ee051ca8c77f5d4070843ce2c78cdf95b858b950fb039151de955122f5f5?s=96&d=mm&r=g","url":"https:\/\/secure.gravatar.com\/avatar\/9a87ee051ca8c77f5d4070843ce2c78cdf95b858b950fb039151de955122f5f5?s=96&d=mm&r=g","contentUrl":"https:\/\/secure.gravatar.com\/avatar\/9a87ee051ca8c77f5d4070843ce2c78cdf95b858b950fb039151de955122f5f5?s=96&d=mm&r=g","caption":"impactocastex"},"sameAs":["https:\/\/impactocastex.com.ar"],"url":"https:\/\/impactocastex.com.ar\/?author=1"}]}},"jetpack_publicize_connections":[],"featured_image_urls":{"full":["https:\/\/impactocastex.com.ar\/wp-content\/uploads\/2026\/03\/OGBIUUFI7FCNXBHDSQDZVEFP7Y-isYSV3.jpg",835,626,false],"thumbnail":["https:\/\/impactocastex.com.ar\/wp-content\/uploads\/2026\/03\/OGBIUUFI7FCNXBHDSQDZVEFP7Y-isYSV3-150x150.jpg",150,150,true],"medium":["https:\/\/impactocastex.com.ar\/wp-content\/uploads\/2026\/03\/OGBIUUFI7FCNXBHDSQDZVEFP7Y-isYSV3-300x225.jpg",300,225,true],"medium_large":["https:\/\/impactocastex.com.ar\/wp-content\/uploads\/2026\/03\/OGBIUUFI7FCNXBHDSQDZVEFP7Y-isYSV3-768x576.jpg",640,480,true],"large":["https:\/\/impactocastex.com.ar\/wp-content\/uploads\/2026\/03\/OGBIUUFI7FCNXBHDSQDZVEFP7Y-isYSV3.jpg",640,480,false],"1536x1536":["https:\/\/impactocastex.com.ar\/wp-content\/uploads\/2026\/03\/OGBIUUFI7FCNXBHDSQDZVEFP7Y-isYSV3.jpg",835,626,false],"2048x2048":["https:\/\/impactocastex.com.ar\/wp-content\/uploads\/2026\/03\/OGBIUUFI7FCNXBHDSQDZVEFP7Y-isYSV3.jpg",835,626,false],"newsever-slider-full":["https:\/\/impactocastex.com.ar\/wp-content\/uploads\/2026\/03\/OGBIUUFI7FCNXBHDSQDZVEFP7Y-isYSV3.jpg",835,626,false],"newsever-featured":["https:\/\/impactocastex.com.ar\/wp-content\/uploads\/2026\/03\/OGBIUUFI7FCNXBHDSQDZVEFP7Y-isYSV3.jpg",835,626,false],"newsever-medium":["https:\/\/impactocastex.com.ar\/wp-content\/uploads\/2026\/03\/OGBIUUFI7FCNXBHDSQDZVEFP7Y-isYSV3-720x475.jpg",720,475,true]},"author_info":{"info":["impactocastex"]},"category_info":"<a href=\"https:\/\/impactocastex.com.ar\/?cat=89\" rel=\"category\">NACIONALES<\/a>","tag_info":"NACIONALES","comment_count":0,"jetpack_featured_media_url":"https:\/\/impactocastex.com.ar\/wp-content\/uploads\/2026\/03\/OGBIUUFI7FCNXBHDSQDZVEFP7Y-isYSV3.jpg","jetpack_sharing_enabled":true,"jetpack_likes_enabled":true,"jetpack_shortlink":"https:\/\/wp.me\/p7sopA-3g6","_links":{"self":[{"href":"https:\/\/impactocastex.com.ar\/index.php?rest_route=\/wp\/v2\/posts\/12530","targetHints":{"allow":["GET"]}}],"collection":[{"href":"https:\/\/impactocastex.com.ar\/index.php?rest_route=\/wp\/v2\/posts"}],"about":[{"href":"https:\/\/impactocastex.com.ar\/index.php?rest_route=\/wp\/v2\/types\/post"}],"author":[{"embeddable":true,"href":"https:\/\/impactocastex.com.ar\/index.php?rest_route=\/wp\/v2\/users\/1"}],"replies":[{"embeddable":true,"href":"https:\/\/impactocastex.com.ar\/index.php?rest_route=%2Fwp%2Fv2%2Fcomments&post=12530"}],"version-history":[{"count":0,"href":"https:\/\/impactocastex.com.ar\/index.php?rest_route=\/wp\/v2\/posts\/12530\/revisions"}],"wp:featuredmedia":[{"embeddable":true,"href":"https:\/\/impactocastex.com.ar\/index.php?rest_route=\/wp\/v2\/media\/12531"}],"wp:attachment":[{"href":"https:\/\/impactocastex.com.ar\/index.php?rest_route=%2Fwp%2Fv2%2Fmedia&parent=12530"}],"wp:term":[{"taxonomy":"category","embeddable":true,"href":"https:\/\/impactocastex.com.ar\/index.php?rest_route=%2Fwp%2Fv2%2Fcategories&post=12530"},{"taxonomy":"post_tag","embeddable":true,"href":"https:\/\/impactocastex.com.ar\/index.php?rest_route=%2Fwp%2Fv2%2Ftags&post=12530"}],"curies":[{"name":"wp","href":"https:\/\/api.w.org\/{rel}","templated":true}]}}