{"id":12526,"date":"2026-03-03T15:38:42","date_gmt":"2026-03-03T18:38:42","guid":{"rendered":"https:\/\/impactocastex.com.ar\/?p=12526"},"modified":"2026-03-03T15:38:42","modified_gmt":"2026-03-03T18:38:42","slug":"mapa-de-la-guerra-entre-israel-estados-unidos-e-iran-los-muertos-que-dejaron-los-ultimos-ataques-en-medio-oriente","status":"publish","type":"post","link":"https:\/\/impactocastex.com.ar\/?p=12526","title":{"rendered":"Mapa de la guerra entre Israel, Estados Unidos e Ir\u00e1n: los muertos que dejaron los \u00faltimos ataques en Medio Oriente"},"content":{"rendered":"<p>DUBAI.\u2013 En la<b> <\/b><a href=\"https:\/\/www.lanacion.com.ar\/el-mundo\/la-guerra-contra-iran-entra-en-su-cuarto-dia-israel-despliega-por-primera-vez-tropas-en-otros-pais-y-nid03032026\/\" target=\"_self\" rel=\"\" title=\"https:\/\/www.lanacion.com.ar\/el-mundo\/la-guerra-contra-iran-entra-en-su-cuarto-dia-israel-despliega-por-primera-vez-tropas-en-otros-pais-y-nid03032026\/\"><b>cuarta jornada de la ofensiva conjunta de Estados Unidos e Israel contra Ir\u00e1n<\/b><\/a>, continuaron los <b>bombardeos <\/b>y el intercambio de fuego en distintos frentes. Mientras <b>Tel Aviv dispuso el avance de tropas terrestres en el sur del L\u00edbano<\/b> y afirm\u00f3 haber <a href=\"https:\/\/www.lanacion.com.ar\/el-mundo\/israel-lanzo-un-ataque-contra-la-sede-central-del-liderazgo-del-regimen-irani-en-el-centro-de-nid03032026\/\" target=\"_self\" rel=\"\" title=\"https:\/\/www.lanacion.com.ar\/el-mundo\/israel-lanzo-un-ataque-contra-la-sede-central-del-liderazgo-del-regimen-irani-en-el-centro-de-nid03032026\/\">alcanzado la <b>c\u00fapula militar iran\u00ed<\/b><\/a>, Washington inici\u00f3 la evacuaci\u00f3n de su personal en <a href=\"https:\/\/www.lanacion.com.ar\/el-mundo\/de-maduro-a-khamenei-por-que-a-los-lideres-les-resulta-cada-vez-mas-dificil-esconderse-de-eeuu-nid03032026\/\" target=\"_self\" rel=\"\" title=\"https:\/\/www.lanacion.com.ar\/el-mundo\/de-maduro-a-khamenei-por-que-a-los-lideres-les-resulta-cada-vez-mas-dificil-esconderse-de-eeuu-nid03032026\/\">Medio Oriente<\/a> tras ataques contra sus embajadas. En paralelo, <b>Teher\u00e1n lanz\u00f3 advertencias hacia Europa <\/b>y los indicios apuntan a que la <b>confrontaci\u00f3n podr\u00eda prolongarse sin un horizonte claro de resoluci\u00f3n. <\/b><\/p>\n<p>Un d\u00eda despu\u00e9s de que el presidente de Estados Unidos, <a href=\"https:\/\/www.lanacion.com.ar\/el-mundo\/ataque-de-estados-unidos-e-israel-contra-iran-en-vivo-tension-en-medio-oriente-hoy-martes-3-de-marzo-nid03032026\/\" target=\"_self\" rel=\"\" title=\"https:\/\/www.lanacion.com.ar\/el-mundo\/ataque-de-estados-unidos-e-israel-contra-iran-en-vivo-tension-en-medio-oriente-hoy-martes-3-de-marzo-nid03032026\/\">Donald Trump<\/a>, y el primer ministro israel\u00ed, Benjamin Netanyahu, evitaran precisar cu\u00e1nto podr\u00eda prolongarse la guerra, una fuente citada por Reuters se\u00f1al\u00f3 que la<b> campa\u00f1a israel\u00ed hab\u00eda sido dise\u00f1ada para extenderse dos semanas<\/b>, aunque estar\u00eda <b>avanzando con mayor rapidez de lo previsto.<\/b> Seg\u00fan esa versi\u00f3n, el plan contemplaba el <b>derrocamiento de los gobernantes clericales de Ir\u00e1n <\/b>y no establec\u00eda un plazo cerrado para alcanzar ese objetivo.<\/p>\n<p>De acuerdo con la misma fuente, familiarizada con la planificaci\u00f3n militar, el <b>Ej\u00e9rcito israel\u00ed logr\u00f3 progresos m\u00e1s veloces de lo esperado en su lista de blancos<\/b>, con golpes tempranos como la eliminaci\u00f3n de dirigentes iran\u00edes y la destrucci\u00f3n de sistemas de defensa. Al mismo tiempo, <b>Israel estar\u00eda intensificando su ofensiva ante el temor de que Washington pudiera negociar con los l\u00edderes iran\u00edes <\/b>supervivientes y frenar la operaci\u00f3n antes de que se cumplieran las metas fijadas por Tel Aviv. <\/p>\n<p><img loading=\"lazy\" decoding=\"async\" src=\"https:\/\/resizer.glanacion.com\/resizer\/v2\/GJXTMRDG4FCT3IYGSQ32EEBB2Y.JPG?auth=3a819212682c920f389e9e3c4be930666584b79b8fcb5885eb48c00087856121&amp;smart=true&amp;width=4096&amp;height=3072\" alt=\"La operaci\u00f3n militar conjunta de Estados Unidos e Israel contra Ir\u00e1n entr\u00f3 en su cuarto d\u00eda\" height=\"3072\" width=\"4096\" \/><\/p>\n<p>La ofensiva conjunta de Estados Unidos e Israel acab\u00f3 el primer d\u00eda con la vida del l\u00edder supremo iran\u00ed, el <b>ayatollah Ali Khamenei<\/b>, en lo que podr\u00eda constituir el <b>primer asesinato de un jefe de Estado ejecutado desde el aire por fuerzas enemigas en la historia moderna<\/b>. De concretarse el objetivo de derribar al sistema pol\u00edtico iran\u00ed exclusivamente mediante poder a\u00e9reo, sin el despliegue de tropas en tierra, tambi\u00e9n se tratar\u00eda de un precedente in\u00e9dito. <\/p>\n<p><b>Teher\u00e1n denunci\u00f3 la guerra como una agresi\u00f3n no provocada y respondi\u00f3 con el lanzamiento de misiles y drones contra pa\u00edses \u00e1rabes vecinos<\/b>, adem\u00e1s de obstaculizar el tr\u00e1nsito mar\u00edtimo por el Estrecho de Ormuz, paso estrat\u00e9gico por el que circula cerca de una quinta parte del petr\u00f3leo mundial y grandes vol\u00famenes de gas. Desde el lunes, el <b>conflicto tambi\u00e9n se extendi\u00f3 al L\u00edbano<\/b>, donde el <b>movimiento chiita Hezbollah atac\u00f3 a Israel y este replic\u00f3 con bombardeos y reforz\u00f3 sus posiciones terrestres en el sur<\/b>. Una densa columna de humo negro cubri\u00f3 Beirut mientras las explosiones sacud\u00edan la ciudad, y las autoridades reportaron decenas de muertos. <\/p>\n<p>A continuaci\u00f3n, un detalle de las \u00faltimas horas del conflicto, pa\u00eds por pa\u00eds. <\/p>\n<h1>Fuego cruzado entre Ir\u00e1n e Israel<\/h1>\n<p>El impacto humano del conflicto se extiende por gran parte de Medio Oriente. En <b>Ir\u00e1n<\/b>, la <b>Media Luna Roja report\u00f3 al menos 787 muertos desde el inicio de la ofensiva <\/b>conjunta de Washington y Tel Aviv. El episodio m\u00e1s grave ocurri\u00f3 en la ciudad de Minab, donde un bombardeo contra una escuela primaria femenina dej\u00f3 cerca de 180 ni\u00f1as fallecidas, seg\u00fan el Ministerio de Salud iran\u00ed. Tambi\u00e9n se registraron explosiones en Teher\u00e1n, Karaj e Isfah\u00e1n, adem\u00e1s de ataques contra edificios oficiales, incluido el palacio presidencial y el Consejo Supremo de Seguridad Nacional. <\/p>\n<p><img loading=\"lazy\" decoding=\"async\" src=\"https:\/\/resizer.glanacion.com\/resizer\/v2\/VXQMJSFLIVF5NIUFPVOLAOURGQ.jpg?auth=6084fc089bbe0e6193d60d171a04e2c5bc91b5599306c2e83916adda44e5b648&amp;smart=true&amp;width=6000&amp;height=4000\" alt=\"Un hombre sujeta una bandera iran\u00ed tras un ataque en Teher\u00e1n, Ir\u00e1n\" height=\"4000\" width=\"6000\" \/><\/p>\n<p>En <b>Israel<\/b>, los ataques con misiles iran\u00edes causaron <b>11 muertos y cientos de heridos<\/b>. Nueve personas fallecieron en Beit Shemesh tras el impacto de un misil bal\u00edstico, mientras que en el \u00e1rea de Tel Aviv una mujer muri\u00f3 por esquirlas. Al menos 40 edificios resultaron da\u00f1ados en Tel Aviv. Las sirenas volvieron a sonar en Jerusal\u00e9n ante nuevos lanzamientos desde territorio iran\u00ed, mientras el Ej\u00e9rcito israel\u00ed confirm\u00f3 operaciones simult\u00e1neas en Teher\u00e1n y Beirut. <\/p>\n<h1>El proxie: Hezbollah<\/h1>\n<p>Los<b> bombardeos israel\u00edes dejaron al menos 40 muertos y 246 heridos en el L\u00edbano<\/b>, seg\u00fan el Ministerio de Salud liban\u00e9s. La cadena Al-Manar, vinculada a Hezbollah, inform\u00f3 que sus oficinas en los suburbios del sur de Beirut fueron alcanzadas. <\/p>\n<p><img loading=\"lazy\" decoding=\"async\" src=\"https:\/\/resizer.glanacion.com\/resizer\/v2\/WDTWSU3LH5FUBCXV3NKTMKLF7A.JPG?auth=4a99f7369788701f869200274b46ef81795f7248e88f8c04043770f831aa9943&amp;smart=true&amp;width=6000&amp;height=4000\" alt=\"El humo se eleva tras los ataques a\u00e9reos israel\u00edes en Dahiyeh, un suburbio al sur de Beirut, L\u00edbano, el martes 3 de marzo\" height=\"4000\" width=\"6000\" \/><\/p>\n<p>Israel inst\u00f3 a evacuar decenas de localidades del sur del pa\u00eds ante la intensificaci\u00f3n de los ataques.<\/p>\n<h1>Arabia Saudita y sus vecinos<\/h1>\n<p>En <b>Bahr\u00e9in<\/b>, se report\u00f3 <b>un muerto y cuatro heridos<\/b> luego de ataques contra la zona de Juffair, donde se ubica la Quinta Flota estadounidense. <b>En Kuwait, el saldo asciende a tres muertos y 35 heridos<\/b> tras impactos de misiles y drones, incluidos ataques contra la base a\u00e9rea Ali al-Salem y el aeropuerto internacional. <\/p>\n<p>En<b> Emiratos \u00c1rabes Unidos, al menos tres personas murieron y 68 resultaron heridas<\/b>. Entre las v\u00edctimas figura un ciudadano pakistan\u00ed fallecido por la ca\u00edda de escombros cerca del aeropuerto internacional Zayed, en Abu Dhabi. Tambi\u00e9n hubo heridos en Dub\u00e1i y en Palm Jumeirah. <\/p>\n<p>En <b>Irak<\/b>, <b>dos combatientes murieron y cinco resultaron heridos<\/b> tras ataques contra la base de Jurf al-Sakher, donde operan milicias chiitas. En el Kurdist\u00e1n iraqu\u00ed se registraron explosiones cerca del consulado estadounidense en Erbil. Mientras que en <b>Om\u00e1n<\/b>, un<b> trabajador extranjero muri\u00f3 y otras cinco personas resultaron heridas<\/b> tras ataques con drones contra el puerto de Duqm y un petrolero frente a la costa de Musandam. <\/p>\n<p><img loading=\"lazy\" decoding=\"async\" src=\"https:\/\/resizer.glanacion.com\/resizer\/v2\/SG4UCRWMVFBIHDENS3PEIT5BIQ.png?auth=5353265ae3dd66baf057f432371f63a5ad23a9f5abfc392bd105c0a765368c5f&amp;smart=true&amp;width=1048&amp;height=622\" alt=\"Seg\u00fan la Guardia Revolucionaria, los ataques alcanzaron el cuartel general de la Quinta Flota estadounidense en Bahrein, la base a\u00e9rea Al Udeid en Qatar, instalaciones militares en Emiratos \u00c1rabes Unidos \u2014incluida Al Dhafra, cerca de Abu Dabi\u2014 y la base a\u00e9rea Ali Al Salem en Kuwait, adem\u00e1s de objetivos militares y de seguridad en Israel\" height=\"622\" width=\"1048\" \/><\/p>\n<p>En <b>Qatar<\/b>, <b>no se reportaron fallecidos pero s\u00ed 16 heridos<\/b>, en su mayor\u00eda por fragmentos de misiles interceptados. El gobierno suspendi\u00f3 vuelos, clases presenciales y reuniones p\u00fablicas. Por su parte, en <b>Jordania<\/b>, <b>cinco personas resultaron heridas <\/b>por la ca\u00edda de restos de misiles interceptados, sin v\u00edctimas fatales. <\/p>\n<p>Por \u00faltimo, <b>Arabia Saudita confirm\u00f3 ataques contra Riad y la Provincia Oriental, aunque hasta el momento no report\u00f3 muertos ni heridos. <\/b><\/p>\n<h1>Las bajas estadounidenses<\/h1>\n<p>Entre las fuerzas estadounidenses, el <b>Pent\u00e1gono confirm\u00f3 la muerte de seis soldados y 18 heridos<\/b> tras ataques iran\u00edes contra instalaciones regionales. Dos de los cuerpos fueron recuperados de una base alcanzada por misiles. Adem\u00e1s, Ir\u00e1n asegur\u00f3 haber atacado la base a\u00e9rea de Al Udeid, en Qatar, y posiciones navales en Bahr\u00e9in.<\/p>\n<p><b>Agencias AFP, AP y Reuters<\/b><\/p>\n<p>\u200bIr\u00e1n encabeza la lista con por lo menos 787 bajas, seguido por L\u00edbano e Israel, mientras los ataques y represalias alcanzan objetivos estadounidenses y \u00e1reas civiles en el Golfo\u00a0\u00a0<\/p>","protected":false},"excerpt":{"rendered":"<p>DUBAI.\u2013 En la cuarta jornada de la ofensiva conjunta de Estados Unidos e Israel contra&#8230;<\/p>\n","protected":false},"author":1,"featured_media":12527,"comment_status":"closed","ping_status":"closed","sticky":false,"template":"","format":"standard","meta":{"_jetpack_memberships_contains_paid_content":false,"footnotes":"","jetpack_publicize_message":"","jetpack_publicize_feature_enabled":true,"jetpack_social_post_already_shared":true,"jetpack_social_options":{"image_generator_settings":{"template":"highway","default_image_id":0,"font":"","enabled":false},"version":2}},"categories":[89],"tags":[],"class_list":["post-12526","post","type-post","status-publish","format-standard","has-post-thumbnail","hentry","category-nacionales"],"yoast_head":"<!-- This site is optimized with the Yoast SEO plugin v27.4 - https:\/\/yoast.com\/product\/yoast-seo-wordpress\/ -->\n<title>Mapa de la guerra entre Israel, Estados Unidos e Ir\u00e1n: los muertos que dejaron los \u00faltimos ataques en Medio Oriente -<\/title>\n<meta name=\"robots\" content=\"index, follow, max-snippet:-1, max-image-preview:large, max-video-preview:-1\" \/>\n<link rel=\"canonical\" href=\"https:\/\/impactocastex.com.ar\/?p=12526\" \/>\n<meta property=\"og:locale\" content=\"es_ES\" \/>\n<meta property=\"og:type\" content=\"article\" \/>\n<meta property=\"og:title\" content=\"Mapa de la guerra entre Israel, Estados Unidos e Ir\u00e1n: los muertos que dejaron los \u00faltimos ataques en Medio Oriente -\" \/>\n<meta property=\"og:description\" content=\"DUBAI.\u2013 En la cuarta jornada de la ofensiva conjunta de Estados Unidos e Israel contra...\" \/>\n<meta property=\"og:url\" content=\"https:\/\/impactocastex.com.ar\/?p=12526\" \/>\n<meta property=\"article:publisher\" content=\"https:\/\/www.facebook.com\/impactocastexdiario\" \/>\n<meta property=\"article:published_time\" content=\"2026-03-03T18:38:42+00:00\" \/>\n<meta property=\"og:image\" content=\"https:\/\/resizer.glanacion.com\/resizer\/v2\/GJXTMRDG4FCT3IYGSQ32EEBB2Y.JPG?auth=3a819212682c920f389e9e3c4be930666584b79b8fcb5885eb48c00087856121&amp;smart=true&amp;width=4096&amp;height=3072\" \/>\n<meta name=\"author\" content=\"impactocastex\" \/>\n<meta name=\"twitter:card\" content=\"summary_large_image\" \/>\n<meta name=\"twitter:label1\" content=\"Escrito por\" \/>\n\t<meta name=\"twitter:data1\" content=\"impactocastex\" \/>\n\t<meta name=\"twitter:label2\" content=\"Tiempo de lectura\" \/>\n\t<meta name=\"twitter:data2\" content=\"5 minutos\" \/>\n<script type=\"application\/ld+json\" class=\"yoast-schema-graph\">{\"@context\":\"https:\\\/\\\/schema.org\",\"@graph\":[{\"@type\":\"Article\",\"@id\":\"https:\\\/\\\/impactocastex.com.ar\\\/?p=12526#article\",\"isPartOf\":{\"@id\":\"https:\\\/\\\/impactocastex.com.ar\\\/?p=12526\"},\"author\":{\"name\":\"impactocastex\",\"@id\":\"https:\\\/\\\/impactocastex.com.ar\\\/#\\\/schema\\\/person\\\/86cb4f827fb5f87869a239b98a69c6e3\"},\"headline\":\"Mapa de la guerra entre Israel, Estados Unidos e Ir\u00e1n: los muertos que dejaron los \u00faltimos ataques en Medio Oriente\",\"datePublished\":\"2026-03-03T18:38:42+00:00\",\"mainEntityOfPage\":{\"@id\":\"https:\\\/\\\/impactocastex.com.ar\\\/?p=12526\"},\"wordCount\":1092,\"publisher\":{\"@id\":\"https:\\\/\\\/impactocastex.com.ar\\\/#organization\"},\"image\":{\"@id\":\"https:\\\/\\\/impactocastex.com.ar\\\/?p=12526#primaryimage\"},\"thumbnailUrl\":\"https:\\\/\\\/impactocastex.com.ar\\\/wp-content\\\/uploads\\\/2026\\\/03\\\/4KSA26GHAZFJ7NE2WQROW7YYWI-pcdvAa.jpg\",\"articleSection\":[\"NACIONALES\"],\"inLanguage\":\"es\"},{\"@type\":\"WebPage\",\"@id\":\"https:\\\/\\\/impactocastex.com.ar\\\/?p=12526\",\"url\":\"https:\\\/\\\/impactocastex.com.ar\\\/?p=12526\",\"name\":\"Mapa de la guerra entre Israel, Estados Unidos e Ir\u00e1n: los muertos que dejaron los \u00faltimos ataques en Medio Oriente -\",\"isPartOf\":{\"@id\":\"https:\\\/\\\/impactocastex.com.ar\\\/#website\"},\"primaryImageOfPage\":{\"@id\":\"https:\\\/\\\/impactocastex.com.ar\\\/?p=12526#primaryimage\"},\"image\":{\"@id\":\"https:\\\/\\\/impactocastex.com.ar\\\/?p=12526#primaryimage\"},\"thumbnailUrl\":\"https:\\\/\\\/impactocastex.com.ar\\\/wp-content\\\/uploads\\\/2026\\\/03\\\/4KSA26GHAZFJ7NE2WQROW7YYWI-pcdvAa.jpg\",\"datePublished\":\"2026-03-03T18:38:42+00:00\",\"breadcrumb\":{\"@id\":\"https:\\\/\\\/impactocastex.com.ar\\\/?p=12526#breadcrumb\"},\"inLanguage\":\"es\",\"potentialAction\":[{\"@type\":\"ReadAction\",\"target\":[\"https:\\\/\\\/impactocastex.com.ar\\\/?p=12526\"]}]},{\"@type\":\"ImageObject\",\"inLanguage\":\"es\",\"@id\":\"https:\\\/\\\/impactocastex.com.ar\\\/?p=12526#primaryimage\",\"url\":\"https:\\\/\\\/impactocastex.com.ar\\\/wp-content\\\/uploads\\\/2026\\\/03\\\/4KSA26GHAZFJ7NE2WQROW7YYWI-pcdvAa.jpg\",\"contentUrl\":\"https:\\\/\\\/impactocastex.com.ar\\\/wp-content\\\/uploads\\\/2026\\\/03\\\/4KSA26GHAZFJ7NE2WQROW7YYWI-pcdvAa.jpg\",\"width\":960,\"height\":640},{\"@type\":\"BreadcrumbList\",\"@id\":\"https:\\\/\\\/impactocastex.com.ar\\\/?p=12526#breadcrumb\",\"itemListElement\":[{\"@type\":\"ListItem\",\"position\":1,\"name\":\"Portada\",\"item\":\"https:\\\/\\\/impactocastex.com.ar\\\/\"},{\"@type\":\"ListItem\",\"position\":2,\"name\":\"Mapa de la guerra entre Israel, Estados Unidos e Ir\u00e1n: los muertos que dejaron los \u00faltimos ataques en Medio Oriente\"}]},{\"@type\":\"WebSite\",\"@id\":\"https:\\\/\\\/impactocastex.com.ar\\\/#website\",\"url\":\"https:\\\/\\\/impactocastex.com.ar\\\/\",\"name\":\"Impacto Castex\",\"description\":\"\",\"publisher\":{\"@id\":\"https:\\\/\\\/impactocastex.com.ar\\\/#organization\"},\"potentialAction\":[{\"@type\":\"SearchAction\",\"target\":{\"@type\":\"EntryPoint\",\"urlTemplate\":\"https:\\\/\\\/impactocastex.com.ar\\\/?s={search_term_string}\"},\"query-input\":{\"@type\":\"PropertyValueSpecification\",\"valueRequired\":true,\"valueName\":\"search_term_string\"}}],\"inLanguage\":\"es\"},{\"@type\":\"Organization\",\"@id\":\"https:\\\/\\\/impactocastex.com.ar\\\/#organization\",\"name\":\"Impacto Castex\",\"url\":\"https:\\\/\\\/impactocastex.com.ar\\\/\",\"logo\":{\"@type\":\"ImageObject\",\"inLanguage\":\"es\",\"@id\":\"https:\\\/\\\/impactocastex.com.ar\\\/#\\\/schema\\\/logo\\\/image\\\/\",\"url\":\"https:\\\/\\\/impactocastex.com.ar\\\/wp-content\\\/uploads\\\/2025\\\/09\\\/cropped-icoweb.png\",\"contentUrl\":\"https:\\\/\\\/impactocastex.com.ar\\\/wp-content\\\/uploads\\\/2025\\\/09\\\/cropped-icoweb.png\",\"width\":512,\"height\":512,\"caption\":\"Impacto Castex\"},\"image\":{\"@id\":\"https:\\\/\\\/impactocastex.com.ar\\\/#\\\/schema\\\/logo\\\/image\\\/\"},\"sameAs\":[\"https:\\\/\\\/www.facebook.com\\\/impactocastexdiario\",\"https:\\\/\\\/www.instagram.com\\\/impactocastex.com.ar\\\/\"]},{\"@type\":\"Person\",\"@id\":\"https:\\\/\\\/impactocastex.com.ar\\\/#\\\/schema\\\/person\\\/86cb4f827fb5f87869a239b98a69c6e3\",\"name\":\"impactocastex\",\"image\":{\"@type\":\"ImageObject\",\"inLanguage\":\"es\",\"@id\":\"https:\\\/\\\/secure.gravatar.com\\\/avatar\\\/9a87ee051ca8c77f5d4070843ce2c78cdf95b858b950fb039151de955122f5f5?s=96&d=mm&r=g\",\"url\":\"https:\\\/\\\/secure.gravatar.com\\\/avatar\\\/9a87ee051ca8c77f5d4070843ce2c78cdf95b858b950fb039151de955122f5f5?s=96&d=mm&r=g\",\"contentUrl\":\"https:\\\/\\\/secure.gravatar.com\\\/avatar\\\/9a87ee051ca8c77f5d4070843ce2c78cdf95b858b950fb039151de955122f5f5?s=96&d=mm&r=g\",\"caption\":\"impactocastex\"},\"sameAs\":[\"https:\\\/\\\/impactocastex.com.ar\"],\"url\":\"https:\\\/\\\/impactocastex.com.ar\\\/?author=1\"}]}<\/script>\n<!-- \/ Yoast SEO plugin. -->","yoast_head_json":{"title":"Mapa de la guerra entre Israel, Estados Unidos e Ir\u00e1n: los muertos que dejaron los \u00faltimos ataques en Medio Oriente -","robots":{"index":"index","follow":"follow","max-snippet":"max-snippet:-1","max-image-preview":"max-image-preview:large","max-video-preview":"max-video-preview:-1"},"canonical":"https:\/\/impactocastex.com.ar\/?p=12526","og_locale":"es_ES","og_type":"article","og_title":"Mapa de la guerra entre Israel, Estados Unidos e Ir\u00e1n: los muertos que dejaron los \u00faltimos ataques en Medio Oriente -","og_description":"DUBAI.\u2013 En la cuarta jornada de la ofensiva conjunta de Estados Unidos e Israel contra...","og_url":"https:\/\/impactocastex.com.ar\/?p=12526","article_publisher":"https:\/\/www.facebook.com\/impactocastexdiario","article_published_time":"2026-03-03T18:38:42+00:00","og_image":[{"url":"https:\/\/resizer.glanacion.com\/resizer\/v2\/GJXTMRDG4FCT3IYGSQ32EEBB2Y.JPG?auth=3a819212682c920f389e9e3c4be930666584b79b8fcb5885eb48c00087856121&amp;smart=true&amp;width=4096&amp;height=3072","type":"","width":"","height":""}],"author":"impactocastex","twitter_card":"summary_large_image","twitter_misc":{"Escrito por":"impactocastex","Tiempo de lectura":"5 minutos"},"schema":{"@context":"https:\/\/schema.org","@graph":[{"@type":"Article","@id":"https:\/\/impactocastex.com.ar\/?p=12526#article","isPartOf":{"@id":"https:\/\/impactocastex.com.ar\/?p=12526"},"author":{"name":"impactocastex","@id":"https:\/\/impactocastex.com.ar\/#\/schema\/person\/86cb4f827fb5f87869a239b98a69c6e3"},"headline":"Mapa de la guerra entre Israel, Estados Unidos e Ir\u00e1n: los muertos que dejaron los \u00faltimos ataques en Medio Oriente","datePublished":"2026-03-03T18:38:42+00:00","mainEntityOfPage":{"@id":"https:\/\/impactocastex.com.ar\/?p=12526"},"wordCount":1092,"publisher":{"@id":"https:\/\/impactocastex.com.ar\/#organization"},"image":{"@id":"https:\/\/impactocastex.com.ar\/?p=12526#primaryimage"},"thumbnailUrl":"https:\/\/impactocastex.com.ar\/wp-content\/uploads\/2026\/03\/4KSA26GHAZFJ7NE2WQROW7YYWI-pcdvAa.jpg","articleSection":["NACIONALES"],"inLanguage":"es"},{"@type":"WebPage","@id":"https:\/\/impactocastex.com.ar\/?p=12526","url":"https:\/\/impactocastex.com.ar\/?p=12526","name":"Mapa de la guerra entre Israel, Estados Unidos e Ir\u00e1n: los muertos que dejaron los \u00faltimos ataques en Medio Oriente -","isPartOf":{"@id":"https:\/\/impactocastex.com.ar\/#website"},"primaryImageOfPage":{"@id":"https:\/\/impactocastex.com.ar\/?p=12526#primaryimage"},"image":{"@id":"https:\/\/impactocastex.com.ar\/?p=12526#primaryimage"},"thumbnailUrl":"https:\/\/impactocastex.com.ar\/wp-content\/uploads\/2026\/03\/4KSA26GHAZFJ7NE2WQROW7YYWI-pcdvAa.jpg","datePublished":"2026-03-03T18:38:42+00:00","breadcrumb":{"@id":"https:\/\/impactocastex.com.ar\/?p=12526#breadcrumb"},"inLanguage":"es","potentialAction":[{"@type":"ReadAction","target":["https:\/\/impactocastex.com.ar\/?p=12526"]}]},{"@type":"ImageObject","inLanguage":"es","@id":"https:\/\/impactocastex.com.ar\/?p=12526#primaryimage","url":"https:\/\/impactocastex.com.ar\/wp-content\/uploads\/2026\/03\/4KSA26GHAZFJ7NE2WQROW7YYWI-pcdvAa.jpg","contentUrl":"https:\/\/impactocastex.com.ar\/wp-content\/uploads\/2026\/03\/4KSA26GHAZFJ7NE2WQROW7YYWI-pcdvAa.jpg","width":960,"height":640},{"@type":"BreadcrumbList","@id":"https:\/\/impactocastex.com.ar\/?p=12526#breadcrumb","itemListElement":[{"@type":"ListItem","position":1,"name":"Portada","item":"https:\/\/impactocastex.com.ar\/"},{"@type":"ListItem","position":2,"name":"Mapa de la guerra entre Israel, Estados Unidos e Ir\u00e1n: los muertos que dejaron los \u00faltimos ataques en Medio Oriente"}]},{"@type":"WebSite","@id":"https:\/\/impactocastex.com.ar\/#website","url":"https:\/\/impactocastex.com.ar\/","name":"Impacto Castex","description":"","publisher":{"@id":"https:\/\/impactocastex.com.ar\/#organization"},"potentialAction":[{"@type":"SearchAction","target":{"@type":"EntryPoint","urlTemplate":"https:\/\/impactocastex.com.ar\/?s={search_term_string}"},"query-input":{"@type":"PropertyValueSpecification","valueRequired":true,"valueName":"search_term_string"}}],"inLanguage":"es"},{"@type":"Organization","@id":"https:\/\/impactocastex.com.ar\/#organization","name":"Impacto Castex","url":"https:\/\/impactocastex.com.ar\/","logo":{"@type":"ImageObject","inLanguage":"es","@id":"https:\/\/impactocastex.com.ar\/#\/schema\/logo\/image\/","url":"https:\/\/impactocastex.com.ar\/wp-content\/uploads\/2025\/09\/cropped-icoweb.png","contentUrl":"https:\/\/impactocastex.com.ar\/wp-content\/uploads\/2025\/09\/cropped-icoweb.png","width":512,"height":512,"caption":"Impacto Castex"},"image":{"@id":"https:\/\/impactocastex.com.ar\/#\/schema\/logo\/image\/"},"sameAs":["https:\/\/www.facebook.com\/impactocastexdiario","https:\/\/www.instagram.com\/impactocastex.com.ar\/"]},{"@type":"Person","@id":"https:\/\/impactocastex.com.ar\/#\/schema\/person\/86cb4f827fb5f87869a239b98a69c6e3","name":"impactocastex","image":{"@type":"ImageObject","inLanguage":"es","@id":"https:\/\/secure.gravatar.com\/avatar\/9a87ee051ca8c77f5d4070843ce2c78cdf95b858b950fb039151de955122f5f5?s=96&d=mm&r=g","url":"https:\/\/secure.gravatar.com\/avatar\/9a87ee051ca8c77f5d4070843ce2c78cdf95b858b950fb039151de955122f5f5?s=96&d=mm&r=g","contentUrl":"https:\/\/secure.gravatar.com\/avatar\/9a87ee051ca8c77f5d4070843ce2c78cdf95b858b950fb039151de955122f5f5?s=96&d=mm&r=g","caption":"impactocastex"},"sameAs":["https:\/\/impactocastex.com.ar"],"url":"https:\/\/impactocastex.com.ar\/?author=1"}]}},"jetpack_publicize_connections":[],"featured_image_urls":{"full":["https:\/\/impactocastex.com.ar\/wp-content\/uploads\/2026\/03\/4KSA26GHAZFJ7NE2WQROW7YYWI-pcdvAa.jpg",960,640,false],"thumbnail":["https:\/\/impactocastex.com.ar\/wp-content\/uploads\/2026\/03\/4KSA26GHAZFJ7NE2WQROW7YYWI-pcdvAa-150x150.jpg",150,150,true],"medium":["https:\/\/impactocastex.com.ar\/wp-content\/uploads\/2026\/03\/4KSA26GHAZFJ7NE2WQROW7YYWI-pcdvAa-300x200.jpg",300,200,true],"medium_large":["https:\/\/impactocastex.com.ar\/wp-content\/uploads\/2026\/03\/4KSA26GHAZFJ7NE2WQROW7YYWI-pcdvAa-768x512.jpg",640,427,true],"large":["https:\/\/impactocastex.com.ar\/wp-content\/uploads\/2026\/03\/4KSA26GHAZFJ7NE2WQROW7YYWI-pcdvAa.jpg",640,427,false],"1536x1536":["https:\/\/impactocastex.com.ar\/wp-content\/uploads\/2026\/03\/4KSA26GHAZFJ7NE2WQROW7YYWI-pcdvAa.jpg",960,640,false],"2048x2048":["https:\/\/impactocastex.com.ar\/wp-content\/uploads\/2026\/03\/4KSA26GHAZFJ7NE2WQROW7YYWI-pcdvAa.jpg",960,640,false],"newsever-slider-full":["https:\/\/impactocastex.com.ar\/wp-content\/uploads\/2026\/03\/4KSA26GHAZFJ7NE2WQROW7YYWI-pcdvAa.jpg",960,640,false],"newsever-featured":["https:\/\/impactocastex.com.ar\/wp-content\/uploads\/2026\/03\/4KSA26GHAZFJ7NE2WQROW7YYWI-pcdvAa.jpg",960,640,false],"newsever-medium":["https:\/\/impactocastex.com.ar\/wp-content\/uploads\/2026\/03\/4KSA26GHAZFJ7NE2WQROW7YYWI-pcdvAa-720x475.jpg",720,475,true]},"author_info":{"info":["impactocastex"]},"category_info":"<a href=\"https:\/\/impactocastex.com.ar\/?cat=89\" rel=\"category\">NACIONALES<\/a>","tag_info":"NACIONALES","comment_count":0,"jetpack_featured_media_url":"https:\/\/impactocastex.com.ar\/wp-content\/uploads\/2026\/03\/4KSA26GHAZFJ7NE2WQROW7YYWI-pcdvAa.jpg","jetpack_sharing_enabled":true,"jetpack_likes_enabled":true,"jetpack_shortlink":"https:\/\/wp.me\/p7sopA-3g2","_links":{"self":[{"href":"https:\/\/impactocastex.com.ar\/index.php?rest_route=\/wp\/v2\/posts\/12526","targetHints":{"allow":["GET"]}}],"collection":[{"href":"https:\/\/impactocastex.com.ar\/index.php?rest_route=\/wp\/v2\/posts"}],"about":[{"href":"https:\/\/impactocastex.com.ar\/index.php?rest_route=\/wp\/v2\/types\/post"}],"author":[{"embeddable":true,"href":"https:\/\/impactocastex.com.ar\/index.php?rest_route=\/wp\/v2\/users\/1"}],"replies":[{"embeddable":true,"href":"https:\/\/impactocastex.com.ar\/index.php?rest_route=%2Fwp%2Fv2%2Fcomments&post=12526"}],"version-history":[{"count":0,"href":"https:\/\/impactocastex.com.ar\/index.php?rest_route=\/wp\/v2\/posts\/12526\/revisions"}],"wp:featuredmedia":[{"embeddable":true,"href":"https:\/\/impactocastex.com.ar\/index.php?rest_route=\/wp\/v2\/media\/12527"}],"wp:attachment":[{"href":"https:\/\/impactocastex.com.ar\/index.php?rest_route=%2Fwp%2Fv2%2Fmedia&parent=12526"}],"wp:term":[{"taxonomy":"category","embeddable":true,"href":"https:\/\/impactocastex.com.ar\/index.php?rest_route=%2Fwp%2Fv2%2Fcategories&post=12526"},{"taxonomy":"post_tag","embeddable":true,"href":"https:\/\/impactocastex.com.ar\/index.php?rest_route=%2Fwp%2Fv2%2Ftags&post=12526"}],"curies":[{"name":"wp","href":"https:\/\/api.w.org\/{rel}","templated":true}]}}