{"id":12524,"date":"2026-03-03T15:40:56","date_gmt":"2026-03-03T18:40:56","guid":{"rendered":"https:\/\/impactocastex.com.ar\/?p=12524"},"modified":"2026-03-03T15:40:56","modified_gmt":"2026-03-03T18:40:56","slug":"asi-vivieron-los-vecinos-del-edificio-de-parque-patricios-el-derrumbe-del-techo-del-estacionamiento-subterraneo","status":"publish","type":"post","link":"https:\/\/impactocastex.com.ar\/?p=12524","title":{"rendered":"As\u00ed vivieron los vecinos del edificio de Parque Patricios el derrumbe del techo del estacionamiento subterr\u00e1neo"},"content":{"rendered":"<p>Un fuerte estruendo en plena madrugada alter\u00f3 este martes la rutina de Parque Patricios. A las 4.45, un llamado al 911 alert\u00f3 sobre el derrumbe de una losa en el estacionamiento subterr\u00e1neo de un <b>edificio ubicado en Mafalda 907<\/b>, dentro del <b>complejo habitacional Estaci\u00f3n Buenos Aires<\/b>, desarrollado por el Gobierno Nacional a trav\u00e9s del plan ProCreAr y entregado en 2021.<\/p>\n<p>La evacuaci\u00f3n del edificio, ubicado detr\u00e1s de la cancha de Club Atl\u00e9tico Hurac\u00e1n, fue inmediata y preventiva: cerca de 200 personas debieron abandonar sus departamentos en cuesti\u00f3n de minutos. Seg\u00fan informaron desde la Polic\u00eda de la Ciudad a <b>LA NACION<\/b>, no se registraron heridos ni personas atrapadas. En el operativo trabajaron dotaciones de Bomberos de la Ciudad, personal del SAME, la divisi\u00f3n K9, el Grupo Especial de Rescate y cuatro c\u00e1psulas del DIR. <\/p>\n<p>Los equipos constataron el desprendimiento de una secci\u00f3n de la losa del subsuelo \u2014de aproximadamente 50 por 70 metros\u2014 que provoc\u00f3 el hundimiento del sector donde hab\u00eda veh\u00edculos estacionados. <\/p>\n<p><img loading=\"lazy\" decoding=\"async\" src=\"https:\/\/resizer.glanacion.com\/resizer\/v2\/3U46EI7CWVD2TF7TNRT5NYCOIQ.jpeg?auth=1b1740b0058c58f0b3a5bfa0128668872025ee949d6a880b9943af6c786071c4&amp;smart=true&amp;width=1360&amp;height=910\" alt=\"Presencia policial y de bomberos en los alrededores del edificio\" height=\"910\" width=\"1360\" \/><\/p>\n<p>Un informe t\u00e9cnico preliminar de Bomberos, Defensa Civil y Guardia de Auxilio determin\u00f3 que el derrumbe afect\u00f3 las columnas del subsuelo y la planta baja de estos edificios, y que existe un <b>potencial riesgo estructural<\/b>, ya que la losa estaba conectada con las columnas y les proporcionaba rigidez, impidiendo que se doblen. <\/p>\n<p>El informe detalla que, tras el colapso de la losa, estas columnas quedaron con una endeblez que hace que exista un potencial riesgo estructural. <\/p>\n<p>Por tal motivo,<b> las personas evacuadas no podr\u00e1n regresar a sus departamentos<\/b> hasta tanto la empresa constructora y el administrador a cargo realicen de manera urgente un plan de recomposici\u00f3n de seguridad estructural en las \u00e1reas afectadas.<\/p>\n<h1>\u201c\u00bfD\u00f3nde vamos a dormir?\u00bb<\/h1>\n<p>Mientras contin\u00faan las tareas t\u00e9cnicas y la evaluaci\u00f3n estructural en Mafalda 907, la postal es la de un barrio en pausa: calles valladas, m\u00f3viles de emergencia, vecinos que miran hacia sus balcones sin saber cu\u00e1ndo podr\u00e1n regresar. El ingreso controlado para retirar lo esencial avanza bajo supervisi\u00f3n. Afuera, el reclamo es claro: informaci\u00f3n concreta y una respuesta sobre su futuro inmediato.<\/p>\n<p>La tensi\u00f3n crece a medida que avanza el d\u00eda. Las torres permanecen evacuadas. El ingreso al edificio se mantiene restringido a un vecino por departamento, acompa\u00f1ado por personal de emergencia, para retirar lo indispensable. Afuera, hay una pregunta concreta que se repite una y otra vez entre los vecinos: <b>d\u00f3nde van a dormir esta noche.<\/b><\/p>\n<p>Con el correr de las horas, los reclamos comienzan a subir de tono. El cansancio se acumula sobre el miedo. \u201cMucha carga todo el d\u00eda\u201d, repite por la tarde una mujer, mientras se seca las l\u00e1grimas. Hace pocos minutos, estall\u00f3 a los gritos frente al cord\u00f3n policial: \u201cQuiero mi casa porque no dan respuestas. Que aparezca el Gobierno de la Ciudad y que d\u00e9 la cara. No nos dicen d\u00f3nde vamos a dormir\u201d, reclam\u00f3. Poco despu\u00e9s aparecieron bombos, tambi\u00e9n cacerolas, y el sonido met\u00e1lico empez\u00f3 a expandirse entre los edificios grises del complejo. <\/p>\n<p>Tras horas instalados entre la vereda, la calle cortada y la esquina vallada del edificio, los vecinos buscan una respuesta. \u201cQue venga alguien y nos explique\u201d, se escucha entre la multitud. <\/p>\n\n<p>\u201cHay gente que tuvo que subir al piso ocho, que se descompens\u00f3. Hay ni\u00f1os en silla de ruedas, no s\u00e9 c\u00f3mo es la situaci\u00f3n de ellos. Nos dijeron que fu\u00e9ramos a la casa de alg\u00fan familiar. Yo no tengo. Voy a tener que dormir en una plaza o en el subte. Queremos que se hagan cargo y nos den respuestas. Estos son edificios de cart\u00f3n\u201d, afirma Norma, visiblemente alterada. <\/p>\n<p>Asegura que sinti\u00f3 la explosi\u00f3n. \u201c<b>Fue como una bomba<\/b>\u201d, describe. Vive en una de las torres evacuadas y es madre de dos hijos. Dice que cuando baj\u00f3 y corri\u00f3 hacia el subsuelo se encontr\u00f3 con el cr\u00e1ter. \u201cYo lo vi\u201d, remarca. La angustia es concreta: quiere saber d\u00f3nde va a dormir esta noche.<\/p>\n<p><img loading=\"lazy\" decoding=\"async\" src=\"https:\/\/resizer.glanacion.com\/resizer\/v2\/4U7C65E52JDHPJ2WRMRMT54RRE.JPG?auth=cc7bcbe7b09998b687a6b603b6b27e59a0157f8e4e916e5f18e3a549b0bfe1d8&amp;smart=true&amp;width=1998&amp;height=1333\" alt=\"Los vecinos del complejo de viviendas fueron evacuados\" height=\"1333\" width=\"1998\" \/><\/p>\n<p>A su lado, Sonia Contreras, jubilada, cuenta c\u00f3mo fue su madrugada. Vive sola. \u201cMi perro empez\u00f3 a ladrar y ah\u00ed escuch\u00e9 los gritos. Sal\u00ed corriendo \u2014relata\u2014. Tengo miedo, no quiero volver. Me voy a ir a lo de mi hija\u201d. Sali\u00f3 en pijama. \u201cTengo mis remedios y mi celular, nada m\u00e1s\u201d, cuenta.<\/p>\n<p>Jaqueline, vecina del complejo, habla rodeada de otros residentes que asienten mientras ella enumera reclamos. Se\u00f1ala hacia el sector interno del estacionamiento y cuestiona el operativo. \u201cYo ped\u00ed que entren los bomberos y saquen a la gente del sector uno. La cochera del sector uno est\u00e1 peor que la del sector dos y hace cuatro a\u00f1os que hay denuncias\u201d, afirma.<\/p>\n<p>Seg\u00fan describe, mientras algunos vecinos ingresan a retirar pertenencias, otros intentan sacar sus autos. \u201cEn el medio algunos est\u00e1n entrando a sacar los autos y los polic\u00edas te dicen que el terreno se mueve\u201d, comenta. Pide que el ingreso sea coordinado y que se informe cu\u00e1ndo termina el \u00faltimo acceso autorizado. \u201cAv\u00edsennos cuando termine de entrar el \u00faltimo y entramos nosotros\u201d, insiste.<\/p>\n<p>Advierte tambi\u00e9n sobre un posible efecto en cadena. \u201cLa torre A tiene peligro de caerse hacia el edificio de al lado\u201d, sostiene, en medio de la preocupaci\u00f3n generalizada. Sus palabras generan murmullos entre los vecinos, que miran alternativamente hacia las fachadas y hacia el cord\u00f3n policial.<\/p>\n<p>En paralelo, desde el Club Atl\u00e9tico Hurac\u00e1n confirmaron a este medio que el partido previsto para esta noche se realizar\u00e1 a puertas cerradas. La decisi\u00f3n busca evitar la concentraci\u00f3n de p\u00fablico en la zona mientras contin\u00faan las evaluaciones estructurales y el operativo de emergencia en el complejo habitacional lindante al estadio.<\/p>\n<h1>Incertidumbre<\/h1>\n<p>\u201cSe puede caer en cualquier momento\u201d, expresa un vecino, mientras sostiene la caja transportadora de su gato. La incertidumbre domina la escena. M\u00e1s all\u00e1 de la incertidumbre sobre d\u00f3nde pasar\u00e1n esta noche, nadie sabe cu\u00e1nto tiempo durar\u00e1 la inhabilitaci\u00f3n ni cu\u00e1ndo podr\u00e1n volver a sus departamentos.<\/p>\n<p>La mayor\u00eda de los evacuados permanece sobre la calle Montesquieu al 750, frente a la plaza. All\u00ed se concentran mientras personal de Defensa Civil, Polic\u00eda de la Ciudad y Bomberos coordina el operativo. <\/p>\n<p>La fila para ingresar al edificio avanza de manera lenta y ordenada, aunque por momentos se generan amontonamientos y reclamos. Algunos sostienen carpetas con documentaci\u00f3n; otros, bolsos vac\u00edos para llevar ropa, medicaci\u00f3n y objetos indispensables. \u201cQueremos informaci\u00f3n y nadie dice nada\u201d, repiten varios, con la mirada puesta en el edificio y en los efectivos que custodian el acceso.<\/p>\n<p>Mar\u00eda D\u00edaz, vecina del quinto piso, detalla que estaba durmiendo cuando sinti\u00f3 un fuerte movimiento. \u201cSent\u00ed un sacud\u00f3n. Pens\u00e9 que era el cami\u00f3n de basura o el viento, porque parec\u00eda que iba a llover. Mir\u00e9 por la ventana y vi que estaba pasando el cami\u00f3n, entonces cre\u00ed que era eso. Pero despu\u00e9s escuch\u00e9 gritos\u201d, cuenta.<\/p>\n<p><img loading=\"lazy\" decoding=\"async\" src=\"https:\/\/resizer.glanacion.com\/resizer\/v2\/MNTKILH5MRBH5JDCKOTWIZQZQQ.JPG?auth=754dac6fec0b8cffc7dc01193da56c781e6c4a8a6c5aae47170944a06472133e&amp;smart=true&amp;width=1998&amp;height=1333\" alt=\"Mar\u00eda D\u00edaz\" height=\"1333\" width=\"1998\" \/><\/p>\n<p>\u201cEstaba durmiendo mi hijo. Le dije \u2018baj\u00e1, baj\u00e1, no s\u00e9 qu\u00e9 pasa\u2019. Salimos por la escalera, no usamos el ascensor. Cuando llegamos abajo vimos que estaba todo roto\u201d, describi\u00f3. Vive all\u00ed desde hace dos o tres a\u00f1os y asegura que nunca hab\u00edan atravesado una situaci\u00f3n similar. \u201cA veces cuando hay recitales en la cancha se siente que vibra, pero nunca imagin\u00e9 que pod\u00eda pasar algo as\u00ed\u201d, agrega.<\/p>\n<p>Fernando \u00c1lvarez, otro residente, afirma que no escuch\u00f3 un ruido previo. \u201cEstaba profundamente dormido. Lo primero que escuch\u00e9 fue a mi perra ladrar y despu\u00e9s los gritos de \u2018evac\u00faen\u2019. Mir\u00e9 el celular y dec\u00eda \u2018llamen a la polic\u00eda\u2019. No entend\u00eda nada. Despu\u00e9s empec\u00e9 a escuchar \u2018se derrumba\u2019 y salimos con lo puesto\u201d, relata.<\/p>\n<p><img loading=\"lazy\" decoding=\"async\" src=\"https:\/\/resizer.glanacion.com\/resizer\/v2\/K6FX3I2CYRCQNHL6A4NQ3NDZ3M.JPG?auth=bd6a119b7c728216d1bcbef78471c881dc31a5ee2d789c75459a5e4caf5c4a06&amp;smart=true&amp;width=971&amp;height=728\" alt=\"El agujero que se hizo en el jard\u00edn central\" height=\"728\" width=\"971\" \/><\/p>\n<p>Seg\u00fan explica, les informaron que el edificio no quedar\u00e1 habitable durante un tiempo indeterminado. \u201cSabemos que no va a quedar habitable durante un tiempo, pero no sabemos qu\u00e9 significa ese tiempo. Supuestamente ahora nos habilitar\u00edan un rato para pasar a buscar ropa y cosas. Pero no sabemos d\u00f3nde vamos a quedarnos\u201d, sostuvo.<\/p>\n<p>Sobre las posibles causas, mencion\u00f3 que el edificio ten\u00eda una obra en curso por filtraciones. \u201cUna obra que est\u00e1 a cargo de la constructora y de la administraci\u00f3n. Es verdad que el estadio genera vibraciones, pero el barrio es posterior al estadio\u201d, se\u00f1al\u00f3.<\/p>\n<p><img loading=\"lazy\" decoding=\"async\" src=\"https:\/\/resizer.glanacion.com\/resizer\/v2\/2I5REBMWMRCAFI4MYKT2NR3BBA.JPG?auth=3dc18c9592ee8d608b09062ef3019b458a643428b2e72089eb636d0cc8e65e45&amp;smart=true&amp;width=1998&amp;height=1333\" alt=\"Fernando \u00c1lvarez\" height=\"1333\" width=\"1998\" \/><\/p>\n<p>El <b>complejo Estaci\u00f3n Buenos Aires<\/b> fue desarrollado por el Gobierno nacional a trav\u00e9s del plan ProCreAr. La obra fue licitada durante el gobierno de Cristina Fern\u00e1ndez de Kirchner y las viviendas comenzaron a entregarse en 2021.<\/p>\n<p>En el asfalto, a pocos metros del cord\u00f3n policial, alguien dej\u00f3 dos bandejas pl\u00e1sticas con alimento balanceado y agua. Son para los perros que salieron a las apuradas y todav\u00eda no volvieron a sus casas. La escena resume la intemperie: lo urgente se vuelve b\u00e1sico.<\/p>\n<p>Mar\u00eda, vecina de la torre 1 del complejo Estaci\u00f3n Buenos Aires, tambi\u00e9n fue evacuada. La losa que colaps\u00f3 pertenece a la torre 2, pero la decisi\u00f3n fue desalojar todas las torres por prevenci\u00f3n. \u201cEstoy hablando con cada vecino, no solo del edificio afectado sino de los que est\u00e1n alrededor. Nos evacuaron directamente a todos\u201d, cont\u00f3 a este medio.<\/p>\n<p>Seg\u00fan relat\u00f3, la explicaci\u00f3n fue preventiva. \u201cNos dijeron que era por prevenci\u00f3n. Es la misma estructura, la misma constructora, las mismas condiciones. No nos hablaron de un peligro puntual, sino de prevenir\u201d.<\/p>\n<p>No escuch\u00f3 el estruendo. \u201cYo solamente escuchaba los gritos, las sirenas, las alarmas de los autos. No escuch\u00e9 el ruido ni el golpe. Ya cuando me despert\u00e9, la gente estaba evacuando. Eran las 5.05\u201d, detall\u00f3. Vive all\u00ed desde hace apenas dos meses.<\/p>\n<h1>Tres torres y un patio<\/h1>\n<p>Describe el complejo como \u201ctres torres en l\u00ednea, con un patio interno\u201d. \u201cEso fue lo que se cay\u00f3, debajo del estacionamiento\u201d, se\u00f1al\u00f3. Hasta el momento no recibi\u00f3 informaci\u00f3n concreta sobre si podr\u00e1 volver a su departamento. \u201cNo nos dicen si no podemos volver o si s\u00ed. Tengo amigos donde quedarme, pero nadie confirma nada\u201d.<\/p>\n<p>A su lado, otra vecina encara a un polic\u00eda y le pregunta, con la voz temblorosa: \u201c\u00bfVos dec\u00eds que se va a derrumbar y voy a perder todo?\u201d. El efectivo intenta tranquilizarla, pero no da precisiones. La incertidumbre es transversal.<\/p>\n<p><img loading=\"lazy\" decoding=\"async\" src=\"https:\/\/resizer.glanacion.com\/resizer\/v2\/GWYUNRKKQZDBBP4GG35C2AVZCA.jpeg?auth=9c082e4f89c2a18568210a637ff0cd950fd33a665364db808b48e96fd76a98d4&amp;smart=true&amp;width=1360&amp;height=910\" alt=\"Un vecino y sus perros a la espera de novedades\" height=\"910\" width=\"1360\" \/><\/p>\n<p>Todas las torres fueron evacuadas.<\/p>\n<p>En la torre 2 vive la familia Barrientos: Carlos, su esposa Laura y su hija Sof\u00eda, de 9 a\u00f1os. Con ellos, un perro que no deja de olfatear el suelo.<\/p>\n<p>\u201cEst\u00e1bamos durmiendo los tres\u201d, cuenta Carlos. \u201cSentimos el movimiento y despu\u00e9s los gritos. Bajamos como pudimos.\u201d Laura agrega: \u201cLo primero que agarr\u00e9 fue a Sofi. Ni pens\u00e9 en otra cosa.\u201d Sof\u00eda mira hacia los edificios y pregunta en voz baja por su cuarto.<\/p>\n<p>Viven en la torre directamente afectada. \u201cNos dijeron que por ahora no podemos volver. Que es peligroso. Pero nadie nos explica cu\u00e1nto tiempo es \u2018por ahora\u2019\u201d, dice Laura. \u201cTenemos todo arriba. Ropa, \u00fatiles, documentos. Es nuestra casa.\u201d<\/p>\n<p>A pocos metros, Tom\u00e1s Costa, de 28 a\u00f1os, espera con una mochila en la espalda. De la cremallera asoma la cabeza de su gato. No alcanz\u00f3 a meterlo en una caja transportadora. \u201cLo agarr\u00e9 y lo met\u00ed ac\u00e1\u201d, explica. Vive solo.<\/p>\n<p>\u201cNos dicen que saquemos lo esencial. Pero toda mi vida est\u00e1 ah\u00ed. Todo lo que tengo es esencial\u201d, sostiene a este medio. Trabaja desde su departamento. Su computadora, sus papeles, sus recuerdos quedaron en el interior. \u201cNadie me dice que no se va a caer. Entonces me da miedo. Es mi vida entera\u201d, dice.<\/p>\n<p>Un poco m\u00e1s all\u00e1, Marta Da Silva, jubilada, sostiene de la mano a su nieto de seis a\u00f1os. Viven juntos en la torre 2. \u201cSalimos como est\u00e1bamos. \u00c9l lloraba porque no entend\u00eda\u201d, relata. El ni\u00f1o observa los m\u00f3viles y las luces intermitentes con una mezcla de curiosidad y temor.<\/p>\n<p><img loading=\"lazy\" decoding=\"async\" src=\"https:\/\/resizer.glanacion.com\/resizer\/v2\/HZRY7XIIOVHIHPOHG6AKSBLXMM.jpeg?auth=947cf6a4f01312dfd97716bdc1013bfaf93bb8963a580ba95383185b35431796&amp;smart=true&amp;width=1360&amp;height=910\" alt=\"Los edificios fueron evacuados por completo\" height=\"910\" width=\"1360\" \/><\/p>\n<p>En otra esquina, personal m\u00e9dico asiste a un vecino en silla de ruedas. Una ambulancia permanece estacionada, con la puerta trasera abierta, preparada ante cualquier eventualidad. Los profesionales recorren la vereda, preguntan si alguien necesita atenci\u00f3n.<\/p>\n<p>Las horas pasan y el operativo contin\u00faa. De a uno, con listas en mano, los vecinos ingresan acompa\u00f1ados por bomberos para retirar medicaci\u00f3n, ropa y documentaci\u00f3n. Afuera, el resto espera.<\/p>\n<p>La imagen que queda es la de una comunidad detenida, suspendida en una pregunta sin respuesta: si podr\u00e1n volver y cu\u00e1ndo. Entre las sirenas, las bandejas con alimento para mascotas y los grupos que se organizan sobre la vereda, el derrumbe dej\u00f3 algo m\u00e1s que una losa ca\u00edda. Dej\u00f3 la intemperie compartida de quienes miran hacia sus balcones y no saben si esa ser\u00e1, todav\u00eda, su casa.<\/p>\n<p>\u200bCerca de 200 personas debieron abandonar sus departamentos en cuesti\u00f3n de minutos\u00a0\u00a0<\/p>","protected":false},"excerpt":{"rendered":"<p>Un fuerte estruendo en plena madrugada alter\u00f3 este martes la rutina de Parque Patricios. A&#8230;<\/p>\n","protected":false},"author":1,"featured_media":12525,"comment_status":"closed","ping_status":"closed","sticky":false,"template":"","format":"standard","meta":{"_jetpack_memberships_contains_paid_content":false,"footnotes":"","jetpack_publicize_message":"","jetpack_publicize_feature_enabled":true,"jetpack_social_post_already_shared":true,"jetpack_social_options":{"image_generator_settings":{"template":"highway","default_image_id":0,"font":"","enabled":false},"version":2}},"categories":[89],"tags":[],"class_list":["post-12524","post","type-post","status-publish","format-standard","has-post-thumbnail","hentry","category-nacionales"],"yoast_head":"<!-- This site is optimized with the Yoast SEO plugin v27.4 - https:\/\/yoast.com\/product\/yoast-seo-wordpress\/ -->\n<title>As\u00ed vivieron los vecinos del edificio de Parque Patricios el derrumbe del techo del estacionamiento subterr\u00e1neo -<\/title>\n<meta name=\"robots\" content=\"index, follow, max-snippet:-1, max-image-preview:large, max-video-preview:-1\" \/>\n<link rel=\"canonical\" href=\"https:\/\/impactocastex.com.ar\/?p=12524\" \/>\n<meta property=\"og:locale\" content=\"es_ES\" \/>\n<meta property=\"og:type\" content=\"article\" \/>\n<meta property=\"og:title\" content=\"As\u00ed vivieron los vecinos del edificio de Parque Patricios el derrumbe del techo del estacionamiento subterr\u00e1neo -\" \/>\n<meta property=\"og:description\" content=\"Un fuerte estruendo en plena madrugada alter\u00f3 este martes la rutina de Parque Patricios. A...\" \/>\n<meta property=\"og:url\" content=\"https:\/\/impactocastex.com.ar\/?p=12524\" \/>\n<meta property=\"article:publisher\" content=\"https:\/\/www.facebook.com\/impactocastexdiario\" \/>\n<meta property=\"article:published_time\" content=\"2026-03-03T18:40:56+00:00\" \/>\n<meta property=\"og:image\" content=\"https:\/\/resizer.glanacion.com\/resizer\/v2\/3U46EI7CWVD2TF7TNRT5NYCOIQ.jpeg?auth=1b1740b0058c58f0b3a5bfa0128668872025ee949d6a880b9943af6c786071c4&amp;smart=true&amp;width=1360&amp;height=910\" \/>\n<meta name=\"author\" content=\"impactocastex\" \/>\n<meta name=\"twitter:card\" content=\"summary_large_image\" \/>\n<meta name=\"twitter:label1\" content=\"Escrito por\" \/>\n\t<meta name=\"twitter:data1\" content=\"impactocastex\" \/>\n\t<meta name=\"twitter:label2\" content=\"Tiempo de lectura\" \/>\n\t<meta name=\"twitter:data2\" content=\"11 minutos\" \/>\n<script type=\"application\/ld+json\" class=\"yoast-schema-graph\">{\"@context\":\"https:\\\/\\\/schema.org\",\"@graph\":[{\"@type\":\"Article\",\"@id\":\"https:\\\/\\\/impactocastex.com.ar\\\/?p=12524#article\",\"isPartOf\":{\"@id\":\"https:\\\/\\\/impactocastex.com.ar\\\/?p=12524\"},\"author\":{\"name\":\"impactocastex\",\"@id\":\"https:\\\/\\\/impactocastex.com.ar\\\/#\\\/schema\\\/person\\\/86cb4f827fb5f87869a239b98a69c6e3\"},\"headline\":\"As\u00ed vivieron los vecinos del edificio de Parque Patricios el derrumbe del techo del estacionamiento subterr\u00e1neo\",\"datePublished\":\"2026-03-03T18:40:56+00:00\",\"mainEntityOfPage\":{\"@id\":\"https:\\\/\\\/impactocastex.com.ar\\\/?p=12524\"},\"wordCount\":2183,\"publisher\":{\"@id\":\"https:\\\/\\\/impactocastex.com.ar\\\/#organization\"},\"image\":{\"@id\":\"https:\\\/\\\/impactocastex.com.ar\\\/?p=12524#primaryimage\"},\"thumbnailUrl\":\"https:\\\/\\\/impactocastex.com.ar\\\/wp-content\\\/uploads\\\/2026\\\/03\\\/CZXIH27UVNCKBAFSL6AE6D2GYU-aA6KGD.jpg\",\"articleSection\":[\"NACIONALES\"],\"inLanguage\":\"es\"},{\"@type\":\"WebPage\",\"@id\":\"https:\\\/\\\/impactocastex.com.ar\\\/?p=12524\",\"url\":\"https:\\\/\\\/impactocastex.com.ar\\\/?p=12524\",\"name\":\"As\u00ed vivieron los vecinos del edificio de Parque Patricios el derrumbe del techo del estacionamiento subterr\u00e1neo -\",\"isPartOf\":{\"@id\":\"https:\\\/\\\/impactocastex.com.ar\\\/#website\"},\"primaryImageOfPage\":{\"@id\":\"https:\\\/\\\/impactocastex.com.ar\\\/?p=12524#primaryimage\"},\"image\":{\"@id\":\"https:\\\/\\\/impactocastex.com.ar\\\/?p=12524#primaryimage\"},\"thumbnailUrl\":\"https:\\\/\\\/impactocastex.com.ar\\\/wp-content\\\/uploads\\\/2026\\\/03\\\/CZXIH27UVNCKBAFSL6AE6D2GYU-aA6KGD.jpg\",\"datePublished\":\"2026-03-03T18:40:56+00:00\",\"breadcrumb\":{\"@id\":\"https:\\\/\\\/impactocastex.com.ar\\\/?p=12524#breadcrumb\"},\"inLanguage\":\"es\",\"potentialAction\":[{\"@type\":\"ReadAction\",\"target\":[\"https:\\\/\\\/impactocastex.com.ar\\\/?p=12524\"]}]},{\"@type\":\"ImageObject\",\"inLanguage\":\"es\",\"@id\":\"https:\\\/\\\/impactocastex.com.ar\\\/?p=12524#primaryimage\",\"url\":\"https:\\\/\\\/impactocastex.com.ar\\\/wp-content\\\/uploads\\\/2026\\\/03\\\/CZXIH27UVNCKBAFSL6AE6D2GYU-aA6KGD.jpg\",\"contentUrl\":\"https:\\\/\\\/impactocastex.com.ar\\\/wp-content\\\/uploads\\\/2026\\\/03\\\/CZXIH27UVNCKBAFSL6AE6D2GYU-aA6KGD.jpg\",\"width\":2000,\"height\":1333},{\"@type\":\"BreadcrumbList\",\"@id\":\"https:\\\/\\\/impactocastex.com.ar\\\/?p=12524#breadcrumb\",\"itemListElement\":[{\"@type\":\"ListItem\",\"position\":1,\"name\":\"Portada\",\"item\":\"https:\\\/\\\/impactocastex.com.ar\\\/\"},{\"@type\":\"ListItem\",\"position\":2,\"name\":\"As\u00ed vivieron los vecinos del edificio de Parque Patricios el derrumbe del techo del estacionamiento subterr\u00e1neo\"}]},{\"@type\":\"WebSite\",\"@id\":\"https:\\\/\\\/impactocastex.com.ar\\\/#website\",\"url\":\"https:\\\/\\\/impactocastex.com.ar\\\/\",\"name\":\"Impacto Castex\",\"description\":\"\",\"publisher\":{\"@id\":\"https:\\\/\\\/impactocastex.com.ar\\\/#organization\"},\"potentialAction\":[{\"@type\":\"SearchAction\",\"target\":{\"@type\":\"EntryPoint\",\"urlTemplate\":\"https:\\\/\\\/impactocastex.com.ar\\\/?s={search_term_string}\"},\"query-input\":{\"@type\":\"PropertyValueSpecification\",\"valueRequired\":true,\"valueName\":\"search_term_string\"}}],\"inLanguage\":\"es\"},{\"@type\":\"Organization\",\"@id\":\"https:\\\/\\\/impactocastex.com.ar\\\/#organization\",\"name\":\"Impacto Castex\",\"url\":\"https:\\\/\\\/impactocastex.com.ar\\\/\",\"logo\":{\"@type\":\"ImageObject\",\"inLanguage\":\"es\",\"@id\":\"https:\\\/\\\/impactocastex.com.ar\\\/#\\\/schema\\\/logo\\\/image\\\/\",\"url\":\"https:\\\/\\\/impactocastex.com.ar\\\/wp-content\\\/uploads\\\/2025\\\/09\\\/cropped-icoweb.png\",\"contentUrl\":\"https:\\\/\\\/impactocastex.com.ar\\\/wp-content\\\/uploads\\\/2025\\\/09\\\/cropped-icoweb.png\",\"width\":512,\"height\":512,\"caption\":\"Impacto Castex\"},\"image\":{\"@id\":\"https:\\\/\\\/impactocastex.com.ar\\\/#\\\/schema\\\/logo\\\/image\\\/\"},\"sameAs\":[\"https:\\\/\\\/www.facebook.com\\\/impactocastexdiario\",\"https:\\\/\\\/www.instagram.com\\\/impactocastex.com.ar\\\/\"]},{\"@type\":\"Person\",\"@id\":\"https:\\\/\\\/impactocastex.com.ar\\\/#\\\/schema\\\/person\\\/86cb4f827fb5f87869a239b98a69c6e3\",\"name\":\"impactocastex\",\"image\":{\"@type\":\"ImageObject\",\"inLanguage\":\"es\",\"@id\":\"https:\\\/\\\/secure.gravatar.com\\\/avatar\\\/9a87ee051ca8c77f5d4070843ce2c78cdf95b858b950fb039151de955122f5f5?s=96&d=mm&r=g\",\"url\":\"https:\\\/\\\/secure.gravatar.com\\\/avatar\\\/9a87ee051ca8c77f5d4070843ce2c78cdf95b858b950fb039151de955122f5f5?s=96&d=mm&r=g\",\"contentUrl\":\"https:\\\/\\\/secure.gravatar.com\\\/avatar\\\/9a87ee051ca8c77f5d4070843ce2c78cdf95b858b950fb039151de955122f5f5?s=96&d=mm&r=g\",\"caption\":\"impactocastex\"},\"sameAs\":[\"https:\\\/\\\/impactocastex.com.ar\"],\"url\":\"https:\\\/\\\/impactocastex.com.ar\\\/?author=1\"}]}<\/script>\n<!-- \/ Yoast SEO plugin. -->","yoast_head_json":{"title":"As\u00ed vivieron los vecinos del edificio de Parque Patricios el derrumbe del techo del estacionamiento subterr\u00e1neo -","robots":{"index":"index","follow":"follow","max-snippet":"max-snippet:-1","max-image-preview":"max-image-preview:large","max-video-preview":"max-video-preview:-1"},"canonical":"https:\/\/impactocastex.com.ar\/?p=12524","og_locale":"es_ES","og_type":"article","og_title":"As\u00ed vivieron los vecinos del edificio de Parque Patricios el derrumbe del techo del estacionamiento subterr\u00e1neo -","og_description":"Un fuerte estruendo en plena madrugada alter\u00f3 este martes la rutina de Parque Patricios. A...","og_url":"https:\/\/impactocastex.com.ar\/?p=12524","article_publisher":"https:\/\/www.facebook.com\/impactocastexdiario","article_published_time":"2026-03-03T18:40:56+00:00","og_image":[{"url":"https:\/\/resizer.glanacion.com\/resizer\/v2\/3U46EI7CWVD2TF7TNRT5NYCOIQ.jpeg?auth=1b1740b0058c58f0b3a5bfa0128668872025ee949d6a880b9943af6c786071c4&amp;smart=true&amp;width=1360&amp;height=910","type":"","width":"","height":""}],"author":"impactocastex","twitter_card":"summary_large_image","twitter_misc":{"Escrito por":"impactocastex","Tiempo de lectura":"11 minutos"},"schema":{"@context":"https:\/\/schema.org","@graph":[{"@type":"Article","@id":"https:\/\/impactocastex.com.ar\/?p=12524#article","isPartOf":{"@id":"https:\/\/impactocastex.com.ar\/?p=12524"},"author":{"name":"impactocastex","@id":"https:\/\/impactocastex.com.ar\/#\/schema\/person\/86cb4f827fb5f87869a239b98a69c6e3"},"headline":"As\u00ed vivieron los vecinos del edificio de Parque Patricios el derrumbe del techo del estacionamiento subterr\u00e1neo","datePublished":"2026-03-03T18:40:56+00:00","mainEntityOfPage":{"@id":"https:\/\/impactocastex.com.ar\/?p=12524"},"wordCount":2183,"publisher":{"@id":"https:\/\/impactocastex.com.ar\/#organization"},"image":{"@id":"https:\/\/impactocastex.com.ar\/?p=12524#primaryimage"},"thumbnailUrl":"https:\/\/impactocastex.com.ar\/wp-content\/uploads\/2026\/03\/CZXIH27UVNCKBAFSL6AE6D2GYU-aA6KGD.jpg","articleSection":["NACIONALES"],"inLanguage":"es"},{"@type":"WebPage","@id":"https:\/\/impactocastex.com.ar\/?p=12524","url":"https:\/\/impactocastex.com.ar\/?p=12524","name":"As\u00ed vivieron los vecinos del edificio de Parque Patricios el derrumbe del techo del estacionamiento subterr\u00e1neo -","isPartOf":{"@id":"https:\/\/impactocastex.com.ar\/#website"},"primaryImageOfPage":{"@id":"https:\/\/impactocastex.com.ar\/?p=12524#primaryimage"},"image":{"@id":"https:\/\/impactocastex.com.ar\/?p=12524#primaryimage"},"thumbnailUrl":"https:\/\/impactocastex.com.ar\/wp-content\/uploads\/2026\/03\/CZXIH27UVNCKBAFSL6AE6D2GYU-aA6KGD.jpg","datePublished":"2026-03-03T18:40:56+00:00","breadcrumb":{"@id":"https:\/\/impactocastex.com.ar\/?p=12524#breadcrumb"},"inLanguage":"es","potentialAction":[{"@type":"ReadAction","target":["https:\/\/impactocastex.com.ar\/?p=12524"]}]},{"@type":"ImageObject","inLanguage":"es","@id":"https:\/\/impactocastex.com.ar\/?p=12524#primaryimage","url":"https:\/\/impactocastex.com.ar\/wp-content\/uploads\/2026\/03\/CZXIH27UVNCKBAFSL6AE6D2GYU-aA6KGD.jpg","contentUrl":"https:\/\/impactocastex.com.ar\/wp-content\/uploads\/2026\/03\/CZXIH27UVNCKBAFSL6AE6D2GYU-aA6KGD.jpg","width":2000,"height":1333},{"@type":"BreadcrumbList","@id":"https:\/\/impactocastex.com.ar\/?p=12524#breadcrumb","itemListElement":[{"@type":"ListItem","position":1,"name":"Portada","item":"https:\/\/impactocastex.com.ar\/"},{"@type":"ListItem","position":2,"name":"As\u00ed vivieron los vecinos del edificio de Parque Patricios el derrumbe del techo del estacionamiento subterr\u00e1neo"}]},{"@type":"WebSite","@id":"https:\/\/impactocastex.com.ar\/#website","url":"https:\/\/impactocastex.com.ar\/","name":"Impacto Castex","description":"","publisher":{"@id":"https:\/\/impactocastex.com.ar\/#organization"},"potentialAction":[{"@type":"SearchAction","target":{"@type":"EntryPoint","urlTemplate":"https:\/\/impactocastex.com.ar\/?s={search_term_string}"},"query-input":{"@type":"PropertyValueSpecification","valueRequired":true,"valueName":"search_term_string"}}],"inLanguage":"es"},{"@type":"Organization","@id":"https:\/\/impactocastex.com.ar\/#organization","name":"Impacto Castex","url":"https:\/\/impactocastex.com.ar\/","logo":{"@type":"ImageObject","inLanguage":"es","@id":"https:\/\/impactocastex.com.ar\/#\/schema\/logo\/image\/","url":"https:\/\/impactocastex.com.ar\/wp-content\/uploads\/2025\/09\/cropped-icoweb.png","contentUrl":"https:\/\/impactocastex.com.ar\/wp-content\/uploads\/2025\/09\/cropped-icoweb.png","width":512,"height":512,"caption":"Impacto Castex"},"image":{"@id":"https:\/\/impactocastex.com.ar\/#\/schema\/logo\/image\/"},"sameAs":["https:\/\/www.facebook.com\/impactocastexdiario","https:\/\/www.instagram.com\/impactocastex.com.ar\/"]},{"@type":"Person","@id":"https:\/\/impactocastex.com.ar\/#\/schema\/person\/86cb4f827fb5f87869a239b98a69c6e3","name":"impactocastex","image":{"@type":"ImageObject","inLanguage":"es","@id":"https:\/\/secure.gravatar.com\/avatar\/9a87ee051ca8c77f5d4070843ce2c78cdf95b858b950fb039151de955122f5f5?s=96&d=mm&r=g","url":"https:\/\/secure.gravatar.com\/avatar\/9a87ee051ca8c77f5d4070843ce2c78cdf95b858b950fb039151de955122f5f5?s=96&d=mm&r=g","contentUrl":"https:\/\/secure.gravatar.com\/avatar\/9a87ee051ca8c77f5d4070843ce2c78cdf95b858b950fb039151de955122f5f5?s=96&d=mm&r=g","caption":"impactocastex"},"sameAs":["https:\/\/impactocastex.com.ar"],"url":"https:\/\/impactocastex.com.ar\/?author=1"}]}},"jetpack_publicize_connections":[],"featured_image_urls":{"full":["https:\/\/impactocastex.com.ar\/wp-content\/uploads\/2026\/03\/CZXIH27UVNCKBAFSL6AE6D2GYU-aA6KGD.jpg",2000,1333,false],"thumbnail":["https:\/\/impactocastex.com.ar\/wp-content\/uploads\/2026\/03\/CZXIH27UVNCKBAFSL6AE6D2GYU-aA6KGD-150x150.jpg",150,150,true],"medium":["https:\/\/impactocastex.com.ar\/wp-content\/uploads\/2026\/03\/CZXIH27UVNCKBAFSL6AE6D2GYU-aA6KGD-300x200.jpg",300,200,true],"medium_large":["https:\/\/impactocastex.com.ar\/wp-content\/uploads\/2026\/03\/CZXIH27UVNCKBAFSL6AE6D2GYU-aA6KGD-768x512.jpg",640,427,true],"large":["https:\/\/impactocastex.com.ar\/wp-content\/uploads\/2026\/03\/CZXIH27UVNCKBAFSL6AE6D2GYU-aA6KGD-1024x682.jpg",640,426,true],"1536x1536":["https:\/\/impactocastex.com.ar\/wp-content\/uploads\/2026\/03\/CZXIH27UVNCKBAFSL6AE6D2GYU-aA6KGD-1536x1024.jpg",1536,1024,true],"2048x2048":["https:\/\/impactocastex.com.ar\/wp-content\/uploads\/2026\/03\/CZXIH27UVNCKBAFSL6AE6D2GYU-aA6KGD.jpg",2000,1333,false],"newsever-slider-full":["https:\/\/impactocastex.com.ar\/wp-content\/uploads\/2026\/03\/CZXIH27UVNCKBAFSL6AE6D2GYU-aA6KGD-1280x845.jpg",1280,845,true],"newsever-featured":["https:\/\/impactocastex.com.ar\/wp-content\/uploads\/2026\/03\/CZXIH27UVNCKBAFSL6AE6D2GYU-aA6KGD-1024x682.jpg",1024,682,true],"newsever-medium":["https:\/\/impactocastex.com.ar\/wp-content\/uploads\/2026\/03\/CZXIH27UVNCKBAFSL6AE6D2GYU-aA6KGD-720x475.jpg",720,475,true]},"author_info":{"info":["impactocastex"]},"category_info":"<a href=\"https:\/\/impactocastex.com.ar\/?cat=89\" rel=\"category\">NACIONALES<\/a>","tag_info":"NACIONALES","comment_count":0,"jetpack_featured_media_url":"https:\/\/impactocastex.com.ar\/wp-content\/uploads\/2026\/03\/CZXIH27UVNCKBAFSL6AE6D2GYU-aA6KGD.jpg","jetpack_sharing_enabled":true,"jetpack_likes_enabled":true,"jetpack_shortlink":"https:\/\/wp.me\/p7sopA-3g0","_links":{"self":[{"href":"https:\/\/impactocastex.com.ar\/index.php?rest_route=\/wp\/v2\/posts\/12524","targetHints":{"allow":["GET"]}}],"collection":[{"href":"https:\/\/impactocastex.com.ar\/index.php?rest_route=\/wp\/v2\/posts"}],"about":[{"href":"https:\/\/impactocastex.com.ar\/index.php?rest_route=\/wp\/v2\/types\/post"}],"author":[{"embeddable":true,"href":"https:\/\/impactocastex.com.ar\/index.php?rest_route=\/wp\/v2\/users\/1"}],"replies":[{"embeddable":true,"href":"https:\/\/impactocastex.com.ar\/index.php?rest_route=%2Fwp%2Fv2%2Fcomments&post=12524"}],"version-history":[{"count":0,"href":"https:\/\/impactocastex.com.ar\/index.php?rest_route=\/wp\/v2\/posts\/12524\/revisions"}],"wp:featuredmedia":[{"embeddable":true,"href":"https:\/\/impactocastex.com.ar\/index.php?rest_route=\/wp\/v2\/media\/12525"}],"wp:attachment":[{"href":"https:\/\/impactocastex.com.ar\/index.php?rest_route=%2Fwp%2Fv2%2Fmedia&parent=12524"}],"wp:term":[{"taxonomy":"category","embeddable":true,"href":"https:\/\/impactocastex.com.ar\/index.php?rest_route=%2Fwp%2Fv2%2Fcategories&post=12524"},{"taxonomy":"post_tag","embeddable":true,"href":"https:\/\/impactocastex.com.ar\/index.php?rest_route=%2Fwp%2Fv2%2Ftags&post=12524"}],"curies":[{"name":"wp","href":"https:\/\/api.w.org\/{rel}","templated":true}]}}