{"id":12521,"date":"2026-03-03T09:44:41","date_gmt":"2026-03-03T12:44:41","guid":{"rendered":"https:\/\/impactocastex.com.ar\/?p=12521"},"modified":"2026-03-03T09:44:43","modified_gmt":"2026-03-03T12:44:43","slug":"el-anses-confirmo-el-calendario-de-pagos-de-marzo-2026","status":"publish","type":"post","link":"https:\/\/impactocastex.com.ar\/?p=12521","title":{"rendered":"El ANSES confirm\u00f3 el calendario de pagos de marzo 2026"},"content":{"rendered":"\n<p>Desde la&nbsp;<strong>Administraci\u00f3n Nacional de la Seguridad Social&nbsp;<\/strong>(ANSES), el organismo que depende del Ministerio de Capital Humano, confirmaron el calendario de pagos de marzo 2026 para jubilados, pensionados y todos los titulares de prestaciones sociales. Las fechas de pagos se establecen en relaci\u00f3n al \u00faltimo n\u00famero del DNI y del tipo de beneficio.<\/p>\n\n\n\n<p>Para el mes de marzo, las prestaciones del organismo van a tener un aumento del 2,9%&nbsp;seg\u00fan la variaci\u00f3n del<strong>&nbsp;\u00cdndice de Precios del Consumidor<\/strong>&nbsp;(IPC).&nbsp;Este aumento busca compensar el avance de la inflaci\u00f3n que no frena.<\/p>\n\n\n\n<p><strong>Fecha de pago a jubilados con haberes m\u00ednimos:<\/strong><\/p>\n\n\n\n<p>DNI terminado en 0: 9 de marzo<\/p>\n\n\n\n<p>DNI terminado en 1: 10 de marzo<\/p>\n\n\n\n<p>DNI terminado en 2: 11 de marzo<\/p>\n\n\n\n<p>DNI terminado en 3: 12 de marzo<\/p>\n\n\n\n<p>DNI terminado en 4: 13 de marzo<\/p>\n\n\n\n<p>DNI terminado en 5: 16 de marzo<\/p>\n\n\n\n<p>DNI terminado en 6: 17 de marzo<\/p>\n\n\n\n<p>DNI terminado en 7: 18 de marzo<\/p>\n\n\n\n<p>DNI terminado en 8: 19 de marzo<\/p>\n\n\n\n<p>DNI terminado en 9: 20 de marzo<\/p>\n\n\n\n<p><br><strong>Fecha de pago a jubilados con haberes m\u00e1ximos<\/strong><\/p>\n\n\n\n<p><br>Documentos terminados en 0 y 1: 23 de marzo<\/p>\n\n\n\n<p>Documentos terminados en 2 y 3: 25 de marzo<\/p>\n\n\n\n<p>Documentos terminados en 4 y 5: 26 de marzo<\/p>\n\n\n\n<p>Documentos terminados en 6 y 7: 27 de marzo<\/p>\n\n\n\n<p>Documentos terminados en 8 y 9: 30 de marzo<\/p>\n\n\n\n<p><br><strong>Pensiones No Contributivas:<\/strong><\/p>\n\n\n\n<p>DNI terminados en 0 y 1: 9 de marzo<br>DNI terminados en 2 y 3: 10 de marzo<br>DNI terminados en 4 y 5: 11 de marzo<br>DNI terminados en 6 y 7: 12 de marzo<br>DNI terminados en 8 y 9: 13 de marzo<\/p>\n\n\n\n<p><strong>AUH, SUAF y Asignaci\u00f3n por Embarazo&nbsp;<\/strong><\/p>\n\n\n\n<p>La Asignaci\u00f3n Universal por Hijo (AUH) y la Asignaci\u00f3n Familiar por Hijo tienen el mismo cronograma de pagos que las jubilaciones m\u00ednimas. Es decir, del 9 al 20 de marzo seg\u00fan el n\u00famero en el que termina el DNI.<\/p>\n\n\n\n<p>DNI terminados en 0: lunes 9 de marzo<br>DNI terminados 1: martes 10 de marzo<br>DNI terminados 2: mi\u00e9rcoles 11 de marzo<br>DNI terminados 3: jueves 12 de marzo<br>DNI terminados 4: viernes 13 de marzo<br>DNI terminados 5: lunes 16 de marzo<br>DNI terminados 6: martes 17 de marzo<br>DNI terminados 7: mi\u00e9rcoles 18 de marzo<br>DNI terminados 8: jueves 19 de marzo<br>DNI terminados 9: viernes 20 de marzo<\/p>\n\n\n\n<p><strong>Asignaci\u00f3n por Embarazo (AUE):<\/strong><\/p>\n\n\n\n<p>DNI terminado en 0: 10 de marzo<\/p>\n\n\n\n<p>DNI terminado en&nbsp;1: 11 de marzo<\/p>\n\n\n\n<p>DNI terminado en&nbsp;2: 12 de marzo<\/p>\n\n\n\n<p>DNI terminado en&nbsp;3: 13 de marzo<\/p>\n\n\n\n<p>DNI terminado en&nbsp;4: 16 de marzo<\/p>\n\n\n\n<p>DNI terminado en&nbsp;5: 17 de marzo<\/p>\n\n\n\n<p>DNI terminado en&nbsp;6: 18 de marzo<\/p>\n\n\n\n<p>DNI terminado en&nbsp;7: 19 de marzo<\/p>\n\n\n\n<p>DNI terminado en&nbsp;8: 20 de marzo<\/p>\n\n\n\n<p>DNI terminado en&nbsp;9: 25 de marzo<\/p>\n\n\n\n<p>En cuanto a la&nbsp;<strong>Asignaci\u00f3n por Maternidad<\/strong>&nbsp;se pagar\u00e1 seg\u00fan las terminaciones del DNI del 13 de marzo al 10 de abril.<\/p>\n\n\n\n<p>Con respecto a las&nbsp;<strong>Asignaciones de Pago \u00danico<\/strong>&nbsp;(Matrimonio, Nacimiento y Adopci\u00f3n) se van a abonar desde el 10 de marzo hasta el 10 de abril, sin distinci\u00f3n de DNI.<\/p>\n\n\n\n<p>La&nbsp;<strong>Prestaci\u00f3n por Desempleo<\/strong>&nbsp;se acreditar\u00e1:<\/p>\n\n\n\n<p>DNI terminado en&nbsp;0 y 1: 20 de marzo<\/p>\n\n\n\n<p>DNI terminado en&nbsp;2 y 3: 25 de marzo<\/p>\n\n\n\n<p>DNI terminado en&nbsp;4 y 5: 26 de marzo<\/p>\n\n\n\n<p>DNI terminado en&nbsp;6 y 7: 27 de marzo<\/p>\n\n\n\n<p>DNI terminado en&nbsp;8 y 9: 30 de marzo<\/p>\n\n\n\n<p><\/p>\n","protected":false},"excerpt":{"rendered":"<p>Desde la&nbsp;Administraci\u00f3n Nacional de la Seguridad Social&nbsp;(ANSES), el organismo que depende del Ministerio de Capital&#8230;<\/p>\n","protected":false},"author":2,"featured_media":12522,"comment_status":"closed","ping_status":"closed","sticky":false,"template":"","format":"standard","meta":{"_jetpack_memberships_contains_paid_content":false,"footnotes":"","jetpack_publicize_message":"El ANSES confirm\u00f3 el calendario de pagos de marzo 2026","jetpack_publicize_feature_enabled":true,"jetpack_social_post_already_shared":false,"jetpack_social_options":{"image_generator_settings":{"template":"highway","default_image_id":0,"font":"","enabled":false},"version":2}},"categories":[86],"tags":[],"class_list":["post-12521","post","type-post","status-publish","format-standard","has-post-thumbnail","hentry","category-sociedad"],"yoast_head":"<!-- This site is optimized with the Yoast SEO plugin v27.4 - https:\/\/yoast.com\/product\/yoast-seo-wordpress\/ -->\n<title>El ANSES confirm\u00f3 el calendario de pagos de marzo 2026 -<\/title>\n<meta name=\"robots\" content=\"index, follow, max-snippet:-1, max-image-preview:large, max-video-preview:-1\" \/>\n<link rel=\"canonical\" href=\"https:\/\/impactocastex.com.ar\/?p=12521\" \/>\n<meta property=\"og:locale\" content=\"es_ES\" \/>\n<meta property=\"og:type\" content=\"article\" \/>\n<meta property=\"og:title\" content=\"El ANSES confirm\u00f3 el calendario de pagos de marzo 2026 -\" \/>\n<meta property=\"og:description\" content=\"Desde la&nbsp;Administraci\u00f3n Nacional de la Seguridad Social&nbsp;(ANSES), el organismo que depende del Ministerio de Capital...\" \/>\n<meta property=\"og:url\" content=\"https:\/\/impactocastex.com.ar\/?p=12521\" \/>\n<meta property=\"article:publisher\" content=\"https:\/\/www.facebook.com\/impactocastexdiario\" \/>\n<meta property=\"article:published_time\" content=\"2026-03-03T12:44:41+00:00\" \/>\n<meta property=\"article:modified_time\" content=\"2026-03-03T12:44:43+00:00\" \/>\n<meta property=\"og:image\" content=\"https:\/\/impactocastex.com.ar\/wp-content\/uploads\/2026\/03\/1764939259788.webp\" \/>\n\t<meta property=\"og:image:width\" content=\"1121\" \/>\n\t<meta property=\"og:image:height\" content=\"633\" \/>\n\t<meta property=\"og:image:type\" content=\"image\/webp\" \/>\n<meta name=\"author\" content=\"impactocastex\" \/>\n<meta name=\"twitter:card\" content=\"summary_large_image\" \/>\n<meta name=\"twitter:label1\" content=\"Escrito por\" \/>\n\t<meta name=\"twitter:data1\" content=\"impactocastex\" \/>\n\t<meta name=\"twitter:label2\" content=\"Tiempo de lectura\" \/>\n\t<meta name=\"twitter:data2\" content=\"3 minutos\" \/>\n<script type=\"application\/ld+json\" class=\"yoast-schema-graph\">{\"@context\":\"https:\\\/\\\/schema.org\",\"@graph\":[{\"@type\":\"Article\",\"@id\":\"https:\\\/\\\/impactocastex.com.ar\\\/?p=12521#article\",\"isPartOf\":{\"@id\":\"https:\\\/\\\/impactocastex.com.ar\\\/?p=12521\"},\"author\":{\"name\":\"impactocastex\",\"@id\":\"https:\\\/\\\/impactocastex.com.ar\\\/#\\\/schema\\\/person\\\/c115028fb60f9bf49ce7550894b84ea7\"},\"headline\":\"El ANSES confirm\u00f3 el calendario de pagos de marzo 2026\",\"datePublished\":\"2026-03-03T12:44:41+00:00\",\"dateModified\":\"2026-03-03T12:44:43+00:00\",\"mainEntityOfPage\":{\"@id\":\"https:\\\/\\\/impactocastex.com.ar\\\/?p=12521\"},\"wordCount\":496,\"publisher\":{\"@id\":\"https:\\\/\\\/impactocastex.com.ar\\\/#organization\"},\"image\":{\"@id\":\"https:\\\/\\\/impactocastex.com.ar\\\/?p=12521#primaryimage\"},\"thumbnailUrl\":\"https:\\\/\\\/impactocastex.com.ar\\\/wp-content\\\/uploads\\\/2026\\\/03\\\/1764939259788.webp\",\"articleSection\":[\"SOCIEDAD\"],\"inLanguage\":\"es\"},{\"@type\":\"WebPage\",\"@id\":\"https:\\\/\\\/impactocastex.com.ar\\\/?p=12521\",\"url\":\"https:\\\/\\\/impactocastex.com.ar\\\/?p=12521\",\"name\":\"El ANSES confirm\u00f3 el calendario de pagos de marzo 2026 -\",\"isPartOf\":{\"@id\":\"https:\\\/\\\/impactocastex.com.ar\\\/#website\"},\"primaryImageOfPage\":{\"@id\":\"https:\\\/\\\/impactocastex.com.ar\\\/?p=12521#primaryimage\"},\"image\":{\"@id\":\"https:\\\/\\\/impactocastex.com.ar\\\/?p=12521#primaryimage\"},\"thumbnailUrl\":\"https:\\\/\\\/impactocastex.com.ar\\\/wp-content\\\/uploads\\\/2026\\\/03\\\/1764939259788.webp\",\"datePublished\":\"2026-03-03T12:44:41+00:00\",\"dateModified\":\"2026-03-03T12:44:43+00:00\",\"breadcrumb\":{\"@id\":\"https:\\\/\\\/impactocastex.com.ar\\\/?p=12521#breadcrumb\"},\"inLanguage\":\"es\",\"potentialAction\":[{\"@type\":\"ReadAction\",\"target\":[\"https:\\\/\\\/impactocastex.com.ar\\\/?p=12521\"]}]},{\"@type\":\"ImageObject\",\"inLanguage\":\"es\",\"@id\":\"https:\\\/\\\/impactocastex.com.ar\\\/?p=12521#primaryimage\",\"url\":\"https:\\\/\\\/impactocastex.com.ar\\\/wp-content\\\/uploads\\\/2026\\\/03\\\/1764939259788.webp\",\"contentUrl\":\"https:\\\/\\\/impactocastex.com.ar\\\/wp-content\\\/uploads\\\/2026\\\/03\\\/1764939259788.webp\",\"width\":1121,\"height\":633},{\"@type\":\"BreadcrumbList\",\"@id\":\"https:\\\/\\\/impactocastex.com.ar\\\/?p=12521#breadcrumb\",\"itemListElement\":[{\"@type\":\"ListItem\",\"position\":1,\"name\":\"Portada\",\"item\":\"https:\\\/\\\/impactocastex.com.ar\\\/\"},{\"@type\":\"ListItem\",\"position\":2,\"name\":\"El ANSES confirm\u00f3 el calendario de pagos de marzo 2026\"}]},{\"@type\":\"WebSite\",\"@id\":\"https:\\\/\\\/impactocastex.com.ar\\\/#website\",\"url\":\"https:\\\/\\\/impactocastex.com.ar\\\/\",\"name\":\"Impacto Castex\",\"description\":\"\",\"publisher\":{\"@id\":\"https:\\\/\\\/impactocastex.com.ar\\\/#organization\"},\"potentialAction\":[{\"@type\":\"SearchAction\",\"target\":{\"@type\":\"EntryPoint\",\"urlTemplate\":\"https:\\\/\\\/impactocastex.com.ar\\\/?s={search_term_string}\"},\"query-input\":{\"@type\":\"PropertyValueSpecification\",\"valueRequired\":true,\"valueName\":\"search_term_string\"}}],\"inLanguage\":\"es\"},{\"@type\":\"Organization\",\"@id\":\"https:\\\/\\\/impactocastex.com.ar\\\/#organization\",\"name\":\"Impacto Castex\",\"url\":\"https:\\\/\\\/impactocastex.com.ar\\\/\",\"logo\":{\"@type\":\"ImageObject\",\"inLanguage\":\"es\",\"@id\":\"https:\\\/\\\/impactocastex.com.ar\\\/#\\\/schema\\\/logo\\\/image\\\/\",\"url\":\"https:\\\/\\\/impactocastex.com.ar\\\/wp-content\\\/uploads\\\/2025\\\/09\\\/cropped-icoweb.png\",\"contentUrl\":\"https:\\\/\\\/impactocastex.com.ar\\\/wp-content\\\/uploads\\\/2025\\\/09\\\/cropped-icoweb.png\",\"width\":512,\"height\":512,\"caption\":\"Impacto Castex\"},\"image\":{\"@id\":\"https:\\\/\\\/impactocastex.com.ar\\\/#\\\/schema\\\/logo\\\/image\\\/\"},\"sameAs\":[\"https:\\\/\\\/www.facebook.com\\\/impactocastexdiario\",\"https:\\\/\\\/www.instagram.com\\\/impactocastex.com.ar\\\/\"]},{\"@type\":\"Person\",\"@id\":\"https:\\\/\\\/impactocastex.com.ar\\\/#\\\/schema\\\/person\\\/c115028fb60f9bf49ce7550894b84ea7\",\"name\":\"impactocastex\",\"image\":{\"@type\":\"ImageObject\",\"inLanguage\":\"es\",\"@id\":\"https:\\\/\\\/secure.gravatar.com\\\/avatar\\\/fee87e7af008f02e9becdc0b5a9fd4a2e79b3918a571edeacb62211704637833?s=96&d=mm&r=g\",\"url\":\"https:\\\/\\\/secure.gravatar.com\\\/avatar\\\/fee87e7af008f02e9becdc0b5a9fd4a2e79b3918a571edeacb62211704637833?s=96&d=mm&r=g\",\"contentUrl\":\"https:\\\/\\\/secure.gravatar.com\\\/avatar\\\/fee87e7af008f02e9becdc0b5a9fd4a2e79b3918a571edeacb62211704637833?s=96&d=mm&r=g\",\"caption\":\"impactocastex\"},\"sameAs\":[\"https:\\\/\\\/impactocastex.com.ar\\\/\"],\"url\":\"https:\\\/\\\/impactocastex.com.ar\\\/?author=2\"}]}<\/script>\n<!-- \/ Yoast SEO plugin. -->","yoast_head_json":{"title":"El ANSES confirm\u00f3 el calendario de pagos de marzo 2026 -","robots":{"index":"index","follow":"follow","max-snippet":"max-snippet:-1","max-image-preview":"max-image-preview:large","max-video-preview":"max-video-preview:-1"},"canonical":"https:\/\/impactocastex.com.ar\/?p=12521","og_locale":"es_ES","og_type":"article","og_title":"El ANSES confirm\u00f3 el calendario de pagos de marzo 2026 -","og_description":"Desde la&nbsp;Administraci\u00f3n Nacional de la Seguridad Social&nbsp;(ANSES), el organismo que depende del Ministerio de Capital...","og_url":"https:\/\/impactocastex.com.ar\/?p=12521","article_publisher":"https:\/\/www.facebook.com\/impactocastexdiario","article_published_time":"2026-03-03T12:44:41+00:00","article_modified_time":"2026-03-03T12:44:43+00:00","og_image":[{"width":1121,"height":633,"url":"https:\/\/impactocastex.com.ar\/wp-content\/uploads\/2026\/03\/1764939259788.webp","type":"image\/webp"}],"author":"impactocastex","twitter_card":"summary_large_image","twitter_misc":{"Escrito por":"impactocastex","Tiempo de lectura":"3 minutos"},"schema":{"@context":"https:\/\/schema.org","@graph":[{"@type":"Article","@id":"https:\/\/impactocastex.com.ar\/?p=12521#article","isPartOf":{"@id":"https:\/\/impactocastex.com.ar\/?p=12521"},"author":{"name":"impactocastex","@id":"https:\/\/impactocastex.com.ar\/#\/schema\/person\/c115028fb60f9bf49ce7550894b84ea7"},"headline":"El ANSES confirm\u00f3 el calendario de pagos de marzo 2026","datePublished":"2026-03-03T12:44:41+00:00","dateModified":"2026-03-03T12:44:43+00:00","mainEntityOfPage":{"@id":"https:\/\/impactocastex.com.ar\/?p=12521"},"wordCount":496,"publisher":{"@id":"https:\/\/impactocastex.com.ar\/#organization"},"image":{"@id":"https:\/\/impactocastex.com.ar\/?p=12521#primaryimage"},"thumbnailUrl":"https:\/\/impactocastex.com.ar\/wp-content\/uploads\/2026\/03\/1764939259788.webp","articleSection":["SOCIEDAD"],"inLanguage":"es"},{"@type":"WebPage","@id":"https:\/\/impactocastex.com.ar\/?p=12521","url":"https:\/\/impactocastex.com.ar\/?p=12521","name":"El ANSES confirm\u00f3 el calendario de pagos de marzo 2026 -","isPartOf":{"@id":"https:\/\/impactocastex.com.ar\/#website"},"primaryImageOfPage":{"@id":"https:\/\/impactocastex.com.ar\/?p=12521#primaryimage"},"image":{"@id":"https:\/\/impactocastex.com.ar\/?p=12521#primaryimage"},"thumbnailUrl":"https:\/\/impactocastex.com.ar\/wp-content\/uploads\/2026\/03\/1764939259788.webp","datePublished":"2026-03-03T12:44:41+00:00","dateModified":"2026-03-03T12:44:43+00:00","breadcrumb":{"@id":"https:\/\/impactocastex.com.ar\/?p=12521#breadcrumb"},"inLanguage":"es","potentialAction":[{"@type":"ReadAction","target":["https:\/\/impactocastex.com.ar\/?p=12521"]}]},{"@type":"ImageObject","inLanguage":"es","@id":"https:\/\/impactocastex.com.ar\/?p=12521#primaryimage","url":"https:\/\/impactocastex.com.ar\/wp-content\/uploads\/2026\/03\/1764939259788.webp","contentUrl":"https:\/\/impactocastex.com.ar\/wp-content\/uploads\/2026\/03\/1764939259788.webp","width":1121,"height":633},{"@type":"BreadcrumbList","@id":"https:\/\/impactocastex.com.ar\/?p=12521#breadcrumb","itemListElement":[{"@type":"ListItem","position":1,"name":"Portada","item":"https:\/\/impactocastex.com.ar\/"},{"@type":"ListItem","position":2,"name":"El ANSES confirm\u00f3 el calendario de pagos de marzo 2026"}]},{"@type":"WebSite","@id":"https:\/\/impactocastex.com.ar\/#website","url":"https:\/\/impactocastex.com.ar\/","name":"Impacto Castex","description":"","publisher":{"@id":"https:\/\/impactocastex.com.ar\/#organization"},"potentialAction":[{"@type":"SearchAction","target":{"@type":"EntryPoint","urlTemplate":"https:\/\/impactocastex.com.ar\/?s={search_term_string}"},"query-input":{"@type":"PropertyValueSpecification","valueRequired":true,"valueName":"search_term_string"}}],"inLanguage":"es"},{"@type":"Organization","@id":"https:\/\/impactocastex.com.ar\/#organization","name":"Impacto Castex","url":"https:\/\/impactocastex.com.ar\/","logo":{"@type":"ImageObject","inLanguage":"es","@id":"https:\/\/impactocastex.com.ar\/#\/schema\/logo\/image\/","url":"https:\/\/impactocastex.com.ar\/wp-content\/uploads\/2025\/09\/cropped-icoweb.png","contentUrl":"https:\/\/impactocastex.com.ar\/wp-content\/uploads\/2025\/09\/cropped-icoweb.png","width":512,"height":512,"caption":"Impacto Castex"},"image":{"@id":"https:\/\/impactocastex.com.ar\/#\/schema\/logo\/image\/"},"sameAs":["https:\/\/www.facebook.com\/impactocastexdiario","https:\/\/www.instagram.com\/impactocastex.com.ar\/"]},{"@type":"Person","@id":"https:\/\/impactocastex.com.ar\/#\/schema\/person\/c115028fb60f9bf49ce7550894b84ea7","name":"impactocastex","image":{"@type":"ImageObject","inLanguage":"es","@id":"https:\/\/secure.gravatar.com\/avatar\/fee87e7af008f02e9becdc0b5a9fd4a2e79b3918a571edeacb62211704637833?s=96&d=mm&r=g","url":"https:\/\/secure.gravatar.com\/avatar\/fee87e7af008f02e9becdc0b5a9fd4a2e79b3918a571edeacb62211704637833?s=96&d=mm&r=g","contentUrl":"https:\/\/secure.gravatar.com\/avatar\/fee87e7af008f02e9becdc0b5a9fd4a2e79b3918a571edeacb62211704637833?s=96&d=mm&r=g","caption":"impactocastex"},"sameAs":["https:\/\/impactocastex.com.ar\/"],"url":"https:\/\/impactocastex.com.ar\/?author=2"}]}},"jetpack_publicize_connections":[],"featured_image_urls":{"full":["https:\/\/impactocastex.com.ar\/wp-content\/uploads\/2026\/03\/1764939259788.webp",1121,633,false],"thumbnail":["https:\/\/impactocastex.com.ar\/wp-content\/uploads\/2026\/03\/1764939259788-150x150.webp",150,150,true],"medium":["https:\/\/impactocastex.com.ar\/wp-content\/uploads\/2026\/03\/1764939259788-300x169.webp",300,169,true],"medium_large":["https:\/\/impactocastex.com.ar\/wp-content\/uploads\/2026\/03\/1764939259788-768x434.webp",640,362,true],"large":["https:\/\/impactocastex.com.ar\/wp-content\/uploads\/2026\/03\/1764939259788-1024x578.webp",640,361,true],"1536x1536":["https:\/\/impactocastex.com.ar\/wp-content\/uploads\/2026\/03\/1764939259788.webp",1121,633,false],"2048x2048":["https:\/\/impactocastex.com.ar\/wp-content\/uploads\/2026\/03\/1764939259788.webp",1121,633,false],"newsever-slider-full":["https:\/\/impactocastex.com.ar\/wp-content\/uploads\/2026\/03\/1764939259788.webp",1121,633,false],"newsever-featured":["https:\/\/impactocastex.com.ar\/wp-content\/uploads\/2026\/03\/1764939259788-1024x578.webp",1024,578,true],"newsever-medium":["https:\/\/impactocastex.com.ar\/wp-content\/uploads\/2026\/03\/1764939259788-720x475.webp",720,475,true]},"author_info":{"info":["impactocastex"]},"category_info":"<a href=\"https:\/\/impactocastex.com.ar\/?cat=86\" rel=\"category\">SOCIEDAD<\/a>","tag_info":"SOCIEDAD","comment_count":0,"jetpack_featured_media_url":"https:\/\/impactocastex.com.ar\/wp-content\/uploads\/2026\/03\/1764939259788.webp","jetpack_sharing_enabled":true,"jetpack_likes_enabled":true,"jetpack_shortlink":"https:\/\/wp.me\/p7sopA-3fX","_links":{"self":[{"href":"https:\/\/impactocastex.com.ar\/index.php?rest_route=\/wp\/v2\/posts\/12521","targetHints":{"allow":["GET"]}}],"collection":[{"href":"https:\/\/impactocastex.com.ar\/index.php?rest_route=\/wp\/v2\/posts"}],"about":[{"href":"https:\/\/impactocastex.com.ar\/index.php?rest_route=\/wp\/v2\/types\/post"}],"author":[{"embeddable":true,"href":"https:\/\/impactocastex.com.ar\/index.php?rest_route=\/wp\/v2\/users\/2"}],"replies":[{"embeddable":true,"href":"https:\/\/impactocastex.com.ar\/index.php?rest_route=%2Fwp%2Fv2%2Fcomments&post=12521"}],"version-history":[{"count":1,"href":"https:\/\/impactocastex.com.ar\/index.php?rest_route=\/wp\/v2\/posts\/12521\/revisions"}],"predecessor-version":[{"id":12523,"href":"https:\/\/impactocastex.com.ar\/index.php?rest_route=\/wp\/v2\/posts\/12521\/revisions\/12523"}],"wp:featuredmedia":[{"embeddable":true,"href":"https:\/\/impactocastex.com.ar\/index.php?rest_route=\/wp\/v2\/media\/12522"}],"wp:attachment":[{"href":"https:\/\/impactocastex.com.ar\/index.php?rest_route=%2Fwp%2Fv2%2Fmedia&parent=12521"}],"wp:term":[{"taxonomy":"category","embeddable":true,"href":"https:\/\/impactocastex.com.ar\/index.php?rest_route=%2Fwp%2Fv2%2Fcategories&post=12521"},{"taxonomy":"post_tag","embeddable":true,"href":"https:\/\/impactocastex.com.ar\/index.php?rest_route=%2Fwp%2Fv2%2Ftags&post=12521"}],"curies":[{"name":"wp","href":"https:\/\/api.w.org\/{rel}","templated":true}]}}