{"id":12518,"date":"2026-03-03T09:37:28","date_gmt":"2026-03-03T12:37:28","guid":{"rendered":"https:\/\/impactocastex.com.ar\/?p=12518"},"modified":"2026-03-03T09:37:29","modified_gmt":"2026-03-03T12:37:29","slug":"manejaba-borracho-provoco-la-muerte-de-su-bebe-y-piden-revocar-su-prision-domiciliaria-por-hacer-fiestas","status":"publish","type":"post","link":"https:\/\/impactocastex.com.ar\/?p=12518","title":{"rendered":"Manejaba borracho, provoc\u00f3 la muerte de su beb\u00e9 y piden revocar su prisi\u00f3n domiciliaria por hacer fiestas"},"content":{"rendered":"\n<p>El\u00edas Mateo,&nbsp;un beb\u00e9 de un a\u00f1o, muri\u00f3 hace cinco meses tras un violento vuelco provocado por su pap\u00e1, Leandro R\u00edos,&nbsp;que manejaba borracho&nbsp;en Chubut.&nbsp;El hombre est\u00e1 imputado por homicidio y la Justicia le hab\u00eda concedido prisi\u00f3n domiciliaria. Ahora, la querella&nbsp;pidi\u00f3 que se la revoque&nbsp;y que sea enviado a una c\u00e1rcel, al denunciar que incumpli\u00f3 las condiciones y&nbsp;realiza fiestas en su casa.<\/p>\n\n\n\n<p>El escrito, presentado por la mam\u00e1 de la v\u00edctima, Bianca Vargas, se\u00f1ala que la prisi\u00f3n preventiva domiciliaria hab\u00eda sido otorgada en septiembre de 2025 con reglas estrictas:&nbsp;no realizar reuniones, no consumir alcohol ni drogas y permanecer bajo la supervisi\u00f3n de sus padres.&nbsp;Sin embargo, denuncia que el imputado recibe a grupos de amigos y familiares de manera habitual.<\/p>\n\n\n\n<p>Adem\u00e1s, recuerda que ya hab\u00eda existido un incumplimiento detectado por la Polic\u00eda en octubre de 2025, situaci\u00f3n por la que&nbsp;el acusado fue advertido judicialmente.&nbsp;Seg\u00fan la presentaci\u00f3n, a la que accedi\u00f3&nbsp;TN, la reiteraci\u00f3n de estas conductas&nbsp;demuestra la falta de control&nbsp;de los responsables de supervisarlo y constituye una violaci\u00f3n directa de la orden judicial.<\/p>\n\n\n\n<figure class=\"wp-block-image\"><img decoding=\"async\" src=\"https:\/\/www.enbocadetodoshd.com.ar\/u\/fotografias\/m\/2026\/3\/2\/f768x1-258527_258654_5050.png\" alt=\"\" \/><\/figure>\n\n\n\n<p>Como prueba, la querella, representada por el abogado Facundo Bonavitta, acompa\u00f1\u00f3 capturas de redes sociales en las que se observan&nbsp;juntadas y consumo de alcohol&nbsp;en la casa del acusado. \u201cSe est\u00e1 burlando de todos\u201d, apunt\u00f3 el letrado.<\/p>\n\n\n\n<p>Ante esta situaci\u00f3n, pidi\u00f3 que se tenga por denunciado el incumplimiento, se convoque a una audiencia urgente y&nbsp;se disponga la revocaci\u00f3n de la domiciliaria&nbsp;para que la preventiva se cumpla en un establecimiento penitenciario.<\/p>\n\n\n\n<p>As\u00ed fue el tr\u00e1gico accidente en Puerto Madryn<\/p>\n\n\n\n<p>El accidente en el que muri\u00f3 El\u00edas ocurri\u00f3 en la rotonda de Juan XXIII y Avenida del Trabajo, en&nbsp;Puerto Madryn,&nbsp;cerca de la 01.30 del domingo 28 de septiembre de 2025.<\/p>\n\n\n\n<p>En ese cruce, R\u00edos&nbsp;perdi\u00f3 el control de su Renault Kangoo y volc\u00f3.&nbsp;El peque\u00f1o El\u00edas sali\u00f3 despedido del coche y sufri\u00f3 heridas grav\u00edsimas. Muri\u00f3 poco despu\u00e9s en el hospital. Horas m\u00e1s tarde, se supo que el hombre&nbsp;manejaba con 1,98 gramos de alcohol por litro de sangre.<\/p>\n\n\n\n<p>Ante este escenario, el fiscal Mauricio Baigorria lo imput\u00f3 por \u201chomicidio culposo agravado por la conducci\u00f3n imprudente de un veh\u00edculo automotor bajo los efectos de alcohol\u201d.&nbsp;La querella no descarta solicitar un cambio de calificaci\u00f3n legal.<\/p>\n\n\n\n<p>El delito que por ahora se le imputa prev\u00e9 penas de&nbsp;tres a seis a\u00f1os de prisi\u00f3n&nbsp;y de seis a diez a\u00f1os de inhabilitaci\u00f3n para conducir. Seg\u00fan trascendi\u00f3, los padres de El\u00edas estaban separados y el peque\u00f1o estaba con su pap\u00e1 por un r\u00e9gimen de visitas.<\/p>\n\n\n\n<p>En la investigaci\u00f3n por su muerte, la audiencia preliminar fue fijada para el&nbsp;27 de marzo,&nbsp;cuando se analizar\u00e1 la prueba presentada por la fiscal\u00eda, la querella y la defensa con vistas a la&nbsp;elevaci\u00f3n a juicio.<\/p>\n","protected":false},"excerpt":{"rendered":"<p>El\u00edas Mateo,&nbsp;un beb\u00e9 de un a\u00f1o, muri\u00f3 hace cinco meses tras un violento vuelco provocado&#8230;<\/p>\n","protected":false},"author":2,"featured_media":12519,"comment_status":"closed","ping_status":"closed","sticky":false,"template":"","format":"standard","meta":{"_jetpack_memberships_contains_paid_content":false,"footnotes":"","jetpack_publicize_message":"Manejaba borracho, provoc\u00f3 la muerte de su beb\u00e9 y piden revocar su prisi\u00f3n domiciliaria por hacer fiestas","jetpack_publicize_feature_enabled":true,"jetpack_social_post_already_shared":false,"jetpack_social_options":{"image_generator_settings":{"template":"highway","default_image_id":0,"font":"","enabled":false},"version":2}},"categories":[85],"tags":[],"class_list":["post-12518","post","type-post","status-publish","format-standard","has-post-thumbnail","hentry","category-policiales"],"yoast_head":"<!-- This site is optimized with the Yoast SEO plugin v27.4 - https:\/\/yoast.com\/product\/yoast-seo-wordpress\/ -->\n<title>Manejaba borracho, provoc\u00f3 la muerte de su beb\u00e9 y piden revocar su prisi\u00f3n domiciliaria por hacer fiestas -<\/title>\n<meta name=\"robots\" content=\"index, follow, max-snippet:-1, max-image-preview:large, max-video-preview:-1\" \/>\n<link rel=\"canonical\" href=\"https:\/\/impactocastex.com.ar\/?p=12518\" \/>\n<meta property=\"og:locale\" content=\"es_ES\" \/>\n<meta property=\"og:type\" content=\"article\" \/>\n<meta property=\"og:title\" content=\"Manejaba borracho, provoc\u00f3 la muerte de su beb\u00e9 y piden revocar su prisi\u00f3n domiciliaria por hacer fiestas -\" \/>\n<meta property=\"og:description\" content=\"El\u00edas Mateo,&nbsp;un beb\u00e9 de un a\u00f1o, muri\u00f3 hace cinco meses tras un violento vuelco provocado...\" \/>\n<meta property=\"og:url\" content=\"https:\/\/impactocastex.com.ar\/?p=12518\" \/>\n<meta property=\"article:publisher\" content=\"https:\/\/www.facebook.com\/impactocastexdiario\" \/>\n<meta property=\"article:published_time\" content=\"2026-03-03T12:37:28+00:00\" \/>\n<meta property=\"article:modified_time\" content=\"2026-03-03T12:37:29+00:00\" \/>\n<meta property=\"og:image\" content=\"https:\/\/impactocastex.com.ar\/wp-content\/uploads\/2026\/03\/f1280x720-258526_390201_5050.jpg\" \/>\n\t<meta property=\"og:image:width\" content=\"1280\" \/>\n\t<meta property=\"og:image:height\" content=\"720\" \/>\n\t<meta property=\"og:image:type\" content=\"image\/jpeg\" \/>\n<meta name=\"author\" content=\"impactocastex\" \/>\n<meta name=\"twitter:card\" content=\"summary_large_image\" \/>\n<meta name=\"twitter:label1\" content=\"Escrito por\" \/>\n\t<meta name=\"twitter:data1\" content=\"impactocastex\" \/>\n\t<meta name=\"twitter:label2\" content=\"Tiempo de lectura\" \/>\n\t<meta name=\"twitter:data2\" content=\"3 minutos\" \/>\n<script type=\"application\/ld+json\" class=\"yoast-schema-graph\">{\"@context\":\"https:\\\/\\\/schema.org\",\"@graph\":[{\"@type\":\"Article\",\"@id\":\"https:\\\/\\\/impactocastex.com.ar\\\/?p=12518#article\",\"isPartOf\":{\"@id\":\"https:\\\/\\\/impactocastex.com.ar\\\/?p=12518\"},\"author\":{\"name\":\"impactocastex\",\"@id\":\"https:\\\/\\\/impactocastex.com.ar\\\/#\\\/schema\\\/person\\\/c115028fb60f9bf49ce7550894b84ea7\"},\"headline\":\"Manejaba borracho, provoc\u00f3 la muerte de su beb\u00e9 y piden revocar su prisi\u00f3n domiciliaria por hacer fiestas\",\"datePublished\":\"2026-03-03T12:37:28+00:00\",\"dateModified\":\"2026-03-03T12:37:29+00:00\",\"mainEntityOfPage\":{\"@id\":\"https:\\\/\\\/impactocastex.com.ar\\\/?p=12518\"},\"wordCount\":547,\"publisher\":{\"@id\":\"https:\\\/\\\/impactocastex.com.ar\\\/#organization\"},\"image\":{\"@id\":\"https:\\\/\\\/impactocastex.com.ar\\\/?p=12518#primaryimage\"},\"thumbnailUrl\":\"https:\\\/\\\/impactocastex.com.ar\\\/wp-content\\\/uploads\\\/2026\\\/03\\\/f1280x720-258526_390201_5050.jpg\",\"articleSection\":[\"POLICIALES\"],\"inLanguage\":\"es\"},{\"@type\":\"WebPage\",\"@id\":\"https:\\\/\\\/impactocastex.com.ar\\\/?p=12518\",\"url\":\"https:\\\/\\\/impactocastex.com.ar\\\/?p=12518\",\"name\":\"Manejaba borracho, provoc\u00f3 la muerte de su beb\u00e9 y piden revocar su prisi\u00f3n domiciliaria por hacer fiestas -\",\"isPartOf\":{\"@id\":\"https:\\\/\\\/impactocastex.com.ar\\\/#website\"},\"primaryImageOfPage\":{\"@id\":\"https:\\\/\\\/impactocastex.com.ar\\\/?p=12518#primaryimage\"},\"image\":{\"@id\":\"https:\\\/\\\/impactocastex.com.ar\\\/?p=12518#primaryimage\"},\"thumbnailUrl\":\"https:\\\/\\\/impactocastex.com.ar\\\/wp-content\\\/uploads\\\/2026\\\/03\\\/f1280x720-258526_390201_5050.jpg\",\"datePublished\":\"2026-03-03T12:37:28+00:00\",\"dateModified\":\"2026-03-03T12:37:29+00:00\",\"breadcrumb\":{\"@id\":\"https:\\\/\\\/impactocastex.com.ar\\\/?p=12518#breadcrumb\"},\"inLanguage\":\"es\",\"potentialAction\":[{\"@type\":\"ReadAction\",\"target\":[\"https:\\\/\\\/impactocastex.com.ar\\\/?p=12518\"]}]},{\"@type\":\"ImageObject\",\"inLanguage\":\"es\",\"@id\":\"https:\\\/\\\/impactocastex.com.ar\\\/?p=12518#primaryimage\",\"url\":\"https:\\\/\\\/impactocastex.com.ar\\\/wp-content\\\/uploads\\\/2026\\\/03\\\/f1280x720-258526_390201_5050.jpg\",\"contentUrl\":\"https:\\\/\\\/impactocastex.com.ar\\\/wp-content\\\/uploads\\\/2026\\\/03\\\/f1280x720-258526_390201_5050.jpg\",\"width\":1280,\"height\":720},{\"@type\":\"BreadcrumbList\",\"@id\":\"https:\\\/\\\/impactocastex.com.ar\\\/?p=12518#breadcrumb\",\"itemListElement\":[{\"@type\":\"ListItem\",\"position\":1,\"name\":\"Portada\",\"item\":\"https:\\\/\\\/impactocastex.com.ar\\\/\"},{\"@type\":\"ListItem\",\"position\":2,\"name\":\"Manejaba borracho, provoc\u00f3 la muerte de su beb\u00e9 y piden revocar su prisi\u00f3n domiciliaria por hacer fiestas\"}]},{\"@type\":\"WebSite\",\"@id\":\"https:\\\/\\\/impactocastex.com.ar\\\/#website\",\"url\":\"https:\\\/\\\/impactocastex.com.ar\\\/\",\"name\":\"Impacto Castex\",\"description\":\"\",\"publisher\":{\"@id\":\"https:\\\/\\\/impactocastex.com.ar\\\/#organization\"},\"potentialAction\":[{\"@type\":\"SearchAction\",\"target\":{\"@type\":\"EntryPoint\",\"urlTemplate\":\"https:\\\/\\\/impactocastex.com.ar\\\/?s={search_term_string}\"},\"query-input\":{\"@type\":\"PropertyValueSpecification\",\"valueRequired\":true,\"valueName\":\"search_term_string\"}}],\"inLanguage\":\"es\"},{\"@type\":\"Organization\",\"@id\":\"https:\\\/\\\/impactocastex.com.ar\\\/#organization\",\"name\":\"Impacto Castex\",\"url\":\"https:\\\/\\\/impactocastex.com.ar\\\/\",\"logo\":{\"@type\":\"ImageObject\",\"inLanguage\":\"es\",\"@id\":\"https:\\\/\\\/impactocastex.com.ar\\\/#\\\/schema\\\/logo\\\/image\\\/\",\"url\":\"https:\\\/\\\/impactocastex.com.ar\\\/wp-content\\\/uploads\\\/2025\\\/09\\\/cropped-icoweb.png\",\"contentUrl\":\"https:\\\/\\\/impactocastex.com.ar\\\/wp-content\\\/uploads\\\/2025\\\/09\\\/cropped-icoweb.png\",\"width\":512,\"height\":512,\"caption\":\"Impacto Castex\"},\"image\":{\"@id\":\"https:\\\/\\\/impactocastex.com.ar\\\/#\\\/schema\\\/logo\\\/image\\\/\"},\"sameAs\":[\"https:\\\/\\\/www.facebook.com\\\/impactocastexdiario\",\"https:\\\/\\\/www.instagram.com\\\/impactocastex.com.ar\\\/\"]},{\"@type\":\"Person\",\"@id\":\"https:\\\/\\\/impactocastex.com.ar\\\/#\\\/schema\\\/person\\\/c115028fb60f9bf49ce7550894b84ea7\",\"name\":\"impactocastex\",\"image\":{\"@type\":\"ImageObject\",\"inLanguage\":\"es\",\"@id\":\"https:\\\/\\\/secure.gravatar.com\\\/avatar\\\/fee87e7af008f02e9becdc0b5a9fd4a2e79b3918a571edeacb62211704637833?s=96&d=mm&r=g\",\"url\":\"https:\\\/\\\/secure.gravatar.com\\\/avatar\\\/fee87e7af008f02e9becdc0b5a9fd4a2e79b3918a571edeacb62211704637833?s=96&d=mm&r=g\",\"contentUrl\":\"https:\\\/\\\/secure.gravatar.com\\\/avatar\\\/fee87e7af008f02e9becdc0b5a9fd4a2e79b3918a571edeacb62211704637833?s=96&d=mm&r=g\",\"caption\":\"impactocastex\"},\"sameAs\":[\"https:\\\/\\\/impactocastex.com.ar\\\/\"],\"url\":\"https:\\\/\\\/impactocastex.com.ar\\\/?author=2\"}]}<\/script>\n<!-- \/ Yoast SEO plugin. -->","yoast_head_json":{"title":"Manejaba borracho, provoc\u00f3 la muerte de su beb\u00e9 y piden revocar su prisi\u00f3n domiciliaria por hacer fiestas -","robots":{"index":"index","follow":"follow","max-snippet":"max-snippet:-1","max-image-preview":"max-image-preview:large","max-video-preview":"max-video-preview:-1"},"canonical":"https:\/\/impactocastex.com.ar\/?p=12518","og_locale":"es_ES","og_type":"article","og_title":"Manejaba borracho, provoc\u00f3 la muerte de su beb\u00e9 y piden revocar su prisi\u00f3n domiciliaria por hacer fiestas -","og_description":"El\u00edas Mateo,&nbsp;un beb\u00e9 de un a\u00f1o, muri\u00f3 hace cinco meses tras un violento vuelco provocado...","og_url":"https:\/\/impactocastex.com.ar\/?p=12518","article_publisher":"https:\/\/www.facebook.com\/impactocastexdiario","article_published_time":"2026-03-03T12:37:28+00:00","article_modified_time":"2026-03-03T12:37:29+00:00","og_image":[{"width":1280,"height":720,"url":"https:\/\/impactocastex.com.ar\/wp-content\/uploads\/2026\/03\/f1280x720-258526_390201_5050.jpg","type":"image\/jpeg"}],"author":"impactocastex","twitter_card":"summary_large_image","twitter_misc":{"Escrito por":"impactocastex","Tiempo de lectura":"3 minutos"},"schema":{"@context":"https:\/\/schema.org","@graph":[{"@type":"Article","@id":"https:\/\/impactocastex.com.ar\/?p=12518#article","isPartOf":{"@id":"https:\/\/impactocastex.com.ar\/?p=12518"},"author":{"name":"impactocastex","@id":"https:\/\/impactocastex.com.ar\/#\/schema\/person\/c115028fb60f9bf49ce7550894b84ea7"},"headline":"Manejaba borracho, provoc\u00f3 la muerte de su beb\u00e9 y piden revocar su prisi\u00f3n domiciliaria por hacer fiestas","datePublished":"2026-03-03T12:37:28+00:00","dateModified":"2026-03-03T12:37:29+00:00","mainEntityOfPage":{"@id":"https:\/\/impactocastex.com.ar\/?p=12518"},"wordCount":547,"publisher":{"@id":"https:\/\/impactocastex.com.ar\/#organization"},"image":{"@id":"https:\/\/impactocastex.com.ar\/?p=12518#primaryimage"},"thumbnailUrl":"https:\/\/impactocastex.com.ar\/wp-content\/uploads\/2026\/03\/f1280x720-258526_390201_5050.jpg","articleSection":["POLICIALES"],"inLanguage":"es"},{"@type":"WebPage","@id":"https:\/\/impactocastex.com.ar\/?p=12518","url":"https:\/\/impactocastex.com.ar\/?p=12518","name":"Manejaba borracho, provoc\u00f3 la muerte de su beb\u00e9 y piden revocar su prisi\u00f3n domiciliaria por hacer fiestas -","isPartOf":{"@id":"https:\/\/impactocastex.com.ar\/#website"},"primaryImageOfPage":{"@id":"https:\/\/impactocastex.com.ar\/?p=12518#primaryimage"},"image":{"@id":"https:\/\/impactocastex.com.ar\/?p=12518#primaryimage"},"thumbnailUrl":"https:\/\/impactocastex.com.ar\/wp-content\/uploads\/2026\/03\/f1280x720-258526_390201_5050.jpg","datePublished":"2026-03-03T12:37:28+00:00","dateModified":"2026-03-03T12:37:29+00:00","breadcrumb":{"@id":"https:\/\/impactocastex.com.ar\/?p=12518#breadcrumb"},"inLanguage":"es","potentialAction":[{"@type":"ReadAction","target":["https:\/\/impactocastex.com.ar\/?p=12518"]}]},{"@type":"ImageObject","inLanguage":"es","@id":"https:\/\/impactocastex.com.ar\/?p=12518#primaryimage","url":"https:\/\/impactocastex.com.ar\/wp-content\/uploads\/2026\/03\/f1280x720-258526_390201_5050.jpg","contentUrl":"https:\/\/impactocastex.com.ar\/wp-content\/uploads\/2026\/03\/f1280x720-258526_390201_5050.jpg","width":1280,"height":720},{"@type":"BreadcrumbList","@id":"https:\/\/impactocastex.com.ar\/?p=12518#breadcrumb","itemListElement":[{"@type":"ListItem","position":1,"name":"Portada","item":"https:\/\/impactocastex.com.ar\/"},{"@type":"ListItem","position":2,"name":"Manejaba borracho, provoc\u00f3 la muerte de su beb\u00e9 y piden revocar su prisi\u00f3n domiciliaria por hacer fiestas"}]},{"@type":"WebSite","@id":"https:\/\/impactocastex.com.ar\/#website","url":"https:\/\/impactocastex.com.ar\/","name":"Impacto Castex","description":"","publisher":{"@id":"https:\/\/impactocastex.com.ar\/#organization"},"potentialAction":[{"@type":"SearchAction","target":{"@type":"EntryPoint","urlTemplate":"https:\/\/impactocastex.com.ar\/?s={search_term_string}"},"query-input":{"@type":"PropertyValueSpecification","valueRequired":true,"valueName":"search_term_string"}}],"inLanguage":"es"},{"@type":"Organization","@id":"https:\/\/impactocastex.com.ar\/#organization","name":"Impacto Castex","url":"https:\/\/impactocastex.com.ar\/","logo":{"@type":"ImageObject","inLanguage":"es","@id":"https:\/\/impactocastex.com.ar\/#\/schema\/logo\/image\/","url":"https:\/\/impactocastex.com.ar\/wp-content\/uploads\/2025\/09\/cropped-icoweb.png","contentUrl":"https:\/\/impactocastex.com.ar\/wp-content\/uploads\/2025\/09\/cropped-icoweb.png","width":512,"height":512,"caption":"Impacto Castex"},"image":{"@id":"https:\/\/impactocastex.com.ar\/#\/schema\/logo\/image\/"},"sameAs":["https:\/\/www.facebook.com\/impactocastexdiario","https:\/\/www.instagram.com\/impactocastex.com.ar\/"]},{"@type":"Person","@id":"https:\/\/impactocastex.com.ar\/#\/schema\/person\/c115028fb60f9bf49ce7550894b84ea7","name":"impactocastex","image":{"@type":"ImageObject","inLanguage":"es","@id":"https:\/\/secure.gravatar.com\/avatar\/fee87e7af008f02e9becdc0b5a9fd4a2e79b3918a571edeacb62211704637833?s=96&d=mm&r=g","url":"https:\/\/secure.gravatar.com\/avatar\/fee87e7af008f02e9becdc0b5a9fd4a2e79b3918a571edeacb62211704637833?s=96&d=mm&r=g","contentUrl":"https:\/\/secure.gravatar.com\/avatar\/fee87e7af008f02e9becdc0b5a9fd4a2e79b3918a571edeacb62211704637833?s=96&d=mm&r=g","caption":"impactocastex"},"sameAs":["https:\/\/impactocastex.com.ar\/"],"url":"https:\/\/impactocastex.com.ar\/?author=2"}]}},"jetpack_publicize_connections":[],"featured_image_urls":{"full":["https:\/\/impactocastex.com.ar\/wp-content\/uploads\/2026\/03\/f1280x720-258526_390201_5050.jpg",1280,720,false],"thumbnail":["https:\/\/impactocastex.com.ar\/wp-content\/uploads\/2026\/03\/f1280x720-258526_390201_5050-150x150.jpg",150,150,true],"medium":["https:\/\/impactocastex.com.ar\/wp-content\/uploads\/2026\/03\/f1280x720-258526_390201_5050-300x169.jpg",300,169,true],"medium_large":["https:\/\/impactocastex.com.ar\/wp-content\/uploads\/2026\/03\/f1280x720-258526_390201_5050-768x432.jpg",640,360,true],"large":["https:\/\/impactocastex.com.ar\/wp-content\/uploads\/2026\/03\/f1280x720-258526_390201_5050-1024x576.jpg",640,360,true],"1536x1536":["https:\/\/impactocastex.com.ar\/wp-content\/uploads\/2026\/03\/f1280x720-258526_390201_5050.jpg",1280,720,false],"2048x2048":["https:\/\/impactocastex.com.ar\/wp-content\/uploads\/2026\/03\/f1280x720-258526_390201_5050.jpg",1280,720,false],"newsever-slider-full":["https:\/\/impactocastex.com.ar\/wp-content\/uploads\/2026\/03\/f1280x720-258526_390201_5050.jpg",1280,720,false],"newsever-featured":["https:\/\/impactocastex.com.ar\/wp-content\/uploads\/2026\/03\/f1280x720-258526_390201_5050-1024x576.jpg",1024,576,true],"newsever-medium":["https:\/\/impactocastex.com.ar\/wp-content\/uploads\/2026\/03\/f1280x720-258526_390201_5050-720x475.jpg",720,475,true]},"author_info":{"info":["impactocastex"]},"category_info":"<a href=\"https:\/\/impactocastex.com.ar\/?cat=85\" rel=\"category\">POLICIALES<\/a>","tag_info":"POLICIALES","comment_count":0,"jetpack_featured_media_url":"https:\/\/impactocastex.com.ar\/wp-content\/uploads\/2026\/03\/f1280x720-258526_390201_5050.jpg","jetpack_sharing_enabled":true,"jetpack_likes_enabled":true,"jetpack_shortlink":"https:\/\/wp.me\/p7sopA-3fU","_links":{"self":[{"href":"https:\/\/impactocastex.com.ar\/index.php?rest_route=\/wp\/v2\/posts\/12518","targetHints":{"allow":["GET"]}}],"collection":[{"href":"https:\/\/impactocastex.com.ar\/index.php?rest_route=\/wp\/v2\/posts"}],"about":[{"href":"https:\/\/impactocastex.com.ar\/index.php?rest_route=\/wp\/v2\/types\/post"}],"author":[{"embeddable":true,"href":"https:\/\/impactocastex.com.ar\/index.php?rest_route=\/wp\/v2\/users\/2"}],"replies":[{"embeddable":true,"href":"https:\/\/impactocastex.com.ar\/index.php?rest_route=%2Fwp%2Fv2%2Fcomments&post=12518"}],"version-history":[{"count":1,"href":"https:\/\/impactocastex.com.ar\/index.php?rest_route=\/wp\/v2\/posts\/12518\/revisions"}],"predecessor-version":[{"id":12520,"href":"https:\/\/impactocastex.com.ar\/index.php?rest_route=\/wp\/v2\/posts\/12518\/revisions\/12520"}],"wp:featuredmedia":[{"embeddable":true,"href":"https:\/\/impactocastex.com.ar\/index.php?rest_route=\/wp\/v2\/media\/12519"}],"wp:attachment":[{"href":"https:\/\/impactocastex.com.ar\/index.php?rest_route=%2Fwp%2Fv2%2Fmedia&parent=12518"}],"wp:term":[{"taxonomy":"category","embeddable":true,"href":"https:\/\/impactocastex.com.ar\/index.php?rest_route=%2Fwp%2Fv2%2Fcategories&post=12518"},{"taxonomy":"post_tag","embeddable":true,"href":"https:\/\/impactocastex.com.ar\/index.php?rest_route=%2Fwp%2Fv2%2Ftags&post=12518"}],"curies":[{"name":"wp","href":"https:\/\/api.w.org\/{rel}","templated":true}]}}