{"id":12506,"date":"2026-03-03T08:48:44","date_gmt":"2026-03-03T11:48:44","guid":{"rendered":"https:\/\/impactocastex.com.ar\/?p=12506"},"modified":"2026-03-03T08:48:45","modified_gmt":"2026-03-03T11:48:45","slug":"detuvieron-a-un-celador-acusado-de-abusar-de-la-nina-que-se-atrinchero-en-un-colegio-de-mendoza","status":"publish","type":"post","link":"https:\/\/impactocastex.com.ar\/?p=12506","title":{"rendered":"Detuvieron a un celador acusado de abusar de la ni\u00f1a que se atrincher\u00f3 en un colegio de Mendoza"},"content":{"rendered":"\n<p><strong>El empleado fue capturado tras ser se\u00f1alado por la v\u00edctima de 14 a\u00f1os durante las entrevistas con profesionales de salud mental<\/strong>. El caso se vincula directamente con el dram\u00e1tico episodio de septiembre pasado.<\/p>\n\n\n\n<figure class=\"wp-block-embed is-type-video is-provider-youtube wp-block-embed-youtube wp-embed-aspect-16-9 wp-has-aspect-ratio\"><div class=\"wp-block-embed__wrapper\">\n<iframe loading=\"lazy\" title=\"una joven que ingres\u00f3 armada a un colegio, realiz\u00f3 disparos y se atrincher\u00f3\" width=\"640\" height=\"360\" src=\"https:\/\/www.youtube.com\/embed\/hhYeeoxuSi0?feature=oembed\" frameborder=\"0\" allow=\"accelerometer; autoplay; clipboard-write; encrypted-media; gyroscope; picture-in-picture; web-share\" referrerpolicy=\"strict-origin-when-cross-origin\" allowfullscreen><\/iframe>\n<\/div><\/figure>\n\n\n\n<p>Un celador de la escuela Marcelino Blanco, en Mendoza, fue detenido el pasado viernes bajo la acusaci\u00f3n de haber abusado sexualmente de una alumna de 14 a\u00f1os. El arresto, ordenado por la fiscal Laura Nieto, representa un giro fundamental en la investigaci\u00f3n sobre el trasfondo del violento episodio que la joven protagoniz\u00f3 hace seis meses en el mismo colegio.<\/p>\n\n\n\n<p>La detenci\u00f3n se produjo luego de que la adolescente, en el marco de un proceso de acompa\u00f1amiento psicol\u00f3gico, se\u00f1alara al empleado escolar como el autor de las agresiones. Los investigadores consideran que este presunto abuso podr\u00eda haber sido el detonante del estado de crisis que llev\u00f3 a la menor a atrincherarse en la instituci\u00f3n.<\/p>\n\n\n\n<figure class=\"wp-block-image\"><img decoding=\"async\" src=\"https:\/\/www.eldiariodelapampa.com.ar\/\/img\/publicaciones\/2026\/03\/02\/alta\/881963-t.jpg\" alt=\"\" \/><\/figure>\n\n\n\n<p>El antecedente que conmocion\u00f3 al pa\u00eds<\/p>\n\n\n\n<p>El hecho previo ocurri\u00f3 el 10 de septiembre de 2025, cuando la joven ingres\u00f3 a la escuela con un arma reglamentaria que le hab\u00eda sustra\u00eddo a su padre, un comisario de la polic\u00eda local. Durante seis horas, la alumna mantuvo en vilo a toda la comunidad educativa, llegando a efectuar dos disparos antes de ser contenida por las fuerzas de seguridad.<\/p>\n\n\n\n<p>Tras aquel episodio, la joven fue asistida por equipos interdisciplinarios. Fue en esas entrevistas donde la v\u00edctima pudo relatar los hechos que hoy derivaron en la captura del celador. La fiscal\u00eda imput\u00f3 al trabajador como autor material del abuso y dispuso su detenci\u00f3n inmediata mientras se recolectan nuevas pruebas y testimonios en el entorno escolar.<\/p>\n","protected":false},"excerpt":{"rendered":"<p>El empleado fue capturado tras ser se\u00f1alado por la v\u00edctima de 14 a\u00f1os durante las&#8230;<\/p>\n","protected":false},"author":2,"featured_media":12507,"comment_status":"closed","ping_status":"closed","sticky":false,"template":"","format":"standard","meta":{"_jetpack_memberships_contains_paid_content":false,"footnotes":"","jetpack_publicize_message":"Detuvieron a un celador acusado de abusar de la ni\u00f1a que se atrincher\u00f3 en un colegio de Mendoza","jetpack_publicize_feature_enabled":true,"jetpack_social_post_already_shared":false,"jetpack_social_options":{"image_generator_settings":{"template":"highway","default_image_id":0,"font":"","enabled":false},"version":2}},"categories":[85],"tags":[],"class_list":["post-12506","post","type-post","status-publish","format-standard","has-post-thumbnail","hentry","category-policiales"],"yoast_head":"<!-- This site is optimized with the Yoast SEO plugin v27.4 - https:\/\/yoast.com\/product\/yoast-seo-wordpress\/ -->\n<title>Detuvieron a un celador acusado de abusar de la ni\u00f1a que se atrincher\u00f3 en un colegio de Mendoza -<\/title>\n<meta name=\"robots\" content=\"index, follow, max-snippet:-1, max-image-preview:large, max-video-preview:-1\" \/>\n<link rel=\"canonical\" href=\"https:\/\/impactocastex.com.ar\/?p=12506\" \/>\n<meta property=\"og:locale\" content=\"es_ES\" \/>\n<meta property=\"og:type\" content=\"article\" \/>\n<meta property=\"og:title\" content=\"Detuvieron a un celador acusado de abusar de la ni\u00f1a que se atrincher\u00f3 en un colegio de Mendoza -\" \/>\n<meta property=\"og:description\" content=\"El empleado fue capturado tras ser se\u00f1alado por la v\u00edctima de 14 a\u00f1os durante las...\" \/>\n<meta property=\"og:url\" content=\"https:\/\/impactocastex.com.ar\/?p=12506\" \/>\n<meta property=\"article:publisher\" content=\"https:\/\/www.facebook.com\/impactocastexdiario\" \/>\n<meta property=\"article:published_time\" content=\"2026-03-03T11:48:44+00:00\" \/>\n<meta property=\"article:modified_time\" content=\"2026-03-03T11:48:45+00:00\" \/>\n<meta property=\"og:image\" content=\"https:\/\/impactocastex.com.ar\/wp-content\/uploads\/2026\/03\/881963-t.webp\" \/>\n\t<meta property=\"og:image:width\" content=\"1239\" \/>\n\t<meta property=\"og:image:height\" content=\"620\" \/>\n\t<meta property=\"og:image:type\" content=\"image\/webp\" \/>\n<meta name=\"author\" content=\"impactocastex\" \/>\n<meta name=\"twitter:card\" content=\"summary_large_image\" \/>\n<meta name=\"twitter:label1\" content=\"Escrito por\" \/>\n\t<meta name=\"twitter:data1\" content=\"impactocastex\" \/>\n\t<meta name=\"twitter:label2\" content=\"Tiempo de lectura\" \/>\n\t<meta name=\"twitter:data2\" content=\"2 minutos\" \/>\n<script type=\"application\/ld+json\" class=\"yoast-schema-graph\">{\"@context\":\"https:\\\/\\\/schema.org\",\"@graph\":[{\"@type\":\"Article\",\"@id\":\"https:\\\/\\\/impactocastex.com.ar\\\/?p=12506#article\",\"isPartOf\":{\"@id\":\"https:\\\/\\\/impactocastex.com.ar\\\/?p=12506\"},\"author\":{\"name\":\"impactocastex\",\"@id\":\"https:\\\/\\\/impactocastex.com.ar\\\/#\\\/schema\\\/person\\\/c115028fb60f9bf49ce7550894b84ea7\"},\"headline\":\"Detuvieron a un celador acusado de abusar de la ni\u00f1a que se atrincher\u00f3 en un colegio de Mendoza\",\"datePublished\":\"2026-03-03T11:48:44+00:00\",\"dateModified\":\"2026-03-03T11:48:45+00:00\",\"mainEntityOfPage\":{\"@id\":\"https:\\\/\\\/impactocastex.com.ar\\\/?p=12506\"},\"wordCount\":307,\"publisher\":{\"@id\":\"https:\\\/\\\/impactocastex.com.ar\\\/#organization\"},\"image\":{\"@id\":\"https:\\\/\\\/impactocastex.com.ar\\\/?p=12506#primaryimage\"},\"thumbnailUrl\":\"https:\\\/\\\/impactocastex.com.ar\\\/wp-content\\\/uploads\\\/2026\\\/03\\\/881963-t.webp\",\"articleSection\":[\"POLICIALES\"],\"inLanguage\":\"es\"},{\"@type\":\"WebPage\",\"@id\":\"https:\\\/\\\/impactocastex.com.ar\\\/?p=12506\",\"url\":\"https:\\\/\\\/impactocastex.com.ar\\\/?p=12506\",\"name\":\"Detuvieron a un celador acusado de abusar de la ni\u00f1a que se atrincher\u00f3 en un colegio de Mendoza -\",\"isPartOf\":{\"@id\":\"https:\\\/\\\/impactocastex.com.ar\\\/#website\"},\"primaryImageOfPage\":{\"@id\":\"https:\\\/\\\/impactocastex.com.ar\\\/?p=12506#primaryimage\"},\"image\":{\"@id\":\"https:\\\/\\\/impactocastex.com.ar\\\/?p=12506#primaryimage\"},\"thumbnailUrl\":\"https:\\\/\\\/impactocastex.com.ar\\\/wp-content\\\/uploads\\\/2026\\\/03\\\/881963-t.webp\",\"datePublished\":\"2026-03-03T11:48:44+00:00\",\"dateModified\":\"2026-03-03T11:48:45+00:00\",\"breadcrumb\":{\"@id\":\"https:\\\/\\\/impactocastex.com.ar\\\/?p=12506#breadcrumb\"},\"inLanguage\":\"es\",\"potentialAction\":[{\"@type\":\"ReadAction\",\"target\":[\"https:\\\/\\\/impactocastex.com.ar\\\/?p=12506\"]}]},{\"@type\":\"ImageObject\",\"inLanguage\":\"es\",\"@id\":\"https:\\\/\\\/impactocastex.com.ar\\\/?p=12506#primaryimage\",\"url\":\"https:\\\/\\\/impactocastex.com.ar\\\/wp-content\\\/uploads\\\/2026\\\/03\\\/881963-t.webp\",\"contentUrl\":\"https:\\\/\\\/impactocastex.com.ar\\\/wp-content\\\/uploads\\\/2026\\\/03\\\/881963-t.webp\",\"width\":1239,\"height\":620},{\"@type\":\"BreadcrumbList\",\"@id\":\"https:\\\/\\\/impactocastex.com.ar\\\/?p=12506#breadcrumb\",\"itemListElement\":[{\"@type\":\"ListItem\",\"position\":1,\"name\":\"Portada\",\"item\":\"https:\\\/\\\/impactocastex.com.ar\\\/\"},{\"@type\":\"ListItem\",\"position\":2,\"name\":\"Detuvieron a un celador acusado de abusar de la ni\u00f1a que se atrincher\u00f3 en un colegio de Mendoza\"}]},{\"@type\":\"WebSite\",\"@id\":\"https:\\\/\\\/impactocastex.com.ar\\\/#website\",\"url\":\"https:\\\/\\\/impactocastex.com.ar\\\/\",\"name\":\"Impacto Castex\",\"description\":\"\",\"publisher\":{\"@id\":\"https:\\\/\\\/impactocastex.com.ar\\\/#organization\"},\"potentialAction\":[{\"@type\":\"SearchAction\",\"target\":{\"@type\":\"EntryPoint\",\"urlTemplate\":\"https:\\\/\\\/impactocastex.com.ar\\\/?s={search_term_string}\"},\"query-input\":{\"@type\":\"PropertyValueSpecification\",\"valueRequired\":true,\"valueName\":\"search_term_string\"}}],\"inLanguage\":\"es\"},{\"@type\":\"Organization\",\"@id\":\"https:\\\/\\\/impactocastex.com.ar\\\/#organization\",\"name\":\"Impacto Castex\",\"url\":\"https:\\\/\\\/impactocastex.com.ar\\\/\",\"logo\":{\"@type\":\"ImageObject\",\"inLanguage\":\"es\",\"@id\":\"https:\\\/\\\/impactocastex.com.ar\\\/#\\\/schema\\\/logo\\\/image\\\/\",\"url\":\"https:\\\/\\\/impactocastex.com.ar\\\/wp-content\\\/uploads\\\/2025\\\/09\\\/cropped-icoweb.png\",\"contentUrl\":\"https:\\\/\\\/impactocastex.com.ar\\\/wp-content\\\/uploads\\\/2025\\\/09\\\/cropped-icoweb.png\",\"width\":512,\"height\":512,\"caption\":\"Impacto Castex\"},\"image\":{\"@id\":\"https:\\\/\\\/impactocastex.com.ar\\\/#\\\/schema\\\/logo\\\/image\\\/\"},\"sameAs\":[\"https:\\\/\\\/www.facebook.com\\\/impactocastexdiario\",\"https:\\\/\\\/www.instagram.com\\\/impactocastex.com.ar\\\/\"]},{\"@type\":\"Person\",\"@id\":\"https:\\\/\\\/impactocastex.com.ar\\\/#\\\/schema\\\/person\\\/c115028fb60f9bf49ce7550894b84ea7\",\"name\":\"impactocastex\",\"image\":{\"@type\":\"ImageObject\",\"inLanguage\":\"es\",\"@id\":\"https:\\\/\\\/secure.gravatar.com\\\/avatar\\\/fee87e7af008f02e9becdc0b5a9fd4a2e79b3918a571edeacb62211704637833?s=96&d=mm&r=g\",\"url\":\"https:\\\/\\\/secure.gravatar.com\\\/avatar\\\/fee87e7af008f02e9becdc0b5a9fd4a2e79b3918a571edeacb62211704637833?s=96&d=mm&r=g\",\"contentUrl\":\"https:\\\/\\\/secure.gravatar.com\\\/avatar\\\/fee87e7af008f02e9becdc0b5a9fd4a2e79b3918a571edeacb62211704637833?s=96&d=mm&r=g\",\"caption\":\"impactocastex\"},\"sameAs\":[\"https:\\\/\\\/impactocastex.com.ar\\\/\"],\"url\":\"https:\\\/\\\/impactocastex.com.ar\\\/?author=2\"}]}<\/script>\n<!-- \/ Yoast SEO plugin. -->","yoast_head_json":{"title":"Detuvieron a un celador acusado de abusar de la ni\u00f1a que se atrincher\u00f3 en un colegio de Mendoza -","robots":{"index":"index","follow":"follow","max-snippet":"max-snippet:-1","max-image-preview":"max-image-preview:large","max-video-preview":"max-video-preview:-1"},"canonical":"https:\/\/impactocastex.com.ar\/?p=12506","og_locale":"es_ES","og_type":"article","og_title":"Detuvieron a un celador acusado de abusar de la ni\u00f1a que se atrincher\u00f3 en un colegio de Mendoza -","og_description":"El empleado fue capturado tras ser se\u00f1alado por la v\u00edctima de 14 a\u00f1os durante las...","og_url":"https:\/\/impactocastex.com.ar\/?p=12506","article_publisher":"https:\/\/www.facebook.com\/impactocastexdiario","article_published_time":"2026-03-03T11:48:44+00:00","article_modified_time":"2026-03-03T11:48:45+00:00","og_image":[{"width":1239,"height":620,"url":"https:\/\/impactocastex.com.ar\/wp-content\/uploads\/2026\/03\/881963-t.webp","type":"image\/webp"}],"author":"impactocastex","twitter_card":"summary_large_image","twitter_misc":{"Escrito por":"impactocastex","Tiempo de lectura":"2 minutos"},"schema":{"@context":"https:\/\/schema.org","@graph":[{"@type":"Article","@id":"https:\/\/impactocastex.com.ar\/?p=12506#article","isPartOf":{"@id":"https:\/\/impactocastex.com.ar\/?p=12506"},"author":{"name":"impactocastex","@id":"https:\/\/impactocastex.com.ar\/#\/schema\/person\/c115028fb60f9bf49ce7550894b84ea7"},"headline":"Detuvieron a un celador acusado de abusar de la ni\u00f1a que se atrincher\u00f3 en un colegio de Mendoza","datePublished":"2026-03-03T11:48:44+00:00","dateModified":"2026-03-03T11:48:45+00:00","mainEntityOfPage":{"@id":"https:\/\/impactocastex.com.ar\/?p=12506"},"wordCount":307,"publisher":{"@id":"https:\/\/impactocastex.com.ar\/#organization"},"image":{"@id":"https:\/\/impactocastex.com.ar\/?p=12506#primaryimage"},"thumbnailUrl":"https:\/\/impactocastex.com.ar\/wp-content\/uploads\/2026\/03\/881963-t.webp","articleSection":["POLICIALES"],"inLanguage":"es"},{"@type":"WebPage","@id":"https:\/\/impactocastex.com.ar\/?p=12506","url":"https:\/\/impactocastex.com.ar\/?p=12506","name":"Detuvieron a un celador acusado de abusar de la ni\u00f1a que se atrincher\u00f3 en un colegio de Mendoza -","isPartOf":{"@id":"https:\/\/impactocastex.com.ar\/#website"},"primaryImageOfPage":{"@id":"https:\/\/impactocastex.com.ar\/?p=12506#primaryimage"},"image":{"@id":"https:\/\/impactocastex.com.ar\/?p=12506#primaryimage"},"thumbnailUrl":"https:\/\/impactocastex.com.ar\/wp-content\/uploads\/2026\/03\/881963-t.webp","datePublished":"2026-03-03T11:48:44+00:00","dateModified":"2026-03-03T11:48:45+00:00","breadcrumb":{"@id":"https:\/\/impactocastex.com.ar\/?p=12506#breadcrumb"},"inLanguage":"es","potentialAction":[{"@type":"ReadAction","target":["https:\/\/impactocastex.com.ar\/?p=12506"]}]},{"@type":"ImageObject","inLanguage":"es","@id":"https:\/\/impactocastex.com.ar\/?p=12506#primaryimage","url":"https:\/\/impactocastex.com.ar\/wp-content\/uploads\/2026\/03\/881963-t.webp","contentUrl":"https:\/\/impactocastex.com.ar\/wp-content\/uploads\/2026\/03\/881963-t.webp","width":1239,"height":620},{"@type":"BreadcrumbList","@id":"https:\/\/impactocastex.com.ar\/?p=12506#breadcrumb","itemListElement":[{"@type":"ListItem","position":1,"name":"Portada","item":"https:\/\/impactocastex.com.ar\/"},{"@type":"ListItem","position":2,"name":"Detuvieron a un celador acusado de abusar de la ni\u00f1a que se atrincher\u00f3 en un colegio de Mendoza"}]},{"@type":"WebSite","@id":"https:\/\/impactocastex.com.ar\/#website","url":"https:\/\/impactocastex.com.ar\/","name":"Impacto Castex","description":"","publisher":{"@id":"https:\/\/impactocastex.com.ar\/#organization"},"potentialAction":[{"@type":"SearchAction","target":{"@type":"EntryPoint","urlTemplate":"https:\/\/impactocastex.com.ar\/?s={search_term_string}"},"query-input":{"@type":"PropertyValueSpecification","valueRequired":true,"valueName":"search_term_string"}}],"inLanguage":"es"},{"@type":"Organization","@id":"https:\/\/impactocastex.com.ar\/#organization","name":"Impacto Castex","url":"https:\/\/impactocastex.com.ar\/","logo":{"@type":"ImageObject","inLanguage":"es","@id":"https:\/\/impactocastex.com.ar\/#\/schema\/logo\/image\/","url":"https:\/\/impactocastex.com.ar\/wp-content\/uploads\/2025\/09\/cropped-icoweb.png","contentUrl":"https:\/\/impactocastex.com.ar\/wp-content\/uploads\/2025\/09\/cropped-icoweb.png","width":512,"height":512,"caption":"Impacto Castex"},"image":{"@id":"https:\/\/impactocastex.com.ar\/#\/schema\/logo\/image\/"},"sameAs":["https:\/\/www.facebook.com\/impactocastexdiario","https:\/\/www.instagram.com\/impactocastex.com.ar\/"]},{"@type":"Person","@id":"https:\/\/impactocastex.com.ar\/#\/schema\/person\/c115028fb60f9bf49ce7550894b84ea7","name":"impactocastex","image":{"@type":"ImageObject","inLanguage":"es","@id":"https:\/\/secure.gravatar.com\/avatar\/fee87e7af008f02e9becdc0b5a9fd4a2e79b3918a571edeacb62211704637833?s=96&d=mm&r=g","url":"https:\/\/secure.gravatar.com\/avatar\/fee87e7af008f02e9becdc0b5a9fd4a2e79b3918a571edeacb62211704637833?s=96&d=mm&r=g","contentUrl":"https:\/\/secure.gravatar.com\/avatar\/fee87e7af008f02e9becdc0b5a9fd4a2e79b3918a571edeacb62211704637833?s=96&d=mm&r=g","caption":"impactocastex"},"sameAs":["https:\/\/impactocastex.com.ar\/"],"url":"https:\/\/impactocastex.com.ar\/?author=2"}]}},"jetpack_publicize_connections":[],"featured_image_urls":{"full":["https:\/\/impactocastex.com.ar\/wp-content\/uploads\/2026\/03\/881963-t.webp",1239,620,false],"thumbnail":["https:\/\/impactocastex.com.ar\/wp-content\/uploads\/2026\/03\/881963-t-150x150.webp",150,150,true],"medium":["https:\/\/impactocastex.com.ar\/wp-content\/uploads\/2026\/03\/881963-t-300x150.webp",300,150,true],"medium_large":["https:\/\/impactocastex.com.ar\/wp-content\/uploads\/2026\/03\/881963-t-768x384.webp",640,320,true],"large":["https:\/\/impactocastex.com.ar\/wp-content\/uploads\/2026\/03\/881963-t-1024x512.webp",640,320,true],"1536x1536":["https:\/\/impactocastex.com.ar\/wp-content\/uploads\/2026\/03\/881963-t.webp",1239,620,false],"2048x2048":["https:\/\/impactocastex.com.ar\/wp-content\/uploads\/2026\/03\/881963-t.webp",1239,620,false],"newsever-slider-full":["https:\/\/impactocastex.com.ar\/wp-content\/uploads\/2026\/03\/881963-t.webp",1239,620,false],"newsever-featured":["https:\/\/impactocastex.com.ar\/wp-content\/uploads\/2026\/03\/881963-t-1024x512.webp",1024,512,true],"newsever-medium":["https:\/\/impactocastex.com.ar\/wp-content\/uploads\/2026\/03\/881963-t-720x475.webp",720,475,true]},"author_info":{"info":["impactocastex"]},"category_info":"<a href=\"https:\/\/impactocastex.com.ar\/?cat=85\" rel=\"category\">POLICIALES<\/a>","tag_info":"POLICIALES","comment_count":0,"jetpack_featured_media_url":"https:\/\/impactocastex.com.ar\/wp-content\/uploads\/2026\/03\/881963-t.webp","jetpack_sharing_enabled":true,"jetpack_likes_enabled":true,"jetpack_shortlink":"https:\/\/wp.me\/p7sopA-3fI","_links":{"self":[{"href":"https:\/\/impactocastex.com.ar\/index.php?rest_route=\/wp\/v2\/posts\/12506","targetHints":{"allow":["GET"]}}],"collection":[{"href":"https:\/\/impactocastex.com.ar\/index.php?rest_route=\/wp\/v2\/posts"}],"about":[{"href":"https:\/\/impactocastex.com.ar\/index.php?rest_route=\/wp\/v2\/types\/post"}],"author":[{"embeddable":true,"href":"https:\/\/impactocastex.com.ar\/index.php?rest_route=\/wp\/v2\/users\/2"}],"replies":[{"embeddable":true,"href":"https:\/\/impactocastex.com.ar\/index.php?rest_route=%2Fwp%2Fv2%2Fcomments&post=12506"}],"version-history":[{"count":1,"href":"https:\/\/impactocastex.com.ar\/index.php?rest_route=\/wp\/v2\/posts\/12506\/revisions"}],"predecessor-version":[{"id":12508,"href":"https:\/\/impactocastex.com.ar\/index.php?rest_route=\/wp\/v2\/posts\/12506\/revisions\/12508"}],"wp:featuredmedia":[{"embeddable":true,"href":"https:\/\/impactocastex.com.ar\/index.php?rest_route=\/wp\/v2\/media\/12507"}],"wp:attachment":[{"href":"https:\/\/impactocastex.com.ar\/index.php?rest_route=%2Fwp%2Fv2%2Fmedia&parent=12506"}],"wp:term":[{"taxonomy":"category","embeddable":true,"href":"https:\/\/impactocastex.com.ar\/index.php?rest_route=%2Fwp%2Fv2%2Fcategories&post=12506"},{"taxonomy":"post_tag","embeddable":true,"href":"https:\/\/impactocastex.com.ar\/index.php?rest_route=%2Fwp%2Fv2%2Ftags&post=12506"}],"curies":[{"name":"wp","href":"https:\/\/api.w.org\/{rel}","templated":true}]}}