{"id":12481,"date":"2026-03-03T03:41:13","date_gmt":"2026-03-03T06:41:13","guid":{"rendered":"https:\/\/impactocastex.com.ar\/?p=12481"},"modified":"2026-03-03T03:41:13","modified_gmt":"2026-03-03T06:41:13","slug":"javier-milei-en-vivo-las-ultimas-medidas-del-gobierno-42","status":"publish","type":"post","link":"https:\/\/impactocastex.com.ar\/?p=12481","title":{"rendered":"Javier Milei, en vivo: las \u00faltimas medidas del Gobierno"},"content":{"rendered":"<p>LA PLATA.- El gobernador Axel Kicillof habl\u00f3 este lunes ante la Asamblea Legislativa bonaerense. Desde este escenario lanz\u00f3 su candidatura presidencial: \u201cHay otro camino. Es necesario cambiar el rumbo nacional\u201d, convoc\u00f3. Y llam\u00f3 a sumar fuerzas para una alternativa federal. Pero lo hizo en un contexto desfavorable, en medio de un paro docente, de judiciales y estatales que complica a la Provincia.<\/p>\n<p>El mandatario centr\u00f3 su discurso en confrontar con el presidente Javier Milei, en alertar sobre la existencia de una estanflaci\u00f3n y proyectarse como un modelo antag\u00f3nico, en medio de la denuncia de asfixia financiera en este territorio por una deuda de 15 billones de pesos. Esta cifra mas retracci\u00f3n de la inversi\u00f3n sumar\u00eda unos 22 billones de pesos.<\/p>\n<p><img loading=\"lazy\" decoding=\"async\" src=\"https:\/\/resizer.glanacion.com\/resizer\/v2\/TVVG6MQYMZEFTHGPQ5RPFVMV6M.JPG?auth=a1428d6a7240f2789c89c1b65432581ffcee390c11f87ee0a89e6feec7593cf6&amp;smart=true&amp;width=7649&amp;height=5099\" alt=\"Axel Kicillof en pleno discurso ante la Asamblea Legislativa bonaerense\" height=\"5099\" width=\"7649\" \/><\/p>\n<p><a href=\"https:\/\/www.lanacion.com.ar\/politica\/axel-kicillof-busca-desafiar-a-javier-milei-desde-la-asamblea-legislativa-bonaerense-y-denuncia-una-nid02032026\/\">Le\u00e9 la nota completa ac\u00e1<\/a><\/p>\n<p>Juan Manuel Olmos cuestion\u00f3 el programa econ\u00f3mico del presidente Javier Milei y sostuvo que el peronismo debe construir una alternativa basada en el orden fiscal y el desarrollo productivo. El presidente de la Auditor\u00eda General de la Naci\u00f3n (AGN) formul\u00f3 estas declaraciones en el programa Odisea Argentina, por LN+, donde tambi\u00e9n analiz\u00f3 el reciente discurso del Presidente en el marco de la apertura de sesiones legislativas y el escenario pol\u00edtico.<\/p>\n<p>En ese marco, Olmos advirti\u00f3 que desde noviembre de 2023 a noviembre de 2025 se perdieron 278.000 empleos registrados en la Argentina y que en el mismo per\u00edodo dejaron de operar 22.000 empresas. Tambi\u00e9n indic\u00f3 que la utilizaci\u00f3n de la capacidad instalada industrial se ubica en 53,8%, por debajo del nivel registrado durante la pandemia, y que el endeudamiento de las personas pas\u00f3 de un salario y medio a dos salarios y medio en un a\u00f1o, seg\u00fan cifras del Banco Central.<\/p>\n<figure><video height=\"720\" width=\"1280\" poster=\"https:\/\/cdn.jwplayer.com\/v2\/media\/427viBF6\/poster.jpg?width=1280\" preload=\"none\"><\/video><figcaption>\u00abCristina qued\u00f3 como una gacela al lado de Milei\u00bb: Juan Manuel Olmos, mano a mano con Carlos Pagni<\/figcaption><\/figure>\n<p><a href=\"https:\/\/www.lanacion.com.ar\/politica\/juan-manuel-olmos-advirtio-sobre-los-niveles-de-desempleo-e-insto-al-peronismo-a-crear-una-nid02032026\/\">Le\u00e9 la nota completa ac\u00e1<\/a><\/p>\n<p>Con tono inusualmente coloquial, y en el d\u00eda despu\u00e9s del sorpresivo regreso del gendarme Nahuel Gallo junto a dirigentes de la AFA y luego de 500 d\u00edas secuestrado por el r\u00e9gimen chavista, el gobierno de Javier Milei y la Canciller\u00eda que encabeza Pablo Quirno recibieron buenas noticias desde Bruselas. La presidenta de la Comisi\u00f3n Europea, Ursula von der Leyen felicit\u00f3 por carta al presidente Milei por ser \u201cla primera naci\u00f3n\u201d del bloque sudamericano en finalizar los tr\u00e1mites legales para validar el acuerdo UE-Mercosur. Para la Casa Rosada y el Palacio San Mart\u00edn, la misiva deja en claro que fue Argentina, y no el Uruguay del presidente Yamand\u00fa Orsi (que aprob\u00f3 el acuerdo unas horas antes en su parlamento), la que cumpli\u00f3 primero los requisitos para acceder a los beneficios del acuerdo.<\/p>\n<p>\u201cQuerido Javier, quer\u00eda extender mis felicitaciones, siguiendo la comunicaci\u00f3n del ministro Quirno a la Uni\u00f3n Europea, sobre la ratificaci\u00f3n de procedimientos para el acuerdo UE-Mercosur\u201d, inicia la carta, a la que accedi\u00f3 LA NACION de fuentes europeas. Y tal vez en el p\u00e1rrafo m\u00e1s festejado por el Gobierno, Von der Leyen afirma: \u201cEs un gran logro que Argentina se haya convertido el primer pa\u00eds del Mercosur en completar el proceso de ratificaci\u00f3n nacional llegando con todos los requerimientos formales para la aplicaci\u00f3n\u201d. Tambi\u00e9n califica el proceso de \u201cun gran paso hacia adelante\u201d y agrega: \u201ccreo que tu liderazgo est\u00e1 llevando adelante este proceso de manera r\u00e1pida y exitosa\u201d.<\/p>\n<p><img loading=\"lazy\" decoding=\"async\" src=\"https:\/\/resizer.glanacion.com\/resizer\/v2\/DFSH56CSENAQPH3F6WU6COS2DM.jpg?auth=a3045a2078870eeed86fcf9916255771bbafc59765d3b4996d62d671b791faf0&amp;smart=true&amp;width=2000&amp;height=1333\" alt=\"Javier Milei cuando se firm\u00f3 el acuerdo entre el Mercosur y la Uni\u00f3n Europea (Foto: Luis ROBAYO \/ AFP)\" height=\"1333\" width=\"2000\" \/><\/p>\n<p><a href=\"https:\/\/www.lanacion.com.ar\/politica\/la-comision-europea-felicito-a-milei-por-ser-el-primero-en-cumplir-los-requisitos-para-el-acuerdo-nid02032026\/\">Le\u00e9 la nota completa ac\u00e1<\/a><\/p>\n<p>\u201cMucho ruido y pocas nueces\u201d. As\u00ed definieron en el mundo judicial el discurso ante la Asamblea Legislativa de Javier Milei en lo que hace a los temas que preocupan en los tribunales. No hubo nada nuevo, sino una reedici\u00f3n de anuncios que ya se hicieron otros a\u00f1os, dijeron funcionarios judiciales a LA NACION.<\/p>\n<p>El Presidente, dijeron fuentes de los tribunales, enumer\u00f3 los grandes temas, los \u201chighlights\u201d de la Justicia, pero no les puso contenido en un discurso de una hora y 40 minutos que se centr\u00f3 en los temas econ\u00f3micos.<\/p>\n<p><img loading=\"lazy\" decoding=\"async\" src=\"https:\/\/resizer.glanacion.com\/resizer\/v2\/H7HJNOD73NAZRPSLURN3TSWEPY.JPG?auth=06d3c7d28405fcfa2444173a07ea8bad109c47f7cc1fab3aaaf3f144d9e2be80&amp;smart=true&amp;width=1998&amp;height=1333\" alt=\"Los integrantes de la Corte Suprema de Justicia en la previa del discurso del Presidente en la apertura de sesiones legislativas ordinarias de 2026 \" height=\"1333\" width=\"1998\" \/><\/p>\n<p><a href=\"https:\/\/www.lanacion.com.ar\/politica\/asamblea-legislativa-el-discurso-de-milei-no-desperto-grandes-emociones-en-los-tribunales-nid02032026\/\">Le\u00e9 la nota completa ac\u00e1<\/a><\/p>\n<p>Aunque cansada de lo que considera agresiones gratuitas y falsas, Victoria Villarruel no piensa responder, todav\u00eda, de manera p\u00fablica a los ataques que sufre de parte del Gobierno y que recrudecieron en las \u00faltimas horas cuando Javier Milei sugiri\u00f3, de manera poco sutil, que la vicepresidenta particip\u00f3 en un intento de desestabilizaci\u00f3n de su gobierno.<\/p>\n<p>M\u00e1s all\u00e1 de alguna alusi\u00f3n a lo ocurrido en la noche del domingo en redes sociales y de alguna que otra acci\u00f3n que, reconocen, tomaron para obligar a Milei a tener que, al menos, darle la mano en su ingreso al Congreso, la idea que impera en las oficinas de la Presidencia del Senado es guardar silencio y aguardar con paciencia tiempos mejores.<\/p>\n<p><img loading=\"lazy\" decoding=\"async\" src=\"https:\/\/resizer.glanacion.com\/resizer\/v2\/GQ5NOKMG5ZERRJN2NOKMOSZGIQ.jpg?auth=d240909eb26916db8872f5048ac0b96318644e531b6a24bde3ea7a334198e72b&amp;smart=true&amp;width=3000&amp;height=1996\" alt=\"El presidente Javier Milei saluda fr\u00edamente a su vice Victoria Villarruel antes de la Asamblea Legislativa (Foto: Comunicaci\u00f3n Senado)\" height=\"1996\" width=\"3000\" \/><\/p>\n<p><a href=\"https:\/\/www.lanacion.com.ar\/politica\/hay-que-surfear-la-ola-villarruel-se-mantiene-en-silencio-tras-los-ataques-de-milei-y-no-piensa-nid02032026\/\">Le\u00e9 la nota completa ac\u00e1<\/a><\/p>\n<p>El Gobierno cuid\u00f3 al detalle la puesta en escena durante la Asamblea Legislativa que inaugur\u00f3 un nuevo per\u00edodo de sesiones ordinarias. La transmisi\u00f3n oficial evit\u00f3 mostrar a gran parte de la oposici\u00f3n y la ubicaci\u00f3n de los invitados fue dise\u00f1ada para reforzar una imagen de fortaleza oficialista y para minimizar las voces cr\u00edticas.<\/p>\n<p>En un tono abiertamente confrontativo, Javier Milei respondi\u00f3 a las provocaciones de la oposici\u00f3n, aunque en la transmisi\u00f3n oficial solo se escuchaba su voz. En el recinto, en cambio, los gritos fuera de micr\u00f3fono y los carteles se distingu\u00edan con claridad. Fue parte de lo que la cadena nacional no mostr\u00f3: un Presidente que replicaba a voces que quedaban fuera del aire y que solo pod\u00edan reconstruirse a trav\u00e9s de registros extraoficiales y publicaciones en redes sociales. Un intercambio que Milei libr\u00f3 casi en soledad, con el control total de la escena.<\/p>\n<p><img loading=\"lazy\" decoding=\"async\" src=\"https:\/\/resizer.glanacion.com\/resizer\/v2\/UKIPXKDLGFHXHDND4SKQ55Y2YY.JPEG?auth=b3f8d02c323c0fc253e03d1a6636afbed5c1454cee9b62bdc087c4458496ba61&amp;smart=true&amp;width=2000&amp;height=1332\" alt=\"Javier Milei en la apertura de las sesiones legislativas de 2026 \" height=\"1332\" width=\"2000\" \/><\/p>\n<p><a href=\"https:\/\/www.lanacion.com.ar\/politica\/milei-en-el-congreso-la-puesta-en-escena-y-las-imagenes-que-la-transmision-oficial-eligio-no-mostrar-nid02032026\/\">Le\u00e9 la nota completa ac\u00e1<\/a><\/p>\n<p>\u200bEl minuto a minuto de las decisiones del Presidente, las reacciones de la oposici\u00f3n y las declaraciones de los funcionarios\u00a0\u00a0<\/p>","protected":false},"excerpt":{"rendered":"<p>LA PLATA.- El gobernador Axel Kicillof habl\u00f3 este lunes ante la Asamblea Legislativa bonaerense. Desde&#8230;<\/p>\n","protected":false},"author":1,"featured_media":3372,"comment_status":"closed","ping_status":"closed","sticky":false,"template":"","format":"standard","meta":{"_jetpack_memberships_contains_paid_content":false,"footnotes":"","jetpack_publicize_message":"","jetpack_publicize_feature_enabled":true,"jetpack_social_post_already_shared":true,"jetpack_social_options":{"image_generator_settings":{"template":"highway","default_image_id":0,"font":"","enabled":false},"version":2}},"categories":[89],"tags":[],"class_list":["post-12481","post","type-post","status-publish","format-standard","has-post-thumbnail","hentry","category-nacionales"],"yoast_head":"<!-- This site is optimized with the Yoast SEO plugin v27.4 - https:\/\/yoast.com\/product\/yoast-seo-wordpress\/ -->\n<title>Javier Milei, en vivo: las \u00faltimas medidas del Gobierno -<\/title>\n<meta name=\"robots\" content=\"index, follow, max-snippet:-1, max-image-preview:large, max-video-preview:-1\" \/>\n<link rel=\"canonical\" href=\"https:\/\/impactocastex.com.ar\/?p=12481\" \/>\n<meta property=\"og:locale\" content=\"es_ES\" \/>\n<meta property=\"og:type\" content=\"article\" \/>\n<meta property=\"og:title\" content=\"Javier Milei, en vivo: las \u00faltimas medidas del Gobierno -\" \/>\n<meta property=\"og:description\" content=\"LA PLATA.- El gobernador Axel Kicillof habl\u00f3 este lunes ante la Asamblea Legislativa bonaerense. Desde...\" \/>\n<meta property=\"og:url\" content=\"https:\/\/impactocastex.com.ar\/?p=12481\" \/>\n<meta property=\"article:publisher\" content=\"https:\/\/www.facebook.com\/impactocastexdiario\" \/>\n<meta property=\"article:published_time\" content=\"2026-03-03T06:41:13+00:00\" \/>\n<meta property=\"og:image\" content=\"https:\/\/resizer.glanacion.com\/resizer\/v2\/TVVG6MQYMZEFTHGPQ5RPFVMV6M.JPG?auth=a1428d6a7240f2789c89c1b65432581ffcee390c11f87ee0a89e6feec7593cf6&amp;smart=true&amp;width=7649&amp;height=5099\" \/>\n<meta name=\"author\" content=\"impactocastex\" \/>\n<meta name=\"twitter:card\" content=\"summary_large_image\" \/>\n<meta name=\"twitter:label1\" content=\"Escrito por\" \/>\n\t<meta name=\"twitter:data1\" content=\"impactocastex\" \/>\n\t<meta name=\"twitter:label2\" content=\"Tiempo de lectura\" \/>\n\t<meta name=\"twitter:data2\" content=\"5 minutos\" \/>\n<script type=\"application\/ld+json\" class=\"yoast-schema-graph\">{\"@context\":\"https:\\\/\\\/schema.org\",\"@graph\":[{\"@type\":\"Article\",\"@id\":\"https:\\\/\\\/impactocastex.com.ar\\\/?p=12481#article\",\"isPartOf\":{\"@id\":\"https:\\\/\\\/impactocastex.com.ar\\\/?p=12481\"},\"author\":{\"name\":\"impactocastex\",\"@id\":\"https:\\\/\\\/impactocastex.com.ar\\\/#\\\/schema\\\/person\\\/86cb4f827fb5f87869a239b98a69c6e3\"},\"headline\":\"Javier Milei, en vivo: las \u00faltimas medidas del Gobierno\",\"datePublished\":\"2026-03-03T06:41:13+00:00\",\"mainEntityOfPage\":{\"@id\":\"https:\\\/\\\/impactocastex.com.ar\\\/?p=12481\"},\"wordCount\":989,\"publisher\":{\"@id\":\"https:\\\/\\\/impactocastex.com.ar\\\/#organization\"},\"image\":{\"@id\":\"https:\\\/\\\/impactocastex.com.ar\\\/?p=12481#primaryimage\"},\"thumbnailUrl\":\"https:\\\/\\\/impactocastex.com.ar\\\/wp-content\\\/uploads\\\/2025\\\/11\\\/Q5CDR33JIFGJFGHZVGW7DRTMRI-jwpEav.jpg\",\"articleSection\":[\"NACIONALES\"],\"inLanguage\":\"es\"},{\"@type\":\"WebPage\",\"@id\":\"https:\\\/\\\/impactocastex.com.ar\\\/?p=12481\",\"url\":\"https:\\\/\\\/impactocastex.com.ar\\\/?p=12481\",\"name\":\"Javier Milei, en vivo: las \u00faltimas medidas del Gobierno -\",\"isPartOf\":{\"@id\":\"https:\\\/\\\/impactocastex.com.ar\\\/#website\"},\"primaryImageOfPage\":{\"@id\":\"https:\\\/\\\/impactocastex.com.ar\\\/?p=12481#primaryimage\"},\"image\":{\"@id\":\"https:\\\/\\\/impactocastex.com.ar\\\/?p=12481#primaryimage\"},\"thumbnailUrl\":\"https:\\\/\\\/impactocastex.com.ar\\\/wp-content\\\/uploads\\\/2025\\\/11\\\/Q5CDR33JIFGJFGHZVGW7DRTMRI-jwpEav.jpg\",\"datePublished\":\"2026-03-03T06:41:13+00:00\",\"breadcrumb\":{\"@id\":\"https:\\\/\\\/impactocastex.com.ar\\\/?p=12481#breadcrumb\"},\"inLanguage\":\"es\",\"potentialAction\":[{\"@type\":\"ReadAction\",\"target\":[\"https:\\\/\\\/impactocastex.com.ar\\\/?p=12481\"]}]},{\"@type\":\"ImageObject\",\"inLanguage\":\"es\",\"@id\":\"https:\\\/\\\/impactocastex.com.ar\\\/?p=12481#primaryimage\",\"url\":\"https:\\\/\\\/impactocastex.com.ar\\\/wp-content\\\/uploads\\\/2025\\\/11\\\/Q5CDR33JIFGJFGHZVGW7DRTMRI-jwpEav.jpg\",\"contentUrl\":\"https:\\\/\\\/impactocastex.com.ar\\\/wp-content\\\/uploads\\\/2025\\\/11\\\/Q5CDR33JIFGJFGHZVGW7DRTMRI-jwpEav.jpg\",\"width\":2000,\"height\":1333},{\"@type\":\"BreadcrumbList\",\"@id\":\"https:\\\/\\\/impactocastex.com.ar\\\/?p=12481#breadcrumb\",\"itemListElement\":[{\"@type\":\"ListItem\",\"position\":1,\"name\":\"Portada\",\"item\":\"https:\\\/\\\/impactocastex.com.ar\\\/\"},{\"@type\":\"ListItem\",\"position\":2,\"name\":\"Javier Milei, en vivo: las \u00faltimas medidas del Gobierno\"}]},{\"@type\":\"WebSite\",\"@id\":\"https:\\\/\\\/impactocastex.com.ar\\\/#website\",\"url\":\"https:\\\/\\\/impactocastex.com.ar\\\/\",\"name\":\"Impacto Castex\",\"description\":\"\",\"publisher\":{\"@id\":\"https:\\\/\\\/impactocastex.com.ar\\\/#organization\"},\"potentialAction\":[{\"@type\":\"SearchAction\",\"target\":{\"@type\":\"EntryPoint\",\"urlTemplate\":\"https:\\\/\\\/impactocastex.com.ar\\\/?s={search_term_string}\"},\"query-input\":{\"@type\":\"PropertyValueSpecification\",\"valueRequired\":true,\"valueName\":\"search_term_string\"}}],\"inLanguage\":\"es\"},{\"@type\":\"Organization\",\"@id\":\"https:\\\/\\\/impactocastex.com.ar\\\/#organization\",\"name\":\"Impacto Castex\",\"url\":\"https:\\\/\\\/impactocastex.com.ar\\\/\",\"logo\":{\"@type\":\"ImageObject\",\"inLanguage\":\"es\",\"@id\":\"https:\\\/\\\/impactocastex.com.ar\\\/#\\\/schema\\\/logo\\\/image\\\/\",\"url\":\"https:\\\/\\\/impactocastex.com.ar\\\/wp-content\\\/uploads\\\/2025\\\/09\\\/cropped-icoweb.png\",\"contentUrl\":\"https:\\\/\\\/impactocastex.com.ar\\\/wp-content\\\/uploads\\\/2025\\\/09\\\/cropped-icoweb.png\",\"width\":512,\"height\":512,\"caption\":\"Impacto Castex\"},\"image\":{\"@id\":\"https:\\\/\\\/impactocastex.com.ar\\\/#\\\/schema\\\/logo\\\/image\\\/\"},\"sameAs\":[\"https:\\\/\\\/www.facebook.com\\\/impactocastexdiario\",\"https:\\\/\\\/www.instagram.com\\\/impactocastex.com.ar\\\/\"]},{\"@type\":\"Person\",\"@id\":\"https:\\\/\\\/impactocastex.com.ar\\\/#\\\/schema\\\/person\\\/86cb4f827fb5f87869a239b98a69c6e3\",\"name\":\"impactocastex\",\"image\":{\"@type\":\"ImageObject\",\"inLanguage\":\"es\",\"@id\":\"https:\\\/\\\/secure.gravatar.com\\\/avatar\\\/9a87ee051ca8c77f5d4070843ce2c78cdf95b858b950fb039151de955122f5f5?s=96&d=mm&r=g\",\"url\":\"https:\\\/\\\/secure.gravatar.com\\\/avatar\\\/9a87ee051ca8c77f5d4070843ce2c78cdf95b858b950fb039151de955122f5f5?s=96&d=mm&r=g\",\"contentUrl\":\"https:\\\/\\\/secure.gravatar.com\\\/avatar\\\/9a87ee051ca8c77f5d4070843ce2c78cdf95b858b950fb039151de955122f5f5?s=96&d=mm&r=g\",\"caption\":\"impactocastex\"},\"sameAs\":[\"https:\\\/\\\/impactocastex.com.ar\"],\"url\":\"https:\\\/\\\/impactocastex.com.ar\\\/?author=1\"}]}<\/script>\n<!-- \/ Yoast SEO plugin. -->","yoast_head_json":{"title":"Javier Milei, en vivo: las \u00faltimas medidas del Gobierno -","robots":{"index":"index","follow":"follow","max-snippet":"max-snippet:-1","max-image-preview":"max-image-preview:large","max-video-preview":"max-video-preview:-1"},"canonical":"https:\/\/impactocastex.com.ar\/?p=12481","og_locale":"es_ES","og_type":"article","og_title":"Javier Milei, en vivo: las \u00faltimas medidas del Gobierno -","og_description":"LA PLATA.- El gobernador Axel Kicillof habl\u00f3 este lunes ante la Asamblea Legislativa bonaerense. Desde...","og_url":"https:\/\/impactocastex.com.ar\/?p=12481","article_publisher":"https:\/\/www.facebook.com\/impactocastexdiario","article_published_time":"2026-03-03T06:41:13+00:00","og_image":[{"url":"https:\/\/resizer.glanacion.com\/resizer\/v2\/TVVG6MQYMZEFTHGPQ5RPFVMV6M.JPG?auth=a1428d6a7240f2789c89c1b65432581ffcee390c11f87ee0a89e6feec7593cf6&amp;smart=true&amp;width=7649&amp;height=5099","type":"","width":"","height":""}],"author":"impactocastex","twitter_card":"summary_large_image","twitter_misc":{"Escrito por":"impactocastex","Tiempo de lectura":"5 minutos"},"schema":{"@context":"https:\/\/schema.org","@graph":[{"@type":"Article","@id":"https:\/\/impactocastex.com.ar\/?p=12481#article","isPartOf":{"@id":"https:\/\/impactocastex.com.ar\/?p=12481"},"author":{"name":"impactocastex","@id":"https:\/\/impactocastex.com.ar\/#\/schema\/person\/86cb4f827fb5f87869a239b98a69c6e3"},"headline":"Javier Milei, en vivo: las \u00faltimas medidas del Gobierno","datePublished":"2026-03-03T06:41:13+00:00","mainEntityOfPage":{"@id":"https:\/\/impactocastex.com.ar\/?p=12481"},"wordCount":989,"publisher":{"@id":"https:\/\/impactocastex.com.ar\/#organization"},"image":{"@id":"https:\/\/impactocastex.com.ar\/?p=12481#primaryimage"},"thumbnailUrl":"https:\/\/impactocastex.com.ar\/wp-content\/uploads\/2025\/11\/Q5CDR33JIFGJFGHZVGW7DRTMRI-jwpEav.jpg","articleSection":["NACIONALES"],"inLanguage":"es"},{"@type":"WebPage","@id":"https:\/\/impactocastex.com.ar\/?p=12481","url":"https:\/\/impactocastex.com.ar\/?p=12481","name":"Javier Milei, en vivo: las \u00faltimas medidas del Gobierno -","isPartOf":{"@id":"https:\/\/impactocastex.com.ar\/#website"},"primaryImageOfPage":{"@id":"https:\/\/impactocastex.com.ar\/?p=12481#primaryimage"},"image":{"@id":"https:\/\/impactocastex.com.ar\/?p=12481#primaryimage"},"thumbnailUrl":"https:\/\/impactocastex.com.ar\/wp-content\/uploads\/2025\/11\/Q5CDR33JIFGJFGHZVGW7DRTMRI-jwpEav.jpg","datePublished":"2026-03-03T06:41:13+00:00","breadcrumb":{"@id":"https:\/\/impactocastex.com.ar\/?p=12481#breadcrumb"},"inLanguage":"es","potentialAction":[{"@type":"ReadAction","target":["https:\/\/impactocastex.com.ar\/?p=12481"]}]},{"@type":"ImageObject","inLanguage":"es","@id":"https:\/\/impactocastex.com.ar\/?p=12481#primaryimage","url":"https:\/\/impactocastex.com.ar\/wp-content\/uploads\/2025\/11\/Q5CDR33JIFGJFGHZVGW7DRTMRI-jwpEav.jpg","contentUrl":"https:\/\/impactocastex.com.ar\/wp-content\/uploads\/2025\/11\/Q5CDR33JIFGJFGHZVGW7DRTMRI-jwpEav.jpg","width":2000,"height":1333},{"@type":"BreadcrumbList","@id":"https:\/\/impactocastex.com.ar\/?p=12481#breadcrumb","itemListElement":[{"@type":"ListItem","position":1,"name":"Portada","item":"https:\/\/impactocastex.com.ar\/"},{"@type":"ListItem","position":2,"name":"Javier Milei, en vivo: las \u00faltimas medidas del Gobierno"}]},{"@type":"WebSite","@id":"https:\/\/impactocastex.com.ar\/#website","url":"https:\/\/impactocastex.com.ar\/","name":"Impacto Castex","description":"","publisher":{"@id":"https:\/\/impactocastex.com.ar\/#organization"},"potentialAction":[{"@type":"SearchAction","target":{"@type":"EntryPoint","urlTemplate":"https:\/\/impactocastex.com.ar\/?s={search_term_string}"},"query-input":{"@type":"PropertyValueSpecification","valueRequired":true,"valueName":"search_term_string"}}],"inLanguage":"es"},{"@type":"Organization","@id":"https:\/\/impactocastex.com.ar\/#organization","name":"Impacto Castex","url":"https:\/\/impactocastex.com.ar\/","logo":{"@type":"ImageObject","inLanguage":"es","@id":"https:\/\/impactocastex.com.ar\/#\/schema\/logo\/image\/","url":"https:\/\/impactocastex.com.ar\/wp-content\/uploads\/2025\/09\/cropped-icoweb.png","contentUrl":"https:\/\/impactocastex.com.ar\/wp-content\/uploads\/2025\/09\/cropped-icoweb.png","width":512,"height":512,"caption":"Impacto Castex"},"image":{"@id":"https:\/\/impactocastex.com.ar\/#\/schema\/logo\/image\/"},"sameAs":["https:\/\/www.facebook.com\/impactocastexdiario","https:\/\/www.instagram.com\/impactocastex.com.ar\/"]},{"@type":"Person","@id":"https:\/\/impactocastex.com.ar\/#\/schema\/person\/86cb4f827fb5f87869a239b98a69c6e3","name":"impactocastex","image":{"@type":"ImageObject","inLanguage":"es","@id":"https:\/\/secure.gravatar.com\/avatar\/9a87ee051ca8c77f5d4070843ce2c78cdf95b858b950fb039151de955122f5f5?s=96&d=mm&r=g","url":"https:\/\/secure.gravatar.com\/avatar\/9a87ee051ca8c77f5d4070843ce2c78cdf95b858b950fb039151de955122f5f5?s=96&d=mm&r=g","contentUrl":"https:\/\/secure.gravatar.com\/avatar\/9a87ee051ca8c77f5d4070843ce2c78cdf95b858b950fb039151de955122f5f5?s=96&d=mm&r=g","caption":"impactocastex"},"sameAs":["https:\/\/impactocastex.com.ar"],"url":"https:\/\/impactocastex.com.ar\/?author=1"}]}},"jetpack_publicize_connections":[],"featured_image_urls":{"full":["https:\/\/impactocastex.com.ar\/wp-content\/uploads\/2025\/11\/Q5CDR33JIFGJFGHZVGW7DRTMRI-jwpEav.jpg",2000,1333,false],"thumbnail":["https:\/\/impactocastex.com.ar\/wp-content\/uploads\/2025\/11\/Q5CDR33JIFGJFGHZVGW7DRTMRI-jwpEav-150x150.jpg",150,150,true],"medium":["https:\/\/impactocastex.com.ar\/wp-content\/uploads\/2025\/11\/Q5CDR33JIFGJFGHZVGW7DRTMRI-jwpEav-300x200.jpg",300,200,true],"medium_large":["https:\/\/impactocastex.com.ar\/wp-content\/uploads\/2025\/11\/Q5CDR33JIFGJFGHZVGW7DRTMRI-jwpEav-768x512.jpg",640,427,true],"large":["https:\/\/impactocastex.com.ar\/wp-content\/uploads\/2025\/11\/Q5CDR33JIFGJFGHZVGW7DRTMRI-jwpEav-1024x682.jpg",640,426,true],"1536x1536":["https:\/\/impactocastex.com.ar\/wp-content\/uploads\/2025\/11\/Q5CDR33JIFGJFGHZVGW7DRTMRI-jwpEav-1536x1024.jpg",1536,1024,true],"2048x2048":["https:\/\/impactocastex.com.ar\/wp-content\/uploads\/2025\/11\/Q5CDR33JIFGJFGHZVGW7DRTMRI-jwpEav.jpg",2000,1333,false],"newsever-slider-full":["https:\/\/impactocastex.com.ar\/wp-content\/uploads\/2025\/11\/Q5CDR33JIFGJFGHZVGW7DRTMRI-jwpEav-1280x845.jpg",1280,845,true],"newsever-featured":["https:\/\/impactocastex.com.ar\/wp-content\/uploads\/2025\/11\/Q5CDR33JIFGJFGHZVGW7DRTMRI-jwpEav-1024x682.jpg",1024,682,true],"newsever-medium":["https:\/\/impactocastex.com.ar\/wp-content\/uploads\/2025\/11\/Q5CDR33JIFGJFGHZVGW7DRTMRI-jwpEav-720x475.jpg",720,475,true]},"author_info":{"info":["impactocastex"]},"category_info":"<a href=\"https:\/\/impactocastex.com.ar\/?cat=89\" rel=\"category\">NACIONALES<\/a>","tag_info":"NACIONALES","comment_count":0,"jetpack_featured_media_url":"https:\/\/impactocastex.com.ar\/wp-content\/uploads\/2025\/11\/Q5CDR33JIFGJFGHZVGW7DRTMRI-jwpEav.jpg","jetpack_sharing_enabled":true,"jetpack_likes_enabled":true,"jetpack_shortlink":"https:\/\/wp.me\/p7sopA-3fj","_links":{"self":[{"href":"https:\/\/impactocastex.com.ar\/index.php?rest_route=\/wp\/v2\/posts\/12481","targetHints":{"allow":["GET"]}}],"collection":[{"href":"https:\/\/impactocastex.com.ar\/index.php?rest_route=\/wp\/v2\/posts"}],"about":[{"href":"https:\/\/impactocastex.com.ar\/index.php?rest_route=\/wp\/v2\/types\/post"}],"author":[{"embeddable":true,"href":"https:\/\/impactocastex.com.ar\/index.php?rest_route=\/wp\/v2\/users\/1"}],"replies":[{"embeddable":true,"href":"https:\/\/impactocastex.com.ar\/index.php?rest_route=%2Fwp%2Fv2%2Fcomments&post=12481"}],"version-history":[{"count":0,"href":"https:\/\/impactocastex.com.ar\/index.php?rest_route=\/wp\/v2\/posts\/12481\/revisions"}],"wp:featuredmedia":[{"embeddable":true,"href":"https:\/\/impactocastex.com.ar\/index.php?rest_route=\/wp\/v2\/media\/3372"}],"wp:attachment":[{"href":"https:\/\/impactocastex.com.ar\/index.php?rest_route=%2Fwp%2Fv2%2Fmedia&parent=12481"}],"wp:term":[{"taxonomy":"category","embeddable":true,"href":"https:\/\/impactocastex.com.ar\/index.php?rest_route=%2Fwp%2Fv2%2Fcategories&post=12481"},{"taxonomy":"post_tag","embeddable":true,"href":"https:\/\/impactocastex.com.ar\/index.php?rest_route=%2Fwp%2Fv2%2Ftags&post=12481"}],"curies":[{"name":"wp","href":"https:\/\/api.w.org\/{rel}","templated":true}]}}